{"id":281569,"date":"2021-03-23T17:32:06","date_gmt":"2021-03-23T20:32:06","guid":{"rendered":"http:\/\/quersaberpolitica.com.br\/2016\/?p=281569"},"modified":"2021-03-23T16:23:40","modified_gmt":"2021-03-23T19:23:40","slug":"mpf-pede-que-o-stj-mantenha-presas-desembargadoras-alvos-da-operacao-faroeste","status":"publish","type":"post","link":"https:\/\/blogdofarnesio.com.br\/?p=281569","title":{"rendered":"MPF pede que o STJ mantenha presas desembargadoras alvos da Opera\u00e7\u00e3o Faroeste"},"content":{"rendered":"<div class=\"row\">\n<div class=\"col-md-12\">\n<div class=\"entry-header\">\n<div class=\"jeg_meta_container\">\n<div class=\"jeg_post_meta jeg_post_meta_1\">\n<div class=\"meta_left\"><\/div>\n<\/div>\n<\/div>\n<\/div>\n<\/div>\n<\/div>\n<div class=\"row\">\n<div class=\"jeg_main_content col-md-12\">\n<div class=\"entry-content no-share\">\n<div class=\"content-inner \">\n<div class=\"jeg_ad jeg_ad_article jnews_content_inline_ads jeg_ads_hide_phone \">\n<div class=\"ads-wrapper align-right jeg_ads_hide_phone\">O Minist\u00e9rio P\u00fablico Federal (MPF) pediu para que o Superior Tribunal de Justi\u00e7a (STJ) mantenha a pris\u00e3o preventiva das desembargadoras Ilona Reis e L\u00edgia Cunha, do Tribunal de Justi\u00e7a da Bahia (TJBA). Elas s\u00e3o investigadas no \u00e2mbito da Opera\u00e7\u00e3o Faroeste, que apura a venda de senten\u00e7as para legaliza\u00e7\u00e3o de terras no Oeste da Bahia.<\/div>\n<div><\/div>\n<div class=\"ads-wrapper align-right jeg_ads_hide_phone\">No pedido, apresentado nesta segunda-feira (22), o MPF aponta para a exist\u00eancia de atos contempor\u00e2neos que legitimam a pris\u00e3o das desembargadoras, as quais, mesmo ap\u00f3s a deflagra\u00e7\u00e3o da Opera\u00e7\u00e3o Faroeste, continuaram sua escalada criminosa, supondo desfrutarem de imunidade penal.<\/div>\n<\/div>\n<p>O MPF entende que a manuten\u00e7\u00e3o das pris\u00f5es preventivas \u00e9 imprescind\u00edvel para garantia da ordem p\u00fablica, normal colheita de provas e aplica\u00e7\u00e3o da lei penal.<\/p>\n<p>Conforme narra a subprocuradora-geral da Rep\u00fablica Lind\u00f4ra Ara\u00fajo, no cumprimento das medidas cautelares em endere\u00e7os vinculados \u00e0 investigada Ilona Reis, foram encontrados documentos que revelam uma variedade de dep\u00f3sitos em esp\u00e9cie e fracionados, em per\u00edodo contempor\u00e2neo aos fatos investigados, que podem indicar poss\u00edvel mecanismo de lavagem de ativos.<\/p>\n<p>Acrescenta terem sido descobertos arquivos no computador da magistrada com pe\u00e7as processuais de Marcelo Junqueira, apontado como operador do esquema criminoso, al\u00e9m de um ve\u00edculo com placa policial adulterada que estava em poder da desembargadora. Para o MPF esse fato revela estrat\u00e9gia de se ocultar do sistema de defesa social, movimentando-se pela capital baiana, sem possibilidade de rastreamento.<\/p>\n<p>Em rela\u00e7\u00e3o \u00e0 L\u00edgia Cunha, foram encontrados diversos documentos relacionados \u00e0 Opera\u00e7\u00e3o Faroeste, com anota\u00e7\u00f5es e valores associados aos seus filhos e operadores Rui Barata e Arthur Barata.<\/p>\n<p>Diante de an\u00e1lise banc\u00e1ria e fiscal de Rui Barata pela Secretaria de Per\u00edcia, Pesquisa e An\u00e1lise da Procuradoria-Geral da Rep\u00fablica (Sppea\/PGR), observou-se significativo incremento ap\u00f3s a nomea\u00e7\u00e3o de sua genitora L\u00edgia Cunha, como desembargadora, no ano de 2015, o que leva o MPF a crer na possibilidade de caber a ele a gest\u00e3o financeira da organiza\u00e7\u00e3o criminosa.<\/p>\n<p>Ainda segundo relatado em colabora\u00e7\u00e3o premiada, L\u00edgia Cunha permaneceu tentando alterar a realidade probat\u00f3ria ao seu redor, ordenando que seus assessores mudassem posicionamentos em processos.<\/p>\n<h4><strong>Ind\u00edcios de reitera\u00e7\u00e3o delitiva<\/strong><\/h4>\n<p>Diante dos fatos, o MPF reitera a exist\u00eancia de provas que evidenciam o envolvimento das investigadas na pr\u00e1tica habitual e profissional de crimes de corrup\u00e7\u00e3o e de lavagem de dinheiro, numa formata\u00e7\u00e3o serial, estendendo-se por v\u00e1rios anos, em total abalo \u00e0 ordem p\u00fablica. \u201cEm outras palavras, constata-se, no caso concreto, ind\u00edcios de reitera\u00e7\u00e3o delitiva em um contexto de corrup\u00e7\u00e3o sist\u00eamica, o que coloca em risco a ordem p\u00fablica\u201d.<\/p>\n<p>Na peti\u00e7\u00e3o, o MPF reitera que a liberdade das investigadas coloca em perigo a normal colheita de provas, prejudicando o sequenciamento da instru\u00e7\u00e3o processual e o prosseguimento das investiga\u00e7\u00f5es, especialmente diante do poderio e da proximidade delas com altas autoridades do poder p\u00fablico. (Com informa\u00e7\u00f5es da Secretaria de Comunica\u00e7\u00e3o Social da PGR)<\/p>\n<\/div>\n<\/div>\n<\/div>\n<\/div>\n","protected":false},"excerpt":{"rendered":"<p>O Minist\u00e9rio P\u00fablico Federal (MPF) pediu para que o Superior Tribunal de Justi\u00e7a (STJ) mantenha a pris\u00e3o preventiva das desembargadoras Ilona Reis e L\u00edgia Cunha, do Tribunal de Justi\u00e7a da Bahia (TJBA). Elas s\u00e3o investigadas no \u00e2mbito da Opera\u00e7\u00e3o Faroeste, que apura a venda de senten\u00e7as para legaliza\u00e7\u00e3o de terras no Oeste da Bahia. No pedido, apresentado nesta segunda-feira (22), o MPF aponta para a exist\u00eancia de atos contempor\u00e2neos que legitimam a pris\u00e3o das desembargadoras, as quais, mesmo ap\u00f3s a deflagra\u00e7\u00e3o da Opera\u00e7\u00e3o Faroeste, continuaram sua escalada criminosa, supondo desfrutarem de imunidade penal. O MPF entende que a manuten\u00e7\u00e3o das pris\u00f5es preventivas \u00e9 imprescind\u00edvel para garantia da ordem p\u00fablica, normal colheita de provas e aplica\u00e7\u00e3o da lei penal. Conforme narra&hellip; <\/p>\n","protected":false},"author":1,"featured_media":281570,"comment_status":"closed","ping_status":"closed","sticky":false,"template":"","format":"standard","meta":{"_acf_changed":false,"footnotes":""},"categories":[23],"tags":[],"class_list":["post-281569","post","type-post","status-publish","format-standard","has-post-thumbnail","hentry","category-justica"],"acf":[],"yoast_head":"<!-- This site is optimized with the Yoast SEO plugin v27.4 - https:\/\/yoast.com\/product\/yoast-seo-wordpress\/ -->\n<title>MPF pede que o STJ mantenha presas desembargadoras alvos da Opera\u00e7\u00e3o Faroeste - Blog do Farn\u00e9sio<\/title>\n<meta name=\"robots\" content=\"index, follow, max-snippet:-1, max-image-preview:large, max-video-preview:-1\" \/>\n<link rel=\"canonical\" href=\"https:\/\/blogdofarnesio.com.br\/?p=281569\" \/>\n<meta property=\"og:locale\" content=\"pt_BR\" \/>\n<meta property=\"og:type\" content=\"article\" \/>\n<meta property=\"og:title\" content=\"MPF pede que o STJ mantenha presas desembargadoras alvos da Opera\u00e7\u00e3o Faroeste - Blog do Farn\u00e9sio\" \/>\n<meta property=\"og:description\" content=\"O Minist\u00e9rio P\u00fablico Federal (MPF) pediu para que o Superior Tribunal de Justi\u00e7a (STJ) mantenha a pris\u00e3o preventiva das desembargadoras Ilona Reis e L\u00edgia Cunha, do Tribunal de Justi\u00e7a da Bahia (TJBA). Elas s\u00e3o investigadas no \u00e2mbito da Opera\u00e7\u00e3o Faroeste, que apura a venda de senten\u00e7as para legaliza\u00e7\u00e3o de terras no Oeste da Bahia. No pedido, apresentado nesta segunda-feira (22), o MPF aponta para a exist\u00eancia de atos contempor\u00e2neos que legitimam a pris\u00e3o das desembargadoras, as quais, mesmo ap\u00f3s a deflagra\u00e7\u00e3o da Opera\u00e7\u00e3o Faroeste, continuaram sua escalada criminosa, supondo desfrutarem de imunidade penal. O MPF entende que a manuten\u00e7\u00e3o das pris\u00f5es preventivas \u00e9 imprescind\u00edvel para garantia da ordem p\u00fablica, normal colheita de provas e aplica\u00e7\u00e3o da lei penal. Conforme narra&hellip;\" \/>\n<meta property=\"og:url\" content=\"https:\/\/blogdofarnesio.com.br\/?p=281569\" \/>\n<meta property=\"og:site_name\" content=\"Blog do Farn\u00e9sio\" \/>\n<meta property=\"article:publisher\" content=\"https:\/\/www.facebook.com\/BlogQuerSaberPolitica\/\" \/>\n<meta property=\"article:published_time\" content=\"2021-03-23T20:32:06+00:00\" \/>\n<meta property=\"og:image\" content=\"https:\/\/blogdofarnesio.com.br\/wp-content\/uploads\/2021\/03\/blogqsptjba-desembargadoras-presas-Ilona-Reis-e-Ligia-Cunha-e1616527388209.jpg\" \/>\n\t<meta property=\"og:image:width\" content=\"624\" \/>\n\t<meta property=\"og:image:height\" content=\"268\" \/>\n\t<meta property=\"og:image:type\" content=\"image\/jpeg\" \/>\n<meta name=\"author\" content=\"Farn\u00e9sio\" \/>\n<meta name=\"twitter:card\" content=\"summary_large_image\" \/>\n<meta name=\"twitter:label1\" content=\"Escrito por\" \/>\n\t<meta name=\"twitter:data1\" content=\"Farn\u00e9sio\" \/>\n\t<meta name=\"twitter:label2\" content=\"Est. tempo de leitura\" \/>\n\t<meta name=\"twitter:data2\" content=\"3 minutos\" \/>\n<script type=\"application\/ld+json\" class=\"yoast-schema-graph\">{\"@context\":\"https:\\\/\\\/schema.org\",\"@graph\":[{\"@type\":\"Article\",\"@id\":\"https:\\\/\\\/blogdofarnesio.com.br\\\/?p=281569#article\",\"isPartOf\":{\"@id\":\"https:\\\/\\\/blogdofarnesio.com.br\\\/?p=281569\"},\"author\":{\"name\":\"Farn\u00e9sio\",\"@id\":\"https:\\\/\\\/blogdofarnesio.com.br\\\/#\\\/schema\\\/person\\\/301c4acf522bccbfdb45af95b5b906a1\"},\"headline\":\"MPF pede que o STJ mantenha presas desembargadoras alvos da Opera\u00e7\u00e3o Faroeste\",\"datePublished\":\"2021-03-23T20:32:06+00:00\",\"mainEntityOfPage\":{\"@id\":\"https:\\\/\\\/blogdofarnesio.com.br\\\/?p=281569\"},\"wordCount\":535,\"publisher\":{\"@id\":\"https:\\\/\\\/blogdofarnesio.com.br\\\/#organization\"},\"image\":{\"@id\":\"https:\\\/\\\/blogdofarnesio.com.br\\\/?p=281569#primaryimage\"},\"thumbnailUrl\":\"https:\\\/\\\/blogdofarnesio.com.br\\\/wp-content\\\/uploads\\\/2021\\\/03\\\/blogqsptjba-desembargadoras-presas-Ilona-Reis-e-Ligia-Cunha-e1616527388209.jpg\",\"articleSection\":[\"Justi\u00e7a\"],\"inLanguage\":\"pt-BR\"},{\"@type\":\"WebPage\",\"@id\":\"https:\\\/\\\/blogdofarnesio.com.br\\\/?p=281569\",\"url\":\"https:\\\/\\\/blogdofarnesio.com.br\\\/?p=281569\",\"name\":\"MPF pede que o STJ mantenha presas desembargadoras alvos da Opera\u00e7\u00e3o Faroeste - Blog do Farn\u00e9sio\",\"isPartOf\":{\"@id\":\"https:\\\/\\\/blogdofarnesio.com.br\\\/#website\"},\"primaryImageOfPage\":{\"@id\":\"https:\\\/\\\/blogdofarnesio.com.br\\\/?p=281569#primaryimage\"},\"image\":{\"@id\":\"https:\\\/\\\/blogdofarnesio.com.br\\\/?p=281569#primaryimage\"},\"thumbnailUrl\":\"https:\\\/\\\/blogdofarnesio.com.br\\\/wp-content\\\/uploads\\\/2021\\\/03\\\/blogqsptjba-desembargadoras-presas-Ilona-Reis-e-Ligia-Cunha-e1616527388209.jpg\",\"datePublished\":\"2021-03-23T20:32:06+00:00\",\"breadcrumb\":{\"@id\":\"https:\\\/\\\/blogdofarnesio.com.br\\\/?p=281569#breadcrumb\"},\"inLanguage\":\"pt-BR\",\"potentialAction\":[{\"@type\":\"ReadAction\",\"target\":[\"https:\\\/\\\/blogdofarnesio.com.br\\\/?p=281569\"]}]},{\"@type\":\"ImageObject\",\"inLanguage\":\"pt-BR\",\"@id\":\"https:\\\/\\\/blogdofarnesio.com.br\\\/?p=281569#primaryimage\",\"url\":\"https:\\\/\\\/blogdofarnesio.com.br\\\/wp-content\\\/uploads\\\/2021\\\/03\\\/blogqsptjba-desembargadoras-presas-Ilona-Reis-e-Ligia-Cunha-e1616527388209.jpg\",\"contentUrl\":\"https:\\\/\\\/blogdofarnesio.com.br\\\/wp-content\\\/uploads\\\/2021\\\/03\\\/blogqsptjba-desembargadoras-presas-Ilona-Reis-e-Ligia-Cunha-e1616527388209.jpg\",\"width\":624,\"height\":268},{\"@type\":\"BreadcrumbList\",\"@id\":\"https:\\\/\\\/blogdofarnesio.com.br\\\/?p=281569#breadcrumb\",\"itemListElement\":[{\"@type\":\"ListItem\",\"position\":1,\"name\":\"In\u00edcio\",\"item\":\"https:\\\/\\\/blogdofarnesio.com.br\\\/\"},{\"@type\":\"ListItem\",\"position\":2,\"name\":\"MPF pede que o STJ mantenha presas desembargadoras alvos da Opera\u00e7\u00e3o Faroeste\"}]},{\"@type\":\"WebSite\",\"@id\":\"https:\\\/\\\/blogdofarnesio.com.br\\\/#website\",\"url\":\"https:\\\/\\\/blogdofarnesio.com.br\\\/\",\"name\":\"Blog do Farn\u00e9sio\",\"description\":\"Quer Saber Pol\u00edtica?\",\"publisher\":{\"@id\":\"https:\\\/\\\/blogdofarnesio.com.br\\\/#organization\"},\"potentialAction\":[{\"@type\":\"SearchAction\",\"target\":{\"@type\":\"EntryPoint\",\"urlTemplate\":\"https:\\\/\\\/blogdofarnesio.com.br\\\/?s={search_term_string}\"},\"query-input\":{\"@type\":\"PropertyValueSpecification\",\"valueRequired\":true,\"valueName\":\"search_term_string\"}}],\"inLanguage\":\"pt-BR\"},{\"@type\":\"Organization\",\"@id\":\"https:\\\/\\\/blogdofarnesio.com.br\\\/#organization\",\"name\":\"Blog do Farn\u00e9sio\",\"url\":\"https:\\\/\\\/blogdofarnesio.com.br\\\/\",\"logo\":{\"@type\":\"ImageObject\",\"inLanguage\":\"pt-BR\",\"@id\":\"https:\\\/\\\/blogdofarnesio.com.br\\\/#\\\/schema\\\/logo\\\/image\\\/\",\"url\":\"https:\\\/\\\/blogdofarnesio.com.br\\\/wp-content\\\/uploads\\\/2026\\\/03\\\/cropped-logo_new-1.png\",\"contentUrl\":\"https:\\\/\\\/blogdofarnesio.com.br\\\/wp-content\\\/uploads\\\/2026\\\/03\\\/cropped-logo_new-1.png\",\"width\":881,\"height\":685,\"caption\":\"Blog do Farn\u00e9sio\"},\"image\":{\"@id\":\"https:\\\/\\\/blogdofarnesio.com.br\\\/#\\\/schema\\\/logo\\\/image\\\/\"},\"sameAs\":[\"https:\\\/\\\/www.facebook.com\\\/BlogQuerSaberPolitica\\\/\"]},{\"@type\":\"Person\",\"@id\":\"https:\\\/\\\/blogdofarnesio.com.br\\\/#\\\/schema\\\/person\\\/301c4acf522bccbfdb45af95b5b906a1\",\"name\":\"Farn\u00e9sio\",\"image\":{\"@type\":\"ImageObject\",\"inLanguage\":\"pt-BR\",\"@id\":\"https:\\\/\\\/secure.gravatar.com\\\/avatar\\\/df0c9a14567c056f8ad6876ba5bbd1e3e2c48023eb6807342fc4663adf549f38?s=96&d=mm&r=g\",\"url\":\"https:\\\/\\\/secure.gravatar.com\\\/avatar\\\/df0c9a14567c056f8ad6876ba5bbd1e3e2c48023eb6807342fc4663adf549f38?s=96&d=mm&r=g\",\"contentUrl\":\"https:\\\/\\\/secure.gravatar.com\\\/avatar\\\/df0c9a14567c056f8ad6876ba5bbd1e3e2c48023eb6807342fc4663adf549f38?s=96&d=mm&r=g\",\"caption\":\"Farn\u00e9sio\"},\"sameAs\":[\"https:\\\/\\\/quersaberpolitica.com.br\"],\"url\":\"https:\\\/\\\/blogdofarnesio.com.br\\\/?author=1\"}]}<\/script>\n<!-- \/ Yoast SEO plugin. -->","yoast_head_json":{"title":"MPF pede que o STJ mantenha presas desembargadoras alvos da Opera\u00e7\u00e3o Faroeste - Blog do Farn\u00e9sio","robots":{"index":"index","follow":"follow","max-snippet":"max-snippet:-1","max-image-preview":"max-image-preview:large","max-video-preview":"max-video-preview:-1"},"canonical":"https:\/\/blogdofarnesio.com.br\/?p=281569","og_locale":"pt_BR","og_type":"article","og_title":"MPF pede que o STJ mantenha presas desembargadoras alvos da Opera\u00e7\u00e3o Faroeste - Blog do Farn\u00e9sio","og_description":"O Minist\u00e9rio P\u00fablico Federal (MPF) pediu para que o Superior Tribunal de Justi\u00e7a (STJ) mantenha a pris\u00e3o preventiva das desembargadoras Ilona Reis e L\u00edgia Cunha, do Tribunal de Justi\u00e7a da Bahia (TJBA). Elas s\u00e3o investigadas no \u00e2mbito da Opera\u00e7\u00e3o Faroeste, que apura a venda de senten\u00e7as para legaliza\u00e7\u00e3o de terras no Oeste da Bahia. No pedido, apresentado nesta segunda-feira (22), o MPF aponta para a exist\u00eancia de atos contempor\u00e2neos que legitimam a pris\u00e3o das desembargadoras, as quais, mesmo ap\u00f3s a deflagra\u00e7\u00e3o da Opera\u00e7\u00e3o Faroeste, continuaram sua escalada criminosa, supondo desfrutarem de imunidade penal. O MPF entende que a manuten\u00e7\u00e3o das pris\u00f5es preventivas \u00e9 imprescind\u00edvel para garantia da ordem p\u00fablica, normal colheita de provas e aplica\u00e7\u00e3o da lei penal. Conforme narra&hellip;","og_url":"https:\/\/blogdofarnesio.com.br\/?p=281569","og_site_name":"Blog do Farn\u00e9sio","article_publisher":"https:\/\/www.facebook.com\/BlogQuerSaberPolitica\/","article_published_time":"2021-03-23T20:32:06+00:00","og_image":[{"width":624,"height":268,"url":"https:\/\/blogdofarnesio.com.br\/wp-content\/uploads\/2021\/03\/blogqsptjba-desembargadoras-presas-Ilona-Reis-e-Ligia-Cunha-e1616527388209.jpg","type":"image\/jpeg"}],"author":"Farn\u00e9sio","twitter_card":"summary_large_image","twitter_misc":{"Escrito por":"Farn\u00e9sio","Est. tempo de leitura":"3 minutos"},"schema":{"@context":"https:\/\/schema.org","@graph":[{"@type":"Article","@id":"https:\/\/blogdofarnesio.com.br\/?p=281569#article","isPartOf":{"@id":"https:\/\/blogdofarnesio.com.br\/?p=281569"},"author":{"name":"Farn\u00e9sio","@id":"https:\/\/blogdofarnesio.com.br\/#\/schema\/person\/301c4acf522bccbfdb45af95b5b906a1"},"headline":"MPF pede que o STJ mantenha presas desembargadoras alvos da Opera\u00e7\u00e3o Faroeste","datePublished":"2021-03-23T20:32:06+00:00","mainEntityOfPage":{"@id":"https:\/\/blogdofarnesio.com.br\/?p=281569"},"wordCount":535,"publisher":{"@id":"https:\/\/blogdofarnesio.com.br\/#organization"},"image":{"@id":"https:\/\/blogdofarnesio.com.br\/?p=281569#primaryimage"},"thumbnailUrl":"https:\/\/blogdofarnesio.com.br\/wp-content\/uploads\/2021\/03\/blogqsptjba-desembargadoras-presas-Ilona-Reis-e-Ligia-Cunha-e1616527388209.jpg","articleSection":["Justi\u00e7a"],"inLanguage":"pt-BR"},{"@type":"WebPage","@id":"https:\/\/blogdofarnesio.com.br\/?p=281569","url":"https:\/\/blogdofarnesio.com.br\/?p=281569","name":"MPF pede que o STJ mantenha presas desembargadoras alvos da Opera\u00e7\u00e3o Faroeste - Blog do Farn\u00e9sio","isPartOf":{"@id":"https:\/\/blogdofarnesio.com.br\/#website"},"primaryImageOfPage":{"@id":"https:\/\/blogdofarnesio.com.br\/?p=281569#primaryimage"},"image":{"@id":"https:\/\/blogdofarnesio.com.br\/?p=281569#primaryimage"},"thumbnailUrl":"https:\/\/blogdofarnesio.com.br\/wp-content\/uploads\/2021\/03\/blogqsptjba-desembargadoras-presas-Ilona-Reis-e-Ligia-Cunha-e1616527388209.jpg","datePublished":"2021-03-23T20:32:06+00:00","breadcrumb":{"@id":"https:\/\/blogdofarnesio.com.br\/?p=281569#breadcrumb"},"inLanguage":"pt-BR","potentialAction":[{"@type":"ReadAction","target":["https:\/\/blogdofarnesio.com.br\/?p=281569"]}]},{"@type":"ImageObject","inLanguage":"pt-BR","@id":"https:\/\/blogdofarnesio.com.br\/?p=281569#primaryimage","url":"https:\/\/blogdofarnesio.com.br\/wp-content\/uploads\/2021\/03\/blogqsptjba-desembargadoras-presas-Ilona-Reis-e-Ligia-Cunha-e1616527388209.jpg","contentUrl":"https:\/\/blogdofarnesio.com.br\/wp-content\/uploads\/2021\/03\/blogqsptjba-desembargadoras-presas-Ilona-Reis-e-Ligia-Cunha-e1616527388209.jpg","width":624,"height":268},{"@type":"BreadcrumbList","@id":"https:\/\/blogdofarnesio.com.br\/?p=281569#breadcrumb","itemListElement":[{"@type":"ListItem","position":1,"name":"In\u00edcio","item":"https:\/\/blogdofarnesio.com.br\/"},{"@type":"ListItem","position":2,"name":"MPF pede que o STJ mantenha presas desembargadoras alvos da Opera\u00e7\u00e3o Faroeste"}]},{"@type":"WebSite","@id":"https:\/\/blogdofarnesio.com.br\/#website","url":"https:\/\/blogdofarnesio.com.br\/","name":"Blog do Farn\u00e9sio","description":"Quer Saber Pol\u00edtica?","publisher":{"@id":"https:\/\/blogdofarnesio.com.br\/#organization"},"potentialAction":[{"@type":"SearchAction","target":{"@type":"EntryPoint","urlTemplate":"https:\/\/blogdofarnesio.com.br\/?s={search_term_string}"},"query-input":{"@type":"PropertyValueSpecification","valueRequired":true,"valueName":"search_term_string"}}],"inLanguage":"pt-BR"},{"@type":"Organization","@id":"https:\/\/blogdofarnesio.com.br\/#organization","name":"Blog do Farn\u00e9sio","url":"https:\/\/blogdofarnesio.com.br\/","logo":{"@type":"ImageObject","inLanguage":"pt-BR","@id":"https:\/\/blogdofarnesio.com.br\/#\/schema\/logo\/image\/","url":"https:\/\/blogdofarnesio.com.br\/wp-content\/uploads\/2026\/03\/cropped-logo_new-1.png","contentUrl":"https:\/\/blogdofarnesio.com.br\/wp-content\/uploads\/2026\/03\/cropped-logo_new-1.png","width":881,"height":685,"caption":"Blog do Farn\u00e9sio"},"image":{"@id":"https:\/\/blogdofarnesio.com.br\/#\/schema\/logo\/image\/"},"sameAs":["https:\/\/www.facebook.com\/BlogQuerSaberPolitica\/"]},{"@type":"Person","@id":"https:\/\/blogdofarnesio.com.br\/#\/schema\/person\/301c4acf522bccbfdb45af95b5b906a1","name":"Farn\u00e9sio","image":{"@type":"ImageObject","inLanguage":"pt-BR","@id":"https:\/\/secure.gravatar.com\/avatar\/df0c9a14567c056f8ad6876ba5bbd1e3e2c48023eb6807342fc4663adf549f38?s=96&d=mm&r=g","url":"https:\/\/secure.gravatar.com\/avatar\/df0c9a14567c056f8ad6876ba5bbd1e3e2c48023eb6807342fc4663adf549f38?s=96&d=mm&r=g","contentUrl":"https:\/\/secure.gravatar.com\/avatar\/df0c9a14567c056f8ad6876ba5bbd1e3e2c48023eb6807342fc4663adf549f38?s=96&d=mm&r=g","caption":"Farn\u00e9sio"},"sameAs":["https:\/\/quersaberpolitica.com.br"],"url":"https:\/\/blogdofarnesio.com.br\/?author=1"}]}},"_links":{"self":[{"href":"https:\/\/blogdofarnesio.com.br\/index.php?rest_route=\/wp\/v2\/posts\/281569","targetHints":{"allow":["GET"]}}],"collection":[{"href":"https:\/\/blogdofarnesio.com.br\/index.php?rest_route=\/wp\/v2\/posts"}],"about":[{"href":"https:\/\/blogdofarnesio.com.br\/index.php?rest_route=\/wp\/v2\/types\/post"}],"author":[{"embeddable":true,"href":"https:\/\/blogdofarnesio.com.br\/index.php?rest_route=\/wp\/v2\/users\/1"}],"replies":[{"embeddable":true,"href":"https:\/\/blogdofarnesio.com.br\/index.php?rest_route=%2Fwp%2Fv2%2Fcomments&post=281569"}],"version-history":[{"count":0,"href":"https:\/\/blogdofarnesio.com.br\/index.php?rest_route=\/wp\/v2\/posts\/281569\/revisions"}],"wp:featuredmedia":[{"embeddable":true,"href":"https:\/\/blogdofarnesio.com.br\/index.php?rest_route=\/wp\/v2\/media\/281570"}],"wp:attachment":[{"href":"https:\/\/blogdofarnesio.com.br\/index.php?rest_route=%2Fwp%2Fv2%2Fmedia&parent=281569"}],"wp:term":[{"taxonomy":"category","embeddable":true,"href":"https:\/\/blogdofarnesio.com.br\/index.php?rest_route=%2Fwp%2Fv2%2Fcategories&post=281569"},{"taxonomy":"post_tag","embeddable":true,"href":"https:\/\/blogdofarnesio.com.br\/index.php?rest_route=%2Fwp%2Fv2%2Ftags&post=281569"}],"curies":[{"name":"wp","href":"https:\/\/api.w.org\/{rel}","templated":true}]}}