{"id":281554,"date":"2021-03-23T16:00:28","date_gmt":"2021-03-23T19:00:28","guid":{"rendered":"http:\/\/quersaberpolitica.com.br\/2016\/?p=281554"},"modified":"2021-03-23T15:12:18","modified_gmt":"2021-03-23T18:12:18","slug":"vereadores-de-juazeiro-solicitam-ao-saae-isencao-do-pagamento-da-taxa-de-agua-e-esgoto-para-os-consumidores-de-baixa-renda-e-beneficiarios-de-tarifa-social","status":"publish","type":"post","link":"https:\/\/blogdofarnesio.com.br\/?p=281554","title":{"rendered":"Vereadores de Juazeiro solicitam ao SAAE, isen\u00e7\u00e3o da taxa de \u00e1gua e esgoto para os consumidores de baixa renda e de tarifa social"},"content":{"rendered":"<p style=\"font-weight: 400;\">Nesta ter\u00e7a-feira, 23.03.2021, os Vereadores, Salvador Carvalho e \u00c9merson Mitu, solicitaram \u00e0 autoriza\u00e7\u00e3o para a isen\u00e7\u00e3o do pagamento da taxa de \u00e1gua e esgoto no Servi\u00e7o de \u00c1gua e Saneamento Ambiental (SAAE), no per\u00edodo de tr\u00eas meses para os consumidores de baixa renda e benefici\u00e1rios de tarifa social do munic\u00edpio, por causa das dificuldades econ\u00f4micas ocasionadas pela pandemia do Coronav\u00edrus.<\/p>\n<p style=\"font-weight: 400;\">Segundo Salvador Carvalho \u201c\u00e9 uma maneira de oportunizar condi\u00e7\u00e3o de vida melhor para as fam\u00edlias que v\u00eam sendo impactadas economicamente pelos decretos, que no momento s\u00e3o necess\u00e1rios para conter a pandemia do Coronav\u00edrus\u201d, explicou o Vereador.<\/p>\n<p style=\"font-weight: 400;\">ASCOM<\/p>\n","protected":false},"excerpt":{"rendered":"<p>Nesta ter\u00e7a-feira, 23.03.2021, os Vereadores, Salvador Carvalho e \u00c9merson Mitu, solicitaram \u00e0 autoriza\u00e7\u00e3o para a isen\u00e7\u00e3o do pagamento da taxa de \u00e1gua e esgoto no Servi\u00e7o de \u00c1gua e Saneamento Ambiental (SAAE), no per\u00edodo de tr\u00eas meses para os consumidores de baixa renda e benefici\u00e1rios de tarifa social do munic\u00edpio, por causa das dificuldades econ\u00f4micas ocasionadas pela pandemia do Coronav\u00edrus. Segundo Salvador Carvalho \u201c\u00e9 uma maneira de oportunizar condi\u00e7\u00e3o de vida melhor para as fam\u00edlias que v\u00eam sendo impactadas economicamente pelos decretos, que no momento s\u00e3o necess\u00e1rios para conter a pandemia do Coronav\u00edrus\u201d, explicou o Vereador. ASCOM<\/p>\n","protected":false},"author":1,"featured_media":281555,"comment_status":"closed","ping_status":"closed","sticky":false,"template":"","format":"standard","meta":{"_acf_changed":false,"footnotes":""},"categories":[1],"tags":[],"class_list":["post-281554","post","type-post","status-publish","format-standard","has-post-thumbnail","hentry","category-politica"],"acf":[],"yoast_head":"<!-- This site is optimized with the Yoast SEO plugin v27.4 - https:\/\/yoast.com\/product\/yoast-seo-wordpress\/ -->\n<title>Vereadores de Juazeiro solicitam ao SAAE, isen\u00e7\u00e3o da taxa de \u00e1gua e esgoto para os consumidores de baixa renda e de tarifa social - Blog do Farn\u00e9sio<\/title>\n<meta name=\"robots\" content=\"index, follow, max-snippet:-1, max-image-preview:large, max-video-preview:-1\" \/>\n<link rel=\"canonical\" href=\"https:\/\/blogdofarnesio.com.br\/?p=281554\" \/>\n<meta property=\"og:locale\" content=\"pt_BR\" \/>\n<meta property=\"og:type\" content=\"article\" \/>\n<meta property=\"og:title\" content=\"Vereadores de Juazeiro solicitam ao SAAE, isen\u00e7\u00e3o da taxa de \u00e1gua e esgoto para os consumidores de baixa renda e de tarifa social - Blog do Farn\u00e9sio\" \/>\n<meta property=\"og:description\" content=\"Nesta ter\u00e7a-feira, 23.03.2021, os Vereadores, Salvador Carvalho e \u00c9merson Mitu, solicitaram \u00e0 autoriza\u00e7\u00e3o para a isen\u00e7\u00e3o do pagamento da taxa de \u00e1gua e esgoto no Servi\u00e7o de \u00c1gua e Saneamento Ambiental (SAAE), no per\u00edodo de tr\u00eas meses para os consumidores de baixa renda e benefici\u00e1rios de tarifa social do munic\u00edpio, por causa das dificuldades econ\u00f4micas ocasionadas pela pandemia do Coronav\u00edrus. Segundo Salvador Carvalho \u201c\u00e9 uma maneira de oportunizar condi\u00e7\u00e3o de vida melhor para as fam\u00edlias que v\u00eam sendo impactadas economicamente pelos decretos, que no momento s\u00e3o necess\u00e1rios para conter a pandemia do Coronav\u00edrus\u201d, explicou o Vereador. ASCOM\" \/>\n<meta property=\"og:url\" content=\"https:\/\/blogdofarnesio.com.br\/?p=281554\" \/>\n<meta property=\"og:site_name\" content=\"Blog do Farn\u00e9sio\" \/>\n<meta property=\"article:publisher\" content=\"https:\/\/www.facebook.com\/BlogQuerSaberPolitica\/\" \/>\n<meta property=\"article:published_time\" content=\"2021-03-23T19:00:28+00:00\" \/>\n<meta property=\"og:image\" content=\"https:\/\/blogdofarnesio.com.br\/wp-content\/uploads\/2021\/03\/blogqspjua-ver-SALVADOR-CARVALHO-EMERSON-MITU-e1616522999449.jpeg\" \/>\n\t<meta property=\"og:image:width\" content=\"789\" \/>\n\t<meta property=\"og:image:height\" content=\"416\" \/>\n\t<meta property=\"og:image:type\" content=\"image\/jpeg\" \/>\n<meta name=\"author\" content=\"Farn\u00e9sio\" \/>\n<meta name=\"twitter:card\" content=\"summary_large_image\" \/>\n<meta name=\"twitter:label1\" content=\"Escrito por\" \/>\n\t<meta name=\"twitter:data1\" content=\"Farn\u00e9sio\" \/>\n\t<meta name=\"twitter:label2\" content=\"Est. tempo de leitura\" \/>\n\t<meta name=\"twitter:data2\" content=\"1 minuto\" \/>\n<script type=\"application\/ld+json\" class=\"yoast-schema-graph\">{\"@context\":\"https:\\\/\\\/schema.org\",\"@graph\":[{\"@type\":\"Article\",\"@id\":\"https:\\\/\\\/blogdofarnesio.com.br\\\/?p=281554#article\",\"isPartOf\":{\"@id\":\"https:\\\/\\\/blogdofarnesio.com.br\\\/?p=281554\"},\"author\":{\"name\":\"Farn\u00e9sio\",\"@id\":\"https:\\\/\\\/blogdofarnesio.com.br\\\/#\\\/schema\\\/person\\\/301c4acf522bccbfdb45af95b5b906a1\"},\"headline\":\"Vereadores de Juazeiro solicitam ao SAAE, isen\u00e7\u00e3o da taxa de \u00e1gua e esgoto para os consumidores de baixa renda e de tarifa social\",\"datePublished\":\"2021-03-23T19:00:28+00:00\",\"mainEntityOfPage\":{\"@id\":\"https:\\\/\\\/blogdofarnesio.com.br\\\/?p=281554\"},\"wordCount\":134,\"publisher\":{\"@id\":\"https:\\\/\\\/blogdofarnesio.com.br\\\/#organization\"},\"image\":{\"@id\":\"https:\\\/\\\/blogdofarnesio.com.br\\\/?p=281554#primaryimage\"},\"thumbnailUrl\":\"https:\\\/\\\/blogdofarnesio.com.br\\\/wp-content\\\/uploads\\\/2021\\\/03\\\/blogqspjua-ver-SALVADOR-CARVALHO-EMERSON-MITU-e1616522999449.jpeg\",\"articleSection\":[\"Pol\u00edtica\"],\"inLanguage\":\"pt-BR\"},{\"@type\":\"WebPage\",\"@id\":\"https:\\\/\\\/blogdofarnesio.com.br\\\/?p=281554\",\"url\":\"https:\\\/\\\/blogdofarnesio.com.br\\\/?p=281554\",\"name\":\"Vereadores de Juazeiro solicitam ao SAAE, isen\u00e7\u00e3o da taxa de \u00e1gua e esgoto para os consumidores de baixa renda e de tarifa social - Blog do Farn\u00e9sio\",\"isPartOf\":{\"@id\":\"https:\\\/\\\/blogdofarnesio.com.br\\\/#website\"},\"primaryImageOfPage\":{\"@id\":\"https:\\\/\\\/blogdofarnesio.com.br\\\/?p=281554#primaryimage\"},\"image\":{\"@id\":\"https:\\\/\\\/blogdofarnesio.com.br\\\/?p=281554#primaryimage\"},\"thumbnailUrl\":\"https:\\\/\\\/blogdofarnesio.com.br\\\/wp-content\\\/uploads\\\/2021\\\/03\\\/blogqspjua-ver-SALVADOR-CARVALHO-EMERSON-MITU-e1616522999449.jpeg\",\"datePublished\":\"2021-03-23T19:00:28+00:00\",\"breadcrumb\":{\"@id\":\"https:\\\/\\\/blogdofarnesio.com.br\\\/?p=281554#breadcrumb\"},\"inLanguage\":\"pt-BR\",\"potentialAction\":[{\"@type\":\"ReadAction\",\"target\":[\"https:\\\/\\\/blogdofarnesio.com.br\\\/?p=281554\"]}]},{\"@type\":\"ImageObject\",\"inLanguage\":\"pt-BR\",\"@id\":\"https:\\\/\\\/blogdofarnesio.com.br\\\/?p=281554#primaryimage\",\"url\":\"https:\\\/\\\/blogdofarnesio.com.br\\\/wp-content\\\/uploads\\\/2021\\\/03\\\/blogqspjua-ver-SALVADOR-CARVALHO-EMERSON-MITU-e1616522999449.jpeg\",\"contentUrl\":\"https:\\\/\\\/blogdofarnesio.com.br\\\/wp-content\\\/uploads\\\/2021\\\/03\\\/blogqspjua-ver-SALVADOR-CARVALHO-EMERSON-MITU-e1616522999449.jpeg\",\"width\":789,\"height\":416},{\"@type\":\"BreadcrumbList\",\"@id\":\"https:\\\/\\\/blogdofarnesio.com.br\\\/?p=281554#breadcrumb\",\"itemListElement\":[{\"@type\":\"ListItem\",\"position\":1,\"name\":\"In\u00edcio\",\"item\":\"https:\\\/\\\/blogdofarnesio.com.br\\\/\"},{\"@type\":\"ListItem\",\"position\":2,\"name\":\"Vereadores de Juazeiro solicitam ao SAAE, isen\u00e7\u00e3o da taxa de \u00e1gua e esgoto para os consumidores de baixa renda e de tarifa social\"}]},{\"@type\":\"WebSite\",\"@id\":\"https:\\\/\\\/blogdofarnesio.com.br\\\/#website\",\"url\":\"https:\\\/\\\/blogdofarnesio.com.br\\\/\",\"name\":\"Blog do Farn\u00e9sio\",\"description\":\"Quer Saber Pol\u00edtica?\",\"publisher\":{\"@id\":\"https:\\\/\\\/blogdofarnesio.com.br\\\/#organization\"},\"potentialAction\":[{\"@type\":\"SearchAction\",\"target\":{\"@type\":\"EntryPoint\",\"urlTemplate\":\"https:\\\/\\\/blogdofarnesio.com.br\\\/?s={search_term_string}\"},\"query-input\":{\"@type\":\"PropertyValueSpecification\",\"valueRequired\":true,\"valueName\":\"search_term_string\"}}],\"inLanguage\":\"pt-BR\"},{\"@type\":\"Organization\",\"@id\":\"https:\\\/\\\/blogdofarnesio.com.br\\\/#organization\",\"name\":\"Blog do Farn\u00e9sio\",\"url\":\"https:\\\/\\\/blogdofarnesio.com.br\\\/\",\"logo\":{\"@type\":\"ImageObject\",\"inLanguage\":\"pt-BR\",\"@id\":\"https:\\\/\\\/blogdofarnesio.com.br\\\/#\\\/schema\\\/logo\\\/image\\\/\",\"url\":\"https:\\\/\\\/blogdofarnesio.com.br\\\/wp-content\\\/uploads\\\/2026\\\/03\\\/cropped-logo_new-1.png\",\"contentUrl\":\"https:\\\/\\\/blogdofarnesio.com.br\\\/wp-content\\\/uploads\\\/2026\\\/03\\\/cropped-logo_new-1.png\",\"width\":881,\"height\":685,\"caption\":\"Blog do Farn\u00e9sio\"},\"image\":{\"@id\":\"https:\\\/\\\/blogdofarnesio.com.br\\\/#\\\/schema\\\/logo\\\/image\\\/\"},\"sameAs\":[\"https:\\\/\\\/www.facebook.com\\\/BlogQuerSaberPolitica\\\/\"]},{\"@type\":\"Person\",\"@id\":\"https:\\\/\\\/blogdofarnesio.com.br\\\/#\\\/schema\\\/person\\\/301c4acf522bccbfdb45af95b5b906a1\",\"name\":\"Farn\u00e9sio\",\"image\":{\"@type\":\"ImageObject\",\"inLanguage\":\"pt-BR\",\"@id\":\"https:\\\/\\\/secure.gravatar.com\\\/avatar\\\/df0c9a14567c056f8ad6876ba5bbd1e3e2c48023eb6807342fc4663adf549f38?s=96&d=mm&r=g\",\"url\":\"https:\\\/\\\/secure.gravatar.com\\\/avatar\\\/df0c9a14567c056f8ad6876ba5bbd1e3e2c48023eb6807342fc4663adf549f38?s=96&d=mm&r=g\",\"contentUrl\":\"https:\\\/\\\/secure.gravatar.com\\\/avatar\\\/df0c9a14567c056f8ad6876ba5bbd1e3e2c48023eb6807342fc4663adf549f38?s=96&d=mm&r=g\",\"caption\":\"Farn\u00e9sio\"},\"sameAs\":[\"https:\\\/\\\/quersaberpolitica.com.br\"],\"url\":\"https:\\\/\\\/blogdofarnesio.com.br\\\/?author=1\"}]}<\/script>\n<!-- \/ Yoast SEO plugin. -->","yoast_head_json":{"title":"Vereadores de Juazeiro solicitam ao SAAE, isen\u00e7\u00e3o da taxa de \u00e1gua e esgoto para os consumidores de baixa renda e de tarifa social - Blog do Farn\u00e9sio","robots":{"index":"index","follow":"follow","max-snippet":"max-snippet:-1","max-image-preview":"max-image-preview:large","max-video-preview":"max-video-preview:-1"},"canonical":"https:\/\/blogdofarnesio.com.br\/?p=281554","og_locale":"pt_BR","og_type":"article","og_title":"Vereadores de Juazeiro solicitam ao SAAE, isen\u00e7\u00e3o da taxa de \u00e1gua e esgoto para os consumidores de baixa renda e de tarifa social - Blog do Farn\u00e9sio","og_description":"Nesta ter\u00e7a-feira, 23.03.2021, os Vereadores, Salvador Carvalho e \u00c9merson Mitu, solicitaram \u00e0 autoriza\u00e7\u00e3o para a isen\u00e7\u00e3o do pagamento da taxa de \u00e1gua e esgoto no Servi\u00e7o de \u00c1gua e Saneamento Ambiental (SAAE), no per\u00edodo de tr\u00eas meses para os consumidores de baixa renda e benefici\u00e1rios de tarifa social do munic\u00edpio, por causa das dificuldades econ\u00f4micas ocasionadas pela pandemia do Coronav\u00edrus. Segundo Salvador Carvalho \u201c\u00e9 uma maneira de oportunizar condi\u00e7\u00e3o de vida melhor para as fam\u00edlias que v\u00eam sendo impactadas economicamente pelos decretos, que no momento s\u00e3o necess\u00e1rios para conter a pandemia do Coronav\u00edrus\u201d, explicou o Vereador. ASCOM","og_url":"https:\/\/blogdofarnesio.com.br\/?p=281554","og_site_name":"Blog do Farn\u00e9sio","article_publisher":"https:\/\/www.facebook.com\/BlogQuerSaberPolitica\/","article_published_time":"2021-03-23T19:00:28+00:00","og_image":[{"width":789,"height":416,"url":"https:\/\/blogdofarnesio.com.br\/wp-content\/uploads\/2021\/03\/blogqspjua-ver-SALVADOR-CARVALHO-EMERSON-MITU-e1616522999449.jpeg","type":"image\/jpeg"}],"author":"Farn\u00e9sio","twitter_card":"summary_large_image","twitter_misc":{"Escrito por":"Farn\u00e9sio","Est. tempo de leitura":"1 minuto"},"schema":{"@context":"https:\/\/schema.org","@graph":[{"@type":"Article","@id":"https:\/\/blogdofarnesio.com.br\/?p=281554#article","isPartOf":{"@id":"https:\/\/blogdofarnesio.com.br\/?p=281554"},"author":{"name":"Farn\u00e9sio","@id":"https:\/\/blogdofarnesio.com.br\/#\/schema\/person\/301c4acf522bccbfdb45af95b5b906a1"},"headline":"Vereadores de Juazeiro solicitam ao SAAE, isen\u00e7\u00e3o da taxa de \u00e1gua e esgoto para os consumidores de baixa renda e de tarifa social","datePublished":"2021-03-23T19:00:28+00:00","mainEntityOfPage":{"@id":"https:\/\/blogdofarnesio.com.br\/?p=281554"},"wordCount":134,"publisher":{"@id":"https:\/\/blogdofarnesio.com.br\/#organization"},"image":{"@id":"https:\/\/blogdofarnesio.com.br\/?p=281554#primaryimage"},"thumbnailUrl":"https:\/\/blogdofarnesio.com.br\/wp-content\/uploads\/2021\/03\/blogqspjua-ver-SALVADOR-CARVALHO-EMERSON-MITU-e1616522999449.jpeg","articleSection":["Pol\u00edtica"],"inLanguage":"pt-BR"},{"@type":"WebPage","@id":"https:\/\/blogdofarnesio.com.br\/?p=281554","url":"https:\/\/blogdofarnesio.com.br\/?p=281554","name":"Vereadores de Juazeiro solicitam ao SAAE, isen\u00e7\u00e3o da taxa de \u00e1gua e esgoto para os consumidores de baixa renda e de tarifa social - Blog do Farn\u00e9sio","isPartOf":{"@id":"https:\/\/blogdofarnesio.com.br\/#website"},"primaryImageOfPage":{"@id":"https:\/\/blogdofarnesio.com.br\/?p=281554#primaryimage"},"image":{"@id":"https:\/\/blogdofarnesio.com.br\/?p=281554#primaryimage"},"thumbnailUrl":"https:\/\/blogdofarnesio.com.br\/wp-content\/uploads\/2021\/03\/blogqspjua-ver-SALVADOR-CARVALHO-EMERSON-MITU-e1616522999449.jpeg","datePublished":"2021-03-23T19:00:28+00:00","breadcrumb":{"@id":"https:\/\/blogdofarnesio.com.br\/?p=281554#breadcrumb"},"inLanguage":"pt-BR","potentialAction":[{"@type":"ReadAction","target":["https:\/\/blogdofarnesio.com.br\/?p=281554"]}]},{"@type":"ImageObject","inLanguage":"pt-BR","@id":"https:\/\/blogdofarnesio.com.br\/?p=281554#primaryimage","url":"https:\/\/blogdofarnesio.com.br\/wp-content\/uploads\/2021\/03\/blogqspjua-ver-SALVADOR-CARVALHO-EMERSON-MITU-e1616522999449.jpeg","contentUrl":"https:\/\/blogdofarnesio.com.br\/wp-content\/uploads\/2021\/03\/blogqspjua-ver-SALVADOR-CARVALHO-EMERSON-MITU-e1616522999449.jpeg","width":789,"height":416},{"@type":"BreadcrumbList","@id":"https:\/\/blogdofarnesio.com.br\/?p=281554#breadcrumb","itemListElement":[{"@type":"ListItem","position":1,"name":"In\u00edcio","item":"https:\/\/blogdofarnesio.com.br\/"},{"@type":"ListItem","position":2,"name":"Vereadores de Juazeiro solicitam ao SAAE, isen\u00e7\u00e3o da taxa de \u00e1gua e esgoto para os consumidores de baixa renda e de tarifa social"}]},{"@type":"WebSite","@id":"https:\/\/blogdofarnesio.com.br\/#website","url":"https:\/\/blogdofarnesio.com.br\/","name":"Blog do Farn\u00e9sio","description":"Quer Saber Pol\u00edtica?","publisher":{"@id":"https:\/\/blogdofarnesio.com.br\/#organization"},"potentialAction":[{"@type":"SearchAction","target":{"@type":"EntryPoint","urlTemplate":"https:\/\/blogdofarnesio.com.br\/?s={search_term_string}"},"query-input":{"@type":"PropertyValueSpecification","valueRequired":true,"valueName":"search_term_string"}}],"inLanguage":"pt-BR"},{"@type":"Organization","@id":"https:\/\/blogdofarnesio.com.br\/#organization","name":"Blog do Farn\u00e9sio","url":"https:\/\/blogdofarnesio.com.br\/","logo":{"@type":"ImageObject","inLanguage":"pt-BR","@id":"https:\/\/blogdofarnesio.com.br\/#\/schema\/logo\/image\/","url":"https:\/\/blogdofarnesio.com.br\/wp-content\/uploads\/2026\/03\/cropped-logo_new-1.png","contentUrl":"https:\/\/blogdofarnesio.com.br\/wp-content\/uploads\/2026\/03\/cropped-logo_new-1.png","width":881,"height":685,"caption":"Blog do Farn\u00e9sio"},"image":{"@id":"https:\/\/blogdofarnesio.com.br\/#\/schema\/logo\/image\/"},"sameAs":["https:\/\/www.facebook.com\/BlogQuerSaberPolitica\/"]},{"@type":"Person","@id":"https:\/\/blogdofarnesio.com.br\/#\/schema\/person\/301c4acf522bccbfdb45af95b5b906a1","name":"Farn\u00e9sio","image":{"@type":"ImageObject","inLanguage":"pt-BR","@id":"https:\/\/secure.gravatar.com\/avatar\/df0c9a14567c056f8ad6876ba5bbd1e3e2c48023eb6807342fc4663adf549f38?s=96&d=mm&r=g","url":"https:\/\/secure.gravatar.com\/avatar\/df0c9a14567c056f8ad6876ba5bbd1e3e2c48023eb6807342fc4663adf549f38?s=96&d=mm&r=g","contentUrl":"https:\/\/secure.gravatar.com\/avatar\/df0c9a14567c056f8ad6876ba5bbd1e3e2c48023eb6807342fc4663adf549f38?s=96&d=mm&r=g","caption":"Farn\u00e9sio"},"sameAs":["https:\/\/quersaberpolitica.com.br"],"url":"https:\/\/blogdofarnesio.com.br\/?author=1"}]}},"_links":{"self":[{"href":"https:\/\/blogdofarnesio.com.br\/index.php?rest_route=\/wp\/v2\/posts\/281554","targetHints":{"allow":["GET"]}}],"collection":[{"href":"https:\/\/blogdofarnesio.com.br\/index.php?rest_route=\/wp\/v2\/posts"}],"about":[{"href":"https:\/\/blogdofarnesio.com.br\/index.php?rest_route=\/wp\/v2\/types\/post"}],"author":[{"embeddable":true,"href":"https:\/\/blogdofarnesio.com.br\/index.php?rest_route=\/wp\/v2\/users\/1"}],"replies":[{"embeddable":true,"href":"https:\/\/blogdofarnesio.com.br\/index.php?rest_route=%2Fwp%2Fv2%2Fcomments&post=281554"}],"version-history":[{"count":0,"href":"https:\/\/blogdofarnesio.com.br\/index.php?rest_route=\/wp\/v2\/posts\/281554\/revisions"}],"wp:featuredmedia":[{"embeddable":true,"href":"https:\/\/blogdofarnesio.com.br\/index.php?rest_route=\/wp\/v2\/media\/281555"}],"wp:attachment":[{"href":"https:\/\/blogdofarnesio.com.br\/index.php?rest_route=%2Fwp%2Fv2%2Fmedia&parent=281554"}],"wp:term":[{"taxonomy":"category","embeddable":true,"href":"https:\/\/blogdofarnesio.com.br\/index.php?rest_route=%2Fwp%2Fv2%2Fcategories&post=281554"},{"taxonomy":"post_tag","embeddable":true,"href":"https:\/\/blogdofarnesio.com.br\/index.php?rest_route=%2Fwp%2Fv2%2Ftags&post=281554"}],"curies":[{"name":"wp","href":"https:\/\/api.w.org\/{rel}","templated":true}]}}