{"id":281536,"date":"2021-03-23T15:00:40","date_gmt":"2021-03-23T18:00:40","guid":{"rendered":"http:\/\/quersaberpolitica.com.br\/2016\/?p=281536"},"modified":"2021-03-23T10:41:53","modified_gmt":"2021-03-23T13:41:53","slug":"municipio-e-empresa-de-energia-solar-estudam-implantar-centro-de-convivencia-ecologica-em-juazeiro","status":"publish","type":"post","link":"https:\/\/blogdofarnesio.com.br\/?p=281536","title":{"rendered":"Munic\u00edpio e empresa de energia solar estudam implantar Centro de Conviv\u00eancia Ecol\u00f3gica em Juazeiro"},"content":{"rendered":"<div class=\"Ls\">\n<div class=\"As\">\n<div class=\"Bs\">\n<div class=\"Ds\">Uma equipe multidisciplinar da Secretaria de Meio Ambiente e Ordenamento Urbano (Semaurb), juntamente com consultores da empresa visitaram o Parque Lagoa de Calu e analisaram as condi\u00e7\u00f5es da \u00e1rea, onde possivelmente ser\u00e1 o local para a instala\u00e7\u00e3o do equipamento.<\/div>\n<div><\/div>\n<\/div>\n<\/div>\n<\/div>\n<div id=\"cv_\" class=\" Xg \">\n<div class=\"Zg\">\n<div class=\"Rg\">\n<div class=\"Li\">\n<div class=\"yj\">\n<div class=\"Ph\" data-onclick=\"w\">\n<div id=\"cvcmsg_1785a4c9c365e31c\" class=\"yh\">\n<div id=\"cvcfullmsg_1785a4c9c365e31c\" class=\"Vh\">\n<div id=\"cvcmsgbod_1785a4c9c365e31c\" class=\"aj\">\n<div class=\"Ni\">\n<div class=\"ni pi \" dir=\"ltr\">\n<div dir=\"ltr\">O Centro de Conviv\u00eancia Ecol\u00f3gica faz parte de um projeto de compensa\u00e7\u00e3o ambiental, que ter\u00e1 investimentos e dever\u00e1 ser constru\u00eddo pela Atlas Energias Renov\u00e1veis. O projeto inclui a constru\u00e7\u00e3o de viveiro de mudas, sala de reuni\u00e3o e \u00e1rea de conviv\u00eancia. O objetivo da parceria \u00e9 oferecer um espa\u00e7o onde escolas da rede municipal, rede particular e comunidade possam promover atividades voltadas para a educa\u00e7\u00e3o ambiental.\u201cNesse primeiro momento a Semaurb e a empresa est\u00e3o discutindo os aspectos t\u00e9cnicos relacionados ao empreendimento, para podermos analisar a compatibilidade do projeto inicial com as condicionantes ambientais n\u00e3o atendidas \u00e0 \u00e9poca da implanta\u00e7\u00e3o da empresa aqui no munic\u00edpio. Depois dessa an\u00e1lise, se todas as condicionantes forem atendidas, a empresa assina o termo de compromisso e inicia a implanta\u00e7\u00e3o do centro de conviv\u00eancia ecol\u00f3gica dentro do Parque Lagoa de Calu\u201d, explicou o titular da Semaurb, Rubens Torrres.<\/p>\n<\/div>\n<\/div>\n<\/div>\n<\/div>\n<\/div>\n<\/div>\n<\/div>\n<\/div>\n<\/div>\n<\/div>\n<\/div>\n<\/div>\n","protected":false},"excerpt":{"rendered":"<p>Uma equipe multidisciplinar da Secretaria de Meio Ambiente e Ordenamento Urbano (Semaurb), juntamente com consultores da empresa visitaram o Parque Lagoa de Calu e analisaram as condi\u00e7\u00f5es da \u00e1rea, onde possivelmente ser\u00e1 o local para a instala\u00e7\u00e3o do equipamento. O Centro de Conviv\u00eancia Ecol\u00f3gica faz parte de um projeto de compensa\u00e7\u00e3o ambiental, que ter\u00e1 investimentos e dever\u00e1 ser constru\u00eddo pela Atlas Energias Renov\u00e1veis. O projeto inclui a constru\u00e7\u00e3o de viveiro de mudas, sala de reuni\u00e3o e \u00e1rea de conviv\u00eancia. O objetivo da parceria \u00e9 oferecer um espa\u00e7o onde escolas da rede municipal, rede particular e comunidade possam promover atividades voltadas para a educa\u00e7\u00e3o ambiental.\u201cNesse primeiro momento a Semaurb e a empresa est\u00e3o discutindo os aspectos t\u00e9cnicos relacionados ao empreendimento, para&hellip; <\/p>\n","protected":false},"author":1,"featured_media":278004,"comment_status":"closed","ping_status":"closed","sticky":false,"template":"","format":"standard","meta":{"_acf_changed":false,"footnotes":""},"categories":[20],"tags":[],"class_list":["post-281536","post","type-post","status-publish","format-standard","has-post-thumbnail","hentry","category-economia"],"acf":[],"yoast_head":"<!-- This site is optimized with the Yoast SEO plugin v27.4 - https:\/\/yoast.com\/product\/yoast-seo-wordpress\/ -->\n<title>Munic\u00edpio e empresa de energia solar estudam implantar Centro de Conviv\u00eancia Ecol\u00f3gica em Juazeiro - Blog do Farn\u00e9sio<\/title>\n<meta name=\"robots\" content=\"index, follow, max-snippet:-1, max-image-preview:large, max-video-preview:-1\" \/>\n<link rel=\"canonical\" href=\"https:\/\/blogdofarnesio.com.br\/?p=281536\" \/>\n<meta property=\"og:locale\" content=\"pt_BR\" \/>\n<meta property=\"og:type\" content=\"article\" \/>\n<meta property=\"og:title\" content=\"Munic\u00edpio e empresa de energia solar estudam implantar Centro de Conviv\u00eancia Ecol\u00f3gica em Juazeiro - Blog do Farn\u00e9sio\" \/>\n<meta property=\"og:description\" content=\"Uma equipe multidisciplinar da Secretaria de Meio Ambiente e Ordenamento Urbano (Semaurb), juntamente com consultores da empresa visitaram o Parque Lagoa de Calu e analisaram as condi\u00e7\u00f5es da \u00e1rea, onde possivelmente ser\u00e1 o local para a instala\u00e7\u00e3o do equipamento. O Centro de Conviv\u00eancia Ecol\u00f3gica faz parte de um projeto de compensa\u00e7\u00e3o ambiental, que ter\u00e1 investimentos e dever\u00e1 ser constru\u00eddo pela Atlas Energias Renov\u00e1veis. O projeto inclui a constru\u00e7\u00e3o de viveiro de mudas, sala de reuni\u00e3o e \u00e1rea de conviv\u00eancia. O objetivo da parceria \u00e9 oferecer um espa\u00e7o onde escolas da rede municipal, rede particular e comunidade possam promover atividades voltadas para a educa\u00e7\u00e3o ambiental.\u201cNesse primeiro momento a Semaurb e a empresa est\u00e3o discutindo os aspectos t\u00e9cnicos relacionados ao empreendimento, para&hellip;\" \/>\n<meta property=\"og:url\" content=\"https:\/\/blogdofarnesio.com.br\/?p=281536\" \/>\n<meta property=\"og:site_name\" content=\"Blog do Farn\u00e9sio\" \/>\n<meta property=\"article:publisher\" content=\"https:\/\/www.facebook.com\/BlogQuerSaberPolitica\/\" \/>\n<meta property=\"article:published_time\" content=\"2021-03-23T18:00:40+00:00\" \/>\n<meta property=\"og:image\" content=\"https:\/\/blogdofarnesio.com.br\/wp-content\/uploads\/2021\/02\/blogqsppet-solar-fotovoltaica-70-Alexandre-Justino-17-2.jpg\" \/>\n\t<meta property=\"og:image:width\" content=\"1280\" \/>\n\t<meta property=\"og:image:height\" content=\"853\" \/>\n\t<meta property=\"og:image:type\" content=\"image\/jpeg\" \/>\n<meta name=\"author\" content=\"Farn\u00e9sio\" \/>\n<meta name=\"twitter:card\" content=\"summary_large_image\" \/>\n<meta name=\"twitter:label1\" content=\"Escrito por\" \/>\n\t<meta name=\"twitter:data1\" content=\"Farn\u00e9sio\" \/>\n\t<meta name=\"twitter:label2\" content=\"Est. tempo de leitura\" \/>\n\t<meta name=\"twitter:data2\" content=\"1 minuto\" \/>\n<script type=\"application\/ld+json\" class=\"yoast-schema-graph\">{\"@context\":\"https:\\\/\\\/schema.org\",\"@graph\":[{\"@type\":\"Article\",\"@id\":\"https:\\\/\\\/blogdofarnesio.com.br\\\/?p=281536#article\",\"isPartOf\":{\"@id\":\"https:\\\/\\\/blogdofarnesio.com.br\\\/?p=281536\"},\"author\":{\"name\":\"Farn\u00e9sio\",\"@id\":\"https:\\\/\\\/blogdofarnesio.com.br\\\/#\\\/schema\\\/person\\\/301c4acf522bccbfdb45af95b5b906a1\"},\"headline\":\"Munic\u00edpio e empresa de energia solar estudam implantar Centro de Conviv\u00eancia Ecol\u00f3gica em Juazeiro\",\"datePublished\":\"2021-03-23T18:00:40+00:00\",\"mainEntityOfPage\":{\"@id\":\"https:\\\/\\\/blogdofarnesio.com.br\\\/?p=281536\"},\"wordCount\":217,\"publisher\":{\"@id\":\"https:\\\/\\\/blogdofarnesio.com.br\\\/#organization\"},\"image\":{\"@id\":\"https:\\\/\\\/blogdofarnesio.com.br\\\/?p=281536#primaryimage\"},\"thumbnailUrl\":\"https:\\\/\\\/blogdofarnesio.com.br\\\/wp-content\\\/uploads\\\/2021\\\/02\\\/blogqsppet-solar-fotovoltaica-70-Alexandre-Justino-17-2.jpg\",\"articleSection\":[\"Economia\"],\"inLanguage\":\"pt-BR\"},{\"@type\":\"WebPage\",\"@id\":\"https:\\\/\\\/blogdofarnesio.com.br\\\/?p=281536\",\"url\":\"https:\\\/\\\/blogdofarnesio.com.br\\\/?p=281536\",\"name\":\"Munic\u00edpio e empresa de energia solar estudam implantar Centro de Conviv\u00eancia Ecol\u00f3gica em Juazeiro - Blog do Farn\u00e9sio\",\"isPartOf\":{\"@id\":\"https:\\\/\\\/blogdofarnesio.com.br\\\/#website\"},\"primaryImageOfPage\":{\"@id\":\"https:\\\/\\\/blogdofarnesio.com.br\\\/?p=281536#primaryimage\"},\"image\":{\"@id\":\"https:\\\/\\\/blogdofarnesio.com.br\\\/?p=281536#primaryimage\"},\"thumbnailUrl\":\"https:\\\/\\\/blogdofarnesio.com.br\\\/wp-content\\\/uploads\\\/2021\\\/02\\\/blogqsppet-solar-fotovoltaica-70-Alexandre-Justino-17-2.jpg\",\"datePublished\":\"2021-03-23T18:00:40+00:00\",\"breadcrumb\":{\"@id\":\"https:\\\/\\\/blogdofarnesio.com.br\\\/?p=281536#breadcrumb\"},\"inLanguage\":\"pt-BR\",\"potentialAction\":[{\"@type\":\"ReadAction\",\"target\":[\"https:\\\/\\\/blogdofarnesio.com.br\\\/?p=281536\"]}]},{\"@type\":\"ImageObject\",\"inLanguage\":\"pt-BR\",\"@id\":\"https:\\\/\\\/blogdofarnesio.com.br\\\/?p=281536#primaryimage\",\"url\":\"https:\\\/\\\/blogdofarnesio.com.br\\\/wp-content\\\/uploads\\\/2021\\\/02\\\/blogqsppet-solar-fotovoltaica-70-Alexandre-Justino-17-2.jpg\",\"contentUrl\":\"https:\\\/\\\/blogdofarnesio.com.br\\\/wp-content\\\/uploads\\\/2021\\\/02\\\/blogqsppet-solar-fotovoltaica-70-Alexandre-Justino-17-2.jpg\",\"width\":1280,\"height\":853,\"caption\":\"Ilustra\u00e7\u00e3o\"},{\"@type\":\"BreadcrumbList\",\"@id\":\"https:\\\/\\\/blogdofarnesio.com.br\\\/?p=281536#breadcrumb\",\"itemListElement\":[{\"@type\":\"ListItem\",\"position\":1,\"name\":\"In\u00edcio\",\"item\":\"https:\\\/\\\/blogdofarnesio.com.br\\\/\"},{\"@type\":\"ListItem\",\"position\":2,\"name\":\"Munic\u00edpio e empresa de energia solar estudam implantar Centro de Conviv\u00eancia Ecol\u00f3gica em Juazeiro\"}]},{\"@type\":\"WebSite\",\"@id\":\"https:\\\/\\\/blogdofarnesio.com.br\\\/#website\",\"url\":\"https:\\\/\\\/blogdofarnesio.com.br\\\/\",\"name\":\"Blog do Farn\u00e9sio\",\"description\":\"Quer Saber Pol\u00edtica?\",\"publisher\":{\"@id\":\"https:\\\/\\\/blogdofarnesio.com.br\\\/#organization\"},\"potentialAction\":[{\"@type\":\"SearchAction\",\"target\":{\"@type\":\"EntryPoint\",\"urlTemplate\":\"https:\\\/\\\/blogdofarnesio.com.br\\\/?s={search_term_string}\"},\"query-input\":{\"@type\":\"PropertyValueSpecification\",\"valueRequired\":true,\"valueName\":\"search_term_string\"}}],\"inLanguage\":\"pt-BR\"},{\"@type\":\"Organization\",\"@id\":\"https:\\\/\\\/blogdofarnesio.com.br\\\/#organization\",\"name\":\"Blog do Farn\u00e9sio\",\"url\":\"https:\\\/\\\/blogdofarnesio.com.br\\\/\",\"logo\":{\"@type\":\"ImageObject\",\"inLanguage\":\"pt-BR\",\"@id\":\"https:\\\/\\\/blogdofarnesio.com.br\\\/#\\\/schema\\\/logo\\\/image\\\/\",\"url\":\"https:\\\/\\\/blogdofarnesio.com.br\\\/wp-content\\\/uploads\\\/2026\\\/03\\\/cropped-logo_new-1.png\",\"contentUrl\":\"https:\\\/\\\/blogdofarnesio.com.br\\\/wp-content\\\/uploads\\\/2026\\\/03\\\/cropped-logo_new-1.png\",\"width\":881,\"height\":685,\"caption\":\"Blog do Farn\u00e9sio\"},\"image\":{\"@id\":\"https:\\\/\\\/blogdofarnesio.com.br\\\/#\\\/schema\\\/logo\\\/image\\\/\"},\"sameAs\":[\"https:\\\/\\\/www.facebook.com\\\/BlogQuerSaberPolitica\\\/\"]},{\"@type\":\"Person\",\"@id\":\"https:\\\/\\\/blogdofarnesio.com.br\\\/#\\\/schema\\\/person\\\/301c4acf522bccbfdb45af95b5b906a1\",\"name\":\"Farn\u00e9sio\",\"image\":{\"@type\":\"ImageObject\",\"inLanguage\":\"pt-BR\",\"@id\":\"https:\\\/\\\/secure.gravatar.com\\\/avatar\\\/df0c9a14567c056f8ad6876ba5bbd1e3e2c48023eb6807342fc4663adf549f38?s=96&d=mm&r=g\",\"url\":\"https:\\\/\\\/secure.gravatar.com\\\/avatar\\\/df0c9a14567c056f8ad6876ba5bbd1e3e2c48023eb6807342fc4663adf549f38?s=96&d=mm&r=g\",\"contentUrl\":\"https:\\\/\\\/secure.gravatar.com\\\/avatar\\\/df0c9a14567c056f8ad6876ba5bbd1e3e2c48023eb6807342fc4663adf549f38?s=96&d=mm&r=g\",\"caption\":\"Farn\u00e9sio\"},\"sameAs\":[\"https:\\\/\\\/quersaberpolitica.com.br\"],\"url\":\"https:\\\/\\\/blogdofarnesio.com.br\\\/?author=1\"}]}<\/script>\n<!-- \/ Yoast SEO plugin. -->","yoast_head_json":{"title":"Munic\u00edpio e empresa de energia solar estudam implantar Centro de Conviv\u00eancia Ecol\u00f3gica em Juazeiro - Blog do Farn\u00e9sio","robots":{"index":"index","follow":"follow","max-snippet":"max-snippet:-1","max-image-preview":"max-image-preview:large","max-video-preview":"max-video-preview:-1"},"canonical":"https:\/\/blogdofarnesio.com.br\/?p=281536","og_locale":"pt_BR","og_type":"article","og_title":"Munic\u00edpio e empresa de energia solar estudam implantar Centro de Conviv\u00eancia Ecol\u00f3gica em Juazeiro - Blog do Farn\u00e9sio","og_description":"Uma equipe multidisciplinar da Secretaria de Meio Ambiente e Ordenamento Urbano (Semaurb), juntamente com consultores da empresa visitaram o Parque Lagoa de Calu e analisaram as condi\u00e7\u00f5es da \u00e1rea, onde possivelmente ser\u00e1 o local para a instala\u00e7\u00e3o do equipamento. O Centro de Conviv\u00eancia Ecol\u00f3gica faz parte de um projeto de compensa\u00e7\u00e3o ambiental, que ter\u00e1 investimentos e dever\u00e1 ser constru\u00eddo pela Atlas Energias Renov\u00e1veis. O projeto inclui a constru\u00e7\u00e3o de viveiro de mudas, sala de reuni\u00e3o e \u00e1rea de conviv\u00eancia. O objetivo da parceria \u00e9 oferecer um espa\u00e7o onde escolas da rede municipal, rede particular e comunidade possam promover atividades voltadas para a educa\u00e7\u00e3o ambiental.\u201cNesse primeiro momento a Semaurb e a empresa est\u00e3o discutindo os aspectos t\u00e9cnicos relacionados ao empreendimento, para&hellip;","og_url":"https:\/\/blogdofarnesio.com.br\/?p=281536","og_site_name":"Blog do Farn\u00e9sio","article_publisher":"https:\/\/www.facebook.com\/BlogQuerSaberPolitica\/","article_published_time":"2021-03-23T18:00:40+00:00","og_image":[{"width":1280,"height":853,"url":"https:\/\/blogdofarnesio.com.br\/wp-content\/uploads\/2021\/02\/blogqsppet-solar-fotovoltaica-70-Alexandre-Justino-17-2.jpg","type":"image\/jpeg"}],"author":"Farn\u00e9sio","twitter_card":"summary_large_image","twitter_misc":{"Escrito por":"Farn\u00e9sio","Est. tempo de leitura":"1 minuto"},"schema":{"@context":"https:\/\/schema.org","@graph":[{"@type":"Article","@id":"https:\/\/blogdofarnesio.com.br\/?p=281536#article","isPartOf":{"@id":"https:\/\/blogdofarnesio.com.br\/?p=281536"},"author":{"name":"Farn\u00e9sio","@id":"https:\/\/blogdofarnesio.com.br\/#\/schema\/person\/301c4acf522bccbfdb45af95b5b906a1"},"headline":"Munic\u00edpio e empresa de energia solar estudam implantar Centro de Conviv\u00eancia Ecol\u00f3gica em Juazeiro","datePublished":"2021-03-23T18:00:40+00:00","mainEntityOfPage":{"@id":"https:\/\/blogdofarnesio.com.br\/?p=281536"},"wordCount":217,"publisher":{"@id":"https:\/\/blogdofarnesio.com.br\/#organization"},"image":{"@id":"https:\/\/blogdofarnesio.com.br\/?p=281536#primaryimage"},"thumbnailUrl":"https:\/\/blogdofarnesio.com.br\/wp-content\/uploads\/2021\/02\/blogqsppet-solar-fotovoltaica-70-Alexandre-Justino-17-2.jpg","articleSection":["Economia"],"inLanguage":"pt-BR"},{"@type":"WebPage","@id":"https:\/\/blogdofarnesio.com.br\/?p=281536","url":"https:\/\/blogdofarnesio.com.br\/?p=281536","name":"Munic\u00edpio e empresa de energia solar estudam implantar Centro de Conviv\u00eancia Ecol\u00f3gica em Juazeiro - Blog do Farn\u00e9sio","isPartOf":{"@id":"https:\/\/blogdofarnesio.com.br\/#website"},"primaryImageOfPage":{"@id":"https:\/\/blogdofarnesio.com.br\/?p=281536#primaryimage"},"image":{"@id":"https:\/\/blogdofarnesio.com.br\/?p=281536#primaryimage"},"thumbnailUrl":"https:\/\/blogdofarnesio.com.br\/wp-content\/uploads\/2021\/02\/blogqsppet-solar-fotovoltaica-70-Alexandre-Justino-17-2.jpg","datePublished":"2021-03-23T18:00:40+00:00","breadcrumb":{"@id":"https:\/\/blogdofarnesio.com.br\/?p=281536#breadcrumb"},"inLanguage":"pt-BR","potentialAction":[{"@type":"ReadAction","target":["https:\/\/blogdofarnesio.com.br\/?p=281536"]}]},{"@type":"ImageObject","inLanguage":"pt-BR","@id":"https:\/\/blogdofarnesio.com.br\/?p=281536#primaryimage","url":"https:\/\/blogdofarnesio.com.br\/wp-content\/uploads\/2021\/02\/blogqsppet-solar-fotovoltaica-70-Alexandre-Justino-17-2.jpg","contentUrl":"https:\/\/blogdofarnesio.com.br\/wp-content\/uploads\/2021\/02\/blogqsppet-solar-fotovoltaica-70-Alexandre-Justino-17-2.jpg","width":1280,"height":853,"caption":"Ilustra\u00e7\u00e3o"},{"@type":"BreadcrumbList","@id":"https:\/\/blogdofarnesio.com.br\/?p=281536#breadcrumb","itemListElement":[{"@type":"ListItem","position":1,"name":"In\u00edcio","item":"https:\/\/blogdofarnesio.com.br\/"},{"@type":"ListItem","position":2,"name":"Munic\u00edpio e empresa de energia solar estudam implantar Centro de Conviv\u00eancia Ecol\u00f3gica em Juazeiro"}]},{"@type":"WebSite","@id":"https:\/\/blogdofarnesio.com.br\/#website","url":"https:\/\/blogdofarnesio.com.br\/","name":"Blog do Farn\u00e9sio","description":"Quer Saber Pol\u00edtica?","publisher":{"@id":"https:\/\/blogdofarnesio.com.br\/#organization"},"potentialAction":[{"@type":"SearchAction","target":{"@type":"EntryPoint","urlTemplate":"https:\/\/blogdofarnesio.com.br\/?s={search_term_string}"},"query-input":{"@type":"PropertyValueSpecification","valueRequired":true,"valueName":"search_term_string"}}],"inLanguage":"pt-BR"},{"@type":"Organization","@id":"https:\/\/blogdofarnesio.com.br\/#organization","name":"Blog do Farn\u00e9sio","url":"https:\/\/blogdofarnesio.com.br\/","logo":{"@type":"ImageObject","inLanguage":"pt-BR","@id":"https:\/\/blogdofarnesio.com.br\/#\/schema\/logo\/image\/","url":"https:\/\/blogdofarnesio.com.br\/wp-content\/uploads\/2026\/03\/cropped-logo_new-1.png","contentUrl":"https:\/\/blogdofarnesio.com.br\/wp-content\/uploads\/2026\/03\/cropped-logo_new-1.png","width":881,"height":685,"caption":"Blog do Farn\u00e9sio"},"image":{"@id":"https:\/\/blogdofarnesio.com.br\/#\/schema\/logo\/image\/"},"sameAs":["https:\/\/www.facebook.com\/BlogQuerSaberPolitica\/"]},{"@type":"Person","@id":"https:\/\/blogdofarnesio.com.br\/#\/schema\/person\/301c4acf522bccbfdb45af95b5b906a1","name":"Farn\u00e9sio","image":{"@type":"ImageObject","inLanguage":"pt-BR","@id":"https:\/\/secure.gravatar.com\/avatar\/df0c9a14567c056f8ad6876ba5bbd1e3e2c48023eb6807342fc4663adf549f38?s=96&d=mm&r=g","url":"https:\/\/secure.gravatar.com\/avatar\/df0c9a14567c056f8ad6876ba5bbd1e3e2c48023eb6807342fc4663adf549f38?s=96&d=mm&r=g","contentUrl":"https:\/\/secure.gravatar.com\/avatar\/df0c9a14567c056f8ad6876ba5bbd1e3e2c48023eb6807342fc4663adf549f38?s=96&d=mm&r=g","caption":"Farn\u00e9sio"},"sameAs":["https:\/\/quersaberpolitica.com.br"],"url":"https:\/\/blogdofarnesio.com.br\/?author=1"}]}},"_links":{"self":[{"href":"https:\/\/blogdofarnesio.com.br\/index.php?rest_route=\/wp\/v2\/posts\/281536","targetHints":{"allow":["GET"]}}],"collection":[{"href":"https:\/\/blogdofarnesio.com.br\/index.php?rest_route=\/wp\/v2\/posts"}],"about":[{"href":"https:\/\/blogdofarnesio.com.br\/index.php?rest_route=\/wp\/v2\/types\/post"}],"author":[{"embeddable":true,"href":"https:\/\/blogdofarnesio.com.br\/index.php?rest_route=\/wp\/v2\/users\/1"}],"replies":[{"embeddable":true,"href":"https:\/\/blogdofarnesio.com.br\/index.php?rest_route=%2Fwp%2Fv2%2Fcomments&post=281536"}],"version-history":[{"count":0,"href":"https:\/\/blogdofarnesio.com.br\/index.php?rest_route=\/wp\/v2\/posts\/281536\/revisions"}],"wp:featuredmedia":[{"embeddable":true,"href":"https:\/\/blogdofarnesio.com.br\/index.php?rest_route=\/wp\/v2\/media\/278004"}],"wp:attachment":[{"href":"https:\/\/blogdofarnesio.com.br\/index.php?rest_route=%2Fwp%2Fv2%2Fmedia&parent=281536"}],"wp:term":[{"taxonomy":"category","embeddable":true,"href":"https:\/\/blogdofarnesio.com.br\/index.php?rest_route=%2Fwp%2Fv2%2Fcategories&post=281536"},{"taxonomy":"post_tag","embeddable":true,"href":"https:\/\/blogdofarnesio.com.br\/index.php?rest_route=%2Fwp%2Fv2%2Ftags&post=281536"}],"curies":[{"name":"wp","href":"https:\/\/api.w.org\/{rel}","templated":true}]}}