{"id":281533,"date":"2021-03-23T11:03:31","date_gmt":"2021-03-23T14:03:31","guid":{"rendered":"http:\/\/quersaberpolitica.com.br\/2016\/?p=281533"},"modified":"2021-03-23T08:39:52","modified_gmt":"2021-03-23T11:39:52","slug":"campanha-em-defesa-do-rio-sao-francisco-vence-o-premio-ana","status":"publish","type":"post","link":"https:\/\/blogdofarnesio.com.br\/?p=281533","title":{"rendered":"Campanha em Defesa do Rio S\u00e3o Francisco vence o Pr\u00eamio ANA"},"content":{"rendered":"<p><em>\u00a0T<\/em><em>rabalho realizado pelo Comit\u00ea da Bacia Hidrogr\u00e1fica do Rio S\u00e3o Francisco por meio da Ag\u00eancia Peixe Vivo foi o vencedor da categoria Entes do Sistema Nacional de Gerenciamento de Recursos H\u00eddricos<\/em><\/p>\n<p>&nbsp;<\/p>\n<p>Em 22 de mar\u00e7o, Dia Mundial da \u00c1gua, a Ag\u00eancia Nacional de \u00c1guas e Saneamento B\u00e1sico (ANA) anunciou os trabalhos vencedores das oito categorias do Pr\u00eamio ANA 2020: Comunica\u00e7\u00e3o, Educa\u00e7\u00e3o, Empresas de M\u00e9dio e de Grande Porte, Empresas de Micro ou de Pequeno Porte, Entes do Sistema Nacional de Gerenciamento de Recursos H\u00eddricos (SINGREH), Governo, Organiza\u00e7\u00f5es Civis, al\u00e9m de Pesquisa e Inova\u00e7\u00e3o Tecnol\u00f3gica. A cerim\u00f4nia de an\u00fancio dos vencedores est\u00e1 dispon\u00edvel no canal da institui\u00e7\u00e3o no YouTube (<a href=\"http:\/\/www.youtube.com\/anagovbr\" data-saferedirecturl=\"https:\/\/www.google.com\/url?hl=pt-BR&amp;q=http:\/\/www.youtube.com\/anagovbr&amp;source=gmail&amp;ust=1616585797870000&amp;usg=AFQjCNGvbh16Z-98Bv7zGmAx3s0Aq_o09w\">www.youtube.com\/anagovbr<\/a>) e integra a programa\u00e7\u00e3o do\u00a0<a href=\"https:\/\/www.gov.br\/mdr\/pt-br\/noticias\/governo-federal-celebra-o-dia-mundial-da-agua-e-promove-o-seminario-das-aguas-brasileiras\" data-saferedirecturl=\"https:\/\/www.google.com\/url?hl=pt-BR&amp;q=https:\/\/www.gov.br\/mdr\/pt-br\/noticias\/governo-federal-celebra-o-dia-mundial-da-agua-e-promove-o-seminario-das-aguas-brasileiras&amp;source=gmail&amp;ust=1616585797870000&amp;usg=AFQjCNEOXmPw-R8O1UK9hNQM_HICa_Ijzw\">Semin\u00e1rio \u00c1guas Brasileiras<\/a>.<\/p>\n<p>&nbsp;<\/p>\n<p>Realizada pelo Comit\u00ea da Bacia Hidrogr\u00e1fica do Rio S\u00e3o Francisco (CBHSF) por meio da Ag\u00eancia Peixe Vivo, a Campanha em Defesa do Rio S\u00e3o Francisco venceu o Trof\u00e9u Pr\u00eamio ANA na categoria Entes do SINGREH. A a\u00e7\u00e3o disputou a final da premia\u00e7\u00e3o com as iniciativas: Sistema de Alerta para Detec\u00e7\u00e3o Di\u00e1ria de Uso Irregular de Recursos H\u00eddricos, da Companhia de Gest\u00e3o de Recursos H\u00eddricos do Cear\u00e1 (COGERH); e 8\u00ba F\u00f3rum Mundial da \u00c1gua \u2013 A Comunica\u00e7\u00e3o como Ferramenta de Inclus\u00e3o e Integra\u00e7\u00e3o para Gest\u00e3o e Uso Sustent\u00e1vel dos Recursos H\u00eddricos na Bacia Hidrogr\u00e1fica do Rio Paranapanema, do Comit\u00ea da Bacia Hidrogr\u00e1fica do Rio Paranapanema.\u00a0<a href=\"https:\/\/www.gov.br\/ana\/pt-br\/assuntos\/noticias-e-eventos\/noticias\/agencia-anuncia-vencedores-do-premio-ana-em-22-de-marco\/catalogo-dos-finalistas-do-premio-ana-2020.pdf\" data-saferedirecturl=\"https:\/\/www.google.com\/url?hl=pt-BR&amp;q=https:\/\/www.gov.br\/ana\/pt-br\/assuntos\/noticias-e-eventos\/noticias\/agencia-anuncia-vencedores-do-premio-ana-em-22-de-marco\/catalogo-dos-finalistas-do-premio-ana-2020.pdf&amp;source=gmail&amp;ust=1616585797870000&amp;usg=AFQjCNFKeB4GqEF25S13yF11dhYS6wfP0w\">Acesse aqui os detalhes de cada trabalho finalista<\/a>.<\/p>\n<p>&nbsp;<\/p>\n<p>Conhe\u00e7a os oito vencedores por categoria:<\/p>\n<p>&nbsp;<\/p>\n<ul>\n<li><strong>Comunica\u00e7\u00e3o:<\/strong>\u00a0VIDAS SECAS NO PA\u00cdS DAS \u00c1GUAS \u2013 S\u00c9RIE DE REPORTAGENS (Luiz Claudio Ferreira, da Empresa Brasil de Comunica\u00e7\u00e3o \u2013 EBC)<\/li>\n<li><strong>Educa\u00e7\u00e3o:<\/strong>\u00a0\u00c1GUA LIMPA PARA OS CURUMINS DO TRACAJ\u00c1 (Valter Pereira de Menezes, da Escola Municipal Luiz Gonzaga, no Amazonas)<\/li>\n<li><strong>Empresas de M\u00e9dio e de Grande Porte:<\/strong>\u00a0GEST\u00c3O DE \u00c1GUA 360\u00ba DA WHIRLPOOL LATIN AMERICA (Whirlpool, representada por Cristiano Felix)<\/li>\n<li><strong>Empresas de Micro ou de Pequeno Porte:<\/strong>\u00a0RECICLAGEM A SECO DE EMBALAGENS PL\u00c1STICAS CONTAMINADA (Eco Panplas, representada por Felipe Cardoso)<\/li>\n<li><strong>Entes do SINGREH:<\/strong>\u00a0CAMPANHA EM DEFESA DO RIO S\u00c3O FRANCISCO (Comit\u00ea da Bacia Hidrogr\u00e1fica do Rio S\u00e3o Francisco atrav\u00e9s de sua Entidade Delegat\u00e1ria Ag\u00eancia Peixe Vivo, representado por Anivaldo Miranda Pinto)<\/li>\n<li><strong>Governo:<\/strong>\u00a0IMPLEMENTA\u00c7\u00c3O DE TECNOLOGIAS SOCIAIS E EDUCA\u00c7\u00c3O AMBIENTAL EM COMUNIDADES DO ALTO PANTANAL MATO-GROSSENSE (Instituto Nacional de Coloniza\u00e7\u00e3o e Reforma Agr\u00e1ria \u2013 INCRA, representado por Samir Curi)<\/li>\n<li><strong>Organiza\u00e7\u00f5es Civis:<\/strong>\u00a0IDENTIFICA\u00c7\u00c3O, PROTE\u00c7\u00c3O E RECUPERA\u00c7\u00c3O DE NASCENTES NA REGI\u00c3O OESTE DA BAHIA (Associa\u00e7\u00e3o Baiana dos Produtores do Algod\u00e3o \u2013 ABAPA, representada por Lidervan Mota Morais)<\/li>\n<li><strong>Pesquisa e Inova\u00e7\u00e3o Tecnol\u00f3gica:<\/strong>\u00a0GEST\u00c3O DE ALTO N\u00cdVEL DOS RECURSOS H\u00cdDRICOS (Felipe de Azevedo Marques, da Funda\u00e7\u00e3o Universidade Federal do Tocantins)<\/li>\n<\/ul>\n<p>&nbsp;<\/p>\n<p>Nesta edi\u00e7\u00e3o do Pr\u00eamio ANA, pela primeira vez n\u00e3o houve a presen\u00e7a dos representantes dos trabalhos concorrentes, devido ao agravamento da pandemia do novo coronav\u00edrus (COVID-19). Entre os 24 finalistas, todas as regi\u00f5es do Brasil estavam representadas.\u00a0<a href=\"https:\/\/www.gov.br\/ana\/pt-br\/assuntos\/noticias-e-eventos\/noticias\/agencia-anuncia-vencedores-do-premio-ana-em-22-de-marco\/listagem-de-vencedores-do-premio-ana-por-estado-2006-2017.pdf\" data-saferedirecturl=\"https:\/\/www.google.com\/url?hl=pt-BR&amp;q=https:\/\/www.gov.br\/ana\/pt-br\/assuntos\/noticias-e-eventos\/noticias\/agencia-anuncia-vencedores-do-premio-ana-em-22-de-marco\/listagem-de-vencedores-do-premio-ana-por-estado-2006-2017.pdf&amp;source=gmail&amp;ust=1616585797871000&amp;usg=AFQjCNFwxJGOT8Qxl5k9XWrsvkRRc3XU5w\">Conhe\u00e7a todos os vencedores da premia\u00e7\u00e3o entre 2006 e 2017<\/a>.<\/p>\n<p>&nbsp;<\/p>\n<p>Os oito vencedores receber\u00e3o o Trof\u00e9u Pr\u00eamio ANA sem terem que sair de casa, j\u00e1 que ele ser\u00e1 enviado por correio. Os ganhadores tamb\u00e9m poder\u00e3o utilizar pela primeira vez o Selo Pr\u00eamio ANA: Vencedor, que atesta a qualidade do trabalho premiado, enquanto os outros dois finalistas de cada categoria (16 projetos) ter\u00e3o o direito de usar o Selo Pr\u00eamio ANA: Finalista tamb\u00e9m para demonstrarem o reconhecimento da premia\u00e7\u00e3o \u00e0s boas pr\u00e1ticas que chegaram \u00e0 fase final. O Pr\u00eamio ANA reconhece trabalhos que contribuem para a seguran\u00e7a h\u00eddrica, gest\u00e3o e uso sustent\u00e1vel das \u00e1guas para o desenvolvimento sustent\u00e1vel do Brasil.<\/p>\n<p>&nbsp;<\/p>\n<p>Entre 22 e 25 de fevereiro, aconteceu a Semana de Apresenta\u00e7\u00f5es dos Finalistas do Pr\u00eamio ANA 2020, quando os 24 projetos finalistas do Pr\u00eamio\u00a0puderam dar mais visibilidade para seus\u00a0trabalhos para que eles possam ser replicados pelo Brasil \u2013 sentido maior que move a premia\u00e7\u00e3o. As apresenta\u00e7\u00f5es foram realizadas em\u00a0<em>lives<\/em>, transmiss\u00f5es ao vivo, pelo canal da ANA no YouTube e\u00a0<a href=\"https:\/\/www.youtube.com\/watch?v=VO9PsClK1eg&amp;list=PLdDOTUuInCuwcE9qcJWhaWSPB2s0P__SZ\" data-saferedirecturl=\"https:\/\/www.google.com\/url?hl=pt-BR&amp;q=https:\/\/www.youtube.com\/watch?v%3DVO9PsClK1eg%26list%3DPLdDOTUuInCuwcE9qcJWhaWSPB2s0P__SZ&amp;source=gmail&amp;ust=1616585797871000&amp;usg=AFQjCNEnXWNgxDi6Lv3LbsT5vSPnUrhzBg\">podem ser assistidas clicando aqui<\/a>.<\/p>\n<p><strong>\u00a0<\/strong><\/p>\n<p><strong>Recorde de inscri\u00e7\u00f5es<\/strong><\/p>\n<p>&nbsp;<\/p>\n<p>O Pr\u00eamio ANA 2020 j\u00e1 fez hist\u00f3ria com o recorde de 695 inscri\u00e7\u00f5es de todos os estados do Brasil e do Distrito Federal, mesmo num contexto de pandemia. O total supera a marca anterior registrada no Pr\u00eamio ANA 2017, quando 607 boas pr\u00e1ticas participaram. Nesta edi\u00e7\u00e3o hist\u00f3rica da premia\u00e7\u00e3o, que encerra a celebra\u00e7\u00e3o dos 20 anos da Ag\u00eancia, a categoria com maior n\u00famero de iniciativas inscritas foi Pesquisa e Inova\u00e7\u00e3o Tecnol\u00f3gica: 157 no total.<\/p>\n<p>&nbsp;<\/p>\n<p>Para as demais categorias as inscri\u00e7\u00f5es ficaram divididas assim: Comunica\u00e7\u00e3o (129), Governo (102), Empresas de M\u00e9dio e de Grande Porte (86), Educa\u00e7\u00e3o (59), Organiza\u00e7\u00f5es Civis (66), Empresas de Micro ou de Pequeno Porte (59) e Entes do Sistema Nacional de Gerenciamento de Recursos H\u00eddricos (37).<\/p>\n<p>&nbsp;<\/p>\n<p>Coube \u00e0 Comiss\u00e3o Julgadora, presidida pelo diretor da ANA Oscar Cordeiro Netto, definir os tr\u00eas finalistas de cada categoria, com base nos seguintes crit\u00e9rios: efetividade, inova\u00e7\u00e3o, impactos social e ambiental, potencial de difus\u00e3o, sustentabilidade e ades\u00e3o social. Para a categoria Comunica\u00e7\u00e3o, o crit\u00e9rio de sustentabilidade n\u00e3o ser\u00e1 aplic\u00e1vel.<\/p>\n<p>&nbsp;<\/p>\n<p>Os demais integrantes da Comiss\u00e3o Julgadora foram selecionados com base em seu not\u00f3rio saber e reputa\u00e7\u00e3o ilibada. S\u00e3o eles(as): a secret\u00e1ria executiva da Secretaria de Estado de Meio Ambiente do Distrito Federal, Mar\u00edlia Marreco; o ouvidor do Servi\u00e7o Brasileiro de Apoio \u00e0s Micro e Pequenas Empresas (SEBRAE), S\u00e9rgio Carazza; a gerente do Departamento de Desenvolvimento Sustent\u00e1vel da Federa\u00e7\u00e3o das Ind\u00fastrias do Estado de S\u00e3o Paulo (FIESP), An\u00edcia Pio; o coordenador geral do Mestrado Profissional em Rede Nacional em Gest\u00e3o e Regula\u00e7\u00e3o de Recursos H\u00eddricos (Prof\u00c1gua), Jefferson de Oliveira; o gerente executivo da Ag\u00eancia UFLA de Inova\u00e7\u00e3o em Geotecnologia e Sistemas Inteligentes da Universidade Federal de Lavras (UFLA), Samuel Campos; o assessor especial da Diretoria de Desenvolvimento Social da Funda\u00e7\u00e3o Banco do Brasil (FBB), Rog\u00e9rio Miziara; a diretora de Jornalismo da Empresa Brasil de Comunica\u00e7\u00e3o (EBC), Sirlei Batista; e o presidente da Rede Brasil de Organismos de Bacias Hidrogr\u00e1ficas (REBOB), Lup\u00e9rcio Ziroldo.<\/p>\n<p>&nbsp;<\/p>\n<p>Criado h\u00e1 14 anos pela Ag\u00eancia Nacional de \u00c1guas e Saneamento B\u00e1sico para reconhecer as melhores pr\u00e1ticas e iniciativas voltadas ao cuidado das \u00e1guas do Brasil, o Pr\u00eamio ANA \u00e9 a mais tradicional premia\u00e7\u00e3o do setor de \u00e1guas do Brasil e j\u00e1 contabilizou 2.952 trabalhos inscritos, tendo premiado 40 projetos de todas as regi\u00f5es do Brasil, que se destacaram pela sua contribui\u00e7\u00e3o ao desenvolvimento do Pa\u00eds. Conhe\u00e7a todos os vencedores e finalistas da premia\u00e7\u00e3o no\u00a0<a href=\"https:\/\/premio.ana.gov.br\/projetos\/\" data-saferedirecturl=\"https:\/\/www.google.com\/url?hl=pt-BR&amp;q=https:\/\/premio.ana.gov.br\/projetos\/&amp;source=gmail&amp;ust=1616585797871000&amp;usg=AFQjCNH6D-8UpAA5tLcNeGTv-Fj4aHU3gA\">Banco de Projetos<\/a>.<\/p>\n<p>&nbsp;<\/p>\n<p>&nbsp;<\/p>\n<p><strong>Assessoria de Comunica\u00e7\u00e3o Social (ASCOM)<\/strong><\/p>\n<p>Ag\u00eancia Nacional de \u00c1guas\u00a0e Saneamento B\u00e1sico\u00a0(ANA)<\/p>\n","protected":false},"excerpt":{"rendered":"<p>\u00a0Trabalho realizado pelo Comit\u00ea da Bacia Hidrogr\u00e1fica do Rio S\u00e3o Francisco por meio da Ag\u00eancia Peixe Vivo foi o vencedor da categoria Entes do Sistema Nacional de Gerenciamento de Recursos H\u00eddricos &nbsp; Em 22 de mar\u00e7o, Dia Mundial da \u00c1gua, a Ag\u00eancia Nacional de \u00c1guas e Saneamento B\u00e1sico (ANA) anunciou os trabalhos vencedores das oito categorias do Pr\u00eamio ANA 2020: Comunica\u00e7\u00e3o, Educa\u00e7\u00e3o, Empresas de M\u00e9dio e de Grande Porte, Empresas de Micro ou de Pequeno Porte, Entes do Sistema Nacional de Gerenciamento de Recursos H\u00eddricos (SINGREH), Governo, Organiza\u00e7\u00f5es Civis, al\u00e9m de Pesquisa e Inova\u00e7\u00e3o Tecnol\u00f3gica. A cerim\u00f4nia de an\u00fancio dos vencedores est\u00e1 dispon\u00edvel no canal da institui\u00e7\u00e3o no YouTube (www.youtube.com\/anagovbr) e integra a programa\u00e7\u00e3o do\u00a0Semin\u00e1rio \u00c1guas Brasileiras. &nbsp; Realizada pelo&hellip; <\/p>\n","protected":false},"author":1,"featured_media":281534,"comment_status":"closed","ping_status":"closed","sticky":false,"template":"","format":"standard","meta":{"_acf_changed":false,"footnotes":""},"categories":[29],"tags":[],"class_list":["post-281533","post","type-post","status-publish","format-standard","has-post-thumbnail","hentry","category-meio-ambiente"],"acf":[],"yoast_head":"<!-- This site is optimized with the Yoast SEO plugin v27.4 - https:\/\/yoast.com\/product\/yoast-seo-wordpress\/ -->\n<title>Campanha em Defesa do Rio S\u00e3o Francisco vence o Pr\u00eamio ANA - Blog do Farn\u00e9sio<\/title>\n<meta name=\"robots\" content=\"index, follow, max-snippet:-1, max-image-preview:large, max-video-preview:-1\" \/>\n<link rel=\"canonical\" href=\"https:\/\/blogdofarnesio.com.br\/?p=281533\" \/>\n<meta property=\"og:locale\" content=\"pt_BR\" \/>\n<meta property=\"og:type\" content=\"article\" \/>\n<meta property=\"og:title\" content=\"Campanha em Defesa do Rio S\u00e3o Francisco vence o Pr\u00eamio ANA - Blog do Farn\u00e9sio\" \/>\n<meta property=\"og:description\" content=\"\u00a0Trabalho realizado pelo Comit\u00ea da Bacia Hidrogr\u00e1fica do Rio S\u00e3o Francisco por meio da Ag\u00eancia Peixe Vivo foi o vencedor da categoria Entes do Sistema Nacional de Gerenciamento de Recursos H\u00eddricos &nbsp; Em 22 de mar\u00e7o, Dia Mundial da \u00c1gua, a Ag\u00eancia Nacional de \u00c1guas e Saneamento B\u00e1sico (ANA) anunciou os trabalhos vencedores das oito categorias do Pr\u00eamio ANA 2020: Comunica\u00e7\u00e3o, Educa\u00e7\u00e3o, Empresas de M\u00e9dio e de Grande Porte, Empresas de Micro ou de Pequeno Porte, Entes do Sistema Nacional de Gerenciamento de Recursos H\u00eddricos (SINGREH), Governo, Organiza\u00e7\u00f5es Civis, al\u00e9m de Pesquisa e Inova\u00e7\u00e3o Tecnol\u00f3gica. A cerim\u00f4nia de an\u00fancio dos vencedores est\u00e1 dispon\u00edvel no canal da institui\u00e7\u00e3o no YouTube (www.youtube.com\/anagovbr) e integra a programa\u00e7\u00e3o do\u00a0Semin\u00e1rio \u00c1guas Brasileiras. &nbsp; Realizada pelo&hellip;\" \/>\n<meta property=\"og:url\" content=\"https:\/\/blogdofarnesio.com.br\/?p=281533\" \/>\n<meta property=\"og:site_name\" content=\"Blog do Farn\u00e9sio\" \/>\n<meta property=\"article:publisher\" content=\"https:\/\/www.facebook.com\/BlogQuerSaberPolitica\/\" \/>\n<meta property=\"article:published_time\" content=\"2021-03-23T14:03:31+00:00\" \/>\n<meta property=\"og:image\" content=\"https:\/\/blogdofarnesio.com.br\/wp-content\/uploads\/2021\/03\/image001.jpg\" \/>\n\t<meta property=\"og:image:width\" content=\"942\" \/>\n\t<meta property=\"og:image:height\" content=\"628\" \/>\n\t<meta property=\"og:image:type\" content=\"image\/jpeg\" \/>\n<meta name=\"author\" content=\"Farn\u00e9sio\" \/>\n<meta name=\"twitter:card\" content=\"summary_large_image\" \/>\n<meta name=\"twitter:label1\" content=\"Escrito por\" \/>\n\t<meta name=\"twitter:data1\" content=\"Farn\u00e9sio\" \/>\n\t<meta name=\"twitter:label2\" content=\"Est. tempo de leitura\" \/>\n\t<meta name=\"twitter:data2\" content=\"6 minutos\" \/>\n<script type=\"application\/ld+json\" class=\"yoast-schema-graph\">{\"@context\":\"https:\\\/\\\/schema.org\",\"@graph\":[{\"@type\":\"Article\",\"@id\":\"https:\\\/\\\/blogdofarnesio.com.br\\\/?p=281533#article\",\"isPartOf\":{\"@id\":\"https:\\\/\\\/blogdofarnesio.com.br\\\/?p=281533\"},\"author\":{\"name\":\"Farn\u00e9sio\",\"@id\":\"https:\\\/\\\/blogdofarnesio.com.br\\\/#\\\/schema\\\/person\\\/301c4acf522bccbfdb45af95b5b906a1\"},\"headline\":\"Campanha em Defesa do Rio S\u00e3o Francisco vence o Pr\u00eamio ANA\",\"datePublished\":\"2021-03-23T14:03:31+00:00\",\"mainEntityOfPage\":{\"@id\":\"https:\\\/\\\/blogdofarnesio.com.br\\\/?p=281533\"},\"wordCount\":1214,\"publisher\":{\"@id\":\"https:\\\/\\\/blogdofarnesio.com.br\\\/#organization\"},\"image\":{\"@id\":\"https:\\\/\\\/blogdofarnesio.com.br\\\/?p=281533#primaryimage\"},\"thumbnailUrl\":\"https:\\\/\\\/blogdofarnesio.com.br\\\/wp-content\\\/uploads\\\/2021\\\/03\\\/image001.jpg\",\"articleSection\":[\"Meio Ambiente\"],\"inLanguage\":\"pt-BR\"},{\"@type\":\"WebPage\",\"@id\":\"https:\\\/\\\/blogdofarnesio.com.br\\\/?p=281533\",\"url\":\"https:\\\/\\\/blogdofarnesio.com.br\\\/?p=281533\",\"name\":\"Campanha em Defesa do Rio S\u00e3o Francisco vence o Pr\u00eamio ANA - Blog do Farn\u00e9sio\",\"isPartOf\":{\"@id\":\"https:\\\/\\\/blogdofarnesio.com.br\\\/#website\"},\"primaryImageOfPage\":{\"@id\":\"https:\\\/\\\/blogdofarnesio.com.br\\\/?p=281533#primaryimage\"},\"image\":{\"@id\":\"https:\\\/\\\/blogdofarnesio.com.br\\\/?p=281533#primaryimage\"},\"thumbnailUrl\":\"https:\\\/\\\/blogdofarnesio.com.br\\\/wp-content\\\/uploads\\\/2021\\\/03\\\/image001.jpg\",\"datePublished\":\"2021-03-23T14:03:31+00:00\",\"breadcrumb\":{\"@id\":\"https:\\\/\\\/blogdofarnesio.com.br\\\/?p=281533#breadcrumb\"},\"inLanguage\":\"pt-BR\",\"potentialAction\":[{\"@type\":\"ReadAction\",\"target\":[\"https:\\\/\\\/blogdofarnesio.com.br\\\/?p=281533\"]}]},{\"@type\":\"ImageObject\",\"inLanguage\":\"pt-BR\",\"@id\":\"https:\\\/\\\/blogdofarnesio.com.br\\\/?p=281533#primaryimage\",\"url\":\"https:\\\/\\\/blogdofarnesio.com.br\\\/wp-content\\\/uploads\\\/2021\\\/03\\\/image001.jpg\",\"contentUrl\":\"https:\\\/\\\/blogdofarnesio.com.br\\\/wp-content\\\/uploads\\\/2021\\\/03\\\/image001.jpg\",\"width\":942,\"height\":628},{\"@type\":\"BreadcrumbList\",\"@id\":\"https:\\\/\\\/blogdofarnesio.com.br\\\/?p=281533#breadcrumb\",\"itemListElement\":[{\"@type\":\"ListItem\",\"position\":1,\"name\":\"In\u00edcio\",\"item\":\"https:\\\/\\\/blogdofarnesio.com.br\\\/\"},{\"@type\":\"ListItem\",\"position\":2,\"name\":\"Campanha em Defesa do Rio S\u00e3o Francisco vence o Pr\u00eamio ANA\"}]},{\"@type\":\"WebSite\",\"@id\":\"https:\\\/\\\/blogdofarnesio.com.br\\\/#website\",\"url\":\"https:\\\/\\\/blogdofarnesio.com.br\\\/\",\"name\":\"Blog do Farn\u00e9sio\",\"description\":\"Quer Saber Pol\u00edtica?\",\"publisher\":{\"@id\":\"https:\\\/\\\/blogdofarnesio.com.br\\\/#organization\"},\"potentialAction\":[{\"@type\":\"SearchAction\",\"target\":{\"@type\":\"EntryPoint\",\"urlTemplate\":\"https:\\\/\\\/blogdofarnesio.com.br\\\/?s={search_term_string}\"},\"query-input\":{\"@type\":\"PropertyValueSpecification\",\"valueRequired\":true,\"valueName\":\"search_term_string\"}}],\"inLanguage\":\"pt-BR\"},{\"@type\":\"Organization\",\"@id\":\"https:\\\/\\\/blogdofarnesio.com.br\\\/#organization\",\"name\":\"Blog do Farn\u00e9sio\",\"url\":\"https:\\\/\\\/blogdofarnesio.com.br\\\/\",\"logo\":{\"@type\":\"ImageObject\",\"inLanguage\":\"pt-BR\",\"@id\":\"https:\\\/\\\/blogdofarnesio.com.br\\\/#\\\/schema\\\/logo\\\/image\\\/\",\"url\":\"https:\\\/\\\/blogdofarnesio.com.br\\\/wp-content\\\/uploads\\\/2026\\\/03\\\/cropped-logo_new-1.png\",\"contentUrl\":\"https:\\\/\\\/blogdofarnesio.com.br\\\/wp-content\\\/uploads\\\/2026\\\/03\\\/cropped-logo_new-1.png\",\"width\":881,\"height\":685,\"caption\":\"Blog do Farn\u00e9sio\"},\"image\":{\"@id\":\"https:\\\/\\\/blogdofarnesio.com.br\\\/#\\\/schema\\\/logo\\\/image\\\/\"},\"sameAs\":[\"https:\\\/\\\/www.facebook.com\\\/BlogQuerSaberPolitica\\\/\"]},{\"@type\":\"Person\",\"@id\":\"https:\\\/\\\/blogdofarnesio.com.br\\\/#\\\/schema\\\/person\\\/301c4acf522bccbfdb45af95b5b906a1\",\"name\":\"Farn\u00e9sio\",\"image\":{\"@type\":\"ImageObject\",\"inLanguage\":\"pt-BR\",\"@id\":\"https:\\\/\\\/secure.gravatar.com\\\/avatar\\\/df0c9a14567c056f8ad6876ba5bbd1e3e2c48023eb6807342fc4663adf549f38?s=96&d=mm&r=g\",\"url\":\"https:\\\/\\\/secure.gravatar.com\\\/avatar\\\/df0c9a14567c056f8ad6876ba5bbd1e3e2c48023eb6807342fc4663adf549f38?s=96&d=mm&r=g\",\"contentUrl\":\"https:\\\/\\\/secure.gravatar.com\\\/avatar\\\/df0c9a14567c056f8ad6876ba5bbd1e3e2c48023eb6807342fc4663adf549f38?s=96&d=mm&r=g\",\"caption\":\"Farn\u00e9sio\"},\"sameAs\":[\"https:\\\/\\\/quersaberpolitica.com.br\"],\"url\":\"https:\\\/\\\/blogdofarnesio.com.br\\\/?author=1\"}]}<\/script>\n<!-- \/ Yoast SEO plugin. -->","yoast_head_json":{"title":"Campanha em Defesa do Rio S\u00e3o Francisco vence o Pr\u00eamio ANA - Blog do Farn\u00e9sio","robots":{"index":"index","follow":"follow","max-snippet":"max-snippet:-1","max-image-preview":"max-image-preview:large","max-video-preview":"max-video-preview:-1"},"canonical":"https:\/\/blogdofarnesio.com.br\/?p=281533","og_locale":"pt_BR","og_type":"article","og_title":"Campanha em Defesa do Rio S\u00e3o Francisco vence o Pr\u00eamio ANA - Blog do Farn\u00e9sio","og_description":"\u00a0Trabalho realizado pelo Comit\u00ea da Bacia Hidrogr\u00e1fica do Rio S\u00e3o Francisco por meio da Ag\u00eancia Peixe Vivo foi o vencedor da categoria Entes do Sistema Nacional de Gerenciamento de Recursos H\u00eddricos &nbsp; Em 22 de mar\u00e7o, Dia Mundial da \u00c1gua, a Ag\u00eancia Nacional de \u00c1guas e Saneamento B\u00e1sico (ANA) anunciou os trabalhos vencedores das oito categorias do Pr\u00eamio ANA 2020: Comunica\u00e7\u00e3o, Educa\u00e7\u00e3o, Empresas de M\u00e9dio e de Grande Porte, Empresas de Micro ou de Pequeno Porte, Entes do Sistema Nacional de Gerenciamento de Recursos H\u00eddricos (SINGREH), Governo, Organiza\u00e7\u00f5es Civis, al\u00e9m de Pesquisa e Inova\u00e7\u00e3o Tecnol\u00f3gica. A cerim\u00f4nia de an\u00fancio dos vencedores est\u00e1 dispon\u00edvel no canal da institui\u00e7\u00e3o no YouTube (www.youtube.com\/anagovbr) e integra a programa\u00e7\u00e3o do\u00a0Semin\u00e1rio \u00c1guas Brasileiras. &nbsp; Realizada pelo&hellip;","og_url":"https:\/\/blogdofarnesio.com.br\/?p=281533","og_site_name":"Blog do Farn\u00e9sio","article_publisher":"https:\/\/www.facebook.com\/BlogQuerSaberPolitica\/","article_published_time":"2021-03-23T14:03:31+00:00","og_image":[{"width":942,"height":628,"url":"https:\/\/blogdofarnesio.com.br\/wp-content\/uploads\/2021\/03\/image001.jpg","type":"image\/jpeg"}],"author":"Farn\u00e9sio","twitter_card":"summary_large_image","twitter_misc":{"Escrito por":"Farn\u00e9sio","Est. tempo de leitura":"6 minutos"},"schema":{"@context":"https:\/\/schema.org","@graph":[{"@type":"Article","@id":"https:\/\/blogdofarnesio.com.br\/?p=281533#article","isPartOf":{"@id":"https:\/\/blogdofarnesio.com.br\/?p=281533"},"author":{"name":"Farn\u00e9sio","@id":"https:\/\/blogdofarnesio.com.br\/#\/schema\/person\/301c4acf522bccbfdb45af95b5b906a1"},"headline":"Campanha em Defesa do Rio S\u00e3o Francisco vence o Pr\u00eamio ANA","datePublished":"2021-03-23T14:03:31+00:00","mainEntityOfPage":{"@id":"https:\/\/blogdofarnesio.com.br\/?p=281533"},"wordCount":1214,"publisher":{"@id":"https:\/\/blogdofarnesio.com.br\/#organization"},"image":{"@id":"https:\/\/blogdofarnesio.com.br\/?p=281533#primaryimage"},"thumbnailUrl":"https:\/\/blogdofarnesio.com.br\/wp-content\/uploads\/2021\/03\/image001.jpg","articleSection":["Meio Ambiente"],"inLanguage":"pt-BR"},{"@type":"WebPage","@id":"https:\/\/blogdofarnesio.com.br\/?p=281533","url":"https:\/\/blogdofarnesio.com.br\/?p=281533","name":"Campanha em Defesa do Rio S\u00e3o Francisco vence o Pr\u00eamio ANA - Blog do Farn\u00e9sio","isPartOf":{"@id":"https:\/\/blogdofarnesio.com.br\/#website"},"primaryImageOfPage":{"@id":"https:\/\/blogdofarnesio.com.br\/?p=281533#primaryimage"},"image":{"@id":"https:\/\/blogdofarnesio.com.br\/?p=281533#primaryimage"},"thumbnailUrl":"https:\/\/blogdofarnesio.com.br\/wp-content\/uploads\/2021\/03\/image001.jpg","datePublished":"2021-03-23T14:03:31+00:00","breadcrumb":{"@id":"https:\/\/blogdofarnesio.com.br\/?p=281533#breadcrumb"},"inLanguage":"pt-BR","potentialAction":[{"@type":"ReadAction","target":["https:\/\/blogdofarnesio.com.br\/?p=281533"]}]},{"@type":"ImageObject","inLanguage":"pt-BR","@id":"https:\/\/blogdofarnesio.com.br\/?p=281533#primaryimage","url":"https:\/\/blogdofarnesio.com.br\/wp-content\/uploads\/2021\/03\/image001.jpg","contentUrl":"https:\/\/blogdofarnesio.com.br\/wp-content\/uploads\/2021\/03\/image001.jpg","width":942,"height":628},{"@type":"BreadcrumbList","@id":"https:\/\/blogdofarnesio.com.br\/?p=281533#breadcrumb","itemListElement":[{"@type":"ListItem","position":1,"name":"In\u00edcio","item":"https:\/\/blogdofarnesio.com.br\/"},{"@type":"ListItem","position":2,"name":"Campanha em Defesa do Rio S\u00e3o Francisco vence o Pr\u00eamio ANA"}]},{"@type":"WebSite","@id":"https:\/\/blogdofarnesio.com.br\/#website","url":"https:\/\/blogdofarnesio.com.br\/","name":"Blog do Farn\u00e9sio","description":"Quer Saber Pol\u00edtica?","publisher":{"@id":"https:\/\/blogdofarnesio.com.br\/#organization"},"potentialAction":[{"@type":"SearchAction","target":{"@type":"EntryPoint","urlTemplate":"https:\/\/blogdofarnesio.com.br\/?s={search_term_string}"},"query-input":{"@type":"PropertyValueSpecification","valueRequired":true,"valueName":"search_term_string"}}],"inLanguage":"pt-BR"},{"@type":"Organization","@id":"https:\/\/blogdofarnesio.com.br\/#organization","name":"Blog do Farn\u00e9sio","url":"https:\/\/blogdofarnesio.com.br\/","logo":{"@type":"ImageObject","inLanguage":"pt-BR","@id":"https:\/\/blogdofarnesio.com.br\/#\/schema\/logo\/image\/","url":"https:\/\/blogdofarnesio.com.br\/wp-content\/uploads\/2026\/03\/cropped-logo_new-1.png","contentUrl":"https:\/\/blogdofarnesio.com.br\/wp-content\/uploads\/2026\/03\/cropped-logo_new-1.png","width":881,"height":685,"caption":"Blog do Farn\u00e9sio"},"image":{"@id":"https:\/\/blogdofarnesio.com.br\/#\/schema\/logo\/image\/"},"sameAs":["https:\/\/www.facebook.com\/BlogQuerSaberPolitica\/"]},{"@type":"Person","@id":"https:\/\/blogdofarnesio.com.br\/#\/schema\/person\/301c4acf522bccbfdb45af95b5b906a1","name":"Farn\u00e9sio","image":{"@type":"ImageObject","inLanguage":"pt-BR","@id":"https:\/\/secure.gravatar.com\/avatar\/df0c9a14567c056f8ad6876ba5bbd1e3e2c48023eb6807342fc4663adf549f38?s=96&d=mm&r=g","url":"https:\/\/secure.gravatar.com\/avatar\/df0c9a14567c056f8ad6876ba5bbd1e3e2c48023eb6807342fc4663adf549f38?s=96&d=mm&r=g","contentUrl":"https:\/\/secure.gravatar.com\/avatar\/df0c9a14567c056f8ad6876ba5bbd1e3e2c48023eb6807342fc4663adf549f38?s=96&d=mm&r=g","caption":"Farn\u00e9sio"},"sameAs":["https:\/\/quersaberpolitica.com.br"],"url":"https:\/\/blogdofarnesio.com.br\/?author=1"}]}},"_links":{"self":[{"href":"https:\/\/blogdofarnesio.com.br\/index.php?rest_route=\/wp\/v2\/posts\/281533","targetHints":{"allow":["GET"]}}],"collection":[{"href":"https:\/\/blogdofarnesio.com.br\/index.php?rest_route=\/wp\/v2\/posts"}],"about":[{"href":"https:\/\/blogdofarnesio.com.br\/index.php?rest_route=\/wp\/v2\/types\/post"}],"author":[{"embeddable":true,"href":"https:\/\/blogdofarnesio.com.br\/index.php?rest_route=\/wp\/v2\/users\/1"}],"replies":[{"embeddable":true,"href":"https:\/\/blogdofarnesio.com.br\/index.php?rest_route=%2Fwp%2Fv2%2Fcomments&post=281533"}],"version-history":[{"count":0,"href":"https:\/\/blogdofarnesio.com.br\/index.php?rest_route=\/wp\/v2\/posts\/281533\/revisions"}],"wp:featuredmedia":[{"embeddable":true,"href":"https:\/\/blogdofarnesio.com.br\/index.php?rest_route=\/wp\/v2\/media\/281534"}],"wp:attachment":[{"href":"https:\/\/blogdofarnesio.com.br\/index.php?rest_route=%2Fwp%2Fv2%2Fmedia&parent=281533"}],"wp:term":[{"taxonomy":"category","embeddable":true,"href":"https:\/\/blogdofarnesio.com.br\/index.php?rest_route=%2Fwp%2Fv2%2Fcategories&post=281533"},{"taxonomy":"post_tag","embeddable":true,"href":"https:\/\/blogdofarnesio.com.br\/index.php?rest_route=%2Fwp%2Fv2%2Ftags&post=281533"}],"curies":[{"name":"wp","href":"https:\/\/api.w.org\/{rel}","templated":true}]}}