{"id":281505,"date":"2021-03-22T19:22:46","date_gmt":"2021-03-22T22:22:46","guid":{"rendered":"http:\/\/quersaberpolitica.com.br\/2016\/?p=281505"},"modified":"2021-03-22T19:22:46","modified_gmt":"2021-03-22T22:22:46","slug":"mais-duas-familias-de-juazeiro-choram-a-perde-de-familiares-para-a-covid-19-e-confirmacao-de-89-novos-casos","status":"publish","type":"post","link":"https:\/\/blogdofarnesio.com.br\/?p=281505","title":{"rendered":"Mais duas fam\u00edlias de Juazeiro, choram a perde de familiares para a covid-19 e confirma\u00e7\u00e3o de 89 novos casos"},"content":{"rendered":"<p style=\"font-weight: 400;\">Juazeiro registrou dois \u00f3bitos por complica\u00e7\u00f5es da Covid-19 e 89 novos casos da doen\u00e7a nas \u00faltimas 24 horas. A informa\u00e7\u00e3o est\u00e1 no boletim epidemiol\u00f3gico da Secretaria Municipal de Sa\u00fade desta segunda-feira (22). O levantamento mostra que 10.853 moradores foram infectados desde o in\u00edcio da pandemia na cidade, dos quais 9.838 j\u00e1 est\u00e3o recuperados. Os casos descartados somam 21.085. Juazeiro tem 825 casos ativos do novo coronav\u00edrus.<\/p>\n<p style=\"font-weight: 400;\">Os \u00f3bitos registrados no boletim desta segunda s\u00e3o de dois homens &#8211; um de 81 e outro de 74 anos, ambos com hist\u00f3rico de outras doen\u00e7as. O mais velho morreu num hospital privado em Petrolina, enquanto o outro homem faleceu no Hospital Regional de Juazeiro (HRJ). Com isso, o munic\u00edpio contabiliza o total de 190 mortes pela Covid-19.<\/p>\n<p style=\"font-weight: 400;\">Foram realizados desde o in\u00edcio da pandemia 28.596 testes r\u00e1pidos pela prefeitura e 1.432 pelo Lacen, em Salvador.<\/p>\n<p style=\"font-weight: 400;\"><strong>Ocupa\u00e7\u00e3o de leitos<\/strong><\/p>\n<p style=\"font-weight: 400;\">Dos internados regulados somente pela rede municipal, houve altera\u00e7\u00e3o nas \u00faltimas 24 horas. Na rede hospitalar, o percentual de ocupa\u00e7\u00e3o dos leitos para Juazeiro na rede PEBA (hospitais de Pernambuco e Bahia) \u00e9 de 95%, com 8 leitos dispon\u00edveis. Somente em Juazeiro, 100% dos leitos para pacientes com Covid-19 est\u00e3o ocupados.<\/p>\n<p style=\"font-weight: 400;\"><strong>Imuniza\u00e7\u00e3o<\/strong><\/p>\n<p style=\"font-weight: 400;\">A Prefeitura de Juazeiro vai montar nesta ter\u00e7a-feira (23), um \u2018drive thru\u2019 na Orla II da cidade, das 9h \u00e0s 12h,\u00a0 para vacinar idosos acima de 68 anos. Essa mesma faixa et\u00e1ria poder\u00e1 ser vacinada nesta ter\u00e7a-feira nas unidades de sa\u00fade e escolas que funcionar\u00e3o como postos estrat\u00e9gicos.<\/p>\n<p style=\"font-weight: 400;\"><strong>Postos de vacina\u00e7\u00e3o<\/strong><\/p>\n<p style=\"font-weight: 400;\">Funcionar\u00e3o como postos de vacina\u00e7\u00e3o: Creche Maria Tanuri, no bairro Santo Ant\u00f4nio, Col\u00e9gio Carmem Costa, no Alto da Alian\u00e7a, Escola Iracema Pereira Paix\u00e3o, no Bairro S\u00e3o Geraldo e Escola Cremildes Brand\u00e3o, na Vila Jacar\u00e9.<\/p>\n<p style=\"font-weight: 400;\">Tamb\u00e9m far\u00e3o aplica\u00e7\u00e3o de vacinas as UBS\u2019s do Jardim Fl\u00f3rida, Quid\u00e9, Alto da Maravilha, CSU, Dom Jos\u00e9 Rodrigues, Jo\u00e3o Paulo II e Itaberaba.<\/p>\n<p style=\"font-weight: 400;\">\u00a0As escolas e as Unidades B\u00e1sicas de Sa\u00fade v\u00e3o funcionar para vacinar das 9h \u00e0s 12h e das 14h \u00e0s 16h30.<\/p>\n<p style=\"font-weight: 400;\">\n<p style=\"font-weight: 400;\">Texto: Maria Lima &#8211; Assessora de Imprensa<\/p>\n","protected":false},"excerpt":{"rendered":"<p>Juazeiro registrou dois \u00f3bitos por complica\u00e7\u00f5es da Covid-19 e 89 novos casos da doen\u00e7a nas \u00faltimas 24 horas. A informa\u00e7\u00e3o est\u00e1 no boletim epidemiol\u00f3gico da Secretaria Municipal de Sa\u00fade desta segunda-feira (22). O levantamento mostra que 10.853 moradores foram infectados desde o in\u00edcio da pandemia na cidade, dos quais 9.838 j\u00e1 est\u00e3o recuperados. Os casos descartados somam 21.085. Juazeiro tem 825 casos ativos do novo coronav\u00edrus. Os \u00f3bitos registrados no boletim desta segunda s\u00e3o de dois homens &#8211; um de 81 e outro de 74 anos, ambos com hist\u00f3rico de outras doen\u00e7as. O mais velho morreu num hospital privado em Petrolina, enquanto o outro homem faleceu no Hospital Regional de Juazeiro (HRJ). Com isso, o munic\u00edpio contabiliza o total de&hellip; <\/p>\n","protected":false},"author":1,"featured_media":281506,"comment_status":"closed","ping_status":"closed","sticky":false,"template":"","format":"standard","meta":{"_acf_changed":false,"footnotes":""},"categories":[4],"tags":[],"class_list":["post-281505","post","type-post","status-publish","format-standard","has-post-thumbnail","hentry","category-saude"],"acf":[],"yoast_head":"<!-- This site is optimized with the Yoast SEO plugin v27.4 - https:\/\/yoast.com\/product\/yoast-seo-wordpress\/ -->\n<title>Mais duas fam\u00edlias de Juazeiro, choram a perde de familiares para a covid-19 e confirma\u00e7\u00e3o de 89 novos casos - Blog do Farn\u00e9sio<\/title>\n<meta name=\"robots\" content=\"index, follow, max-snippet:-1, max-image-preview:large, max-video-preview:-1\" \/>\n<link rel=\"canonical\" href=\"https:\/\/blogdofarnesio.com.br\/?p=281505\" \/>\n<meta property=\"og:locale\" content=\"pt_BR\" \/>\n<meta property=\"og:type\" content=\"article\" \/>\n<meta property=\"og:title\" content=\"Mais duas fam\u00edlias de Juazeiro, choram a perde de familiares para a covid-19 e confirma\u00e7\u00e3o de 89 novos casos - Blog do Farn\u00e9sio\" \/>\n<meta property=\"og:description\" content=\"Juazeiro registrou dois \u00f3bitos por complica\u00e7\u00f5es da Covid-19 e 89 novos casos da doen\u00e7a nas \u00faltimas 24 horas. A informa\u00e7\u00e3o est\u00e1 no boletim epidemiol\u00f3gico da Secretaria Municipal de Sa\u00fade desta segunda-feira (22). O levantamento mostra que 10.853 moradores foram infectados desde o in\u00edcio da pandemia na cidade, dos quais 9.838 j\u00e1 est\u00e3o recuperados. Os casos descartados somam 21.085. Juazeiro tem 825 casos ativos do novo coronav\u00edrus. Os \u00f3bitos registrados no boletim desta segunda s\u00e3o de dois homens &#8211; um de 81 e outro de 74 anos, ambos com hist\u00f3rico de outras doen\u00e7as. O mais velho morreu num hospital privado em Petrolina, enquanto o outro homem faleceu no Hospital Regional de Juazeiro (HRJ). Com isso, o munic\u00edpio contabiliza o total de&hellip;\" \/>\n<meta property=\"og:url\" content=\"https:\/\/blogdofarnesio.com.br\/?p=281505\" \/>\n<meta property=\"og:site_name\" content=\"Blog do Farn\u00e9sio\" \/>\n<meta property=\"article:publisher\" content=\"https:\/\/www.facebook.com\/BlogQuerSaberPolitica\/\" \/>\n<meta property=\"article:published_time\" content=\"2021-03-22T22:22:46+00:00\" \/>\n<meta property=\"og:image\" content=\"https:\/\/blogdofarnesio.com.br\/wp-content\/uploads\/2021\/03\/Boletim-covid-22.03-Juazeiro-scaled-e1616451749600.jpg\" \/>\n\t<meta property=\"og:image:width\" content=\"560\" \/>\n\t<meta property=\"og:image:height\" content=\"438\" \/>\n\t<meta property=\"og:image:type\" content=\"image\/jpeg\" \/>\n<meta name=\"author\" content=\"Farn\u00e9sio\" \/>\n<meta name=\"twitter:card\" content=\"summary_large_image\" \/>\n<meta name=\"twitter:label1\" content=\"Escrito por\" \/>\n\t<meta name=\"twitter:data1\" content=\"Farn\u00e9sio\" \/>\n\t<meta name=\"twitter:label2\" content=\"Est. tempo de leitura\" \/>\n\t<meta name=\"twitter:data2\" content=\"2 minutos\" \/>\n<script type=\"application\/ld+json\" class=\"yoast-schema-graph\">{\"@context\":\"https:\\\/\\\/schema.org\",\"@graph\":[{\"@type\":\"Article\",\"@id\":\"https:\\\/\\\/blogdofarnesio.com.br\\\/?p=281505#article\",\"isPartOf\":{\"@id\":\"https:\\\/\\\/blogdofarnesio.com.br\\\/?p=281505\"},\"author\":{\"name\":\"Farn\u00e9sio\",\"@id\":\"https:\\\/\\\/blogdofarnesio.com.br\\\/#\\\/schema\\\/person\\\/301c4acf522bccbfdb45af95b5b906a1\"},\"headline\":\"Mais duas fam\u00edlias de Juazeiro, choram a perde de familiares para a covid-19 e confirma\u00e7\u00e3o de 89 novos casos\",\"datePublished\":\"2021-03-22T22:22:46+00:00\",\"mainEntityOfPage\":{\"@id\":\"https:\\\/\\\/blogdofarnesio.com.br\\\/?p=281505\"},\"wordCount\":378,\"publisher\":{\"@id\":\"https:\\\/\\\/blogdofarnesio.com.br\\\/#organization\"},\"image\":{\"@id\":\"https:\\\/\\\/blogdofarnesio.com.br\\\/?p=281505#primaryimage\"},\"thumbnailUrl\":\"https:\\\/\\\/blogdofarnesio.com.br\\\/wp-content\\\/uploads\\\/2021\\\/03\\\/Boletim-covid-22.03-Juazeiro-scaled-e1616451749600.jpg\",\"articleSection\":[\"Sa\u00fade\"],\"inLanguage\":\"pt-BR\"},{\"@type\":\"WebPage\",\"@id\":\"https:\\\/\\\/blogdofarnesio.com.br\\\/?p=281505\",\"url\":\"https:\\\/\\\/blogdofarnesio.com.br\\\/?p=281505\",\"name\":\"Mais duas fam\u00edlias de Juazeiro, choram a perde de familiares para a covid-19 e confirma\u00e7\u00e3o de 89 novos casos - Blog do Farn\u00e9sio\",\"isPartOf\":{\"@id\":\"https:\\\/\\\/blogdofarnesio.com.br\\\/#website\"},\"primaryImageOfPage\":{\"@id\":\"https:\\\/\\\/blogdofarnesio.com.br\\\/?p=281505#primaryimage\"},\"image\":{\"@id\":\"https:\\\/\\\/blogdofarnesio.com.br\\\/?p=281505#primaryimage\"},\"thumbnailUrl\":\"https:\\\/\\\/blogdofarnesio.com.br\\\/wp-content\\\/uploads\\\/2021\\\/03\\\/Boletim-covid-22.03-Juazeiro-scaled-e1616451749600.jpg\",\"datePublished\":\"2021-03-22T22:22:46+00:00\",\"breadcrumb\":{\"@id\":\"https:\\\/\\\/blogdofarnesio.com.br\\\/?p=281505#breadcrumb\"},\"inLanguage\":\"pt-BR\",\"potentialAction\":[{\"@type\":\"ReadAction\",\"target\":[\"https:\\\/\\\/blogdofarnesio.com.br\\\/?p=281505\"]}]},{\"@type\":\"ImageObject\",\"inLanguage\":\"pt-BR\",\"@id\":\"https:\\\/\\\/blogdofarnesio.com.br\\\/?p=281505#primaryimage\",\"url\":\"https:\\\/\\\/blogdofarnesio.com.br\\\/wp-content\\\/uploads\\\/2021\\\/03\\\/Boletim-covid-22.03-Juazeiro-scaled-e1616451749600.jpg\",\"contentUrl\":\"https:\\\/\\\/blogdofarnesio.com.br\\\/wp-content\\\/uploads\\\/2021\\\/03\\\/Boletim-covid-22.03-Juazeiro-scaled-e1616451749600.jpg\",\"width\":560,\"height\":438},{\"@type\":\"BreadcrumbList\",\"@id\":\"https:\\\/\\\/blogdofarnesio.com.br\\\/?p=281505#breadcrumb\",\"itemListElement\":[{\"@type\":\"ListItem\",\"position\":1,\"name\":\"In\u00edcio\",\"item\":\"https:\\\/\\\/blogdofarnesio.com.br\\\/\"},{\"@type\":\"ListItem\",\"position\":2,\"name\":\"Mais duas fam\u00edlias de Juazeiro, choram a perde de familiares para a covid-19 e confirma\u00e7\u00e3o de 89 novos casos\"}]},{\"@type\":\"WebSite\",\"@id\":\"https:\\\/\\\/blogdofarnesio.com.br\\\/#website\",\"url\":\"https:\\\/\\\/blogdofarnesio.com.br\\\/\",\"name\":\"Blog do Farn\u00e9sio\",\"description\":\"Quer Saber Pol\u00edtica?\",\"publisher\":{\"@id\":\"https:\\\/\\\/blogdofarnesio.com.br\\\/#organization\"},\"potentialAction\":[{\"@type\":\"SearchAction\",\"target\":{\"@type\":\"EntryPoint\",\"urlTemplate\":\"https:\\\/\\\/blogdofarnesio.com.br\\\/?s={search_term_string}\"},\"query-input\":{\"@type\":\"PropertyValueSpecification\",\"valueRequired\":true,\"valueName\":\"search_term_string\"}}],\"inLanguage\":\"pt-BR\"},{\"@type\":\"Organization\",\"@id\":\"https:\\\/\\\/blogdofarnesio.com.br\\\/#organization\",\"name\":\"Blog do Farn\u00e9sio\",\"url\":\"https:\\\/\\\/blogdofarnesio.com.br\\\/\",\"logo\":{\"@type\":\"ImageObject\",\"inLanguage\":\"pt-BR\",\"@id\":\"https:\\\/\\\/blogdofarnesio.com.br\\\/#\\\/schema\\\/logo\\\/image\\\/\",\"url\":\"https:\\\/\\\/blogdofarnesio.com.br\\\/wp-content\\\/uploads\\\/2026\\\/03\\\/cropped-logo_new-1.png\",\"contentUrl\":\"https:\\\/\\\/blogdofarnesio.com.br\\\/wp-content\\\/uploads\\\/2026\\\/03\\\/cropped-logo_new-1.png\",\"width\":881,\"height\":685,\"caption\":\"Blog do Farn\u00e9sio\"},\"image\":{\"@id\":\"https:\\\/\\\/blogdofarnesio.com.br\\\/#\\\/schema\\\/logo\\\/image\\\/\"},\"sameAs\":[\"https:\\\/\\\/www.facebook.com\\\/BlogQuerSaberPolitica\\\/\"]},{\"@type\":\"Person\",\"@id\":\"https:\\\/\\\/blogdofarnesio.com.br\\\/#\\\/schema\\\/person\\\/301c4acf522bccbfdb45af95b5b906a1\",\"name\":\"Farn\u00e9sio\",\"image\":{\"@type\":\"ImageObject\",\"inLanguage\":\"pt-BR\",\"@id\":\"https:\\\/\\\/secure.gravatar.com\\\/avatar\\\/df0c9a14567c056f8ad6876ba5bbd1e3e2c48023eb6807342fc4663adf549f38?s=96&d=mm&r=g\",\"url\":\"https:\\\/\\\/secure.gravatar.com\\\/avatar\\\/df0c9a14567c056f8ad6876ba5bbd1e3e2c48023eb6807342fc4663adf549f38?s=96&d=mm&r=g\",\"contentUrl\":\"https:\\\/\\\/secure.gravatar.com\\\/avatar\\\/df0c9a14567c056f8ad6876ba5bbd1e3e2c48023eb6807342fc4663adf549f38?s=96&d=mm&r=g\",\"caption\":\"Farn\u00e9sio\"},\"sameAs\":[\"https:\\\/\\\/quersaberpolitica.com.br\"],\"url\":\"https:\\\/\\\/blogdofarnesio.com.br\\\/?author=1\"}]}<\/script>\n<!-- \/ Yoast SEO plugin. -->","yoast_head_json":{"title":"Mais duas fam\u00edlias de Juazeiro, choram a perde de familiares para a covid-19 e confirma\u00e7\u00e3o de 89 novos casos - Blog do Farn\u00e9sio","robots":{"index":"index","follow":"follow","max-snippet":"max-snippet:-1","max-image-preview":"max-image-preview:large","max-video-preview":"max-video-preview:-1"},"canonical":"https:\/\/blogdofarnesio.com.br\/?p=281505","og_locale":"pt_BR","og_type":"article","og_title":"Mais duas fam\u00edlias de Juazeiro, choram a perde de familiares para a covid-19 e confirma\u00e7\u00e3o de 89 novos casos - Blog do Farn\u00e9sio","og_description":"Juazeiro registrou dois \u00f3bitos por complica\u00e7\u00f5es da Covid-19 e 89 novos casos da doen\u00e7a nas \u00faltimas 24 horas. A informa\u00e7\u00e3o est\u00e1 no boletim epidemiol\u00f3gico da Secretaria Municipal de Sa\u00fade desta segunda-feira (22). O levantamento mostra que 10.853 moradores foram infectados desde o in\u00edcio da pandemia na cidade, dos quais 9.838 j\u00e1 est\u00e3o recuperados. Os casos descartados somam 21.085. Juazeiro tem 825 casos ativos do novo coronav\u00edrus. Os \u00f3bitos registrados no boletim desta segunda s\u00e3o de dois homens &#8211; um de 81 e outro de 74 anos, ambos com hist\u00f3rico de outras doen\u00e7as. O mais velho morreu num hospital privado em Petrolina, enquanto o outro homem faleceu no Hospital Regional de Juazeiro (HRJ). Com isso, o munic\u00edpio contabiliza o total de&hellip;","og_url":"https:\/\/blogdofarnesio.com.br\/?p=281505","og_site_name":"Blog do Farn\u00e9sio","article_publisher":"https:\/\/www.facebook.com\/BlogQuerSaberPolitica\/","article_published_time":"2021-03-22T22:22:46+00:00","og_image":[{"width":560,"height":438,"url":"https:\/\/blogdofarnesio.com.br\/wp-content\/uploads\/2021\/03\/Boletim-covid-22.03-Juazeiro-scaled-e1616451749600.jpg","type":"image\/jpeg"}],"author":"Farn\u00e9sio","twitter_card":"summary_large_image","twitter_misc":{"Escrito por":"Farn\u00e9sio","Est. tempo de leitura":"2 minutos"},"schema":{"@context":"https:\/\/schema.org","@graph":[{"@type":"Article","@id":"https:\/\/blogdofarnesio.com.br\/?p=281505#article","isPartOf":{"@id":"https:\/\/blogdofarnesio.com.br\/?p=281505"},"author":{"name":"Farn\u00e9sio","@id":"https:\/\/blogdofarnesio.com.br\/#\/schema\/person\/301c4acf522bccbfdb45af95b5b906a1"},"headline":"Mais duas fam\u00edlias de Juazeiro, choram a perde de familiares para a covid-19 e confirma\u00e7\u00e3o de 89 novos casos","datePublished":"2021-03-22T22:22:46+00:00","mainEntityOfPage":{"@id":"https:\/\/blogdofarnesio.com.br\/?p=281505"},"wordCount":378,"publisher":{"@id":"https:\/\/blogdofarnesio.com.br\/#organization"},"image":{"@id":"https:\/\/blogdofarnesio.com.br\/?p=281505#primaryimage"},"thumbnailUrl":"https:\/\/blogdofarnesio.com.br\/wp-content\/uploads\/2021\/03\/Boletim-covid-22.03-Juazeiro-scaled-e1616451749600.jpg","articleSection":["Sa\u00fade"],"inLanguage":"pt-BR"},{"@type":"WebPage","@id":"https:\/\/blogdofarnesio.com.br\/?p=281505","url":"https:\/\/blogdofarnesio.com.br\/?p=281505","name":"Mais duas fam\u00edlias de Juazeiro, choram a perde de familiares para a covid-19 e confirma\u00e7\u00e3o de 89 novos casos - Blog do Farn\u00e9sio","isPartOf":{"@id":"https:\/\/blogdofarnesio.com.br\/#website"},"primaryImageOfPage":{"@id":"https:\/\/blogdofarnesio.com.br\/?p=281505#primaryimage"},"image":{"@id":"https:\/\/blogdofarnesio.com.br\/?p=281505#primaryimage"},"thumbnailUrl":"https:\/\/blogdofarnesio.com.br\/wp-content\/uploads\/2021\/03\/Boletim-covid-22.03-Juazeiro-scaled-e1616451749600.jpg","datePublished":"2021-03-22T22:22:46+00:00","breadcrumb":{"@id":"https:\/\/blogdofarnesio.com.br\/?p=281505#breadcrumb"},"inLanguage":"pt-BR","potentialAction":[{"@type":"ReadAction","target":["https:\/\/blogdofarnesio.com.br\/?p=281505"]}]},{"@type":"ImageObject","inLanguage":"pt-BR","@id":"https:\/\/blogdofarnesio.com.br\/?p=281505#primaryimage","url":"https:\/\/blogdofarnesio.com.br\/wp-content\/uploads\/2021\/03\/Boletim-covid-22.03-Juazeiro-scaled-e1616451749600.jpg","contentUrl":"https:\/\/blogdofarnesio.com.br\/wp-content\/uploads\/2021\/03\/Boletim-covid-22.03-Juazeiro-scaled-e1616451749600.jpg","width":560,"height":438},{"@type":"BreadcrumbList","@id":"https:\/\/blogdofarnesio.com.br\/?p=281505#breadcrumb","itemListElement":[{"@type":"ListItem","position":1,"name":"In\u00edcio","item":"https:\/\/blogdofarnesio.com.br\/"},{"@type":"ListItem","position":2,"name":"Mais duas fam\u00edlias de Juazeiro, choram a perde de familiares para a covid-19 e confirma\u00e7\u00e3o de 89 novos casos"}]},{"@type":"WebSite","@id":"https:\/\/blogdofarnesio.com.br\/#website","url":"https:\/\/blogdofarnesio.com.br\/","name":"Blog do Farn\u00e9sio","description":"Quer Saber Pol\u00edtica?","publisher":{"@id":"https:\/\/blogdofarnesio.com.br\/#organization"},"potentialAction":[{"@type":"SearchAction","target":{"@type":"EntryPoint","urlTemplate":"https:\/\/blogdofarnesio.com.br\/?s={search_term_string}"},"query-input":{"@type":"PropertyValueSpecification","valueRequired":true,"valueName":"search_term_string"}}],"inLanguage":"pt-BR"},{"@type":"Organization","@id":"https:\/\/blogdofarnesio.com.br\/#organization","name":"Blog do Farn\u00e9sio","url":"https:\/\/blogdofarnesio.com.br\/","logo":{"@type":"ImageObject","inLanguage":"pt-BR","@id":"https:\/\/blogdofarnesio.com.br\/#\/schema\/logo\/image\/","url":"https:\/\/blogdofarnesio.com.br\/wp-content\/uploads\/2026\/03\/cropped-logo_new-1.png","contentUrl":"https:\/\/blogdofarnesio.com.br\/wp-content\/uploads\/2026\/03\/cropped-logo_new-1.png","width":881,"height":685,"caption":"Blog do Farn\u00e9sio"},"image":{"@id":"https:\/\/blogdofarnesio.com.br\/#\/schema\/logo\/image\/"},"sameAs":["https:\/\/www.facebook.com\/BlogQuerSaberPolitica\/"]},{"@type":"Person","@id":"https:\/\/blogdofarnesio.com.br\/#\/schema\/person\/301c4acf522bccbfdb45af95b5b906a1","name":"Farn\u00e9sio","image":{"@type":"ImageObject","inLanguage":"pt-BR","@id":"https:\/\/secure.gravatar.com\/avatar\/df0c9a14567c056f8ad6876ba5bbd1e3e2c48023eb6807342fc4663adf549f38?s=96&d=mm&r=g","url":"https:\/\/secure.gravatar.com\/avatar\/df0c9a14567c056f8ad6876ba5bbd1e3e2c48023eb6807342fc4663adf549f38?s=96&d=mm&r=g","contentUrl":"https:\/\/secure.gravatar.com\/avatar\/df0c9a14567c056f8ad6876ba5bbd1e3e2c48023eb6807342fc4663adf549f38?s=96&d=mm&r=g","caption":"Farn\u00e9sio"},"sameAs":["https:\/\/quersaberpolitica.com.br"],"url":"https:\/\/blogdofarnesio.com.br\/?author=1"}]}},"_links":{"self":[{"href":"https:\/\/blogdofarnesio.com.br\/index.php?rest_route=\/wp\/v2\/posts\/281505","targetHints":{"allow":["GET"]}}],"collection":[{"href":"https:\/\/blogdofarnesio.com.br\/index.php?rest_route=\/wp\/v2\/posts"}],"about":[{"href":"https:\/\/blogdofarnesio.com.br\/index.php?rest_route=\/wp\/v2\/types\/post"}],"author":[{"embeddable":true,"href":"https:\/\/blogdofarnesio.com.br\/index.php?rest_route=\/wp\/v2\/users\/1"}],"replies":[{"embeddable":true,"href":"https:\/\/blogdofarnesio.com.br\/index.php?rest_route=%2Fwp%2Fv2%2Fcomments&post=281505"}],"version-history":[{"count":0,"href":"https:\/\/blogdofarnesio.com.br\/index.php?rest_route=\/wp\/v2\/posts\/281505\/revisions"}],"wp:featuredmedia":[{"embeddable":true,"href":"https:\/\/blogdofarnesio.com.br\/index.php?rest_route=\/wp\/v2\/media\/281506"}],"wp:attachment":[{"href":"https:\/\/blogdofarnesio.com.br\/index.php?rest_route=%2Fwp%2Fv2%2Fmedia&parent=281505"}],"wp:term":[{"taxonomy":"category","embeddable":true,"href":"https:\/\/blogdofarnesio.com.br\/index.php?rest_route=%2Fwp%2Fv2%2Fcategories&post=281505"},{"taxonomy":"post_tag","embeddable":true,"href":"https:\/\/blogdofarnesio.com.br\/index.php?rest_route=%2Fwp%2Fv2%2Ftags&post=281505"}],"curies":[{"name":"wp","href":"https:\/\/api.w.org\/{rel}","templated":true}]}}