{"id":281498,"date":"2021-03-23T08:02:07","date_gmt":"2021-03-23T11:02:07","guid":{"rendered":"http:\/\/quersaberpolitica.com.br\/2016\/?p=281498"},"modified":"2021-03-22T19:17:07","modified_gmt":"2021-03-22T22:17:07","slug":"moradores-das-ilhas-em-belem-do-sao-francisco-recebem-representantes-da-chesf-acompanhados-de-policiais-com-informacoes-de-despejo-em-30-dias","status":"publish","type":"post","link":"https:\/\/blogdofarnesio.com.br\/?p=281498","title":{"rendered":"Moradores das Ilhas em Bel\u00e9m do S\u00e3o Francisco recebem representantes da Chesf acompanhados de policiais com informa\u00e7\u00f5es de despejo em 30 dias"},"content":{"rendered":"<p><em>As fam\u00edlias est\u00e3o sem saber o que fazer<\/em><\/p>\n<p>Segundo essas fam\u00edlias, t\u00e9cnicos acompanhados de pol\u00edcias visitaram essas propriedades e disseram que eram funcion\u00e1rios da CHESF, apresentando documentos da companhia, dando prazo de 30 dias para que elas sa\u00edam das propriedades. Como n\u00e3o poderia ser diferente, essas fam\u00edlias est\u00e3o com medo de perderem suas terras e o que j\u00e1 investiram para trabalhar.<\/p>\n<p>Em contato com R\u00e1dio CANABRAVA FM de Bel\u00e9m, o Programa Espa\u00e7o Livre tomou conhecimento de que o Advogado Dr Tadeu S\u00e1, que tamb\u00e9m mora em uma propriedade, foi visitada pelos t\u00e9cnicos. Em entrevista ao apresentador do Programa Espa\u00e7o Livre, Ademir Martins, Dr Tadeu S\u00e1 disse que a situa\u00e7\u00e3o \u00e9 bastante delicada e esclareceu v\u00e1rias d\u00favidas dessas fam\u00edlias.<\/p>\n<p>Declarou o Advogado e morador da \u00e1rea em quest\u00e3o, Tadeu S\u00e1, que os t\u00e9cnicos pertencem a uma empresa terceirizada, contratada pela CHESF. Durante a entrevista, Dr Tadeu S\u00e1 disse que entrou em contato com a ger\u00eancia da CHESF em Paulo Afonso e que nem eles sabem desse levantamento.<\/p>\n<p>Nesse momento de extrema tens\u00e3o, essas fam\u00edlias querem respostas mais detalhadas da CHESF com rela\u00e7\u00e3o a visita desses t\u00e9cnicos. Se procede ou n\u00e3o, se ter\u00e3o que sair, se ser\u00e3o indenizadas ou que rumo seguirem. Todos esperam um esclarecimento da CHESF, pois tamb\u00e9m alegam que nenhum comunicado foi feito em r\u00e1dios ou Internet dessas visitas e que h\u00e1 um descr\u00e9dito de que a CHESF enviou esses t\u00e9cnicos acompanhados de policiais.<\/p>\n<p>Dr Tadeu S\u00e1 que tamb\u00e9m foi notificado, orientou que todos se unam para buscar seus direitos.<\/p>\n<p>Veja o documento apresentado<img loading=\"lazy\" decoding=\"async\" class=\"aligncenter size-full wp-image-281500\" src=\"http:\/\/quersaberpolitica.com.br\/2016\/wp-content\/uploads\/2021\/03\/blogqspbelem-documento-chesf-e1616451196516.jpg\" alt=\"\" width=\"449\" height=\"635\" \/><\/p>\n<p>Com informa\u00e7\u00f5es de Ademir Martins\/Canabrava FM<\/p>\n","protected":false},"excerpt":{"rendered":"<p>As fam\u00edlias est\u00e3o sem saber o que fazer Segundo essas fam\u00edlias, t\u00e9cnicos acompanhados de pol\u00edcias visitaram essas propriedades e disseram que eram funcion\u00e1rios da CHESF, apresentando documentos da companhia, dando prazo de 30 dias para que elas sa\u00edam das propriedades. Como n\u00e3o poderia ser diferente, essas fam\u00edlias est\u00e3o com medo de perderem suas terras e o que j\u00e1 investiram para trabalhar. Em contato com R\u00e1dio CANABRAVA FM de Bel\u00e9m, o Programa Espa\u00e7o Livre tomou conhecimento de que o Advogado Dr Tadeu S\u00e1, que tamb\u00e9m mora em uma propriedade, foi visitada pelos t\u00e9cnicos. Em entrevista ao apresentador do Programa Espa\u00e7o Livre, Ademir Martins, Dr Tadeu S\u00e1 disse que a situa\u00e7\u00e3o \u00e9 bastante delicada e esclareceu v\u00e1rias d\u00favidas dessas fam\u00edlias. Declarou o&hellip; <\/p>\n","protected":false},"author":1,"featured_media":281501,"comment_status":"closed","ping_status":"closed","sticky":false,"template":"","format":"standard","meta":{"_acf_changed":false,"footnotes":""},"categories":[27],"tags":[],"class_list":["post-281498","post","type-post","status-publish","format-standard","has-post-thumbnail","hentry","category-cidades"],"acf":[],"yoast_head":"<!-- This site is optimized with the Yoast SEO plugin v27.4 - https:\/\/yoast.com\/product\/yoast-seo-wordpress\/ -->\n<title>Moradores das Ilhas em Bel\u00e9m do S\u00e3o Francisco recebem representantes da Chesf acompanhados de policiais com informa\u00e7\u00f5es de despejo em 30 dias - Blog do Farn\u00e9sio<\/title>\n<meta name=\"robots\" content=\"index, follow, max-snippet:-1, max-image-preview:large, max-video-preview:-1\" \/>\n<link rel=\"canonical\" href=\"https:\/\/blogdofarnesio.com.br\/?p=281498\" \/>\n<meta property=\"og:locale\" content=\"pt_BR\" \/>\n<meta property=\"og:type\" content=\"article\" \/>\n<meta property=\"og:title\" content=\"Moradores das Ilhas em Bel\u00e9m do S\u00e3o Francisco recebem representantes da Chesf acompanhados de policiais com informa\u00e7\u00f5es de despejo em 30 dias - Blog do Farn\u00e9sio\" \/>\n<meta property=\"og:description\" content=\"As fam\u00edlias est\u00e3o sem saber o que fazer Segundo essas fam\u00edlias, t\u00e9cnicos acompanhados de pol\u00edcias visitaram essas propriedades e disseram que eram funcion\u00e1rios da CHESF, apresentando documentos da companhia, dando prazo de 30 dias para que elas sa\u00edam das propriedades. Como n\u00e3o poderia ser diferente, essas fam\u00edlias est\u00e3o com medo de perderem suas terras e o que j\u00e1 investiram para trabalhar. Em contato com R\u00e1dio CANABRAVA FM de Bel\u00e9m, o Programa Espa\u00e7o Livre tomou conhecimento de que o Advogado Dr Tadeu S\u00e1, que tamb\u00e9m mora em uma propriedade, foi visitada pelos t\u00e9cnicos. Em entrevista ao apresentador do Programa Espa\u00e7o Livre, Ademir Martins, Dr Tadeu S\u00e1 disse que a situa\u00e7\u00e3o \u00e9 bastante delicada e esclareceu v\u00e1rias d\u00favidas dessas fam\u00edlias. Declarou o&hellip;\" \/>\n<meta property=\"og:url\" content=\"https:\/\/blogdofarnesio.com.br\/?p=281498\" \/>\n<meta property=\"og:site_name\" content=\"Blog do Farn\u00e9sio\" \/>\n<meta property=\"article:publisher\" content=\"https:\/\/www.facebook.com\/BlogQuerSaberPolitica\/\" \/>\n<meta property=\"article:published_time\" content=\"2021-03-23T11:02:07+00:00\" \/>\n<meta property=\"og:image\" content=\"https:\/\/blogdofarnesio.com.br\/wp-content\/uploads\/2021\/03\/Blogqspbelem-tadeu-sa-canabrava-fm-e1616451119930.jpg\" \/>\n\t<meta property=\"og:image:width\" content=\"680\" \/>\n\t<meta property=\"og:image:height\" content=\"383\" \/>\n\t<meta property=\"og:image:type\" content=\"image\/jpeg\" \/>\n<meta name=\"author\" content=\"Farn\u00e9sio\" \/>\n<meta name=\"twitter:card\" content=\"summary_large_image\" \/>\n<meta name=\"twitter:label1\" content=\"Escrito por\" \/>\n\t<meta name=\"twitter:data1\" content=\"Farn\u00e9sio\" \/>\n\t<meta name=\"twitter:label2\" content=\"Est. tempo de leitura\" \/>\n\t<meta name=\"twitter:data2\" content=\"1 minuto\" \/>\n<script type=\"application\/ld+json\" class=\"yoast-schema-graph\">{\"@context\":\"https:\\\/\\\/schema.org\",\"@graph\":[{\"@type\":\"Article\",\"@id\":\"https:\\\/\\\/blogdofarnesio.com.br\\\/?p=281498#article\",\"isPartOf\":{\"@id\":\"https:\\\/\\\/blogdofarnesio.com.br\\\/?p=281498\"},\"author\":{\"name\":\"Farn\u00e9sio\",\"@id\":\"https:\\\/\\\/blogdofarnesio.com.br\\\/#\\\/schema\\\/person\\\/301c4acf522bccbfdb45af95b5b906a1\"},\"headline\":\"Moradores das Ilhas em Bel\u00e9m do S\u00e3o Francisco recebem representantes da Chesf acompanhados de policiais com informa\u00e7\u00f5es de despejo em 30 dias\",\"datePublished\":\"2021-03-23T11:02:07+00:00\",\"mainEntityOfPage\":{\"@id\":\"https:\\\/\\\/blogdofarnesio.com.br\\\/?p=281498\"},\"wordCount\":320,\"publisher\":{\"@id\":\"https:\\\/\\\/blogdofarnesio.com.br\\\/#organization\"},\"image\":{\"@id\":\"https:\\\/\\\/blogdofarnesio.com.br\\\/?p=281498#primaryimage\"},\"thumbnailUrl\":\"https:\\\/\\\/blogdofarnesio.com.br\\\/wp-content\\\/uploads\\\/2021\\\/03\\\/Blogqspbelem-tadeu-sa-canabrava-fm-e1616451119930.jpg\",\"articleSection\":[\"Cidades\"],\"inLanguage\":\"pt-BR\"},{\"@type\":\"WebPage\",\"@id\":\"https:\\\/\\\/blogdofarnesio.com.br\\\/?p=281498\",\"url\":\"https:\\\/\\\/blogdofarnesio.com.br\\\/?p=281498\",\"name\":\"Moradores das Ilhas em Bel\u00e9m do S\u00e3o Francisco recebem representantes da Chesf acompanhados de policiais com informa\u00e7\u00f5es de despejo em 30 dias - Blog do Farn\u00e9sio\",\"isPartOf\":{\"@id\":\"https:\\\/\\\/blogdofarnesio.com.br\\\/#website\"},\"primaryImageOfPage\":{\"@id\":\"https:\\\/\\\/blogdofarnesio.com.br\\\/?p=281498#primaryimage\"},\"image\":{\"@id\":\"https:\\\/\\\/blogdofarnesio.com.br\\\/?p=281498#primaryimage\"},\"thumbnailUrl\":\"https:\\\/\\\/blogdofarnesio.com.br\\\/wp-content\\\/uploads\\\/2021\\\/03\\\/Blogqspbelem-tadeu-sa-canabrava-fm-e1616451119930.jpg\",\"datePublished\":\"2021-03-23T11:02:07+00:00\",\"breadcrumb\":{\"@id\":\"https:\\\/\\\/blogdofarnesio.com.br\\\/?p=281498#breadcrumb\"},\"inLanguage\":\"pt-BR\",\"potentialAction\":[{\"@type\":\"ReadAction\",\"target\":[\"https:\\\/\\\/blogdofarnesio.com.br\\\/?p=281498\"]}]},{\"@type\":\"ImageObject\",\"inLanguage\":\"pt-BR\",\"@id\":\"https:\\\/\\\/blogdofarnesio.com.br\\\/?p=281498#primaryimage\",\"url\":\"https:\\\/\\\/blogdofarnesio.com.br\\\/wp-content\\\/uploads\\\/2021\\\/03\\\/Blogqspbelem-tadeu-sa-canabrava-fm-e1616451119930.jpg\",\"contentUrl\":\"https:\\\/\\\/blogdofarnesio.com.br\\\/wp-content\\\/uploads\\\/2021\\\/03\\\/Blogqspbelem-tadeu-sa-canabrava-fm-e1616451119930.jpg\",\"width\":680,\"height\":383,\"caption\":\"Tadeu S\u00e1 Foto Ademir Martins\"},{\"@type\":\"BreadcrumbList\",\"@id\":\"https:\\\/\\\/blogdofarnesio.com.br\\\/?p=281498#breadcrumb\",\"itemListElement\":[{\"@type\":\"ListItem\",\"position\":1,\"name\":\"In\u00edcio\",\"item\":\"https:\\\/\\\/blogdofarnesio.com.br\\\/\"},{\"@type\":\"ListItem\",\"position\":2,\"name\":\"Moradores das Ilhas em Bel\u00e9m do S\u00e3o Francisco recebem representantes da Chesf acompanhados de policiais com informa\u00e7\u00f5es de despejo em 30 dias\"}]},{\"@type\":\"WebSite\",\"@id\":\"https:\\\/\\\/blogdofarnesio.com.br\\\/#website\",\"url\":\"https:\\\/\\\/blogdofarnesio.com.br\\\/\",\"name\":\"Blog do Farn\u00e9sio\",\"description\":\"Quer Saber Pol\u00edtica?\",\"publisher\":{\"@id\":\"https:\\\/\\\/blogdofarnesio.com.br\\\/#organization\"},\"potentialAction\":[{\"@type\":\"SearchAction\",\"target\":{\"@type\":\"EntryPoint\",\"urlTemplate\":\"https:\\\/\\\/blogdofarnesio.com.br\\\/?s={search_term_string}\"},\"query-input\":{\"@type\":\"PropertyValueSpecification\",\"valueRequired\":true,\"valueName\":\"search_term_string\"}}],\"inLanguage\":\"pt-BR\"},{\"@type\":\"Organization\",\"@id\":\"https:\\\/\\\/blogdofarnesio.com.br\\\/#organization\",\"name\":\"Blog do Farn\u00e9sio\",\"url\":\"https:\\\/\\\/blogdofarnesio.com.br\\\/\",\"logo\":{\"@type\":\"ImageObject\",\"inLanguage\":\"pt-BR\",\"@id\":\"https:\\\/\\\/blogdofarnesio.com.br\\\/#\\\/schema\\\/logo\\\/image\\\/\",\"url\":\"https:\\\/\\\/blogdofarnesio.com.br\\\/wp-content\\\/uploads\\\/2026\\\/03\\\/cropped-logo_new-1.png\",\"contentUrl\":\"https:\\\/\\\/blogdofarnesio.com.br\\\/wp-content\\\/uploads\\\/2026\\\/03\\\/cropped-logo_new-1.png\",\"width\":881,\"height\":685,\"caption\":\"Blog do Farn\u00e9sio\"},\"image\":{\"@id\":\"https:\\\/\\\/blogdofarnesio.com.br\\\/#\\\/schema\\\/logo\\\/image\\\/\"},\"sameAs\":[\"https:\\\/\\\/www.facebook.com\\\/BlogQuerSaberPolitica\\\/\"]},{\"@type\":\"Person\",\"@id\":\"https:\\\/\\\/blogdofarnesio.com.br\\\/#\\\/schema\\\/person\\\/301c4acf522bccbfdb45af95b5b906a1\",\"name\":\"Farn\u00e9sio\",\"image\":{\"@type\":\"ImageObject\",\"inLanguage\":\"pt-BR\",\"@id\":\"https:\\\/\\\/secure.gravatar.com\\\/avatar\\\/df0c9a14567c056f8ad6876ba5bbd1e3e2c48023eb6807342fc4663adf549f38?s=96&d=mm&r=g\",\"url\":\"https:\\\/\\\/secure.gravatar.com\\\/avatar\\\/df0c9a14567c056f8ad6876ba5bbd1e3e2c48023eb6807342fc4663adf549f38?s=96&d=mm&r=g\",\"contentUrl\":\"https:\\\/\\\/secure.gravatar.com\\\/avatar\\\/df0c9a14567c056f8ad6876ba5bbd1e3e2c48023eb6807342fc4663adf549f38?s=96&d=mm&r=g\",\"caption\":\"Farn\u00e9sio\"},\"sameAs\":[\"https:\\\/\\\/quersaberpolitica.com.br\"],\"url\":\"https:\\\/\\\/blogdofarnesio.com.br\\\/?author=1\"}]}<\/script>\n<!-- \/ Yoast SEO plugin. -->","yoast_head_json":{"title":"Moradores das Ilhas em Bel\u00e9m do S\u00e3o Francisco recebem representantes da Chesf acompanhados de policiais com informa\u00e7\u00f5es de despejo em 30 dias - Blog do Farn\u00e9sio","robots":{"index":"index","follow":"follow","max-snippet":"max-snippet:-1","max-image-preview":"max-image-preview:large","max-video-preview":"max-video-preview:-1"},"canonical":"https:\/\/blogdofarnesio.com.br\/?p=281498","og_locale":"pt_BR","og_type":"article","og_title":"Moradores das Ilhas em Bel\u00e9m do S\u00e3o Francisco recebem representantes da Chesf acompanhados de policiais com informa\u00e7\u00f5es de despejo em 30 dias - Blog do Farn\u00e9sio","og_description":"As fam\u00edlias est\u00e3o sem saber o que fazer Segundo essas fam\u00edlias, t\u00e9cnicos acompanhados de pol\u00edcias visitaram essas propriedades e disseram que eram funcion\u00e1rios da CHESF, apresentando documentos da companhia, dando prazo de 30 dias para que elas sa\u00edam das propriedades. Como n\u00e3o poderia ser diferente, essas fam\u00edlias est\u00e3o com medo de perderem suas terras e o que j\u00e1 investiram para trabalhar. Em contato com R\u00e1dio CANABRAVA FM de Bel\u00e9m, o Programa Espa\u00e7o Livre tomou conhecimento de que o Advogado Dr Tadeu S\u00e1, que tamb\u00e9m mora em uma propriedade, foi visitada pelos t\u00e9cnicos. Em entrevista ao apresentador do Programa Espa\u00e7o Livre, Ademir Martins, Dr Tadeu S\u00e1 disse que a situa\u00e7\u00e3o \u00e9 bastante delicada e esclareceu v\u00e1rias d\u00favidas dessas fam\u00edlias. Declarou o&hellip;","og_url":"https:\/\/blogdofarnesio.com.br\/?p=281498","og_site_name":"Blog do Farn\u00e9sio","article_publisher":"https:\/\/www.facebook.com\/BlogQuerSaberPolitica\/","article_published_time":"2021-03-23T11:02:07+00:00","og_image":[{"width":680,"height":383,"url":"https:\/\/blogdofarnesio.com.br\/wp-content\/uploads\/2021\/03\/Blogqspbelem-tadeu-sa-canabrava-fm-e1616451119930.jpg","type":"image\/jpeg"}],"author":"Farn\u00e9sio","twitter_card":"summary_large_image","twitter_misc":{"Escrito por":"Farn\u00e9sio","Est. tempo de leitura":"1 minuto"},"schema":{"@context":"https:\/\/schema.org","@graph":[{"@type":"Article","@id":"https:\/\/blogdofarnesio.com.br\/?p=281498#article","isPartOf":{"@id":"https:\/\/blogdofarnesio.com.br\/?p=281498"},"author":{"name":"Farn\u00e9sio","@id":"https:\/\/blogdofarnesio.com.br\/#\/schema\/person\/301c4acf522bccbfdb45af95b5b906a1"},"headline":"Moradores das Ilhas em Bel\u00e9m do S\u00e3o Francisco recebem representantes da Chesf acompanhados de policiais com informa\u00e7\u00f5es de despejo em 30 dias","datePublished":"2021-03-23T11:02:07+00:00","mainEntityOfPage":{"@id":"https:\/\/blogdofarnesio.com.br\/?p=281498"},"wordCount":320,"publisher":{"@id":"https:\/\/blogdofarnesio.com.br\/#organization"},"image":{"@id":"https:\/\/blogdofarnesio.com.br\/?p=281498#primaryimage"},"thumbnailUrl":"https:\/\/blogdofarnesio.com.br\/wp-content\/uploads\/2021\/03\/Blogqspbelem-tadeu-sa-canabrava-fm-e1616451119930.jpg","articleSection":["Cidades"],"inLanguage":"pt-BR"},{"@type":"WebPage","@id":"https:\/\/blogdofarnesio.com.br\/?p=281498","url":"https:\/\/blogdofarnesio.com.br\/?p=281498","name":"Moradores das Ilhas em Bel\u00e9m do S\u00e3o Francisco recebem representantes da Chesf acompanhados de policiais com informa\u00e7\u00f5es de despejo em 30 dias - Blog do Farn\u00e9sio","isPartOf":{"@id":"https:\/\/blogdofarnesio.com.br\/#website"},"primaryImageOfPage":{"@id":"https:\/\/blogdofarnesio.com.br\/?p=281498#primaryimage"},"image":{"@id":"https:\/\/blogdofarnesio.com.br\/?p=281498#primaryimage"},"thumbnailUrl":"https:\/\/blogdofarnesio.com.br\/wp-content\/uploads\/2021\/03\/Blogqspbelem-tadeu-sa-canabrava-fm-e1616451119930.jpg","datePublished":"2021-03-23T11:02:07+00:00","breadcrumb":{"@id":"https:\/\/blogdofarnesio.com.br\/?p=281498#breadcrumb"},"inLanguage":"pt-BR","potentialAction":[{"@type":"ReadAction","target":["https:\/\/blogdofarnesio.com.br\/?p=281498"]}]},{"@type":"ImageObject","inLanguage":"pt-BR","@id":"https:\/\/blogdofarnesio.com.br\/?p=281498#primaryimage","url":"https:\/\/blogdofarnesio.com.br\/wp-content\/uploads\/2021\/03\/Blogqspbelem-tadeu-sa-canabrava-fm-e1616451119930.jpg","contentUrl":"https:\/\/blogdofarnesio.com.br\/wp-content\/uploads\/2021\/03\/Blogqspbelem-tadeu-sa-canabrava-fm-e1616451119930.jpg","width":680,"height":383,"caption":"Tadeu S\u00e1 Foto Ademir Martins"},{"@type":"BreadcrumbList","@id":"https:\/\/blogdofarnesio.com.br\/?p=281498#breadcrumb","itemListElement":[{"@type":"ListItem","position":1,"name":"In\u00edcio","item":"https:\/\/blogdofarnesio.com.br\/"},{"@type":"ListItem","position":2,"name":"Moradores das Ilhas em Bel\u00e9m do S\u00e3o Francisco recebem representantes da Chesf acompanhados de policiais com informa\u00e7\u00f5es de despejo em 30 dias"}]},{"@type":"WebSite","@id":"https:\/\/blogdofarnesio.com.br\/#website","url":"https:\/\/blogdofarnesio.com.br\/","name":"Blog do Farn\u00e9sio","description":"Quer Saber Pol\u00edtica?","publisher":{"@id":"https:\/\/blogdofarnesio.com.br\/#organization"},"potentialAction":[{"@type":"SearchAction","target":{"@type":"EntryPoint","urlTemplate":"https:\/\/blogdofarnesio.com.br\/?s={search_term_string}"},"query-input":{"@type":"PropertyValueSpecification","valueRequired":true,"valueName":"search_term_string"}}],"inLanguage":"pt-BR"},{"@type":"Organization","@id":"https:\/\/blogdofarnesio.com.br\/#organization","name":"Blog do Farn\u00e9sio","url":"https:\/\/blogdofarnesio.com.br\/","logo":{"@type":"ImageObject","inLanguage":"pt-BR","@id":"https:\/\/blogdofarnesio.com.br\/#\/schema\/logo\/image\/","url":"https:\/\/blogdofarnesio.com.br\/wp-content\/uploads\/2026\/03\/cropped-logo_new-1.png","contentUrl":"https:\/\/blogdofarnesio.com.br\/wp-content\/uploads\/2026\/03\/cropped-logo_new-1.png","width":881,"height":685,"caption":"Blog do Farn\u00e9sio"},"image":{"@id":"https:\/\/blogdofarnesio.com.br\/#\/schema\/logo\/image\/"},"sameAs":["https:\/\/www.facebook.com\/BlogQuerSaberPolitica\/"]},{"@type":"Person","@id":"https:\/\/blogdofarnesio.com.br\/#\/schema\/person\/301c4acf522bccbfdb45af95b5b906a1","name":"Farn\u00e9sio","image":{"@type":"ImageObject","inLanguage":"pt-BR","@id":"https:\/\/secure.gravatar.com\/avatar\/df0c9a14567c056f8ad6876ba5bbd1e3e2c48023eb6807342fc4663adf549f38?s=96&d=mm&r=g","url":"https:\/\/secure.gravatar.com\/avatar\/df0c9a14567c056f8ad6876ba5bbd1e3e2c48023eb6807342fc4663adf549f38?s=96&d=mm&r=g","contentUrl":"https:\/\/secure.gravatar.com\/avatar\/df0c9a14567c056f8ad6876ba5bbd1e3e2c48023eb6807342fc4663adf549f38?s=96&d=mm&r=g","caption":"Farn\u00e9sio"},"sameAs":["https:\/\/quersaberpolitica.com.br"],"url":"https:\/\/blogdofarnesio.com.br\/?author=1"}]}},"_links":{"self":[{"href":"https:\/\/blogdofarnesio.com.br\/index.php?rest_route=\/wp\/v2\/posts\/281498","targetHints":{"allow":["GET"]}}],"collection":[{"href":"https:\/\/blogdofarnesio.com.br\/index.php?rest_route=\/wp\/v2\/posts"}],"about":[{"href":"https:\/\/blogdofarnesio.com.br\/index.php?rest_route=\/wp\/v2\/types\/post"}],"author":[{"embeddable":true,"href":"https:\/\/blogdofarnesio.com.br\/index.php?rest_route=\/wp\/v2\/users\/1"}],"replies":[{"embeddable":true,"href":"https:\/\/blogdofarnesio.com.br\/index.php?rest_route=%2Fwp%2Fv2%2Fcomments&post=281498"}],"version-history":[{"count":0,"href":"https:\/\/blogdofarnesio.com.br\/index.php?rest_route=\/wp\/v2\/posts\/281498\/revisions"}],"wp:featuredmedia":[{"embeddable":true,"href":"https:\/\/blogdofarnesio.com.br\/index.php?rest_route=\/wp\/v2\/media\/281501"}],"wp:attachment":[{"href":"https:\/\/blogdofarnesio.com.br\/index.php?rest_route=%2Fwp%2Fv2%2Fmedia&parent=281498"}],"wp:term":[{"taxonomy":"category","embeddable":true,"href":"https:\/\/blogdofarnesio.com.br\/index.php?rest_route=%2Fwp%2Fv2%2Fcategories&post=281498"},{"taxonomy":"post_tag","embeddable":true,"href":"https:\/\/blogdofarnesio.com.br\/index.php?rest_route=%2Fwp%2Fv2%2Ftags&post=281498"}],"curies":[{"name":"wp","href":"https:\/\/api.w.org\/{rel}","templated":true}]}}