{"id":281490,"date":"2021-03-23T07:41:24","date_gmt":"2021-03-23T10:41:24","guid":{"rendered":"http:\/\/quersaberpolitica.com.br\/2016\/?p=281490"},"modified":"2021-03-22T17:40:31","modified_gmt":"2021-03-22T20:40:31","slug":"juazeiro-realizara-drive-thru-nesta-terca-para-vacinar-idosos-acima-de-68-anos-contra-covid-19","status":"publish","type":"post","link":"https:\/\/blogdofarnesio.com.br\/?p=281490","title":{"rendered":"Juazeiro realizar\u00e1 \u2018drive thru\u2019 nesta ter\u00e7a para vacinar idosos acima de 68 anos contra Covid-19"},"content":{"rendered":"<p style=\"font-weight: 400;\">Para agilizar a vacina\u00e7\u00e3o contra a Covid-19, a Prefeitura de Juazeiro montar\u00e1 nesta ter\u00e7a-feira (23), um \u2018drive thru\u2019. A tenda para atendimento dos idosos exclusivamente dentro de carros ficar\u00e1 na Orla II da cidade. O sistema \u2018drive thru\u2019 vai funcionar das 9h \u00e0s 12h, vacinando apenas idosos a partir de 68 anos que ainda n\u00e3o receberam a primeira dose da vacina contra o coronav\u00edrus. \u00c9 preciso levar o cart\u00e3o de vacina, o CPF,\u00a0 o cart\u00e3o do SUS do idoso e o comprovante de resid\u00eancia.<\/p>\n<p style=\"font-weight: 400;\">Paralelo ao \u2018drive thru\u2019, a vacina\u00e7\u00e3o tamb\u00e9m vai acontecer em escolas e Unidades B\u00e1sicas de Sa\u00fade estrat\u00e9gicas, nesta ter\u00e7a e permanecem durante a semana, com altera\u00e7\u00e3o de idade dos idosos.<\/p>\n<p style=\"font-weight: 400;\"><strong>Postos de vacina\u00e7\u00e3o<\/strong><\/p>\n<p style=\"font-weight: 400;\">Funcionar\u00e3o como postos de vacina\u00e7\u00e3o: Creche Maria Tanuri, no bairro Santo Ant\u00f4nio, Col\u00e9gio Carmem Costa, no Alto da Alian\u00e7a, e Escola Cremildes Brand\u00e3o, na Vila Jacar\u00e9.<\/p>\n<p style=\"font-weight: 400;\">Tamb\u00e9m far\u00e3o vacinas as UBS\u2019s do Jardim Fl\u00f3rida, Quid\u00e9, CSU, Dom Jos\u00e9 Rodrigues, Jo\u00e3o Paulo II e Itaberaba.<\/p>\n<p style=\"font-weight: 400;\">As escolas e as Unidades B\u00e1sicas de Sa\u00fade v\u00e3o funcionar para vacinar idosos acima de 68 anos, das 9h \u00e0s 12h e de 14h \u00e0s 16h30.<\/p>\n<p style=\"font-weight: 400;\">O posto de vacina\u00e7\u00e3o do Ju\u00e1 Garden Shopping estar\u00e1 vacinando das 10h \u00e0s 16h30.<\/p>\n<p style=\"font-weight: 400;\"><strong>Servi\u00e7o:<\/strong><\/p>\n<p style=\"font-weight: 400;\">Vacina\u00e7\u00e3o \u2018drive thru\u2019<\/p>\n<p style=\"font-weight: 400;\">Dia: 23 de mar\u00e7o,\u00a0 ter\u00e7a<\/p>\n<p style=\"font-weight: 400;\">Local: Orla II<\/p>\n<p style=\"font-weight: 400;\">P\u00fablico: idosos a partir de 68 anos (1\u00aa dose)<\/p>\n<p style=\"font-weight: 400;\">Hor\u00e1rio: 9h \u00e0s 12h<\/p>\n<p style=\"font-weight: 400;\">Texto: Maria Lima &#8211; Assessora de Imprensa<\/p>\n","protected":false},"excerpt":{"rendered":"<p>Para agilizar a vacina\u00e7\u00e3o contra a Covid-19, a Prefeitura de Juazeiro montar\u00e1 nesta ter\u00e7a-feira (23), um \u2018drive thru\u2019. A tenda para atendimento dos idosos exclusivamente dentro de carros ficar\u00e1 na Orla II da cidade. O sistema \u2018drive thru\u2019 vai funcionar das 9h \u00e0s 12h, vacinando apenas idosos a partir de 68 anos que ainda n\u00e3o receberam a primeira dose da vacina contra o coronav\u00edrus. \u00c9 preciso levar o cart\u00e3o de vacina, o CPF,\u00a0 o cart\u00e3o do SUS do idoso e o comprovante de resid\u00eancia. Paralelo ao \u2018drive thru\u2019, a vacina\u00e7\u00e3o tamb\u00e9m vai acontecer em escolas e Unidades B\u00e1sicas de Sa\u00fade estrat\u00e9gicas, nesta ter\u00e7a e permanecem durante a semana, com altera\u00e7\u00e3o de idade dos idosos. Postos de vacina\u00e7\u00e3o Funcionar\u00e3o como postos&hellip; <\/p>\n","protected":false},"author":1,"featured_media":281491,"comment_status":"closed","ping_status":"closed","sticky":false,"template":"","format":"standard","meta":{"_acf_changed":false,"footnotes":""},"categories":[4],"tags":[],"class_list":["post-281490","post","type-post","status-publish","format-standard","has-post-thumbnail","hentry","category-saude"],"acf":[],"yoast_head":"<!-- This site is optimized with the Yoast SEO plugin v27.4 - https:\/\/yoast.com\/product\/yoast-seo-wordpress\/ -->\n<title>Juazeiro realizar\u00e1 \u2018drive thru\u2019 nesta ter\u00e7a para vacinar idosos acima de 68 anos contra Covid-19 - Blog do Farn\u00e9sio<\/title>\n<meta name=\"robots\" content=\"index, follow, max-snippet:-1, max-image-preview:large, max-video-preview:-1\" \/>\n<link rel=\"canonical\" href=\"https:\/\/blogdofarnesio.com.br\/?p=281490\" \/>\n<meta property=\"og:locale\" content=\"pt_BR\" \/>\n<meta property=\"og:type\" content=\"article\" \/>\n<meta property=\"og:title\" content=\"Juazeiro realizar\u00e1 \u2018drive thru\u2019 nesta ter\u00e7a para vacinar idosos acima de 68 anos contra Covid-19 - Blog do Farn\u00e9sio\" \/>\n<meta property=\"og:description\" content=\"Para agilizar a vacina\u00e7\u00e3o contra a Covid-19, a Prefeitura de Juazeiro montar\u00e1 nesta ter\u00e7a-feira (23), um \u2018drive thru\u2019. A tenda para atendimento dos idosos exclusivamente dentro de carros ficar\u00e1 na Orla II da cidade. O sistema \u2018drive thru\u2019 vai funcionar das 9h \u00e0s 12h, vacinando apenas idosos a partir de 68 anos que ainda n\u00e3o receberam a primeira dose da vacina contra o coronav\u00edrus. \u00c9 preciso levar o cart\u00e3o de vacina, o CPF,\u00a0 o cart\u00e3o do SUS do idoso e o comprovante de resid\u00eancia. Paralelo ao \u2018drive thru\u2019, a vacina\u00e7\u00e3o tamb\u00e9m vai acontecer em escolas e Unidades B\u00e1sicas de Sa\u00fade estrat\u00e9gicas, nesta ter\u00e7a e permanecem durante a semana, com altera\u00e7\u00e3o de idade dos idosos. Postos de vacina\u00e7\u00e3o Funcionar\u00e3o como postos&hellip;\" \/>\n<meta property=\"og:url\" content=\"https:\/\/blogdofarnesio.com.br\/?p=281490\" \/>\n<meta property=\"og:site_name\" content=\"Blog do Farn\u00e9sio\" \/>\n<meta property=\"article:publisher\" content=\"https:\/\/www.facebook.com\/BlogQuerSaberPolitica\/\" \/>\n<meta property=\"article:published_time\" content=\"2021-03-23T10:41:24+00:00\" \/>\n<meta property=\"og:image\" content=\"https:\/\/blogdofarnesio.com.br\/wp-content\/uploads\/2021\/03\/blogqsp-jua-vacinaDRIVE-THRU-14.03.2021-47-e1616445598125.jpg\" \/>\n\t<meta property=\"og:image:width\" content=\"648\" \/>\n\t<meta property=\"og:image:height\" content=\"432\" \/>\n\t<meta property=\"og:image:type\" content=\"image\/jpeg\" \/>\n<meta name=\"author\" content=\"Farn\u00e9sio\" \/>\n<meta name=\"twitter:card\" content=\"summary_large_image\" \/>\n<meta name=\"twitter:label1\" content=\"Escrito por\" \/>\n\t<meta name=\"twitter:data1\" content=\"Farn\u00e9sio\" \/>\n\t<meta name=\"twitter:label2\" content=\"Est. tempo de leitura\" \/>\n\t<meta name=\"twitter:data2\" content=\"1 minuto\" \/>\n<script type=\"application\/ld+json\" class=\"yoast-schema-graph\">{\"@context\":\"https:\\\/\\\/schema.org\",\"@graph\":[{\"@type\":\"Article\",\"@id\":\"https:\\\/\\\/blogdofarnesio.com.br\\\/?p=281490#article\",\"isPartOf\":{\"@id\":\"https:\\\/\\\/blogdofarnesio.com.br\\\/?p=281490\"},\"author\":{\"name\":\"Farn\u00e9sio\",\"@id\":\"https:\\\/\\\/blogdofarnesio.com.br\\\/#\\\/schema\\\/person\\\/301c4acf522bccbfdb45af95b5b906a1\"},\"headline\":\"Juazeiro realizar\u00e1 \u2018drive thru\u2019 nesta ter\u00e7a para vacinar idosos acima de 68 anos contra Covid-19\",\"datePublished\":\"2021-03-23T10:41:24+00:00\",\"mainEntityOfPage\":{\"@id\":\"https:\\\/\\\/blogdofarnesio.com.br\\\/?p=281490\"},\"wordCount\":277,\"publisher\":{\"@id\":\"https:\\\/\\\/blogdofarnesio.com.br\\\/#organization\"},\"image\":{\"@id\":\"https:\\\/\\\/blogdofarnesio.com.br\\\/?p=281490#primaryimage\"},\"thumbnailUrl\":\"https:\\\/\\\/blogdofarnesio.com.br\\\/wp-content\\\/uploads\\\/2021\\\/03\\\/blogqsp-jua-vacinaDRIVE-THRU-14.03.2021-47-e1616445598125.jpg\",\"articleSection\":[\"Sa\u00fade\"],\"inLanguage\":\"pt-BR\"},{\"@type\":\"WebPage\",\"@id\":\"https:\\\/\\\/blogdofarnesio.com.br\\\/?p=281490\",\"url\":\"https:\\\/\\\/blogdofarnesio.com.br\\\/?p=281490\",\"name\":\"Juazeiro realizar\u00e1 \u2018drive thru\u2019 nesta ter\u00e7a para vacinar idosos acima de 68 anos contra Covid-19 - Blog do Farn\u00e9sio\",\"isPartOf\":{\"@id\":\"https:\\\/\\\/blogdofarnesio.com.br\\\/#website\"},\"primaryImageOfPage\":{\"@id\":\"https:\\\/\\\/blogdofarnesio.com.br\\\/?p=281490#primaryimage\"},\"image\":{\"@id\":\"https:\\\/\\\/blogdofarnesio.com.br\\\/?p=281490#primaryimage\"},\"thumbnailUrl\":\"https:\\\/\\\/blogdofarnesio.com.br\\\/wp-content\\\/uploads\\\/2021\\\/03\\\/blogqsp-jua-vacinaDRIVE-THRU-14.03.2021-47-e1616445598125.jpg\",\"datePublished\":\"2021-03-23T10:41:24+00:00\",\"breadcrumb\":{\"@id\":\"https:\\\/\\\/blogdofarnesio.com.br\\\/?p=281490#breadcrumb\"},\"inLanguage\":\"pt-BR\",\"potentialAction\":[{\"@type\":\"ReadAction\",\"target\":[\"https:\\\/\\\/blogdofarnesio.com.br\\\/?p=281490\"]}]},{\"@type\":\"ImageObject\",\"inLanguage\":\"pt-BR\",\"@id\":\"https:\\\/\\\/blogdofarnesio.com.br\\\/?p=281490#primaryimage\",\"url\":\"https:\\\/\\\/blogdofarnesio.com.br\\\/wp-content\\\/uploads\\\/2021\\\/03\\\/blogqsp-jua-vacinaDRIVE-THRU-14.03.2021-47-e1616445598125.jpg\",\"contentUrl\":\"https:\\\/\\\/blogdofarnesio.com.br\\\/wp-content\\\/uploads\\\/2021\\\/03\\\/blogqsp-jua-vacinaDRIVE-THRU-14.03.2021-47-e1616445598125.jpg\",\"width\":648,\"height\":432},{\"@type\":\"BreadcrumbList\",\"@id\":\"https:\\\/\\\/blogdofarnesio.com.br\\\/?p=281490#breadcrumb\",\"itemListElement\":[{\"@type\":\"ListItem\",\"position\":1,\"name\":\"In\u00edcio\",\"item\":\"https:\\\/\\\/blogdofarnesio.com.br\\\/\"},{\"@type\":\"ListItem\",\"position\":2,\"name\":\"Juazeiro realizar\u00e1 \u2018drive thru\u2019 nesta ter\u00e7a para vacinar idosos acima de 68 anos contra Covid-19\"}]},{\"@type\":\"WebSite\",\"@id\":\"https:\\\/\\\/blogdofarnesio.com.br\\\/#website\",\"url\":\"https:\\\/\\\/blogdofarnesio.com.br\\\/\",\"name\":\"Blog do Farn\u00e9sio\",\"description\":\"Quer Saber Pol\u00edtica?\",\"publisher\":{\"@id\":\"https:\\\/\\\/blogdofarnesio.com.br\\\/#organization\"},\"potentialAction\":[{\"@type\":\"SearchAction\",\"target\":{\"@type\":\"EntryPoint\",\"urlTemplate\":\"https:\\\/\\\/blogdofarnesio.com.br\\\/?s={search_term_string}\"},\"query-input\":{\"@type\":\"PropertyValueSpecification\",\"valueRequired\":true,\"valueName\":\"search_term_string\"}}],\"inLanguage\":\"pt-BR\"},{\"@type\":\"Organization\",\"@id\":\"https:\\\/\\\/blogdofarnesio.com.br\\\/#organization\",\"name\":\"Blog do Farn\u00e9sio\",\"url\":\"https:\\\/\\\/blogdofarnesio.com.br\\\/\",\"logo\":{\"@type\":\"ImageObject\",\"inLanguage\":\"pt-BR\",\"@id\":\"https:\\\/\\\/blogdofarnesio.com.br\\\/#\\\/schema\\\/logo\\\/image\\\/\",\"url\":\"https:\\\/\\\/blogdofarnesio.com.br\\\/wp-content\\\/uploads\\\/2026\\\/03\\\/cropped-logo_new-1.png\",\"contentUrl\":\"https:\\\/\\\/blogdofarnesio.com.br\\\/wp-content\\\/uploads\\\/2026\\\/03\\\/cropped-logo_new-1.png\",\"width\":881,\"height\":685,\"caption\":\"Blog do Farn\u00e9sio\"},\"image\":{\"@id\":\"https:\\\/\\\/blogdofarnesio.com.br\\\/#\\\/schema\\\/logo\\\/image\\\/\"},\"sameAs\":[\"https:\\\/\\\/www.facebook.com\\\/BlogQuerSaberPolitica\\\/\"]},{\"@type\":\"Person\",\"@id\":\"https:\\\/\\\/blogdofarnesio.com.br\\\/#\\\/schema\\\/person\\\/301c4acf522bccbfdb45af95b5b906a1\",\"name\":\"Farn\u00e9sio\",\"image\":{\"@type\":\"ImageObject\",\"inLanguage\":\"pt-BR\",\"@id\":\"https:\\\/\\\/secure.gravatar.com\\\/avatar\\\/df0c9a14567c056f8ad6876ba5bbd1e3e2c48023eb6807342fc4663adf549f38?s=96&d=mm&r=g\",\"url\":\"https:\\\/\\\/secure.gravatar.com\\\/avatar\\\/df0c9a14567c056f8ad6876ba5bbd1e3e2c48023eb6807342fc4663adf549f38?s=96&d=mm&r=g\",\"contentUrl\":\"https:\\\/\\\/secure.gravatar.com\\\/avatar\\\/df0c9a14567c056f8ad6876ba5bbd1e3e2c48023eb6807342fc4663adf549f38?s=96&d=mm&r=g\",\"caption\":\"Farn\u00e9sio\"},\"sameAs\":[\"https:\\\/\\\/quersaberpolitica.com.br\"],\"url\":\"https:\\\/\\\/blogdofarnesio.com.br\\\/?author=1\"}]}<\/script>\n<!-- \/ Yoast SEO plugin. -->","yoast_head_json":{"title":"Juazeiro realizar\u00e1 \u2018drive thru\u2019 nesta ter\u00e7a para vacinar idosos acima de 68 anos contra Covid-19 - Blog do Farn\u00e9sio","robots":{"index":"index","follow":"follow","max-snippet":"max-snippet:-1","max-image-preview":"max-image-preview:large","max-video-preview":"max-video-preview:-1"},"canonical":"https:\/\/blogdofarnesio.com.br\/?p=281490","og_locale":"pt_BR","og_type":"article","og_title":"Juazeiro realizar\u00e1 \u2018drive thru\u2019 nesta ter\u00e7a para vacinar idosos acima de 68 anos contra Covid-19 - Blog do Farn\u00e9sio","og_description":"Para agilizar a vacina\u00e7\u00e3o contra a Covid-19, a Prefeitura de Juazeiro montar\u00e1 nesta ter\u00e7a-feira (23), um \u2018drive thru\u2019. A tenda para atendimento dos idosos exclusivamente dentro de carros ficar\u00e1 na Orla II da cidade. O sistema \u2018drive thru\u2019 vai funcionar das 9h \u00e0s 12h, vacinando apenas idosos a partir de 68 anos que ainda n\u00e3o receberam a primeira dose da vacina contra o coronav\u00edrus. \u00c9 preciso levar o cart\u00e3o de vacina, o CPF,\u00a0 o cart\u00e3o do SUS do idoso e o comprovante de resid\u00eancia. Paralelo ao \u2018drive thru\u2019, a vacina\u00e7\u00e3o tamb\u00e9m vai acontecer em escolas e Unidades B\u00e1sicas de Sa\u00fade estrat\u00e9gicas, nesta ter\u00e7a e permanecem durante a semana, com altera\u00e7\u00e3o de idade dos idosos. Postos de vacina\u00e7\u00e3o Funcionar\u00e3o como postos&hellip;","og_url":"https:\/\/blogdofarnesio.com.br\/?p=281490","og_site_name":"Blog do Farn\u00e9sio","article_publisher":"https:\/\/www.facebook.com\/BlogQuerSaberPolitica\/","article_published_time":"2021-03-23T10:41:24+00:00","og_image":[{"width":648,"height":432,"url":"https:\/\/blogdofarnesio.com.br\/wp-content\/uploads\/2021\/03\/blogqsp-jua-vacinaDRIVE-THRU-14.03.2021-47-e1616445598125.jpg","type":"image\/jpeg"}],"author":"Farn\u00e9sio","twitter_card":"summary_large_image","twitter_misc":{"Escrito por":"Farn\u00e9sio","Est. tempo de leitura":"1 minuto"},"schema":{"@context":"https:\/\/schema.org","@graph":[{"@type":"Article","@id":"https:\/\/blogdofarnesio.com.br\/?p=281490#article","isPartOf":{"@id":"https:\/\/blogdofarnesio.com.br\/?p=281490"},"author":{"name":"Farn\u00e9sio","@id":"https:\/\/blogdofarnesio.com.br\/#\/schema\/person\/301c4acf522bccbfdb45af95b5b906a1"},"headline":"Juazeiro realizar\u00e1 \u2018drive thru\u2019 nesta ter\u00e7a para vacinar idosos acima de 68 anos contra Covid-19","datePublished":"2021-03-23T10:41:24+00:00","mainEntityOfPage":{"@id":"https:\/\/blogdofarnesio.com.br\/?p=281490"},"wordCount":277,"publisher":{"@id":"https:\/\/blogdofarnesio.com.br\/#organization"},"image":{"@id":"https:\/\/blogdofarnesio.com.br\/?p=281490#primaryimage"},"thumbnailUrl":"https:\/\/blogdofarnesio.com.br\/wp-content\/uploads\/2021\/03\/blogqsp-jua-vacinaDRIVE-THRU-14.03.2021-47-e1616445598125.jpg","articleSection":["Sa\u00fade"],"inLanguage":"pt-BR"},{"@type":"WebPage","@id":"https:\/\/blogdofarnesio.com.br\/?p=281490","url":"https:\/\/blogdofarnesio.com.br\/?p=281490","name":"Juazeiro realizar\u00e1 \u2018drive thru\u2019 nesta ter\u00e7a para vacinar idosos acima de 68 anos contra Covid-19 - Blog do Farn\u00e9sio","isPartOf":{"@id":"https:\/\/blogdofarnesio.com.br\/#website"},"primaryImageOfPage":{"@id":"https:\/\/blogdofarnesio.com.br\/?p=281490#primaryimage"},"image":{"@id":"https:\/\/blogdofarnesio.com.br\/?p=281490#primaryimage"},"thumbnailUrl":"https:\/\/blogdofarnesio.com.br\/wp-content\/uploads\/2021\/03\/blogqsp-jua-vacinaDRIVE-THRU-14.03.2021-47-e1616445598125.jpg","datePublished":"2021-03-23T10:41:24+00:00","breadcrumb":{"@id":"https:\/\/blogdofarnesio.com.br\/?p=281490#breadcrumb"},"inLanguage":"pt-BR","potentialAction":[{"@type":"ReadAction","target":["https:\/\/blogdofarnesio.com.br\/?p=281490"]}]},{"@type":"ImageObject","inLanguage":"pt-BR","@id":"https:\/\/blogdofarnesio.com.br\/?p=281490#primaryimage","url":"https:\/\/blogdofarnesio.com.br\/wp-content\/uploads\/2021\/03\/blogqsp-jua-vacinaDRIVE-THRU-14.03.2021-47-e1616445598125.jpg","contentUrl":"https:\/\/blogdofarnesio.com.br\/wp-content\/uploads\/2021\/03\/blogqsp-jua-vacinaDRIVE-THRU-14.03.2021-47-e1616445598125.jpg","width":648,"height":432},{"@type":"BreadcrumbList","@id":"https:\/\/blogdofarnesio.com.br\/?p=281490#breadcrumb","itemListElement":[{"@type":"ListItem","position":1,"name":"In\u00edcio","item":"https:\/\/blogdofarnesio.com.br\/"},{"@type":"ListItem","position":2,"name":"Juazeiro realizar\u00e1 \u2018drive thru\u2019 nesta ter\u00e7a para vacinar idosos acima de 68 anos contra Covid-19"}]},{"@type":"WebSite","@id":"https:\/\/blogdofarnesio.com.br\/#website","url":"https:\/\/blogdofarnesio.com.br\/","name":"Blog do Farn\u00e9sio","description":"Quer Saber Pol\u00edtica?","publisher":{"@id":"https:\/\/blogdofarnesio.com.br\/#organization"},"potentialAction":[{"@type":"SearchAction","target":{"@type":"EntryPoint","urlTemplate":"https:\/\/blogdofarnesio.com.br\/?s={search_term_string}"},"query-input":{"@type":"PropertyValueSpecification","valueRequired":true,"valueName":"search_term_string"}}],"inLanguage":"pt-BR"},{"@type":"Organization","@id":"https:\/\/blogdofarnesio.com.br\/#organization","name":"Blog do Farn\u00e9sio","url":"https:\/\/blogdofarnesio.com.br\/","logo":{"@type":"ImageObject","inLanguage":"pt-BR","@id":"https:\/\/blogdofarnesio.com.br\/#\/schema\/logo\/image\/","url":"https:\/\/blogdofarnesio.com.br\/wp-content\/uploads\/2026\/03\/cropped-logo_new-1.png","contentUrl":"https:\/\/blogdofarnesio.com.br\/wp-content\/uploads\/2026\/03\/cropped-logo_new-1.png","width":881,"height":685,"caption":"Blog do Farn\u00e9sio"},"image":{"@id":"https:\/\/blogdofarnesio.com.br\/#\/schema\/logo\/image\/"},"sameAs":["https:\/\/www.facebook.com\/BlogQuerSaberPolitica\/"]},{"@type":"Person","@id":"https:\/\/blogdofarnesio.com.br\/#\/schema\/person\/301c4acf522bccbfdb45af95b5b906a1","name":"Farn\u00e9sio","image":{"@type":"ImageObject","inLanguage":"pt-BR","@id":"https:\/\/secure.gravatar.com\/avatar\/df0c9a14567c056f8ad6876ba5bbd1e3e2c48023eb6807342fc4663adf549f38?s=96&d=mm&r=g","url":"https:\/\/secure.gravatar.com\/avatar\/df0c9a14567c056f8ad6876ba5bbd1e3e2c48023eb6807342fc4663adf549f38?s=96&d=mm&r=g","contentUrl":"https:\/\/secure.gravatar.com\/avatar\/df0c9a14567c056f8ad6876ba5bbd1e3e2c48023eb6807342fc4663adf549f38?s=96&d=mm&r=g","caption":"Farn\u00e9sio"},"sameAs":["https:\/\/quersaberpolitica.com.br"],"url":"https:\/\/blogdofarnesio.com.br\/?author=1"}]}},"_links":{"self":[{"href":"https:\/\/blogdofarnesio.com.br\/index.php?rest_route=\/wp\/v2\/posts\/281490","targetHints":{"allow":["GET"]}}],"collection":[{"href":"https:\/\/blogdofarnesio.com.br\/index.php?rest_route=\/wp\/v2\/posts"}],"about":[{"href":"https:\/\/blogdofarnesio.com.br\/index.php?rest_route=\/wp\/v2\/types\/post"}],"author":[{"embeddable":true,"href":"https:\/\/blogdofarnesio.com.br\/index.php?rest_route=\/wp\/v2\/users\/1"}],"replies":[{"embeddable":true,"href":"https:\/\/blogdofarnesio.com.br\/index.php?rest_route=%2Fwp%2Fv2%2Fcomments&post=281490"}],"version-history":[{"count":0,"href":"https:\/\/blogdofarnesio.com.br\/index.php?rest_route=\/wp\/v2\/posts\/281490\/revisions"}],"wp:featuredmedia":[{"embeddable":true,"href":"https:\/\/blogdofarnesio.com.br\/index.php?rest_route=\/wp\/v2\/media\/281491"}],"wp:attachment":[{"href":"https:\/\/blogdofarnesio.com.br\/index.php?rest_route=%2Fwp%2Fv2%2Fmedia&parent=281490"}],"wp:term":[{"taxonomy":"category","embeddable":true,"href":"https:\/\/blogdofarnesio.com.br\/index.php?rest_route=%2Fwp%2Fv2%2Fcategories&post=281490"},{"taxonomy":"post_tag","embeddable":true,"href":"https:\/\/blogdofarnesio.com.br\/index.php?rest_route=%2Fwp%2Fv2%2Ftags&post=281490"}],"curies":[{"name":"wp","href":"https:\/\/api.w.org\/{rel}","templated":true}]}}