{"id":281434,"date":"2021-03-22T08:41:02","date_gmt":"2021-03-22T11:41:02","guid":{"rendered":"http:\/\/quersaberpolitica.com.br\/2016\/?p=281434"},"modified":"2021-03-21T19:05:09","modified_gmt":"2021-03-21T22:05:09","slug":"bahia-registrou-no-domingo-1-698-novos-casos-de-covid-19-e-mais-99-obitos-pela-doenca","status":"publish","type":"post","link":"https:\/\/blogdofarnesio.com.br\/?p=281434","title":{"rendered":"Bahia registrou no domingo, 1.698 novos casos de Covid-19 e mais 99 \u00f3bitos pela doen\u00e7a"},"content":{"rendered":"<p>Na Bahia, nas \u00faltimas 24 horas, foram registrados 1.698 casos de Covid-19 (taxa de crescimento de +0,2%) e 2.786 recuperados (+0,4%). O boletim epidemiol\u00f3gico deste domingo (21) tamb\u00e9m registra 99 mortes.<\/p>\n<p>Apesar de terem ocorrido em diversas datas, a confirma\u00e7\u00e3o e registro das mortes foram realizadas hoje. Dos 768.832 casos confirmados desde o in\u00edcio da pandemia, 737.967 j\u00e1 s\u00e3o considerados recuperados, 16.766 encontram-se ativos e 14.099 tiveram \u00f3bito confirmado.<\/p>\n<p>O boletim epidemiol\u00f3gico contabiliza ainda 1.094.100 casos descartados e 178.183 em investiga\u00e7\u00e3o. Estes dados representam notifica\u00e7\u00f5es oficiais compiladas pela Diretoria de Vigil\u00e2ncia Epidemiol\u00f3gica em Sa\u00fade da Bahia (Divep-BA), em conjunto com as vigil\u00e2ncias municipais e as bases de dados do Minist\u00e9rio da Sa\u00fade at\u00e9 as 17 horas deste domingo.<\/p>\n<p>Na Bahia, 44.813 profissionais da sa\u00fade foram confirmados para Covid-19. Para acessar o boletim completo, clique aqui ou acesse o Business Intelligence.<\/p>\n<p>Hoje foram registradas 99 mortes e o n\u00famero total de \u00f3bitos por Covid-19 na Bahia desde o in\u00edcio da pandemia \u00e9 de 14.099, representando uma letalidade de 1,83%. Dentre os \u00f3bitos, 55,86% ocorreram no sexo masculino e 44,14% no sexo feminino.<\/p>\n<p>Em rela\u00e7\u00e3o ao quesito ra\u00e7a e cor, 55,02% corresponderam a parda, seguidos por branca com 21,18%, preta com 15,01%, amarela com 0,52%, ind\u00edgena com 0,14% e n\u00e3o h\u00e1 informa\u00e7\u00e3o em 8,14% dos \u00f3bitos. O percentual de casos com comorbidade foi de 68,79%, com maior percentual de doen\u00e7as card\u00edacas e cr\u00f4nicas (74,13%).<\/p>\n<p>A exist\u00eancia de registros tardios e\/ou ac\u00famulo de casos deve-se a sobrecarga das equipes de investiga\u00e7\u00e3o, pois h\u00e1 doen\u00e7as de notifica\u00e7\u00e3o compuls\u00f3ria para al\u00e9m da Covid-19.<\/p>\n<p>Outro motivo \u00e9 o aprofundamento das investiga\u00e7\u00f5es epidemiol\u00f3gicas por parte das vigil\u00e2ncias municipais e estadual a fim de evitar distor\u00e7\u00f5es ou equ\u00edvocos, como desconsiderar a causa do \u00f3bito um traumatismo craniano ou um c\u00e2ncer em est\u00e1gio terminal, ainda que a pessoa esteja infectada pelo coronav\u00edrus.<\/p>\n<p>Situa\u00e7\u00e3o da regula\u00e7\u00e3o de Covid-19<\/p>\n<p>\u00c0s 15h deste domingo, 280 solicita\u00e7\u00f5es de interna\u00e7\u00e3o em UTI Adulto Covid-19 constavam no sistema da Central Estadual de Regula\u00e7\u00e3o. Outros 180 pedidos para interna\u00e7\u00e3o em leitos cl\u00ednicos adultos Covid-19 estavam no sistema. Este n\u00famero \u00e9 din\u00e2mico, uma vez que transfer\u00eancias e novas solicita\u00e7\u00f5es s\u00e3o feitas ao longo do dia.<\/p>\n<p>Vacina\u00e7\u00e3o<\/p>\n<p>Com 950.501 vacinados contra o coronav\u00edrus (Covid-19), dos quais 291.253 receberam tamb\u00e9m a segunda dose, at\u00e9 as 15 horas deste domingo, a Bahia \u00e9 um dos estados do Pa\u00eds com o maior n\u00famero de imunizados.<\/p>\n<p>A Secretaria da Sa\u00fade do Estado da Bahia (Sesab) realiza o contato di\u00e1rio com as equipes de cada munic\u00edpio a fim de aferir o quantitativo de doses aplicadas e disponibiliza as informa\u00e7\u00f5es detalhadas no painel https:\/\/bi.saude.ba.gov.br\/vacinacao\/.<\/p>\n<p>Tem se observado volume excedente de doses nos frascos das vacinas contra a Covid-19, o que possibilita a utiliza\u00e7\u00e3o de 11 e at\u00e9 12 doses em apenas um frasco, assim como acontece com outras vacinas multidoses.<\/p>\n<p>O Minist\u00e9rio da Sa\u00fade emitiu uma nota que autoriza a utiliza\u00e7\u00e3o do volume excedente, desde que seja poss\u00edvel aspirar uma dose completa de 0,5 ml de um \u00fanico.<\/p>\n","protected":false},"excerpt":{"rendered":"<p>Na Bahia, nas \u00faltimas 24 horas, foram registrados 1.698 casos de Covid-19 (taxa de crescimento de +0,2%) e 2.786 recuperados (+0,4%). O boletim epidemiol\u00f3gico deste domingo (21) tamb\u00e9m registra 99 mortes. Apesar de terem ocorrido em diversas datas, a confirma\u00e7\u00e3o e registro das mortes foram realizadas hoje. Dos 768.832 casos confirmados desde o in\u00edcio da pandemia, 737.967 j\u00e1 s\u00e3o considerados recuperados, 16.766 encontram-se ativos e 14.099 tiveram \u00f3bito confirmado. O boletim epidemiol\u00f3gico contabiliza ainda 1.094.100 casos descartados e 178.183 em investiga\u00e7\u00e3o. Estes dados representam notifica\u00e7\u00f5es oficiais compiladas pela Diretoria de Vigil\u00e2ncia Epidemiol\u00f3gica em Sa\u00fade da Bahia (Divep-BA), em conjunto com as vigil\u00e2ncias municipais e as bases de dados do Minist\u00e9rio da Sa\u00fade at\u00e9 as 17 horas deste domingo. Na Bahia,&hellip; <\/p>\n","protected":false},"author":1,"featured_media":281395,"comment_status":"closed","ping_status":"closed","sticky":false,"template":"","format":"standard","meta":{"_acf_changed":false,"footnotes":""},"categories":[4],"tags":[],"class_list":["post-281434","post","type-post","status-publish","format-standard","has-post-thumbnail","hentry","category-saude"],"acf":[],"yoast_head":"<!-- This site is optimized with the Yoast SEO plugin v27.4 - https:\/\/yoast.com\/product\/yoast-seo-wordpress\/ -->\n<title>Bahia registrou no domingo, 1.698 novos casos de Covid-19 e mais 99 \u00f3bitos pela doen\u00e7a - Blog do Farn\u00e9sio<\/title>\n<meta name=\"robots\" content=\"index, follow, max-snippet:-1, max-image-preview:large, max-video-preview:-1\" \/>\n<link rel=\"canonical\" href=\"https:\/\/blogdofarnesio.com.br\/?p=281434\" \/>\n<meta property=\"og:locale\" content=\"pt_BR\" \/>\n<meta property=\"og:type\" content=\"article\" \/>\n<meta property=\"og:title\" content=\"Bahia registrou no domingo, 1.698 novos casos de Covid-19 e mais 99 \u00f3bitos pela doen\u00e7a - Blog do Farn\u00e9sio\" \/>\n<meta property=\"og:description\" content=\"Na Bahia, nas \u00faltimas 24 horas, foram registrados 1.698 casos de Covid-19 (taxa de crescimento de +0,2%) e 2.786 recuperados (+0,4%). O boletim epidemiol\u00f3gico deste domingo (21) tamb\u00e9m registra 99 mortes. Apesar de terem ocorrido em diversas datas, a confirma\u00e7\u00e3o e registro das mortes foram realizadas hoje. Dos 768.832 casos confirmados desde o in\u00edcio da pandemia, 737.967 j\u00e1 s\u00e3o considerados recuperados, 16.766 encontram-se ativos e 14.099 tiveram \u00f3bito confirmado. O boletim epidemiol\u00f3gico contabiliza ainda 1.094.100 casos descartados e 178.183 em investiga\u00e7\u00e3o. Estes dados representam notifica\u00e7\u00f5es oficiais compiladas pela Diretoria de Vigil\u00e2ncia Epidemiol\u00f3gica em Sa\u00fade da Bahia (Divep-BA), em conjunto com as vigil\u00e2ncias municipais e as bases de dados do Minist\u00e9rio da Sa\u00fade at\u00e9 as 17 horas deste domingo. Na Bahia,&hellip;\" \/>\n<meta property=\"og:url\" content=\"https:\/\/blogdofarnesio.com.br\/?p=281434\" \/>\n<meta property=\"og:site_name\" content=\"Blog do Farn\u00e9sio\" \/>\n<meta property=\"article:publisher\" content=\"https:\/\/www.facebook.com\/BlogQuerSaberPolitica\/\" \/>\n<meta property=\"article:published_time\" content=\"2021-03-22T11:41:02+00:00\" \/>\n<meta property=\"og:image\" content=\"https:\/\/blogdofarnesio.com.br\/wp-content\/uploads\/2021\/03\/blogqspcoronavirus-xluto.jpg.pagespeed.ic_.5Xt4sAdGvV-e1616331997602.jpg\" \/>\n\t<meta property=\"og:image:width\" content=\"686\" \/>\n\t<meta property=\"og:image:height\" content=\"412\" \/>\n\t<meta property=\"og:image:type\" content=\"image\/jpeg\" \/>\n<meta name=\"author\" content=\"Farn\u00e9sio\" \/>\n<meta name=\"twitter:card\" content=\"summary_large_image\" \/>\n<meta name=\"twitter:label1\" content=\"Escrito por\" \/>\n\t<meta name=\"twitter:data1\" content=\"Farn\u00e9sio\" \/>\n\t<meta name=\"twitter:label2\" content=\"Est. tempo de leitura\" \/>\n\t<meta name=\"twitter:data2\" content=\"3 minutos\" \/>\n<script type=\"application\/ld+json\" class=\"yoast-schema-graph\">{\"@context\":\"https:\\\/\\\/schema.org\",\"@graph\":[{\"@type\":\"Article\",\"@id\":\"https:\\\/\\\/blogdofarnesio.com.br\\\/?p=281434#article\",\"isPartOf\":{\"@id\":\"https:\\\/\\\/blogdofarnesio.com.br\\\/?p=281434\"},\"author\":{\"name\":\"Farn\u00e9sio\",\"@id\":\"https:\\\/\\\/blogdofarnesio.com.br\\\/#\\\/schema\\\/person\\\/301c4acf522bccbfdb45af95b5b906a1\"},\"headline\":\"Bahia registrou no domingo, 1.698 novos casos de Covid-19 e mais 99 \u00f3bitos pela doen\u00e7a\",\"datePublished\":\"2021-03-22T11:41:02+00:00\",\"mainEntityOfPage\":{\"@id\":\"https:\\\/\\\/blogdofarnesio.com.br\\\/?p=281434\"},\"wordCount\":541,\"publisher\":{\"@id\":\"https:\\\/\\\/blogdofarnesio.com.br\\\/#organization\"},\"image\":{\"@id\":\"https:\\\/\\\/blogdofarnesio.com.br\\\/?p=281434#primaryimage\"},\"thumbnailUrl\":\"https:\\\/\\\/blogdofarnesio.com.br\\\/wp-content\\\/uploads\\\/2021\\\/03\\\/blogqspcoronavirus-xluto.jpg.pagespeed.ic_.5Xt4sAdGvV-e1616331997602.jpg\",\"articleSection\":[\"Sa\u00fade\"],\"inLanguage\":\"pt-BR\"},{\"@type\":\"WebPage\",\"@id\":\"https:\\\/\\\/blogdofarnesio.com.br\\\/?p=281434\",\"url\":\"https:\\\/\\\/blogdofarnesio.com.br\\\/?p=281434\",\"name\":\"Bahia registrou no domingo, 1.698 novos casos de Covid-19 e mais 99 \u00f3bitos pela doen\u00e7a - Blog do Farn\u00e9sio\",\"isPartOf\":{\"@id\":\"https:\\\/\\\/blogdofarnesio.com.br\\\/#website\"},\"primaryImageOfPage\":{\"@id\":\"https:\\\/\\\/blogdofarnesio.com.br\\\/?p=281434#primaryimage\"},\"image\":{\"@id\":\"https:\\\/\\\/blogdofarnesio.com.br\\\/?p=281434#primaryimage\"},\"thumbnailUrl\":\"https:\\\/\\\/blogdofarnesio.com.br\\\/wp-content\\\/uploads\\\/2021\\\/03\\\/blogqspcoronavirus-xluto.jpg.pagespeed.ic_.5Xt4sAdGvV-e1616331997602.jpg\",\"datePublished\":\"2021-03-22T11:41:02+00:00\",\"breadcrumb\":{\"@id\":\"https:\\\/\\\/blogdofarnesio.com.br\\\/?p=281434#breadcrumb\"},\"inLanguage\":\"pt-BR\",\"potentialAction\":[{\"@type\":\"ReadAction\",\"target\":[\"https:\\\/\\\/blogdofarnesio.com.br\\\/?p=281434\"]}]},{\"@type\":\"ImageObject\",\"inLanguage\":\"pt-BR\",\"@id\":\"https:\\\/\\\/blogdofarnesio.com.br\\\/?p=281434#primaryimage\",\"url\":\"https:\\\/\\\/blogdofarnesio.com.br\\\/wp-content\\\/uploads\\\/2021\\\/03\\\/blogqspcoronavirus-xluto.jpg.pagespeed.ic_.5Xt4sAdGvV-e1616331997602.jpg\",\"contentUrl\":\"https:\\\/\\\/blogdofarnesio.com.br\\\/wp-content\\\/uploads\\\/2021\\\/03\\\/blogqspcoronavirus-xluto.jpg.pagespeed.ic_.5Xt4sAdGvV-e1616331997602.jpg\",\"width\":686,\"height\":412,\"caption\":\"Mulher lamenta morte de v\u00edtima da Covid-19, no Cemit\u00e9rio do Tapan\u00e3, em Bel\u00e9m (PA) Foto: MARX VASCONCELOS \\\/FUTURA PRESS \\\/ Ag\u00eancia O Globo\"},{\"@type\":\"BreadcrumbList\",\"@id\":\"https:\\\/\\\/blogdofarnesio.com.br\\\/?p=281434#breadcrumb\",\"itemListElement\":[{\"@type\":\"ListItem\",\"position\":1,\"name\":\"In\u00edcio\",\"item\":\"https:\\\/\\\/blogdofarnesio.com.br\\\/\"},{\"@type\":\"ListItem\",\"position\":2,\"name\":\"Bahia registrou no domingo, 1.698 novos casos de Covid-19 e mais 99 \u00f3bitos pela doen\u00e7a\"}]},{\"@type\":\"WebSite\",\"@id\":\"https:\\\/\\\/blogdofarnesio.com.br\\\/#website\",\"url\":\"https:\\\/\\\/blogdofarnesio.com.br\\\/\",\"name\":\"Blog do Farn\u00e9sio\",\"description\":\"Quer Saber Pol\u00edtica?\",\"publisher\":{\"@id\":\"https:\\\/\\\/blogdofarnesio.com.br\\\/#organization\"},\"potentialAction\":[{\"@type\":\"SearchAction\",\"target\":{\"@type\":\"EntryPoint\",\"urlTemplate\":\"https:\\\/\\\/blogdofarnesio.com.br\\\/?s={search_term_string}\"},\"query-input\":{\"@type\":\"PropertyValueSpecification\",\"valueRequired\":true,\"valueName\":\"search_term_string\"}}],\"inLanguage\":\"pt-BR\"},{\"@type\":\"Organization\",\"@id\":\"https:\\\/\\\/blogdofarnesio.com.br\\\/#organization\",\"name\":\"Blog do Farn\u00e9sio\",\"url\":\"https:\\\/\\\/blogdofarnesio.com.br\\\/\",\"logo\":{\"@type\":\"ImageObject\",\"inLanguage\":\"pt-BR\",\"@id\":\"https:\\\/\\\/blogdofarnesio.com.br\\\/#\\\/schema\\\/logo\\\/image\\\/\",\"url\":\"https:\\\/\\\/blogdofarnesio.com.br\\\/wp-content\\\/uploads\\\/2026\\\/03\\\/cropped-logo_new-1.png\",\"contentUrl\":\"https:\\\/\\\/blogdofarnesio.com.br\\\/wp-content\\\/uploads\\\/2026\\\/03\\\/cropped-logo_new-1.png\",\"width\":881,\"height\":685,\"caption\":\"Blog do Farn\u00e9sio\"},\"image\":{\"@id\":\"https:\\\/\\\/blogdofarnesio.com.br\\\/#\\\/schema\\\/logo\\\/image\\\/\"},\"sameAs\":[\"https:\\\/\\\/www.facebook.com\\\/BlogQuerSaberPolitica\\\/\"]},{\"@type\":\"Person\",\"@id\":\"https:\\\/\\\/blogdofarnesio.com.br\\\/#\\\/schema\\\/person\\\/301c4acf522bccbfdb45af95b5b906a1\",\"name\":\"Farn\u00e9sio\",\"image\":{\"@type\":\"ImageObject\",\"inLanguage\":\"pt-BR\",\"@id\":\"https:\\\/\\\/secure.gravatar.com\\\/avatar\\\/df0c9a14567c056f8ad6876ba5bbd1e3e2c48023eb6807342fc4663adf549f38?s=96&d=mm&r=g\",\"url\":\"https:\\\/\\\/secure.gravatar.com\\\/avatar\\\/df0c9a14567c056f8ad6876ba5bbd1e3e2c48023eb6807342fc4663adf549f38?s=96&d=mm&r=g\",\"contentUrl\":\"https:\\\/\\\/secure.gravatar.com\\\/avatar\\\/df0c9a14567c056f8ad6876ba5bbd1e3e2c48023eb6807342fc4663adf549f38?s=96&d=mm&r=g\",\"caption\":\"Farn\u00e9sio\"},\"sameAs\":[\"https:\\\/\\\/quersaberpolitica.com.br\"],\"url\":\"https:\\\/\\\/blogdofarnesio.com.br\\\/?author=1\"}]}<\/script>\n<!-- \/ Yoast SEO plugin. -->","yoast_head_json":{"title":"Bahia registrou no domingo, 1.698 novos casos de Covid-19 e mais 99 \u00f3bitos pela doen\u00e7a - Blog do Farn\u00e9sio","robots":{"index":"index","follow":"follow","max-snippet":"max-snippet:-1","max-image-preview":"max-image-preview:large","max-video-preview":"max-video-preview:-1"},"canonical":"https:\/\/blogdofarnesio.com.br\/?p=281434","og_locale":"pt_BR","og_type":"article","og_title":"Bahia registrou no domingo, 1.698 novos casos de Covid-19 e mais 99 \u00f3bitos pela doen\u00e7a - Blog do Farn\u00e9sio","og_description":"Na Bahia, nas \u00faltimas 24 horas, foram registrados 1.698 casos de Covid-19 (taxa de crescimento de +0,2%) e 2.786 recuperados (+0,4%). O boletim epidemiol\u00f3gico deste domingo (21) tamb\u00e9m registra 99 mortes. Apesar de terem ocorrido em diversas datas, a confirma\u00e7\u00e3o e registro das mortes foram realizadas hoje. Dos 768.832 casos confirmados desde o in\u00edcio da pandemia, 737.967 j\u00e1 s\u00e3o considerados recuperados, 16.766 encontram-se ativos e 14.099 tiveram \u00f3bito confirmado. O boletim epidemiol\u00f3gico contabiliza ainda 1.094.100 casos descartados e 178.183 em investiga\u00e7\u00e3o. Estes dados representam notifica\u00e7\u00f5es oficiais compiladas pela Diretoria de Vigil\u00e2ncia Epidemiol\u00f3gica em Sa\u00fade da Bahia (Divep-BA), em conjunto com as vigil\u00e2ncias municipais e as bases de dados do Minist\u00e9rio da Sa\u00fade at\u00e9 as 17 horas deste domingo. Na Bahia,&hellip;","og_url":"https:\/\/blogdofarnesio.com.br\/?p=281434","og_site_name":"Blog do Farn\u00e9sio","article_publisher":"https:\/\/www.facebook.com\/BlogQuerSaberPolitica\/","article_published_time":"2021-03-22T11:41:02+00:00","og_image":[{"width":686,"height":412,"url":"https:\/\/blogdofarnesio.com.br\/wp-content\/uploads\/2021\/03\/blogqspcoronavirus-xluto.jpg.pagespeed.ic_.5Xt4sAdGvV-e1616331997602.jpg","type":"image\/jpeg"}],"author":"Farn\u00e9sio","twitter_card":"summary_large_image","twitter_misc":{"Escrito por":"Farn\u00e9sio","Est. tempo de leitura":"3 minutos"},"schema":{"@context":"https:\/\/schema.org","@graph":[{"@type":"Article","@id":"https:\/\/blogdofarnesio.com.br\/?p=281434#article","isPartOf":{"@id":"https:\/\/blogdofarnesio.com.br\/?p=281434"},"author":{"name":"Farn\u00e9sio","@id":"https:\/\/blogdofarnesio.com.br\/#\/schema\/person\/301c4acf522bccbfdb45af95b5b906a1"},"headline":"Bahia registrou no domingo, 1.698 novos casos de Covid-19 e mais 99 \u00f3bitos pela doen\u00e7a","datePublished":"2021-03-22T11:41:02+00:00","mainEntityOfPage":{"@id":"https:\/\/blogdofarnesio.com.br\/?p=281434"},"wordCount":541,"publisher":{"@id":"https:\/\/blogdofarnesio.com.br\/#organization"},"image":{"@id":"https:\/\/blogdofarnesio.com.br\/?p=281434#primaryimage"},"thumbnailUrl":"https:\/\/blogdofarnesio.com.br\/wp-content\/uploads\/2021\/03\/blogqspcoronavirus-xluto.jpg.pagespeed.ic_.5Xt4sAdGvV-e1616331997602.jpg","articleSection":["Sa\u00fade"],"inLanguage":"pt-BR"},{"@type":"WebPage","@id":"https:\/\/blogdofarnesio.com.br\/?p=281434","url":"https:\/\/blogdofarnesio.com.br\/?p=281434","name":"Bahia registrou no domingo, 1.698 novos casos de Covid-19 e mais 99 \u00f3bitos pela doen\u00e7a - Blog do Farn\u00e9sio","isPartOf":{"@id":"https:\/\/blogdofarnesio.com.br\/#website"},"primaryImageOfPage":{"@id":"https:\/\/blogdofarnesio.com.br\/?p=281434#primaryimage"},"image":{"@id":"https:\/\/blogdofarnesio.com.br\/?p=281434#primaryimage"},"thumbnailUrl":"https:\/\/blogdofarnesio.com.br\/wp-content\/uploads\/2021\/03\/blogqspcoronavirus-xluto.jpg.pagespeed.ic_.5Xt4sAdGvV-e1616331997602.jpg","datePublished":"2021-03-22T11:41:02+00:00","breadcrumb":{"@id":"https:\/\/blogdofarnesio.com.br\/?p=281434#breadcrumb"},"inLanguage":"pt-BR","potentialAction":[{"@type":"ReadAction","target":["https:\/\/blogdofarnesio.com.br\/?p=281434"]}]},{"@type":"ImageObject","inLanguage":"pt-BR","@id":"https:\/\/blogdofarnesio.com.br\/?p=281434#primaryimage","url":"https:\/\/blogdofarnesio.com.br\/wp-content\/uploads\/2021\/03\/blogqspcoronavirus-xluto.jpg.pagespeed.ic_.5Xt4sAdGvV-e1616331997602.jpg","contentUrl":"https:\/\/blogdofarnesio.com.br\/wp-content\/uploads\/2021\/03\/blogqspcoronavirus-xluto.jpg.pagespeed.ic_.5Xt4sAdGvV-e1616331997602.jpg","width":686,"height":412,"caption":"Mulher lamenta morte de v\u00edtima da Covid-19, no Cemit\u00e9rio do Tapan\u00e3, em Bel\u00e9m (PA) Foto: MARX VASCONCELOS \/FUTURA PRESS \/ Ag\u00eancia O Globo"},{"@type":"BreadcrumbList","@id":"https:\/\/blogdofarnesio.com.br\/?p=281434#breadcrumb","itemListElement":[{"@type":"ListItem","position":1,"name":"In\u00edcio","item":"https:\/\/blogdofarnesio.com.br\/"},{"@type":"ListItem","position":2,"name":"Bahia registrou no domingo, 1.698 novos casos de Covid-19 e mais 99 \u00f3bitos pela doen\u00e7a"}]},{"@type":"WebSite","@id":"https:\/\/blogdofarnesio.com.br\/#website","url":"https:\/\/blogdofarnesio.com.br\/","name":"Blog do Farn\u00e9sio","description":"Quer Saber Pol\u00edtica?","publisher":{"@id":"https:\/\/blogdofarnesio.com.br\/#organization"},"potentialAction":[{"@type":"SearchAction","target":{"@type":"EntryPoint","urlTemplate":"https:\/\/blogdofarnesio.com.br\/?s={search_term_string}"},"query-input":{"@type":"PropertyValueSpecification","valueRequired":true,"valueName":"search_term_string"}}],"inLanguage":"pt-BR"},{"@type":"Organization","@id":"https:\/\/blogdofarnesio.com.br\/#organization","name":"Blog do Farn\u00e9sio","url":"https:\/\/blogdofarnesio.com.br\/","logo":{"@type":"ImageObject","inLanguage":"pt-BR","@id":"https:\/\/blogdofarnesio.com.br\/#\/schema\/logo\/image\/","url":"https:\/\/blogdofarnesio.com.br\/wp-content\/uploads\/2026\/03\/cropped-logo_new-1.png","contentUrl":"https:\/\/blogdofarnesio.com.br\/wp-content\/uploads\/2026\/03\/cropped-logo_new-1.png","width":881,"height":685,"caption":"Blog do Farn\u00e9sio"},"image":{"@id":"https:\/\/blogdofarnesio.com.br\/#\/schema\/logo\/image\/"},"sameAs":["https:\/\/www.facebook.com\/BlogQuerSaberPolitica\/"]},{"@type":"Person","@id":"https:\/\/blogdofarnesio.com.br\/#\/schema\/person\/301c4acf522bccbfdb45af95b5b906a1","name":"Farn\u00e9sio","image":{"@type":"ImageObject","inLanguage":"pt-BR","@id":"https:\/\/secure.gravatar.com\/avatar\/df0c9a14567c056f8ad6876ba5bbd1e3e2c48023eb6807342fc4663adf549f38?s=96&d=mm&r=g","url":"https:\/\/secure.gravatar.com\/avatar\/df0c9a14567c056f8ad6876ba5bbd1e3e2c48023eb6807342fc4663adf549f38?s=96&d=mm&r=g","contentUrl":"https:\/\/secure.gravatar.com\/avatar\/df0c9a14567c056f8ad6876ba5bbd1e3e2c48023eb6807342fc4663adf549f38?s=96&d=mm&r=g","caption":"Farn\u00e9sio"},"sameAs":["https:\/\/quersaberpolitica.com.br"],"url":"https:\/\/blogdofarnesio.com.br\/?author=1"}]}},"_links":{"self":[{"href":"https:\/\/blogdofarnesio.com.br\/index.php?rest_route=\/wp\/v2\/posts\/281434","targetHints":{"allow":["GET"]}}],"collection":[{"href":"https:\/\/blogdofarnesio.com.br\/index.php?rest_route=\/wp\/v2\/posts"}],"about":[{"href":"https:\/\/blogdofarnesio.com.br\/index.php?rest_route=\/wp\/v2\/types\/post"}],"author":[{"embeddable":true,"href":"https:\/\/blogdofarnesio.com.br\/index.php?rest_route=\/wp\/v2\/users\/1"}],"replies":[{"embeddable":true,"href":"https:\/\/blogdofarnesio.com.br\/index.php?rest_route=%2Fwp%2Fv2%2Fcomments&post=281434"}],"version-history":[{"count":0,"href":"https:\/\/blogdofarnesio.com.br\/index.php?rest_route=\/wp\/v2\/posts\/281434\/revisions"}],"wp:featuredmedia":[{"embeddable":true,"href":"https:\/\/blogdofarnesio.com.br\/index.php?rest_route=\/wp\/v2\/media\/281395"}],"wp:attachment":[{"href":"https:\/\/blogdofarnesio.com.br\/index.php?rest_route=%2Fwp%2Fv2%2Fmedia&parent=281434"}],"wp:term":[{"taxonomy":"category","embeddable":true,"href":"https:\/\/blogdofarnesio.com.br\/index.php?rest_route=%2Fwp%2Fv2%2Fcategories&post=281434"},{"taxonomy":"post_tag","embeddable":true,"href":"https:\/\/blogdofarnesio.com.br\/index.php?rest_route=%2Fwp%2Fv2%2Ftags&post=281434"}],"curies":[{"name":"wp","href":"https:\/\/api.w.org\/{rel}","templated":true}]}}