{"id":281202,"date":"2021-03-18T10:24:11","date_gmt":"2021-03-18T13:24:11","guid":{"rendered":"http:\/\/quersaberpolitica.com.br\/2016\/?p=281202"},"modified":"2021-03-18T10:24:11","modified_gmt":"2021-03-18T13:24:11","slug":"lula-e-ciro-venceriam-bolsonaro-no-2o-turno-diz-poderdata","status":"publish","type":"post","link":"https:\/\/blogdofarnesio.com.br\/?p=281202","title":{"rendered":"Lula e Ciro venceriam Bolsonaro no 2\u00ba turno, diz PoderData"},"content":{"rendered":"<header>\n<p class=\"author\"><a class=\"author url fn\" title=\"Posts de Poder360\" href=\"https:\/\/www.poder360.com.br\/author\/do-poder360\/\" rel=\"author\">PODER360 &#8211;\u00a0<\/a><br \/>\nPesquisa <strong>PoderData<\/strong>\u00a0realizada de 15 a 17 de mar\u00e7o em todo o pa\u00eds com 3.500 pessoas indica que, se a elei\u00e7\u00e3o presidencial fosse hoje,\u00a0<a href=\"https:\/\/eleicoes.poder360.com.br\/candidato\/630212#2018\" target=\"_blank\" rel=\"noopener\">Jair Bolsonaro<\/a>\u00a0(sem partido) iria para o 2\u00ba turno com\u00a0<a href=\"https:\/\/eleicoes.poder360.com.br\/candidato\/929674#2018\" target=\"_blank\" rel=\"noopener\">Luiz In\u00e1cio Lula da Silva<\/a>\u00a0(PT). O atual presidente tem 30%, e o petista, 34%. Como a margem de erro do levantamento \u00e9 de 1,8 ponto percentual, para mais ou para menos, h\u00e1 quase um empate t\u00e9cnico no limite desses percentuais.<\/p>\n<\/header>\n<div class=\"content wp js-mediator-article\" data-ga-ano=\"2021\" data-ga-categoria=\"Elei\u00e7\u00f5es\" data-ga-autor=\"Poder360\">\n<p>A polariza\u00e7\u00e3o \u00e9 grande. Depois de Bolsonaro e Lula, todos os demais candidatos testados ficam com menos de 10%. O ex-juiz federal da Lava Jato Sergio Moro (sem partido) tem 6%.\u00a0<a href=\"https:\/\/eleicoes.poder360.com.br\/candidato\/253108#2018\" target=\"_blank\" rel=\"noopener\">Ciro Gomes<\/a>\u00a0(PDT), 5%. O empres\u00e1rio e apresentador da TV Globo Luciano Huck (sem partido) fica com 4%. O governador de S\u00e3o Paulo,\u00a0<a href=\"https:\/\/eleicoes.poder360.com.br\/candidato\/654174#2018\" target=\"_blank\" rel=\"noopener\">Jo\u00e3o Doria<\/a>\u00a0(PSDB), tem 3%.\u00a0<a href=\"https:\/\/eleicoes.poder360.com.br\/candidato\/670890#2018\" target=\"_blank\" rel=\"noopener\">Jo\u00e3o Am\u00f4edo<\/a>\u00a0(Novo) tem 3% e\u00a0<a href=\"https:\/\/eleicoes.poder360.com.br\/candidato\/929341#2014\" target=\"_blank\" rel=\"noopener\">Luiz Henrique Mandetta<\/a>\u00a0(DEM), 2%.<\/p>\n<p><img loading=\"lazy\" decoding=\"async\" class=\"alignnone size-full wp-image-652804\" src=\"https:\/\/static.poder360.com.br\/2021\/03\/pd-intencao-presidente-17-mar-2021-2-01.png\" sizes=\"auto, (max-width: 801px) 100vw, 801px\" srcset=\"\/\/static.poder360.com.br\/2021\/03\/pd-intencao-presidente-17-mar-2021-2-01.png 801w, \/\/static.poder360.com.br\/2021\/03\/pd-intencao-presidente-17-mar-2021-2-01-360x600.png 360w, \/\/static.poder360.com.br\/2021\/03\/pd-intencao-presidente-17-mar-2021-2-01-615x1024.png 615w, \/\/static.poder360.com.br\/2021\/03\/pd-intencao-presidente-17-mar-2021-2-01-768x1279.png 768w\" alt=\"\" width=\"801\" height=\"1334\" \/><\/p>\n<p>A pesquisa foi realizada pela\u00a0<a href=\"https:\/\/www.poder360.com.br\/poderdata-institucional\/\" target=\"_blank\" rel=\"noopener\">divis\u00e3o de estudos estat\u00edsticos<\/a>\u00a0do\u00a0<strong>Poder360<\/strong>. A divulga\u00e7\u00e3o do levantamento \u00e9 feita em\u00a0<a href=\"https:\/\/www.poder360.com.br\/institucional-poder360\/poder360-e-grupo-bandeirantes-fazem-parceria-para-a-divulgacao-de-pesquisas\/\" target=\"_blank\" rel=\"noopener\">parceria editorial<\/a>\u00a0com o\u00a0<em>Grupo Bandeirantes<\/em>.<\/p>\n<p>Foram 3.500 entrevistas em 545 munic\u00edpios, nas 27 unidades da Federa\u00e7\u00e3o. A margem de erro \u00e9 de 1,8 ponto percentual.\u00a0<a href=\"https:\/\/www.poder360.com.br\/poderdata\/entenda-como-foi-realizada-a-pesquisa-datapoder360\/\" target=\"_blank\" rel=\"noopener\">Saiba mais sobre a metodologia lendo este texto<\/a>.<\/p>\n<p>Para chegar a 3.500 entrevistas que preencham proporcionalmente (conforme aparecem na sociedade) os grupos por sexo, idade, renda, escolaridade e localiza\u00e7\u00e3o geogr\u00e1fica, o\u00a0<strong>PoderData<\/strong>\u00a0faz dezenas de milhares de telefonemas. Muitas vezes, mais de 100 mil liga\u00e7\u00f5es at\u00e9 que sejam encontrados os entrevistados que representem de forma fiel o conjunto da popula\u00e7\u00e3o.<\/p>\n<p>Quando o\u00a0<strong>PoderData<\/strong>\u00a0simula eventuais cen\u00e1rios de 2\u00ba turno, Bolsonaro fica numa situa\u00e7\u00e3o muito menos confort\u00e1vel do que no\u00a0<a href=\"https:\/\/www.poder360.com.br\/poderdata\/bolsonaro-lidera-com-folga-1o-turno-de-2022-e-ganharia-de-todos-no-2o-turno\/\">estudo de dezembro de 2020<\/a>, quando vencia em todos os cen\u00e1rios de 1\u00ba e de 2\u00ba turnos.<\/p>\n<p>Lula estava ineleg\u00edvel naquela ocasi\u00e3o e por isso n\u00e3o foi inclu\u00eddo na pesquisa. Agora,\u00a0<a href=\"https:\/\/www.poder360.com.br\/lava-jato\/fachin-anula-todos-os-atos-processuais-contra-lula-realizados-em-curitiba\/\">teve os processos anulados pelo STF<\/a>\u00a0(tudo ter\u00e1 de come\u00e7ar novamente). No confronto com o atual presidente numa simula\u00e7\u00e3o de 2\u00ba turno, o petista tem 41%. Bolsonaro fica com 36%. S\u00e3o 5 pontos percentuais de diferen\u00e7a, al\u00e9m da margem de 1,8 ponto do levantamento, segundo o\u00a0<strong>PoderData<\/strong>.<\/p>\n<p>No caso de eventual enfrentamento com Ciro Gomes, nova derrota de Bolsonaro. Tr\u00eas meses antes,\u00a0<a href=\"https:\/\/www.poder360.com.br\/poderdata\/bolsonaro-lidera-com-folga-1o-turno-de-2022-e-ganharia-de-todos-no-2o-turno\/\" target=\"_blank\" rel=\"noopener\">em dezembro de 2020<\/a>, Ciro tinha 35% e perdia para o atual presidente, que ficava com 44% (9 pontos de diferen\u00e7a). Agora, o cen\u00e1rio se inverteu. Ciro foi a 39% e Bolsonaro desceu 10 pontos, para 34%.<\/p>\n<p>Tamb\u00e9m melhorou no cen\u00e1rio de 2\u00ba turno o apresentador Luciano Huck. Tem 40% contra 37% de Bolsonaro. Essa diferen\u00e7a (3 pontos) ainda os coloca empatados tecnicamente, mas \u00e9 not\u00e1vel o fato de Huck estar numericamente \u00e0 frente. Em dezembro de 2020, Bolsonaro tinha 44% e Huck 38%.<\/p>\n<p><img loading=\"lazy\" decoding=\"async\" class=\"alignnone size-full wp-image-652881\" src=\"https:\/\/static.poder360.com.br\/2021\/03\/poderdata-intencao-de-voto-no-2-turno-17mar2021.png\" sizes=\"auto, (max-width: 1668px) 100vw, 1668px\" srcset=\"\/\/static.poder360.com.br\/2021\/03\/poderdata-intencao-de-voto-no-2-turno-17mar2021.png 1668w, \/\/static.poder360.com.br\/2021\/03\/poderdata-intencao-de-voto-no-2-turno-17mar2021-450x491.png 450w, \/\/static.poder360.com.br\/2021\/03\/poderdata-intencao-de-voto-no-2-turno-17mar2021-938x1024.png 938w, \/\/static.poder360.com.br\/2021\/03\/poderdata-intencao-de-voto-no-2-turno-17mar2021-768x838.png 768w, \/\/static.poder360.com.br\/2021\/03\/poderdata-intencao-de-voto-no-2-turno-17mar2021-1407x1536.png 1407w\" alt=\"\" width=\"1668\" height=\"1821\" \/><\/p>\n<p><img loading=\"lazy\" decoding=\"async\" class=\"alignnone size-full wp-image-652798\" src=\"https:\/\/static.poder360.com.br\/2021\/03\/poderdata-2-turno-Lula-Bolsonaro-04.png\" sizes=\"auto, (max-width: 1668px) 100vw, 1668px\" srcset=\"\/\/static.poder360.com.br\/2021\/03\/poderdata-2-turno-Lula-Bolsonaro-04.png 1668w, \/\/static.poder360.com.br\/2021\/03\/poderdata-2-turno-Lula-Bolsonaro-04-450x479.png 450w, \/\/static.poder360.com.br\/2021\/03\/poderdata-2-turno-Lula-Bolsonaro-04-962x1024.png 962w, \/\/static.poder360.com.br\/2021\/03\/poderdata-2-turno-Lula-Bolsonaro-04-768x818.png 768w, \/\/static.poder360.com.br\/2021\/03\/poderdata-2-turno-Lula-Bolsonaro-04-1443x1536.png 1443w\" alt=\"\" width=\"1668\" height=\"1776\" \/><\/p>\n<p><img loading=\"lazy\" decoding=\"async\" class=\"alignnone size-full wp-image-652784\" src=\"https:\/\/static.poder360.com.br\/2021\/03\/pd-intencao-presidente-17-mar-2021-BolsonaroxCiro-08.png\" sizes=\"auto, (max-width: 801px) 100vw, 801px\" srcset=\"\/\/static.poder360.com.br\/2021\/03\/pd-intencao-presidente-17-mar-2021-BolsonaroxCiro-08.png 801w, \/\/static.poder360.com.br\/2021\/03\/pd-intencao-presidente-17-mar-2021-BolsonaroxCiro-08-450x450.png 450w, \/\/static.poder360.com.br\/2021\/03\/pd-intencao-presidente-17-mar-2021-BolsonaroxCiro-08-768x767.png 768w\" alt=\"\" width=\"801\" height=\"800\" \/><\/p>\n<p><img loading=\"lazy\" decoding=\"async\" class=\"alignnone size-full wp-image-652788\" src=\"https:\/\/static.poder360.com.br\/2021\/03\/pd-intencao-presidente-17-mar-2021-HuckxBolsonaro-05.png\" sizes=\"auto, (max-width: 801px) 100vw, 801px\" srcset=\"\/\/static.poder360.com.br\/2021\/03\/pd-intencao-presidente-17-mar-2021-HuckxBolsonaro-05.png 801w, \/\/static.poder360.com.br\/2021\/03\/pd-intencao-presidente-17-mar-2021-HuckxBolsonaro-05-450x450.png 450w, \/\/static.poder360.com.br\/2021\/03\/pd-intencao-presidente-17-mar-2021-HuckxBolsonaro-05-768x767.png 768w\" alt=\"\" width=\"801\" height=\"800\" \/><img loading=\"lazy\" decoding=\"async\" class=\"alignnone size-full wp-image-652786\" src=\"https:\/\/static.poder360.com.br\/2021\/03\/pd-intencao-presidente-17-mar-2021-BolsonaroxMoro-07.png\" sizes=\"auto, (max-width: 801px) 100vw, 801px\" srcset=\"\/\/static.poder360.com.br\/2021\/03\/pd-intencao-presidente-17-mar-2021-BolsonaroxMoro-07.png 801w, \/\/static.poder360.com.br\/2021\/03\/pd-intencao-presidente-17-mar-2021-BolsonaroxMoro-07-450x450.png 450w, \/\/static.poder360.com.br\/2021\/03\/pd-intencao-presidente-17-mar-2021-BolsonaroxMoro-07-768x767.png 768w\" alt=\"\" width=\"801\" height=\"800\" \/><img loading=\"lazy\" decoding=\"async\" class=\"alignnone size-full wp-image-652785\" src=\"https:\/\/static.poder360.com.br\/2021\/03\/pd-intencao-presidente-17-mar-2021-BolsonaroxDoria-06.png\" sizes=\"auto, (max-width: 801px) 100vw, 801px\" srcset=\"\/\/static.poder360.com.br\/2021\/03\/pd-intencao-presidente-17-mar-2021-BolsonaroxDoria-06.png 801w, \/\/static.poder360.com.br\/2021\/03\/pd-intencao-presidente-17-mar-2021-BolsonaroxDoria-06-450x450.png 450w, \/\/static.poder360.com.br\/2021\/03\/pd-intencao-presidente-17-mar-2021-BolsonaroxDoria-06-768x767.png 768w\" alt=\"\" width=\"801\" height=\"800\" \/><\/p>\n<p>O desempenho pior de Bolsonaro, como se v\u00ea, favoreceu Lula, Ciro e Huck. J\u00e1 o governador de S\u00e3o Paulo, Jo\u00e3o Doria (PSDB), e o ex-juiz federal da Lava Jato Sergio Moro n\u00e3o melhoraram. Seguem perdendo para o atual presidente num eventual 2\u00ba turno.<\/p>\n<p>O tucano tinha 31% em dezembro de 2020, contra 46% de Bolsonaro. O presidente desceu para 41%. S\u00f3 que Doria ficou com os mesmos 31% de 3 meses antes.<\/p>\n<p>Moro perdeu tra\u00e7\u00e3o. Registrava 36% em dezembro de 2020, contra 43% de Bolsonaro. Agora, o presidente desceu para 38% nessa simula\u00e7\u00e3o, mas Moro escorregou para 31%.<\/p>\n<h2><strong>REJEI\u00c7\u00c3O E POTENCIAL DE VOTO<\/strong><\/h2>\n<p>O\u00a0<strong>PoderData<\/strong>\u00a0tamb\u00e9m apresentou os nomes de potenciais candidatos a presidente e perguntou aos 3.500 entrevistados se votariam nessas pessoas com certeza, se poderiam votar ou se n\u00e3o votariam de jeito nenhum.<\/p>\n<p>Esse tipo de pergunta mede a rejei\u00e7\u00e3o (n\u00e3o votaria de jeito nenhum) e o potencial de voto (vota com certeza ou poderia votar).<\/p>\n<p>&nbsp;<\/p>\n<p>&nbsp;<\/p>\n<p>O candidato com menor rejei\u00e7\u00e3o foi Lula, com 40%. Todos os demais t\u00eam mais de 50%, come\u00e7ando por Doria, com 65%, Moro (60%), Huck (54%), Ciro (56%) e Bolsonaro (53%).<\/p>\n<p><img loading=\"lazy\" decoding=\"async\" class=\"alignnone size-full wp-image-652893\" src=\"https:\/\/static.poder360.com.br\/2021\/03\/pd-estratificacao-potencial-presidente-17-mar-2021-01-2.png\" sizes=\"auto, (max-width: 801px) 100vw, 801px\" srcset=\"\/\/static.poder360.com.br\/2021\/03\/pd-estratificacao-potencial-presidente-17-mar-2021-01-2.png 801w, \/\/static.poder360.com.br\/2021\/03\/pd-estratificacao-potencial-presidente-17-mar-2021-01-2-450x585.png 450w, \/\/static.poder360.com.br\/2021\/03\/pd-estratificacao-potencial-presidente-17-mar-2021-01-2-787x1024.png 787w, \/\/static.poder360.com.br\/2021\/03\/pd-estratificacao-potencial-presidente-17-mar-2021-01-2-768x999.png 768w\" alt=\"\" width=\"801\" height=\"1042\" \/><\/p>\n<p>Lula tamb\u00e9m lidera quando se trata de potencial de voto: 53%, sendo 33% que votariam com certeza no petista e outros 20% que dizem que poderiam votar.<\/p>\n<p>Bolsonaro tem 43% de potencial de voto. \u00c9 seguido por Huck (39%), Ciro (36%), Moro (34%) e Doria (30%).<\/p>\n<h2>ESTRATIFICA\u00c7\u00c3O<\/h2>\n<p>O levantamento do\u00a0<strong>PoderData<\/strong>\u00a0mostra que, no 1\u00ba turno, Bolsonaro tem mais inten\u00e7\u00f5es de voto entre homens (37%), jovens de 16 a 24 anos (44%) e entre pessoas que recebem de 5 a 10 sal\u00e1rios m\u00ednimos (48%).<\/p>\n<p><img loading=\"lazy\" decoding=\"async\" class=\"alignnone size-full wp-image-652876\" src=\"https:\/\/static.poder360.com.br\/2021\/03\/poderdata-estratificacao-intencao-de-voto-no-1-turno.png\" sizes=\"auto, (max-width: 1668px) 100vw, 1668px\" srcset=\"\/\/static.poder360.com.br\/2021\/03\/poderdata-estratificacao-intencao-de-voto-no-1-turno.png 1668w, \/\/static.poder360.com.br\/2021\/03\/poderdata-estratificacao-intencao-de-voto-no-1-turno-295x600.png 295w, \/\/static.poder360.com.br\/2021\/03\/poderdata-estratificacao-intencao-de-voto-no-1-turno-504x1024.png 504w, \/\/static.poder360.com.br\/2021\/03\/poderdata-estratificacao-intencao-de-voto-no-1-turno-768x1560.png 768w, \/\/static.poder360.com.br\/2021\/03\/poderdata-estratificacao-intencao-de-voto-no-1-turno-756x1536.png 756w, \/\/static.poder360.com.br\/2021\/03\/poderdata-estratificacao-intencao-de-voto-no-1-turno-1008x2048.png 1008w\" alt=\"\" width=\"1668\" height=\"3389\" \/><\/p>\n<p>No 2\u00ba turno, em uma disputa com o ex-presidente Lula, Bolsonaro tem mais inten\u00e7\u00f5es de votos entre homens (43%), pessoas de 16 a 24 anos (43%), moradores da regi\u00e3o Centro-Oeste (57%), os que t\u00eam s\u00f3 o ensino m\u00e9dio (39%), e os que recebem de 5 a 10 sal\u00e1rios m\u00ednimos (59%).<\/p>\n<p>J\u00e1 Lula \u00e9 o favorito entre as mulheres (43%), pessoas de 25 a 44 anos (49%), moradores da regi\u00e3o Nordeste (49%), os que t\u00eam s\u00f3 o ensino fundamental (42%), e os que recebem de 2 a 5 sal\u00e1rios m\u00ednimos (54%).<\/p>\n<p><img loading=\"lazy\" decoding=\"async\" class=\"alignnone size-full wp-image-652938\" src=\"https:\/\/static.poder360.com.br\/2021\/03\/pd-estratificacao-2turno-bolsonaroxlula-17-mar-2021-02-1.png\" sizes=\"auto, (max-width: 801px) 100vw, 801px\" srcset=\"\/\/static.poder360.com.br\/2021\/03\/pd-estratificacao-2turno-bolsonaroxlula-17-mar-2021-02-1.png 801w, \/\/static.poder360.com.br\/2021\/03\/pd-estratificacao-2turno-bolsonaroxlula-17-mar-2021-02-1-301x600.png 301w, \/\/static.poder360.com.br\/2021\/03\/pd-estratificacao-2turno-bolsonaroxlula-17-mar-2021-02-1-514x1024.png 514w, \/\/static.poder360.com.br\/2021\/03\/pd-estratificacao-2turno-bolsonaroxlula-17-mar-2021-02-1-768x1531.png 768w, \/\/static.poder360.com.br\/2021\/03\/pd-estratificacao-2turno-bolsonaroxlula-17-mar-2021-02-1-770x1536.png 770w\" alt=\"\" width=\"801\" height=\"1597\" \/><\/p>\n<p>J\u00e1 em um cen\u00e1rio de 2\u00ba turno contra Ciro Gomes, Bolsonaro tem mais inten\u00e7\u00f5es de voto entre homens (34%), pessoas com 60 anos ou mais (45%), moradores da regi\u00e3o Centro-Oeste (52%), os que t\u00eam s\u00f3 o ensino m\u00e9dio (36%), e os que recebem at\u00e9 2 sal\u00e1rios m\u00ednimos (38%).<\/p>\n<p>Ciro tem mais inten\u00e7\u00f5es de voto entre homens (43%), pessoas de 16 a 24 anos (54%), moradores do Nordeste (48%), os que t\u00eam ensino superior (53%), e os que recebem de 5 a 10 sal\u00e1rios m\u00ednimos (59%).<\/p>\n<p><img loading=\"lazy\" decoding=\"async\" class=\"alignnone size-full wp-image-652939\" src=\"https:\/\/static.poder360.com.br\/2021\/03\/pd-estratificacao-intencaodevotoparapresidente-17-mar-2021-bolsonaroxciro-03.png\" sizes=\"auto, (max-width: 801px) 100vw, 801px\" srcset=\"\/\/static.poder360.com.br\/2021\/03\/pd-estratificacao-intencaodevotoparapresidente-17-mar-2021-bolsonaroxciro-03.png 801w, \/\/static.poder360.com.br\/2021\/03\/pd-estratificacao-intencaodevotoparapresidente-17-mar-2021-bolsonaroxciro-03-301x600.png 301w, \/\/static.poder360.com.br\/2021\/03\/pd-estratificacao-intencaodevotoparapresidente-17-mar-2021-bolsonaroxciro-03-514x1024.png 514w, \/\/static.poder360.com.br\/2021\/03\/pd-estratificacao-intencaodevotoparapresidente-17-mar-2021-bolsonaroxciro-03-768x1531.png 768w, \/\/static.poder360.com.br\/2021\/03\/pd-estratificacao-intencaodevotoparapresidente-17-mar-2021-bolsonaroxciro-03-770x1536.png 770w\" alt=\"\" width=\"801\" height=\"1597\" \/><\/p>\n<p>Em um 2\u00ba turno contra Luciano Huck, Bolsonaro tem mais inten\u00e7\u00f5es de voto entre pessoas de 16 a 24 anos (50%), moradores da regi\u00e3o Norte (53%), os que t\u00eam at\u00e9 o ensino m\u00e9dio (38%) e os que recebem de 5 a 10 sal\u00e1rios m\u00ednimos (51%).<\/p>\n<p>Luciano Huck tem mais inten\u00e7\u00f5es de voto entre os que t\u00eam de 45 a 59 anos (47%); moradores da regi\u00e3o Centro-Oeste (48%), os que t\u00eam ensino superior (48%), e os que recebem mais de 10 sal\u00e1rios m\u00ednimos (54%).<\/p>\n<p><img loading=\"lazy\" decoding=\"async\" class=\"alignnone size-full wp-image-652940\" src=\"https:\/\/static.poder360.com.br\/2021\/03\/pd-estratificacao-intencaodevotoparapresidente-17-mar-2021-bolsonaroxhuck-04.png\" sizes=\"auto, (max-width: 801px) 100vw, 801px\" srcset=\"\/\/static.poder360.com.br\/2021\/03\/pd-estratificacao-intencaodevotoparapresidente-17-mar-2021-bolsonaroxhuck-04.png 801w, \/\/static.poder360.com.br\/2021\/03\/pd-estratificacao-intencaodevotoparapresidente-17-mar-2021-bolsonaroxhuck-04-301x600.png 301w, \/\/static.poder360.com.br\/2021\/03\/pd-estratificacao-intencaodevotoparapresidente-17-mar-2021-bolsonaroxhuck-04-514x1024.png 514w, \/\/static.poder360.com.br\/2021\/03\/pd-estratificacao-intencaodevotoparapresidente-17-mar-2021-bolsonaroxhuck-04-768x1531.png 768w, \/\/static.poder360.com.br\/2021\/03\/pd-estratificacao-intencaodevotoparapresidente-17-mar-2021-bolsonaroxhuck-04-770x1536.png 770w\" alt=\"\" width=\"801\" height=\"1597\" \/><\/p>\n<p>Leia a\u00a0<a href=\"https:\/\/static.poder360.com.br\/2021\/03\/PoderData-relatorio-final-Brasil-17mar21-2.pdf\" target=\"_blank\" rel=\"noopener\">\u00edntegra<\/a>\u00a0do relat\u00f3rio da pesquisa.<\/p>\n<h2><strong>PODERDATA<\/strong><\/h2>\n<p>Leia mais sobre a pesquisa\u00a0<strong>PoderData<\/strong>:<\/p>\n<ul>\n<li><a href=\"https:\/\/www.poder360.com.br\/poderdata\/poderdata-doria-e-moro-tem-maior-rejeicao-para-2022-lula-a-menor\/\" target=\"_blank\" rel=\"noopener\">PoderData: Doria e Moro t\u00eam maior rejei\u00e7\u00e3o para 2022; Lula, a menor<\/a>;<\/li>\n<li><a href=\"https:\/\/www.poder360.com.br\/poderdata\/poderdata-lula-venceria-bolsonaro-no-sudeste-e-manteria-hegemonia-no-nordeste\/\" target=\"_blank\" rel=\"noopener\">PoderData: Lula venceria Bolsonaro no Sudeste e manteria hegemonia no Nordeste<\/a>;<\/li>\n<li><a href=\"https:\/\/www.poder360.com.br\/poderdata\/mais-da-metade-dos-brasileiros-que-rejeitam-bolsonaro-votariam-em-lula\/\" target=\"_blank\" rel=\"noopener\">Mais da metade dos brasileiros que desaprovam Bolsonaro votariam em Lula.<\/a><\/li>\n<\/ul>\n<p>O conte\u00fado do\u00a0<strong>PoderData<\/strong>\u00a0pode ser lido nas redes sociais, onde s\u00e3o compartilhados os infogr\u00e1ficos e as not\u00edcias. Siga os perfis da divis\u00e3o de pesquisas do\u00a0<strong>Poder360<\/strong>\u00a0no\u00a0<a href=\"https:\/\/twitter.com\/PoderData_\">Twitter<\/a>, no\u00a0<a href=\"https:\/\/web.facebook.com\/poderdata\">Facebook<\/a>, no\u00a0<a href=\"https:\/\/www.instagram.com\/poderdata\" target=\"_blank\" rel=\"noopener noreferrer\">Instagram<\/a>\u00a0e no\u00a0<a href=\"https:\/\/www.linkedin.com\/company\/poderdata\">LinkedIn<\/a>.<\/p>\n<p>&nbsp;<\/p>\n<\/div>\n<footer>\n<div class=\"mod mod-trust-project\">\n<div class=\"logo-trust row text-center-xs\"><\/div>\n<\/div>\n<\/footer>\n","protected":false},"excerpt":{"rendered":"<p>PODER360 &#8211;\u00a0 Pesquisa PoderData\u00a0realizada de 15 a 17 de mar\u00e7o em todo o pa\u00eds com 3.500 pessoas indica que, se a elei\u00e7\u00e3o presidencial fosse hoje,\u00a0Jair Bolsonaro\u00a0(sem partido) iria para o 2\u00ba turno com\u00a0Luiz In\u00e1cio Lula da Silva\u00a0(PT). O atual presidente tem 30%, e o petista, 34%. Como a margem de erro do levantamento \u00e9 de 1,8 ponto percentual, para mais ou para menos, h\u00e1 quase um empate t\u00e9cnico no limite desses percentuais. A polariza\u00e7\u00e3o \u00e9 grande. Depois de Bolsonaro e Lula, todos os demais candidatos testados ficam com menos de 10%. O ex-juiz federal da Lava Jato Sergio Moro (sem partido) tem 6%.\u00a0Ciro Gomes\u00a0(PDT), 5%. O empres\u00e1rio e apresentador da TV Globo Luciano Huck (sem partido) fica com 4%. O&hellip; <\/p>\n","protected":false},"author":1,"featured_media":281203,"comment_status":"closed","ping_status":"closed","sticky":false,"template":"","format":"standard","meta":{"_acf_changed":false,"footnotes":""},"categories":[1],"tags":[],"class_list":["post-281202","post","type-post","status-publish","format-standard","has-post-thumbnail","hentry","category-politica"],"acf":[],"yoast_head":"<!-- This site is optimized with the Yoast SEO plugin v27.4 - https:\/\/yoast.com\/product\/yoast-seo-wordpress\/ -->\n<title>Lula e Ciro venceriam Bolsonaro no 2\u00ba turno, diz PoderData - Blog do Farn\u00e9sio<\/title>\n<meta name=\"robots\" content=\"index, follow, max-snippet:-1, max-image-preview:large, max-video-preview:-1\" \/>\n<link rel=\"canonical\" href=\"https:\/\/blogdofarnesio.com.br\/?p=281202\" \/>\n<meta property=\"og:locale\" content=\"pt_BR\" \/>\n<meta property=\"og:type\" content=\"article\" \/>\n<meta property=\"og:title\" content=\"Lula e Ciro venceriam Bolsonaro no 2\u00ba turno, diz PoderData - Blog do Farn\u00e9sio\" \/>\n<meta property=\"og:description\" content=\"PODER360 &#8211;\u00a0 Pesquisa PoderData\u00a0realizada de 15 a 17 de mar\u00e7o em todo o pa\u00eds com 3.500 pessoas indica que, se a elei\u00e7\u00e3o presidencial fosse hoje,\u00a0Jair Bolsonaro\u00a0(sem partido) iria para o 2\u00ba turno com\u00a0Luiz In\u00e1cio Lula da Silva\u00a0(PT). O atual presidente tem 30%, e o petista, 34%. Como a margem de erro do levantamento \u00e9 de 1,8 ponto percentual, para mais ou para menos, h\u00e1 quase um empate t\u00e9cnico no limite desses percentuais. A polariza\u00e7\u00e3o \u00e9 grande. Depois de Bolsonaro e Lula, todos os demais candidatos testados ficam com menos de 10%. O ex-juiz federal da Lava Jato Sergio Moro (sem partido) tem 6%.\u00a0Ciro Gomes\u00a0(PDT), 5%. O empres\u00e1rio e apresentador da TV Globo Luciano Huck (sem partido) fica com 4%. O&hellip;\" \/>\n<meta property=\"og:url\" content=\"https:\/\/blogdofarnesio.com.br\/?p=281202\" \/>\n<meta property=\"og:site_name\" content=\"Blog do Farn\u00e9sio\" \/>\n<meta property=\"article:publisher\" content=\"https:\/\/www.facebook.com\/BlogQuerSaberPolitica\/\" \/>\n<meta property=\"article:published_time\" content=\"2021-03-18T13:24:11+00:00\" \/>\n<meta property=\"og:image\" content=\"https:\/\/blogdofarnesio.com.br\/wp-content\/uploads\/2021\/03\/blogqspLula-Bolsonaro-Ciro-868x644-1-e1616073839500.jpeg\" \/>\n\t<meta property=\"og:image:width\" content=\"668\" \/>\n\t<meta property=\"og:image:height\" content=\"496\" \/>\n\t<meta property=\"og:image:type\" content=\"image\/jpeg\" \/>\n<meta name=\"author\" content=\"Farn\u00e9sio\" \/>\n<meta name=\"twitter:card\" content=\"summary_large_image\" \/>\n<meta name=\"twitter:label1\" content=\"Escrito por\" \/>\n\t<meta name=\"twitter:data1\" content=\"Farn\u00e9sio\" \/>\n\t<meta name=\"twitter:label2\" content=\"Est. tempo de leitura\" \/>\n\t<meta name=\"twitter:data2\" content=\"5 minutos\" \/>\n<script type=\"application\/ld+json\" class=\"yoast-schema-graph\">{\"@context\":\"https:\\\/\\\/schema.org\",\"@graph\":[{\"@type\":\"Article\",\"@id\":\"https:\\\/\\\/blogdofarnesio.com.br\\\/?p=281202#article\",\"isPartOf\":{\"@id\":\"https:\\\/\\\/blogdofarnesio.com.br\\\/?p=281202\"},\"author\":{\"name\":\"Farn\u00e9sio\",\"@id\":\"https:\\\/\\\/blogdofarnesio.com.br\\\/#\\\/schema\\\/person\\\/301c4acf522bccbfdb45af95b5b906a1\"},\"headline\":\"Lula e Ciro venceriam Bolsonaro no 2\u00ba turno, diz PoderData\",\"datePublished\":\"2021-03-18T13:24:11+00:00\",\"mainEntityOfPage\":{\"@id\":\"https:\\\/\\\/blogdofarnesio.com.br\\\/?p=281202\"},\"wordCount\":1032,\"publisher\":{\"@id\":\"https:\\\/\\\/blogdofarnesio.com.br\\\/#organization\"},\"image\":{\"@id\":\"https:\\\/\\\/blogdofarnesio.com.br\\\/?p=281202#primaryimage\"},\"thumbnailUrl\":\"https:\\\/\\\/blogdofarnesio.com.br\\\/wp-content\\\/uploads\\\/2021\\\/03\\\/blogqspLula-Bolsonaro-Ciro-868x644-1-e1616073839500.jpeg\",\"articleSection\":[\"Pol\u00edtica\"],\"inLanguage\":\"pt-BR\"},{\"@type\":\"WebPage\",\"@id\":\"https:\\\/\\\/blogdofarnesio.com.br\\\/?p=281202\",\"url\":\"https:\\\/\\\/blogdofarnesio.com.br\\\/?p=281202\",\"name\":\"Lula e Ciro venceriam Bolsonaro no 2\u00ba turno, diz PoderData - Blog do Farn\u00e9sio\",\"isPartOf\":{\"@id\":\"https:\\\/\\\/blogdofarnesio.com.br\\\/#website\"},\"primaryImageOfPage\":{\"@id\":\"https:\\\/\\\/blogdofarnesio.com.br\\\/?p=281202#primaryimage\"},\"image\":{\"@id\":\"https:\\\/\\\/blogdofarnesio.com.br\\\/?p=281202#primaryimage\"},\"thumbnailUrl\":\"https:\\\/\\\/blogdofarnesio.com.br\\\/wp-content\\\/uploads\\\/2021\\\/03\\\/blogqspLula-Bolsonaro-Ciro-868x644-1-e1616073839500.jpeg\",\"datePublished\":\"2021-03-18T13:24:11+00:00\",\"breadcrumb\":{\"@id\":\"https:\\\/\\\/blogdofarnesio.com.br\\\/?p=281202#breadcrumb\"},\"inLanguage\":\"pt-BR\",\"potentialAction\":[{\"@type\":\"ReadAction\",\"target\":[\"https:\\\/\\\/blogdofarnesio.com.br\\\/?p=281202\"]}]},{\"@type\":\"ImageObject\",\"inLanguage\":\"pt-BR\",\"@id\":\"https:\\\/\\\/blogdofarnesio.com.br\\\/?p=281202#primaryimage\",\"url\":\"https:\\\/\\\/blogdofarnesio.com.br\\\/wp-content\\\/uploads\\\/2021\\\/03\\\/blogqspLula-Bolsonaro-Ciro-868x644-1-e1616073839500.jpeg\",\"contentUrl\":\"https:\\\/\\\/blogdofarnesio.com.br\\\/wp-content\\\/uploads\\\/2021\\\/03\\\/blogqspLula-Bolsonaro-Ciro-868x644-1-e1616073839500.jpeg\",\"width\":668,\"height\":496,\"caption\":\"Presidente Jair Bolsonaro com os presidentes eleitos do Senado, Rodrigo Pacheco e da C\u00e2mara dos Deputados, Arthur Lira. S\u00e9rgio Lima\\\/Poder360 03.02.2021\"},{\"@type\":\"BreadcrumbList\",\"@id\":\"https:\\\/\\\/blogdofarnesio.com.br\\\/?p=281202#breadcrumb\",\"itemListElement\":[{\"@type\":\"ListItem\",\"position\":1,\"name\":\"In\u00edcio\",\"item\":\"https:\\\/\\\/blogdofarnesio.com.br\\\/\"},{\"@type\":\"ListItem\",\"position\":2,\"name\":\"Lula e Ciro venceriam Bolsonaro no 2\u00ba turno, diz PoderData\"}]},{\"@type\":\"WebSite\",\"@id\":\"https:\\\/\\\/blogdofarnesio.com.br\\\/#website\",\"url\":\"https:\\\/\\\/blogdofarnesio.com.br\\\/\",\"name\":\"Blog do Farn\u00e9sio\",\"description\":\"Quer Saber Pol\u00edtica?\",\"publisher\":{\"@id\":\"https:\\\/\\\/blogdofarnesio.com.br\\\/#organization\"},\"potentialAction\":[{\"@type\":\"SearchAction\",\"target\":{\"@type\":\"EntryPoint\",\"urlTemplate\":\"https:\\\/\\\/blogdofarnesio.com.br\\\/?s={search_term_string}\"},\"query-input\":{\"@type\":\"PropertyValueSpecification\",\"valueRequired\":true,\"valueName\":\"search_term_string\"}}],\"inLanguage\":\"pt-BR\"},{\"@type\":\"Organization\",\"@id\":\"https:\\\/\\\/blogdofarnesio.com.br\\\/#organization\",\"name\":\"Blog do Farn\u00e9sio\",\"url\":\"https:\\\/\\\/blogdofarnesio.com.br\\\/\",\"logo\":{\"@type\":\"ImageObject\",\"inLanguage\":\"pt-BR\",\"@id\":\"https:\\\/\\\/blogdofarnesio.com.br\\\/#\\\/schema\\\/logo\\\/image\\\/\",\"url\":\"https:\\\/\\\/blogdofarnesio.com.br\\\/wp-content\\\/uploads\\\/2026\\\/03\\\/cropped-logo_new-1.png\",\"contentUrl\":\"https:\\\/\\\/blogdofarnesio.com.br\\\/wp-content\\\/uploads\\\/2026\\\/03\\\/cropped-logo_new-1.png\",\"width\":881,\"height\":685,\"caption\":\"Blog do Farn\u00e9sio\"},\"image\":{\"@id\":\"https:\\\/\\\/blogdofarnesio.com.br\\\/#\\\/schema\\\/logo\\\/image\\\/\"},\"sameAs\":[\"https:\\\/\\\/www.facebook.com\\\/BlogQuerSaberPolitica\\\/\"]},{\"@type\":\"Person\",\"@id\":\"https:\\\/\\\/blogdofarnesio.com.br\\\/#\\\/schema\\\/person\\\/301c4acf522bccbfdb45af95b5b906a1\",\"name\":\"Farn\u00e9sio\",\"image\":{\"@type\":\"ImageObject\",\"inLanguage\":\"pt-BR\",\"@id\":\"https:\\\/\\\/secure.gravatar.com\\\/avatar\\\/df0c9a14567c056f8ad6876ba5bbd1e3e2c48023eb6807342fc4663adf549f38?s=96&d=mm&r=g\",\"url\":\"https:\\\/\\\/secure.gravatar.com\\\/avatar\\\/df0c9a14567c056f8ad6876ba5bbd1e3e2c48023eb6807342fc4663adf549f38?s=96&d=mm&r=g\",\"contentUrl\":\"https:\\\/\\\/secure.gravatar.com\\\/avatar\\\/df0c9a14567c056f8ad6876ba5bbd1e3e2c48023eb6807342fc4663adf549f38?s=96&d=mm&r=g\",\"caption\":\"Farn\u00e9sio\"},\"sameAs\":[\"https:\\\/\\\/quersaberpolitica.com.br\"],\"url\":\"https:\\\/\\\/blogdofarnesio.com.br\\\/?author=1\"}]}<\/script>\n<!-- \/ Yoast SEO plugin. -->","yoast_head_json":{"title":"Lula e Ciro venceriam Bolsonaro no 2\u00ba turno, diz PoderData - Blog do Farn\u00e9sio","robots":{"index":"index","follow":"follow","max-snippet":"max-snippet:-1","max-image-preview":"max-image-preview:large","max-video-preview":"max-video-preview:-1"},"canonical":"https:\/\/blogdofarnesio.com.br\/?p=281202","og_locale":"pt_BR","og_type":"article","og_title":"Lula e Ciro venceriam Bolsonaro no 2\u00ba turno, diz PoderData - Blog do Farn\u00e9sio","og_description":"PODER360 &#8211;\u00a0 Pesquisa PoderData\u00a0realizada de 15 a 17 de mar\u00e7o em todo o pa\u00eds com 3.500 pessoas indica que, se a elei\u00e7\u00e3o presidencial fosse hoje,\u00a0Jair Bolsonaro\u00a0(sem partido) iria para o 2\u00ba turno com\u00a0Luiz In\u00e1cio Lula da Silva\u00a0(PT). O atual presidente tem 30%, e o petista, 34%. Como a margem de erro do levantamento \u00e9 de 1,8 ponto percentual, para mais ou para menos, h\u00e1 quase um empate t\u00e9cnico no limite desses percentuais. A polariza\u00e7\u00e3o \u00e9 grande. Depois de Bolsonaro e Lula, todos os demais candidatos testados ficam com menos de 10%. O ex-juiz federal da Lava Jato Sergio Moro (sem partido) tem 6%.\u00a0Ciro Gomes\u00a0(PDT), 5%. O empres\u00e1rio e apresentador da TV Globo Luciano Huck (sem partido) fica com 4%. O&hellip;","og_url":"https:\/\/blogdofarnesio.com.br\/?p=281202","og_site_name":"Blog do Farn\u00e9sio","article_publisher":"https:\/\/www.facebook.com\/BlogQuerSaberPolitica\/","article_published_time":"2021-03-18T13:24:11+00:00","og_image":[{"width":668,"height":496,"url":"https:\/\/blogdofarnesio.com.br\/wp-content\/uploads\/2021\/03\/blogqspLula-Bolsonaro-Ciro-868x644-1-e1616073839500.jpeg","type":"image\/jpeg"}],"author":"Farn\u00e9sio","twitter_card":"summary_large_image","twitter_misc":{"Escrito por":"Farn\u00e9sio","Est. tempo de leitura":"5 minutos"},"schema":{"@context":"https:\/\/schema.org","@graph":[{"@type":"Article","@id":"https:\/\/blogdofarnesio.com.br\/?p=281202#article","isPartOf":{"@id":"https:\/\/blogdofarnesio.com.br\/?p=281202"},"author":{"name":"Farn\u00e9sio","@id":"https:\/\/blogdofarnesio.com.br\/#\/schema\/person\/301c4acf522bccbfdb45af95b5b906a1"},"headline":"Lula e Ciro venceriam Bolsonaro no 2\u00ba turno, diz PoderData","datePublished":"2021-03-18T13:24:11+00:00","mainEntityOfPage":{"@id":"https:\/\/blogdofarnesio.com.br\/?p=281202"},"wordCount":1032,"publisher":{"@id":"https:\/\/blogdofarnesio.com.br\/#organization"},"image":{"@id":"https:\/\/blogdofarnesio.com.br\/?p=281202#primaryimage"},"thumbnailUrl":"https:\/\/blogdofarnesio.com.br\/wp-content\/uploads\/2021\/03\/blogqspLula-Bolsonaro-Ciro-868x644-1-e1616073839500.jpeg","articleSection":["Pol\u00edtica"],"inLanguage":"pt-BR"},{"@type":"WebPage","@id":"https:\/\/blogdofarnesio.com.br\/?p=281202","url":"https:\/\/blogdofarnesio.com.br\/?p=281202","name":"Lula e Ciro venceriam Bolsonaro no 2\u00ba turno, diz PoderData - Blog do Farn\u00e9sio","isPartOf":{"@id":"https:\/\/blogdofarnesio.com.br\/#website"},"primaryImageOfPage":{"@id":"https:\/\/blogdofarnesio.com.br\/?p=281202#primaryimage"},"image":{"@id":"https:\/\/blogdofarnesio.com.br\/?p=281202#primaryimage"},"thumbnailUrl":"https:\/\/blogdofarnesio.com.br\/wp-content\/uploads\/2021\/03\/blogqspLula-Bolsonaro-Ciro-868x644-1-e1616073839500.jpeg","datePublished":"2021-03-18T13:24:11+00:00","breadcrumb":{"@id":"https:\/\/blogdofarnesio.com.br\/?p=281202#breadcrumb"},"inLanguage":"pt-BR","potentialAction":[{"@type":"ReadAction","target":["https:\/\/blogdofarnesio.com.br\/?p=281202"]}]},{"@type":"ImageObject","inLanguage":"pt-BR","@id":"https:\/\/blogdofarnesio.com.br\/?p=281202#primaryimage","url":"https:\/\/blogdofarnesio.com.br\/wp-content\/uploads\/2021\/03\/blogqspLula-Bolsonaro-Ciro-868x644-1-e1616073839500.jpeg","contentUrl":"https:\/\/blogdofarnesio.com.br\/wp-content\/uploads\/2021\/03\/blogqspLula-Bolsonaro-Ciro-868x644-1-e1616073839500.jpeg","width":668,"height":496,"caption":"Presidente Jair Bolsonaro com os presidentes eleitos do Senado, Rodrigo Pacheco e da C\u00e2mara dos Deputados, Arthur Lira. S\u00e9rgio Lima\/Poder360 03.02.2021"},{"@type":"BreadcrumbList","@id":"https:\/\/blogdofarnesio.com.br\/?p=281202#breadcrumb","itemListElement":[{"@type":"ListItem","position":1,"name":"In\u00edcio","item":"https:\/\/blogdofarnesio.com.br\/"},{"@type":"ListItem","position":2,"name":"Lula e Ciro venceriam Bolsonaro no 2\u00ba turno, diz PoderData"}]},{"@type":"WebSite","@id":"https:\/\/blogdofarnesio.com.br\/#website","url":"https:\/\/blogdofarnesio.com.br\/","name":"Blog do Farn\u00e9sio","description":"Quer Saber Pol\u00edtica?","publisher":{"@id":"https:\/\/blogdofarnesio.com.br\/#organization"},"potentialAction":[{"@type":"SearchAction","target":{"@type":"EntryPoint","urlTemplate":"https:\/\/blogdofarnesio.com.br\/?s={search_term_string}"},"query-input":{"@type":"PropertyValueSpecification","valueRequired":true,"valueName":"search_term_string"}}],"inLanguage":"pt-BR"},{"@type":"Organization","@id":"https:\/\/blogdofarnesio.com.br\/#organization","name":"Blog do Farn\u00e9sio","url":"https:\/\/blogdofarnesio.com.br\/","logo":{"@type":"ImageObject","inLanguage":"pt-BR","@id":"https:\/\/blogdofarnesio.com.br\/#\/schema\/logo\/image\/","url":"https:\/\/blogdofarnesio.com.br\/wp-content\/uploads\/2026\/03\/cropped-logo_new-1.png","contentUrl":"https:\/\/blogdofarnesio.com.br\/wp-content\/uploads\/2026\/03\/cropped-logo_new-1.png","width":881,"height":685,"caption":"Blog do Farn\u00e9sio"},"image":{"@id":"https:\/\/blogdofarnesio.com.br\/#\/schema\/logo\/image\/"},"sameAs":["https:\/\/www.facebook.com\/BlogQuerSaberPolitica\/"]},{"@type":"Person","@id":"https:\/\/blogdofarnesio.com.br\/#\/schema\/person\/301c4acf522bccbfdb45af95b5b906a1","name":"Farn\u00e9sio","image":{"@type":"ImageObject","inLanguage":"pt-BR","@id":"https:\/\/secure.gravatar.com\/avatar\/df0c9a14567c056f8ad6876ba5bbd1e3e2c48023eb6807342fc4663adf549f38?s=96&d=mm&r=g","url":"https:\/\/secure.gravatar.com\/avatar\/df0c9a14567c056f8ad6876ba5bbd1e3e2c48023eb6807342fc4663adf549f38?s=96&d=mm&r=g","contentUrl":"https:\/\/secure.gravatar.com\/avatar\/df0c9a14567c056f8ad6876ba5bbd1e3e2c48023eb6807342fc4663adf549f38?s=96&d=mm&r=g","caption":"Farn\u00e9sio"},"sameAs":["https:\/\/quersaberpolitica.com.br"],"url":"https:\/\/blogdofarnesio.com.br\/?author=1"}]}},"_links":{"self":[{"href":"https:\/\/blogdofarnesio.com.br\/index.php?rest_route=\/wp\/v2\/posts\/281202","targetHints":{"allow":["GET"]}}],"collection":[{"href":"https:\/\/blogdofarnesio.com.br\/index.php?rest_route=\/wp\/v2\/posts"}],"about":[{"href":"https:\/\/blogdofarnesio.com.br\/index.php?rest_route=\/wp\/v2\/types\/post"}],"author":[{"embeddable":true,"href":"https:\/\/blogdofarnesio.com.br\/index.php?rest_route=\/wp\/v2\/users\/1"}],"replies":[{"embeddable":true,"href":"https:\/\/blogdofarnesio.com.br\/index.php?rest_route=%2Fwp%2Fv2%2Fcomments&post=281202"}],"version-history":[{"count":0,"href":"https:\/\/blogdofarnesio.com.br\/index.php?rest_route=\/wp\/v2\/posts\/281202\/revisions"}],"wp:featuredmedia":[{"embeddable":true,"href":"https:\/\/blogdofarnesio.com.br\/index.php?rest_route=\/wp\/v2\/media\/281203"}],"wp:attachment":[{"href":"https:\/\/blogdofarnesio.com.br\/index.php?rest_route=%2Fwp%2Fv2%2Fmedia&parent=281202"}],"wp:term":[{"taxonomy":"category","embeddable":true,"href":"https:\/\/blogdofarnesio.com.br\/index.php?rest_route=%2Fwp%2Fv2%2Fcategories&post=281202"},{"taxonomy":"post_tag","embeddable":true,"href":"https:\/\/blogdofarnesio.com.br\/index.php?rest_route=%2Fwp%2Fv2%2Ftags&post=281202"}],"curies":[{"name":"wp","href":"https:\/\/api.w.org\/{rel}","templated":true}]}}