{"id":281155,"date":"2021-03-18T08:32:51","date_gmt":"2021-03-18T11:32:51","guid":{"rendered":"http:\/\/quersaberpolitica.com.br\/2016\/?p=281155"},"modified":"2021-03-17T18:59:44","modified_gmt":"2021-03-17T21:59:44","slug":"codevasf-discute-manejo-e-conservacao-da-agua-e-solo-em-webinar-no-dia-mundial-da-agua-2","status":"publish","type":"post","link":"https:\/\/blogdofarnesio.com.br\/?p=281155","title":{"rendered":"Codevasf discute manejo e conserva\u00e7\u00e3o da \u00e1gua e solo em Webinar no Dia Mundial da \u00c1gua"},"content":{"rendered":"<p>No pr\u00f3ximo dia 22 de mar\u00e7o, Dia Mundial da \u00c1gua, a Companhia de Desenvolvimento dos Vales do S\u00e3o Francisco e do Parna\u00edba (Codevasf) vai promover um Webinar sobre &#8220;Manejo e conserva\u00e7\u00e3o da \u00e1gua e solo em bacias hidrogr\u00e1ficas&#8221; com palestras de especialistas na \u00e1rea. Al\u00e9m de t\u00e9cnicos da Codevasf, o evento ter\u00e1 a participa\u00e7\u00e3o de t\u00e9cnicos e pesquisadores da Ag\u00eancia Reguladora de \u00c1guas, Energia e Saneamento B\u00e1sico do Distrito Federal (Adasa) e Embrapa. A transmiss\u00e3o ser\u00e1 pelo canal da Codevasf no YouTube, a partir das 19h.<\/p>\n<p>De acordo com Paulo Cerqueira, engenheiro agr\u00f4nomo da Codevasf e coordenador-moderador do evento, o Webinar objetiva discutir e alertar sobre a import\u00e2ncia para conserva\u00e7\u00e3o e preserva\u00e7\u00e3o da \u00e1gua. \u201cO objetivo \u00e9 intercambiar vis\u00f5es da Codevasf e outras institui\u00e7\u00f5es, como Adasa e Embrapa, sobre o assunto a partir da discuss\u00e3o de metodologias, t\u00e9cnicas e tecnologias que visem a um planejamento do uso da \u00e1gua em bacias hidrogr\u00e1ficas, tecnologias sociais de uso, manejo e conserva\u00e7\u00e3o da \u00e1gua nos diversos biomas brasileiros e uso eficiente da \u00e1gua em projetos p\u00fablicos de irriga\u00e7\u00e3o, entre outros aspectos\u201d, afirma Cerqueira.<\/p>\n<p>O evento ser\u00e1 composto por cinco palestras. A primeira ser\u00e1 sobre \u201cEconomia de \u00e1gua e energia em Per\u00edmetros P\u00fablicos Irrigados\u201d, a cargo de Rodrigo Vieira, da Codevasf em Juazeiro (BA). Em seguida, o tema ser\u00e1 \u201cInova\u00e7\u00e3o social no contexto do uso, manejo e conserva\u00e7\u00e3o da \u00e1gua no Brasil\u201d, com a participa\u00e7\u00e3o de Cristhiane Am\u00e2ncio, da Embrapa Agrobiologia. Na sequ\u00eancia, ser\u00e1 ministrada a palestra \u201cResili\u00eancia clim\u00e1tica e produ\u00e7\u00e3o de \u00e1gua em bacias hidrogr\u00e1ficas\u201d, com Jorge Werneck Lima, da Adasa.\u00a0 Depois ser\u00e1 a vez de Lineu Rodrigues, da Embrapa Cerrados, explanar sobre \u201cUm olhar para agricultura irrigada no contexto de bacias hidrogr\u00e1ficas\u201d. E por fim ser\u00e1 abordado o tema \u201c\u00c1guas salobras do Semi\u00e1rido &#8211; potenciais e usos\u201d, com Gherman Araujo, da Embrapa Semi\u00e1rido.<\/p>\n<p>A participa\u00e7\u00e3o no Webinar \u00e9 gratuita. O evento \u00e9 organizado pela \u00c1rea de Gest\u00e3o dos Empreendimentos de Irriga\u00e7\u00e3o da Codevasf.<\/p>\n<p><em>SERVI\u00c7O:<\/em><\/p>\n<p><em>&#8211; Webinar &#8220;Manejo e conserva\u00e7\u00e3o da \u00e1gua e solo em bacias hidrogr\u00e1ficas&#8221;<\/em><\/p>\n<p><em>&#8211; Data: 22 de mar\u00e7o<\/em><\/p>\n<p><em>&#8211; Hor\u00e1rio: 19h<\/em><\/p>\n<p><em>&#8211; Canal da Codevasf no YouTube:\u00a0<a href=\"https:\/\/youtube.com\/c\/CodevasfOficial\" target=\"_blank\" rel=\"noopener\" data-saferedirecturl=\"https:\/\/www.google.com\/url?q=https:\/\/youtube.com\/c\/CodevasfOficial&amp;source=gmail&amp;ust=1616091097470000&amp;usg=AFQjCNEj7cVrmJKSYm4BZKj0Br2VNALbiQ\">https:\/\/youtube.com\/c\/<wbr \/>CodevasfOficial<\/a><\/em><\/p>\n<p>&nbsp;<\/p>\n<p><strong>Assessoria de Comunica\u00e7\u00e3o e Promo\u00e7\u00e3o Institucional da Codevasf<\/strong><\/p>\n<p>Site:\u00a0<a href=\"http:\/\/www.codevasf.gov.br\/\" target=\"_blank\" rel=\"noopener\" data-saferedirecturl=\"https:\/\/www.google.com\/url?q=http:\/\/www.codevasf.gov.br\/&amp;source=gmail&amp;ust=1616091097470000&amp;usg=AFQjCNFHqyryFGtlavOuK2OF2t7WcRb90w\">http:\/\/www.codevasf.gov.<wbr \/>br<\/a><\/p>\n<p>Telefones: (61) 2028 \u2013 4769 \/ 4448<\/p>\n<p>E-mail:\u00a0<a href=\"mailto:imprensa@codevasf.gov.br\" target=\"_blank\" rel=\"noopener\">imprensa@codevasf.gov.<wbr \/>br<\/a><\/p>\n<p>&nbsp;<\/p>\n<p><strong>Acompanhe os perfis da Codevasf:<\/strong><\/p>\n<p>Facebook:\u00a0<a href=\"https:\/\/www.facebook.com\/codevasf\" target=\"_blank\" rel=\"noopener\" data-saferedirecturl=\"https:\/\/www.google.com\/url?q=https:\/\/www.facebook.com\/codevasf&amp;source=gmail&amp;ust=1616091097470000&amp;usg=AFQjCNHKmDO1CUNSjRzMlCy3hAepG99cLg\">https:\/\/www.<wbr \/>facebook.com\/codevasf<\/a><\/p>\n<p>Twitter:\u00a0<a href=\"https:\/\/twitter.com\/codevasf\" target=\"_blank\" rel=\"noopener\" data-saferedirecturl=\"https:\/\/www.google.com\/url?q=https:\/\/twitter.com\/codevasf&amp;source=gmail&amp;ust=1616091097470000&amp;usg=AFQjCNGksnQ2xIoBhZ2W88pkJTbpj392Aw\">https:\/\/twitter.com\/<wbr \/>codevasf<\/a><\/p>\n<p>Instagram:\u00a0<a href=\"https:\/\/www.instagram.com\/codevasf\" target=\"_blank\" rel=\"noopener\" data-saferedirecturl=\"https:\/\/www.google.com\/url?q=https:\/\/www.instagram.com\/codevasf&amp;source=gmail&amp;ust=1616091097470000&amp;usg=AFQjCNGcSxCT9GLkXo9_IihuA5GH8IczsQ\">https:\/\/www.<wbr \/>instagram.com\/codevasf<\/a><\/p>\n","protected":false},"excerpt":{"rendered":"<p>No pr\u00f3ximo dia 22 de mar\u00e7o, Dia Mundial da \u00c1gua, a Companhia de Desenvolvimento dos Vales do S\u00e3o Francisco e do Parna\u00edba (Codevasf) vai promover um Webinar sobre &#8220;Manejo e conserva\u00e7\u00e3o da \u00e1gua e solo em bacias hidrogr\u00e1ficas&#8221; com palestras de especialistas na \u00e1rea. Al\u00e9m de t\u00e9cnicos da Codevasf, o evento ter\u00e1 a participa\u00e7\u00e3o de t\u00e9cnicos e pesquisadores da Ag\u00eancia Reguladora de \u00c1guas, Energia e Saneamento B\u00e1sico do Distrito Federal (Adasa) e Embrapa. A transmiss\u00e3o ser\u00e1 pelo canal da Codevasf no YouTube, a partir das 19h. De acordo com Paulo Cerqueira, engenheiro agr\u00f4nomo da Codevasf e coordenador-moderador do evento, o Webinar objetiva discutir e alertar sobre a import\u00e2ncia para conserva\u00e7\u00e3o e preserva\u00e7\u00e3o da \u00e1gua. \u201cO objetivo \u00e9 intercambiar vis\u00f5es da&hellip; <\/p>\n","protected":false},"author":1,"featured_media":250336,"comment_status":"closed","ping_status":"closed","sticky":false,"template":"","format":"standard","meta":{"_acf_changed":false,"footnotes":""},"categories":[56],"tags":[],"class_list":["post-281155","post","type-post","status-publish","format-standard","has-post-thumbnail","hentry","category-agua"],"acf":[],"yoast_head":"<!-- This site is optimized with the Yoast SEO plugin v27.4 - https:\/\/yoast.com\/product\/yoast-seo-wordpress\/ -->\n<title>Codevasf discute manejo e conserva\u00e7\u00e3o da \u00e1gua e solo em Webinar no Dia Mundial da \u00c1gua - Blog do Farn\u00e9sio<\/title>\n<meta name=\"robots\" content=\"index, follow, max-snippet:-1, max-image-preview:large, max-video-preview:-1\" \/>\n<link rel=\"canonical\" href=\"https:\/\/blogdofarnesio.com.br\/?p=281155\" \/>\n<meta property=\"og:locale\" content=\"pt_BR\" \/>\n<meta property=\"og:type\" content=\"article\" \/>\n<meta property=\"og:title\" content=\"Codevasf discute manejo e conserva\u00e7\u00e3o da \u00e1gua e solo em Webinar no Dia Mundial da \u00c1gua - Blog do Farn\u00e9sio\" \/>\n<meta property=\"og:description\" content=\"No pr\u00f3ximo dia 22 de mar\u00e7o, Dia Mundial da \u00c1gua, a Companhia de Desenvolvimento dos Vales do S\u00e3o Francisco e do Parna\u00edba (Codevasf) vai promover um Webinar sobre &#8220;Manejo e conserva\u00e7\u00e3o da \u00e1gua e solo em bacias hidrogr\u00e1ficas&#8221; com palestras de especialistas na \u00e1rea. Al\u00e9m de t\u00e9cnicos da Codevasf, o evento ter\u00e1 a participa\u00e7\u00e3o de t\u00e9cnicos e pesquisadores da Ag\u00eancia Reguladora de \u00c1guas, Energia e Saneamento B\u00e1sico do Distrito Federal (Adasa) e Embrapa. A transmiss\u00e3o ser\u00e1 pelo canal da Codevasf no YouTube, a partir das 19h. De acordo com Paulo Cerqueira, engenheiro agr\u00f4nomo da Codevasf e coordenador-moderador do evento, o Webinar objetiva discutir e alertar sobre a import\u00e2ncia para conserva\u00e7\u00e3o e preserva\u00e7\u00e3o da \u00e1gua. \u201cO objetivo \u00e9 intercambiar vis\u00f5es da&hellip;\" \/>\n<meta property=\"og:url\" content=\"https:\/\/blogdofarnesio.com.br\/?p=281155\" \/>\n<meta property=\"og:site_name\" content=\"Blog do Farn\u00e9sio\" \/>\n<meta property=\"article:publisher\" content=\"https:\/\/www.facebook.com\/BlogQuerSaberPolitica\/\" \/>\n<meta property=\"article:published_time\" content=\"2021-03-18T11:32:51+00:00\" \/>\n<meta property=\"og:image\" content=\"https:\/\/blogdofarnesio.com.br\/wp-content\/uploads\/2020\/02\/blogqsprio-carranca-cbhsf-e1581865691324.jpg\" \/>\n\t<meta property=\"og:image:width\" content=\"700\" \/>\n\t<meta property=\"og:image:height\" content=\"459\" \/>\n\t<meta property=\"og:image:type\" content=\"image\/jpeg\" \/>\n<meta name=\"author\" content=\"Farn\u00e9sio\" \/>\n<meta name=\"twitter:card\" content=\"summary_large_image\" \/>\n<meta name=\"twitter:label1\" content=\"Escrito por\" \/>\n\t<meta name=\"twitter:data1\" content=\"Farn\u00e9sio\" \/>\n\t<meta name=\"twitter:label2\" content=\"Est. tempo de leitura\" \/>\n\t<meta name=\"twitter:data2\" content=\"2 minutos\" \/>\n<script type=\"application\/ld+json\" class=\"yoast-schema-graph\">{\"@context\":\"https:\\\/\\\/schema.org\",\"@graph\":[{\"@type\":\"Article\",\"@id\":\"https:\\\/\\\/blogdofarnesio.com.br\\\/?p=281155#article\",\"isPartOf\":{\"@id\":\"https:\\\/\\\/blogdofarnesio.com.br\\\/?p=281155\"},\"author\":{\"name\":\"Farn\u00e9sio\",\"@id\":\"https:\\\/\\\/blogdofarnesio.com.br\\\/#\\\/schema\\\/person\\\/301c4acf522bccbfdb45af95b5b906a1\"},\"headline\":\"Codevasf discute manejo e conserva\u00e7\u00e3o da \u00e1gua e solo em Webinar no Dia Mundial da \u00c1gua\",\"datePublished\":\"2021-03-18T11:32:51+00:00\",\"mainEntityOfPage\":{\"@id\":\"https:\\\/\\\/blogdofarnesio.com.br\\\/?p=281155\"},\"wordCount\":458,\"publisher\":{\"@id\":\"https:\\\/\\\/blogdofarnesio.com.br\\\/#organization\"},\"image\":{\"@id\":\"https:\\\/\\\/blogdofarnesio.com.br\\\/?p=281155#primaryimage\"},\"thumbnailUrl\":\"https:\\\/\\\/blogdofarnesio.com.br\\\/wp-content\\\/uploads\\\/2020\\\/02\\\/blogqsprio-carranca-cbhsf-e1581865691324.jpg\",\"articleSection\":[\"\u00c1gua\"],\"inLanguage\":\"pt-BR\"},{\"@type\":\"WebPage\",\"@id\":\"https:\\\/\\\/blogdofarnesio.com.br\\\/?p=281155\",\"url\":\"https:\\\/\\\/blogdofarnesio.com.br\\\/?p=281155\",\"name\":\"Codevasf discute manejo e conserva\u00e7\u00e3o da \u00e1gua e solo em Webinar no Dia Mundial da \u00c1gua - Blog do Farn\u00e9sio\",\"isPartOf\":{\"@id\":\"https:\\\/\\\/blogdofarnesio.com.br\\\/#website\"},\"primaryImageOfPage\":{\"@id\":\"https:\\\/\\\/blogdofarnesio.com.br\\\/?p=281155#primaryimage\"},\"image\":{\"@id\":\"https:\\\/\\\/blogdofarnesio.com.br\\\/?p=281155#primaryimage\"},\"thumbnailUrl\":\"https:\\\/\\\/blogdofarnesio.com.br\\\/wp-content\\\/uploads\\\/2020\\\/02\\\/blogqsprio-carranca-cbhsf-e1581865691324.jpg\",\"datePublished\":\"2021-03-18T11:32:51+00:00\",\"breadcrumb\":{\"@id\":\"https:\\\/\\\/blogdofarnesio.com.br\\\/?p=281155#breadcrumb\"},\"inLanguage\":\"pt-BR\",\"potentialAction\":[{\"@type\":\"ReadAction\",\"target\":[\"https:\\\/\\\/blogdofarnesio.com.br\\\/?p=281155\"]}]},{\"@type\":\"ImageObject\",\"inLanguage\":\"pt-BR\",\"@id\":\"https:\\\/\\\/blogdofarnesio.com.br\\\/?p=281155#primaryimage\",\"url\":\"https:\\\/\\\/blogdofarnesio.com.br\\\/wp-content\\\/uploads\\\/2020\\\/02\\\/blogqsprio-carranca-cbhsf-e1581865691324.jpg\",\"contentUrl\":\"https:\\\/\\\/blogdofarnesio.com.br\\\/wp-content\\\/uploads\\\/2020\\\/02\\\/blogqsprio-carranca-cbhsf-e1581865691324.jpg\",\"width\":700,\"height\":459},{\"@type\":\"BreadcrumbList\",\"@id\":\"https:\\\/\\\/blogdofarnesio.com.br\\\/?p=281155#breadcrumb\",\"itemListElement\":[{\"@type\":\"ListItem\",\"position\":1,\"name\":\"In\u00edcio\",\"item\":\"https:\\\/\\\/blogdofarnesio.com.br\\\/\"},{\"@type\":\"ListItem\",\"position\":2,\"name\":\"Codevasf discute manejo e conserva\u00e7\u00e3o da \u00e1gua e solo em Webinar no Dia Mundial da \u00c1gua\"}]},{\"@type\":\"WebSite\",\"@id\":\"https:\\\/\\\/blogdofarnesio.com.br\\\/#website\",\"url\":\"https:\\\/\\\/blogdofarnesio.com.br\\\/\",\"name\":\"Blog do Farn\u00e9sio\",\"description\":\"Quer Saber Pol\u00edtica?\",\"publisher\":{\"@id\":\"https:\\\/\\\/blogdofarnesio.com.br\\\/#organization\"},\"potentialAction\":[{\"@type\":\"SearchAction\",\"target\":{\"@type\":\"EntryPoint\",\"urlTemplate\":\"https:\\\/\\\/blogdofarnesio.com.br\\\/?s={search_term_string}\"},\"query-input\":{\"@type\":\"PropertyValueSpecification\",\"valueRequired\":true,\"valueName\":\"search_term_string\"}}],\"inLanguage\":\"pt-BR\"},{\"@type\":\"Organization\",\"@id\":\"https:\\\/\\\/blogdofarnesio.com.br\\\/#organization\",\"name\":\"Blog do Farn\u00e9sio\",\"url\":\"https:\\\/\\\/blogdofarnesio.com.br\\\/\",\"logo\":{\"@type\":\"ImageObject\",\"inLanguage\":\"pt-BR\",\"@id\":\"https:\\\/\\\/blogdofarnesio.com.br\\\/#\\\/schema\\\/logo\\\/image\\\/\",\"url\":\"https:\\\/\\\/blogdofarnesio.com.br\\\/wp-content\\\/uploads\\\/2026\\\/03\\\/cropped-logo_new-1.png\",\"contentUrl\":\"https:\\\/\\\/blogdofarnesio.com.br\\\/wp-content\\\/uploads\\\/2026\\\/03\\\/cropped-logo_new-1.png\",\"width\":881,\"height\":685,\"caption\":\"Blog do Farn\u00e9sio\"},\"image\":{\"@id\":\"https:\\\/\\\/blogdofarnesio.com.br\\\/#\\\/schema\\\/logo\\\/image\\\/\"},\"sameAs\":[\"https:\\\/\\\/www.facebook.com\\\/BlogQuerSaberPolitica\\\/\"]},{\"@type\":\"Person\",\"@id\":\"https:\\\/\\\/blogdofarnesio.com.br\\\/#\\\/schema\\\/person\\\/301c4acf522bccbfdb45af95b5b906a1\",\"name\":\"Farn\u00e9sio\",\"image\":{\"@type\":\"ImageObject\",\"inLanguage\":\"pt-BR\",\"@id\":\"https:\\\/\\\/secure.gravatar.com\\\/avatar\\\/df0c9a14567c056f8ad6876ba5bbd1e3e2c48023eb6807342fc4663adf549f38?s=96&d=mm&r=g\",\"url\":\"https:\\\/\\\/secure.gravatar.com\\\/avatar\\\/df0c9a14567c056f8ad6876ba5bbd1e3e2c48023eb6807342fc4663adf549f38?s=96&d=mm&r=g\",\"contentUrl\":\"https:\\\/\\\/secure.gravatar.com\\\/avatar\\\/df0c9a14567c056f8ad6876ba5bbd1e3e2c48023eb6807342fc4663adf549f38?s=96&d=mm&r=g\",\"caption\":\"Farn\u00e9sio\"},\"sameAs\":[\"https:\\\/\\\/quersaberpolitica.com.br\"],\"url\":\"https:\\\/\\\/blogdofarnesio.com.br\\\/?author=1\"}]}<\/script>\n<!-- \/ Yoast SEO plugin. -->","yoast_head_json":{"title":"Codevasf discute manejo e conserva\u00e7\u00e3o da \u00e1gua e solo em Webinar no Dia Mundial da \u00c1gua - Blog do Farn\u00e9sio","robots":{"index":"index","follow":"follow","max-snippet":"max-snippet:-1","max-image-preview":"max-image-preview:large","max-video-preview":"max-video-preview:-1"},"canonical":"https:\/\/blogdofarnesio.com.br\/?p=281155","og_locale":"pt_BR","og_type":"article","og_title":"Codevasf discute manejo e conserva\u00e7\u00e3o da \u00e1gua e solo em Webinar no Dia Mundial da \u00c1gua - Blog do Farn\u00e9sio","og_description":"No pr\u00f3ximo dia 22 de mar\u00e7o, Dia Mundial da \u00c1gua, a Companhia de Desenvolvimento dos Vales do S\u00e3o Francisco e do Parna\u00edba (Codevasf) vai promover um Webinar sobre &#8220;Manejo e conserva\u00e7\u00e3o da \u00e1gua e solo em bacias hidrogr\u00e1ficas&#8221; com palestras de especialistas na \u00e1rea. Al\u00e9m de t\u00e9cnicos da Codevasf, o evento ter\u00e1 a participa\u00e7\u00e3o de t\u00e9cnicos e pesquisadores da Ag\u00eancia Reguladora de \u00c1guas, Energia e Saneamento B\u00e1sico do Distrito Federal (Adasa) e Embrapa. A transmiss\u00e3o ser\u00e1 pelo canal da Codevasf no YouTube, a partir das 19h. De acordo com Paulo Cerqueira, engenheiro agr\u00f4nomo da Codevasf e coordenador-moderador do evento, o Webinar objetiva discutir e alertar sobre a import\u00e2ncia para conserva\u00e7\u00e3o e preserva\u00e7\u00e3o da \u00e1gua. \u201cO objetivo \u00e9 intercambiar vis\u00f5es da&hellip;","og_url":"https:\/\/blogdofarnesio.com.br\/?p=281155","og_site_name":"Blog do Farn\u00e9sio","article_publisher":"https:\/\/www.facebook.com\/BlogQuerSaberPolitica\/","article_published_time":"2021-03-18T11:32:51+00:00","og_image":[{"width":700,"height":459,"url":"https:\/\/blogdofarnesio.com.br\/wp-content\/uploads\/2020\/02\/blogqsprio-carranca-cbhsf-e1581865691324.jpg","type":"image\/jpeg"}],"author":"Farn\u00e9sio","twitter_card":"summary_large_image","twitter_misc":{"Escrito por":"Farn\u00e9sio","Est. tempo de leitura":"2 minutos"},"schema":{"@context":"https:\/\/schema.org","@graph":[{"@type":"Article","@id":"https:\/\/blogdofarnesio.com.br\/?p=281155#article","isPartOf":{"@id":"https:\/\/blogdofarnesio.com.br\/?p=281155"},"author":{"name":"Farn\u00e9sio","@id":"https:\/\/blogdofarnesio.com.br\/#\/schema\/person\/301c4acf522bccbfdb45af95b5b906a1"},"headline":"Codevasf discute manejo e conserva\u00e7\u00e3o da \u00e1gua e solo em Webinar no Dia Mundial da \u00c1gua","datePublished":"2021-03-18T11:32:51+00:00","mainEntityOfPage":{"@id":"https:\/\/blogdofarnesio.com.br\/?p=281155"},"wordCount":458,"publisher":{"@id":"https:\/\/blogdofarnesio.com.br\/#organization"},"image":{"@id":"https:\/\/blogdofarnesio.com.br\/?p=281155#primaryimage"},"thumbnailUrl":"https:\/\/blogdofarnesio.com.br\/wp-content\/uploads\/2020\/02\/blogqsprio-carranca-cbhsf-e1581865691324.jpg","articleSection":["\u00c1gua"],"inLanguage":"pt-BR"},{"@type":"WebPage","@id":"https:\/\/blogdofarnesio.com.br\/?p=281155","url":"https:\/\/blogdofarnesio.com.br\/?p=281155","name":"Codevasf discute manejo e conserva\u00e7\u00e3o da \u00e1gua e solo em Webinar no Dia Mundial da \u00c1gua - Blog do Farn\u00e9sio","isPartOf":{"@id":"https:\/\/blogdofarnesio.com.br\/#website"},"primaryImageOfPage":{"@id":"https:\/\/blogdofarnesio.com.br\/?p=281155#primaryimage"},"image":{"@id":"https:\/\/blogdofarnesio.com.br\/?p=281155#primaryimage"},"thumbnailUrl":"https:\/\/blogdofarnesio.com.br\/wp-content\/uploads\/2020\/02\/blogqsprio-carranca-cbhsf-e1581865691324.jpg","datePublished":"2021-03-18T11:32:51+00:00","breadcrumb":{"@id":"https:\/\/blogdofarnesio.com.br\/?p=281155#breadcrumb"},"inLanguage":"pt-BR","potentialAction":[{"@type":"ReadAction","target":["https:\/\/blogdofarnesio.com.br\/?p=281155"]}]},{"@type":"ImageObject","inLanguage":"pt-BR","@id":"https:\/\/blogdofarnesio.com.br\/?p=281155#primaryimage","url":"https:\/\/blogdofarnesio.com.br\/wp-content\/uploads\/2020\/02\/blogqsprio-carranca-cbhsf-e1581865691324.jpg","contentUrl":"https:\/\/blogdofarnesio.com.br\/wp-content\/uploads\/2020\/02\/blogqsprio-carranca-cbhsf-e1581865691324.jpg","width":700,"height":459},{"@type":"BreadcrumbList","@id":"https:\/\/blogdofarnesio.com.br\/?p=281155#breadcrumb","itemListElement":[{"@type":"ListItem","position":1,"name":"In\u00edcio","item":"https:\/\/blogdofarnesio.com.br\/"},{"@type":"ListItem","position":2,"name":"Codevasf discute manejo e conserva\u00e7\u00e3o da \u00e1gua e solo em Webinar no Dia Mundial da \u00c1gua"}]},{"@type":"WebSite","@id":"https:\/\/blogdofarnesio.com.br\/#website","url":"https:\/\/blogdofarnesio.com.br\/","name":"Blog do Farn\u00e9sio","description":"Quer Saber Pol\u00edtica?","publisher":{"@id":"https:\/\/blogdofarnesio.com.br\/#organization"},"potentialAction":[{"@type":"SearchAction","target":{"@type":"EntryPoint","urlTemplate":"https:\/\/blogdofarnesio.com.br\/?s={search_term_string}"},"query-input":{"@type":"PropertyValueSpecification","valueRequired":true,"valueName":"search_term_string"}}],"inLanguage":"pt-BR"},{"@type":"Organization","@id":"https:\/\/blogdofarnesio.com.br\/#organization","name":"Blog do Farn\u00e9sio","url":"https:\/\/blogdofarnesio.com.br\/","logo":{"@type":"ImageObject","inLanguage":"pt-BR","@id":"https:\/\/blogdofarnesio.com.br\/#\/schema\/logo\/image\/","url":"https:\/\/blogdofarnesio.com.br\/wp-content\/uploads\/2026\/03\/cropped-logo_new-1.png","contentUrl":"https:\/\/blogdofarnesio.com.br\/wp-content\/uploads\/2026\/03\/cropped-logo_new-1.png","width":881,"height":685,"caption":"Blog do Farn\u00e9sio"},"image":{"@id":"https:\/\/blogdofarnesio.com.br\/#\/schema\/logo\/image\/"},"sameAs":["https:\/\/www.facebook.com\/BlogQuerSaberPolitica\/"]},{"@type":"Person","@id":"https:\/\/blogdofarnesio.com.br\/#\/schema\/person\/301c4acf522bccbfdb45af95b5b906a1","name":"Farn\u00e9sio","image":{"@type":"ImageObject","inLanguage":"pt-BR","@id":"https:\/\/secure.gravatar.com\/avatar\/df0c9a14567c056f8ad6876ba5bbd1e3e2c48023eb6807342fc4663adf549f38?s=96&d=mm&r=g","url":"https:\/\/secure.gravatar.com\/avatar\/df0c9a14567c056f8ad6876ba5bbd1e3e2c48023eb6807342fc4663adf549f38?s=96&d=mm&r=g","contentUrl":"https:\/\/secure.gravatar.com\/avatar\/df0c9a14567c056f8ad6876ba5bbd1e3e2c48023eb6807342fc4663adf549f38?s=96&d=mm&r=g","caption":"Farn\u00e9sio"},"sameAs":["https:\/\/quersaberpolitica.com.br"],"url":"https:\/\/blogdofarnesio.com.br\/?author=1"}]}},"_links":{"self":[{"href":"https:\/\/blogdofarnesio.com.br\/index.php?rest_route=\/wp\/v2\/posts\/281155","targetHints":{"allow":["GET"]}}],"collection":[{"href":"https:\/\/blogdofarnesio.com.br\/index.php?rest_route=\/wp\/v2\/posts"}],"about":[{"href":"https:\/\/blogdofarnesio.com.br\/index.php?rest_route=\/wp\/v2\/types\/post"}],"author":[{"embeddable":true,"href":"https:\/\/blogdofarnesio.com.br\/index.php?rest_route=\/wp\/v2\/users\/1"}],"replies":[{"embeddable":true,"href":"https:\/\/blogdofarnesio.com.br\/index.php?rest_route=%2Fwp%2Fv2%2Fcomments&post=281155"}],"version-history":[{"count":0,"href":"https:\/\/blogdofarnesio.com.br\/index.php?rest_route=\/wp\/v2\/posts\/281155\/revisions"}],"wp:featuredmedia":[{"embeddable":true,"href":"https:\/\/blogdofarnesio.com.br\/index.php?rest_route=\/wp\/v2\/media\/250336"}],"wp:attachment":[{"href":"https:\/\/blogdofarnesio.com.br\/index.php?rest_route=%2Fwp%2Fv2%2Fmedia&parent=281155"}],"wp:term":[{"taxonomy":"category","embeddable":true,"href":"https:\/\/blogdofarnesio.com.br\/index.php?rest_route=%2Fwp%2Fv2%2Fcategories&post=281155"},{"taxonomy":"post_tag","embeddable":true,"href":"https:\/\/blogdofarnesio.com.br\/index.php?rest_route=%2Fwp%2Fv2%2Ftags&post=281155"}],"curies":[{"name":"wp","href":"https:\/\/api.w.org\/{rel}","templated":true}]}}