{"id":281060,"date":"2021-03-17T14:00:58","date_gmt":"2021-03-17T17:00:58","guid":{"rendered":"http:\/\/quersaberpolitica.com.br\/2016\/?p=281060"},"modified":"2021-03-17T10:17:36","modified_gmt":"2021-03-17T13:17:36","slug":"iniciadas-obras-da-adutora-de-vira-beiju-e-massape-area-de-sequeiro-de-petrolina","status":"publish","type":"post","link":"https:\/\/blogdofarnesio.com.br\/?p=281060","title":{"rendered":"Iniciadas obras da Adutora de Vira Beiju e Massap\u00ea, \u00e1rea de sequeiro de Petrolina"},"content":{"rendered":"<p style=\"font-weight: 400;\">Mais de 70 fam\u00edlias das comunidades de Vira Beiju e Massap\u00ea, \u00e1rea de sequeiro a 70 km de Petrolina, sair\u00e3o da lista dos carros-pipas. Isso ser\u00e1 poss\u00edvel porque agora elas poder\u00e3o contar com \u00e1gua saindo das torneiras em suas moradias por meio da adutora que ter\u00e1 extens\u00e3o de mais de 20 km. A implanta\u00e7\u00e3o foi iniciada pela Prefeitura de Petrolina em meados de fevereiro.<\/p>\n<p style=\"font-weight: 400;\">A obra, com status de 30% de conclus\u00e3o, est\u00e1 sendo executada pela Secretaria de Agricultura, com emenda do deputado federal Fernando Filho e participa\u00e7\u00e3o da comunidade que tem atuado ativamente dos trabalhos, mostrando mais uma vez como \u00e9 importante o envolvimento da comunidade para que as pessoas tenham um maior sentido de pertencimento e compromisso com o local onde vivem. O vice-prefeito, Sim\u00e3o Durando, e o secret\u00e1rio de Agricultura, Gilberto Melo, estiveram em vistoria na tarde desta segunda-feira (15) e puderam acompanhar o andamento das obras.<\/p>\n<p style=\"font-weight: 400;\">\u201cUma das principais bandeiras do prefeito Miguel Coelho na zona rural de Petrolina \u00e9 o acesso \u00e0 \u00e1gua e os sistemas de abastecimento est\u00e3o dando muito certo, isso gra\u00e7as \u00e0 for\u00e7a pol\u00edtica, emendas do deputado federal Fernando Filho que aloca recursos para o munic\u00edpio de Petrolina. Essas a\u00e7\u00f5es possibilitam \u00e0 gest\u00e3o transpor \u00e1gua e, dessa forma, mais fam\u00edlias saem da lista dos carros-pipas. Isso nos d\u00e1 muita motiva\u00e7\u00e3o e orgulho porque queremos, cada vez mais, livrar as pessoas dessa depend\u00eancia financeira do carro-pipa e fazer com que possam dispor de recursos para suas necessidades pessoais como sa\u00fade e alimenta\u00e7\u00e3o, ao inv\u00e9s de gastar na compra de \u00e1gua\u201d, destacou o vice-prefeito.<\/p>\n<p style=\"font-weight: 400;\">De acordo com o secret\u00e1rio de Agricultura do munic\u00edpio, Gilberto Melo, as obras seguem em ritmo acelerado e em breve as comunidades ter\u00e3o em suas torneiras \u00e1gua \u00e0 vontade. \u201cNossa equipe est\u00e1 com o p\u00e9 no acelerador, assim como sempre nos orienta o prefeito Miguel Coelho, para que possamos entregar essa obra para as comunidades de Vira Beiju e Massap\u00ea, no mais tardar, dentro dos pr\u00f3ximos tr\u00eas a quatro meses, pois ainda teremos a fase de testes. Essa ser\u00e1 mais uma importante obra que o prefeito entregar\u00e1 para o homem e a mulher do campo de nossa zona rural\u201d, ressaltou Gilberto.<\/p>\n<p style=\"font-weight: 400;\">Texto: Jaquelyne Costa<\/p>\n<p style=\"font-weight: 400;\">Assessora de Imprensa da Secretaria de Agricultura<\/p>\n","protected":false},"excerpt":{"rendered":"<p>Mais de 70 fam\u00edlias das comunidades de Vira Beiju e Massap\u00ea, \u00e1rea de sequeiro a 70 km de Petrolina, sair\u00e3o da lista dos carros-pipas. Isso ser\u00e1 poss\u00edvel porque agora elas poder\u00e3o contar com \u00e1gua saindo das torneiras em suas moradias por meio da adutora que ter\u00e1 extens\u00e3o de mais de 20 km. A implanta\u00e7\u00e3o foi iniciada pela Prefeitura de Petrolina em meados de fevereiro. A obra, com status de 30% de conclus\u00e3o, est\u00e1 sendo executada pela Secretaria de Agricultura, com emenda do deputado federal Fernando Filho e participa\u00e7\u00e3o da comunidade que tem atuado ativamente dos trabalhos, mostrando mais uma vez como \u00e9 importante o envolvimento da comunidade para que as pessoas tenham um maior sentido de pertencimento e compromisso com&hellip; <\/p>\n","protected":false},"author":1,"featured_media":281063,"comment_status":"closed","ping_status":"closed","sticky":false,"template":"","format":"standard","meta":{"_acf_changed":false,"footnotes":""},"categories":[56],"tags":[],"class_list":["post-281060","post","type-post","status-publish","format-standard","has-post-thumbnail","hentry","category-agua"],"acf":[],"yoast_head":"<!-- This site is optimized with the Yoast SEO plugin v27.4 - https:\/\/yoast.com\/product\/yoast-seo-wordpress\/ -->\n<title>Iniciadas obras da Adutora de Vira Beiju e Massap\u00ea, \u00e1rea de sequeiro de Petrolina - Blog do Farn\u00e9sio<\/title>\n<meta name=\"robots\" content=\"index, follow, max-snippet:-1, max-image-preview:large, max-video-preview:-1\" \/>\n<link rel=\"canonical\" href=\"https:\/\/blogdofarnesio.com.br\/?p=281060\" \/>\n<meta property=\"og:locale\" content=\"pt_BR\" \/>\n<meta property=\"og:type\" content=\"article\" \/>\n<meta property=\"og:title\" content=\"Iniciadas obras da Adutora de Vira Beiju e Massap\u00ea, \u00e1rea de sequeiro de Petrolina - Blog do Farn\u00e9sio\" \/>\n<meta property=\"og:description\" content=\"Mais de 70 fam\u00edlias das comunidades de Vira Beiju e Massap\u00ea, \u00e1rea de sequeiro a 70 km de Petrolina, sair\u00e3o da lista dos carros-pipas. Isso ser\u00e1 poss\u00edvel porque agora elas poder\u00e3o contar com \u00e1gua saindo das torneiras em suas moradias por meio da adutora que ter\u00e1 extens\u00e3o de mais de 20 km. A implanta\u00e7\u00e3o foi iniciada pela Prefeitura de Petrolina em meados de fevereiro. A obra, com status de 30% de conclus\u00e3o, est\u00e1 sendo executada pela Secretaria de Agricultura, com emenda do deputado federal Fernando Filho e participa\u00e7\u00e3o da comunidade que tem atuado ativamente dos trabalhos, mostrando mais uma vez como \u00e9 importante o envolvimento da comunidade para que as pessoas tenham um maior sentido de pertencimento e compromisso com&hellip;\" \/>\n<meta property=\"og:url\" content=\"https:\/\/blogdofarnesio.com.br\/?p=281060\" \/>\n<meta property=\"og:site_name\" content=\"Blog do Farn\u00e9sio\" \/>\n<meta property=\"article:publisher\" content=\"https:\/\/www.facebook.com\/BlogQuerSaberPolitica\/\" \/>\n<meta property=\"article:published_time\" content=\"2021-03-17T17:00:58+00:00\" \/>\n<meta property=\"og:image\" content=\"https:\/\/blogdofarnesio.com.br\/wp-content\/uploads\/2021\/03\/Adutora-Vira-Beiju-01-e1615936218307.jpeg\" \/>\n\t<meta property=\"og:image:width\" content=\"680\" \/>\n\t<meta property=\"og:image:height\" content=\"453\" \/>\n\t<meta property=\"og:image:type\" content=\"image\/jpeg\" \/>\n<meta name=\"author\" content=\"Farn\u00e9sio\" \/>\n<meta name=\"twitter:card\" content=\"summary_large_image\" \/>\n<meta name=\"twitter:label1\" content=\"Escrito por\" \/>\n\t<meta name=\"twitter:data1\" content=\"Farn\u00e9sio\" \/>\n\t<meta name=\"twitter:label2\" content=\"Est. tempo de leitura\" \/>\n\t<meta name=\"twitter:data2\" content=\"2 minutos\" \/>\n<script type=\"application\/ld+json\" class=\"yoast-schema-graph\">{\"@context\":\"https:\\\/\\\/schema.org\",\"@graph\":[{\"@type\":\"Article\",\"@id\":\"https:\\\/\\\/blogdofarnesio.com.br\\\/?p=281060#article\",\"isPartOf\":{\"@id\":\"https:\\\/\\\/blogdofarnesio.com.br\\\/?p=281060\"},\"author\":{\"name\":\"Farn\u00e9sio\",\"@id\":\"https:\\\/\\\/blogdofarnesio.com.br\\\/#\\\/schema\\\/person\\\/301c4acf522bccbfdb45af95b5b906a1\"},\"headline\":\"Iniciadas obras da Adutora de Vira Beiju e Massap\u00ea, \u00e1rea de sequeiro de Petrolina\",\"datePublished\":\"2021-03-17T17:00:58+00:00\",\"mainEntityOfPage\":{\"@id\":\"https:\\\/\\\/blogdofarnesio.com.br\\\/?p=281060\"},\"wordCount\":402,\"publisher\":{\"@id\":\"https:\\\/\\\/blogdofarnesio.com.br\\\/#organization\"},\"image\":{\"@id\":\"https:\\\/\\\/blogdofarnesio.com.br\\\/?p=281060#primaryimage\"},\"thumbnailUrl\":\"https:\\\/\\\/blogdofarnesio.com.br\\\/wp-content\\\/uploads\\\/2021\\\/03\\\/Adutora-Vira-Beiju-01-e1615936218307.jpeg\",\"articleSection\":[\"\u00c1gua\"],\"inLanguage\":\"pt-BR\"},{\"@type\":\"WebPage\",\"@id\":\"https:\\\/\\\/blogdofarnesio.com.br\\\/?p=281060\",\"url\":\"https:\\\/\\\/blogdofarnesio.com.br\\\/?p=281060\",\"name\":\"Iniciadas obras da Adutora de Vira Beiju e Massap\u00ea, \u00e1rea de sequeiro de Petrolina - Blog do Farn\u00e9sio\",\"isPartOf\":{\"@id\":\"https:\\\/\\\/blogdofarnesio.com.br\\\/#website\"},\"primaryImageOfPage\":{\"@id\":\"https:\\\/\\\/blogdofarnesio.com.br\\\/?p=281060#primaryimage\"},\"image\":{\"@id\":\"https:\\\/\\\/blogdofarnesio.com.br\\\/?p=281060#primaryimage\"},\"thumbnailUrl\":\"https:\\\/\\\/blogdofarnesio.com.br\\\/wp-content\\\/uploads\\\/2021\\\/03\\\/Adutora-Vira-Beiju-01-e1615936218307.jpeg\",\"datePublished\":\"2021-03-17T17:00:58+00:00\",\"breadcrumb\":{\"@id\":\"https:\\\/\\\/blogdofarnesio.com.br\\\/?p=281060#breadcrumb\"},\"inLanguage\":\"pt-BR\",\"potentialAction\":[{\"@type\":\"ReadAction\",\"target\":[\"https:\\\/\\\/blogdofarnesio.com.br\\\/?p=281060\"]}]},{\"@type\":\"ImageObject\",\"inLanguage\":\"pt-BR\",\"@id\":\"https:\\\/\\\/blogdofarnesio.com.br\\\/?p=281060#primaryimage\",\"url\":\"https:\\\/\\\/blogdofarnesio.com.br\\\/wp-content\\\/uploads\\\/2021\\\/03\\\/Adutora-Vira-Beiju-01-e1615936218307.jpeg\",\"contentUrl\":\"https:\\\/\\\/blogdofarnesio.com.br\\\/wp-content\\\/uploads\\\/2021\\\/03\\\/Adutora-Vira-Beiju-01-e1615936218307.jpeg\",\"width\":680,\"height\":453},{\"@type\":\"BreadcrumbList\",\"@id\":\"https:\\\/\\\/blogdofarnesio.com.br\\\/?p=281060#breadcrumb\",\"itemListElement\":[{\"@type\":\"ListItem\",\"position\":1,\"name\":\"In\u00edcio\",\"item\":\"https:\\\/\\\/blogdofarnesio.com.br\\\/\"},{\"@type\":\"ListItem\",\"position\":2,\"name\":\"Iniciadas obras da Adutora de Vira Beiju e Massap\u00ea, \u00e1rea de sequeiro de Petrolina\"}]},{\"@type\":\"WebSite\",\"@id\":\"https:\\\/\\\/blogdofarnesio.com.br\\\/#website\",\"url\":\"https:\\\/\\\/blogdofarnesio.com.br\\\/\",\"name\":\"Blog do Farn\u00e9sio\",\"description\":\"Quer Saber Pol\u00edtica?\",\"publisher\":{\"@id\":\"https:\\\/\\\/blogdofarnesio.com.br\\\/#organization\"},\"potentialAction\":[{\"@type\":\"SearchAction\",\"target\":{\"@type\":\"EntryPoint\",\"urlTemplate\":\"https:\\\/\\\/blogdofarnesio.com.br\\\/?s={search_term_string}\"},\"query-input\":{\"@type\":\"PropertyValueSpecification\",\"valueRequired\":true,\"valueName\":\"search_term_string\"}}],\"inLanguage\":\"pt-BR\"},{\"@type\":\"Organization\",\"@id\":\"https:\\\/\\\/blogdofarnesio.com.br\\\/#organization\",\"name\":\"Blog do Farn\u00e9sio\",\"url\":\"https:\\\/\\\/blogdofarnesio.com.br\\\/\",\"logo\":{\"@type\":\"ImageObject\",\"inLanguage\":\"pt-BR\",\"@id\":\"https:\\\/\\\/blogdofarnesio.com.br\\\/#\\\/schema\\\/logo\\\/image\\\/\",\"url\":\"https:\\\/\\\/blogdofarnesio.com.br\\\/wp-content\\\/uploads\\\/2026\\\/03\\\/cropped-logo_new-1.png\",\"contentUrl\":\"https:\\\/\\\/blogdofarnesio.com.br\\\/wp-content\\\/uploads\\\/2026\\\/03\\\/cropped-logo_new-1.png\",\"width\":881,\"height\":685,\"caption\":\"Blog do Farn\u00e9sio\"},\"image\":{\"@id\":\"https:\\\/\\\/blogdofarnesio.com.br\\\/#\\\/schema\\\/logo\\\/image\\\/\"},\"sameAs\":[\"https:\\\/\\\/www.facebook.com\\\/BlogQuerSaberPolitica\\\/\"]},{\"@type\":\"Person\",\"@id\":\"https:\\\/\\\/blogdofarnesio.com.br\\\/#\\\/schema\\\/person\\\/301c4acf522bccbfdb45af95b5b906a1\",\"name\":\"Farn\u00e9sio\",\"image\":{\"@type\":\"ImageObject\",\"inLanguage\":\"pt-BR\",\"@id\":\"https:\\\/\\\/secure.gravatar.com\\\/avatar\\\/df0c9a14567c056f8ad6876ba5bbd1e3e2c48023eb6807342fc4663adf549f38?s=96&d=mm&r=g\",\"url\":\"https:\\\/\\\/secure.gravatar.com\\\/avatar\\\/df0c9a14567c056f8ad6876ba5bbd1e3e2c48023eb6807342fc4663adf549f38?s=96&d=mm&r=g\",\"contentUrl\":\"https:\\\/\\\/secure.gravatar.com\\\/avatar\\\/df0c9a14567c056f8ad6876ba5bbd1e3e2c48023eb6807342fc4663adf549f38?s=96&d=mm&r=g\",\"caption\":\"Farn\u00e9sio\"},\"sameAs\":[\"https:\\\/\\\/quersaberpolitica.com.br\"],\"url\":\"https:\\\/\\\/blogdofarnesio.com.br\\\/?author=1\"}]}<\/script>\n<!-- \/ Yoast SEO plugin. -->","yoast_head_json":{"title":"Iniciadas obras da Adutora de Vira Beiju e Massap\u00ea, \u00e1rea de sequeiro de Petrolina - Blog do Farn\u00e9sio","robots":{"index":"index","follow":"follow","max-snippet":"max-snippet:-1","max-image-preview":"max-image-preview:large","max-video-preview":"max-video-preview:-1"},"canonical":"https:\/\/blogdofarnesio.com.br\/?p=281060","og_locale":"pt_BR","og_type":"article","og_title":"Iniciadas obras da Adutora de Vira Beiju e Massap\u00ea, \u00e1rea de sequeiro de Petrolina - Blog do Farn\u00e9sio","og_description":"Mais de 70 fam\u00edlias das comunidades de Vira Beiju e Massap\u00ea, \u00e1rea de sequeiro a 70 km de Petrolina, sair\u00e3o da lista dos carros-pipas. Isso ser\u00e1 poss\u00edvel porque agora elas poder\u00e3o contar com \u00e1gua saindo das torneiras em suas moradias por meio da adutora que ter\u00e1 extens\u00e3o de mais de 20 km. A implanta\u00e7\u00e3o foi iniciada pela Prefeitura de Petrolina em meados de fevereiro. A obra, com status de 30% de conclus\u00e3o, est\u00e1 sendo executada pela Secretaria de Agricultura, com emenda do deputado federal Fernando Filho e participa\u00e7\u00e3o da comunidade que tem atuado ativamente dos trabalhos, mostrando mais uma vez como \u00e9 importante o envolvimento da comunidade para que as pessoas tenham um maior sentido de pertencimento e compromisso com&hellip;","og_url":"https:\/\/blogdofarnesio.com.br\/?p=281060","og_site_name":"Blog do Farn\u00e9sio","article_publisher":"https:\/\/www.facebook.com\/BlogQuerSaberPolitica\/","article_published_time":"2021-03-17T17:00:58+00:00","og_image":[{"width":680,"height":453,"url":"https:\/\/blogdofarnesio.com.br\/wp-content\/uploads\/2021\/03\/Adutora-Vira-Beiju-01-e1615936218307.jpeg","type":"image\/jpeg"}],"author":"Farn\u00e9sio","twitter_card":"summary_large_image","twitter_misc":{"Escrito por":"Farn\u00e9sio","Est. tempo de leitura":"2 minutos"},"schema":{"@context":"https:\/\/schema.org","@graph":[{"@type":"Article","@id":"https:\/\/blogdofarnesio.com.br\/?p=281060#article","isPartOf":{"@id":"https:\/\/blogdofarnesio.com.br\/?p=281060"},"author":{"name":"Farn\u00e9sio","@id":"https:\/\/blogdofarnesio.com.br\/#\/schema\/person\/301c4acf522bccbfdb45af95b5b906a1"},"headline":"Iniciadas obras da Adutora de Vira Beiju e Massap\u00ea, \u00e1rea de sequeiro de Petrolina","datePublished":"2021-03-17T17:00:58+00:00","mainEntityOfPage":{"@id":"https:\/\/blogdofarnesio.com.br\/?p=281060"},"wordCount":402,"publisher":{"@id":"https:\/\/blogdofarnesio.com.br\/#organization"},"image":{"@id":"https:\/\/blogdofarnesio.com.br\/?p=281060#primaryimage"},"thumbnailUrl":"https:\/\/blogdofarnesio.com.br\/wp-content\/uploads\/2021\/03\/Adutora-Vira-Beiju-01-e1615936218307.jpeg","articleSection":["\u00c1gua"],"inLanguage":"pt-BR"},{"@type":"WebPage","@id":"https:\/\/blogdofarnesio.com.br\/?p=281060","url":"https:\/\/blogdofarnesio.com.br\/?p=281060","name":"Iniciadas obras da Adutora de Vira Beiju e Massap\u00ea, \u00e1rea de sequeiro de Petrolina - Blog do Farn\u00e9sio","isPartOf":{"@id":"https:\/\/blogdofarnesio.com.br\/#website"},"primaryImageOfPage":{"@id":"https:\/\/blogdofarnesio.com.br\/?p=281060#primaryimage"},"image":{"@id":"https:\/\/blogdofarnesio.com.br\/?p=281060#primaryimage"},"thumbnailUrl":"https:\/\/blogdofarnesio.com.br\/wp-content\/uploads\/2021\/03\/Adutora-Vira-Beiju-01-e1615936218307.jpeg","datePublished":"2021-03-17T17:00:58+00:00","breadcrumb":{"@id":"https:\/\/blogdofarnesio.com.br\/?p=281060#breadcrumb"},"inLanguage":"pt-BR","potentialAction":[{"@type":"ReadAction","target":["https:\/\/blogdofarnesio.com.br\/?p=281060"]}]},{"@type":"ImageObject","inLanguage":"pt-BR","@id":"https:\/\/blogdofarnesio.com.br\/?p=281060#primaryimage","url":"https:\/\/blogdofarnesio.com.br\/wp-content\/uploads\/2021\/03\/Adutora-Vira-Beiju-01-e1615936218307.jpeg","contentUrl":"https:\/\/blogdofarnesio.com.br\/wp-content\/uploads\/2021\/03\/Adutora-Vira-Beiju-01-e1615936218307.jpeg","width":680,"height":453},{"@type":"BreadcrumbList","@id":"https:\/\/blogdofarnesio.com.br\/?p=281060#breadcrumb","itemListElement":[{"@type":"ListItem","position":1,"name":"In\u00edcio","item":"https:\/\/blogdofarnesio.com.br\/"},{"@type":"ListItem","position":2,"name":"Iniciadas obras da Adutora de Vira Beiju e Massap\u00ea, \u00e1rea de sequeiro de Petrolina"}]},{"@type":"WebSite","@id":"https:\/\/blogdofarnesio.com.br\/#website","url":"https:\/\/blogdofarnesio.com.br\/","name":"Blog do Farn\u00e9sio","description":"Quer Saber Pol\u00edtica?","publisher":{"@id":"https:\/\/blogdofarnesio.com.br\/#organization"},"potentialAction":[{"@type":"SearchAction","target":{"@type":"EntryPoint","urlTemplate":"https:\/\/blogdofarnesio.com.br\/?s={search_term_string}"},"query-input":{"@type":"PropertyValueSpecification","valueRequired":true,"valueName":"search_term_string"}}],"inLanguage":"pt-BR"},{"@type":"Organization","@id":"https:\/\/blogdofarnesio.com.br\/#organization","name":"Blog do Farn\u00e9sio","url":"https:\/\/blogdofarnesio.com.br\/","logo":{"@type":"ImageObject","inLanguage":"pt-BR","@id":"https:\/\/blogdofarnesio.com.br\/#\/schema\/logo\/image\/","url":"https:\/\/blogdofarnesio.com.br\/wp-content\/uploads\/2026\/03\/cropped-logo_new-1.png","contentUrl":"https:\/\/blogdofarnesio.com.br\/wp-content\/uploads\/2026\/03\/cropped-logo_new-1.png","width":881,"height":685,"caption":"Blog do Farn\u00e9sio"},"image":{"@id":"https:\/\/blogdofarnesio.com.br\/#\/schema\/logo\/image\/"},"sameAs":["https:\/\/www.facebook.com\/BlogQuerSaberPolitica\/"]},{"@type":"Person","@id":"https:\/\/blogdofarnesio.com.br\/#\/schema\/person\/301c4acf522bccbfdb45af95b5b906a1","name":"Farn\u00e9sio","image":{"@type":"ImageObject","inLanguage":"pt-BR","@id":"https:\/\/secure.gravatar.com\/avatar\/df0c9a14567c056f8ad6876ba5bbd1e3e2c48023eb6807342fc4663adf549f38?s=96&d=mm&r=g","url":"https:\/\/secure.gravatar.com\/avatar\/df0c9a14567c056f8ad6876ba5bbd1e3e2c48023eb6807342fc4663adf549f38?s=96&d=mm&r=g","contentUrl":"https:\/\/secure.gravatar.com\/avatar\/df0c9a14567c056f8ad6876ba5bbd1e3e2c48023eb6807342fc4663adf549f38?s=96&d=mm&r=g","caption":"Farn\u00e9sio"},"sameAs":["https:\/\/quersaberpolitica.com.br"],"url":"https:\/\/blogdofarnesio.com.br\/?author=1"}]}},"_links":{"self":[{"href":"https:\/\/blogdofarnesio.com.br\/index.php?rest_route=\/wp\/v2\/posts\/281060","targetHints":{"allow":["GET"]}}],"collection":[{"href":"https:\/\/blogdofarnesio.com.br\/index.php?rest_route=\/wp\/v2\/posts"}],"about":[{"href":"https:\/\/blogdofarnesio.com.br\/index.php?rest_route=\/wp\/v2\/types\/post"}],"author":[{"embeddable":true,"href":"https:\/\/blogdofarnesio.com.br\/index.php?rest_route=\/wp\/v2\/users\/1"}],"replies":[{"embeddable":true,"href":"https:\/\/blogdofarnesio.com.br\/index.php?rest_route=%2Fwp%2Fv2%2Fcomments&post=281060"}],"version-history":[{"count":0,"href":"https:\/\/blogdofarnesio.com.br\/index.php?rest_route=\/wp\/v2\/posts\/281060\/revisions"}],"wp:featuredmedia":[{"embeddable":true,"href":"https:\/\/blogdofarnesio.com.br\/index.php?rest_route=\/wp\/v2\/media\/281063"}],"wp:attachment":[{"href":"https:\/\/blogdofarnesio.com.br\/index.php?rest_route=%2Fwp%2Fv2%2Fmedia&parent=281060"}],"wp:term":[{"taxonomy":"category","embeddable":true,"href":"https:\/\/blogdofarnesio.com.br\/index.php?rest_route=%2Fwp%2Fv2%2Fcategories&post=281060"},{"taxonomy":"post_tag","embeddable":true,"href":"https:\/\/blogdofarnesio.com.br\/index.php?rest_route=%2Fwp%2Fv2%2Ftags&post=281060"}],"curies":[{"name":"wp","href":"https:\/\/api.w.org\/{rel}","templated":true}]}}