{"id":280848,"date":"2021-03-13T19:45:07","date_gmt":"2021-03-13T22:45:07","guid":{"rendered":"http:\/\/quersaberpolitica.com.br\/2016\/?p=280848"},"modified":"2021-03-13T19:45:07","modified_gmt":"2021-03-13T22:45:07","slug":"juazeiro-registra-25-novos-casos-da-covid-19-neste-sabado","status":"publish","type":"post","link":"https:\/\/blogdofarnesio.com.br\/?p=280848","title":{"rendered":"Juazeiro registra 25 novos casos da Covid-19 neste s\u00e1bado"},"content":{"rendered":"<p style=\"font-weight: 400;\">Juazeiro registrou 25 novos casos da doen\u00e7a nas \u00faltimas 24 horas. A informa\u00e7\u00e3o est\u00e1 no boletim epidemiol\u00f3gico da Secretaria Municipal de Sa\u00fade deste s\u00e1bado (13). O levantamento mostra que 10.184 moradores foram infectados desde o in\u00edcio da pandemia na cidade, dos quais 8.130 j\u00e1 est\u00e3o recuperados. Os casos descartados somam 20.290. S\u00e3o 1.877 casos ativos do novo coronav\u00edrus.<\/p>\n<p style=\"font-weight: 400;\">N\u00e3o foi registrado nenhum \u00f3bito por complica\u00e7\u00f5es da Covid-19 no boletim deste s\u00e1bado. Sendo assim, Juazeiro permanece com o total de 177 mortes.<\/p>\n<p style=\"font-weight: 400;\">Foram realizados desde o in\u00edcio da pandemia 27.517 testes r\u00e1pidos pela prefeitura e 1.384 pelo Lacen, em Salvador.<\/p>\n<p style=\"font-weight: 400;\">\n<p style=\"font-weight: 400;\"><strong>Ocupa\u00e7\u00e3o de leitos<\/strong><\/p>\n<p style=\"font-weight: 400;\">Dos internados regulados somente pela rede municipal, houve altera\u00e7\u00e3o nas \u00faltimas 24 horas. Na rede hospitalar, o percentual de ocupa\u00e7\u00e3o dos leitos para Juazeiro na rede PEBA (hospitais de Pernambuco e Bahia) \u00e9 de 95%, com 8 leitos dispon\u00edveis. Somente em Juazeiro, 87% dos leitos para pacientes com Covid-19 est\u00e3o ocupados, com 8 leitos dispon\u00edveis.<\/p>\n<p style=\"font-weight: 400;\">\n<p style=\"font-weight: 400;\"><strong>Imuniza\u00e7\u00e3o<\/strong><\/p>\n<p style=\"font-weight: 400;\">Das 10.910 doses de vacina contra o coronav\u00edrus\u00a0 recebidas pela Prefeitura de Juazeiro, 9.910 j\u00e1 foram aplicadas. Isso representa 91,43% do total de doses.<\/p>\n<p style=\"font-weight: 400;\">\n<p style=\"font-weight: 400;\"><strong>Plant\u00e3o de vacina\u00e7\u00e3o<img loading=\"lazy\" decoding=\"async\" class=\"aligncenter size-medium wp-image-280849\" src=\"http:\/\/quersaberpolitica.com.br\/2016\/wp-content\/uploads\/2021\/03\/Boletim-vacinometro-300x300.jpg\" alt=\"\" width=\"300\" height=\"300\" \/><\/strong><\/p>\n<p style=\"font-weight: 400;\">Neste domingo (14), a Prefeitura montar\u00e1 um \u2018drive thru\u2019. A tenda para atendimento dos idosos acima de 72 anos,\u00a0 dentro de carros, ficar\u00e1 em frente \u00e0 ag\u00eancia da Caixa Econ\u00f4mica Federal, pr\u00f3ximo ao Pa\u00e7o Municipal, no centro da cidade. A vacina\u00e7\u00e3o acontecer\u00e1 das 8h \u00e0s 13h, para a primeira dose da vacina contra o coronav\u00edrus.<\/p>\n<p style=\"font-weight: 400;\"><strong>Documentos necess\u00e1rios<\/strong><\/p>\n<p style=\"font-weight: 400;\">Comprovante de resid\u00eancia, cart\u00e3o SUS ou CPF, cart\u00e3o de vacina e documento de identifica\u00e7\u00e3o com foto.<\/p>\n<p style=\"font-weight: 400;\">\n<p style=\"font-weight: 400;\">Texto: Maria Lima &#8211; Assessora de Imprensa<\/p>\n","protected":false},"excerpt":{"rendered":"<p>Juazeiro registrou 25 novos casos da doen\u00e7a nas \u00faltimas 24 horas. A informa\u00e7\u00e3o est\u00e1 no boletim epidemiol\u00f3gico da Secretaria Municipal de Sa\u00fade deste s\u00e1bado (13). O levantamento mostra que 10.184 moradores foram infectados desde o in\u00edcio da pandemia na cidade, dos quais 8.130 j\u00e1 est\u00e3o recuperados. Os casos descartados somam 20.290. S\u00e3o 1.877 casos ativos do novo coronav\u00edrus. N\u00e3o foi registrado nenhum \u00f3bito por complica\u00e7\u00f5es da Covid-19 no boletim deste s\u00e1bado. Sendo assim, Juazeiro permanece com o total de 177 mortes. Foram realizados desde o in\u00edcio da pandemia 27.517 testes r\u00e1pidos pela prefeitura e 1.384 pelo Lacen, em Salvador. Ocupa\u00e7\u00e3o de leitos Dos internados regulados somente pela rede municipal, houve altera\u00e7\u00e3o nas \u00faltimas 24 horas. Na rede hospitalar, o percentual&hellip; <\/p>\n","protected":false},"author":1,"featured_media":280850,"comment_status":"closed","ping_status":"closed","sticky":false,"template":"","format":"standard","meta":{"_acf_changed":false,"footnotes":""},"categories":[4],"tags":[],"class_list":["post-280848","post","type-post","status-publish","format-standard","has-post-thumbnail","hentry","category-saude"],"acf":[],"yoast_head":"<!-- This site is optimized with the Yoast SEO plugin v27.4 - https:\/\/yoast.com\/product\/yoast-seo-wordpress\/ -->\n<title>Juazeiro registra 25 novos casos da Covid-19 neste s\u00e1bado - Blog do Farn\u00e9sio<\/title>\n<meta name=\"robots\" content=\"index, follow, max-snippet:-1, max-image-preview:large, max-video-preview:-1\" \/>\n<link rel=\"canonical\" href=\"https:\/\/blogdofarnesio.com.br\/?p=280848\" \/>\n<meta property=\"og:locale\" content=\"pt_BR\" \/>\n<meta property=\"og:type\" content=\"article\" \/>\n<meta property=\"og:title\" content=\"Juazeiro registra 25 novos casos da Covid-19 neste s\u00e1bado - Blog do Farn\u00e9sio\" \/>\n<meta property=\"og:description\" content=\"Juazeiro registrou 25 novos casos da doen\u00e7a nas \u00faltimas 24 horas. A informa\u00e7\u00e3o est\u00e1 no boletim epidemiol\u00f3gico da Secretaria Municipal de Sa\u00fade deste s\u00e1bado (13). O levantamento mostra que 10.184 moradores foram infectados desde o in\u00edcio da pandemia na cidade, dos quais 8.130 j\u00e1 est\u00e3o recuperados. Os casos descartados somam 20.290. S\u00e3o 1.877 casos ativos do novo coronav\u00edrus. N\u00e3o foi registrado nenhum \u00f3bito por complica\u00e7\u00f5es da Covid-19 no boletim deste s\u00e1bado. Sendo assim, Juazeiro permanece com o total de 177 mortes. Foram realizados desde o in\u00edcio da pandemia 27.517 testes r\u00e1pidos pela prefeitura e 1.384 pelo Lacen, em Salvador. Ocupa\u00e7\u00e3o de leitos Dos internados regulados somente pela rede municipal, houve altera\u00e7\u00e3o nas \u00faltimas 24 horas. Na rede hospitalar, o percentual&hellip;\" \/>\n<meta property=\"og:url\" content=\"https:\/\/blogdofarnesio.com.br\/?p=280848\" \/>\n<meta property=\"og:site_name\" content=\"Blog do Farn\u00e9sio\" \/>\n<meta property=\"article:publisher\" content=\"https:\/\/www.facebook.com\/BlogQuerSaberPolitica\/\" \/>\n<meta property=\"article:published_time\" content=\"2021-03-13T22:45:07+00:00\" \/>\n<meta property=\"og:image\" content=\"https:\/\/blogdofarnesio.com.br\/wp-content\/uploads\/2021\/03\/Boletim-covid-13.03-Juazeiro-1-scaled-e1615675438152.jpg\" \/>\n\t<meta property=\"og:image:width\" content=\"560\" \/>\n\t<meta property=\"og:image:height\" content=\"431\" \/>\n\t<meta property=\"og:image:type\" content=\"image\/jpeg\" \/>\n<meta name=\"author\" content=\"Farn\u00e9sio\" \/>\n<meta name=\"twitter:card\" content=\"summary_large_image\" \/>\n<meta name=\"twitter:label1\" content=\"Escrito por\" \/>\n\t<meta name=\"twitter:data1\" content=\"Farn\u00e9sio\" \/>\n\t<meta name=\"twitter:label2\" content=\"Est. tempo de leitura\" \/>\n\t<meta name=\"twitter:data2\" content=\"1 minuto\" \/>\n<script type=\"application\/ld+json\" class=\"yoast-schema-graph\">{\"@context\":\"https:\\\/\\\/schema.org\",\"@graph\":[{\"@type\":\"Article\",\"@id\":\"https:\\\/\\\/blogdofarnesio.com.br\\\/?p=280848#article\",\"isPartOf\":{\"@id\":\"https:\\\/\\\/blogdofarnesio.com.br\\\/?p=280848\"},\"author\":{\"name\":\"Farn\u00e9sio\",\"@id\":\"https:\\\/\\\/blogdofarnesio.com.br\\\/#\\\/schema\\\/person\\\/301c4acf522bccbfdb45af95b5b906a1\"},\"headline\":\"Juazeiro registra 25 novos casos da Covid-19 neste s\u00e1bado\",\"datePublished\":\"2021-03-13T22:45:07+00:00\",\"mainEntityOfPage\":{\"@id\":\"https:\\\/\\\/blogdofarnesio.com.br\\\/?p=280848\"},\"wordCount\":287,\"publisher\":{\"@id\":\"https:\\\/\\\/blogdofarnesio.com.br\\\/#organization\"},\"image\":{\"@id\":\"https:\\\/\\\/blogdofarnesio.com.br\\\/?p=280848#primaryimage\"},\"thumbnailUrl\":\"https:\\\/\\\/blogdofarnesio.com.br\\\/wp-content\\\/uploads\\\/2021\\\/03\\\/Boletim-covid-13.03-Juazeiro-1-scaled-e1615675438152.jpg\",\"articleSection\":[\"Sa\u00fade\"],\"inLanguage\":\"pt-BR\"},{\"@type\":\"WebPage\",\"@id\":\"https:\\\/\\\/blogdofarnesio.com.br\\\/?p=280848\",\"url\":\"https:\\\/\\\/blogdofarnesio.com.br\\\/?p=280848\",\"name\":\"Juazeiro registra 25 novos casos da Covid-19 neste s\u00e1bado - Blog do Farn\u00e9sio\",\"isPartOf\":{\"@id\":\"https:\\\/\\\/blogdofarnesio.com.br\\\/#website\"},\"primaryImageOfPage\":{\"@id\":\"https:\\\/\\\/blogdofarnesio.com.br\\\/?p=280848#primaryimage\"},\"image\":{\"@id\":\"https:\\\/\\\/blogdofarnesio.com.br\\\/?p=280848#primaryimage\"},\"thumbnailUrl\":\"https:\\\/\\\/blogdofarnesio.com.br\\\/wp-content\\\/uploads\\\/2021\\\/03\\\/Boletim-covid-13.03-Juazeiro-1-scaled-e1615675438152.jpg\",\"datePublished\":\"2021-03-13T22:45:07+00:00\",\"breadcrumb\":{\"@id\":\"https:\\\/\\\/blogdofarnesio.com.br\\\/?p=280848#breadcrumb\"},\"inLanguage\":\"pt-BR\",\"potentialAction\":[{\"@type\":\"ReadAction\",\"target\":[\"https:\\\/\\\/blogdofarnesio.com.br\\\/?p=280848\"]}]},{\"@type\":\"ImageObject\",\"inLanguage\":\"pt-BR\",\"@id\":\"https:\\\/\\\/blogdofarnesio.com.br\\\/?p=280848#primaryimage\",\"url\":\"https:\\\/\\\/blogdofarnesio.com.br\\\/wp-content\\\/uploads\\\/2021\\\/03\\\/Boletim-covid-13.03-Juazeiro-1-scaled-e1615675438152.jpg\",\"contentUrl\":\"https:\\\/\\\/blogdofarnesio.com.br\\\/wp-content\\\/uploads\\\/2021\\\/03\\\/Boletim-covid-13.03-Juazeiro-1-scaled-e1615675438152.jpg\",\"width\":560,\"height\":431},{\"@type\":\"BreadcrumbList\",\"@id\":\"https:\\\/\\\/blogdofarnesio.com.br\\\/?p=280848#breadcrumb\",\"itemListElement\":[{\"@type\":\"ListItem\",\"position\":1,\"name\":\"In\u00edcio\",\"item\":\"https:\\\/\\\/blogdofarnesio.com.br\\\/\"},{\"@type\":\"ListItem\",\"position\":2,\"name\":\"Juazeiro registra 25 novos casos da Covid-19 neste s\u00e1bado\"}]},{\"@type\":\"WebSite\",\"@id\":\"https:\\\/\\\/blogdofarnesio.com.br\\\/#website\",\"url\":\"https:\\\/\\\/blogdofarnesio.com.br\\\/\",\"name\":\"Blog do Farn\u00e9sio\",\"description\":\"Quer Saber Pol\u00edtica?\",\"publisher\":{\"@id\":\"https:\\\/\\\/blogdofarnesio.com.br\\\/#organization\"},\"potentialAction\":[{\"@type\":\"SearchAction\",\"target\":{\"@type\":\"EntryPoint\",\"urlTemplate\":\"https:\\\/\\\/blogdofarnesio.com.br\\\/?s={search_term_string}\"},\"query-input\":{\"@type\":\"PropertyValueSpecification\",\"valueRequired\":true,\"valueName\":\"search_term_string\"}}],\"inLanguage\":\"pt-BR\"},{\"@type\":\"Organization\",\"@id\":\"https:\\\/\\\/blogdofarnesio.com.br\\\/#organization\",\"name\":\"Blog do Farn\u00e9sio\",\"url\":\"https:\\\/\\\/blogdofarnesio.com.br\\\/\",\"logo\":{\"@type\":\"ImageObject\",\"inLanguage\":\"pt-BR\",\"@id\":\"https:\\\/\\\/blogdofarnesio.com.br\\\/#\\\/schema\\\/logo\\\/image\\\/\",\"url\":\"https:\\\/\\\/blogdofarnesio.com.br\\\/wp-content\\\/uploads\\\/2026\\\/03\\\/cropped-logo_new-1.png\",\"contentUrl\":\"https:\\\/\\\/blogdofarnesio.com.br\\\/wp-content\\\/uploads\\\/2026\\\/03\\\/cropped-logo_new-1.png\",\"width\":881,\"height\":685,\"caption\":\"Blog do Farn\u00e9sio\"},\"image\":{\"@id\":\"https:\\\/\\\/blogdofarnesio.com.br\\\/#\\\/schema\\\/logo\\\/image\\\/\"},\"sameAs\":[\"https:\\\/\\\/www.facebook.com\\\/BlogQuerSaberPolitica\\\/\"]},{\"@type\":\"Person\",\"@id\":\"https:\\\/\\\/blogdofarnesio.com.br\\\/#\\\/schema\\\/person\\\/301c4acf522bccbfdb45af95b5b906a1\",\"name\":\"Farn\u00e9sio\",\"image\":{\"@type\":\"ImageObject\",\"inLanguage\":\"pt-BR\",\"@id\":\"https:\\\/\\\/secure.gravatar.com\\\/avatar\\\/df0c9a14567c056f8ad6876ba5bbd1e3e2c48023eb6807342fc4663adf549f38?s=96&d=mm&r=g\",\"url\":\"https:\\\/\\\/secure.gravatar.com\\\/avatar\\\/df0c9a14567c056f8ad6876ba5bbd1e3e2c48023eb6807342fc4663adf549f38?s=96&d=mm&r=g\",\"contentUrl\":\"https:\\\/\\\/secure.gravatar.com\\\/avatar\\\/df0c9a14567c056f8ad6876ba5bbd1e3e2c48023eb6807342fc4663adf549f38?s=96&d=mm&r=g\",\"caption\":\"Farn\u00e9sio\"},\"sameAs\":[\"https:\\\/\\\/quersaberpolitica.com.br\"],\"url\":\"https:\\\/\\\/blogdofarnesio.com.br\\\/?author=1\"}]}<\/script>\n<!-- \/ Yoast SEO plugin. -->","yoast_head_json":{"title":"Juazeiro registra 25 novos casos da Covid-19 neste s\u00e1bado - Blog do Farn\u00e9sio","robots":{"index":"index","follow":"follow","max-snippet":"max-snippet:-1","max-image-preview":"max-image-preview:large","max-video-preview":"max-video-preview:-1"},"canonical":"https:\/\/blogdofarnesio.com.br\/?p=280848","og_locale":"pt_BR","og_type":"article","og_title":"Juazeiro registra 25 novos casos da Covid-19 neste s\u00e1bado - Blog do Farn\u00e9sio","og_description":"Juazeiro registrou 25 novos casos da doen\u00e7a nas \u00faltimas 24 horas. A informa\u00e7\u00e3o est\u00e1 no boletim epidemiol\u00f3gico da Secretaria Municipal de Sa\u00fade deste s\u00e1bado (13). O levantamento mostra que 10.184 moradores foram infectados desde o in\u00edcio da pandemia na cidade, dos quais 8.130 j\u00e1 est\u00e3o recuperados. Os casos descartados somam 20.290. S\u00e3o 1.877 casos ativos do novo coronav\u00edrus. N\u00e3o foi registrado nenhum \u00f3bito por complica\u00e7\u00f5es da Covid-19 no boletim deste s\u00e1bado. Sendo assim, Juazeiro permanece com o total de 177 mortes. Foram realizados desde o in\u00edcio da pandemia 27.517 testes r\u00e1pidos pela prefeitura e 1.384 pelo Lacen, em Salvador. Ocupa\u00e7\u00e3o de leitos Dos internados regulados somente pela rede municipal, houve altera\u00e7\u00e3o nas \u00faltimas 24 horas. Na rede hospitalar, o percentual&hellip;","og_url":"https:\/\/blogdofarnesio.com.br\/?p=280848","og_site_name":"Blog do Farn\u00e9sio","article_publisher":"https:\/\/www.facebook.com\/BlogQuerSaberPolitica\/","article_published_time":"2021-03-13T22:45:07+00:00","og_image":[{"width":560,"height":431,"url":"https:\/\/blogdofarnesio.com.br\/wp-content\/uploads\/2021\/03\/Boletim-covid-13.03-Juazeiro-1-scaled-e1615675438152.jpg","type":"image\/jpeg"}],"author":"Farn\u00e9sio","twitter_card":"summary_large_image","twitter_misc":{"Escrito por":"Farn\u00e9sio","Est. tempo de leitura":"1 minuto"},"schema":{"@context":"https:\/\/schema.org","@graph":[{"@type":"Article","@id":"https:\/\/blogdofarnesio.com.br\/?p=280848#article","isPartOf":{"@id":"https:\/\/blogdofarnesio.com.br\/?p=280848"},"author":{"name":"Farn\u00e9sio","@id":"https:\/\/blogdofarnesio.com.br\/#\/schema\/person\/301c4acf522bccbfdb45af95b5b906a1"},"headline":"Juazeiro registra 25 novos casos da Covid-19 neste s\u00e1bado","datePublished":"2021-03-13T22:45:07+00:00","mainEntityOfPage":{"@id":"https:\/\/blogdofarnesio.com.br\/?p=280848"},"wordCount":287,"publisher":{"@id":"https:\/\/blogdofarnesio.com.br\/#organization"},"image":{"@id":"https:\/\/blogdofarnesio.com.br\/?p=280848#primaryimage"},"thumbnailUrl":"https:\/\/blogdofarnesio.com.br\/wp-content\/uploads\/2021\/03\/Boletim-covid-13.03-Juazeiro-1-scaled-e1615675438152.jpg","articleSection":["Sa\u00fade"],"inLanguage":"pt-BR"},{"@type":"WebPage","@id":"https:\/\/blogdofarnesio.com.br\/?p=280848","url":"https:\/\/blogdofarnesio.com.br\/?p=280848","name":"Juazeiro registra 25 novos casos da Covid-19 neste s\u00e1bado - Blog do Farn\u00e9sio","isPartOf":{"@id":"https:\/\/blogdofarnesio.com.br\/#website"},"primaryImageOfPage":{"@id":"https:\/\/blogdofarnesio.com.br\/?p=280848#primaryimage"},"image":{"@id":"https:\/\/blogdofarnesio.com.br\/?p=280848#primaryimage"},"thumbnailUrl":"https:\/\/blogdofarnesio.com.br\/wp-content\/uploads\/2021\/03\/Boletim-covid-13.03-Juazeiro-1-scaled-e1615675438152.jpg","datePublished":"2021-03-13T22:45:07+00:00","breadcrumb":{"@id":"https:\/\/blogdofarnesio.com.br\/?p=280848#breadcrumb"},"inLanguage":"pt-BR","potentialAction":[{"@type":"ReadAction","target":["https:\/\/blogdofarnesio.com.br\/?p=280848"]}]},{"@type":"ImageObject","inLanguage":"pt-BR","@id":"https:\/\/blogdofarnesio.com.br\/?p=280848#primaryimage","url":"https:\/\/blogdofarnesio.com.br\/wp-content\/uploads\/2021\/03\/Boletim-covid-13.03-Juazeiro-1-scaled-e1615675438152.jpg","contentUrl":"https:\/\/blogdofarnesio.com.br\/wp-content\/uploads\/2021\/03\/Boletim-covid-13.03-Juazeiro-1-scaled-e1615675438152.jpg","width":560,"height":431},{"@type":"BreadcrumbList","@id":"https:\/\/blogdofarnesio.com.br\/?p=280848#breadcrumb","itemListElement":[{"@type":"ListItem","position":1,"name":"In\u00edcio","item":"https:\/\/blogdofarnesio.com.br\/"},{"@type":"ListItem","position":2,"name":"Juazeiro registra 25 novos casos da Covid-19 neste s\u00e1bado"}]},{"@type":"WebSite","@id":"https:\/\/blogdofarnesio.com.br\/#website","url":"https:\/\/blogdofarnesio.com.br\/","name":"Blog do Farn\u00e9sio","description":"Quer Saber Pol\u00edtica?","publisher":{"@id":"https:\/\/blogdofarnesio.com.br\/#organization"},"potentialAction":[{"@type":"SearchAction","target":{"@type":"EntryPoint","urlTemplate":"https:\/\/blogdofarnesio.com.br\/?s={search_term_string}"},"query-input":{"@type":"PropertyValueSpecification","valueRequired":true,"valueName":"search_term_string"}}],"inLanguage":"pt-BR"},{"@type":"Organization","@id":"https:\/\/blogdofarnesio.com.br\/#organization","name":"Blog do Farn\u00e9sio","url":"https:\/\/blogdofarnesio.com.br\/","logo":{"@type":"ImageObject","inLanguage":"pt-BR","@id":"https:\/\/blogdofarnesio.com.br\/#\/schema\/logo\/image\/","url":"https:\/\/blogdofarnesio.com.br\/wp-content\/uploads\/2026\/03\/cropped-logo_new-1.png","contentUrl":"https:\/\/blogdofarnesio.com.br\/wp-content\/uploads\/2026\/03\/cropped-logo_new-1.png","width":881,"height":685,"caption":"Blog do Farn\u00e9sio"},"image":{"@id":"https:\/\/blogdofarnesio.com.br\/#\/schema\/logo\/image\/"},"sameAs":["https:\/\/www.facebook.com\/BlogQuerSaberPolitica\/"]},{"@type":"Person","@id":"https:\/\/blogdofarnesio.com.br\/#\/schema\/person\/301c4acf522bccbfdb45af95b5b906a1","name":"Farn\u00e9sio","image":{"@type":"ImageObject","inLanguage":"pt-BR","@id":"https:\/\/secure.gravatar.com\/avatar\/df0c9a14567c056f8ad6876ba5bbd1e3e2c48023eb6807342fc4663adf549f38?s=96&d=mm&r=g","url":"https:\/\/secure.gravatar.com\/avatar\/df0c9a14567c056f8ad6876ba5bbd1e3e2c48023eb6807342fc4663adf549f38?s=96&d=mm&r=g","contentUrl":"https:\/\/secure.gravatar.com\/avatar\/df0c9a14567c056f8ad6876ba5bbd1e3e2c48023eb6807342fc4663adf549f38?s=96&d=mm&r=g","caption":"Farn\u00e9sio"},"sameAs":["https:\/\/quersaberpolitica.com.br"],"url":"https:\/\/blogdofarnesio.com.br\/?author=1"}]}},"_links":{"self":[{"href":"https:\/\/blogdofarnesio.com.br\/index.php?rest_route=\/wp\/v2\/posts\/280848","targetHints":{"allow":["GET"]}}],"collection":[{"href":"https:\/\/blogdofarnesio.com.br\/index.php?rest_route=\/wp\/v2\/posts"}],"about":[{"href":"https:\/\/blogdofarnesio.com.br\/index.php?rest_route=\/wp\/v2\/types\/post"}],"author":[{"embeddable":true,"href":"https:\/\/blogdofarnesio.com.br\/index.php?rest_route=\/wp\/v2\/users\/1"}],"replies":[{"embeddable":true,"href":"https:\/\/blogdofarnesio.com.br\/index.php?rest_route=%2Fwp%2Fv2%2Fcomments&post=280848"}],"version-history":[{"count":0,"href":"https:\/\/blogdofarnesio.com.br\/index.php?rest_route=\/wp\/v2\/posts\/280848\/revisions"}],"wp:featuredmedia":[{"embeddable":true,"href":"https:\/\/blogdofarnesio.com.br\/index.php?rest_route=\/wp\/v2\/media\/280850"}],"wp:attachment":[{"href":"https:\/\/blogdofarnesio.com.br\/index.php?rest_route=%2Fwp%2Fv2%2Fmedia&parent=280848"}],"wp:term":[{"taxonomy":"category","embeddable":true,"href":"https:\/\/blogdofarnesio.com.br\/index.php?rest_route=%2Fwp%2Fv2%2Fcategories&post=280848"},{"taxonomy":"post_tag","embeddable":true,"href":"https:\/\/blogdofarnesio.com.br\/index.php?rest_route=%2Fwp%2Fv2%2Ftags&post=280848"}],"curies":[{"name":"wp","href":"https:\/\/api.w.org\/{rel}","templated":true}]}}