{"id":280807,"date":"2021-03-13T14:00:47","date_gmt":"2021-03-13T17:00:47","guid":{"rendered":"http:\/\/quersaberpolitica.com.br\/2016\/?p=280807"},"modified":"2021-03-13T11:35:52","modified_gmt":"2021-03-13T14:35:52","slug":"shows-in-live-neste-sabado-13-na-programacao-do-festival-umbuzada-q-sonora","status":"publish","type":"post","link":"https:\/\/blogdofarnesio.com.br\/?p=280807","title":{"rendered":"Shows in Live neste s\u00e1bado (13) na programa\u00e7\u00e3o do Festival Umbuzada +Q Sonora"},"content":{"rendered":"<p><strong>\u00a0<\/strong><em>Atra\u00e7\u00f5es s\u00e3o: Arnaldo Antunes, Gilsons, A Trupe Poligod\u00e9lica e Matingueiros\u00a0<\/em><\/p>\n<p>Uma noite para ficar na hist\u00f3ria do Festival Umbuzada +Q Sonora. Neste s\u00e1bado (13), o p\u00fablico vai poder conferir os shows, mais que esperados, dos artistas regionais e nacionais que ir\u00e3o se apresentar da 8\u00aa edi\u00e7\u00e3o do festival.<\/p>\n<p>O Umbuzada +Q Sonora acontece em Juazeiro-BA desde 2010 e firmou-se como um dos principais festivais de m\u00fasica independente do interior nordestino. Este ano o festival precisou se adaptar as mudan\u00e7as impostas pela pandemia da Covid-19 e se projetou nos meios virtuais. O Umbuzada tamb\u00e9m ganhou uma nova vers\u00e3o, expandindo para outras linguagens culturais al\u00e9m da m\u00fasica, como as artes gr\u00e1ficas e audiovisuais. No entanto, os shows, com estilos musicais diversificados, continuam sendo o ponto alto do festival.<\/p>\n<p>Dos palcos diretamente para as redes socias. Ser\u00e1 assim que os amantes do Umbuzada v\u00e3o curtir os shows que encerram a programa\u00e7\u00e3o cultural. As\u00a0<em>Lives<\/em>\u00a0come\u00e7am as 20h deste s\u00e1bado (13) com uma apresenta\u00e7\u00e3o de tirar o f\u00f4lego.\u00a0<strong>Arnaldo Antunes, Gilsons, A Trupe Poligod\u00e9lica e Matingueiros,<\/strong> prepararam repert\u00f3rios especiais para as apresenta\u00e7\u00f5es no Umbuzada 2021.<\/p>\n<p>Com a apresenta\u00e7\u00e3o dos jornalistas,\u00a0<strong>Isabella Ornellas e Janko Moura<\/strong>, os\u00a0<em>shows<\/em> locais foram gravados no est\u00fadio da Rede VC TV. A transmiss\u00e3o ser\u00e1 pelo YouTube nos canais festivalumbuzadasonora e redevocetv\u00a0e pretende levar aos internautas toda a emo\u00e7\u00e3o, divers\u00e3o e informa\u00e7\u00f5es da 8\u00aa edi\u00e7\u00e3o do festival.<\/p>\n<p><strong>Show in Live dos Matingueiros<img loading=\"lazy\" decoding=\"async\" class=\"aligncenter size-medium wp-image-280808\" src=\"http:\/\/quersaberpolitica.com.br\/2016\/wp-content\/uploads\/2021\/03\/matingueiros-300x300.jpg\" alt=\"\" width=\"300\" height=\"300\" srcset=\"https:\/\/blogdofarnesio.com.br\/wp-content\/uploads\/2021\/03\/matingueiros-300x300.jpg 300w, https:\/\/blogdofarnesio.com.br\/wp-content\/uploads\/2021\/03\/matingueiros-1024x1024.jpg 1024w, https:\/\/blogdofarnesio.com.br\/wp-content\/uploads\/2021\/03\/matingueiros-150x150.jpg 150w, https:\/\/blogdofarnesio.com.br\/wp-content\/uploads\/2021\/03\/matingueiros-768x768.jpg 768w, https:\/\/blogdofarnesio.com.br\/wp-content\/uploads\/2021\/03\/matingueiros-360x360.jpg 360w, https:\/\/blogdofarnesio.com.br\/wp-content\/uploads\/2021\/03\/matingueiros-750x750.jpg 750w, https:\/\/blogdofarnesio.com.br\/wp-content\/uploads\/2021\/03\/matingueiros-60x60.jpg 60w, https:\/\/blogdofarnesio.com.br\/wp-content\/uploads\/2021\/03\/matingueiros-200x200.jpg 200w, https:\/\/blogdofarnesio.com.br\/wp-content\/uploads\/2021\/03\/matingueiros.jpg 1080w\" sizes=\"auto, (max-width: 300px) 100vw, 300px\" \/><br \/>\n<\/strong><\/p>\n<p>Ao longo dos mais de 20 anos de hist\u00f3ria, o grupo Matingueiros sempre pontuou em seus \u00e1lbuns uma mescla de can\u00e7\u00f5es dan\u00e7antes entre outras prazerosas, raramente tocadas ao vivo, em virtude da natureza alegre das festas populares e da riqueza r\u00edtmica que o bal\u00e9 Matingueiros sempre inspirou.<\/p>\n<p>O intimismo compuls\u00f3rio reduziu uma banda de oito m\u00fasicos num trio. Piano, baixo e percuss\u00e3o foi um formato quase que inevit\u00e1vel, pelas possibilidades de adaptar as harmonias e solos do repert\u00f3rio. Este show, em particular, traz as can\u00e7\u00f5es l\u00fagubres, in\u00e9ditas no palco, entre aquelas mais tocadas.<\/p>\n<p><strong>Show in Live dos Gilsons\u00a0<\/strong><\/p>\n<p>Cercados de m\u00fasica desde que nasceram, Francisco, Jo\u00e3o e Jos\u00e9 Gil que carregam simplicidade e imensa responsabilidade no nome, chegam para mostrar que est\u00e3o prontos para assumir legado, de forma original e com muita personalidade, com seu novo projeto, Gilsons. O trio formado por Francisco Gil, Jo\u00e3o Gil (viol\u00e3o), Jos\u00e9 Gil teve o primeiro EP lan\u00e7ado em outubro passado com influ\u00eancias de MPB, samba, POP e at\u00e9 eletr\u00f4nico.<\/p>\n<p><strong>Show in Live da Trupe Poligod\u00e9lica\u00a0<\/strong><\/p>\n<p>Com ra\u00edzes no Vale do S\u00e3o Francisco, a Trupe Poligod\u00e9lica surge trazendo um<br \/>\nritmo que embala todos os sentidos dos corpos que os ouvem. A Trupe traz um som que, ao mesmo tempo \u00e9 dan\u00e7ante e envolvente, incita a reflex\u00e3o do ouvinte. A sonoridade do grupo \u00e9 influenciada por v\u00e1rias vertentes da m\u00fasica popular brasileira e internacional. Vamos prestigiar o som de Fatel, Ciro, Alvin, Fellipe e Vict\u00f3ria.<\/p>\n<p><strong>Show in Live da Arnaldo Antunes <img loading=\"lazy\" decoding=\"async\" class=\"aligncenter size-medium wp-image-280809\" src=\"http:\/\/quersaberpolitica.com.br\/2016\/wp-content\/uploads\/2021\/03\/arnaldo-e-vitor-300x300.jpg\" alt=\"\" width=\"300\" height=\"300\" srcset=\"https:\/\/blogdofarnesio.com.br\/wp-content\/uploads\/2021\/03\/arnaldo-e-vitor-300x300.jpg 300w, https:\/\/blogdofarnesio.com.br\/wp-content\/uploads\/2021\/03\/arnaldo-e-vitor-1024x1024.jpg 1024w, https:\/\/blogdofarnesio.com.br\/wp-content\/uploads\/2021\/03\/arnaldo-e-vitor-150x150.jpg 150w, https:\/\/blogdofarnesio.com.br\/wp-content\/uploads\/2021\/03\/arnaldo-e-vitor-768x768.jpg 768w, https:\/\/blogdofarnesio.com.br\/wp-content\/uploads\/2021\/03\/arnaldo-e-vitor-360x360.jpg 360w, https:\/\/blogdofarnesio.com.br\/wp-content\/uploads\/2021\/03\/arnaldo-e-vitor-750x750.jpg 750w, https:\/\/blogdofarnesio.com.br\/wp-content\/uploads\/2021\/03\/arnaldo-e-vitor-60x60.jpg 60w, https:\/\/blogdofarnesio.com.br\/wp-content\/uploads\/2021\/03\/arnaldo-e-vitor-200x200.jpg 200w, https:\/\/blogdofarnesio.com.br\/wp-content\/uploads\/2021\/03\/arnaldo-e-vitor.jpg 1080w\" sizes=\"auto, (max-width: 300px) 100vw, 300px\" \/><\/strong><\/p>\n<p>Para este show, Arnaldo Antunes preparou uma configura\u00e7\u00e3o com a qual nunca havia se apresentado anteriormente.<\/p>\n<p>Acompanhado apenas de um piano, alternando as can\u00e7\u00f5es do novo \u00e1lbum com outras de v\u00e1rias fases de sua carreira, com poemas falados, entoados, sussurrados, filtrados por efeitos. Arnaldo ser\u00e1 acompanhado do jovem m\u00fasico pernambucano, Vitor Ara\u00fajo, que traz para esse encontro toda a sua inventividade e sutileza, uma forma\u00e7\u00e3o m\u00ednima, mas que explora ao m\u00e1ximo seu repert\u00f3rio, passeando por composi\u00e7\u00f5es de todas as \u00e9pocas dos seus 37 anos de carreira solo.<\/p>\n<p>\u201cEu quero convidar voc\u00eas pra assistirem a mais uma Live que eu gravei com Vitor Ara\u00fajo no piano. Do Real Ao Vivo, que \u00e9 o meu novo trabalho.<\/p>\n<p>Esse show, que a gente n\u00e3o pode fazer at\u00e9 agora, mas que a gente j\u00e1 fez algumas Lives e dessa vez vai ser no Festival Umbuzada e vai passar no canal de YouTube deles\u201d, convidou Arnaldo atrav\u00e9s das redes sociais.<\/p>\n<p>O projeto realizado pela Conspiradoria e pela Maquin\u00e1rio, com produ\u00e7\u00e3o associada do Coletivo Colet\u00e2nea, tem o apoio do Oi Futuro e patroc\u00ednio da Oi e do Governo da Bahia, atrav\u00e9s do Fazcultura, Secretaria da Fazenda e Secretaria da Cultura.<\/p>\n<p>O Umbuzada Sonora acontece em Juazeiro-BA desde 2010 e firmou-se como um dos principais festivais de m\u00fasica independente do interior nordestino. \u00a0A \u00faltima edi\u00e7\u00e3o aconteceu em 2017 e a oitava, que estava programada para ser realizada no ano passado, foi adiada devido \u00e0 pandemia da Covid-19.<\/p>\n<p>Em 2021 o festival voltou com um novo formato e outras linguagens culturais, presando sempre pela alta qualidade e diversidade.<\/p>\n<p><strong><em>Programa\u00e7\u00e3o: \u00a0<\/em><\/strong><\/p>\n<p><strong>13\/03 \u2013 20h00<\/strong>\u00a0&#8211;\u00a0<strong><em>SHOWS IN LIVE<\/em><\/strong>\u00a0\u2013 ORDEM DE APRESENTA\u00c7\u00c3O<\/p>\n<p>MATINGUEIROS<\/p>\n<p>GILSONS<\/p>\n<p>A TRUPEPOLIGOD\u00c9LICA<\/p>\n<p>ARNALDO ANTUNES<\/p>\n<p>&nbsp;<\/p>\n<p><strong>Servi\u00e7o:\u00a0<\/strong><\/p>\n<p><strong>Festival Umbuzada +Q Sonora\u00a0<\/strong><\/p>\n<p>Data: 13 de mar\u00e7o de 2021<\/p>\n<p>Formato:\u00a0<em>online\u00a0<\/em><\/p>\n<p>Youtube: festivalumbuzadasonora\u00a0e redevocetv<\/p>\n<p>&nbsp;<\/p>\n","protected":false},"excerpt":{"rendered":"<p>\u00a0Atra\u00e7\u00f5es s\u00e3o: Arnaldo Antunes, Gilsons, A Trupe Poligod\u00e9lica e Matingueiros\u00a0 Uma noite para ficar na hist\u00f3ria do Festival Umbuzada +Q Sonora. Neste s\u00e1bado (13), o p\u00fablico vai poder conferir os shows, mais que esperados, dos artistas regionais e nacionais que ir\u00e3o se apresentar da 8\u00aa edi\u00e7\u00e3o do festival. O Umbuzada +Q Sonora acontece em Juazeiro-BA desde 2010 e firmou-se como um dos principais festivais de m\u00fasica independente do interior nordestino. Este ano o festival precisou se adaptar as mudan\u00e7as impostas pela pandemia da Covid-19 e se projetou nos meios virtuais. O Umbuzada tamb\u00e9m ganhou uma nova vers\u00e3o, expandindo para outras linguagens culturais al\u00e9m da m\u00fasica, como as artes gr\u00e1ficas e audiovisuais. No entanto, os shows, com estilos musicais diversificados, continuam&hellip; <\/p>\n","protected":false},"author":1,"featured_media":280808,"comment_status":"closed","ping_status":"closed","sticky":false,"template":"","format":"standard","meta":{"_acf_changed":false,"footnotes":""},"categories":[10],"tags":[],"class_list":["post-280807","post","type-post","status-publish","format-standard","has-post-thumbnail","hentry","category-cultura"],"acf":[],"yoast_head":"<!-- This site is optimized with the Yoast SEO plugin v27.4 - https:\/\/yoast.com\/product\/yoast-seo-wordpress\/ -->\n<title>Shows in Live neste s\u00e1bado (13) na programa\u00e7\u00e3o do Festival Umbuzada +Q Sonora - Blog do Farn\u00e9sio<\/title>\n<meta name=\"robots\" content=\"index, follow, max-snippet:-1, max-image-preview:large, max-video-preview:-1\" \/>\n<link rel=\"canonical\" href=\"https:\/\/blogdofarnesio.com.br\/?p=280807\" \/>\n<meta property=\"og:locale\" content=\"pt_BR\" \/>\n<meta property=\"og:type\" content=\"article\" \/>\n<meta property=\"og:title\" content=\"Shows in Live neste s\u00e1bado (13) na programa\u00e7\u00e3o do Festival Umbuzada +Q Sonora - Blog do Farn\u00e9sio\" \/>\n<meta property=\"og:description\" content=\"\u00a0Atra\u00e7\u00f5es s\u00e3o: Arnaldo Antunes, Gilsons, A Trupe Poligod\u00e9lica e Matingueiros\u00a0 Uma noite para ficar na hist\u00f3ria do Festival Umbuzada +Q Sonora. Neste s\u00e1bado (13), o p\u00fablico vai poder conferir os shows, mais que esperados, dos artistas regionais e nacionais que ir\u00e3o se apresentar da 8\u00aa edi\u00e7\u00e3o do festival. O Umbuzada +Q Sonora acontece em Juazeiro-BA desde 2010 e firmou-se como um dos principais festivais de m\u00fasica independente do interior nordestino. Este ano o festival precisou se adaptar as mudan\u00e7as impostas pela pandemia da Covid-19 e se projetou nos meios virtuais. O Umbuzada tamb\u00e9m ganhou uma nova vers\u00e3o, expandindo para outras linguagens culturais al\u00e9m da m\u00fasica, como as artes gr\u00e1ficas e audiovisuais. No entanto, os shows, com estilos musicais diversificados, continuam&hellip;\" \/>\n<meta property=\"og:url\" content=\"https:\/\/blogdofarnesio.com.br\/?p=280807\" \/>\n<meta property=\"og:site_name\" content=\"Blog do Farn\u00e9sio\" \/>\n<meta property=\"article:publisher\" content=\"https:\/\/www.facebook.com\/BlogQuerSaberPolitica\/\" \/>\n<meta property=\"article:published_time\" content=\"2021-03-13T17:00:47+00:00\" \/>\n<meta property=\"og:image\" content=\"https:\/\/blogdofarnesio.com.br\/wp-content\/uploads\/2021\/03\/matingueiros.jpg\" \/>\n\t<meta property=\"og:image:width\" content=\"1080\" \/>\n\t<meta property=\"og:image:height\" content=\"1080\" \/>\n\t<meta property=\"og:image:type\" content=\"image\/jpeg\" \/>\n<meta name=\"author\" content=\"Farn\u00e9sio\" \/>\n<meta name=\"twitter:card\" content=\"summary_large_image\" \/>\n<meta name=\"twitter:label1\" content=\"Escrito por\" \/>\n\t<meta name=\"twitter:data1\" content=\"Farn\u00e9sio\" \/>\n\t<meta name=\"twitter:label2\" content=\"Est. tempo de leitura\" \/>\n\t<meta name=\"twitter:data2\" content=\"4 minutos\" \/>\n<script type=\"application\/ld+json\" class=\"yoast-schema-graph\">{\"@context\":\"https:\\\/\\\/schema.org\",\"@graph\":[{\"@type\":\"Article\",\"@id\":\"https:\\\/\\\/blogdofarnesio.com.br\\\/?p=280807#article\",\"isPartOf\":{\"@id\":\"https:\\\/\\\/blogdofarnesio.com.br\\\/?p=280807\"},\"author\":{\"name\":\"Farn\u00e9sio\",\"@id\":\"https:\\\/\\\/blogdofarnesio.com.br\\\/#\\\/schema\\\/person\\\/301c4acf522bccbfdb45af95b5b906a1\"},\"headline\":\"Shows in Live neste s\u00e1bado (13) na programa\u00e7\u00e3o do Festival Umbuzada +Q Sonora\",\"datePublished\":\"2021-03-13T17:00:47+00:00\",\"mainEntityOfPage\":{\"@id\":\"https:\\\/\\\/blogdofarnesio.com.br\\\/?p=280807\"},\"wordCount\":856,\"publisher\":{\"@id\":\"https:\\\/\\\/blogdofarnesio.com.br\\\/#organization\"},\"image\":{\"@id\":\"https:\\\/\\\/blogdofarnesio.com.br\\\/?p=280807#primaryimage\"},\"thumbnailUrl\":\"https:\\\/\\\/blogdofarnesio.com.br\\\/wp-content\\\/uploads\\\/2021\\\/03\\\/matingueiros.jpg\",\"articleSection\":[\"Cultura\"],\"inLanguage\":\"pt-BR\"},{\"@type\":\"WebPage\",\"@id\":\"https:\\\/\\\/blogdofarnesio.com.br\\\/?p=280807\",\"url\":\"https:\\\/\\\/blogdofarnesio.com.br\\\/?p=280807\",\"name\":\"Shows in Live neste s\u00e1bado (13) na programa\u00e7\u00e3o do Festival Umbuzada +Q Sonora - Blog do Farn\u00e9sio\",\"isPartOf\":{\"@id\":\"https:\\\/\\\/blogdofarnesio.com.br\\\/#website\"},\"primaryImageOfPage\":{\"@id\":\"https:\\\/\\\/blogdofarnesio.com.br\\\/?p=280807#primaryimage\"},\"image\":{\"@id\":\"https:\\\/\\\/blogdofarnesio.com.br\\\/?p=280807#primaryimage\"},\"thumbnailUrl\":\"https:\\\/\\\/blogdofarnesio.com.br\\\/wp-content\\\/uploads\\\/2021\\\/03\\\/matingueiros.jpg\",\"datePublished\":\"2021-03-13T17:00:47+00:00\",\"breadcrumb\":{\"@id\":\"https:\\\/\\\/blogdofarnesio.com.br\\\/?p=280807#breadcrumb\"},\"inLanguage\":\"pt-BR\",\"potentialAction\":[{\"@type\":\"ReadAction\",\"target\":[\"https:\\\/\\\/blogdofarnesio.com.br\\\/?p=280807\"]}]},{\"@type\":\"ImageObject\",\"inLanguage\":\"pt-BR\",\"@id\":\"https:\\\/\\\/blogdofarnesio.com.br\\\/?p=280807#primaryimage\",\"url\":\"https:\\\/\\\/blogdofarnesio.com.br\\\/wp-content\\\/uploads\\\/2021\\\/03\\\/matingueiros.jpg\",\"contentUrl\":\"https:\\\/\\\/blogdofarnesio.com.br\\\/wp-content\\\/uploads\\\/2021\\\/03\\\/matingueiros.jpg\",\"width\":1080,\"height\":1080},{\"@type\":\"BreadcrumbList\",\"@id\":\"https:\\\/\\\/blogdofarnesio.com.br\\\/?p=280807#breadcrumb\",\"itemListElement\":[{\"@type\":\"ListItem\",\"position\":1,\"name\":\"In\u00edcio\",\"item\":\"https:\\\/\\\/blogdofarnesio.com.br\\\/\"},{\"@type\":\"ListItem\",\"position\":2,\"name\":\"Shows in Live neste s\u00e1bado (13) na programa\u00e7\u00e3o do Festival Umbuzada +Q Sonora\"}]},{\"@type\":\"WebSite\",\"@id\":\"https:\\\/\\\/blogdofarnesio.com.br\\\/#website\",\"url\":\"https:\\\/\\\/blogdofarnesio.com.br\\\/\",\"name\":\"Blog do Farn\u00e9sio\",\"description\":\"Quer Saber Pol\u00edtica?\",\"publisher\":{\"@id\":\"https:\\\/\\\/blogdofarnesio.com.br\\\/#organization\"},\"potentialAction\":[{\"@type\":\"SearchAction\",\"target\":{\"@type\":\"EntryPoint\",\"urlTemplate\":\"https:\\\/\\\/blogdofarnesio.com.br\\\/?s={search_term_string}\"},\"query-input\":{\"@type\":\"PropertyValueSpecification\",\"valueRequired\":true,\"valueName\":\"search_term_string\"}}],\"inLanguage\":\"pt-BR\"},{\"@type\":\"Organization\",\"@id\":\"https:\\\/\\\/blogdofarnesio.com.br\\\/#organization\",\"name\":\"Blog do Farn\u00e9sio\",\"url\":\"https:\\\/\\\/blogdofarnesio.com.br\\\/\",\"logo\":{\"@type\":\"ImageObject\",\"inLanguage\":\"pt-BR\",\"@id\":\"https:\\\/\\\/blogdofarnesio.com.br\\\/#\\\/schema\\\/logo\\\/image\\\/\",\"url\":\"https:\\\/\\\/blogdofarnesio.com.br\\\/wp-content\\\/uploads\\\/2026\\\/03\\\/cropped-logo_new-1.png\",\"contentUrl\":\"https:\\\/\\\/blogdofarnesio.com.br\\\/wp-content\\\/uploads\\\/2026\\\/03\\\/cropped-logo_new-1.png\",\"width\":881,\"height\":685,\"caption\":\"Blog do Farn\u00e9sio\"},\"image\":{\"@id\":\"https:\\\/\\\/blogdofarnesio.com.br\\\/#\\\/schema\\\/logo\\\/image\\\/\"},\"sameAs\":[\"https:\\\/\\\/www.facebook.com\\\/BlogQuerSaberPolitica\\\/\"]},{\"@type\":\"Person\",\"@id\":\"https:\\\/\\\/blogdofarnesio.com.br\\\/#\\\/schema\\\/person\\\/301c4acf522bccbfdb45af95b5b906a1\",\"name\":\"Farn\u00e9sio\",\"image\":{\"@type\":\"ImageObject\",\"inLanguage\":\"pt-BR\",\"@id\":\"https:\\\/\\\/secure.gravatar.com\\\/avatar\\\/df0c9a14567c056f8ad6876ba5bbd1e3e2c48023eb6807342fc4663adf549f38?s=96&d=mm&r=g\",\"url\":\"https:\\\/\\\/secure.gravatar.com\\\/avatar\\\/df0c9a14567c056f8ad6876ba5bbd1e3e2c48023eb6807342fc4663adf549f38?s=96&d=mm&r=g\",\"contentUrl\":\"https:\\\/\\\/secure.gravatar.com\\\/avatar\\\/df0c9a14567c056f8ad6876ba5bbd1e3e2c48023eb6807342fc4663adf549f38?s=96&d=mm&r=g\",\"caption\":\"Farn\u00e9sio\"},\"sameAs\":[\"https:\\\/\\\/quersaberpolitica.com.br\"],\"url\":\"https:\\\/\\\/blogdofarnesio.com.br\\\/?author=1\"}]}<\/script>\n<!-- \/ Yoast SEO plugin. -->","yoast_head_json":{"title":"Shows in Live neste s\u00e1bado (13) na programa\u00e7\u00e3o do Festival Umbuzada +Q Sonora - Blog do Farn\u00e9sio","robots":{"index":"index","follow":"follow","max-snippet":"max-snippet:-1","max-image-preview":"max-image-preview:large","max-video-preview":"max-video-preview:-1"},"canonical":"https:\/\/blogdofarnesio.com.br\/?p=280807","og_locale":"pt_BR","og_type":"article","og_title":"Shows in Live neste s\u00e1bado (13) na programa\u00e7\u00e3o do Festival Umbuzada +Q Sonora - Blog do Farn\u00e9sio","og_description":"\u00a0Atra\u00e7\u00f5es s\u00e3o: Arnaldo Antunes, Gilsons, A Trupe Poligod\u00e9lica e Matingueiros\u00a0 Uma noite para ficar na hist\u00f3ria do Festival Umbuzada +Q Sonora. Neste s\u00e1bado (13), o p\u00fablico vai poder conferir os shows, mais que esperados, dos artistas regionais e nacionais que ir\u00e3o se apresentar da 8\u00aa edi\u00e7\u00e3o do festival. O Umbuzada +Q Sonora acontece em Juazeiro-BA desde 2010 e firmou-se como um dos principais festivais de m\u00fasica independente do interior nordestino. Este ano o festival precisou se adaptar as mudan\u00e7as impostas pela pandemia da Covid-19 e se projetou nos meios virtuais. O Umbuzada tamb\u00e9m ganhou uma nova vers\u00e3o, expandindo para outras linguagens culturais al\u00e9m da m\u00fasica, como as artes gr\u00e1ficas e audiovisuais. No entanto, os shows, com estilos musicais diversificados, continuam&hellip;","og_url":"https:\/\/blogdofarnesio.com.br\/?p=280807","og_site_name":"Blog do Farn\u00e9sio","article_publisher":"https:\/\/www.facebook.com\/BlogQuerSaberPolitica\/","article_published_time":"2021-03-13T17:00:47+00:00","og_image":[{"width":1080,"height":1080,"url":"https:\/\/blogdofarnesio.com.br\/wp-content\/uploads\/2021\/03\/matingueiros.jpg","type":"image\/jpeg"}],"author":"Farn\u00e9sio","twitter_card":"summary_large_image","twitter_misc":{"Escrito por":"Farn\u00e9sio","Est. tempo de leitura":"4 minutos"},"schema":{"@context":"https:\/\/schema.org","@graph":[{"@type":"Article","@id":"https:\/\/blogdofarnesio.com.br\/?p=280807#article","isPartOf":{"@id":"https:\/\/blogdofarnesio.com.br\/?p=280807"},"author":{"name":"Farn\u00e9sio","@id":"https:\/\/blogdofarnesio.com.br\/#\/schema\/person\/301c4acf522bccbfdb45af95b5b906a1"},"headline":"Shows in Live neste s\u00e1bado (13) na programa\u00e7\u00e3o do Festival Umbuzada +Q Sonora","datePublished":"2021-03-13T17:00:47+00:00","mainEntityOfPage":{"@id":"https:\/\/blogdofarnesio.com.br\/?p=280807"},"wordCount":856,"publisher":{"@id":"https:\/\/blogdofarnesio.com.br\/#organization"},"image":{"@id":"https:\/\/blogdofarnesio.com.br\/?p=280807#primaryimage"},"thumbnailUrl":"https:\/\/blogdofarnesio.com.br\/wp-content\/uploads\/2021\/03\/matingueiros.jpg","articleSection":["Cultura"],"inLanguage":"pt-BR"},{"@type":"WebPage","@id":"https:\/\/blogdofarnesio.com.br\/?p=280807","url":"https:\/\/blogdofarnesio.com.br\/?p=280807","name":"Shows in Live neste s\u00e1bado (13) na programa\u00e7\u00e3o do Festival Umbuzada +Q Sonora - Blog do Farn\u00e9sio","isPartOf":{"@id":"https:\/\/blogdofarnesio.com.br\/#website"},"primaryImageOfPage":{"@id":"https:\/\/blogdofarnesio.com.br\/?p=280807#primaryimage"},"image":{"@id":"https:\/\/blogdofarnesio.com.br\/?p=280807#primaryimage"},"thumbnailUrl":"https:\/\/blogdofarnesio.com.br\/wp-content\/uploads\/2021\/03\/matingueiros.jpg","datePublished":"2021-03-13T17:00:47+00:00","breadcrumb":{"@id":"https:\/\/blogdofarnesio.com.br\/?p=280807#breadcrumb"},"inLanguage":"pt-BR","potentialAction":[{"@type":"ReadAction","target":["https:\/\/blogdofarnesio.com.br\/?p=280807"]}]},{"@type":"ImageObject","inLanguage":"pt-BR","@id":"https:\/\/blogdofarnesio.com.br\/?p=280807#primaryimage","url":"https:\/\/blogdofarnesio.com.br\/wp-content\/uploads\/2021\/03\/matingueiros.jpg","contentUrl":"https:\/\/blogdofarnesio.com.br\/wp-content\/uploads\/2021\/03\/matingueiros.jpg","width":1080,"height":1080},{"@type":"BreadcrumbList","@id":"https:\/\/blogdofarnesio.com.br\/?p=280807#breadcrumb","itemListElement":[{"@type":"ListItem","position":1,"name":"In\u00edcio","item":"https:\/\/blogdofarnesio.com.br\/"},{"@type":"ListItem","position":2,"name":"Shows in Live neste s\u00e1bado (13) na programa\u00e7\u00e3o do Festival Umbuzada +Q Sonora"}]},{"@type":"WebSite","@id":"https:\/\/blogdofarnesio.com.br\/#website","url":"https:\/\/blogdofarnesio.com.br\/","name":"Blog do Farn\u00e9sio","description":"Quer Saber Pol\u00edtica?","publisher":{"@id":"https:\/\/blogdofarnesio.com.br\/#organization"},"potentialAction":[{"@type":"SearchAction","target":{"@type":"EntryPoint","urlTemplate":"https:\/\/blogdofarnesio.com.br\/?s={search_term_string}"},"query-input":{"@type":"PropertyValueSpecification","valueRequired":true,"valueName":"search_term_string"}}],"inLanguage":"pt-BR"},{"@type":"Organization","@id":"https:\/\/blogdofarnesio.com.br\/#organization","name":"Blog do Farn\u00e9sio","url":"https:\/\/blogdofarnesio.com.br\/","logo":{"@type":"ImageObject","inLanguage":"pt-BR","@id":"https:\/\/blogdofarnesio.com.br\/#\/schema\/logo\/image\/","url":"https:\/\/blogdofarnesio.com.br\/wp-content\/uploads\/2026\/03\/cropped-logo_new-1.png","contentUrl":"https:\/\/blogdofarnesio.com.br\/wp-content\/uploads\/2026\/03\/cropped-logo_new-1.png","width":881,"height":685,"caption":"Blog do Farn\u00e9sio"},"image":{"@id":"https:\/\/blogdofarnesio.com.br\/#\/schema\/logo\/image\/"},"sameAs":["https:\/\/www.facebook.com\/BlogQuerSaberPolitica\/"]},{"@type":"Person","@id":"https:\/\/blogdofarnesio.com.br\/#\/schema\/person\/301c4acf522bccbfdb45af95b5b906a1","name":"Farn\u00e9sio","image":{"@type":"ImageObject","inLanguage":"pt-BR","@id":"https:\/\/secure.gravatar.com\/avatar\/df0c9a14567c056f8ad6876ba5bbd1e3e2c48023eb6807342fc4663adf549f38?s=96&d=mm&r=g","url":"https:\/\/secure.gravatar.com\/avatar\/df0c9a14567c056f8ad6876ba5bbd1e3e2c48023eb6807342fc4663adf549f38?s=96&d=mm&r=g","contentUrl":"https:\/\/secure.gravatar.com\/avatar\/df0c9a14567c056f8ad6876ba5bbd1e3e2c48023eb6807342fc4663adf549f38?s=96&d=mm&r=g","caption":"Farn\u00e9sio"},"sameAs":["https:\/\/quersaberpolitica.com.br"],"url":"https:\/\/blogdofarnesio.com.br\/?author=1"}]}},"_links":{"self":[{"href":"https:\/\/blogdofarnesio.com.br\/index.php?rest_route=\/wp\/v2\/posts\/280807","targetHints":{"allow":["GET"]}}],"collection":[{"href":"https:\/\/blogdofarnesio.com.br\/index.php?rest_route=\/wp\/v2\/posts"}],"about":[{"href":"https:\/\/blogdofarnesio.com.br\/index.php?rest_route=\/wp\/v2\/types\/post"}],"author":[{"embeddable":true,"href":"https:\/\/blogdofarnesio.com.br\/index.php?rest_route=\/wp\/v2\/users\/1"}],"replies":[{"embeddable":true,"href":"https:\/\/blogdofarnesio.com.br\/index.php?rest_route=%2Fwp%2Fv2%2Fcomments&post=280807"}],"version-history":[{"count":0,"href":"https:\/\/blogdofarnesio.com.br\/index.php?rest_route=\/wp\/v2\/posts\/280807\/revisions"}],"wp:featuredmedia":[{"embeddable":true,"href":"https:\/\/blogdofarnesio.com.br\/index.php?rest_route=\/wp\/v2\/media\/280808"}],"wp:attachment":[{"href":"https:\/\/blogdofarnesio.com.br\/index.php?rest_route=%2Fwp%2Fv2%2Fmedia&parent=280807"}],"wp:term":[{"taxonomy":"category","embeddable":true,"href":"https:\/\/blogdofarnesio.com.br\/index.php?rest_route=%2Fwp%2Fv2%2Fcategories&post=280807"},{"taxonomy":"post_tag","embeddable":true,"href":"https:\/\/blogdofarnesio.com.br\/index.php?rest_route=%2Fwp%2Fv2%2Ftags&post=280807"}],"curies":[{"name":"wp","href":"https:\/\/api.w.org\/{rel}","templated":true}]}}