{"id":280794,"date":"2021-03-13T11:31:51","date_gmt":"2021-03-13T14:31:51","guid":{"rendered":"http:\/\/quersaberpolitica.com.br\/2016\/?p=280794"},"modified":"2021-03-13T09:32:31","modified_gmt":"2021-03-13T12:32:31","slug":"nao-e-so-uma-gripezinha-atletas-de-alto-rendimento-relatam-incomodos-apos-covid-19","status":"publish","type":"post","link":"https:\/\/blogdofarnesio.com.br\/?p=280794","title":{"rendered":"&#8216;N\u00e3o \u00e9 s\u00f3 uma gripezinha&#8217;: Atletas de alto-rendimento relatam inc\u00f4modos ap\u00f3s Covid-19"},"content":{"rendered":"<div class=\"box-title\">\n<p>por Leandro Arag\u00e3o\/BN &#8211;<\/p>\n<\/div>\n<div class=\"box-body\" data-io-article-url=\"https:\/\/www.bahianoticias.com.br\/\">\n<div class=\"text-descricao\">\n<p>N\u00e3o \u00e9 s\u00f3 uma gripezinha como alguns pensam. Al\u00e9m do risco letal como o mundo e o Brasil acompanham diariamente com os recordes de mortes causadas pela Covid-19, a doen\u00e7a deixa sequelas por um bom tempo, inclusive em atleta de alto-rendimento. O nadador Allan do Carmo, campe\u00e3o mundial de maratona aqu\u00e1tica em 2014, e o lutador Carlos Boi, que ingressou no UFC em 2020 na categoria peso-pesado, j\u00e1 contra\u00edram o v\u00edrus que causou uma pandemia global no ano passado e mudou a normalidade da vida de todos os seres humanos.<\/p>\n<p>Os dois esportistas baianos foram assintom\u00e1ticos. Allan s\u00f3 descobriu que estava com a Covid-19 durante uma checagem di\u00e1ria que os atletas passaram a ser submetidos em dezembro do ano passado. &#8220;No per\u00edodo, estava fazendo os testes e descobri. Fiquei de quarentena pelo novo protocolo que s\u00e3o 10 dias&#8221;, disse em entrevista ao Bahia Not\u00edcias.<\/p>\n<p><img loading=\"lazy\" decoding=\"async\" class=\"aligncenter\" src=\"https:\/\/www.bahianoticias.com.br\/fotos\/esportes_noticias\/57706\/mg\/Allan%20do%20Carmo%205%20-%20Divulgacao%20-%20Assessoria.jpg\" alt=\"\" width=\"672\" height=\"447\" \/><\/p>\n<p><em>Allan do Carmo | Foto: Divulga\u00e7\u00e3o \/ Assessoria<\/em><\/p>\n<p>J\u00e1 Carlos Boi recebeu o diagn\u00f3stico positivo em julho quando se preparava para estrear no UFC. &#8220;Na primeira luta, eu peguei Covid na prepara\u00e7\u00e3o em julho&#8221;, contou ao BN. &#8220;Tive que montar uma mini-academia na varanda de casa. Eu treinei praticamente sozinho nas duas \u00faltimas semanas, porque eu estava isolado em casa&#8221;, completou ele que acabou sendo derrotado pelo moldavo Sergey Spivac por decis\u00e3o dos ju\u00edzes.<\/p>\n<p>Mas apesar de serem assintom\u00e1ticos durante a recupera\u00e7\u00e3o, os dois baianos n\u00e3o escaparam ilesos da Covid-19. A dupla se queixou de desconfortos ao retomar os treinamentos. &#8220;Senti uma dificuldade muito grande quando voltei a treinar, cansa\u00e7o, fadiga. Fui retomando aos poucos, mas hoje em dia estou treinando normal&#8221;, falou Allan.<\/p>\n<p>Cerca de oito meses depois, Carlos Boi ainda sentem inc\u00f4modos durante seus preparativos para as lutas. &#8220;At\u00e9 hoje ainda sinto um pouco. Me sinto um pouco mais ofegante do que o normal. \u00c0s vezes com um pouco de dificuldade para respirar quando estou muito cansado&#8221;, comentou. &#8220;Mas n\u00e3o \u00e9 nada que me atrapalhe n\u00e3o&#8221;, pontuou.<\/p>\n<p><img loading=\"lazy\" decoding=\"async\" class=\"aligncenter\" src=\"https:\/\/www.bahianoticias.com.br\/fotos\/esportes_noticias\/57706\/mg\/Carlos%20Boi%20-%20Reproducao%20-%20Instagram%20UFC..jpg\" alt=\"\" width=\"695\" height=\"695\" \/><\/p>\n<p><em>Carlos Boi | Foto: Reprodu\u00e7\u00e3o \/ Instagram UFC<\/em><\/p>\n<p>&nbsp;<\/p>\n<p>A reportagem do Bahia Not\u00edcias entrou em contato com a fisioterapeuta Mayara Duarte, que atua em Unidade de Terapia Intensiva (UTI) hospitalar Covid-19. Ela tamb\u00e9m trabalha na reabilita\u00e7\u00e3o de pessoas que tiveram a doen\u00e7a com comprometimentos leves, moderados e graves. P\u00f3s-graduada em Fisiologia do Exerc\u00edcio e Reabilita\u00e7\u00e3o Cardiopulmonar, ela explicou como essas sequelas s\u00e3o causadas.<\/p>\n<p>&nbsp;<\/p>\n<p>&#8220;O v\u00edrus causa um processo inflamat\u00f3rio no pulm\u00e3o e j\u00e1 tem estudos [que apontam] que causam at\u00e9 em outros \u00f3rg\u00e3os e sistemas. Esse processo inflamat\u00f3rio, essa libera\u00e7\u00e3o de c\u00e9lulas inflamat\u00f3rias, no final da doen\u00e7a, come\u00e7a\u00a0a causar essas sequelas, que a depender do \u00f3rg\u00e3o, como o pulm\u00e3o,\u00a0podem gerar uma fibrose pulmonar. Isso depende muito do grau de comprometimento do pulm\u00e3o. Tem pessoas que t\u00eam sintomas leves e tiveram comprometimento leves e tem pessoas com comprometimento num grau maior. Isso que vai determinar se o indiv\u00edduo vai ter uma sequela maior ou menor. No caso dos atletas, o que se referiu que teve uma sensa\u00e7\u00e3o de fadiga e fraqueza, isso pode estar relacionado pela quest\u00e3o da inflama\u00e7\u00e3o. Essa inflama\u00e7\u00e3o acomete a musculatura tanto respirat\u00f3ria, que \u00e9 o diafragma o principal m\u00fasculo, como a musculatura perif\u00e9rica como os bra\u00e7os e as pernas. Isso gera uma fraqueza, uma atrofia, diminui\u00e7\u00e3o da resist\u00eancia. A pessoa n\u00e3o consegue mais fazer aquela atividade, porque ela come\u00e7a a fadigar muito mais precoce do que antes do v\u00edrus. Esse fator da musculatura com a perda da musculatura respirat\u00f3ria vai desencadear essa sensa\u00e7\u00e3o mesmo ele sendo atleta de alta performance. O v\u00edrus altera tanto a musculatura respirat\u00f3ria, a musculatura perif\u00e9rica, quanto a parte neural, a rela\u00e7\u00e3o nervo com m\u00fasculo e por conta disso, eles sentem esse descondicionamento. Tem sim esse impacto, porque a musculatura se sobrecarregou muito mais agora no exerc\u00edcio que ele fez&#8221;, explicou ao BN.<\/p>\n<p>&nbsp;<\/p>\n<p>Allan do Carmo estreia neste s\u00e1bado (13)\u00a0na etapa de Doha, a primeira do Fina Marathon Swim World Series de 2021. A prova ser\u00e1 na dist\u00e2ncia ol\u00edmpica de 10 km e servir\u00e1 para o baiano buscar ritmo visando a seletiva brasileira para o Pr\u00e9-Ol\u00edmpico, marcada para o dia 20 de mar\u00e7o, em Pira\u00ed, no Rio de Janeiro. J\u00e1 Carlos Boi, que venceu o neozeland\u00eas Justin Tafa em janeiro deste ano e\u00a0emplacou sua segunda vit\u00f3ria consecutiva no UFC, volta ao oct\u00f3gono no dia 12 de junho para enfrentar o americano Jake Colier, na edi\u00e7\u00e3o 263 do evento.<\/p>\n<\/div>\n<\/div>\n","protected":false},"excerpt":{"rendered":"<p>por Leandro Arag\u00e3o\/BN &#8211; N\u00e3o \u00e9 s\u00f3 uma gripezinha como alguns pensam. Al\u00e9m do risco letal como o mundo e o Brasil acompanham diariamente com os recordes de mortes causadas pela Covid-19, a doen\u00e7a deixa sequelas por um bom tempo, inclusive em atleta de alto-rendimento. O nadador Allan do Carmo, campe\u00e3o mundial de maratona aqu\u00e1tica em 2014, e o lutador Carlos Boi, que ingressou no UFC em 2020 na categoria peso-pesado, j\u00e1 contra\u00edram o v\u00edrus que causou uma pandemia global no ano passado e mudou a normalidade da vida de todos os seres humanos. Os dois esportistas baianos foram assintom\u00e1ticos. Allan s\u00f3 descobriu que estava com a Covid-19 durante uma checagem di\u00e1ria que os atletas passaram a ser submetidos em&hellip; <\/p>\n","protected":false},"author":1,"featured_media":280795,"comment_status":"closed","ping_status":"closed","sticky":false,"template":"","format":"standard","meta":{"_acf_changed":false,"footnotes":""},"categories":[8],"tags":[],"class_list":["post-280794","post","type-post","status-publish","format-standard","has-post-thumbnail","hentry","category-esportes"],"acf":[],"yoast_head":"<!-- This site is optimized with the Yoast SEO plugin v27.4 - https:\/\/yoast.com\/product\/yoast-seo-wordpress\/ -->\n<title>&#039;N\u00e3o \u00e9 s\u00f3 uma gripezinha&#039;: Atletas de alto-rendimento relatam inc\u00f4modos ap\u00f3s Covid-19 - Blog do Farn\u00e9sio<\/title>\n<meta name=\"robots\" content=\"index, follow, max-snippet:-1, max-image-preview:large, max-video-preview:-1\" \/>\n<link rel=\"canonical\" href=\"https:\/\/blogdofarnesio.com.br\/?p=280794\" \/>\n<meta property=\"og:locale\" content=\"pt_BR\" \/>\n<meta property=\"og:type\" content=\"article\" \/>\n<meta property=\"og:title\" content=\"&#039;N\u00e3o \u00e9 s\u00f3 uma gripezinha&#039;: Atletas de alto-rendimento relatam inc\u00f4modos ap\u00f3s Covid-19 - Blog do Farn\u00e9sio\" \/>\n<meta property=\"og:description\" content=\"por Leandro Arag\u00e3o\/BN &#8211; N\u00e3o \u00e9 s\u00f3 uma gripezinha como alguns pensam. Al\u00e9m do risco letal como o mundo e o Brasil acompanham diariamente com os recordes de mortes causadas pela Covid-19, a doen\u00e7a deixa sequelas por um bom tempo, inclusive em atleta de alto-rendimento. O nadador Allan do Carmo, campe\u00e3o mundial de maratona aqu\u00e1tica em 2014, e o lutador Carlos Boi, que ingressou no UFC em 2020 na categoria peso-pesado, j\u00e1 contra\u00edram o v\u00edrus que causou uma pandemia global no ano passado e mudou a normalidade da vida de todos os seres humanos. Os dois esportistas baianos foram assintom\u00e1ticos. Allan s\u00f3 descobriu que estava com a Covid-19 durante uma checagem di\u00e1ria que os atletas passaram a ser submetidos em&hellip;\" \/>\n<meta property=\"og:url\" content=\"https:\/\/blogdofarnesio.com.br\/?p=280794\" \/>\n<meta property=\"og:site_name\" content=\"Blog do Farn\u00e9sio\" \/>\n<meta property=\"article:publisher\" content=\"https:\/\/www.facebook.com\/BlogQuerSaberPolitica\/\" \/>\n<meta property=\"article:published_time\" content=\"2021-03-13T14:31:51+00:00\" \/>\n<meta property=\"og:image\" content=\"https:\/\/blogdofarnesio.com.br\/wp-content\/uploads\/2021\/03\/blogqspcarlos-alan-do-carmo.jpg\" \/>\n\t<meta property=\"og:image:width\" content=\"380\" \/>\n\t<meta property=\"og:image:height\" content=\"280\" \/>\n\t<meta property=\"og:image:type\" content=\"image\/jpeg\" \/>\n<meta name=\"author\" content=\"Farn\u00e9sio\" \/>\n<meta name=\"twitter:card\" content=\"summary_large_image\" \/>\n<meta name=\"twitter:label1\" content=\"Escrito por\" \/>\n\t<meta name=\"twitter:data1\" content=\"Farn\u00e9sio\" \/>\n\t<meta name=\"twitter:label2\" content=\"Est. tempo de leitura\" \/>\n\t<meta name=\"twitter:data2\" content=\"4 minutos\" \/>\n<script type=\"application\/ld+json\" class=\"yoast-schema-graph\">{\"@context\":\"https:\\\/\\\/schema.org\",\"@graph\":[{\"@type\":\"Article\",\"@id\":\"https:\\\/\\\/blogdofarnesio.com.br\\\/?p=280794#article\",\"isPartOf\":{\"@id\":\"https:\\\/\\\/blogdofarnesio.com.br\\\/?p=280794\"},\"author\":{\"name\":\"Farn\u00e9sio\",\"@id\":\"https:\\\/\\\/blogdofarnesio.com.br\\\/#\\\/schema\\\/person\\\/301c4acf522bccbfdb45af95b5b906a1\"},\"headline\":\"&#8216;N\u00e3o \u00e9 s\u00f3 uma gripezinha&#8217;: Atletas de alto-rendimento relatam inc\u00f4modos ap\u00f3s Covid-19\",\"datePublished\":\"2021-03-13T14:31:51+00:00\",\"mainEntityOfPage\":{\"@id\":\"https:\\\/\\\/blogdofarnesio.com.br\\\/?p=280794\"},\"wordCount\":808,\"publisher\":{\"@id\":\"https:\\\/\\\/blogdofarnesio.com.br\\\/#organization\"},\"image\":{\"@id\":\"https:\\\/\\\/blogdofarnesio.com.br\\\/?p=280794#primaryimage\"},\"thumbnailUrl\":\"https:\\\/\\\/blogdofarnesio.com.br\\\/wp-content\\\/uploads\\\/2021\\\/03\\\/blogqspcarlos-alan-do-carmo.jpg\",\"articleSection\":[\"Esportes\"],\"inLanguage\":\"pt-BR\"},{\"@type\":\"WebPage\",\"@id\":\"https:\\\/\\\/blogdofarnesio.com.br\\\/?p=280794\",\"url\":\"https:\\\/\\\/blogdofarnesio.com.br\\\/?p=280794\",\"name\":\"'N\u00e3o \u00e9 s\u00f3 uma gripezinha': Atletas de alto-rendimento relatam inc\u00f4modos ap\u00f3s Covid-19 - Blog do Farn\u00e9sio\",\"isPartOf\":{\"@id\":\"https:\\\/\\\/blogdofarnesio.com.br\\\/#website\"},\"primaryImageOfPage\":{\"@id\":\"https:\\\/\\\/blogdofarnesio.com.br\\\/?p=280794#primaryimage\"},\"image\":{\"@id\":\"https:\\\/\\\/blogdofarnesio.com.br\\\/?p=280794#primaryimage\"},\"thumbnailUrl\":\"https:\\\/\\\/blogdofarnesio.com.br\\\/wp-content\\\/uploads\\\/2021\\\/03\\\/blogqspcarlos-alan-do-carmo.jpg\",\"datePublished\":\"2021-03-13T14:31:51+00:00\",\"breadcrumb\":{\"@id\":\"https:\\\/\\\/blogdofarnesio.com.br\\\/?p=280794#breadcrumb\"},\"inLanguage\":\"pt-BR\",\"potentialAction\":[{\"@type\":\"ReadAction\",\"target\":[\"https:\\\/\\\/blogdofarnesio.com.br\\\/?p=280794\"]}]},{\"@type\":\"ImageObject\",\"inLanguage\":\"pt-BR\",\"@id\":\"https:\\\/\\\/blogdofarnesio.com.br\\\/?p=280794#primaryimage\",\"url\":\"https:\\\/\\\/blogdofarnesio.com.br\\\/wp-content\\\/uploads\\\/2021\\\/03\\\/blogqspcarlos-alan-do-carmo.jpg\",\"contentUrl\":\"https:\\\/\\\/blogdofarnesio.com.br\\\/wp-content\\\/uploads\\\/2021\\\/03\\\/blogqspcarlos-alan-do-carmo.jpg\",\"width\":380,\"height\":280},{\"@type\":\"BreadcrumbList\",\"@id\":\"https:\\\/\\\/blogdofarnesio.com.br\\\/?p=280794#breadcrumb\",\"itemListElement\":[{\"@type\":\"ListItem\",\"position\":1,\"name\":\"In\u00edcio\",\"item\":\"https:\\\/\\\/blogdofarnesio.com.br\\\/\"},{\"@type\":\"ListItem\",\"position\":2,\"name\":\"&#8216;N\u00e3o \u00e9 s\u00f3 uma gripezinha&#8217;: Atletas de alto-rendimento relatam inc\u00f4modos ap\u00f3s Covid-19\"}]},{\"@type\":\"WebSite\",\"@id\":\"https:\\\/\\\/blogdofarnesio.com.br\\\/#website\",\"url\":\"https:\\\/\\\/blogdofarnesio.com.br\\\/\",\"name\":\"Blog do Farn\u00e9sio\",\"description\":\"Quer Saber Pol\u00edtica?\",\"publisher\":{\"@id\":\"https:\\\/\\\/blogdofarnesio.com.br\\\/#organization\"},\"potentialAction\":[{\"@type\":\"SearchAction\",\"target\":{\"@type\":\"EntryPoint\",\"urlTemplate\":\"https:\\\/\\\/blogdofarnesio.com.br\\\/?s={search_term_string}\"},\"query-input\":{\"@type\":\"PropertyValueSpecification\",\"valueRequired\":true,\"valueName\":\"search_term_string\"}}],\"inLanguage\":\"pt-BR\"},{\"@type\":\"Organization\",\"@id\":\"https:\\\/\\\/blogdofarnesio.com.br\\\/#organization\",\"name\":\"Blog do Farn\u00e9sio\",\"url\":\"https:\\\/\\\/blogdofarnesio.com.br\\\/\",\"logo\":{\"@type\":\"ImageObject\",\"inLanguage\":\"pt-BR\",\"@id\":\"https:\\\/\\\/blogdofarnesio.com.br\\\/#\\\/schema\\\/logo\\\/image\\\/\",\"url\":\"https:\\\/\\\/blogdofarnesio.com.br\\\/wp-content\\\/uploads\\\/2026\\\/03\\\/cropped-logo_new-1.png\",\"contentUrl\":\"https:\\\/\\\/blogdofarnesio.com.br\\\/wp-content\\\/uploads\\\/2026\\\/03\\\/cropped-logo_new-1.png\",\"width\":881,\"height\":685,\"caption\":\"Blog do Farn\u00e9sio\"},\"image\":{\"@id\":\"https:\\\/\\\/blogdofarnesio.com.br\\\/#\\\/schema\\\/logo\\\/image\\\/\"},\"sameAs\":[\"https:\\\/\\\/www.facebook.com\\\/BlogQuerSaberPolitica\\\/\"]},{\"@type\":\"Person\",\"@id\":\"https:\\\/\\\/blogdofarnesio.com.br\\\/#\\\/schema\\\/person\\\/301c4acf522bccbfdb45af95b5b906a1\",\"name\":\"Farn\u00e9sio\",\"image\":{\"@type\":\"ImageObject\",\"inLanguage\":\"pt-BR\",\"@id\":\"https:\\\/\\\/secure.gravatar.com\\\/avatar\\\/df0c9a14567c056f8ad6876ba5bbd1e3e2c48023eb6807342fc4663adf549f38?s=96&d=mm&r=g\",\"url\":\"https:\\\/\\\/secure.gravatar.com\\\/avatar\\\/df0c9a14567c056f8ad6876ba5bbd1e3e2c48023eb6807342fc4663adf549f38?s=96&d=mm&r=g\",\"contentUrl\":\"https:\\\/\\\/secure.gravatar.com\\\/avatar\\\/df0c9a14567c056f8ad6876ba5bbd1e3e2c48023eb6807342fc4663adf549f38?s=96&d=mm&r=g\",\"caption\":\"Farn\u00e9sio\"},\"sameAs\":[\"https:\\\/\\\/quersaberpolitica.com.br\"],\"url\":\"https:\\\/\\\/blogdofarnesio.com.br\\\/?author=1\"}]}<\/script>\n<!-- \/ Yoast SEO plugin. -->","yoast_head_json":{"title":"'N\u00e3o \u00e9 s\u00f3 uma gripezinha': Atletas de alto-rendimento relatam inc\u00f4modos ap\u00f3s Covid-19 - Blog do Farn\u00e9sio","robots":{"index":"index","follow":"follow","max-snippet":"max-snippet:-1","max-image-preview":"max-image-preview:large","max-video-preview":"max-video-preview:-1"},"canonical":"https:\/\/blogdofarnesio.com.br\/?p=280794","og_locale":"pt_BR","og_type":"article","og_title":"'N\u00e3o \u00e9 s\u00f3 uma gripezinha': Atletas de alto-rendimento relatam inc\u00f4modos ap\u00f3s Covid-19 - Blog do Farn\u00e9sio","og_description":"por Leandro Arag\u00e3o\/BN &#8211; N\u00e3o \u00e9 s\u00f3 uma gripezinha como alguns pensam. Al\u00e9m do risco letal como o mundo e o Brasil acompanham diariamente com os recordes de mortes causadas pela Covid-19, a doen\u00e7a deixa sequelas por um bom tempo, inclusive em atleta de alto-rendimento. O nadador Allan do Carmo, campe\u00e3o mundial de maratona aqu\u00e1tica em 2014, e o lutador Carlos Boi, que ingressou no UFC em 2020 na categoria peso-pesado, j\u00e1 contra\u00edram o v\u00edrus que causou uma pandemia global no ano passado e mudou a normalidade da vida de todos os seres humanos. Os dois esportistas baianos foram assintom\u00e1ticos. Allan s\u00f3 descobriu que estava com a Covid-19 durante uma checagem di\u00e1ria que os atletas passaram a ser submetidos em&hellip;","og_url":"https:\/\/blogdofarnesio.com.br\/?p=280794","og_site_name":"Blog do Farn\u00e9sio","article_publisher":"https:\/\/www.facebook.com\/BlogQuerSaberPolitica\/","article_published_time":"2021-03-13T14:31:51+00:00","og_image":[{"width":380,"height":280,"url":"https:\/\/blogdofarnesio.com.br\/wp-content\/uploads\/2021\/03\/blogqspcarlos-alan-do-carmo.jpg","type":"image\/jpeg"}],"author":"Farn\u00e9sio","twitter_card":"summary_large_image","twitter_misc":{"Escrito por":"Farn\u00e9sio","Est. tempo de leitura":"4 minutos"},"schema":{"@context":"https:\/\/schema.org","@graph":[{"@type":"Article","@id":"https:\/\/blogdofarnesio.com.br\/?p=280794#article","isPartOf":{"@id":"https:\/\/blogdofarnesio.com.br\/?p=280794"},"author":{"name":"Farn\u00e9sio","@id":"https:\/\/blogdofarnesio.com.br\/#\/schema\/person\/301c4acf522bccbfdb45af95b5b906a1"},"headline":"&#8216;N\u00e3o \u00e9 s\u00f3 uma gripezinha&#8217;: Atletas de alto-rendimento relatam inc\u00f4modos ap\u00f3s Covid-19","datePublished":"2021-03-13T14:31:51+00:00","mainEntityOfPage":{"@id":"https:\/\/blogdofarnesio.com.br\/?p=280794"},"wordCount":808,"publisher":{"@id":"https:\/\/blogdofarnesio.com.br\/#organization"},"image":{"@id":"https:\/\/blogdofarnesio.com.br\/?p=280794#primaryimage"},"thumbnailUrl":"https:\/\/blogdofarnesio.com.br\/wp-content\/uploads\/2021\/03\/blogqspcarlos-alan-do-carmo.jpg","articleSection":["Esportes"],"inLanguage":"pt-BR"},{"@type":"WebPage","@id":"https:\/\/blogdofarnesio.com.br\/?p=280794","url":"https:\/\/blogdofarnesio.com.br\/?p=280794","name":"'N\u00e3o \u00e9 s\u00f3 uma gripezinha': Atletas de alto-rendimento relatam inc\u00f4modos ap\u00f3s Covid-19 - Blog do Farn\u00e9sio","isPartOf":{"@id":"https:\/\/blogdofarnesio.com.br\/#website"},"primaryImageOfPage":{"@id":"https:\/\/blogdofarnesio.com.br\/?p=280794#primaryimage"},"image":{"@id":"https:\/\/blogdofarnesio.com.br\/?p=280794#primaryimage"},"thumbnailUrl":"https:\/\/blogdofarnesio.com.br\/wp-content\/uploads\/2021\/03\/blogqspcarlos-alan-do-carmo.jpg","datePublished":"2021-03-13T14:31:51+00:00","breadcrumb":{"@id":"https:\/\/blogdofarnesio.com.br\/?p=280794#breadcrumb"},"inLanguage":"pt-BR","potentialAction":[{"@type":"ReadAction","target":["https:\/\/blogdofarnesio.com.br\/?p=280794"]}]},{"@type":"ImageObject","inLanguage":"pt-BR","@id":"https:\/\/blogdofarnesio.com.br\/?p=280794#primaryimage","url":"https:\/\/blogdofarnesio.com.br\/wp-content\/uploads\/2021\/03\/blogqspcarlos-alan-do-carmo.jpg","contentUrl":"https:\/\/blogdofarnesio.com.br\/wp-content\/uploads\/2021\/03\/blogqspcarlos-alan-do-carmo.jpg","width":380,"height":280},{"@type":"BreadcrumbList","@id":"https:\/\/blogdofarnesio.com.br\/?p=280794#breadcrumb","itemListElement":[{"@type":"ListItem","position":1,"name":"In\u00edcio","item":"https:\/\/blogdofarnesio.com.br\/"},{"@type":"ListItem","position":2,"name":"&#8216;N\u00e3o \u00e9 s\u00f3 uma gripezinha&#8217;: Atletas de alto-rendimento relatam inc\u00f4modos ap\u00f3s Covid-19"}]},{"@type":"WebSite","@id":"https:\/\/blogdofarnesio.com.br\/#website","url":"https:\/\/blogdofarnesio.com.br\/","name":"Blog do Farn\u00e9sio","description":"Quer Saber Pol\u00edtica?","publisher":{"@id":"https:\/\/blogdofarnesio.com.br\/#organization"},"potentialAction":[{"@type":"SearchAction","target":{"@type":"EntryPoint","urlTemplate":"https:\/\/blogdofarnesio.com.br\/?s={search_term_string}"},"query-input":{"@type":"PropertyValueSpecification","valueRequired":true,"valueName":"search_term_string"}}],"inLanguage":"pt-BR"},{"@type":"Organization","@id":"https:\/\/blogdofarnesio.com.br\/#organization","name":"Blog do Farn\u00e9sio","url":"https:\/\/blogdofarnesio.com.br\/","logo":{"@type":"ImageObject","inLanguage":"pt-BR","@id":"https:\/\/blogdofarnesio.com.br\/#\/schema\/logo\/image\/","url":"https:\/\/blogdofarnesio.com.br\/wp-content\/uploads\/2026\/03\/cropped-logo_new-1.png","contentUrl":"https:\/\/blogdofarnesio.com.br\/wp-content\/uploads\/2026\/03\/cropped-logo_new-1.png","width":881,"height":685,"caption":"Blog do Farn\u00e9sio"},"image":{"@id":"https:\/\/blogdofarnesio.com.br\/#\/schema\/logo\/image\/"},"sameAs":["https:\/\/www.facebook.com\/BlogQuerSaberPolitica\/"]},{"@type":"Person","@id":"https:\/\/blogdofarnesio.com.br\/#\/schema\/person\/301c4acf522bccbfdb45af95b5b906a1","name":"Farn\u00e9sio","image":{"@type":"ImageObject","inLanguage":"pt-BR","@id":"https:\/\/secure.gravatar.com\/avatar\/df0c9a14567c056f8ad6876ba5bbd1e3e2c48023eb6807342fc4663adf549f38?s=96&d=mm&r=g","url":"https:\/\/secure.gravatar.com\/avatar\/df0c9a14567c056f8ad6876ba5bbd1e3e2c48023eb6807342fc4663adf549f38?s=96&d=mm&r=g","contentUrl":"https:\/\/secure.gravatar.com\/avatar\/df0c9a14567c056f8ad6876ba5bbd1e3e2c48023eb6807342fc4663adf549f38?s=96&d=mm&r=g","caption":"Farn\u00e9sio"},"sameAs":["https:\/\/quersaberpolitica.com.br"],"url":"https:\/\/blogdofarnesio.com.br\/?author=1"}]}},"_links":{"self":[{"href":"https:\/\/blogdofarnesio.com.br\/index.php?rest_route=\/wp\/v2\/posts\/280794","targetHints":{"allow":["GET"]}}],"collection":[{"href":"https:\/\/blogdofarnesio.com.br\/index.php?rest_route=\/wp\/v2\/posts"}],"about":[{"href":"https:\/\/blogdofarnesio.com.br\/index.php?rest_route=\/wp\/v2\/types\/post"}],"author":[{"embeddable":true,"href":"https:\/\/blogdofarnesio.com.br\/index.php?rest_route=\/wp\/v2\/users\/1"}],"replies":[{"embeddable":true,"href":"https:\/\/blogdofarnesio.com.br\/index.php?rest_route=%2Fwp%2Fv2%2Fcomments&post=280794"}],"version-history":[{"count":0,"href":"https:\/\/blogdofarnesio.com.br\/index.php?rest_route=\/wp\/v2\/posts\/280794\/revisions"}],"wp:featuredmedia":[{"embeddable":true,"href":"https:\/\/blogdofarnesio.com.br\/index.php?rest_route=\/wp\/v2\/media\/280795"}],"wp:attachment":[{"href":"https:\/\/blogdofarnesio.com.br\/index.php?rest_route=%2Fwp%2Fv2%2Fmedia&parent=280794"}],"wp:term":[{"taxonomy":"category","embeddable":true,"href":"https:\/\/blogdofarnesio.com.br\/index.php?rest_route=%2Fwp%2Fv2%2Fcategories&post=280794"},{"taxonomy":"post_tag","embeddable":true,"href":"https:\/\/blogdofarnesio.com.br\/index.php?rest_route=%2Fwp%2Fv2%2Ftags&post=280794"}],"curies":[{"name":"wp","href":"https:\/\/api.w.org\/{rel}","templated":true}]}}