{"id":280760,"date":"2021-03-12T15:00:41","date_gmt":"2021-03-12T18:00:41","guid":{"rendered":"http:\/\/quersaberpolitica.com.br\/2016\/?p=280760"},"modified":"2021-03-12T14:18:19","modified_gmt":"2021-03-12T17:18:19","slug":"tecnicos-da-defesa-civil-analisam-riscos-na-barragem-de-sobradinho-e-atualizam-plano-de-contingencia-e-realiza-vistoria","status":"publish","type":"post","link":"https:\/\/blogdofarnesio.com.br\/?p=280760","title":{"rendered":"T\u00e9cnicos da defesa civil analisam riscos na Barragem de Sobradinho e atualizam plano de conting\u00eancia e realiza vistoria"},"content":{"rendered":"<p style=\"font-weight: 400;\">Periodicamente, a equipe de Coordenadoria Municipal de Prote\u00e7\u00e3o e Defesa Civil (COMPDEC), que \u00e9 o \u00f3rg\u00e3o respons\u00e1vel pela execu\u00e7\u00e3o, coordena\u00e7\u00e3o e mobiliza\u00e7\u00e3o de todas as a\u00e7\u00f5es de defesa civil de Petrolina, se re\u00fane para discutir a atualiza\u00e7\u00e3o do plano de conting\u00eancia (PLACON), como tamb\u00e9m as a\u00e7\u00f5es de risco referente \u00e0 Barragem de Sobradinho. Esta semana, mais uma vez, os agentes da defesa civil se dirigiram at\u00e9 a Barragem com o objetivo de realizar uma visita t\u00e9cnica para detectar alguma irregularidade.<\/p>\n<p style=\"font-weight: 400;\">De acordo com o coordenador da COMPDEC, C\u00edcero Dirceu da Silva, o plano de conting\u00eancia \u00e9 um documento em que est\u00e3o definidas as responsabilidades estabelecidas para atender a uma emerg\u00eancia e tamb\u00e9m as informa\u00e7\u00f5es detalhadas sobre as caracter\u00edsticas da \u00e1rea.\u00a0<em>\u201cRealizamos a visita in loco e detectamos que no momento n\u00e3o h\u00e1 qualquer risco para rompimento da Barragem de Sobradinho. O plano visa \u00e0 prepara\u00e7\u00e3o e preven\u00e7\u00e3o para poss\u00edveis desastres\u201d<\/em>, explicou C\u00edcero.<\/p>\n<p style=\"font-weight: 400;\"><img loading=\"lazy\" decoding=\"async\" class=\"aligncenter wp-image-280761 size-full\" src=\"http:\/\/quersaberpolitica.com.br\/2016\/wp-content\/uploads\/2021\/03\/blogqsppet-def-civil-barragem-sobradinho-e1615569351554.jpeg\" alt=\"\" width=\"660\" height=\"494\" \/>Participaram da reuni\u00e3o o coordenador Adjunto da COMPDEC\/Petrolina, Anailton Acelino; o agente de Defesa Civil, Manoel Medrado; o secret\u00e1rio executivo, Jos\u00e9 Welton de Aquino; o Capit\u00e3o dos Bombeiros e chefe da ger\u00eancia de opera\u00e7\u00f5es da Coordenadoria Estadual de Defesa Civil de Pernambuco, Victor Matias; o sargento da Pol\u00edcia Militar, Edivan Correia; o sargento Bombeiro Militar, Edvaldo Thomazi e o cabo Bombeiro Militar, Josemar Cartier que fazem parte da CODECIPE.<\/p>\n<p style=\"font-weight: 400;\">A popula\u00e7\u00e3o pode acionar a Defesa Civil pelos telefones 153 ou (87) 98106-7310. A Ouvidoria Municipal tamb\u00e9m pode ser acionada pelos n\u00fameros 156 ou (87) 99190-7475. O contato pelos n\u00fameros de celular disponibilizados devem ser feitos por WhatsApp.<\/p>\n<p style=\"font-weight: 400;\">Fotos: Prefeitura de Petrolina<\/p>\n<p style=\"font-weight: 400;\">Luzete Nobre \u2013 Assessora de Desenvolvimento Urbano, Habita\u00e7\u00e3o e Sustentabilidade<\/p>\n","protected":false},"excerpt":{"rendered":"<p>Periodicamente, a equipe de Coordenadoria Municipal de Prote\u00e7\u00e3o e Defesa Civil (COMPDEC), que \u00e9 o \u00f3rg\u00e3o respons\u00e1vel pela execu\u00e7\u00e3o, coordena\u00e7\u00e3o e mobiliza\u00e7\u00e3o de todas as a\u00e7\u00f5es de defesa civil de Petrolina, se re\u00fane para discutir a atualiza\u00e7\u00e3o do plano de conting\u00eancia (PLACON), como tamb\u00e9m as a\u00e7\u00f5es de risco referente \u00e0 Barragem de Sobradinho. Esta semana, mais uma vez, os agentes da defesa civil se dirigiram at\u00e9 a Barragem com o objetivo de realizar uma visita t\u00e9cnica para detectar alguma irregularidade. De acordo com o coordenador da COMPDEC, C\u00edcero Dirceu da Silva, o plano de conting\u00eancia \u00e9 um documento em que est\u00e3o definidas as responsabilidades estabelecidas para atender a uma emerg\u00eancia e tamb\u00e9m as informa\u00e7\u00f5es detalhadas sobre as caracter\u00edsticas da \u00e1rea.\u00a0\u201cRealizamos&hellip; <\/p>\n","protected":false},"author":1,"featured_media":151853,"comment_status":"closed","ping_status":"closed","sticky":false,"template":"","format":"standard","meta":{"_acf_changed":false,"footnotes":""},"categories":[5],"tags":[],"class_list":["post-280760","post","type-post","status-publish","format-standard","has-post-thumbnail","hentry","category-seguranca"],"acf":[],"yoast_head":"<!-- This site is optimized with the Yoast SEO plugin v27.4 - https:\/\/yoast.com\/product\/yoast-seo-wordpress\/ -->\n<title>T\u00e9cnicos da defesa civil analisam riscos na Barragem de Sobradinho e atualizam plano de conting\u00eancia e realiza vistoria - Blog do Farn\u00e9sio<\/title>\n<meta name=\"robots\" content=\"index, follow, max-snippet:-1, max-image-preview:large, max-video-preview:-1\" \/>\n<link rel=\"canonical\" href=\"https:\/\/blogdofarnesio.com.br\/?p=280760\" \/>\n<meta property=\"og:locale\" content=\"pt_BR\" \/>\n<meta property=\"og:type\" content=\"article\" \/>\n<meta property=\"og:title\" content=\"T\u00e9cnicos da defesa civil analisam riscos na Barragem de Sobradinho e atualizam plano de conting\u00eancia e realiza vistoria - Blog do Farn\u00e9sio\" \/>\n<meta property=\"og:description\" content=\"Periodicamente, a equipe de Coordenadoria Municipal de Prote\u00e7\u00e3o e Defesa Civil (COMPDEC), que \u00e9 o \u00f3rg\u00e3o respons\u00e1vel pela execu\u00e7\u00e3o, coordena\u00e7\u00e3o e mobiliza\u00e7\u00e3o de todas as a\u00e7\u00f5es de defesa civil de Petrolina, se re\u00fane para discutir a atualiza\u00e7\u00e3o do plano de conting\u00eancia (PLACON), como tamb\u00e9m as a\u00e7\u00f5es de risco referente \u00e0 Barragem de Sobradinho. Esta semana, mais uma vez, os agentes da defesa civil se dirigiram at\u00e9 a Barragem com o objetivo de realizar uma visita t\u00e9cnica para detectar alguma irregularidade. De acordo com o coordenador da COMPDEC, C\u00edcero Dirceu da Silva, o plano de conting\u00eancia \u00e9 um documento em que est\u00e3o definidas as responsabilidades estabelecidas para atender a uma emerg\u00eancia e tamb\u00e9m as informa\u00e7\u00f5es detalhadas sobre as caracter\u00edsticas da \u00e1rea.\u00a0\u201cRealizamos&hellip;\" \/>\n<meta property=\"og:url\" content=\"https:\/\/blogdofarnesio.com.br\/?p=280760\" \/>\n<meta property=\"og:site_name\" content=\"Blog do Farn\u00e9sio\" \/>\n<meta property=\"article:publisher\" content=\"https:\/\/www.facebook.com\/BlogQuerSaberPolitica\/\" \/>\n<meta property=\"article:published_time\" content=\"2021-03-12T18:00:41+00:00\" \/>\n<meta property=\"og:image\" content=\"https:\/\/blogdofarnesio.com.br\/wp-content\/uploads\/2016\/12\/blogqspbarragemsobradinho01-foto-Farn\u00e9sio-Silva09.jpg\" \/>\n\t<meta property=\"og:image:width\" content=\"640\" \/>\n\t<meta property=\"og:image:height\" content=\"480\" \/>\n\t<meta property=\"og:image:type\" content=\"image\/jpeg\" \/>\n<meta name=\"author\" content=\"Farn\u00e9sio\" \/>\n<meta name=\"twitter:card\" content=\"summary_large_image\" \/>\n<meta name=\"twitter:label1\" content=\"Escrito por\" \/>\n\t<meta name=\"twitter:data1\" content=\"Farn\u00e9sio\" \/>\n\t<meta name=\"twitter:label2\" content=\"Est. tempo de leitura\" \/>\n\t<meta name=\"twitter:data2\" content=\"2 minutos\" \/>\n<script type=\"application\/ld+json\" class=\"yoast-schema-graph\">{\"@context\":\"https:\\\/\\\/schema.org\",\"@graph\":[{\"@type\":\"Article\",\"@id\":\"https:\\\/\\\/blogdofarnesio.com.br\\\/?p=280760#article\",\"isPartOf\":{\"@id\":\"https:\\\/\\\/blogdofarnesio.com.br\\\/?p=280760\"},\"author\":{\"name\":\"Farn\u00e9sio\",\"@id\":\"https:\\\/\\\/blogdofarnesio.com.br\\\/#\\\/schema\\\/person\\\/301c4acf522bccbfdb45af95b5b906a1\"},\"headline\":\"T\u00e9cnicos da defesa civil analisam riscos na Barragem de Sobradinho e atualizam plano de conting\u00eancia e realiza vistoria\",\"datePublished\":\"2021-03-12T18:00:41+00:00\",\"mainEntityOfPage\":{\"@id\":\"https:\\\/\\\/blogdofarnesio.com.br\\\/?p=280760\"},\"wordCount\":321,\"publisher\":{\"@id\":\"https:\\\/\\\/blogdofarnesio.com.br\\\/#organization\"},\"image\":{\"@id\":\"https:\\\/\\\/blogdofarnesio.com.br\\\/?p=280760#primaryimage\"},\"thumbnailUrl\":\"https:\\\/\\\/blogdofarnesio.com.br\\\/wp-content\\\/uploads\\\/2016\\\/12\\\/blogqspbarragemsobradinho01-foto-Farn\u00e9sio-Silva09.jpg\",\"articleSection\":[\"Seguran\u00e7a\"],\"inLanguage\":\"pt-BR\"},{\"@type\":\"WebPage\",\"@id\":\"https:\\\/\\\/blogdofarnesio.com.br\\\/?p=280760\",\"url\":\"https:\\\/\\\/blogdofarnesio.com.br\\\/?p=280760\",\"name\":\"T\u00e9cnicos da defesa civil analisam riscos na Barragem de Sobradinho e atualizam plano de conting\u00eancia e realiza vistoria - Blog do Farn\u00e9sio\",\"isPartOf\":{\"@id\":\"https:\\\/\\\/blogdofarnesio.com.br\\\/#website\"},\"primaryImageOfPage\":{\"@id\":\"https:\\\/\\\/blogdofarnesio.com.br\\\/?p=280760#primaryimage\"},\"image\":{\"@id\":\"https:\\\/\\\/blogdofarnesio.com.br\\\/?p=280760#primaryimage\"},\"thumbnailUrl\":\"https:\\\/\\\/blogdofarnesio.com.br\\\/wp-content\\\/uploads\\\/2016\\\/12\\\/blogqspbarragemsobradinho01-foto-Farn\u00e9sio-Silva09.jpg\",\"datePublished\":\"2021-03-12T18:00:41+00:00\",\"breadcrumb\":{\"@id\":\"https:\\\/\\\/blogdofarnesio.com.br\\\/?p=280760#breadcrumb\"},\"inLanguage\":\"pt-BR\",\"potentialAction\":[{\"@type\":\"ReadAction\",\"target\":[\"https:\\\/\\\/blogdofarnesio.com.br\\\/?p=280760\"]}]},{\"@type\":\"ImageObject\",\"inLanguage\":\"pt-BR\",\"@id\":\"https:\\\/\\\/blogdofarnesio.com.br\\\/?p=280760#primaryimage\",\"url\":\"https:\\\/\\\/blogdofarnesio.com.br\\\/wp-content\\\/uploads\\\/2016\\\/12\\\/blogqspbarragemsobradinho01-foto-Farn\u00e9sio-Silva09.jpg\",\"contentUrl\":\"https:\\\/\\\/blogdofarnesio.com.br\\\/wp-content\\\/uploads\\\/2016\\\/12\\\/blogqspbarragemsobradinho01-foto-Farn\u00e9sio-Silva09.jpg\",\"width\":640,\"height\":480,\"caption\":\"Hidrel\u00e9trica de Sobradinho- BA Foto Farn\u00e9sio Silva\"},{\"@type\":\"BreadcrumbList\",\"@id\":\"https:\\\/\\\/blogdofarnesio.com.br\\\/?p=280760#breadcrumb\",\"itemListElement\":[{\"@type\":\"ListItem\",\"position\":1,\"name\":\"In\u00edcio\",\"item\":\"https:\\\/\\\/blogdofarnesio.com.br\\\/\"},{\"@type\":\"ListItem\",\"position\":2,\"name\":\"T\u00e9cnicos da defesa civil analisam riscos na Barragem de Sobradinho e atualizam plano de conting\u00eancia e realiza vistoria\"}]},{\"@type\":\"WebSite\",\"@id\":\"https:\\\/\\\/blogdofarnesio.com.br\\\/#website\",\"url\":\"https:\\\/\\\/blogdofarnesio.com.br\\\/\",\"name\":\"Blog do Farn\u00e9sio\",\"description\":\"Quer Saber Pol\u00edtica?\",\"publisher\":{\"@id\":\"https:\\\/\\\/blogdofarnesio.com.br\\\/#organization\"},\"potentialAction\":[{\"@type\":\"SearchAction\",\"target\":{\"@type\":\"EntryPoint\",\"urlTemplate\":\"https:\\\/\\\/blogdofarnesio.com.br\\\/?s={search_term_string}\"},\"query-input\":{\"@type\":\"PropertyValueSpecification\",\"valueRequired\":true,\"valueName\":\"search_term_string\"}}],\"inLanguage\":\"pt-BR\"},{\"@type\":\"Organization\",\"@id\":\"https:\\\/\\\/blogdofarnesio.com.br\\\/#organization\",\"name\":\"Blog do Farn\u00e9sio\",\"url\":\"https:\\\/\\\/blogdofarnesio.com.br\\\/\",\"logo\":{\"@type\":\"ImageObject\",\"inLanguage\":\"pt-BR\",\"@id\":\"https:\\\/\\\/blogdofarnesio.com.br\\\/#\\\/schema\\\/logo\\\/image\\\/\",\"url\":\"https:\\\/\\\/blogdofarnesio.com.br\\\/wp-content\\\/uploads\\\/2026\\\/03\\\/cropped-logo_new-1.png\",\"contentUrl\":\"https:\\\/\\\/blogdofarnesio.com.br\\\/wp-content\\\/uploads\\\/2026\\\/03\\\/cropped-logo_new-1.png\",\"width\":881,\"height\":685,\"caption\":\"Blog do Farn\u00e9sio\"},\"image\":{\"@id\":\"https:\\\/\\\/blogdofarnesio.com.br\\\/#\\\/schema\\\/logo\\\/image\\\/\"},\"sameAs\":[\"https:\\\/\\\/www.facebook.com\\\/BlogQuerSaberPolitica\\\/\"]},{\"@type\":\"Person\",\"@id\":\"https:\\\/\\\/blogdofarnesio.com.br\\\/#\\\/schema\\\/person\\\/301c4acf522bccbfdb45af95b5b906a1\",\"name\":\"Farn\u00e9sio\",\"image\":{\"@type\":\"ImageObject\",\"inLanguage\":\"pt-BR\",\"@id\":\"https:\\\/\\\/secure.gravatar.com\\\/avatar\\\/df0c9a14567c056f8ad6876ba5bbd1e3e2c48023eb6807342fc4663adf549f38?s=96&d=mm&r=g\",\"url\":\"https:\\\/\\\/secure.gravatar.com\\\/avatar\\\/df0c9a14567c056f8ad6876ba5bbd1e3e2c48023eb6807342fc4663adf549f38?s=96&d=mm&r=g\",\"contentUrl\":\"https:\\\/\\\/secure.gravatar.com\\\/avatar\\\/df0c9a14567c056f8ad6876ba5bbd1e3e2c48023eb6807342fc4663adf549f38?s=96&d=mm&r=g\",\"caption\":\"Farn\u00e9sio\"},\"sameAs\":[\"https:\\\/\\\/quersaberpolitica.com.br\"],\"url\":\"https:\\\/\\\/blogdofarnesio.com.br\\\/?author=1\"}]}<\/script>\n<!-- \/ Yoast SEO plugin. -->","yoast_head_json":{"title":"T\u00e9cnicos da defesa civil analisam riscos na Barragem de Sobradinho e atualizam plano de conting\u00eancia e realiza vistoria - Blog do Farn\u00e9sio","robots":{"index":"index","follow":"follow","max-snippet":"max-snippet:-1","max-image-preview":"max-image-preview:large","max-video-preview":"max-video-preview:-1"},"canonical":"https:\/\/blogdofarnesio.com.br\/?p=280760","og_locale":"pt_BR","og_type":"article","og_title":"T\u00e9cnicos da defesa civil analisam riscos na Barragem de Sobradinho e atualizam plano de conting\u00eancia e realiza vistoria - Blog do Farn\u00e9sio","og_description":"Periodicamente, a equipe de Coordenadoria Municipal de Prote\u00e7\u00e3o e Defesa Civil (COMPDEC), que \u00e9 o \u00f3rg\u00e3o respons\u00e1vel pela execu\u00e7\u00e3o, coordena\u00e7\u00e3o e mobiliza\u00e7\u00e3o de todas as a\u00e7\u00f5es de defesa civil de Petrolina, se re\u00fane para discutir a atualiza\u00e7\u00e3o do plano de conting\u00eancia (PLACON), como tamb\u00e9m as a\u00e7\u00f5es de risco referente \u00e0 Barragem de Sobradinho. Esta semana, mais uma vez, os agentes da defesa civil se dirigiram at\u00e9 a Barragem com o objetivo de realizar uma visita t\u00e9cnica para detectar alguma irregularidade. De acordo com o coordenador da COMPDEC, C\u00edcero Dirceu da Silva, o plano de conting\u00eancia \u00e9 um documento em que est\u00e3o definidas as responsabilidades estabelecidas para atender a uma emerg\u00eancia e tamb\u00e9m as informa\u00e7\u00f5es detalhadas sobre as caracter\u00edsticas da \u00e1rea.\u00a0\u201cRealizamos&hellip;","og_url":"https:\/\/blogdofarnesio.com.br\/?p=280760","og_site_name":"Blog do Farn\u00e9sio","article_publisher":"https:\/\/www.facebook.com\/BlogQuerSaberPolitica\/","article_published_time":"2021-03-12T18:00:41+00:00","og_image":[{"width":640,"height":480,"url":"https:\/\/blogdofarnesio.com.br\/wp-content\/uploads\/2016\/12\/blogqspbarragemsobradinho01-foto-Farn\u00e9sio-Silva09.jpg","type":"image\/jpeg"}],"author":"Farn\u00e9sio","twitter_card":"summary_large_image","twitter_misc":{"Escrito por":"Farn\u00e9sio","Est. tempo de leitura":"2 minutos"},"schema":{"@context":"https:\/\/schema.org","@graph":[{"@type":"Article","@id":"https:\/\/blogdofarnesio.com.br\/?p=280760#article","isPartOf":{"@id":"https:\/\/blogdofarnesio.com.br\/?p=280760"},"author":{"name":"Farn\u00e9sio","@id":"https:\/\/blogdofarnesio.com.br\/#\/schema\/person\/301c4acf522bccbfdb45af95b5b906a1"},"headline":"T\u00e9cnicos da defesa civil analisam riscos na Barragem de Sobradinho e atualizam plano de conting\u00eancia e realiza vistoria","datePublished":"2021-03-12T18:00:41+00:00","mainEntityOfPage":{"@id":"https:\/\/blogdofarnesio.com.br\/?p=280760"},"wordCount":321,"publisher":{"@id":"https:\/\/blogdofarnesio.com.br\/#organization"},"image":{"@id":"https:\/\/blogdofarnesio.com.br\/?p=280760#primaryimage"},"thumbnailUrl":"https:\/\/blogdofarnesio.com.br\/wp-content\/uploads\/2016\/12\/blogqspbarragemsobradinho01-foto-Farn\u00e9sio-Silva09.jpg","articleSection":["Seguran\u00e7a"],"inLanguage":"pt-BR"},{"@type":"WebPage","@id":"https:\/\/blogdofarnesio.com.br\/?p=280760","url":"https:\/\/blogdofarnesio.com.br\/?p=280760","name":"T\u00e9cnicos da defesa civil analisam riscos na Barragem de Sobradinho e atualizam plano de conting\u00eancia e realiza vistoria - Blog do Farn\u00e9sio","isPartOf":{"@id":"https:\/\/blogdofarnesio.com.br\/#website"},"primaryImageOfPage":{"@id":"https:\/\/blogdofarnesio.com.br\/?p=280760#primaryimage"},"image":{"@id":"https:\/\/blogdofarnesio.com.br\/?p=280760#primaryimage"},"thumbnailUrl":"https:\/\/blogdofarnesio.com.br\/wp-content\/uploads\/2016\/12\/blogqspbarragemsobradinho01-foto-Farn\u00e9sio-Silva09.jpg","datePublished":"2021-03-12T18:00:41+00:00","breadcrumb":{"@id":"https:\/\/blogdofarnesio.com.br\/?p=280760#breadcrumb"},"inLanguage":"pt-BR","potentialAction":[{"@type":"ReadAction","target":["https:\/\/blogdofarnesio.com.br\/?p=280760"]}]},{"@type":"ImageObject","inLanguage":"pt-BR","@id":"https:\/\/blogdofarnesio.com.br\/?p=280760#primaryimage","url":"https:\/\/blogdofarnesio.com.br\/wp-content\/uploads\/2016\/12\/blogqspbarragemsobradinho01-foto-Farn\u00e9sio-Silva09.jpg","contentUrl":"https:\/\/blogdofarnesio.com.br\/wp-content\/uploads\/2016\/12\/blogqspbarragemsobradinho01-foto-Farn\u00e9sio-Silva09.jpg","width":640,"height":480,"caption":"Hidrel\u00e9trica de Sobradinho- BA Foto Farn\u00e9sio Silva"},{"@type":"BreadcrumbList","@id":"https:\/\/blogdofarnesio.com.br\/?p=280760#breadcrumb","itemListElement":[{"@type":"ListItem","position":1,"name":"In\u00edcio","item":"https:\/\/blogdofarnesio.com.br\/"},{"@type":"ListItem","position":2,"name":"T\u00e9cnicos da defesa civil analisam riscos na Barragem de Sobradinho e atualizam plano de conting\u00eancia e realiza vistoria"}]},{"@type":"WebSite","@id":"https:\/\/blogdofarnesio.com.br\/#website","url":"https:\/\/blogdofarnesio.com.br\/","name":"Blog do Farn\u00e9sio","description":"Quer Saber Pol\u00edtica?","publisher":{"@id":"https:\/\/blogdofarnesio.com.br\/#organization"},"potentialAction":[{"@type":"SearchAction","target":{"@type":"EntryPoint","urlTemplate":"https:\/\/blogdofarnesio.com.br\/?s={search_term_string}"},"query-input":{"@type":"PropertyValueSpecification","valueRequired":true,"valueName":"search_term_string"}}],"inLanguage":"pt-BR"},{"@type":"Organization","@id":"https:\/\/blogdofarnesio.com.br\/#organization","name":"Blog do Farn\u00e9sio","url":"https:\/\/blogdofarnesio.com.br\/","logo":{"@type":"ImageObject","inLanguage":"pt-BR","@id":"https:\/\/blogdofarnesio.com.br\/#\/schema\/logo\/image\/","url":"https:\/\/blogdofarnesio.com.br\/wp-content\/uploads\/2026\/03\/cropped-logo_new-1.png","contentUrl":"https:\/\/blogdofarnesio.com.br\/wp-content\/uploads\/2026\/03\/cropped-logo_new-1.png","width":881,"height":685,"caption":"Blog do Farn\u00e9sio"},"image":{"@id":"https:\/\/blogdofarnesio.com.br\/#\/schema\/logo\/image\/"},"sameAs":["https:\/\/www.facebook.com\/BlogQuerSaberPolitica\/"]},{"@type":"Person","@id":"https:\/\/blogdofarnesio.com.br\/#\/schema\/person\/301c4acf522bccbfdb45af95b5b906a1","name":"Farn\u00e9sio","image":{"@type":"ImageObject","inLanguage":"pt-BR","@id":"https:\/\/secure.gravatar.com\/avatar\/df0c9a14567c056f8ad6876ba5bbd1e3e2c48023eb6807342fc4663adf549f38?s=96&d=mm&r=g","url":"https:\/\/secure.gravatar.com\/avatar\/df0c9a14567c056f8ad6876ba5bbd1e3e2c48023eb6807342fc4663adf549f38?s=96&d=mm&r=g","contentUrl":"https:\/\/secure.gravatar.com\/avatar\/df0c9a14567c056f8ad6876ba5bbd1e3e2c48023eb6807342fc4663adf549f38?s=96&d=mm&r=g","caption":"Farn\u00e9sio"},"sameAs":["https:\/\/quersaberpolitica.com.br"],"url":"https:\/\/blogdofarnesio.com.br\/?author=1"}]}},"_links":{"self":[{"href":"https:\/\/blogdofarnesio.com.br\/index.php?rest_route=\/wp\/v2\/posts\/280760","targetHints":{"allow":["GET"]}}],"collection":[{"href":"https:\/\/blogdofarnesio.com.br\/index.php?rest_route=\/wp\/v2\/posts"}],"about":[{"href":"https:\/\/blogdofarnesio.com.br\/index.php?rest_route=\/wp\/v2\/types\/post"}],"author":[{"embeddable":true,"href":"https:\/\/blogdofarnesio.com.br\/index.php?rest_route=\/wp\/v2\/users\/1"}],"replies":[{"embeddable":true,"href":"https:\/\/blogdofarnesio.com.br\/index.php?rest_route=%2Fwp%2Fv2%2Fcomments&post=280760"}],"version-history":[{"count":0,"href":"https:\/\/blogdofarnesio.com.br\/index.php?rest_route=\/wp\/v2\/posts\/280760\/revisions"}],"wp:featuredmedia":[{"embeddable":true,"href":"https:\/\/blogdofarnesio.com.br\/index.php?rest_route=\/wp\/v2\/media\/151853"}],"wp:attachment":[{"href":"https:\/\/blogdofarnesio.com.br\/index.php?rest_route=%2Fwp%2Fv2%2Fmedia&parent=280760"}],"wp:term":[{"taxonomy":"category","embeddable":true,"href":"https:\/\/blogdofarnesio.com.br\/index.php?rest_route=%2Fwp%2Fv2%2Fcategories&post=280760"},{"taxonomy":"post_tag","embeddable":true,"href":"https:\/\/blogdofarnesio.com.br\/index.php?rest_route=%2Fwp%2Fv2%2Ftags&post=280760"}],"curies":[{"name":"wp","href":"https:\/\/api.w.org\/{rel}","templated":true}]}}