{"id":280757,"date":"2021-03-12T14:30:41","date_gmt":"2021-03-12T17:30:41","guid":{"rendered":"http:\/\/quersaberpolitica.com.br\/2016\/?p=280757"},"modified":"2021-03-12T14:10:48","modified_gmt":"2021-03-12T17:10:48","slug":"vereadores-de-juazeiro-aprovam-oito-pls-um-deles-para-aquisicao-de-vacinas-do-covid-19","status":"publish","type":"post","link":"https:\/\/blogdofarnesio.com.br\/?p=280757","title":{"rendered":"Vereadores de Juazeiro aprovam oito PL\u2019s, um deles para aquisi\u00e7\u00e3o de vacinas do Covid 19"},"content":{"rendered":"<p style=\"font-weight: 400;\">Na manh\u00e3 desta sexta-feira, 12, os vereadores da C\u00e2mara Municipal de Juazeiro aprovaram por unanimidade, numa sess\u00e3o extraordin\u00e1ria remota, oito Projetos de Lei do Executivo Municipal.<\/p>\n<p style=\"font-weight: 400;\">S\u00e3o eles:<\/p>\n<p style=\"font-weight: 400;\">O Projeto de Lei n\u00ba 3652\/2021 institui, no \u00e2mbito municipal, o Programa de Parcelamento Incentivado (PPI), com objetivo de regulamentar eventuais d\u00e9bitos de concession\u00e1rias ou permission\u00e1rias, bem como de atividades do com\u00e9rcio ambulante e transporte manual do Mercado do Produtor feiras livres mercado e camel\u00f3dromo junto Autarquia Municipal de Abastecimento (AMA).<\/p>\n<p style=\"font-weight: 400;\">Inclusive na sexta-feira (5), o presidente da C\u00e2mara de Vereadores de Juazeiro,\u00a0\u00a0Berg da Carna\u00edba e colega vereador, Dion\u00edsio Gomes, estiveram\u00a0\u00a0no Mercado do Produtor, para conversar com o diretor-administrativo Britoaldo Bessa e este tema foi uma das pautas da reuni\u00e3o. Esse projeto contempla especificamente a Autarquia.<\/p>\n<p style=\"font-weight: 400;\">O Projeto de Lei n\u00b0 3653\/2021 institui no munic\u00edpio o Programa de Est\u00edmulo a Regulariza\u00e7\u00e3o Cadastral de D\u00e9bitos (PROREFIS \u00c1GUA) junto ao Servi\u00e7o Aut\u00f4nomo de \u00c1gua e Saneamento Ambiental (SAAE).<\/p>\n<p style=\"font-weight: 400;\">O Projeto de Lei n\u00b0 3654\/2021\u00a0sobre a concess\u00e3o de servidores p\u00fablicos da administra\u00e7\u00e3o municipal direta, aut\u00e1rquica e funcional do Poder Executivo.<\/p>\n<p style=\"font-weight: 400;\">J\u00e1 o Projeto de Lei n\u00b0 3655\/2021\u00a0implanta, no \u00e2mbito municipal, o Programa de Parcelamento Incentivado &#8211; PPI com vistas \u00e0 regulariza\u00e7\u00e3o de eventuais d\u00e9bitos de concession\u00e1rios e ou permission\u00e1rios, bem como de atividades de com\u00e9rcio ambulante e transporte manual do Mercado do Produtor, feiras livres, mercados e Camelodromo junto \u00e0 Autarquia Municipal de Abastecimento &#8211; AMA abrangendo todo o munic\u00edpio.<\/p>\n<p style=\"font-weight: 400;\">O Projeto de Lei n\u00ba 3.656\/2021 autoriza a Autarquia Municipal de Abastecimento &#8211; AMA a conceder desconto no pagamento de valores de pre\u00e7os referentes \u00e0 concess\u00e3o e ou permiss\u00e3o, bem como \u00e0s atividades de com\u00e9rcio ambulante e transporte manual remunerado de uso de bens e espa\u00e7os p\u00fablicos de sua responsabilidade.<\/p>\n<p style=\"font-weight: 400;\">O Projeto de Lei n\u00ba 3.657\/2021\u00a0incentiva a implanta\u00e7\u00e3o do Sistema de Incentivos Fiscais no munic\u00edpio e Projetos Habitacionais Populares vinculados ao Programa Casa Verde e Amarela \u2013 PCVA.<\/p>\n<p style=\"font-weight: 400;\"><strong>\u00a0<\/strong><\/p>\n<p style=\"font-weight: 400;\">\n<p style=\"font-weight: 400;\">\n<p style=\"font-weight: 400;\">O Projeto de Lei n\u00b0 3657\/2021 incentiva o sistema fiscal do munic\u00edpio de Juazeiro \u00e0 projetos ambientais populares vinculados ao Programa Casa verde e Amarela.<\/p>\n<p style=\"font-weight: 400;\">O Projeto de Lei Complementar n\u00b0 50\/2021 que altera os artigos 200 e 451 da Lei Municipal n\u00ba18, de 12 de abril de 2016, modificado pela Lei Complementar Municipal n\u00ba42, de 6 de dezembro de 2019, que trata do C\u00f3digo de Pol\u00edcia Administrativa.<\/p>\n<p style=\"font-weight: 400;\">E o Projeto de Lei n\u00ba 3.661\/2021, o mais aguardado entre os vereadores e \u00e0 popula\u00e7\u00e3o por tratar de protocolos\u00a0de inten\u00e7\u00f5es firmados entre munic\u00edpios da federa\u00e7\u00e3o brasileira para a aquisi\u00e7\u00e3o de vacinas de combate ao Novo Coronav\u00edrus (Covid 19), bem como para compra de medicamentos, insumos e equipamentos na \u00e1rea de sa\u00fade.<\/p>\n<p style=\"font-weight: 400;\"><em>M\u00f4nia Ramos Jornalista<\/em><\/p>\n<p style=\"font-weight: 400;\"><em>Assessoria da Presid\u00eancia da CMJ<\/em><\/p>\n","protected":false},"excerpt":{"rendered":"<p>Na manh\u00e3 desta sexta-feira, 12, os vereadores da C\u00e2mara Municipal de Juazeiro aprovaram por unanimidade, numa sess\u00e3o extraordin\u00e1ria remota, oito Projetos de Lei do Executivo Municipal. S\u00e3o eles: O Projeto de Lei n\u00ba 3652\/2021 institui, no \u00e2mbito municipal, o Programa de Parcelamento Incentivado (PPI), com objetivo de regulamentar eventuais d\u00e9bitos de concession\u00e1rias ou permission\u00e1rias, bem como de atividades do com\u00e9rcio ambulante e transporte manual do Mercado do Produtor feiras livres mercado e camel\u00f3dromo junto Autarquia Municipal de Abastecimento (AMA). Inclusive na sexta-feira (5), o presidente da C\u00e2mara de Vereadores de Juazeiro,\u00a0\u00a0Berg da Carna\u00edba e colega vereador, Dion\u00edsio Gomes, estiveram\u00a0\u00a0no Mercado do Produtor, para conversar com o diretor-administrativo Britoaldo Bessa e este tema foi uma das pautas da reuni\u00e3o. Esse projeto&hellip; <\/p>\n","protected":false},"author":1,"featured_media":280758,"comment_status":"closed","ping_status":"closed","sticky":false,"template":"","format":"standard","meta":{"_acf_changed":false,"footnotes":""},"categories":[1],"tags":[],"class_list":["post-280757","post","type-post","status-publish","format-standard","has-post-thumbnail","hentry","category-politica"],"acf":[],"yoast_head":"<!-- This site is optimized with the Yoast SEO plugin v27.4 - https:\/\/yoast.com\/product\/yoast-seo-wordpress\/ -->\n<title>Vereadores de Juazeiro aprovam oito PL\u2019s, um deles para aquisi\u00e7\u00e3o de vacinas do Covid 19 - Blog do Farn\u00e9sio<\/title>\n<meta name=\"robots\" content=\"index, follow, max-snippet:-1, max-image-preview:large, max-video-preview:-1\" \/>\n<link rel=\"canonical\" href=\"https:\/\/blogdofarnesio.com.br\/?p=280757\" \/>\n<meta property=\"og:locale\" content=\"pt_BR\" \/>\n<meta property=\"og:type\" content=\"article\" \/>\n<meta property=\"og:title\" content=\"Vereadores de Juazeiro aprovam oito PL\u2019s, um deles para aquisi\u00e7\u00e3o de vacinas do Covid 19 - Blog do Farn\u00e9sio\" \/>\n<meta property=\"og:description\" content=\"Na manh\u00e3 desta sexta-feira, 12, os vereadores da C\u00e2mara Municipal de Juazeiro aprovaram por unanimidade, numa sess\u00e3o extraordin\u00e1ria remota, oito Projetos de Lei do Executivo Municipal. S\u00e3o eles: O Projeto de Lei n\u00ba 3652\/2021 institui, no \u00e2mbito municipal, o Programa de Parcelamento Incentivado (PPI), com objetivo de regulamentar eventuais d\u00e9bitos de concession\u00e1rias ou permission\u00e1rias, bem como de atividades do com\u00e9rcio ambulante e transporte manual do Mercado do Produtor feiras livres mercado e camel\u00f3dromo junto Autarquia Municipal de Abastecimento (AMA). Inclusive na sexta-feira (5), o presidente da C\u00e2mara de Vereadores de Juazeiro,\u00a0\u00a0Berg da Carna\u00edba e colega vereador, Dion\u00edsio Gomes, estiveram\u00a0\u00a0no Mercado do Produtor, para conversar com o diretor-administrativo Britoaldo Bessa e este tema foi uma das pautas da reuni\u00e3o. Esse projeto&hellip;\" \/>\n<meta property=\"og:url\" content=\"https:\/\/blogdofarnesio.com.br\/?p=280757\" \/>\n<meta property=\"og:site_name\" content=\"Blog do Farn\u00e9sio\" \/>\n<meta property=\"article:publisher\" content=\"https:\/\/www.facebook.com\/BlogQuerSaberPolitica\/\" \/>\n<meta property=\"article:published_time\" content=\"2021-03-12T17:30:41+00:00\" \/>\n<meta property=\"og:image\" content=\"https:\/\/blogdofarnesio.com.br\/wp-content\/uploads\/2021\/03\/blogqspjua-camara-sessaoextraordinaria12032021.png\" \/>\n\t<meta property=\"og:image:width\" content=\"838\" \/>\n\t<meta property=\"og:image:height\" content=\"311\" \/>\n\t<meta property=\"og:image:type\" content=\"image\/png\" \/>\n<meta name=\"author\" content=\"Farn\u00e9sio\" \/>\n<meta name=\"twitter:card\" content=\"summary_large_image\" \/>\n<meta name=\"twitter:label1\" content=\"Escrito por\" \/>\n\t<meta name=\"twitter:data1\" content=\"Farn\u00e9sio\" \/>\n\t<meta name=\"twitter:label2\" content=\"Est. tempo de leitura\" \/>\n\t<meta name=\"twitter:data2\" content=\"2 minutos\" \/>\n<script type=\"application\/ld+json\" class=\"yoast-schema-graph\">{\"@context\":\"https:\\\/\\\/schema.org\",\"@graph\":[{\"@type\":\"Article\",\"@id\":\"https:\\\/\\\/blogdofarnesio.com.br\\\/?p=280757#article\",\"isPartOf\":{\"@id\":\"https:\\\/\\\/blogdofarnesio.com.br\\\/?p=280757\"},\"author\":{\"name\":\"Farn\u00e9sio\",\"@id\":\"https:\\\/\\\/blogdofarnesio.com.br\\\/#\\\/schema\\\/person\\\/301c4acf522bccbfdb45af95b5b906a1\"},\"headline\":\"Vereadores de Juazeiro aprovam oito PL\u2019s, um deles para aquisi\u00e7\u00e3o de vacinas do Covid 19\",\"datePublished\":\"2021-03-12T17:30:41+00:00\",\"mainEntityOfPage\":{\"@id\":\"https:\\\/\\\/blogdofarnesio.com.br\\\/?p=280757\"},\"wordCount\":488,\"publisher\":{\"@id\":\"https:\\\/\\\/blogdofarnesio.com.br\\\/#organization\"},\"image\":{\"@id\":\"https:\\\/\\\/blogdofarnesio.com.br\\\/?p=280757#primaryimage\"},\"thumbnailUrl\":\"https:\\\/\\\/blogdofarnesio.com.br\\\/wp-content\\\/uploads\\\/2021\\\/03\\\/blogqspjua-camara-sessaoextraordinaria12032021.png\",\"articleSection\":[\"Pol\u00edtica\"],\"inLanguage\":\"pt-BR\"},{\"@type\":\"WebPage\",\"@id\":\"https:\\\/\\\/blogdofarnesio.com.br\\\/?p=280757\",\"url\":\"https:\\\/\\\/blogdofarnesio.com.br\\\/?p=280757\",\"name\":\"Vereadores de Juazeiro aprovam oito PL\u2019s, um deles para aquisi\u00e7\u00e3o de vacinas do Covid 19 - Blog do Farn\u00e9sio\",\"isPartOf\":{\"@id\":\"https:\\\/\\\/blogdofarnesio.com.br\\\/#website\"},\"primaryImageOfPage\":{\"@id\":\"https:\\\/\\\/blogdofarnesio.com.br\\\/?p=280757#primaryimage\"},\"image\":{\"@id\":\"https:\\\/\\\/blogdofarnesio.com.br\\\/?p=280757#primaryimage\"},\"thumbnailUrl\":\"https:\\\/\\\/blogdofarnesio.com.br\\\/wp-content\\\/uploads\\\/2021\\\/03\\\/blogqspjua-camara-sessaoextraordinaria12032021.png\",\"datePublished\":\"2021-03-12T17:30:41+00:00\",\"breadcrumb\":{\"@id\":\"https:\\\/\\\/blogdofarnesio.com.br\\\/?p=280757#breadcrumb\"},\"inLanguage\":\"pt-BR\",\"potentialAction\":[{\"@type\":\"ReadAction\",\"target\":[\"https:\\\/\\\/blogdofarnesio.com.br\\\/?p=280757\"]}]},{\"@type\":\"ImageObject\",\"inLanguage\":\"pt-BR\",\"@id\":\"https:\\\/\\\/blogdofarnesio.com.br\\\/?p=280757#primaryimage\",\"url\":\"https:\\\/\\\/blogdofarnesio.com.br\\\/wp-content\\\/uploads\\\/2021\\\/03\\\/blogqspjua-camara-sessaoextraordinaria12032021.png\",\"contentUrl\":\"https:\\\/\\\/blogdofarnesio.com.br\\\/wp-content\\\/uploads\\\/2021\\\/03\\\/blogqspjua-camara-sessaoextraordinaria12032021.png\",\"width\":838,\"height\":311},{\"@type\":\"BreadcrumbList\",\"@id\":\"https:\\\/\\\/blogdofarnesio.com.br\\\/?p=280757#breadcrumb\",\"itemListElement\":[{\"@type\":\"ListItem\",\"position\":1,\"name\":\"In\u00edcio\",\"item\":\"https:\\\/\\\/blogdofarnesio.com.br\\\/\"},{\"@type\":\"ListItem\",\"position\":2,\"name\":\"Vereadores de Juazeiro aprovam oito PL\u2019s, um deles para aquisi\u00e7\u00e3o de vacinas do Covid 19\"}]},{\"@type\":\"WebSite\",\"@id\":\"https:\\\/\\\/blogdofarnesio.com.br\\\/#website\",\"url\":\"https:\\\/\\\/blogdofarnesio.com.br\\\/\",\"name\":\"Blog do Farn\u00e9sio\",\"description\":\"Quer Saber Pol\u00edtica?\",\"publisher\":{\"@id\":\"https:\\\/\\\/blogdofarnesio.com.br\\\/#organization\"},\"potentialAction\":[{\"@type\":\"SearchAction\",\"target\":{\"@type\":\"EntryPoint\",\"urlTemplate\":\"https:\\\/\\\/blogdofarnesio.com.br\\\/?s={search_term_string}\"},\"query-input\":{\"@type\":\"PropertyValueSpecification\",\"valueRequired\":true,\"valueName\":\"search_term_string\"}}],\"inLanguage\":\"pt-BR\"},{\"@type\":\"Organization\",\"@id\":\"https:\\\/\\\/blogdofarnesio.com.br\\\/#organization\",\"name\":\"Blog do Farn\u00e9sio\",\"url\":\"https:\\\/\\\/blogdofarnesio.com.br\\\/\",\"logo\":{\"@type\":\"ImageObject\",\"inLanguage\":\"pt-BR\",\"@id\":\"https:\\\/\\\/blogdofarnesio.com.br\\\/#\\\/schema\\\/logo\\\/image\\\/\",\"url\":\"https:\\\/\\\/blogdofarnesio.com.br\\\/wp-content\\\/uploads\\\/2026\\\/03\\\/cropped-logo_new-1.png\",\"contentUrl\":\"https:\\\/\\\/blogdofarnesio.com.br\\\/wp-content\\\/uploads\\\/2026\\\/03\\\/cropped-logo_new-1.png\",\"width\":881,\"height\":685,\"caption\":\"Blog do Farn\u00e9sio\"},\"image\":{\"@id\":\"https:\\\/\\\/blogdofarnesio.com.br\\\/#\\\/schema\\\/logo\\\/image\\\/\"},\"sameAs\":[\"https:\\\/\\\/www.facebook.com\\\/BlogQuerSaberPolitica\\\/\"]},{\"@type\":\"Person\",\"@id\":\"https:\\\/\\\/blogdofarnesio.com.br\\\/#\\\/schema\\\/person\\\/301c4acf522bccbfdb45af95b5b906a1\",\"name\":\"Farn\u00e9sio\",\"image\":{\"@type\":\"ImageObject\",\"inLanguage\":\"pt-BR\",\"@id\":\"https:\\\/\\\/secure.gravatar.com\\\/avatar\\\/df0c9a14567c056f8ad6876ba5bbd1e3e2c48023eb6807342fc4663adf549f38?s=96&d=mm&r=g\",\"url\":\"https:\\\/\\\/secure.gravatar.com\\\/avatar\\\/df0c9a14567c056f8ad6876ba5bbd1e3e2c48023eb6807342fc4663adf549f38?s=96&d=mm&r=g\",\"contentUrl\":\"https:\\\/\\\/secure.gravatar.com\\\/avatar\\\/df0c9a14567c056f8ad6876ba5bbd1e3e2c48023eb6807342fc4663adf549f38?s=96&d=mm&r=g\",\"caption\":\"Farn\u00e9sio\"},\"sameAs\":[\"https:\\\/\\\/quersaberpolitica.com.br\"],\"url\":\"https:\\\/\\\/blogdofarnesio.com.br\\\/?author=1\"}]}<\/script>\n<!-- \/ Yoast SEO plugin. -->","yoast_head_json":{"title":"Vereadores de Juazeiro aprovam oito PL\u2019s, um deles para aquisi\u00e7\u00e3o de vacinas do Covid 19 - Blog do Farn\u00e9sio","robots":{"index":"index","follow":"follow","max-snippet":"max-snippet:-1","max-image-preview":"max-image-preview:large","max-video-preview":"max-video-preview:-1"},"canonical":"https:\/\/blogdofarnesio.com.br\/?p=280757","og_locale":"pt_BR","og_type":"article","og_title":"Vereadores de Juazeiro aprovam oito PL\u2019s, um deles para aquisi\u00e7\u00e3o de vacinas do Covid 19 - Blog do Farn\u00e9sio","og_description":"Na manh\u00e3 desta sexta-feira, 12, os vereadores da C\u00e2mara Municipal de Juazeiro aprovaram por unanimidade, numa sess\u00e3o extraordin\u00e1ria remota, oito Projetos de Lei do Executivo Municipal. S\u00e3o eles: O Projeto de Lei n\u00ba 3652\/2021 institui, no \u00e2mbito municipal, o Programa de Parcelamento Incentivado (PPI), com objetivo de regulamentar eventuais d\u00e9bitos de concession\u00e1rias ou permission\u00e1rias, bem como de atividades do com\u00e9rcio ambulante e transporte manual do Mercado do Produtor feiras livres mercado e camel\u00f3dromo junto Autarquia Municipal de Abastecimento (AMA). Inclusive na sexta-feira (5), o presidente da C\u00e2mara de Vereadores de Juazeiro,\u00a0\u00a0Berg da Carna\u00edba e colega vereador, Dion\u00edsio Gomes, estiveram\u00a0\u00a0no Mercado do Produtor, para conversar com o diretor-administrativo Britoaldo Bessa e este tema foi uma das pautas da reuni\u00e3o. Esse projeto&hellip;","og_url":"https:\/\/blogdofarnesio.com.br\/?p=280757","og_site_name":"Blog do Farn\u00e9sio","article_publisher":"https:\/\/www.facebook.com\/BlogQuerSaberPolitica\/","article_published_time":"2021-03-12T17:30:41+00:00","og_image":[{"width":838,"height":311,"url":"https:\/\/blogdofarnesio.com.br\/wp-content\/uploads\/2021\/03\/blogqspjua-camara-sessaoextraordinaria12032021.png","type":"image\/png"}],"author":"Farn\u00e9sio","twitter_card":"summary_large_image","twitter_misc":{"Escrito por":"Farn\u00e9sio","Est. tempo de leitura":"2 minutos"},"schema":{"@context":"https:\/\/schema.org","@graph":[{"@type":"Article","@id":"https:\/\/blogdofarnesio.com.br\/?p=280757#article","isPartOf":{"@id":"https:\/\/blogdofarnesio.com.br\/?p=280757"},"author":{"name":"Farn\u00e9sio","@id":"https:\/\/blogdofarnesio.com.br\/#\/schema\/person\/301c4acf522bccbfdb45af95b5b906a1"},"headline":"Vereadores de Juazeiro aprovam oito PL\u2019s, um deles para aquisi\u00e7\u00e3o de vacinas do Covid 19","datePublished":"2021-03-12T17:30:41+00:00","mainEntityOfPage":{"@id":"https:\/\/blogdofarnesio.com.br\/?p=280757"},"wordCount":488,"publisher":{"@id":"https:\/\/blogdofarnesio.com.br\/#organization"},"image":{"@id":"https:\/\/blogdofarnesio.com.br\/?p=280757#primaryimage"},"thumbnailUrl":"https:\/\/blogdofarnesio.com.br\/wp-content\/uploads\/2021\/03\/blogqspjua-camara-sessaoextraordinaria12032021.png","articleSection":["Pol\u00edtica"],"inLanguage":"pt-BR"},{"@type":"WebPage","@id":"https:\/\/blogdofarnesio.com.br\/?p=280757","url":"https:\/\/blogdofarnesio.com.br\/?p=280757","name":"Vereadores de Juazeiro aprovam oito PL\u2019s, um deles para aquisi\u00e7\u00e3o de vacinas do Covid 19 - Blog do Farn\u00e9sio","isPartOf":{"@id":"https:\/\/blogdofarnesio.com.br\/#website"},"primaryImageOfPage":{"@id":"https:\/\/blogdofarnesio.com.br\/?p=280757#primaryimage"},"image":{"@id":"https:\/\/blogdofarnesio.com.br\/?p=280757#primaryimage"},"thumbnailUrl":"https:\/\/blogdofarnesio.com.br\/wp-content\/uploads\/2021\/03\/blogqspjua-camara-sessaoextraordinaria12032021.png","datePublished":"2021-03-12T17:30:41+00:00","breadcrumb":{"@id":"https:\/\/blogdofarnesio.com.br\/?p=280757#breadcrumb"},"inLanguage":"pt-BR","potentialAction":[{"@type":"ReadAction","target":["https:\/\/blogdofarnesio.com.br\/?p=280757"]}]},{"@type":"ImageObject","inLanguage":"pt-BR","@id":"https:\/\/blogdofarnesio.com.br\/?p=280757#primaryimage","url":"https:\/\/blogdofarnesio.com.br\/wp-content\/uploads\/2021\/03\/blogqspjua-camara-sessaoextraordinaria12032021.png","contentUrl":"https:\/\/blogdofarnesio.com.br\/wp-content\/uploads\/2021\/03\/blogqspjua-camara-sessaoextraordinaria12032021.png","width":838,"height":311},{"@type":"BreadcrumbList","@id":"https:\/\/blogdofarnesio.com.br\/?p=280757#breadcrumb","itemListElement":[{"@type":"ListItem","position":1,"name":"In\u00edcio","item":"https:\/\/blogdofarnesio.com.br\/"},{"@type":"ListItem","position":2,"name":"Vereadores de Juazeiro aprovam oito PL\u2019s, um deles para aquisi\u00e7\u00e3o de vacinas do Covid 19"}]},{"@type":"WebSite","@id":"https:\/\/blogdofarnesio.com.br\/#website","url":"https:\/\/blogdofarnesio.com.br\/","name":"Blog do Farn\u00e9sio","description":"Quer Saber Pol\u00edtica?","publisher":{"@id":"https:\/\/blogdofarnesio.com.br\/#organization"},"potentialAction":[{"@type":"SearchAction","target":{"@type":"EntryPoint","urlTemplate":"https:\/\/blogdofarnesio.com.br\/?s={search_term_string}"},"query-input":{"@type":"PropertyValueSpecification","valueRequired":true,"valueName":"search_term_string"}}],"inLanguage":"pt-BR"},{"@type":"Organization","@id":"https:\/\/blogdofarnesio.com.br\/#organization","name":"Blog do Farn\u00e9sio","url":"https:\/\/blogdofarnesio.com.br\/","logo":{"@type":"ImageObject","inLanguage":"pt-BR","@id":"https:\/\/blogdofarnesio.com.br\/#\/schema\/logo\/image\/","url":"https:\/\/blogdofarnesio.com.br\/wp-content\/uploads\/2026\/03\/cropped-logo_new-1.png","contentUrl":"https:\/\/blogdofarnesio.com.br\/wp-content\/uploads\/2026\/03\/cropped-logo_new-1.png","width":881,"height":685,"caption":"Blog do Farn\u00e9sio"},"image":{"@id":"https:\/\/blogdofarnesio.com.br\/#\/schema\/logo\/image\/"},"sameAs":["https:\/\/www.facebook.com\/BlogQuerSaberPolitica\/"]},{"@type":"Person","@id":"https:\/\/blogdofarnesio.com.br\/#\/schema\/person\/301c4acf522bccbfdb45af95b5b906a1","name":"Farn\u00e9sio","image":{"@type":"ImageObject","inLanguage":"pt-BR","@id":"https:\/\/secure.gravatar.com\/avatar\/df0c9a14567c056f8ad6876ba5bbd1e3e2c48023eb6807342fc4663adf549f38?s=96&d=mm&r=g","url":"https:\/\/secure.gravatar.com\/avatar\/df0c9a14567c056f8ad6876ba5bbd1e3e2c48023eb6807342fc4663adf549f38?s=96&d=mm&r=g","contentUrl":"https:\/\/secure.gravatar.com\/avatar\/df0c9a14567c056f8ad6876ba5bbd1e3e2c48023eb6807342fc4663adf549f38?s=96&d=mm&r=g","caption":"Farn\u00e9sio"},"sameAs":["https:\/\/quersaberpolitica.com.br"],"url":"https:\/\/blogdofarnesio.com.br\/?author=1"}]}},"_links":{"self":[{"href":"https:\/\/blogdofarnesio.com.br\/index.php?rest_route=\/wp\/v2\/posts\/280757","targetHints":{"allow":["GET"]}}],"collection":[{"href":"https:\/\/blogdofarnesio.com.br\/index.php?rest_route=\/wp\/v2\/posts"}],"about":[{"href":"https:\/\/blogdofarnesio.com.br\/index.php?rest_route=\/wp\/v2\/types\/post"}],"author":[{"embeddable":true,"href":"https:\/\/blogdofarnesio.com.br\/index.php?rest_route=\/wp\/v2\/users\/1"}],"replies":[{"embeddable":true,"href":"https:\/\/blogdofarnesio.com.br\/index.php?rest_route=%2Fwp%2Fv2%2Fcomments&post=280757"}],"version-history":[{"count":0,"href":"https:\/\/blogdofarnesio.com.br\/index.php?rest_route=\/wp\/v2\/posts\/280757\/revisions"}],"wp:featuredmedia":[{"embeddable":true,"href":"https:\/\/blogdofarnesio.com.br\/index.php?rest_route=\/wp\/v2\/media\/280758"}],"wp:attachment":[{"href":"https:\/\/blogdofarnesio.com.br\/index.php?rest_route=%2Fwp%2Fv2%2Fmedia&parent=280757"}],"wp:term":[{"taxonomy":"category","embeddable":true,"href":"https:\/\/blogdofarnesio.com.br\/index.php?rest_route=%2Fwp%2Fv2%2Fcategories&post=280757"},{"taxonomy":"post_tag","embeddable":true,"href":"https:\/\/blogdofarnesio.com.br\/index.php?rest_route=%2Fwp%2Fv2%2Ftags&post=280757"}],"curies":[{"name":"wp","href":"https:\/\/api.w.org\/{rel}","templated":true}]}}