{"id":280745,"date":"2021-03-12T11:32:35","date_gmt":"2021-03-12T14:32:35","guid":{"rendered":"http:\/\/quersaberpolitica.com.br\/2016\/?p=280745"},"modified":"2021-03-12T07:47:29","modified_gmt":"2021-03-12T10:47:29","slug":"marco-aurelio-chama-fux-de-autoritario-e-diz-que-nao-sera-colocado-em-camisa-de-forca","status":"publish","type":"post","link":"https:\/\/blogdofarnesio.com.br\/?p=280745","title":{"rendered":"Marco Aur\u00e9lio chama Fux de &#8216;autorit\u00e1rio&#8217; e diz que n\u00e3o ser\u00e1 colocado em &#8216;camisa de for\u00e7a&#8217;"},"content":{"rendered":"<div class=\"box-title\"><\/div>\n<div class=\"box-body\" data-io-article-url=\"https:\/\/www.bahianoticias.com.br\/\">\n<div class=\"text-descricao\">\n<p>Era apenas um pedido do ministro Alexandre de Moraes para adiar o julgamento da den\u00fancia contra ao deputado Daniel Silveira (PSL-RJ), agendada originalmente para esta quinta-feira; mas virou uma discuss\u00e3o tensa no plen\u00e1rio no Supremo Tribunal Federal (STF).<\/p>\n<p>Moraes pediu para o caso ser adiado, porque a defesa pediu mais 15 dias para se manifestar. Marco Aur\u00e9lio Mello pediu, ent\u00e3o, para ser votada a substitui\u00e7\u00e3o da pris\u00e3o de Silveira por medidas mais brandas previstas em lei, como,por exemplo,o uso de tornozeleira eletr\u00f4nica.<\/p>\n<p>Moraes argumentou que ele era o relator. Como havia pedido para o julgamento ser adiado, outro ministro n\u00e3o teria o direito de colocar o caso em vota\u00e7\u00e3o. O presidente do STF, Luiz Fux, concordou com o relator. Marco Aur\u00e9lio se indignou: chamou Fux de autorit\u00e1rio e disse que n\u00e3o aceita ser colocado em uma camisa de for\u00e7a, de acordo com o Globo.<\/p>\n<p>&#8220;Com todo o respeito que eu tenho ao ministro Marco Aur\u00e9lio, se assim for, amanh\u00e3 eu trago uma lista de processos em que eu queira me manifestar e pe\u00e7o para vossa excel\u00eancia (Fux) apregoar, mesmo o relator n\u00e3o trazendo o processo. Isso \u00e9 um desrespeito ao relator&#8221;, protestou Moraes.<\/p>\n<p>&nbsp;<\/p>\n<p>&#8220;Longe de mim desrespeitar o relator, ainda mais se o relator \u00e9 um xerife&#8221;, provocou Marco Aur\u00e9lio.<\/p>\n<p>&nbsp;<\/p>\n<p>&#8220;Eu s\u00f3 pediria ao tribunal que n\u00f3s mantiv\u00e9ssemos aquela regra de ouro: dissenso n\u00e3o \u00e9 disc\u00f3rdia. Vamos debater rapidamente esta quest\u00e3o&#8221;, pediu Fux.<\/p>\n<p>&nbsp;<\/p>\n<p>Por fim, Fux apoiou Moraes e explicou que, se o relator tinha pedido adiamento do processo, Marco Aur\u00e9lio n\u00e3o poderia colocar a quest\u00e3o de ordem em vota\u00e7\u00e3o. O ministro ficou revoltado com o presidente da Corte, a quem chamou de autorit\u00e1rio.<\/p>\n<p>&nbsp;<\/p>\n<p>&#8220;Se o tribunal entende que n\u00e3o \u00e9 oportuno o exame (da proposta), fico vencido na quest\u00e3o de ordem que suscitei. Agora, n\u00e3o posso silenciar e ser colocado numa camisa de for\u00e7a a essa altura da vida. N\u00e3o aceito morda\u00e7a!&#8221;, disse Marco Aur\u00e9lio.<\/p>\n<p>&nbsp;<\/p>\n<p>Antes que Fux conseguisse concluir uma frase, o ministro retomou a palavra. &#8220;Vossa excel\u00eancia tudo pode, eu j\u00e1 disse: vossa excel\u00eancia \u00e9 autorit\u00e1rio. Vossa excel\u00eancia n\u00e3o submete ao colegiado proposta de um colega. Muito bem, paci\u00eancia, os tempos s\u00e3o estranhos e vossa excel\u00eancia colabora para eles serem mais estranhos ainda&#8221;, atacou.<\/p>\n<p>&nbsp;<\/p>\n<p>&#8220;Eu n\u00e3o aceito essa pecha de vossa excel\u00eancia. Mas, enfim, vou decidir que, como o relator n\u00e3o apregoou o processo, n\u00f3s n\u00e3o temos o que decidir. Est\u00e1 adiado o feito e o relator apreciar\u00e1 as medidas de constri\u00e7\u00e3o&#8221;, concluiu Fux.<\/p>\n<p>&nbsp;<\/p>\n<p>Estava na pauta a den\u00fancia apresentada pela Procuradoria-Geral da Rep\u00fablica (PGR) contra Daniel Silveira por amea\u00e7as \u00e0 Corte. Como o novo prazo concedido \u00e0 defesa, Moraes informou que pautar\u00e1 o caso novamente assim que os advogados enviarem manifesta\u00e7\u00e3o ao tribunal. O relator tamb\u00e9m informou que analisar\u00e1 sozinho o pedido de liberdade feito pela defesa e tamb\u00e9m o pedido da PGR para que Silveira seja submetido \u00e0 tornozeleira eletr\u00f4nica.<\/p>\n<p>&nbsp;<\/p>\n<p>Se o plen\u00e1rio do STF receber a den\u00fancia contra o parlamentar, ele passar\u00e1 \u00e0 condi\u00e7\u00e3o de r\u00e9u em a\u00e7\u00e3o penal. Silveira foi preso em flagrante no dia 16 de fevereiro, depois de ter postado na internet um v\u00eddeo com ataques a ministros do STF e defesa de medidas antidemocr\u00e1ticas, como a institui\u00e7\u00e3o do AI-5, a norma que endureceu a ditadura militar. Primeiro ele foi levado para a carceragem da Pol\u00edcia Federal e, em seguida, para o Batalh\u00e3o Especial Prisional da Pol\u00edcia Militar, em Niter\u00f3i (RJ).<\/p>\n<p>&nbsp;<\/p>\n<p>Na den\u00fancia, a PGR enquadra Silveira nos crimes de coa\u00e7\u00e3o no curso do processo, previsto no C\u00f3digo Penal. Al\u00e9m disso, a den\u00fancia tamb\u00e9m trata de incita\u00e7\u00e3o de animosidade entre as For\u00e7as Armadas ou entre estas e as classes sociais ou as institui\u00e7\u00f5es civis e incita\u00e7\u00e3o de outros crimes para tentar impedir, com o emprego de viol\u00eancia ou grave amea\u00e7a, o livre exerc\u00edcio de qualquer dos Poderes da Uni\u00e3o ou dos Estados, previstos na Lei de Seguran\u00e7a Nacional.<\/p>\n<p>&nbsp;<\/p>\n<p>Depois da pris\u00e3o em flagrante, o plen\u00e1rio do Supremo e a C\u00e2mara dos Deputados confirmaram a medida e mantiveram Silveira atr\u00e1s das grades. Na semana passada, a PGR recomendou que o deputado fosse libertado e voltasse a frequentar a C\u00e2mara, com uma tornozeleira eletr\u00f4nica instalada no corpo. Moraes disse a interlocutores que n\u00e3o levar\u00e1 em conta apenas esse parecer ao tomar a aguardada decis\u00e3o sobre o destino do parlamentar. O relator deve levar em considera\u00e7\u00e3o tamb\u00e9m o relat\u00f3rio da Pol\u00edcia Federal sobre os dois telefones celulares encontrados na carceragem junto com o deputado. Para Moraes, o caso \u00e9 grave e comprova a insubordina\u00e7\u00e3o do deputado.<\/p>\n<p>&nbsp;<\/p>\n<p>A C\u00e2mara dos Deputados, por\u00e9m, tem pressionado o STF para que Silveira seja libertado logo, nas condi\u00e7\u00f5es sugeridas pela PGR. De outro, Moraes n\u00e3o quer tirar Silveira agora da pris\u00e3o, para evitar protestos contra a decis\u00e3o. Um poss\u00edvel meio termo seria o ministro tirar Silveira da cadeia, mas colocar em pris\u00e3o domiciliar, sem dar a ele o direito a retornar \u00e0s atividades parlamentares. A medida seria mais r\u00edgida do que a tornozeleira eletr\u00f4nica, por\u00e9m mais branda do que manter o parlamentar atr\u00e1s das grades.<\/p>\n<\/div>\n<\/div>\n","protected":false},"excerpt":{"rendered":"<p>Era apenas um pedido do ministro Alexandre de Moraes para adiar o julgamento da den\u00fancia contra ao deputado Daniel Silveira (PSL-RJ), agendada originalmente para esta quinta-feira; mas virou uma discuss\u00e3o tensa no plen\u00e1rio no Supremo Tribunal Federal (STF). Moraes pediu para o caso ser adiado, porque a defesa pediu mais 15 dias para se manifestar. Marco Aur\u00e9lio Mello pediu, ent\u00e3o, para ser votada a substitui\u00e7\u00e3o da pris\u00e3o de Silveira por medidas mais brandas previstas em lei, como,por exemplo,o uso de tornozeleira eletr\u00f4nica. Moraes argumentou que ele era o relator. Como havia pedido para o julgamento ser adiado, outro ministro n\u00e3o teria o direito de colocar o caso em vota\u00e7\u00e3o. O presidente do STF, Luiz Fux, concordou com o relator. Marco&hellip; <\/p>\n","protected":false},"author":1,"featured_media":201466,"comment_status":"closed","ping_status":"closed","sticky":false,"template":"","format":"standard","meta":{"_acf_changed":false,"footnotes":""},"categories":[23],"tags":[],"class_list":["post-280745","post","type-post","status-publish","format-standard","has-post-thumbnail","hentry","category-justica"],"acf":[],"yoast_head":"<!-- This site is optimized with the Yoast SEO plugin v27.4 - https:\/\/yoast.com\/product\/yoast-seo-wordpress\/ -->\n<title>Marco Aur\u00e9lio chama Fux de &#039;autorit\u00e1rio&#039; e diz que n\u00e3o ser\u00e1 colocado em &#039;camisa de for\u00e7a&#039; - Blog do Farn\u00e9sio<\/title>\n<meta name=\"robots\" content=\"index, follow, max-snippet:-1, max-image-preview:large, max-video-preview:-1\" \/>\n<link rel=\"canonical\" href=\"https:\/\/blogdofarnesio.com.br\/?p=280745\" \/>\n<meta property=\"og:locale\" content=\"pt_BR\" \/>\n<meta property=\"og:type\" content=\"article\" \/>\n<meta property=\"og:title\" content=\"Marco Aur\u00e9lio chama Fux de &#039;autorit\u00e1rio&#039; e diz que n\u00e3o ser\u00e1 colocado em &#039;camisa de for\u00e7a&#039; - Blog do Farn\u00e9sio\" \/>\n<meta property=\"og:description\" content=\"Era apenas um pedido do ministro Alexandre de Moraes para adiar o julgamento da den\u00fancia contra ao deputado Daniel Silveira (PSL-RJ), agendada originalmente para esta quinta-feira; mas virou uma discuss\u00e3o tensa no plen\u00e1rio no Supremo Tribunal Federal (STF). Moraes pediu para o caso ser adiado, porque a defesa pediu mais 15 dias para se manifestar. Marco Aur\u00e9lio Mello pediu, ent\u00e3o, para ser votada a substitui\u00e7\u00e3o da pris\u00e3o de Silveira por medidas mais brandas previstas em lei, como,por exemplo,o uso de tornozeleira eletr\u00f4nica. Moraes argumentou que ele era o relator. Como havia pedido para o julgamento ser adiado, outro ministro n\u00e3o teria o direito de colocar o caso em vota\u00e7\u00e3o. O presidente do STF, Luiz Fux, concordou com o relator. Marco&hellip;\" \/>\n<meta property=\"og:url\" content=\"https:\/\/blogdofarnesio.com.br\/?p=280745\" \/>\n<meta property=\"og:site_name\" content=\"Blog do Farn\u00e9sio\" \/>\n<meta property=\"article:publisher\" content=\"https:\/\/www.facebook.com\/BlogQuerSaberPolitica\/\" \/>\n<meta property=\"article:published_time\" content=\"2021-03-12T14:32:35+00:00\" \/>\n<meta property=\"og:image\" content=\"https:\/\/blogdofarnesio.com.br\/wp-content\/uploads\/2018\/06\/blogqspstfMarco_Aurelio_Melo-1024x835-868x644-e1529862311915.jpg\" \/>\n\t<meta property=\"og:image:width\" content=\"668\" \/>\n\t<meta property=\"og:image:height\" content=\"496\" \/>\n\t<meta property=\"og:image:type\" content=\"image\/jpeg\" \/>\n<meta name=\"author\" content=\"Farn\u00e9sio\" \/>\n<meta name=\"twitter:card\" content=\"summary_large_image\" \/>\n<meta name=\"twitter:label1\" content=\"Escrito por\" \/>\n\t<meta name=\"twitter:data1\" content=\"Farn\u00e9sio\" \/>\n\t<meta name=\"twitter:label2\" content=\"Est. tempo de leitura\" \/>\n\t<meta name=\"twitter:data2\" content=\"5 minutos\" \/>\n<script type=\"application\/ld+json\" class=\"yoast-schema-graph\">{\"@context\":\"https:\\\/\\\/schema.org\",\"@graph\":[{\"@type\":\"Article\",\"@id\":\"https:\\\/\\\/blogdofarnesio.com.br\\\/?p=280745#article\",\"isPartOf\":{\"@id\":\"https:\\\/\\\/blogdofarnesio.com.br\\\/?p=280745\"},\"author\":{\"name\":\"Farn\u00e9sio\",\"@id\":\"https:\\\/\\\/blogdofarnesio.com.br\\\/#\\\/schema\\\/person\\\/301c4acf522bccbfdb45af95b5b906a1\"},\"headline\":\"Marco Aur\u00e9lio chama Fux de &#8216;autorit\u00e1rio&#8217; e diz que n\u00e3o ser\u00e1 colocado em &#8216;camisa de for\u00e7a&#8217;\",\"datePublished\":\"2021-03-12T14:32:35+00:00\",\"mainEntityOfPage\":{\"@id\":\"https:\\\/\\\/blogdofarnesio.com.br\\\/?p=280745\"},\"wordCount\":956,\"publisher\":{\"@id\":\"https:\\\/\\\/blogdofarnesio.com.br\\\/#organization\"},\"image\":{\"@id\":\"https:\\\/\\\/blogdofarnesio.com.br\\\/?p=280745#primaryimage\"},\"thumbnailUrl\":\"https:\\\/\\\/blogdofarnesio.com.br\\\/wp-content\\\/uploads\\\/2018\\\/06\\\/blogqspstfMarco_Aurelio_Melo-1024x835-868x644-e1529862311915.jpg\",\"articleSection\":[\"Justi\u00e7a\"],\"inLanguage\":\"pt-BR\"},{\"@type\":\"WebPage\",\"@id\":\"https:\\\/\\\/blogdofarnesio.com.br\\\/?p=280745\",\"url\":\"https:\\\/\\\/blogdofarnesio.com.br\\\/?p=280745\",\"name\":\"Marco Aur\u00e9lio chama Fux de 'autorit\u00e1rio' e diz que n\u00e3o ser\u00e1 colocado em 'camisa de for\u00e7a' - Blog do Farn\u00e9sio\",\"isPartOf\":{\"@id\":\"https:\\\/\\\/blogdofarnesio.com.br\\\/#website\"},\"primaryImageOfPage\":{\"@id\":\"https:\\\/\\\/blogdofarnesio.com.br\\\/?p=280745#primaryimage\"},\"image\":{\"@id\":\"https:\\\/\\\/blogdofarnesio.com.br\\\/?p=280745#primaryimage\"},\"thumbnailUrl\":\"https:\\\/\\\/blogdofarnesio.com.br\\\/wp-content\\\/uploads\\\/2018\\\/06\\\/blogqspstfMarco_Aurelio_Melo-1024x835-868x644-e1529862311915.jpg\",\"datePublished\":\"2021-03-12T14:32:35+00:00\",\"breadcrumb\":{\"@id\":\"https:\\\/\\\/blogdofarnesio.com.br\\\/?p=280745#breadcrumb\"},\"inLanguage\":\"pt-BR\",\"potentialAction\":[{\"@type\":\"ReadAction\",\"target\":[\"https:\\\/\\\/blogdofarnesio.com.br\\\/?p=280745\"]}]},{\"@type\":\"ImageObject\",\"inLanguage\":\"pt-BR\",\"@id\":\"https:\\\/\\\/blogdofarnesio.com.br\\\/?p=280745#primaryimage\",\"url\":\"https:\\\/\\\/blogdofarnesio.com.br\\\/wp-content\\\/uploads\\\/2018\\\/06\\\/blogqspstfMarco_Aurelio_Melo-1024x835-868x644-e1529862311915.jpg\",\"contentUrl\":\"https:\\\/\\\/blogdofarnesio.com.br\\\/wp-content\\\/uploads\\\/2018\\\/06\\\/blogqspstfMarco_Aurelio_Melo-1024x835-868x644-e1529862311915.jpg\",\"width\":668,\"height\":496},{\"@type\":\"BreadcrumbList\",\"@id\":\"https:\\\/\\\/blogdofarnesio.com.br\\\/?p=280745#breadcrumb\",\"itemListElement\":[{\"@type\":\"ListItem\",\"position\":1,\"name\":\"In\u00edcio\",\"item\":\"https:\\\/\\\/blogdofarnesio.com.br\\\/\"},{\"@type\":\"ListItem\",\"position\":2,\"name\":\"Marco Aur\u00e9lio chama Fux de &#8216;autorit\u00e1rio&#8217; e diz que n\u00e3o ser\u00e1 colocado em &#8216;camisa de for\u00e7a&#8217;\"}]},{\"@type\":\"WebSite\",\"@id\":\"https:\\\/\\\/blogdofarnesio.com.br\\\/#website\",\"url\":\"https:\\\/\\\/blogdofarnesio.com.br\\\/\",\"name\":\"Blog do Farn\u00e9sio\",\"description\":\"Quer Saber Pol\u00edtica?\",\"publisher\":{\"@id\":\"https:\\\/\\\/blogdofarnesio.com.br\\\/#organization\"},\"potentialAction\":[{\"@type\":\"SearchAction\",\"target\":{\"@type\":\"EntryPoint\",\"urlTemplate\":\"https:\\\/\\\/blogdofarnesio.com.br\\\/?s={search_term_string}\"},\"query-input\":{\"@type\":\"PropertyValueSpecification\",\"valueRequired\":true,\"valueName\":\"search_term_string\"}}],\"inLanguage\":\"pt-BR\"},{\"@type\":\"Organization\",\"@id\":\"https:\\\/\\\/blogdofarnesio.com.br\\\/#organization\",\"name\":\"Blog do Farn\u00e9sio\",\"url\":\"https:\\\/\\\/blogdofarnesio.com.br\\\/\",\"logo\":{\"@type\":\"ImageObject\",\"inLanguage\":\"pt-BR\",\"@id\":\"https:\\\/\\\/blogdofarnesio.com.br\\\/#\\\/schema\\\/logo\\\/image\\\/\",\"url\":\"https:\\\/\\\/blogdofarnesio.com.br\\\/wp-content\\\/uploads\\\/2026\\\/03\\\/cropped-logo_new-1.png\",\"contentUrl\":\"https:\\\/\\\/blogdofarnesio.com.br\\\/wp-content\\\/uploads\\\/2026\\\/03\\\/cropped-logo_new-1.png\",\"width\":881,\"height\":685,\"caption\":\"Blog do Farn\u00e9sio\"},\"image\":{\"@id\":\"https:\\\/\\\/blogdofarnesio.com.br\\\/#\\\/schema\\\/logo\\\/image\\\/\"},\"sameAs\":[\"https:\\\/\\\/www.facebook.com\\\/BlogQuerSaberPolitica\\\/\"]},{\"@type\":\"Person\",\"@id\":\"https:\\\/\\\/blogdofarnesio.com.br\\\/#\\\/schema\\\/person\\\/301c4acf522bccbfdb45af95b5b906a1\",\"name\":\"Farn\u00e9sio\",\"image\":{\"@type\":\"ImageObject\",\"inLanguage\":\"pt-BR\",\"@id\":\"https:\\\/\\\/secure.gravatar.com\\\/avatar\\\/df0c9a14567c056f8ad6876ba5bbd1e3e2c48023eb6807342fc4663adf549f38?s=96&d=mm&r=g\",\"url\":\"https:\\\/\\\/secure.gravatar.com\\\/avatar\\\/df0c9a14567c056f8ad6876ba5bbd1e3e2c48023eb6807342fc4663adf549f38?s=96&d=mm&r=g\",\"contentUrl\":\"https:\\\/\\\/secure.gravatar.com\\\/avatar\\\/df0c9a14567c056f8ad6876ba5bbd1e3e2c48023eb6807342fc4663adf549f38?s=96&d=mm&r=g\",\"caption\":\"Farn\u00e9sio\"},\"sameAs\":[\"https:\\\/\\\/quersaberpolitica.com.br\"],\"url\":\"https:\\\/\\\/blogdofarnesio.com.br\\\/?author=1\"}]}<\/script>\n<!-- \/ Yoast SEO plugin. -->","yoast_head_json":{"title":"Marco Aur\u00e9lio chama Fux de 'autorit\u00e1rio' e diz que n\u00e3o ser\u00e1 colocado em 'camisa de for\u00e7a' - Blog do Farn\u00e9sio","robots":{"index":"index","follow":"follow","max-snippet":"max-snippet:-1","max-image-preview":"max-image-preview:large","max-video-preview":"max-video-preview:-1"},"canonical":"https:\/\/blogdofarnesio.com.br\/?p=280745","og_locale":"pt_BR","og_type":"article","og_title":"Marco Aur\u00e9lio chama Fux de 'autorit\u00e1rio' e diz que n\u00e3o ser\u00e1 colocado em 'camisa de for\u00e7a' - Blog do Farn\u00e9sio","og_description":"Era apenas um pedido do ministro Alexandre de Moraes para adiar o julgamento da den\u00fancia contra ao deputado Daniel Silveira (PSL-RJ), agendada originalmente para esta quinta-feira; mas virou uma discuss\u00e3o tensa no plen\u00e1rio no Supremo Tribunal Federal (STF). Moraes pediu para o caso ser adiado, porque a defesa pediu mais 15 dias para se manifestar. Marco Aur\u00e9lio Mello pediu, ent\u00e3o, para ser votada a substitui\u00e7\u00e3o da pris\u00e3o de Silveira por medidas mais brandas previstas em lei, como,por exemplo,o uso de tornozeleira eletr\u00f4nica. Moraes argumentou que ele era o relator. Como havia pedido para o julgamento ser adiado, outro ministro n\u00e3o teria o direito de colocar o caso em vota\u00e7\u00e3o. O presidente do STF, Luiz Fux, concordou com o relator. Marco&hellip;","og_url":"https:\/\/blogdofarnesio.com.br\/?p=280745","og_site_name":"Blog do Farn\u00e9sio","article_publisher":"https:\/\/www.facebook.com\/BlogQuerSaberPolitica\/","article_published_time":"2021-03-12T14:32:35+00:00","og_image":[{"width":668,"height":496,"url":"https:\/\/blogdofarnesio.com.br\/wp-content\/uploads\/2018\/06\/blogqspstfMarco_Aurelio_Melo-1024x835-868x644-e1529862311915.jpg","type":"image\/jpeg"}],"author":"Farn\u00e9sio","twitter_card":"summary_large_image","twitter_misc":{"Escrito por":"Farn\u00e9sio","Est. tempo de leitura":"5 minutos"},"schema":{"@context":"https:\/\/schema.org","@graph":[{"@type":"Article","@id":"https:\/\/blogdofarnesio.com.br\/?p=280745#article","isPartOf":{"@id":"https:\/\/blogdofarnesio.com.br\/?p=280745"},"author":{"name":"Farn\u00e9sio","@id":"https:\/\/blogdofarnesio.com.br\/#\/schema\/person\/301c4acf522bccbfdb45af95b5b906a1"},"headline":"Marco Aur\u00e9lio chama Fux de &#8216;autorit\u00e1rio&#8217; e diz que n\u00e3o ser\u00e1 colocado em &#8216;camisa de for\u00e7a&#8217;","datePublished":"2021-03-12T14:32:35+00:00","mainEntityOfPage":{"@id":"https:\/\/blogdofarnesio.com.br\/?p=280745"},"wordCount":956,"publisher":{"@id":"https:\/\/blogdofarnesio.com.br\/#organization"},"image":{"@id":"https:\/\/blogdofarnesio.com.br\/?p=280745#primaryimage"},"thumbnailUrl":"https:\/\/blogdofarnesio.com.br\/wp-content\/uploads\/2018\/06\/blogqspstfMarco_Aurelio_Melo-1024x835-868x644-e1529862311915.jpg","articleSection":["Justi\u00e7a"],"inLanguage":"pt-BR"},{"@type":"WebPage","@id":"https:\/\/blogdofarnesio.com.br\/?p=280745","url":"https:\/\/blogdofarnesio.com.br\/?p=280745","name":"Marco Aur\u00e9lio chama Fux de 'autorit\u00e1rio' e diz que n\u00e3o ser\u00e1 colocado em 'camisa de for\u00e7a' - Blog do Farn\u00e9sio","isPartOf":{"@id":"https:\/\/blogdofarnesio.com.br\/#website"},"primaryImageOfPage":{"@id":"https:\/\/blogdofarnesio.com.br\/?p=280745#primaryimage"},"image":{"@id":"https:\/\/blogdofarnesio.com.br\/?p=280745#primaryimage"},"thumbnailUrl":"https:\/\/blogdofarnesio.com.br\/wp-content\/uploads\/2018\/06\/blogqspstfMarco_Aurelio_Melo-1024x835-868x644-e1529862311915.jpg","datePublished":"2021-03-12T14:32:35+00:00","breadcrumb":{"@id":"https:\/\/blogdofarnesio.com.br\/?p=280745#breadcrumb"},"inLanguage":"pt-BR","potentialAction":[{"@type":"ReadAction","target":["https:\/\/blogdofarnesio.com.br\/?p=280745"]}]},{"@type":"ImageObject","inLanguage":"pt-BR","@id":"https:\/\/blogdofarnesio.com.br\/?p=280745#primaryimage","url":"https:\/\/blogdofarnesio.com.br\/wp-content\/uploads\/2018\/06\/blogqspstfMarco_Aurelio_Melo-1024x835-868x644-e1529862311915.jpg","contentUrl":"https:\/\/blogdofarnesio.com.br\/wp-content\/uploads\/2018\/06\/blogqspstfMarco_Aurelio_Melo-1024x835-868x644-e1529862311915.jpg","width":668,"height":496},{"@type":"BreadcrumbList","@id":"https:\/\/blogdofarnesio.com.br\/?p=280745#breadcrumb","itemListElement":[{"@type":"ListItem","position":1,"name":"In\u00edcio","item":"https:\/\/blogdofarnesio.com.br\/"},{"@type":"ListItem","position":2,"name":"Marco Aur\u00e9lio chama Fux de &#8216;autorit\u00e1rio&#8217; e diz que n\u00e3o ser\u00e1 colocado em &#8216;camisa de for\u00e7a&#8217;"}]},{"@type":"WebSite","@id":"https:\/\/blogdofarnesio.com.br\/#website","url":"https:\/\/blogdofarnesio.com.br\/","name":"Blog do Farn\u00e9sio","description":"Quer Saber Pol\u00edtica?","publisher":{"@id":"https:\/\/blogdofarnesio.com.br\/#organization"},"potentialAction":[{"@type":"SearchAction","target":{"@type":"EntryPoint","urlTemplate":"https:\/\/blogdofarnesio.com.br\/?s={search_term_string}"},"query-input":{"@type":"PropertyValueSpecification","valueRequired":true,"valueName":"search_term_string"}}],"inLanguage":"pt-BR"},{"@type":"Organization","@id":"https:\/\/blogdofarnesio.com.br\/#organization","name":"Blog do Farn\u00e9sio","url":"https:\/\/blogdofarnesio.com.br\/","logo":{"@type":"ImageObject","inLanguage":"pt-BR","@id":"https:\/\/blogdofarnesio.com.br\/#\/schema\/logo\/image\/","url":"https:\/\/blogdofarnesio.com.br\/wp-content\/uploads\/2026\/03\/cropped-logo_new-1.png","contentUrl":"https:\/\/blogdofarnesio.com.br\/wp-content\/uploads\/2026\/03\/cropped-logo_new-1.png","width":881,"height":685,"caption":"Blog do Farn\u00e9sio"},"image":{"@id":"https:\/\/blogdofarnesio.com.br\/#\/schema\/logo\/image\/"},"sameAs":["https:\/\/www.facebook.com\/BlogQuerSaberPolitica\/"]},{"@type":"Person","@id":"https:\/\/blogdofarnesio.com.br\/#\/schema\/person\/301c4acf522bccbfdb45af95b5b906a1","name":"Farn\u00e9sio","image":{"@type":"ImageObject","inLanguage":"pt-BR","@id":"https:\/\/secure.gravatar.com\/avatar\/df0c9a14567c056f8ad6876ba5bbd1e3e2c48023eb6807342fc4663adf549f38?s=96&d=mm&r=g","url":"https:\/\/secure.gravatar.com\/avatar\/df0c9a14567c056f8ad6876ba5bbd1e3e2c48023eb6807342fc4663adf549f38?s=96&d=mm&r=g","contentUrl":"https:\/\/secure.gravatar.com\/avatar\/df0c9a14567c056f8ad6876ba5bbd1e3e2c48023eb6807342fc4663adf549f38?s=96&d=mm&r=g","caption":"Farn\u00e9sio"},"sameAs":["https:\/\/quersaberpolitica.com.br"],"url":"https:\/\/blogdofarnesio.com.br\/?author=1"}]}},"_links":{"self":[{"href":"https:\/\/blogdofarnesio.com.br\/index.php?rest_route=\/wp\/v2\/posts\/280745","targetHints":{"allow":["GET"]}}],"collection":[{"href":"https:\/\/blogdofarnesio.com.br\/index.php?rest_route=\/wp\/v2\/posts"}],"about":[{"href":"https:\/\/blogdofarnesio.com.br\/index.php?rest_route=\/wp\/v2\/types\/post"}],"author":[{"embeddable":true,"href":"https:\/\/blogdofarnesio.com.br\/index.php?rest_route=\/wp\/v2\/users\/1"}],"replies":[{"embeddable":true,"href":"https:\/\/blogdofarnesio.com.br\/index.php?rest_route=%2Fwp%2Fv2%2Fcomments&post=280745"}],"version-history":[{"count":0,"href":"https:\/\/blogdofarnesio.com.br\/index.php?rest_route=\/wp\/v2\/posts\/280745\/revisions"}],"wp:featuredmedia":[{"embeddable":true,"href":"https:\/\/blogdofarnesio.com.br\/index.php?rest_route=\/wp\/v2\/media\/201466"}],"wp:attachment":[{"href":"https:\/\/blogdofarnesio.com.br\/index.php?rest_route=%2Fwp%2Fv2%2Fmedia&parent=280745"}],"wp:term":[{"taxonomy":"category","embeddable":true,"href":"https:\/\/blogdofarnesio.com.br\/index.php?rest_route=%2Fwp%2Fv2%2Fcategories&post=280745"},{"taxonomy":"post_tag","embeddable":true,"href":"https:\/\/blogdofarnesio.com.br\/index.php?rest_route=%2Fwp%2Fv2%2Ftags&post=280745"}],"curies":[{"name":"wp","href":"https:\/\/api.w.org\/{rel}","templated":true}]}}