{"id":280743,"date":"2021-03-12T11:02:56","date_gmt":"2021-03-12T14:02:56","guid":{"rendered":"http:\/\/quersaberpolitica.com.br\/2016\/?p=280743"},"modified":"2021-03-12T07:42:46","modified_gmt":"2021-03-12T10:42:46","slug":"em-live-com-mentiras-e-mencoes-a-forcas-armadas-bolsonaro-ataca-governadores-e-lula","status":"publish","type":"post","link":"https:\/\/blogdofarnesio.com.br\/?p=280743","title":{"rendered":"Em live com mentiras e men\u00e7\u00f5es a For\u00e7as Armadas, Bolsonaro ataca governadores e Lula"},"content":{"rendered":"<div class=\"box-title\">\n<p>por Daniel Carvalho | Folhapress &#8211;<\/p>\n<\/div>\n<div class=\"box-body\" data-io-article-url=\"https:\/\/www.bahianoticias.com.br\/\">\n<div class=\"text-descricao\">\n<p>Em uma live que durou mais de uma hora, o presidente Jair Bolsonaro (sem partido) mentiu, fez men\u00e7\u00e3o \u00e0s For\u00e7as Armadas ao dizer que faz &#8220;o que o povo quiser&#8221; e atacou governadores e o ex-presidente Luiz In\u00e1cio Lula da Silva (PT).<\/p>\n<p>Dentre as mentiras ditas por Bolsonaro nesta quinta-feira (11), ele voltou a afirmar que nunca se referiu \u00e0 Covid-19 como uma &#8220;gripezinha&#8221;.<\/p>\n<p>Bolsonaro utilizou o termo gripezinha duas vezes. Em uma entrevista em 20 de mar\u00e7o do ano passado, ele disse que &#8220;depois da facada, n\u00e3o vai ser uma gripezinha que vai me derrubar, n\u00e3o&#8221;.<\/p>\n<p>Quatro dias depois, desta vez em um pronunciamento em cadeia nacional de r\u00e1dio e TV, usou o termo pela segunda vez.<\/p>\n<p>&#8220;No meu caso particular, pelo meu hist\u00f3rico de atleta, caso fosse contaminado pelo v\u00edrus, n\u00e3o precisaria me preocupar, nada sentiria ou seria, quando muito, acometido de uma gripezinha ou resfriadinho&#8221;, afirmou em 24 de mar\u00e7o de 2020.<\/p>\n<p>Bolsonaro tamb\u00e9m disse que o governador Jo\u00e3o Doria (PSDB-SP) promove pancad\u00e3o em sua resid\u00eancia<\/p>\n<p>O governo paulista afirmou que a grava\u00e7\u00e3o que circulou nas redes sociais foi feita da resid\u00eancia da vizinha Alessandra Maluf. O som mais alto viria de outra casa na mesma rua onde Doria mora, no Jardim Europa, mas n\u00e3o havia nem festa nem aglomera\u00e7\u00e3o no local.<\/p>\n<p>A assessoria do governador afirma ainda que o filho do governador nem sequer mora no local e n\u00e3o estava em S\u00e3o Paulo na data da grava\u00e7\u00e3o.<\/p>\n<p>O presidente reafirmou que nunca foi contra vacina, o que tamb\u00e9m n\u00e3o procede. H\u00e1 diversas manifesta\u00e7\u00f5es do presidente contra a vacina\u00e7\u00e3o.<\/p>\n<p>&#8220;Ningu\u00e9m vai tomar tua vacina na marra, n\u00e3o, t\u00e1 ok? Procura outra. E eu, que sou governo, n\u00e3o vai comprar sua vacina tamb\u00e9m n\u00e3o. Procura outro pra pagar sua vacina&#8221;, disse o presidente em uma live em 29 de outubro do ano passado.<\/p>\n<p>&#8220;Eu n\u00e3o vou tomar vacina e ponto final. Minha vida est\u00e1 em risco? O problema \u00e9 meu&#8221;, afirmou em entrevista \u00e0 TV Bandeirantes em 15 de dezembro de 2020.<\/p>\n<p>Bolsonaro tamb\u00e9m voltou a fazer men\u00e7\u00e3o \u00e0s For\u00e7as Armadas e ao per\u00edodo da ditadura militar no Brasil.<\/p>\n<p>&#8220;Eu fa\u00e7o o que o povo quiser. Digo mais: eu sou o chefe supremo das For\u00e7as Armadas. As For\u00e7as Armadas acompanham o que est\u00e1 acontecendo. As cr\u00edticas em cima de generais, n\u00e3o \u00e9 o momento de fazer isso. Se um general errar, paci\u00eancia. Vai pagar. Se errar, eu pago. Se algu\u00e9m da C\u00e2mara dos Deputados errar, pague. Se algu\u00e9m do Supremo errar, que pague. Agora, esta cr\u00edtica de esculhambar todo mundo? N\u00f3s vivemos um momento de 1964 a 1985, voc\u00ea decida a\u00ed, pense, o que que tu achou daquele per\u00edodo. N\u00e3o vou entrar em detalhe aqui&#8221;, disse Bolsonaro.<\/p>\n<p>O presidente fez cr\u00edticas aos governadores &#8211;em especial aos de S\u00e3o Paulo, Distrito Federal e Rio Grande do Sul&#8211; por causa de medidas restritivas que est\u00e3o sendo adotadas para tentar conter a dissemina\u00e7\u00e3o do novo coronav\u00edrus.<\/p>\n<p>&#8220;O governador fala que n\u00e3o \u00e9, mas \u00e9 estado de s\u00edtio&#8221;, disse Bolsonaro ao comentar o toque de recolher noturno em vigor no Distrito Federal.<\/p>\n<p>Bolsonaro disse ter como &#8220;garantir a nossa liberdade&#8221; e que \u00e9 o &#8220;garantidor da democracia&#8221;, al\u00e9m de ser &#8220;a pessoa mais importante neste momento&#8221;.<\/p>\n<p>&#8220;Usam o v\u00edrus para te oprimir, para te humilhar, para tentar quebrar a economia&#8221;, afirmou.<\/p>\n<p>&#8220;Quanto mais atiram em mim, de forma covarde, mais voc\u00ea est\u00e1 enfraquecendo quem pode resolver a situa\u00e7\u00e3o&#8221;, afirmou.<\/p>\n<p>&#8220;Eu tenho que ter apoio. Se eu levantar minha caneta BIC e falar &#8216;shazan&#8217;, vou ser ditador&#8221;, afirmou Bolsonaro.<\/p>\n<p>Ao longo da live, ele tamb\u00e9m xingou o ex-presidente Lula, a quem chamou de jumento e &#8220;canista&#8221;.<\/p>\n<p>Em discurso na quarta-feira (10), Lula disse que Bolsonaro era terraplanista. Para rebater o petista, o presidente fez a live com um globo terrestre na mesa.<\/p>\n<p>&#8220;O canista mandou dizer que a terra \u00e9 redonda&#8221;, disse Bolsonaro.<\/p>\n<\/div>\n<\/div>\n","protected":false},"excerpt":{"rendered":"<p>por Daniel Carvalho | Folhapress &#8211; Em uma live que durou mais de uma hora, o presidente Jair Bolsonaro (sem partido) mentiu, fez men\u00e7\u00e3o \u00e0s For\u00e7as Armadas ao dizer que faz &#8220;o que o povo quiser&#8221; e atacou governadores e o ex-presidente Luiz In\u00e1cio Lula da Silva (PT). Dentre as mentiras ditas por Bolsonaro nesta quinta-feira (11), ele voltou a afirmar que nunca se referiu \u00e0 Covid-19 como uma &#8220;gripezinha&#8221;. Bolsonaro utilizou o termo gripezinha duas vezes. Em uma entrevista em 20 de mar\u00e7o do ano passado, ele disse que &#8220;depois da facada, n\u00e3o vai ser uma gripezinha que vai me derrubar, n\u00e3o&#8221;. Quatro dias depois, desta vez em um pronunciamento em cadeia nacional de r\u00e1dio e TV, usou o&hellip; <\/p>\n","protected":false},"author":1,"featured_media":278835,"comment_status":"closed","ping_status":"closed","sticky":false,"template":"","format":"standard","meta":{"_acf_changed":false,"footnotes":""},"categories":[1],"tags":[],"class_list":["post-280743","post","type-post","status-publish","format-standard","has-post-thumbnail","hentry","category-politica"],"acf":[],"yoast_head":"<!-- This site is optimized with the Yoast SEO plugin v27.4 - https:\/\/yoast.com\/product\/yoast-seo-wordpress\/ -->\n<title>Em live com mentiras e men\u00e7\u00f5es a For\u00e7as Armadas, Bolsonaro ataca governadores e Lula - Blog do Farn\u00e9sio<\/title>\n<meta name=\"robots\" content=\"index, follow, max-snippet:-1, max-image-preview:large, max-video-preview:-1\" \/>\n<link rel=\"canonical\" href=\"https:\/\/blogdofarnesio.com.br\/?p=280743\" \/>\n<meta property=\"og:locale\" content=\"pt_BR\" \/>\n<meta property=\"og:type\" content=\"article\" \/>\n<meta property=\"og:title\" content=\"Em live com mentiras e men\u00e7\u00f5es a For\u00e7as Armadas, Bolsonaro ataca governadores e Lula - Blog do Farn\u00e9sio\" \/>\n<meta property=\"og:description\" content=\"por Daniel Carvalho | Folhapress &#8211; Em uma live que durou mais de uma hora, o presidente Jair Bolsonaro (sem partido) mentiu, fez men\u00e7\u00e3o \u00e0s For\u00e7as Armadas ao dizer que faz &#8220;o que o povo quiser&#8221; e atacou governadores e o ex-presidente Luiz In\u00e1cio Lula da Silva (PT). Dentre as mentiras ditas por Bolsonaro nesta quinta-feira (11), ele voltou a afirmar que nunca se referiu \u00e0 Covid-19 como uma &#8220;gripezinha&#8221;. Bolsonaro utilizou o termo gripezinha duas vezes. Em uma entrevista em 20 de mar\u00e7o do ano passado, ele disse que &#8220;depois da facada, n\u00e3o vai ser uma gripezinha que vai me derrubar, n\u00e3o&#8221;. Quatro dias depois, desta vez em um pronunciamento em cadeia nacional de r\u00e1dio e TV, usou o&hellip;\" \/>\n<meta property=\"og:url\" content=\"https:\/\/blogdofarnesio.com.br\/?p=280743\" \/>\n<meta property=\"og:site_name\" content=\"Blog do Farn\u00e9sio\" \/>\n<meta property=\"article:publisher\" content=\"https:\/\/www.facebook.com\/BlogQuerSaberPolitica\/\" \/>\n<meta property=\"article:published_time\" content=\"2021-03-12T14:02:56+00:00\" \/>\n<meta property=\"og:image\" content=\"https:\/\/blogdofarnesio.com.br\/wp-content\/uploads\/2021\/02\/blogqsppazuello-bolsonaro-reproducao-live.jpeg\" \/>\n\t<meta property=\"og:image:width\" content=\"528\" \/>\n\t<meta property=\"og:image:height\" content=\"400\" \/>\n\t<meta property=\"og:image:type\" content=\"image\/jpeg\" \/>\n<meta name=\"author\" content=\"Farn\u00e9sio\" \/>\n<meta name=\"twitter:card\" content=\"summary_large_image\" \/>\n<meta name=\"twitter:label1\" content=\"Escrito por\" \/>\n\t<meta name=\"twitter:data1\" content=\"Farn\u00e9sio\" \/>\n\t<meta name=\"twitter:label2\" content=\"Est. tempo de leitura\" \/>\n\t<meta name=\"twitter:data2\" content=\"3 minutos\" \/>\n<script type=\"application\/ld+json\" class=\"yoast-schema-graph\">{\"@context\":\"https:\\\/\\\/schema.org\",\"@graph\":[{\"@type\":\"Article\",\"@id\":\"https:\\\/\\\/blogdofarnesio.com.br\\\/?p=280743#article\",\"isPartOf\":{\"@id\":\"https:\\\/\\\/blogdofarnesio.com.br\\\/?p=280743\"},\"author\":{\"name\":\"Farn\u00e9sio\",\"@id\":\"https:\\\/\\\/blogdofarnesio.com.br\\\/#\\\/schema\\\/person\\\/301c4acf522bccbfdb45af95b5b906a1\"},\"headline\":\"Em live com mentiras e men\u00e7\u00f5es a For\u00e7as Armadas, Bolsonaro ataca governadores e Lula\",\"datePublished\":\"2021-03-12T14:02:56+00:00\",\"mainEntityOfPage\":{\"@id\":\"https:\\\/\\\/blogdofarnesio.com.br\\\/?p=280743\"},\"wordCount\":703,\"publisher\":{\"@id\":\"https:\\\/\\\/blogdofarnesio.com.br\\\/#organization\"},\"image\":{\"@id\":\"https:\\\/\\\/blogdofarnesio.com.br\\\/?p=280743#primaryimage\"},\"thumbnailUrl\":\"https:\\\/\\\/blogdofarnesio.com.br\\\/wp-content\\\/uploads\\\/2021\\\/02\\\/blogqsppazuello-bolsonaro-reproducao-live.jpeg\",\"articleSection\":[\"Pol\u00edtica\"],\"inLanguage\":\"pt-BR\"},{\"@type\":\"WebPage\",\"@id\":\"https:\\\/\\\/blogdofarnesio.com.br\\\/?p=280743\",\"url\":\"https:\\\/\\\/blogdofarnesio.com.br\\\/?p=280743\",\"name\":\"Em live com mentiras e men\u00e7\u00f5es a For\u00e7as Armadas, Bolsonaro ataca governadores e Lula - Blog do Farn\u00e9sio\",\"isPartOf\":{\"@id\":\"https:\\\/\\\/blogdofarnesio.com.br\\\/#website\"},\"primaryImageOfPage\":{\"@id\":\"https:\\\/\\\/blogdofarnesio.com.br\\\/?p=280743#primaryimage\"},\"image\":{\"@id\":\"https:\\\/\\\/blogdofarnesio.com.br\\\/?p=280743#primaryimage\"},\"thumbnailUrl\":\"https:\\\/\\\/blogdofarnesio.com.br\\\/wp-content\\\/uploads\\\/2021\\\/02\\\/blogqsppazuello-bolsonaro-reproducao-live.jpeg\",\"datePublished\":\"2021-03-12T14:02:56+00:00\",\"breadcrumb\":{\"@id\":\"https:\\\/\\\/blogdofarnesio.com.br\\\/?p=280743#breadcrumb\"},\"inLanguage\":\"pt-BR\",\"potentialAction\":[{\"@type\":\"ReadAction\",\"target\":[\"https:\\\/\\\/blogdofarnesio.com.br\\\/?p=280743\"]}]},{\"@type\":\"ImageObject\",\"inLanguage\":\"pt-BR\",\"@id\":\"https:\\\/\\\/blogdofarnesio.com.br\\\/?p=280743#primaryimage\",\"url\":\"https:\\\/\\\/blogdofarnesio.com.br\\\/wp-content\\\/uploads\\\/2021\\\/02\\\/blogqsppazuello-bolsonaro-reproducao-live.jpeg\",\"contentUrl\":\"https:\\\/\\\/blogdofarnesio.com.br\\\/wp-content\\\/uploads\\\/2021\\\/02\\\/blogqsppazuello-bolsonaro-reproducao-live.jpeg\",\"width\":528,\"height\":400},{\"@type\":\"BreadcrumbList\",\"@id\":\"https:\\\/\\\/blogdofarnesio.com.br\\\/?p=280743#breadcrumb\",\"itemListElement\":[{\"@type\":\"ListItem\",\"position\":1,\"name\":\"In\u00edcio\",\"item\":\"https:\\\/\\\/blogdofarnesio.com.br\\\/\"},{\"@type\":\"ListItem\",\"position\":2,\"name\":\"Em live com mentiras e men\u00e7\u00f5es a For\u00e7as Armadas, Bolsonaro ataca governadores e Lula\"}]},{\"@type\":\"WebSite\",\"@id\":\"https:\\\/\\\/blogdofarnesio.com.br\\\/#website\",\"url\":\"https:\\\/\\\/blogdofarnesio.com.br\\\/\",\"name\":\"Blog do Farn\u00e9sio\",\"description\":\"Quer Saber Pol\u00edtica?\",\"publisher\":{\"@id\":\"https:\\\/\\\/blogdofarnesio.com.br\\\/#organization\"},\"potentialAction\":[{\"@type\":\"SearchAction\",\"target\":{\"@type\":\"EntryPoint\",\"urlTemplate\":\"https:\\\/\\\/blogdofarnesio.com.br\\\/?s={search_term_string}\"},\"query-input\":{\"@type\":\"PropertyValueSpecification\",\"valueRequired\":true,\"valueName\":\"search_term_string\"}}],\"inLanguage\":\"pt-BR\"},{\"@type\":\"Organization\",\"@id\":\"https:\\\/\\\/blogdofarnesio.com.br\\\/#organization\",\"name\":\"Blog do Farn\u00e9sio\",\"url\":\"https:\\\/\\\/blogdofarnesio.com.br\\\/\",\"logo\":{\"@type\":\"ImageObject\",\"inLanguage\":\"pt-BR\",\"@id\":\"https:\\\/\\\/blogdofarnesio.com.br\\\/#\\\/schema\\\/logo\\\/image\\\/\",\"url\":\"https:\\\/\\\/blogdofarnesio.com.br\\\/wp-content\\\/uploads\\\/2026\\\/03\\\/cropped-logo_new-1.png\",\"contentUrl\":\"https:\\\/\\\/blogdofarnesio.com.br\\\/wp-content\\\/uploads\\\/2026\\\/03\\\/cropped-logo_new-1.png\",\"width\":881,\"height\":685,\"caption\":\"Blog do Farn\u00e9sio\"},\"image\":{\"@id\":\"https:\\\/\\\/blogdofarnesio.com.br\\\/#\\\/schema\\\/logo\\\/image\\\/\"},\"sameAs\":[\"https:\\\/\\\/www.facebook.com\\\/BlogQuerSaberPolitica\\\/\"]},{\"@type\":\"Person\",\"@id\":\"https:\\\/\\\/blogdofarnesio.com.br\\\/#\\\/schema\\\/person\\\/301c4acf522bccbfdb45af95b5b906a1\",\"name\":\"Farn\u00e9sio\",\"image\":{\"@type\":\"ImageObject\",\"inLanguage\":\"pt-BR\",\"@id\":\"https:\\\/\\\/secure.gravatar.com\\\/avatar\\\/df0c9a14567c056f8ad6876ba5bbd1e3e2c48023eb6807342fc4663adf549f38?s=96&d=mm&r=g\",\"url\":\"https:\\\/\\\/secure.gravatar.com\\\/avatar\\\/df0c9a14567c056f8ad6876ba5bbd1e3e2c48023eb6807342fc4663adf549f38?s=96&d=mm&r=g\",\"contentUrl\":\"https:\\\/\\\/secure.gravatar.com\\\/avatar\\\/df0c9a14567c056f8ad6876ba5bbd1e3e2c48023eb6807342fc4663adf549f38?s=96&d=mm&r=g\",\"caption\":\"Farn\u00e9sio\"},\"sameAs\":[\"https:\\\/\\\/quersaberpolitica.com.br\"],\"url\":\"https:\\\/\\\/blogdofarnesio.com.br\\\/?author=1\"}]}<\/script>\n<!-- \/ Yoast SEO plugin. -->","yoast_head_json":{"title":"Em live com mentiras e men\u00e7\u00f5es a For\u00e7as Armadas, Bolsonaro ataca governadores e Lula - Blog do Farn\u00e9sio","robots":{"index":"index","follow":"follow","max-snippet":"max-snippet:-1","max-image-preview":"max-image-preview:large","max-video-preview":"max-video-preview:-1"},"canonical":"https:\/\/blogdofarnesio.com.br\/?p=280743","og_locale":"pt_BR","og_type":"article","og_title":"Em live com mentiras e men\u00e7\u00f5es a For\u00e7as Armadas, Bolsonaro ataca governadores e Lula - Blog do Farn\u00e9sio","og_description":"por Daniel Carvalho | Folhapress &#8211; Em uma live que durou mais de uma hora, o presidente Jair Bolsonaro (sem partido) mentiu, fez men\u00e7\u00e3o \u00e0s For\u00e7as Armadas ao dizer que faz &#8220;o que o povo quiser&#8221; e atacou governadores e o ex-presidente Luiz In\u00e1cio Lula da Silva (PT). Dentre as mentiras ditas por Bolsonaro nesta quinta-feira (11), ele voltou a afirmar que nunca se referiu \u00e0 Covid-19 como uma &#8220;gripezinha&#8221;. Bolsonaro utilizou o termo gripezinha duas vezes. Em uma entrevista em 20 de mar\u00e7o do ano passado, ele disse que &#8220;depois da facada, n\u00e3o vai ser uma gripezinha que vai me derrubar, n\u00e3o&#8221;. Quatro dias depois, desta vez em um pronunciamento em cadeia nacional de r\u00e1dio e TV, usou o&hellip;","og_url":"https:\/\/blogdofarnesio.com.br\/?p=280743","og_site_name":"Blog do Farn\u00e9sio","article_publisher":"https:\/\/www.facebook.com\/BlogQuerSaberPolitica\/","article_published_time":"2021-03-12T14:02:56+00:00","og_image":[{"width":528,"height":400,"url":"https:\/\/blogdofarnesio.com.br\/wp-content\/uploads\/2021\/02\/blogqsppazuello-bolsonaro-reproducao-live.jpeg","type":"image\/jpeg"}],"author":"Farn\u00e9sio","twitter_card":"summary_large_image","twitter_misc":{"Escrito por":"Farn\u00e9sio","Est. tempo de leitura":"3 minutos"},"schema":{"@context":"https:\/\/schema.org","@graph":[{"@type":"Article","@id":"https:\/\/blogdofarnesio.com.br\/?p=280743#article","isPartOf":{"@id":"https:\/\/blogdofarnesio.com.br\/?p=280743"},"author":{"name":"Farn\u00e9sio","@id":"https:\/\/blogdofarnesio.com.br\/#\/schema\/person\/301c4acf522bccbfdb45af95b5b906a1"},"headline":"Em live com mentiras e men\u00e7\u00f5es a For\u00e7as Armadas, Bolsonaro ataca governadores e Lula","datePublished":"2021-03-12T14:02:56+00:00","mainEntityOfPage":{"@id":"https:\/\/blogdofarnesio.com.br\/?p=280743"},"wordCount":703,"publisher":{"@id":"https:\/\/blogdofarnesio.com.br\/#organization"},"image":{"@id":"https:\/\/blogdofarnesio.com.br\/?p=280743#primaryimage"},"thumbnailUrl":"https:\/\/blogdofarnesio.com.br\/wp-content\/uploads\/2021\/02\/blogqsppazuello-bolsonaro-reproducao-live.jpeg","articleSection":["Pol\u00edtica"],"inLanguage":"pt-BR"},{"@type":"WebPage","@id":"https:\/\/blogdofarnesio.com.br\/?p=280743","url":"https:\/\/blogdofarnesio.com.br\/?p=280743","name":"Em live com mentiras e men\u00e7\u00f5es a For\u00e7as Armadas, Bolsonaro ataca governadores e Lula - Blog do Farn\u00e9sio","isPartOf":{"@id":"https:\/\/blogdofarnesio.com.br\/#website"},"primaryImageOfPage":{"@id":"https:\/\/blogdofarnesio.com.br\/?p=280743#primaryimage"},"image":{"@id":"https:\/\/blogdofarnesio.com.br\/?p=280743#primaryimage"},"thumbnailUrl":"https:\/\/blogdofarnesio.com.br\/wp-content\/uploads\/2021\/02\/blogqsppazuello-bolsonaro-reproducao-live.jpeg","datePublished":"2021-03-12T14:02:56+00:00","breadcrumb":{"@id":"https:\/\/blogdofarnesio.com.br\/?p=280743#breadcrumb"},"inLanguage":"pt-BR","potentialAction":[{"@type":"ReadAction","target":["https:\/\/blogdofarnesio.com.br\/?p=280743"]}]},{"@type":"ImageObject","inLanguage":"pt-BR","@id":"https:\/\/blogdofarnesio.com.br\/?p=280743#primaryimage","url":"https:\/\/blogdofarnesio.com.br\/wp-content\/uploads\/2021\/02\/blogqsppazuello-bolsonaro-reproducao-live.jpeg","contentUrl":"https:\/\/blogdofarnesio.com.br\/wp-content\/uploads\/2021\/02\/blogqsppazuello-bolsonaro-reproducao-live.jpeg","width":528,"height":400},{"@type":"BreadcrumbList","@id":"https:\/\/blogdofarnesio.com.br\/?p=280743#breadcrumb","itemListElement":[{"@type":"ListItem","position":1,"name":"In\u00edcio","item":"https:\/\/blogdofarnesio.com.br\/"},{"@type":"ListItem","position":2,"name":"Em live com mentiras e men\u00e7\u00f5es a For\u00e7as Armadas, Bolsonaro ataca governadores e Lula"}]},{"@type":"WebSite","@id":"https:\/\/blogdofarnesio.com.br\/#website","url":"https:\/\/blogdofarnesio.com.br\/","name":"Blog do Farn\u00e9sio","description":"Quer Saber Pol\u00edtica?","publisher":{"@id":"https:\/\/blogdofarnesio.com.br\/#organization"},"potentialAction":[{"@type":"SearchAction","target":{"@type":"EntryPoint","urlTemplate":"https:\/\/blogdofarnesio.com.br\/?s={search_term_string}"},"query-input":{"@type":"PropertyValueSpecification","valueRequired":true,"valueName":"search_term_string"}}],"inLanguage":"pt-BR"},{"@type":"Organization","@id":"https:\/\/blogdofarnesio.com.br\/#organization","name":"Blog do Farn\u00e9sio","url":"https:\/\/blogdofarnesio.com.br\/","logo":{"@type":"ImageObject","inLanguage":"pt-BR","@id":"https:\/\/blogdofarnesio.com.br\/#\/schema\/logo\/image\/","url":"https:\/\/blogdofarnesio.com.br\/wp-content\/uploads\/2026\/03\/cropped-logo_new-1.png","contentUrl":"https:\/\/blogdofarnesio.com.br\/wp-content\/uploads\/2026\/03\/cropped-logo_new-1.png","width":881,"height":685,"caption":"Blog do Farn\u00e9sio"},"image":{"@id":"https:\/\/blogdofarnesio.com.br\/#\/schema\/logo\/image\/"},"sameAs":["https:\/\/www.facebook.com\/BlogQuerSaberPolitica\/"]},{"@type":"Person","@id":"https:\/\/blogdofarnesio.com.br\/#\/schema\/person\/301c4acf522bccbfdb45af95b5b906a1","name":"Farn\u00e9sio","image":{"@type":"ImageObject","inLanguage":"pt-BR","@id":"https:\/\/secure.gravatar.com\/avatar\/df0c9a14567c056f8ad6876ba5bbd1e3e2c48023eb6807342fc4663adf549f38?s=96&d=mm&r=g","url":"https:\/\/secure.gravatar.com\/avatar\/df0c9a14567c056f8ad6876ba5bbd1e3e2c48023eb6807342fc4663adf549f38?s=96&d=mm&r=g","contentUrl":"https:\/\/secure.gravatar.com\/avatar\/df0c9a14567c056f8ad6876ba5bbd1e3e2c48023eb6807342fc4663adf549f38?s=96&d=mm&r=g","caption":"Farn\u00e9sio"},"sameAs":["https:\/\/quersaberpolitica.com.br"],"url":"https:\/\/blogdofarnesio.com.br\/?author=1"}]}},"_links":{"self":[{"href":"https:\/\/blogdofarnesio.com.br\/index.php?rest_route=\/wp\/v2\/posts\/280743","targetHints":{"allow":["GET"]}}],"collection":[{"href":"https:\/\/blogdofarnesio.com.br\/index.php?rest_route=\/wp\/v2\/posts"}],"about":[{"href":"https:\/\/blogdofarnesio.com.br\/index.php?rest_route=\/wp\/v2\/types\/post"}],"author":[{"embeddable":true,"href":"https:\/\/blogdofarnesio.com.br\/index.php?rest_route=\/wp\/v2\/users\/1"}],"replies":[{"embeddable":true,"href":"https:\/\/blogdofarnesio.com.br\/index.php?rest_route=%2Fwp%2Fv2%2Fcomments&post=280743"}],"version-history":[{"count":0,"href":"https:\/\/blogdofarnesio.com.br\/index.php?rest_route=\/wp\/v2\/posts\/280743\/revisions"}],"wp:featuredmedia":[{"embeddable":true,"href":"https:\/\/blogdofarnesio.com.br\/index.php?rest_route=\/wp\/v2\/media\/278835"}],"wp:attachment":[{"href":"https:\/\/blogdofarnesio.com.br\/index.php?rest_route=%2Fwp%2Fv2%2Fmedia&parent=280743"}],"wp:term":[{"taxonomy":"category","embeddable":true,"href":"https:\/\/blogdofarnesio.com.br\/index.php?rest_route=%2Fwp%2Fv2%2Fcategories&post=280743"},{"taxonomy":"post_tag","embeddable":true,"href":"https:\/\/blogdofarnesio.com.br\/index.php?rest_route=%2Fwp%2Fv2%2Ftags&post=280743"}],"curies":[{"name":"wp","href":"https:\/\/api.w.org\/{rel}","templated":true}]}}