{"id":280724,"date":"2021-03-12T10:22:28","date_gmt":"2021-03-12T13:22:28","guid":{"rendered":"http:\/\/quersaberpolitica.com.br\/2016\/?p=280724"},"modified":"2021-03-12T07:49:22","modified_gmt":"2021-03-12T10:49:22","slug":"mestrado-em-psicologia-da-univasf-realiza-selecao-para-aluno-especial","status":"publish","type":"post","link":"https:\/\/blogdofarnesio.com.br\/?p=280724","title":{"rendered":"Mestrado em Psicologia da Univasf realiza sele\u00e7\u00e3o para aluno especial"},"content":{"rendered":"<div class=\"documentDescription\"><\/div>\n<div id=\"viewlet-below-content-title\">\n<div id=\"plone-document-byline\" class=\"documentByLine\">\n<div>Renata Freitas<\/div>\n<\/div>\n<\/div>\n<div>\n<p style=\"text-align: left;\" align=\"center\">O Programa de P\u00f3s-Gradua\u00e7\u00e3o em Psicologia (PPGPSI) da Universidade Federal do Vale do S\u00e3o Francisco (Univasf) realiza sele\u00e7\u00e3o para aluno especial para o semestre 2021.1 do mestrado acad\u00eamico. H\u00e1 10 vagas em duas disciplinas, com a reserva de uma vaga em cada disciplina para servidores T\u00e9cnico-Administrativos em Educa\u00e7\u00e3o (TAEs) da Univasf. O programa \u00e9 voltado para graduados, matriculados ou n\u00e3o em outros cursos de p\u00f3s-gradua\u00e7\u00e3o do pa\u00eds. As inscri\u00e7\u00f5es s\u00e3o gratuitas e devem ser feitas at\u00e9 14 de mar\u00e7o.<\/p>\n<p>As disciplinas ofertadas nesta sele\u00e7\u00e3o s\u00e3o: \u201cProcessos Psicossociais\u201d e \u201cT\u00f3picos Especiais em Psicologia III &#8211; Pol\u00edticas P\u00fablicas de Sa\u00fade\u201d. Os interessados podem se candidatar a apenas uma das disciplinas. Para se inscrever, \u00e9 necess\u00e1rio enviar um e-mail para o endere\u00e7o cpgpsi@univasf.edu.br, com o assunto \u201cInscri\u00e7\u00e3o Aluno Especial &#8211; Edital PPGPSI n\u00b0 01\/2021\u201d. No corpo do texto, deve constar apenas o nome do candidato e a disciplina para a qual deseja se inscrever. Os documentos necess\u00e1rios para a inscri\u00e7\u00e3o est\u00e3o dispon\u00edveis no\u00a0<a href=\"http:\/\/www.cpgpsi.univasf.edu.br\/images\/DOCUMENTOS\/editais\/EDITALSELE0ALUNOESPECIAL_2021_1.pdf\" target=\"_blank\" rel=\"noopener\">Edital N\u00ba 1\/2021\u00a0<\/a>.<\/p>\n<p>A sele\u00e7\u00e3o ser\u00e1 feita pelos professores das disciplinas, que analisar\u00e3o o hist\u00f3rico escolar dos inscritos. O resultado ser\u00e1 divulgado a partir do dia 17 de mar\u00e7o, no\u00a0<a href=\"http:\/\/www.cpgpsi.univasf.edu.br\/\" target=\"_blank\" rel=\"noopener\">site<\/a>\u00a0do PPGPSI. As matr\u00edculas dever\u00e3o ser realizadas presencialmente no dia 23 de mar\u00e7o, em hor\u00e1rios estabelecidos na portaria de convoca\u00e7\u00e3o para matr\u00edcula, na secretaria da coordena\u00e7\u00e3o do PPGPSI, localizada no 1\u00ba andar do bloco de Laborat\u00f3rios do Campus Sede da Univasf, em Petrolina (PE). Os documentos exigidos para a efetiva\u00e7\u00e3o da matr\u00edcula constam no edital.<\/p>\n<p>Cronograma:<\/p>\n<p>Per\u00edodo de inscri\u00e7\u00e3o \u2013 at\u00e9 14 de mar\u00e7o<\/p>\n<p>Deferimento das inscri\u00e7\u00f5es e resultado da sele\u00e7\u00e3o \u2013 a partir de 17 de mar\u00e7o<\/p>\n<p>Per\u00edodo de recurso \u2013 24h a partir da divulga\u00e7\u00e3o do resultado<\/p>\n<p>Resultado dos recursos e convoca\u00e7\u00e3o para matr\u00edcula presencial \u2013 at\u00e9 19 de mar\u00e7o<\/p>\n<p>Matr\u00edcula presencial \u2013 23 de mar\u00e7o<\/p>\n<\/div>\n","protected":false},"excerpt":{"rendered":"<p>Renata Freitas O Programa de P\u00f3s-Gradua\u00e7\u00e3o em Psicologia (PPGPSI) da Universidade Federal do Vale do S\u00e3o Francisco (Univasf) realiza sele\u00e7\u00e3o para aluno especial para o semestre 2021.1 do mestrado acad\u00eamico. H\u00e1 10 vagas em duas disciplinas, com a reserva de uma vaga em cada disciplina para servidores T\u00e9cnico-Administrativos em Educa\u00e7\u00e3o (TAEs) da Univasf. O programa \u00e9 voltado para graduados, matriculados ou n\u00e3o em outros cursos de p\u00f3s-gradua\u00e7\u00e3o do pa\u00eds. As inscri\u00e7\u00f5es s\u00e3o gratuitas e devem ser feitas at\u00e9 14 de mar\u00e7o. As disciplinas ofertadas nesta sele\u00e7\u00e3o s\u00e3o: \u201cProcessos Psicossociais\u201d e \u201cT\u00f3picos Especiais em Psicologia III &#8211; Pol\u00edticas P\u00fablicas de Sa\u00fade\u201d. Os interessados podem se candidatar a apenas uma das disciplinas. Para se inscrever, \u00e9 necess\u00e1rio enviar um e-mail para o&hellip; <\/p>\n","protected":false},"author":1,"featured_media":280725,"comment_status":"closed","ping_status":"closed","sticky":false,"template":"","format":"standard","meta":{"_acf_changed":false,"footnotes":""},"categories":[6],"tags":[],"class_list":["post-280724","post","type-post","status-publish","format-standard","has-post-thumbnail","hentry","category-educacao"],"acf":[],"yoast_head":"<!-- This site is optimized with the Yoast SEO plugin v27.4 - https:\/\/yoast.com\/product\/yoast-seo-wordpress\/ -->\n<title>Mestrado em Psicologia da Univasf realiza sele\u00e7\u00e3o para aluno especial - Blog do Farn\u00e9sio<\/title>\n<meta name=\"robots\" content=\"index, follow, max-snippet:-1, max-image-preview:large, max-video-preview:-1\" \/>\n<link rel=\"canonical\" href=\"https:\/\/blogdofarnesio.com.br\/?p=280724\" \/>\n<meta property=\"og:locale\" content=\"pt_BR\" \/>\n<meta property=\"og:type\" content=\"article\" \/>\n<meta property=\"og:title\" content=\"Mestrado em Psicologia da Univasf realiza sele\u00e7\u00e3o para aluno especial - Blog do Farn\u00e9sio\" \/>\n<meta property=\"og:description\" content=\"Renata Freitas O Programa de P\u00f3s-Gradua\u00e7\u00e3o em Psicologia (PPGPSI) da Universidade Federal do Vale do S\u00e3o Francisco (Univasf) realiza sele\u00e7\u00e3o para aluno especial para o semestre 2021.1 do mestrado acad\u00eamico. H\u00e1 10 vagas em duas disciplinas, com a reserva de uma vaga em cada disciplina para servidores T\u00e9cnico-Administrativos em Educa\u00e7\u00e3o (TAEs) da Univasf. O programa \u00e9 voltado para graduados, matriculados ou n\u00e3o em outros cursos de p\u00f3s-gradua\u00e7\u00e3o do pa\u00eds. As inscri\u00e7\u00f5es s\u00e3o gratuitas e devem ser feitas at\u00e9 14 de mar\u00e7o. As disciplinas ofertadas nesta sele\u00e7\u00e3o s\u00e3o: \u201cProcessos Psicossociais\u201d e \u201cT\u00f3picos Especiais em Psicologia III &#8211; Pol\u00edticas P\u00fablicas de Sa\u00fade\u201d. Os interessados podem se candidatar a apenas uma das disciplinas. Para se inscrever, \u00e9 necess\u00e1rio enviar um e-mail para o&hellip;\" \/>\n<meta property=\"og:url\" content=\"https:\/\/blogdofarnesio.com.br\/?p=280724\" \/>\n<meta property=\"og:site_name\" content=\"Blog do Farn\u00e9sio\" \/>\n<meta property=\"article:publisher\" content=\"https:\/\/www.facebook.com\/BlogQuerSaberPolitica\/\" \/>\n<meta property=\"article:published_time\" content=\"2021-03-12T13:22:28+00:00\" \/>\n<meta property=\"og:image\" content=\"https:\/\/blogdofarnesio.com.br\/wp-content\/uploads\/2021\/03\/blogqspunivasf-seletiva-aluno-especial-e1615501840131.jpeg\" \/>\n\t<meta property=\"og:image:width\" content=\"580\" \/>\n\t<meta property=\"og:image:height\" content=\"580\" \/>\n\t<meta property=\"og:image:type\" content=\"image\/jpeg\" \/>\n<meta name=\"author\" content=\"Farn\u00e9sio\" \/>\n<meta name=\"twitter:card\" content=\"summary_large_image\" \/>\n<meta name=\"twitter:label1\" content=\"Escrito por\" \/>\n\t<meta name=\"twitter:data1\" content=\"Farn\u00e9sio\" \/>\n\t<meta name=\"twitter:label2\" content=\"Est. tempo de leitura\" \/>\n\t<meta name=\"twitter:data2\" content=\"2 minutos\" \/>\n<script type=\"application\/ld+json\" class=\"yoast-schema-graph\">{\"@context\":\"https:\\\/\\\/schema.org\",\"@graph\":[{\"@type\":\"Article\",\"@id\":\"https:\\\/\\\/blogdofarnesio.com.br\\\/?p=280724#article\",\"isPartOf\":{\"@id\":\"https:\\\/\\\/blogdofarnesio.com.br\\\/?p=280724\"},\"author\":{\"name\":\"Farn\u00e9sio\",\"@id\":\"https:\\\/\\\/blogdofarnesio.com.br\\\/#\\\/schema\\\/person\\\/301c4acf522bccbfdb45af95b5b906a1\"},\"headline\":\"Mestrado em Psicologia da Univasf realiza sele\u00e7\u00e3o para aluno especial\",\"datePublished\":\"2021-03-12T13:22:28+00:00\",\"mainEntityOfPage\":{\"@id\":\"https:\\\/\\\/blogdofarnesio.com.br\\\/?p=280724\"},\"wordCount\":350,\"publisher\":{\"@id\":\"https:\\\/\\\/blogdofarnesio.com.br\\\/#organization\"},\"image\":{\"@id\":\"https:\\\/\\\/blogdofarnesio.com.br\\\/?p=280724#primaryimage\"},\"thumbnailUrl\":\"https:\\\/\\\/blogdofarnesio.com.br\\\/wp-content\\\/uploads\\\/2021\\\/03\\\/blogqspunivasf-seletiva-aluno-especial-e1615501840131.jpeg\",\"articleSection\":[\"Educa\u00e7\u00e3o\"],\"inLanguage\":\"pt-BR\"},{\"@type\":\"WebPage\",\"@id\":\"https:\\\/\\\/blogdofarnesio.com.br\\\/?p=280724\",\"url\":\"https:\\\/\\\/blogdofarnesio.com.br\\\/?p=280724\",\"name\":\"Mestrado em Psicologia da Univasf realiza sele\u00e7\u00e3o para aluno especial - Blog do Farn\u00e9sio\",\"isPartOf\":{\"@id\":\"https:\\\/\\\/blogdofarnesio.com.br\\\/#website\"},\"primaryImageOfPage\":{\"@id\":\"https:\\\/\\\/blogdofarnesio.com.br\\\/?p=280724#primaryimage\"},\"image\":{\"@id\":\"https:\\\/\\\/blogdofarnesio.com.br\\\/?p=280724#primaryimage\"},\"thumbnailUrl\":\"https:\\\/\\\/blogdofarnesio.com.br\\\/wp-content\\\/uploads\\\/2021\\\/03\\\/blogqspunivasf-seletiva-aluno-especial-e1615501840131.jpeg\",\"datePublished\":\"2021-03-12T13:22:28+00:00\",\"breadcrumb\":{\"@id\":\"https:\\\/\\\/blogdofarnesio.com.br\\\/?p=280724#breadcrumb\"},\"inLanguage\":\"pt-BR\",\"potentialAction\":[{\"@type\":\"ReadAction\",\"target\":[\"https:\\\/\\\/blogdofarnesio.com.br\\\/?p=280724\"]}]},{\"@type\":\"ImageObject\",\"inLanguage\":\"pt-BR\",\"@id\":\"https:\\\/\\\/blogdofarnesio.com.br\\\/?p=280724#primaryimage\",\"url\":\"https:\\\/\\\/blogdofarnesio.com.br\\\/wp-content\\\/uploads\\\/2021\\\/03\\\/blogqspunivasf-seletiva-aluno-especial-e1615501840131.jpeg\",\"contentUrl\":\"https:\\\/\\\/blogdofarnesio.com.br\\\/wp-content\\\/uploads\\\/2021\\\/03\\\/blogqspunivasf-seletiva-aluno-especial-e1615501840131.jpeg\",\"width\":580,\"height\":580},{\"@type\":\"BreadcrumbList\",\"@id\":\"https:\\\/\\\/blogdofarnesio.com.br\\\/?p=280724#breadcrumb\",\"itemListElement\":[{\"@type\":\"ListItem\",\"position\":1,\"name\":\"In\u00edcio\",\"item\":\"https:\\\/\\\/blogdofarnesio.com.br\\\/\"},{\"@type\":\"ListItem\",\"position\":2,\"name\":\"Mestrado em Psicologia da Univasf realiza sele\u00e7\u00e3o para aluno especial\"}]},{\"@type\":\"WebSite\",\"@id\":\"https:\\\/\\\/blogdofarnesio.com.br\\\/#website\",\"url\":\"https:\\\/\\\/blogdofarnesio.com.br\\\/\",\"name\":\"Blog do Farn\u00e9sio\",\"description\":\"Quer Saber Pol\u00edtica?\",\"publisher\":{\"@id\":\"https:\\\/\\\/blogdofarnesio.com.br\\\/#organization\"},\"potentialAction\":[{\"@type\":\"SearchAction\",\"target\":{\"@type\":\"EntryPoint\",\"urlTemplate\":\"https:\\\/\\\/blogdofarnesio.com.br\\\/?s={search_term_string}\"},\"query-input\":{\"@type\":\"PropertyValueSpecification\",\"valueRequired\":true,\"valueName\":\"search_term_string\"}}],\"inLanguage\":\"pt-BR\"},{\"@type\":\"Organization\",\"@id\":\"https:\\\/\\\/blogdofarnesio.com.br\\\/#organization\",\"name\":\"Blog do Farn\u00e9sio\",\"url\":\"https:\\\/\\\/blogdofarnesio.com.br\\\/\",\"logo\":{\"@type\":\"ImageObject\",\"inLanguage\":\"pt-BR\",\"@id\":\"https:\\\/\\\/blogdofarnesio.com.br\\\/#\\\/schema\\\/logo\\\/image\\\/\",\"url\":\"https:\\\/\\\/blogdofarnesio.com.br\\\/wp-content\\\/uploads\\\/2026\\\/03\\\/cropped-logo_new-1.png\",\"contentUrl\":\"https:\\\/\\\/blogdofarnesio.com.br\\\/wp-content\\\/uploads\\\/2026\\\/03\\\/cropped-logo_new-1.png\",\"width\":881,\"height\":685,\"caption\":\"Blog do Farn\u00e9sio\"},\"image\":{\"@id\":\"https:\\\/\\\/blogdofarnesio.com.br\\\/#\\\/schema\\\/logo\\\/image\\\/\"},\"sameAs\":[\"https:\\\/\\\/www.facebook.com\\\/BlogQuerSaberPolitica\\\/\"]},{\"@type\":\"Person\",\"@id\":\"https:\\\/\\\/blogdofarnesio.com.br\\\/#\\\/schema\\\/person\\\/301c4acf522bccbfdb45af95b5b906a1\",\"name\":\"Farn\u00e9sio\",\"image\":{\"@type\":\"ImageObject\",\"inLanguage\":\"pt-BR\",\"@id\":\"https:\\\/\\\/secure.gravatar.com\\\/avatar\\\/df0c9a14567c056f8ad6876ba5bbd1e3e2c48023eb6807342fc4663adf549f38?s=96&d=mm&r=g\",\"url\":\"https:\\\/\\\/secure.gravatar.com\\\/avatar\\\/df0c9a14567c056f8ad6876ba5bbd1e3e2c48023eb6807342fc4663adf549f38?s=96&d=mm&r=g\",\"contentUrl\":\"https:\\\/\\\/secure.gravatar.com\\\/avatar\\\/df0c9a14567c056f8ad6876ba5bbd1e3e2c48023eb6807342fc4663adf549f38?s=96&d=mm&r=g\",\"caption\":\"Farn\u00e9sio\"},\"sameAs\":[\"https:\\\/\\\/quersaberpolitica.com.br\"],\"url\":\"https:\\\/\\\/blogdofarnesio.com.br\\\/?author=1\"}]}<\/script>\n<!-- \/ Yoast SEO plugin. -->","yoast_head_json":{"title":"Mestrado em Psicologia da Univasf realiza sele\u00e7\u00e3o para aluno especial - Blog do Farn\u00e9sio","robots":{"index":"index","follow":"follow","max-snippet":"max-snippet:-1","max-image-preview":"max-image-preview:large","max-video-preview":"max-video-preview:-1"},"canonical":"https:\/\/blogdofarnesio.com.br\/?p=280724","og_locale":"pt_BR","og_type":"article","og_title":"Mestrado em Psicologia da Univasf realiza sele\u00e7\u00e3o para aluno especial - Blog do Farn\u00e9sio","og_description":"Renata Freitas O Programa de P\u00f3s-Gradua\u00e7\u00e3o em Psicologia (PPGPSI) da Universidade Federal do Vale do S\u00e3o Francisco (Univasf) realiza sele\u00e7\u00e3o para aluno especial para o semestre 2021.1 do mestrado acad\u00eamico. H\u00e1 10 vagas em duas disciplinas, com a reserva de uma vaga em cada disciplina para servidores T\u00e9cnico-Administrativos em Educa\u00e7\u00e3o (TAEs) da Univasf. O programa \u00e9 voltado para graduados, matriculados ou n\u00e3o em outros cursos de p\u00f3s-gradua\u00e7\u00e3o do pa\u00eds. As inscri\u00e7\u00f5es s\u00e3o gratuitas e devem ser feitas at\u00e9 14 de mar\u00e7o. As disciplinas ofertadas nesta sele\u00e7\u00e3o s\u00e3o: \u201cProcessos Psicossociais\u201d e \u201cT\u00f3picos Especiais em Psicologia III &#8211; Pol\u00edticas P\u00fablicas de Sa\u00fade\u201d. Os interessados podem se candidatar a apenas uma das disciplinas. Para se inscrever, \u00e9 necess\u00e1rio enviar um e-mail para o&hellip;","og_url":"https:\/\/blogdofarnesio.com.br\/?p=280724","og_site_name":"Blog do Farn\u00e9sio","article_publisher":"https:\/\/www.facebook.com\/BlogQuerSaberPolitica\/","article_published_time":"2021-03-12T13:22:28+00:00","og_image":[{"width":580,"height":580,"url":"https:\/\/blogdofarnesio.com.br\/wp-content\/uploads\/2021\/03\/blogqspunivasf-seletiva-aluno-especial-e1615501840131.jpeg","type":"image\/jpeg"}],"author":"Farn\u00e9sio","twitter_card":"summary_large_image","twitter_misc":{"Escrito por":"Farn\u00e9sio","Est. tempo de leitura":"2 minutos"},"schema":{"@context":"https:\/\/schema.org","@graph":[{"@type":"Article","@id":"https:\/\/blogdofarnesio.com.br\/?p=280724#article","isPartOf":{"@id":"https:\/\/blogdofarnesio.com.br\/?p=280724"},"author":{"name":"Farn\u00e9sio","@id":"https:\/\/blogdofarnesio.com.br\/#\/schema\/person\/301c4acf522bccbfdb45af95b5b906a1"},"headline":"Mestrado em Psicologia da Univasf realiza sele\u00e7\u00e3o para aluno especial","datePublished":"2021-03-12T13:22:28+00:00","mainEntityOfPage":{"@id":"https:\/\/blogdofarnesio.com.br\/?p=280724"},"wordCount":350,"publisher":{"@id":"https:\/\/blogdofarnesio.com.br\/#organization"},"image":{"@id":"https:\/\/blogdofarnesio.com.br\/?p=280724#primaryimage"},"thumbnailUrl":"https:\/\/blogdofarnesio.com.br\/wp-content\/uploads\/2021\/03\/blogqspunivasf-seletiva-aluno-especial-e1615501840131.jpeg","articleSection":["Educa\u00e7\u00e3o"],"inLanguage":"pt-BR"},{"@type":"WebPage","@id":"https:\/\/blogdofarnesio.com.br\/?p=280724","url":"https:\/\/blogdofarnesio.com.br\/?p=280724","name":"Mestrado em Psicologia da Univasf realiza sele\u00e7\u00e3o para aluno especial - Blog do Farn\u00e9sio","isPartOf":{"@id":"https:\/\/blogdofarnesio.com.br\/#website"},"primaryImageOfPage":{"@id":"https:\/\/blogdofarnesio.com.br\/?p=280724#primaryimage"},"image":{"@id":"https:\/\/blogdofarnesio.com.br\/?p=280724#primaryimage"},"thumbnailUrl":"https:\/\/blogdofarnesio.com.br\/wp-content\/uploads\/2021\/03\/blogqspunivasf-seletiva-aluno-especial-e1615501840131.jpeg","datePublished":"2021-03-12T13:22:28+00:00","breadcrumb":{"@id":"https:\/\/blogdofarnesio.com.br\/?p=280724#breadcrumb"},"inLanguage":"pt-BR","potentialAction":[{"@type":"ReadAction","target":["https:\/\/blogdofarnesio.com.br\/?p=280724"]}]},{"@type":"ImageObject","inLanguage":"pt-BR","@id":"https:\/\/blogdofarnesio.com.br\/?p=280724#primaryimage","url":"https:\/\/blogdofarnesio.com.br\/wp-content\/uploads\/2021\/03\/blogqspunivasf-seletiva-aluno-especial-e1615501840131.jpeg","contentUrl":"https:\/\/blogdofarnesio.com.br\/wp-content\/uploads\/2021\/03\/blogqspunivasf-seletiva-aluno-especial-e1615501840131.jpeg","width":580,"height":580},{"@type":"BreadcrumbList","@id":"https:\/\/blogdofarnesio.com.br\/?p=280724#breadcrumb","itemListElement":[{"@type":"ListItem","position":1,"name":"In\u00edcio","item":"https:\/\/blogdofarnesio.com.br\/"},{"@type":"ListItem","position":2,"name":"Mestrado em Psicologia da Univasf realiza sele\u00e7\u00e3o para aluno especial"}]},{"@type":"WebSite","@id":"https:\/\/blogdofarnesio.com.br\/#website","url":"https:\/\/blogdofarnesio.com.br\/","name":"Blog do Farn\u00e9sio","description":"Quer Saber Pol\u00edtica?","publisher":{"@id":"https:\/\/blogdofarnesio.com.br\/#organization"},"potentialAction":[{"@type":"SearchAction","target":{"@type":"EntryPoint","urlTemplate":"https:\/\/blogdofarnesio.com.br\/?s={search_term_string}"},"query-input":{"@type":"PropertyValueSpecification","valueRequired":true,"valueName":"search_term_string"}}],"inLanguage":"pt-BR"},{"@type":"Organization","@id":"https:\/\/blogdofarnesio.com.br\/#organization","name":"Blog do Farn\u00e9sio","url":"https:\/\/blogdofarnesio.com.br\/","logo":{"@type":"ImageObject","inLanguage":"pt-BR","@id":"https:\/\/blogdofarnesio.com.br\/#\/schema\/logo\/image\/","url":"https:\/\/blogdofarnesio.com.br\/wp-content\/uploads\/2026\/03\/cropped-logo_new-1.png","contentUrl":"https:\/\/blogdofarnesio.com.br\/wp-content\/uploads\/2026\/03\/cropped-logo_new-1.png","width":881,"height":685,"caption":"Blog do Farn\u00e9sio"},"image":{"@id":"https:\/\/blogdofarnesio.com.br\/#\/schema\/logo\/image\/"},"sameAs":["https:\/\/www.facebook.com\/BlogQuerSaberPolitica\/"]},{"@type":"Person","@id":"https:\/\/blogdofarnesio.com.br\/#\/schema\/person\/301c4acf522bccbfdb45af95b5b906a1","name":"Farn\u00e9sio","image":{"@type":"ImageObject","inLanguage":"pt-BR","@id":"https:\/\/secure.gravatar.com\/avatar\/df0c9a14567c056f8ad6876ba5bbd1e3e2c48023eb6807342fc4663adf549f38?s=96&d=mm&r=g","url":"https:\/\/secure.gravatar.com\/avatar\/df0c9a14567c056f8ad6876ba5bbd1e3e2c48023eb6807342fc4663adf549f38?s=96&d=mm&r=g","contentUrl":"https:\/\/secure.gravatar.com\/avatar\/df0c9a14567c056f8ad6876ba5bbd1e3e2c48023eb6807342fc4663adf549f38?s=96&d=mm&r=g","caption":"Farn\u00e9sio"},"sameAs":["https:\/\/quersaberpolitica.com.br"],"url":"https:\/\/blogdofarnesio.com.br\/?author=1"}]}},"_links":{"self":[{"href":"https:\/\/blogdofarnesio.com.br\/index.php?rest_route=\/wp\/v2\/posts\/280724","targetHints":{"allow":["GET"]}}],"collection":[{"href":"https:\/\/blogdofarnesio.com.br\/index.php?rest_route=\/wp\/v2\/posts"}],"about":[{"href":"https:\/\/blogdofarnesio.com.br\/index.php?rest_route=\/wp\/v2\/types\/post"}],"author":[{"embeddable":true,"href":"https:\/\/blogdofarnesio.com.br\/index.php?rest_route=\/wp\/v2\/users\/1"}],"replies":[{"embeddable":true,"href":"https:\/\/blogdofarnesio.com.br\/index.php?rest_route=%2Fwp%2Fv2%2Fcomments&post=280724"}],"version-history":[{"count":0,"href":"https:\/\/blogdofarnesio.com.br\/index.php?rest_route=\/wp\/v2\/posts\/280724\/revisions"}],"wp:featuredmedia":[{"embeddable":true,"href":"https:\/\/blogdofarnesio.com.br\/index.php?rest_route=\/wp\/v2\/media\/280725"}],"wp:attachment":[{"href":"https:\/\/blogdofarnesio.com.br\/index.php?rest_route=%2Fwp%2Fv2%2Fmedia&parent=280724"}],"wp:term":[{"taxonomy":"category","embeddable":true,"href":"https:\/\/blogdofarnesio.com.br\/index.php?rest_route=%2Fwp%2Fv2%2Fcategories&post=280724"},{"taxonomy":"post_tag","embeddable":true,"href":"https:\/\/blogdofarnesio.com.br\/index.php?rest_route=%2Fwp%2Fv2%2Ftags&post=280724"}],"curies":[{"name":"wp","href":"https:\/\/api.w.org\/{rel}","templated":true}]}}