{"id":280689,"date":"2021-03-12T12:00:52","date_gmt":"2021-03-12T15:00:52","guid":{"rendered":"http:\/\/quersaberpolitica.com.br\/2016\/?p=280689"},"modified":"2021-03-12T07:53:34","modified_gmt":"2021-03-12T10:53:34","slug":"o-fascinio-anal-dos-bolsonaro-pelo-rabo-alheio","status":"publish","type":"post","link":"https:\/\/blogdofarnesio.com.br\/?p=280689","title":{"rendered":"O fasc\u00ednio anal dos Bolsonaro pelo &#8220;Rabo alheio&#8221;"},"content":{"rendered":"<h1><a href=\"https:\/\/istoe.com.br\/coluna\/ricardo-kertzman\">Ricardo Kertzman<\/a><\/h1>\n<p>Eita fam\u00edlia educada essa, n\u00e3o? Que gente elegante, tolerante e democr\u00e1tica, n\u00e3o \u00e9 verdade? Como s\u00e3o respeitosos com aqueles que lhes bancam a boa vida que levam h\u00e1 d\u00e9cadas, com seus sal\u00e1rios e mordomias, al\u00e9m de rachadinhas e outras \u201ccositas m\u00e1s\u201d, pagas pelos ot\u00e1rios.<\/p>\n<p>E como adoram palavr\u00f5es e express\u00f5es de cunho sexual, geralmente em refer\u00eancia ao furico alheio. Fico a imaginar se pai e filhos foram, de alguma forma, violados ou sodomizados l\u00e1 na inf\u00e2ncia. Ou na adolesc\u00eancia. Ou ainda recentemente, v\u00e1 saber. Estes s\u00e3o tempos estranhos.<\/p>\n<p>Primeiro foi o verdugo do Planalto, Jair, dizendo que enfiaria 15 milh\u00f5es de reais em latas de leite condensado no rabo dos jornalistas. Agora foi o bolsokid Eduardo Bananinha, querendo enfiar m\u00e1scaras. Por qu\u00ea? Ora, porque \u00e9 o que o intelecto e a m\u00e1 cria\u00e7\u00e3o lhes permitem, u\u00e9.<\/p>\n<p>Quando o amigo do Queiroz (o miliciano que depositou 90 mil reais em \u201cmicheques\u201d na conta da primeira-dama) mandou os jornalistas \u00e0 PQP, eu lhe devolvi o insulto, e a Bolsol\u00e2ndia teve um chilique at\u00f4mico. Desta vez, vou inovar; n\u00e3o mandarei Eduardo enfiar a m\u00e1scara no fiof\u00f3.<\/p>\n<p>Al\u00f4, Dudu, irm\u00e3o do senador das rachadinhas e da mans\u00e3o de 6 milh\u00f5es de reais, enfie sua m\u00e1scara sobre a boca e o nariz, que \u00e9 o local adequado. Quanto ao seu rabic\u00f3, deixe-o livre para receber uma bela de uma bananinha. De prefer\u00eancia, uma Banana da Terra. Talquei<\/p>\n","protected":false},"excerpt":{"rendered":"<p>Ricardo Kertzman Eita fam\u00edlia educada essa, n\u00e3o? Que gente elegante, tolerante e democr\u00e1tica, n\u00e3o \u00e9 verdade? Como s\u00e3o respeitosos com aqueles que lhes bancam a boa vida que levam h\u00e1 d\u00e9cadas, com seus sal\u00e1rios e mordomias, al\u00e9m de rachadinhas e outras \u201ccositas m\u00e1s\u201d, pagas pelos ot\u00e1rios. E como adoram palavr\u00f5es e express\u00f5es de cunho sexual, geralmente em refer\u00eancia ao furico alheio. Fico a imaginar se pai e filhos foram, de alguma forma, violados ou sodomizados l\u00e1 na inf\u00e2ncia. Ou na adolesc\u00eancia. Ou ainda recentemente, v\u00e1 saber. Estes s\u00e3o tempos estranhos. Primeiro foi o verdugo do Planalto, Jair, dizendo que enfiaria 15 milh\u00f5es de reais em latas de leite condensado no rabo dos jornalistas. Agora foi o bolsokid Eduardo Bananinha, querendo&hellip; <\/p>\n","protected":false},"author":1,"featured_media":232728,"comment_status":"closed","ping_status":"closed","sticky":false,"template":"","format":"standard","meta":{"_acf_changed":false,"footnotes":""},"categories":[30],"tags":[],"class_list":["post-280689","post","type-post","status-publish","format-standard","has-post-thumbnail","hentry","category-artigo"],"acf":[],"yoast_head":"<!-- This site is optimized with the Yoast SEO plugin v27.4 - https:\/\/yoast.com\/product\/yoast-seo-wordpress\/ -->\n<title>O fasc\u00ednio anal dos Bolsonaro pelo &quot;Rabo alheio&quot; - Blog do Farn\u00e9sio<\/title>\n<meta name=\"robots\" content=\"index, follow, max-snippet:-1, max-image-preview:large, max-video-preview:-1\" \/>\n<link rel=\"canonical\" href=\"https:\/\/blogdofarnesio.com.br\/?p=280689\" \/>\n<meta property=\"og:locale\" content=\"pt_BR\" \/>\n<meta property=\"og:type\" content=\"article\" \/>\n<meta property=\"og:title\" content=\"O fasc\u00ednio anal dos Bolsonaro pelo &quot;Rabo alheio&quot; - Blog do Farn\u00e9sio\" \/>\n<meta property=\"og:description\" content=\"Ricardo Kertzman Eita fam\u00edlia educada essa, n\u00e3o? Que gente elegante, tolerante e democr\u00e1tica, n\u00e3o \u00e9 verdade? Como s\u00e3o respeitosos com aqueles que lhes bancam a boa vida que levam h\u00e1 d\u00e9cadas, com seus sal\u00e1rios e mordomias, al\u00e9m de rachadinhas e outras \u201ccositas m\u00e1s\u201d, pagas pelos ot\u00e1rios. E como adoram palavr\u00f5es e express\u00f5es de cunho sexual, geralmente em refer\u00eancia ao furico alheio. Fico a imaginar se pai e filhos foram, de alguma forma, violados ou sodomizados l\u00e1 na inf\u00e2ncia. Ou na adolesc\u00eancia. Ou ainda recentemente, v\u00e1 saber. Estes s\u00e3o tempos estranhos. Primeiro foi o verdugo do Planalto, Jair, dizendo que enfiaria 15 milh\u00f5es de reais em latas de leite condensado no rabo dos jornalistas. Agora foi o bolsokid Eduardo Bananinha, querendo&hellip;\" \/>\n<meta property=\"og:url\" content=\"https:\/\/blogdofarnesio.com.br\/?p=280689\" \/>\n<meta property=\"og:site_name\" content=\"Blog do Farn\u00e9sio\" \/>\n<meta property=\"article:publisher\" content=\"https:\/\/www.facebook.com\/BlogQuerSaberPolitica\/\" \/>\n<meta property=\"article:published_time\" content=\"2021-03-12T15:00:52+00:00\" \/>\n<meta property=\"og:image\" content=\"https:\/\/blogdofarnesio.com.br\/wp-content\/uploads\/2019\/07\/blogqspEduardo-BolsonaroJair-Bolsonaro-posta-no-twitter-uma-foto-ao-lado.jpg.pagespeed.ic_.CFrAyE7XSF-e1755696610675.jpg\" \/>\n\t<meta property=\"og:image:width\" content=\"586\" \/>\n\t<meta property=\"og:image:height\" content=\"352\" \/>\n\t<meta property=\"og:image:type\" content=\"image\/jpeg\" \/>\n<meta name=\"author\" content=\"Farn\u00e9sio\" \/>\n<meta name=\"twitter:card\" content=\"summary_large_image\" \/>\n<meta name=\"twitter:label1\" content=\"Escrito por\" \/>\n\t<meta name=\"twitter:data1\" content=\"Farn\u00e9sio\" \/>\n\t<meta name=\"twitter:label2\" content=\"Est. tempo de leitura\" \/>\n\t<meta name=\"twitter:data2\" content=\"1 minuto\" \/>\n<script type=\"application\/ld+json\" class=\"yoast-schema-graph\">{\"@context\":\"https:\\\/\\\/schema.org\",\"@graph\":[{\"@type\":\"Article\",\"@id\":\"https:\\\/\\\/blogdofarnesio.com.br\\\/?p=280689#article\",\"isPartOf\":{\"@id\":\"https:\\\/\\\/blogdofarnesio.com.br\\\/?p=280689\"},\"author\":{\"name\":\"Farn\u00e9sio\",\"@id\":\"https:\\\/\\\/blogdofarnesio.com.br\\\/#\\\/schema\\\/person\\\/301c4acf522bccbfdb45af95b5b906a1\"},\"headline\":\"O fasc\u00ednio anal dos Bolsonaro pelo &#8220;Rabo alheio&#8221;\",\"datePublished\":\"2021-03-12T15:00:52+00:00\",\"mainEntityOfPage\":{\"@id\":\"https:\\\/\\\/blogdofarnesio.com.br\\\/?p=280689\"},\"wordCount\":264,\"publisher\":{\"@id\":\"https:\\\/\\\/blogdofarnesio.com.br\\\/#organization\"},\"image\":{\"@id\":\"https:\\\/\\\/blogdofarnesio.com.br\\\/?p=280689#primaryimage\"},\"thumbnailUrl\":\"https:\\\/\\\/blogdofarnesio.com.br\\\/wp-content\\\/uploads\\\/2019\\\/07\\\/blogqspEduardo-BolsonaroJair-Bolsonaro-posta-no-twitter-uma-foto-ao-lado.jpg.pagespeed.ic_.CFrAyE7XSF-e1755696610675.jpg\",\"articleSection\":[\"Artigo\"],\"inLanguage\":\"pt-BR\"},{\"@type\":\"WebPage\",\"@id\":\"https:\\\/\\\/blogdofarnesio.com.br\\\/?p=280689\",\"url\":\"https:\\\/\\\/blogdofarnesio.com.br\\\/?p=280689\",\"name\":\"O fasc\u00ednio anal dos Bolsonaro pelo \\\"Rabo alheio\\\" - Blog do Farn\u00e9sio\",\"isPartOf\":{\"@id\":\"https:\\\/\\\/blogdofarnesio.com.br\\\/#website\"},\"primaryImageOfPage\":{\"@id\":\"https:\\\/\\\/blogdofarnesio.com.br\\\/?p=280689#primaryimage\"},\"image\":{\"@id\":\"https:\\\/\\\/blogdofarnesio.com.br\\\/?p=280689#primaryimage\"},\"thumbnailUrl\":\"https:\\\/\\\/blogdofarnesio.com.br\\\/wp-content\\\/uploads\\\/2019\\\/07\\\/blogqspEduardo-BolsonaroJair-Bolsonaro-posta-no-twitter-uma-foto-ao-lado.jpg.pagespeed.ic_.CFrAyE7XSF-e1755696610675.jpg\",\"datePublished\":\"2021-03-12T15:00:52+00:00\",\"breadcrumb\":{\"@id\":\"https:\\\/\\\/blogdofarnesio.com.br\\\/?p=280689#breadcrumb\"},\"inLanguage\":\"pt-BR\",\"potentialAction\":[{\"@type\":\"ReadAction\",\"target\":[\"https:\\\/\\\/blogdofarnesio.com.br\\\/?p=280689\"]}]},{\"@type\":\"ImageObject\",\"inLanguage\":\"pt-BR\",\"@id\":\"https:\\\/\\\/blogdofarnesio.com.br\\\/?p=280689#primaryimage\",\"url\":\"https:\\\/\\\/blogdofarnesio.com.br\\\/wp-content\\\/uploads\\\/2019\\\/07\\\/blogqspEduardo-BolsonaroJair-Bolsonaro-posta-no-twitter-uma-foto-ao-lado.jpg.pagespeed.ic_.CFrAyE7XSF-e1755696610675.jpg\",\"contentUrl\":\"https:\\\/\\\/blogdofarnesio.com.br\\\/wp-content\\\/uploads\\\/2019\\\/07\\\/blogqspEduardo-BolsonaroJair-Bolsonaro-posta-no-twitter-uma-foto-ao-lado.jpg.pagespeed.ic_.CFrAyE7XSF-e1755696610675.jpg\",\"width\":586,\"height\":352},{\"@type\":\"BreadcrumbList\",\"@id\":\"https:\\\/\\\/blogdofarnesio.com.br\\\/?p=280689#breadcrumb\",\"itemListElement\":[{\"@type\":\"ListItem\",\"position\":1,\"name\":\"In\u00edcio\",\"item\":\"https:\\\/\\\/blogdofarnesio.com.br\\\/\"},{\"@type\":\"ListItem\",\"position\":2,\"name\":\"O fasc\u00ednio anal dos Bolsonaro pelo &#8220;Rabo alheio&#8221;\"}]},{\"@type\":\"WebSite\",\"@id\":\"https:\\\/\\\/blogdofarnesio.com.br\\\/#website\",\"url\":\"https:\\\/\\\/blogdofarnesio.com.br\\\/\",\"name\":\"Blog do Farn\u00e9sio\",\"description\":\"Quer Saber Pol\u00edtica?\",\"publisher\":{\"@id\":\"https:\\\/\\\/blogdofarnesio.com.br\\\/#organization\"},\"potentialAction\":[{\"@type\":\"SearchAction\",\"target\":{\"@type\":\"EntryPoint\",\"urlTemplate\":\"https:\\\/\\\/blogdofarnesio.com.br\\\/?s={search_term_string}\"},\"query-input\":{\"@type\":\"PropertyValueSpecification\",\"valueRequired\":true,\"valueName\":\"search_term_string\"}}],\"inLanguage\":\"pt-BR\"},{\"@type\":\"Organization\",\"@id\":\"https:\\\/\\\/blogdofarnesio.com.br\\\/#organization\",\"name\":\"Blog do Farn\u00e9sio\",\"url\":\"https:\\\/\\\/blogdofarnesio.com.br\\\/\",\"logo\":{\"@type\":\"ImageObject\",\"inLanguage\":\"pt-BR\",\"@id\":\"https:\\\/\\\/blogdofarnesio.com.br\\\/#\\\/schema\\\/logo\\\/image\\\/\",\"url\":\"https:\\\/\\\/blogdofarnesio.com.br\\\/wp-content\\\/uploads\\\/2026\\\/03\\\/cropped-logo_new-1.png\",\"contentUrl\":\"https:\\\/\\\/blogdofarnesio.com.br\\\/wp-content\\\/uploads\\\/2026\\\/03\\\/cropped-logo_new-1.png\",\"width\":881,\"height\":685,\"caption\":\"Blog do Farn\u00e9sio\"},\"image\":{\"@id\":\"https:\\\/\\\/blogdofarnesio.com.br\\\/#\\\/schema\\\/logo\\\/image\\\/\"},\"sameAs\":[\"https:\\\/\\\/www.facebook.com\\\/BlogQuerSaberPolitica\\\/\"]},{\"@type\":\"Person\",\"@id\":\"https:\\\/\\\/blogdofarnesio.com.br\\\/#\\\/schema\\\/person\\\/301c4acf522bccbfdb45af95b5b906a1\",\"name\":\"Farn\u00e9sio\",\"image\":{\"@type\":\"ImageObject\",\"inLanguage\":\"pt-BR\",\"@id\":\"https:\\\/\\\/secure.gravatar.com\\\/avatar\\\/df0c9a14567c056f8ad6876ba5bbd1e3e2c48023eb6807342fc4663adf549f38?s=96&d=mm&r=g\",\"url\":\"https:\\\/\\\/secure.gravatar.com\\\/avatar\\\/df0c9a14567c056f8ad6876ba5bbd1e3e2c48023eb6807342fc4663adf549f38?s=96&d=mm&r=g\",\"contentUrl\":\"https:\\\/\\\/secure.gravatar.com\\\/avatar\\\/df0c9a14567c056f8ad6876ba5bbd1e3e2c48023eb6807342fc4663adf549f38?s=96&d=mm&r=g\",\"caption\":\"Farn\u00e9sio\"},\"sameAs\":[\"https:\\\/\\\/quersaberpolitica.com.br\"],\"url\":\"https:\\\/\\\/blogdofarnesio.com.br\\\/?author=1\"}]}<\/script>\n<!-- \/ Yoast SEO plugin. -->","yoast_head_json":{"title":"O fasc\u00ednio anal dos Bolsonaro pelo \"Rabo alheio\" - Blog do Farn\u00e9sio","robots":{"index":"index","follow":"follow","max-snippet":"max-snippet:-1","max-image-preview":"max-image-preview:large","max-video-preview":"max-video-preview:-1"},"canonical":"https:\/\/blogdofarnesio.com.br\/?p=280689","og_locale":"pt_BR","og_type":"article","og_title":"O fasc\u00ednio anal dos Bolsonaro pelo \"Rabo alheio\" - Blog do Farn\u00e9sio","og_description":"Ricardo Kertzman Eita fam\u00edlia educada essa, n\u00e3o? Que gente elegante, tolerante e democr\u00e1tica, n\u00e3o \u00e9 verdade? Como s\u00e3o respeitosos com aqueles que lhes bancam a boa vida que levam h\u00e1 d\u00e9cadas, com seus sal\u00e1rios e mordomias, al\u00e9m de rachadinhas e outras \u201ccositas m\u00e1s\u201d, pagas pelos ot\u00e1rios. E como adoram palavr\u00f5es e express\u00f5es de cunho sexual, geralmente em refer\u00eancia ao furico alheio. Fico a imaginar se pai e filhos foram, de alguma forma, violados ou sodomizados l\u00e1 na inf\u00e2ncia. Ou na adolesc\u00eancia. Ou ainda recentemente, v\u00e1 saber. Estes s\u00e3o tempos estranhos. Primeiro foi o verdugo do Planalto, Jair, dizendo que enfiaria 15 milh\u00f5es de reais em latas de leite condensado no rabo dos jornalistas. Agora foi o bolsokid Eduardo Bananinha, querendo&hellip;","og_url":"https:\/\/blogdofarnesio.com.br\/?p=280689","og_site_name":"Blog do Farn\u00e9sio","article_publisher":"https:\/\/www.facebook.com\/BlogQuerSaberPolitica\/","article_published_time":"2021-03-12T15:00:52+00:00","og_image":[{"width":586,"height":352,"url":"https:\/\/blogdofarnesio.com.br\/wp-content\/uploads\/2019\/07\/blogqspEduardo-BolsonaroJair-Bolsonaro-posta-no-twitter-uma-foto-ao-lado.jpg.pagespeed.ic_.CFrAyE7XSF-e1755696610675.jpg","type":"image\/jpeg"}],"author":"Farn\u00e9sio","twitter_card":"summary_large_image","twitter_misc":{"Escrito por":"Farn\u00e9sio","Est. tempo de leitura":"1 minuto"},"schema":{"@context":"https:\/\/schema.org","@graph":[{"@type":"Article","@id":"https:\/\/blogdofarnesio.com.br\/?p=280689#article","isPartOf":{"@id":"https:\/\/blogdofarnesio.com.br\/?p=280689"},"author":{"name":"Farn\u00e9sio","@id":"https:\/\/blogdofarnesio.com.br\/#\/schema\/person\/301c4acf522bccbfdb45af95b5b906a1"},"headline":"O fasc\u00ednio anal dos Bolsonaro pelo &#8220;Rabo alheio&#8221;","datePublished":"2021-03-12T15:00:52+00:00","mainEntityOfPage":{"@id":"https:\/\/blogdofarnesio.com.br\/?p=280689"},"wordCount":264,"publisher":{"@id":"https:\/\/blogdofarnesio.com.br\/#organization"},"image":{"@id":"https:\/\/blogdofarnesio.com.br\/?p=280689#primaryimage"},"thumbnailUrl":"https:\/\/blogdofarnesio.com.br\/wp-content\/uploads\/2019\/07\/blogqspEduardo-BolsonaroJair-Bolsonaro-posta-no-twitter-uma-foto-ao-lado.jpg.pagespeed.ic_.CFrAyE7XSF-e1755696610675.jpg","articleSection":["Artigo"],"inLanguage":"pt-BR"},{"@type":"WebPage","@id":"https:\/\/blogdofarnesio.com.br\/?p=280689","url":"https:\/\/blogdofarnesio.com.br\/?p=280689","name":"O fasc\u00ednio anal dos Bolsonaro pelo \"Rabo alheio\" - Blog do Farn\u00e9sio","isPartOf":{"@id":"https:\/\/blogdofarnesio.com.br\/#website"},"primaryImageOfPage":{"@id":"https:\/\/blogdofarnesio.com.br\/?p=280689#primaryimage"},"image":{"@id":"https:\/\/blogdofarnesio.com.br\/?p=280689#primaryimage"},"thumbnailUrl":"https:\/\/blogdofarnesio.com.br\/wp-content\/uploads\/2019\/07\/blogqspEduardo-BolsonaroJair-Bolsonaro-posta-no-twitter-uma-foto-ao-lado.jpg.pagespeed.ic_.CFrAyE7XSF-e1755696610675.jpg","datePublished":"2021-03-12T15:00:52+00:00","breadcrumb":{"@id":"https:\/\/blogdofarnesio.com.br\/?p=280689#breadcrumb"},"inLanguage":"pt-BR","potentialAction":[{"@type":"ReadAction","target":["https:\/\/blogdofarnesio.com.br\/?p=280689"]}]},{"@type":"ImageObject","inLanguage":"pt-BR","@id":"https:\/\/blogdofarnesio.com.br\/?p=280689#primaryimage","url":"https:\/\/blogdofarnesio.com.br\/wp-content\/uploads\/2019\/07\/blogqspEduardo-BolsonaroJair-Bolsonaro-posta-no-twitter-uma-foto-ao-lado.jpg.pagespeed.ic_.CFrAyE7XSF-e1755696610675.jpg","contentUrl":"https:\/\/blogdofarnesio.com.br\/wp-content\/uploads\/2019\/07\/blogqspEduardo-BolsonaroJair-Bolsonaro-posta-no-twitter-uma-foto-ao-lado.jpg.pagespeed.ic_.CFrAyE7XSF-e1755696610675.jpg","width":586,"height":352},{"@type":"BreadcrumbList","@id":"https:\/\/blogdofarnesio.com.br\/?p=280689#breadcrumb","itemListElement":[{"@type":"ListItem","position":1,"name":"In\u00edcio","item":"https:\/\/blogdofarnesio.com.br\/"},{"@type":"ListItem","position":2,"name":"O fasc\u00ednio anal dos Bolsonaro pelo &#8220;Rabo alheio&#8221;"}]},{"@type":"WebSite","@id":"https:\/\/blogdofarnesio.com.br\/#website","url":"https:\/\/blogdofarnesio.com.br\/","name":"Blog do Farn\u00e9sio","description":"Quer Saber Pol\u00edtica?","publisher":{"@id":"https:\/\/blogdofarnesio.com.br\/#organization"},"potentialAction":[{"@type":"SearchAction","target":{"@type":"EntryPoint","urlTemplate":"https:\/\/blogdofarnesio.com.br\/?s={search_term_string}"},"query-input":{"@type":"PropertyValueSpecification","valueRequired":true,"valueName":"search_term_string"}}],"inLanguage":"pt-BR"},{"@type":"Organization","@id":"https:\/\/blogdofarnesio.com.br\/#organization","name":"Blog do Farn\u00e9sio","url":"https:\/\/blogdofarnesio.com.br\/","logo":{"@type":"ImageObject","inLanguage":"pt-BR","@id":"https:\/\/blogdofarnesio.com.br\/#\/schema\/logo\/image\/","url":"https:\/\/blogdofarnesio.com.br\/wp-content\/uploads\/2026\/03\/cropped-logo_new-1.png","contentUrl":"https:\/\/blogdofarnesio.com.br\/wp-content\/uploads\/2026\/03\/cropped-logo_new-1.png","width":881,"height":685,"caption":"Blog do Farn\u00e9sio"},"image":{"@id":"https:\/\/blogdofarnesio.com.br\/#\/schema\/logo\/image\/"},"sameAs":["https:\/\/www.facebook.com\/BlogQuerSaberPolitica\/"]},{"@type":"Person","@id":"https:\/\/blogdofarnesio.com.br\/#\/schema\/person\/301c4acf522bccbfdb45af95b5b906a1","name":"Farn\u00e9sio","image":{"@type":"ImageObject","inLanguage":"pt-BR","@id":"https:\/\/secure.gravatar.com\/avatar\/df0c9a14567c056f8ad6876ba5bbd1e3e2c48023eb6807342fc4663adf549f38?s=96&d=mm&r=g","url":"https:\/\/secure.gravatar.com\/avatar\/df0c9a14567c056f8ad6876ba5bbd1e3e2c48023eb6807342fc4663adf549f38?s=96&d=mm&r=g","contentUrl":"https:\/\/secure.gravatar.com\/avatar\/df0c9a14567c056f8ad6876ba5bbd1e3e2c48023eb6807342fc4663adf549f38?s=96&d=mm&r=g","caption":"Farn\u00e9sio"},"sameAs":["https:\/\/quersaberpolitica.com.br"],"url":"https:\/\/blogdofarnesio.com.br\/?author=1"}]}},"_links":{"self":[{"href":"https:\/\/blogdofarnesio.com.br\/index.php?rest_route=\/wp\/v2\/posts\/280689","targetHints":{"allow":["GET"]}}],"collection":[{"href":"https:\/\/blogdofarnesio.com.br\/index.php?rest_route=\/wp\/v2\/posts"}],"about":[{"href":"https:\/\/blogdofarnesio.com.br\/index.php?rest_route=\/wp\/v2\/types\/post"}],"author":[{"embeddable":true,"href":"https:\/\/blogdofarnesio.com.br\/index.php?rest_route=\/wp\/v2\/users\/1"}],"replies":[{"embeddable":true,"href":"https:\/\/blogdofarnesio.com.br\/index.php?rest_route=%2Fwp%2Fv2%2Fcomments&post=280689"}],"version-history":[{"count":0,"href":"https:\/\/blogdofarnesio.com.br\/index.php?rest_route=\/wp\/v2\/posts\/280689\/revisions"}],"wp:featuredmedia":[{"embeddable":true,"href":"https:\/\/blogdofarnesio.com.br\/index.php?rest_route=\/wp\/v2\/media\/232728"}],"wp:attachment":[{"href":"https:\/\/blogdofarnesio.com.br\/index.php?rest_route=%2Fwp%2Fv2%2Fmedia&parent=280689"}],"wp:term":[{"taxonomy":"category","embeddable":true,"href":"https:\/\/blogdofarnesio.com.br\/index.php?rest_route=%2Fwp%2Fv2%2Fcategories&post=280689"},{"taxonomy":"post_tag","embeddable":true,"href":"https:\/\/blogdofarnesio.com.br\/index.php?rest_route=%2Fwp%2Fv2%2Ftags&post=280689"}],"curies":[{"name":"wp","href":"https:\/\/api.w.org\/{rel}","templated":true}]}}