{"id":279777,"date":"2021-02-26T09:20:27","date_gmt":"2021-02-26T12:20:27","guid":{"rendered":"http:\/\/quersaberpolitica.com.br\/2016\/?p=279777"},"modified":"2021-02-26T09:15:52","modified_gmt":"2021-02-26T12:15:52","slug":"cinco-comunidades-rurais-de-juazeiro-tem-abastecimento-de-agua-suspenso-para-manutencao-emergencial-no-sistema","status":"publish","type":"post","link":"https:\/\/blogdofarnesio.com.br\/?p=279777","title":{"rendered":"Cinco comunidades rurais de Juazeiro tem abastecimento de \u00e1gua suspenso para manuten\u00e7\u00e3o emergencial no sistema"},"content":{"rendered":"<p dir=\"ltr\">O Servi\u00e7o de \u00c1gua e Saneamento Ambiental (SAAE) de Juazeiro informa que est\u00e1 realizando uma manuten\u00e7\u00e3o emergencial na rede de abastecimento de Cara\u00edba Metais, nesta sexta-feira (26). Com isso, foi preciso suspender o abastecimento nas comunidades de Angico, Angical, Ab\u00f3bora, Massaroca e Po\u00e7\u00f5es, na zona rural. O servi\u00e7o foi iniciado de forma urgente, ainda durante a madrugada.<\/p>\n<p dir=\"ltr\">Segundo a coordena\u00e7\u00e3o geral da regi\u00e3o, a previs\u00e3o de normalidade na rede de abastecimento ser\u00e1 at\u00e9 o per\u00edodo da tarde, quando tudo voltar\u00e1 a funcionar normalmente. O SAAE pede a compreens\u00e3o dos usu\u00e1rios e reafirma seu compromisso em continuar trabalhando para a melhoria dos servi\u00e7os oferecidos.<\/p>\n<p dir=\"ltr\">&#8212;<\/p>\n<p dir=\"ltr\">Texto: Fab\u00edolla Paiva &#8211; Assessora de Imprensa do SAAE<\/p>\n","protected":false},"excerpt":{"rendered":"<p>O Servi\u00e7o de \u00c1gua e Saneamento Ambiental (SAAE) de Juazeiro informa que est\u00e1 realizando uma manuten\u00e7\u00e3o emergencial na rede de abastecimento de Cara\u00edba Metais, nesta sexta-feira (26). Com isso, foi preciso suspender o abastecimento nas comunidades de Angico, Angical, Ab\u00f3bora, Massaroca e Po\u00e7\u00f5es, na zona rural. O servi\u00e7o foi iniciado de forma urgente, ainda durante a madrugada. Segundo a coordena\u00e7\u00e3o geral da regi\u00e3o, a previs\u00e3o de normalidade na rede de abastecimento ser\u00e1 at\u00e9 o per\u00edodo da tarde, quando tudo voltar\u00e1 a funcionar normalmente. O SAAE pede a compreens\u00e3o dos usu\u00e1rios e reafirma seu compromisso em continuar trabalhando para a melhoria dos servi\u00e7os oferecidos. &#8212; Texto: Fab\u00edolla Paiva &#8211; Assessora de Imprensa do SAAE<\/p>\n","protected":false},"author":1,"featured_media":279127,"comment_status":"closed","ping_status":"closed","sticky":false,"template":"","format":"standard","meta":{"_acf_changed":false,"footnotes":""},"categories":[56],"tags":[],"class_list":["post-279777","post","type-post","status-publish","format-standard","has-post-thumbnail","hentry","category-agua"],"acf":[],"yoast_head":"<!-- This site is optimized with the Yoast SEO plugin v27.4 - https:\/\/yoast.com\/product\/yoast-seo-wordpress\/ -->\n<title>Cinco comunidades rurais de Juazeiro tem abastecimento de \u00e1gua suspenso para manuten\u00e7\u00e3o emergencial no sistema - Blog do Farn\u00e9sio<\/title>\n<meta name=\"robots\" content=\"index, follow, max-snippet:-1, max-image-preview:large, max-video-preview:-1\" \/>\n<link rel=\"canonical\" href=\"https:\/\/blogdofarnesio.com.br\/?p=279777\" \/>\n<meta property=\"og:locale\" content=\"pt_BR\" \/>\n<meta property=\"og:type\" content=\"article\" \/>\n<meta property=\"og:title\" content=\"Cinco comunidades rurais de Juazeiro tem abastecimento de \u00e1gua suspenso para manuten\u00e7\u00e3o emergencial no sistema - Blog do Farn\u00e9sio\" \/>\n<meta property=\"og:description\" content=\"O Servi\u00e7o de \u00c1gua e Saneamento Ambiental (SAAE) de Juazeiro informa que est\u00e1 realizando uma manuten\u00e7\u00e3o emergencial na rede de abastecimento de Cara\u00edba Metais, nesta sexta-feira (26). Com isso, foi preciso suspender o abastecimento nas comunidades de Angico, Angical, Ab\u00f3bora, Massaroca e Po\u00e7\u00f5es, na zona rural. O servi\u00e7o foi iniciado de forma urgente, ainda durante a madrugada. Segundo a coordena\u00e7\u00e3o geral da regi\u00e3o, a previs\u00e3o de normalidade na rede de abastecimento ser\u00e1 at\u00e9 o per\u00edodo da tarde, quando tudo voltar\u00e1 a funcionar normalmente. O SAAE pede a compreens\u00e3o dos usu\u00e1rios e reafirma seu compromisso em continuar trabalhando para a melhoria dos servi\u00e7os oferecidos. &#8212; Texto: Fab\u00edolla Paiva &#8211; Assessora de Imprensa do SAAE\" \/>\n<meta property=\"og:url\" content=\"https:\/\/blogdofarnesio.com.br\/?p=279777\" \/>\n<meta property=\"og:site_name\" content=\"Blog do Farn\u00e9sio\" \/>\n<meta property=\"article:publisher\" content=\"https:\/\/www.facebook.com\/BlogQuerSaberPolitica\/\" \/>\n<meta property=\"article:published_time\" content=\"2021-02-26T12:20:27+00:00\" \/>\n<meta property=\"og:image\" content=\"https:\/\/blogdofarnesio.com.br\/wp-content\/uploads\/2021\/02\/SAAE-2-e1613596918758.jpg\" \/>\n\t<meta property=\"og:image:width\" content=\"680\" \/>\n\t<meta property=\"og:image:height\" content=\"532\" \/>\n\t<meta property=\"og:image:type\" content=\"image\/jpeg\" \/>\n<meta name=\"author\" content=\"Farn\u00e9sio\" \/>\n<meta name=\"twitter:card\" content=\"summary_large_image\" \/>\n<meta name=\"twitter:label1\" content=\"Escrito por\" \/>\n\t<meta name=\"twitter:data1\" content=\"Farn\u00e9sio\" \/>\n\t<meta name=\"twitter:label2\" content=\"Est. tempo de leitura\" \/>\n\t<meta name=\"twitter:data2\" content=\"1 minuto\" \/>\n<script type=\"application\/ld+json\" class=\"yoast-schema-graph\">{\"@context\":\"https:\\\/\\\/schema.org\",\"@graph\":[{\"@type\":\"Article\",\"@id\":\"https:\\\/\\\/blogdofarnesio.com.br\\\/?p=279777#article\",\"isPartOf\":{\"@id\":\"https:\\\/\\\/blogdofarnesio.com.br\\\/?p=279777\"},\"author\":{\"name\":\"Farn\u00e9sio\",\"@id\":\"https:\\\/\\\/blogdofarnesio.com.br\\\/#\\\/schema\\\/person\\\/301c4acf522bccbfdb45af95b5b906a1\"},\"headline\":\"Cinco comunidades rurais de Juazeiro tem abastecimento de \u00e1gua suspenso para manuten\u00e7\u00e3o emergencial no sistema\",\"datePublished\":\"2021-02-26T12:20:27+00:00\",\"mainEntityOfPage\":{\"@id\":\"https:\\\/\\\/blogdofarnesio.com.br\\\/?p=279777\"},\"wordCount\":142,\"publisher\":{\"@id\":\"https:\\\/\\\/blogdofarnesio.com.br\\\/#organization\"},\"image\":{\"@id\":\"https:\\\/\\\/blogdofarnesio.com.br\\\/?p=279777#primaryimage\"},\"thumbnailUrl\":\"https:\\\/\\\/blogdofarnesio.com.br\\\/wp-content\\\/uploads\\\/2021\\\/02\\\/SAAE-2-e1613596918758.jpg\",\"articleSection\":[\"\u00c1gua\"],\"inLanguage\":\"pt-BR\"},{\"@type\":\"WebPage\",\"@id\":\"https:\\\/\\\/blogdofarnesio.com.br\\\/?p=279777\",\"url\":\"https:\\\/\\\/blogdofarnesio.com.br\\\/?p=279777\",\"name\":\"Cinco comunidades rurais de Juazeiro tem abastecimento de \u00e1gua suspenso para manuten\u00e7\u00e3o emergencial no sistema - Blog do Farn\u00e9sio\",\"isPartOf\":{\"@id\":\"https:\\\/\\\/blogdofarnesio.com.br\\\/#website\"},\"primaryImageOfPage\":{\"@id\":\"https:\\\/\\\/blogdofarnesio.com.br\\\/?p=279777#primaryimage\"},\"image\":{\"@id\":\"https:\\\/\\\/blogdofarnesio.com.br\\\/?p=279777#primaryimage\"},\"thumbnailUrl\":\"https:\\\/\\\/blogdofarnesio.com.br\\\/wp-content\\\/uploads\\\/2021\\\/02\\\/SAAE-2-e1613596918758.jpg\",\"datePublished\":\"2021-02-26T12:20:27+00:00\",\"breadcrumb\":{\"@id\":\"https:\\\/\\\/blogdofarnesio.com.br\\\/?p=279777#breadcrumb\"},\"inLanguage\":\"pt-BR\",\"potentialAction\":[{\"@type\":\"ReadAction\",\"target\":[\"https:\\\/\\\/blogdofarnesio.com.br\\\/?p=279777\"]}]},{\"@type\":\"ImageObject\",\"inLanguage\":\"pt-BR\",\"@id\":\"https:\\\/\\\/blogdofarnesio.com.br\\\/?p=279777#primaryimage\",\"url\":\"https:\\\/\\\/blogdofarnesio.com.br\\\/wp-content\\\/uploads\\\/2021\\\/02\\\/SAAE-2-e1613596918758.jpg\",\"contentUrl\":\"https:\\\/\\\/blogdofarnesio.com.br\\\/wp-content\\\/uploads\\\/2021\\\/02\\\/SAAE-2-e1613596918758.jpg\",\"width\":680,\"height\":532},{\"@type\":\"BreadcrumbList\",\"@id\":\"https:\\\/\\\/blogdofarnesio.com.br\\\/?p=279777#breadcrumb\",\"itemListElement\":[{\"@type\":\"ListItem\",\"position\":1,\"name\":\"In\u00edcio\",\"item\":\"https:\\\/\\\/blogdofarnesio.com.br\\\/\"},{\"@type\":\"ListItem\",\"position\":2,\"name\":\"Cinco comunidades rurais de Juazeiro tem abastecimento de \u00e1gua suspenso para manuten\u00e7\u00e3o emergencial no sistema\"}]},{\"@type\":\"WebSite\",\"@id\":\"https:\\\/\\\/blogdofarnesio.com.br\\\/#website\",\"url\":\"https:\\\/\\\/blogdofarnesio.com.br\\\/\",\"name\":\"Blog do Farn\u00e9sio\",\"description\":\"Quer Saber Pol\u00edtica?\",\"publisher\":{\"@id\":\"https:\\\/\\\/blogdofarnesio.com.br\\\/#organization\"},\"potentialAction\":[{\"@type\":\"SearchAction\",\"target\":{\"@type\":\"EntryPoint\",\"urlTemplate\":\"https:\\\/\\\/blogdofarnesio.com.br\\\/?s={search_term_string}\"},\"query-input\":{\"@type\":\"PropertyValueSpecification\",\"valueRequired\":true,\"valueName\":\"search_term_string\"}}],\"inLanguage\":\"pt-BR\"},{\"@type\":\"Organization\",\"@id\":\"https:\\\/\\\/blogdofarnesio.com.br\\\/#organization\",\"name\":\"Blog do Farn\u00e9sio\",\"url\":\"https:\\\/\\\/blogdofarnesio.com.br\\\/\",\"logo\":{\"@type\":\"ImageObject\",\"inLanguage\":\"pt-BR\",\"@id\":\"https:\\\/\\\/blogdofarnesio.com.br\\\/#\\\/schema\\\/logo\\\/image\\\/\",\"url\":\"https:\\\/\\\/blogdofarnesio.com.br\\\/wp-content\\\/uploads\\\/2026\\\/03\\\/cropped-logo_new-1.png\",\"contentUrl\":\"https:\\\/\\\/blogdofarnesio.com.br\\\/wp-content\\\/uploads\\\/2026\\\/03\\\/cropped-logo_new-1.png\",\"width\":881,\"height\":685,\"caption\":\"Blog do Farn\u00e9sio\"},\"image\":{\"@id\":\"https:\\\/\\\/blogdofarnesio.com.br\\\/#\\\/schema\\\/logo\\\/image\\\/\"},\"sameAs\":[\"https:\\\/\\\/www.facebook.com\\\/BlogQuerSaberPolitica\\\/\"]},{\"@type\":\"Person\",\"@id\":\"https:\\\/\\\/blogdofarnesio.com.br\\\/#\\\/schema\\\/person\\\/301c4acf522bccbfdb45af95b5b906a1\",\"name\":\"Farn\u00e9sio\",\"image\":{\"@type\":\"ImageObject\",\"inLanguage\":\"pt-BR\",\"@id\":\"https:\\\/\\\/secure.gravatar.com\\\/avatar\\\/df0c9a14567c056f8ad6876ba5bbd1e3e2c48023eb6807342fc4663adf549f38?s=96&d=mm&r=g\",\"url\":\"https:\\\/\\\/secure.gravatar.com\\\/avatar\\\/df0c9a14567c056f8ad6876ba5bbd1e3e2c48023eb6807342fc4663adf549f38?s=96&d=mm&r=g\",\"contentUrl\":\"https:\\\/\\\/secure.gravatar.com\\\/avatar\\\/df0c9a14567c056f8ad6876ba5bbd1e3e2c48023eb6807342fc4663adf549f38?s=96&d=mm&r=g\",\"caption\":\"Farn\u00e9sio\"},\"sameAs\":[\"https:\\\/\\\/quersaberpolitica.com.br\"],\"url\":\"https:\\\/\\\/blogdofarnesio.com.br\\\/?author=1\"}]}<\/script>\n<!-- \/ Yoast SEO plugin. -->","yoast_head_json":{"title":"Cinco comunidades rurais de Juazeiro tem abastecimento de \u00e1gua suspenso para manuten\u00e7\u00e3o emergencial no sistema - Blog do Farn\u00e9sio","robots":{"index":"index","follow":"follow","max-snippet":"max-snippet:-1","max-image-preview":"max-image-preview:large","max-video-preview":"max-video-preview:-1"},"canonical":"https:\/\/blogdofarnesio.com.br\/?p=279777","og_locale":"pt_BR","og_type":"article","og_title":"Cinco comunidades rurais de Juazeiro tem abastecimento de \u00e1gua suspenso para manuten\u00e7\u00e3o emergencial no sistema - Blog do Farn\u00e9sio","og_description":"O Servi\u00e7o de \u00c1gua e Saneamento Ambiental (SAAE) de Juazeiro informa que est\u00e1 realizando uma manuten\u00e7\u00e3o emergencial na rede de abastecimento de Cara\u00edba Metais, nesta sexta-feira (26). Com isso, foi preciso suspender o abastecimento nas comunidades de Angico, Angical, Ab\u00f3bora, Massaroca e Po\u00e7\u00f5es, na zona rural. O servi\u00e7o foi iniciado de forma urgente, ainda durante a madrugada. Segundo a coordena\u00e7\u00e3o geral da regi\u00e3o, a previs\u00e3o de normalidade na rede de abastecimento ser\u00e1 at\u00e9 o per\u00edodo da tarde, quando tudo voltar\u00e1 a funcionar normalmente. O SAAE pede a compreens\u00e3o dos usu\u00e1rios e reafirma seu compromisso em continuar trabalhando para a melhoria dos servi\u00e7os oferecidos. &#8212; Texto: Fab\u00edolla Paiva &#8211; Assessora de Imprensa do SAAE","og_url":"https:\/\/blogdofarnesio.com.br\/?p=279777","og_site_name":"Blog do Farn\u00e9sio","article_publisher":"https:\/\/www.facebook.com\/BlogQuerSaberPolitica\/","article_published_time":"2021-02-26T12:20:27+00:00","og_image":[{"width":680,"height":532,"url":"https:\/\/blogdofarnesio.com.br\/wp-content\/uploads\/2021\/02\/SAAE-2-e1613596918758.jpg","type":"image\/jpeg"}],"author":"Farn\u00e9sio","twitter_card":"summary_large_image","twitter_misc":{"Escrito por":"Farn\u00e9sio","Est. tempo de leitura":"1 minuto"},"schema":{"@context":"https:\/\/schema.org","@graph":[{"@type":"Article","@id":"https:\/\/blogdofarnesio.com.br\/?p=279777#article","isPartOf":{"@id":"https:\/\/blogdofarnesio.com.br\/?p=279777"},"author":{"name":"Farn\u00e9sio","@id":"https:\/\/blogdofarnesio.com.br\/#\/schema\/person\/301c4acf522bccbfdb45af95b5b906a1"},"headline":"Cinco comunidades rurais de Juazeiro tem abastecimento de \u00e1gua suspenso para manuten\u00e7\u00e3o emergencial no sistema","datePublished":"2021-02-26T12:20:27+00:00","mainEntityOfPage":{"@id":"https:\/\/blogdofarnesio.com.br\/?p=279777"},"wordCount":142,"publisher":{"@id":"https:\/\/blogdofarnesio.com.br\/#organization"},"image":{"@id":"https:\/\/blogdofarnesio.com.br\/?p=279777#primaryimage"},"thumbnailUrl":"https:\/\/blogdofarnesio.com.br\/wp-content\/uploads\/2021\/02\/SAAE-2-e1613596918758.jpg","articleSection":["\u00c1gua"],"inLanguage":"pt-BR"},{"@type":"WebPage","@id":"https:\/\/blogdofarnesio.com.br\/?p=279777","url":"https:\/\/blogdofarnesio.com.br\/?p=279777","name":"Cinco comunidades rurais de Juazeiro tem abastecimento de \u00e1gua suspenso para manuten\u00e7\u00e3o emergencial no sistema - Blog do Farn\u00e9sio","isPartOf":{"@id":"https:\/\/blogdofarnesio.com.br\/#website"},"primaryImageOfPage":{"@id":"https:\/\/blogdofarnesio.com.br\/?p=279777#primaryimage"},"image":{"@id":"https:\/\/blogdofarnesio.com.br\/?p=279777#primaryimage"},"thumbnailUrl":"https:\/\/blogdofarnesio.com.br\/wp-content\/uploads\/2021\/02\/SAAE-2-e1613596918758.jpg","datePublished":"2021-02-26T12:20:27+00:00","breadcrumb":{"@id":"https:\/\/blogdofarnesio.com.br\/?p=279777#breadcrumb"},"inLanguage":"pt-BR","potentialAction":[{"@type":"ReadAction","target":["https:\/\/blogdofarnesio.com.br\/?p=279777"]}]},{"@type":"ImageObject","inLanguage":"pt-BR","@id":"https:\/\/blogdofarnesio.com.br\/?p=279777#primaryimage","url":"https:\/\/blogdofarnesio.com.br\/wp-content\/uploads\/2021\/02\/SAAE-2-e1613596918758.jpg","contentUrl":"https:\/\/blogdofarnesio.com.br\/wp-content\/uploads\/2021\/02\/SAAE-2-e1613596918758.jpg","width":680,"height":532},{"@type":"BreadcrumbList","@id":"https:\/\/blogdofarnesio.com.br\/?p=279777#breadcrumb","itemListElement":[{"@type":"ListItem","position":1,"name":"In\u00edcio","item":"https:\/\/blogdofarnesio.com.br\/"},{"@type":"ListItem","position":2,"name":"Cinco comunidades rurais de Juazeiro tem abastecimento de \u00e1gua suspenso para manuten\u00e7\u00e3o emergencial no sistema"}]},{"@type":"WebSite","@id":"https:\/\/blogdofarnesio.com.br\/#website","url":"https:\/\/blogdofarnesio.com.br\/","name":"Blog do Farn\u00e9sio","description":"Quer Saber Pol\u00edtica?","publisher":{"@id":"https:\/\/blogdofarnesio.com.br\/#organization"},"potentialAction":[{"@type":"SearchAction","target":{"@type":"EntryPoint","urlTemplate":"https:\/\/blogdofarnesio.com.br\/?s={search_term_string}"},"query-input":{"@type":"PropertyValueSpecification","valueRequired":true,"valueName":"search_term_string"}}],"inLanguage":"pt-BR"},{"@type":"Organization","@id":"https:\/\/blogdofarnesio.com.br\/#organization","name":"Blog do Farn\u00e9sio","url":"https:\/\/blogdofarnesio.com.br\/","logo":{"@type":"ImageObject","inLanguage":"pt-BR","@id":"https:\/\/blogdofarnesio.com.br\/#\/schema\/logo\/image\/","url":"https:\/\/blogdofarnesio.com.br\/wp-content\/uploads\/2026\/03\/cropped-logo_new-1.png","contentUrl":"https:\/\/blogdofarnesio.com.br\/wp-content\/uploads\/2026\/03\/cropped-logo_new-1.png","width":881,"height":685,"caption":"Blog do Farn\u00e9sio"},"image":{"@id":"https:\/\/blogdofarnesio.com.br\/#\/schema\/logo\/image\/"},"sameAs":["https:\/\/www.facebook.com\/BlogQuerSaberPolitica\/"]},{"@type":"Person","@id":"https:\/\/blogdofarnesio.com.br\/#\/schema\/person\/301c4acf522bccbfdb45af95b5b906a1","name":"Farn\u00e9sio","image":{"@type":"ImageObject","inLanguage":"pt-BR","@id":"https:\/\/secure.gravatar.com\/avatar\/df0c9a14567c056f8ad6876ba5bbd1e3e2c48023eb6807342fc4663adf549f38?s=96&d=mm&r=g","url":"https:\/\/secure.gravatar.com\/avatar\/df0c9a14567c056f8ad6876ba5bbd1e3e2c48023eb6807342fc4663adf549f38?s=96&d=mm&r=g","contentUrl":"https:\/\/secure.gravatar.com\/avatar\/df0c9a14567c056f8ad6876ba5bbd1e3e2c48023eb6807342fc4663adf549f38?s=96&d=mm&r=g","caption":"Farn\u00e9sio"},"sameAs":["https:\/\/quersaberpolitica.com.br"],"url":"https:\/\/blogdofarnesio.com.br\/?author=1"}]}},"_links":{"self":[{"href":"https:\/\/blogdofarnesio.com.br\/index.php?rest_route=\/wp\/v2\/posts\/279777","targetHints":{"allow":["GET"]}}],"collection":[{"href":"https:\/\/blogdofarnesio.com.br\/index.php?rest_route=\/wp\/v2\/posts"}],"about":[{"href":"https:\/\/blogdofarnesio.com.br\/index.php?rest_route=\/wp\/v2\/types\/post"}],"author":[{"embeddable":true,"href":"https:\/\/blogdofarnesio.com.br\/index.php?rest_route=\/wp\/v2\/users\/1"}],"replies":[{"embeddable":true,"href":"https:\/\/blogdofarnesio.com.br\/index.php?rest_route=%2Fwp%2Fv2%2Fcomments&post=279777"}],"version-history":[{"count":0,"href":"https:\/\/blogdofarnesio.com.br\/index.php?rest_route=\/wp\/v2\/posts\/279777\/revisions"}],"wp:featuredmedia":[{"embeddable":true,"href":"https:\/\/blogdofarnesio.com.br\/index.php?rest_route=\/wp\/v2\/media\/279127"}],"wp:attachment":[{"href":"https:\/\/blogdofarnesio.com.br\/index.php?rest_route=%2Fwp%2Fv2%2Fmedia&parent=279777"}],"wp:term":[{"taxonomy":"category","embeddable":true,"href":"https:\/\/blogdofarnesio.com.br\/index.php?rest_route=%2Fwp%2Fv2%2Fcategories&post=279777"},{"taxonomy":"post_tag","embeddable":true,"href":"https:\/\/blogdofarnesio.com.br\/index.php?rest_route=%2Fwp%2Fv2%2Ftags&post=279777"}],"curies":[{"name":"wp","href":"https:\/\/api.w.org\/{rel}","templated":true}]}}