{"id":279766,"date":"2021-02-26T08:33:49","date_gmt":"2021-02-26T11:33:49","guid":{"rendered":"http:\/\/quersaberpolitica.com.br\/2016\/?p=279766"},"modified":"2021-02-25T20:00:24","modified_gmt":"2021-02-25T23:00:24","slug":"a-desumana-e-triste-marca-da-negacao-brasil-registra-1-541-mortes-e-total-vai-a-251-498-em-meio-a-falta-de-vacinas-nos-estados","status":"publish","type":"post","link":"https:\/\/blogdofarnesio.com.br\/?p=279766","title":{"rendered":"A desumana e triste marca da nega\u00e7\u00e3o: Brasil registra 1.541 mortes e total vai a 251.498, em meio \u00e0 falta de vacinas nos Estados"},"content":{"rendered":"<header>\n<div class=\"resume\">\n<p><a class=\"author url fn\" title=\"Posts de Lucas Mendes\" href=\"https:\/\/www.poder360.com.br\/author\/lucas-mendes\/\" rel=\"author\">LUCAS MENDES &#8211;\u00a0<\/a><\/p>\n<\/div>\n<p class=\"author\">O Brasil atingiu nesta 5\u00aa feira (25.fev.2021) a marca de mais de 250 mil mortes por covid-19. Foram 251.498 \u00f3bitos registrados desde o come\u00e7o da pandemia, segundo dados do Minist\u00e9rio da Sa\u00fade.<\/p>\n<\/header>\n<div class=\"content wp js-mediator-article\" data-ga-ano=\"2021\" data-ga-categoria=\"Brasil\" data-ga-autor=\"Lucas Mendes\">\n<p>At\u00e9 a publica\u00e7\u00e3o desta reportagem, o presidente Jair Bolsonaro n\u00e3o havia se pronunciado sobre a marca atingida.<\/p>\n<div class=\"flourish-embed flourish-chart\" data-src=\"visualisation\/5389069\"><iframe title=\"Interactive or visual content\" src=\"https:\/\/flo.uri.sh\/visualisation\/5389069\/embed?auto=1\" frameborder=\"0\" scrolling=\"no\" sandbox=\"allow-same-origin allow-forms allow-scripts allow-downloads allow-popups allow-popups-to-escape-sandbox allow-top-navigation-by-user-activation\" data-mce-fragment=\"1\"><\/iframe><\/p>\n<div class=\"flourish-credit\"><a href=\"https:\/\/public.flourish.studio\/visualisation\/5389069\/?utm_source=showcase&amp;utm_campaign=visualisation\/5389069\" target=\"_top\" rel=\"noopener\"><img decoding=\"async\" src=\"https:\/\/public.flourish.studio\/resources\/bosh.svg\" alt=\"Flourish logo\" \/>A Flourish chart<\/a><\/div>\n<\/div>\n<p>S\u00f3 os Estados Unidos t\u00eam mais v\u00edtimas que o Brasil. S\u00e3o 519.995 mortos, segundo o monitor\u00a0<a href=\"https:\/\/www.worldometers.info\/coronavirus\/\">Worldometer.<\/a><\/p>\n<p>O Brasil \u00e9 o 23\u00ba pa\u00eds com mais mortes por milh\u00e3o. Em 31 de outubro de 2020, ocupava o 4\u00ba lugar.<\/p>\n<p><a href=\"https:\/\/static.poder360.com.br\/2021\/02\/mortes-covid19-UF-25fev2021-01.png\"><img loading=\"lazy\" decoding=\"async\" class=\"aligncenter  wp-image-639454\" src=\"https:\/\/static.poder360.com.br\/2021\/02\/mortes-covid19-UF-25fev2021-01.png\" sizes=\"auto, (max-width: 3334px) 100vw, 3334px\" srcset=\"\/\/static.poder360.com.br\/2021\/02\/mortes-covid19-UF-25fev2021-01.png 3334w, \/\/static.poder360.com.br\/2021\/02\/mortes-covid19-UF-25fev2021-01-327x600.png 327w, \/\/static.poder360.com.br\/2021\/02\/mortes-covid19-UF-25fev2021-01-559x1024.png 559w, \/\/static.poder360.com.br\/2021\/02\/mortes-covid19-UF-25fev2021-01-768x1408.png 768w, \/\/static.poder360.com.br\/2021\/02\/mortes-covid19-UF-25fev2021-01-838x1536.png 838w, \/\/static.poder360.com.br\/2021\/02\/mortes-covid19-UF-25fev2021-01-1117x2048.png 1117w\" alt=\"\" width=\"410\" height=\"752\" \/><\/a><\/p>\n<p class=\"p1\">Leonardo Weissmann, consultor da SBI (Sociedade Brasileira de Infectologia) e m\u00e9dico do Instituto de Infectologia Em\u00edlio Ribas, afirma que o n\u00famero de mortos pela covid-19 no Brasil \u00e9 bastante elevado, mas pode ser ainda maior, se for considerada a subnotifica\u00e7\u00e3o de casos e de \u00f3bitos.<\/p>\n<p><em>\u201cA situa\u00e7\u00e3o no pa\u00eds hoje \u00e9 cr\u00edtica, por conta da falta de planejamento de a\u00e7\u00f5es governamentais e por conta da pr\u00f3pria popula\u00e7\u00e3o. Grande parte das pessoas n\u00e3o respeita as restri\u00e7\u00f5es. Falta uma pol\u00edtica para conter a pandemia, n\u00e3o existe comunica\u00e7\u00e3o entre os n\u00edveis de governo nacional, estadual, municipal\u201d<\/em>, diz.<\/p>\n<p>O m\u00e9dico afirma que as pessoas perderam o medo do v\u00edrus.<em>\u00a0\u201cF<\/em><em>alta lideran\u00e7as eficazes e comunica\u00e7\u00e3o entre os n\u00edveis de governo. Como cada um fala uma coisa, a popula\u00e7\u00e3o deixou de acreditar na pandemia. O v\u00edrus est\u00e1 a\u00ed circulando com for\u00e7a total e n\u00e3o est\u00e1 se importando com o que as pessoas est\u00e3o achando ou deixando de achar. O v\u00edrus circula e faz a parte dele, que \u00e9 deixar mais gente doente e mais gente morrendo\u201d,<\/em>\u00a0declara.<\/p>\n<p>Para Weissmann, a vacina\u00e7\u00e3o \u00e9 uma\u00a0<em>\u201cluz no fim do t\u00fanel\u201d<\/em>, mas \u00e9 preciso uma a\u00e7\u00e3o mais eficaz do governo para trazer novas vacinas.\u00a0<em>\u201cAl\u00e9m disso, \u00e9 preciso conscientiza\u00e7\u00e3o. Muita gente est\u00e1 achando que, com a vacina, pode agir como se nada estivesse acontecendo. Se for agir assim, mais gente vai morrer antes de ser imunizado\u201d<\/em>, afirma.<\/p>\n<h2>ALTA DE MORTES<\/h2>\n<p>A marca de 250 mil mortes foi atingida em meio a uma nova alta de mortes e \u00e0\u00a0<a href=\"https:\/\/www.poder360.com.br\/coronavirus\/por-falta-de-doses-5-capitais-suspendem-a-vacinacao-contra-covid-19\/\" target=\"_blank\" rel=\"noopener\">falta<\/a>\u00a0de vacinas contra a covid-19.<\/p>\n<p>No\u00a0<a href=\"https:\/\/www.poder360.com.br\/coronavirus\/amazonas-ja-tem-em-2021-mais-mortes-notificadas-por-covid-do-que-em-todo-2020\/\" target=\"_blank\" rel=\"noopener\">Amazonas<\/a>, o n\u00famero de pessoas que morreram por covid-19 em 2021 ultrapassou o total de mortes registradas pela doen\u00e7a durante todo o ano passado. De 1\u00ba de janeiro at\u00e9 essa 3\u00aa feira (23.fev.2021), foram reportadas 5.288 mortes pela doen\u00e7a. De mar\u00e7o a dezembro de 2020, foram registrados 5.285 \u00f3bitos.<\/p>\n<p>Em janeiro, a capital do Estado, Manaus enfrentou um\u00a0<a href=\"https:\/\/www.poder360.com.br\/coronavirus\/oxigenio-acaba-em-hospitais-de-manaus-profissionais-de-saude-pedem-ajuda\/\" target=\"_blank\" rel=\"noopener\">colapso no sistema de sa\u00fade<\/a>\u00a0por causa da falta de oxig\u00eanio nos hospitais, que j\u00e1 estavam superlotados com casos de covid-19. Na cidade tamb\u00e9m foi identificada, em dezembro de 2020, uma nova variante do coronav\u00edrus, conhecida como P.1. \u00c9 considerada uma variante\u00a0<em>\u201cde preocupa\u00e7\u00e3o\u201d<\/em>\u00a0pela OMS (Organiza\u00e7\u00e3o Mundial de Sa\u00fade), pela possibilidade de ser mais transmiss\u00edvel.<\/p>\n<p>O Brasil j\u00e1 registrou\u00a0<a href=\"https:\/\/www.poder360.com.br\/coronavirus\/brasil-tem-204-casos-de-variantes-mais-graves-do-coronavirus\/\" target=\"_blank\" rel=\"noopener\">204 casos das variantes mais graves<\/a>\u00a0do coronav\u00edrus. At\u00e9 o momento, 17 Estados t\u00eam pessoas infectadas com as variantes do Reino Unido (B.1.1.7) e do Brasil (P.1),\u00a0<a href=\"https:\/\/www.poder360.com.br\/coronavirus\/brasil-tem-204-casos-de-variantes-mais-graves-do-coronavirus\/\" target=\"_blank\" rel=\"noopener\">segundo<\/a>\u00a0o Minist\u00e9rio da Sa\u00fade.<\/p>\n<p><img loading=\"lazy\" decoding=\"async\" class=\"wp-image-638030 aligncenter\" src=\"https:\/\/static.poder360.com.br\/2021\/02\/variante-coronavirus-brasil-01.png\" sizes=\"auto, (max-width: 1667px) 100vw, 1667px\" srcset=\"\/\/static.poder360.com.br\/2021\/02\/variante-coronavirus-brasil-01.png 1667w, \/\/static.poder360.com.br\/2021\/02\/variante-coronavirus-brasil-01-412x600.png 412w, \/\/static.poder360.com.br\/2021\/02\/variante-coronavirus-brasil-01-702x1024.png 702w, \/\/static.poder360.com.br\/2021\/02\/variante-coronavirus-brasil-01-768x1120.png 768w, \/\/static.poder360.com.br\/2021\/02\/variante-coronavirus-brasil-01-1054x1536.png 1054w, \/\/static.poder360.com.br\/2021\/02\/variante-coronavirus-brasil-01-1405x2048.png 1405w\" alt=\"\" width=\"564\" height=\"822\" \/><\/p>\n<h2>FALTA DE VACINAS<\/h2>\n<p>As cidades de Curitiba, Cuiab\u00e1, Salvador, Campo Grande e Fortaleza suspenderam a vacina\u00e7\u00e3o contra a doen\u00e7a por falta de doses. Al\u00e9m das 5 capitais, outros munic\u00edpios tamb\u00e9m j\u00e1 utilizaram quase todas as vacinas dispon\u00edveis e aguardam uma nova remessa do Minist\u00e9rio da Sa\u00fade para n\u00e3o ter que parar as campanhas. S\u00e3o eles: Rio de Janeiro, S\u00e3o Lu\u00eds, Porto Alegre e Florian\u00f3polis.<\/p>\n<p>No Rio de Janeiro a vacina\u00e7\u00e3o estava\u00a0<a href=\"https:\/\/www.poder360.com.br\/coronavirus\/paes-anuncia-suspensao-da-campanha-de-vacinacao-no-rio-por-falta-de-doses\/\" target=\"_blank\" rel=\"noopener\">interrompida desde o dia 17 de fevereiro<\/a>\u00a0por falta de doses. Na 4\u00aa feira (24.fev), a campanha foi retomada para idosos de 80 a 82 anos. No entanto, como afirmou o prefeito do Rio,\u00a0<a href=\"https:\/\/www.poder360.com.br\/tag\/eduardo-paes\/\" target=\"_blank\" rel=\"noopener\">Eduardo Paes (DEM)<\/a>, em seu perfil no\u00a0<a href=\"https:\/\/twitter.com\/eduardopaes\/status\/1364539034958245888\" target=\"_blank\" rel=\"noopener\">Twitter<\/a>, as doses s\u00e3o suficientes apenas at\u00e9 s\u00e1bado (27.fev). Depois, a cidade volta a ficar no aguardo de novas doses.<\/p>\n<p>O Brasil\u00a0<a href=\"https:\/\/www.poder360.com.br\/coronavirus\/coronavirus-1a-dose-de-vacina-e-aplicada-em-62-milhoes-de-brasileiros\/\" target=\"_blank\" rel=\"noopener\">vacinou<\/a>\u00a0pelo menos\u00a0<span data-sheets-value=\"{&quot;1&quot;:3,&quot;3&quot;:6164610}\" data-sheets-userformat=\"{&quot;2&quot;:5059,&quot;3&quot;:{&quot;1&quot;:2,&quot;2&quot;:&quot;#,##0&quot;,&quot;3&quot;:1},&quot;4&quot;:{&quot;1&quot;:2,&quot;2&quot;:16776960},&quot;9&quot;:1,&quot;10&quot;:1,&quot;11&quot;:4,&quot;12&quot;:0,&quot;15&quot;:&quot;Open Sans&quot;}\" data-sheets-formula=\"=SOMA(R[-27]C[0]:R[-1]C[0])\">6.164.610<\/span>\u00a0pessoas com a 1\u00aa dose de imunizantes contra o coronav\u00edrus at\u00e9 as 17h05 de 4\u00aa feira (24.fev). Desses,\u00a0<span data-sheets-value=\"{&quot;1&quot;:3,&quot;3&quot;:1511742}\" data-sheets-userformat=\"{&quot;2&quot;:5059,&quot;3&quot;:{&quot;1&quot;:2,&quot;2&quot;:&quot;#,##0&quot;,&quot;3&quot;:1},&quot;4&quot;:{&quot;1&quot;:2,&quot;2&quot;:16776960},&quot;9&quot;:1,&quot;10&quot;:1,&quot;11&quot;:4,&quot;12&quot;:0,&quot;15&quot;:&quot;Open Sans&quot;}\" data-sheets-formula=\"=SOMA(R[-27]C[0]:R[-1]C[0])\">1.511.742<\/span>\u00a0receberam a 2\u00aa dose. Ao todo, foram 7.676.352 doses administradas no pa\u00eds. Os dados s\u00e3o do\u00a0<a href=\"https:\/\/coronavirusbra1.github.io\/\" target=\"_blank\" rel=\"noopener\">CoronavirusBot<\/a>, que compila dados das secretarias estaduais de sa\u00fade.<\/p>\n<p>As vacinas que est\u00e3o em uso no Brasil s\u00e3o a\u00a0<a href=\"https:\/\/www.poder360.com.br\/coronavirus\/eficacia-global-da-coronavac-e-de-504-diz-governo-de-sao-paulo\/\" target=\"_blank\" rel=\"noopener\">CoronaVac<\/a>\u00a0e a de\u00a0<a href=\"https:\/\/www.poder360.com.br\/coronavirus\/vacina-de-oxford-e-mais-eficaz-com-intervalo-maior-entre-doses-diz-estudo\/\" target=\"_blank\" rel=\"noopener\">Oxford\/AstraZeneca<\/a>. O n\u00famero de vacinados com a 1\u00aa dose no pa\u00eds representa 2,9% da popula\u00e7\u00e3o brasileira. Os vacinados com as duas doses s\u00e3o\u00a0<span data-sheets-value=\"{&quot;1&quot;:3,&quot;3&quot;:0.007139085545809083}\" data-sheets-userformat=\"{&quot;2&quot;:4545,&quot;3&quot;:{&quot;1&quot;:3,&quot;2&quot;:&quot;0.0%&quot;,&quot;3&quot;:1},&quot;9&quot;:1,&quot;10&quot;:1,&quot;11&quot;:4,&quot;15&quot;:&quot;Open Sans&quot;}\" data-sheets-formula=\"=R[0]C[-3]\/R[0]C[-2]\">0,7%<\/span>.<\/p>\n<h2>LOTA\u00c7\u00c3O DE UTIS<\/h2>\n<p>Para conter o avan\u00e7o do coronav\u00edrus e aliviar a lota\u00e7\u00e3o recorde de interna\u00e7\u00e3o hospitalar, o Estado de S\u00e3o Paulo decidiu\u00a0<a href=\"https:\/\/www.poder360.com.br\/coronavirus\/doria-anuncia-toque-de-recolher-das-23h-as-5h-contra-avanco-da-covid-19-em-sp\/\" target=\"_blank\" rel=\"noopener\">restringir<\/a>\u00a0a circula\u00e7\u00e3o de pessoas das 23h \u00e0s 5h. O an\u00fancio do\u00a0 foi feito na 4\u00aa feira (24.fev) e a medida entra em vigor na 6\u00aa feira (26.fev). Vai durar, inicialmente, at\u00e9 14 de mar\u00e7o. O descumprimento pode ser punido com multa. As aglomera\u00e7\u00f5es seguem proibidas em qualquer hor\u00e1rio.<\/p>\n<p>Atualmente, h\u00e1 6.657 pessoas internadas em leitos de UTI (unidade de terapia intensiva) por covid-19 em S\u00e3o Paulo. Apenas nos \u00faltimos 10 dias, foram 660 novas interna\u00e7\u00f5es.<\/p>\n<h2><strong>MORTES PROPORCIONAIS<\/strong><\/h2>\n<p>S\u00e3o 1.188 mortes por milh\u00e3o de habitantes no Brasil. O\u00a0<strong>Poder360\u00a0<\/strong>cruzou\u00a0<a href=\"https:\/\/covid.saude.gov.br\/\" target=\"_blank\" rel=\"noopener\">dados<\/a>\u00a0do Minist\u00e9rio da Sa\u00fade com a\u00a0<a href=\"https:\/\/www.ibge.gov.br\/estatisticas\/sociais\/populacao\/9103-estimativas-de-populacao.html?=&amp;t=resultados\" target=\"_blank\" rel=\"noopener\">\u00faltima estimativa populacional<\/a>\u00a0divulgada pelo IBGE (Instituto Brasileiro de Geografia e Estat\u00edstica).<\/p>\n<p>O Brasil \u00e9 o 23\u00ba pa\u00eds com mais mortes por milh\u00e3o. Em 31 de outubro de 2020, ocupava o 4\u00ba lugar.<\/p>\n<p>A B\u00e9lgica \u00e9 o pa\u00eds em que a covid-19 mais mata em rela\u00e7\u00e3o ao tamanho da popula\u00e7\u00e3o. S\u00e3o 1.892 mortes por milh\u00e3o de habitantes. Entenda\u00a0<a href=\"https:\/\/www.poder360.com.br\/coronavirus\/por-que-a-belgica-e-o-pais-com-mais-mortes-por-covid-19-por-milhao\/\" target=\"_blank\" rel=\"noopener\">aqui<\/a>\u00a0os motivos dos n\u00fameros belgas.<\/p>\n<p><a href=\"https:\/\/static.poder360.com.br\/2021\/02\/mortes-milhao-covid19-25fev2021-01.png\"><img loading=\"lazy\" decoding=\"async\" class=\"aligncenter  wp-image-639469\" src=\"https:\/\/static.poder360.com.br\/2021\/02\/mortes-milhao-covid19-25fev2021-01.png\" sizes=\"auto, (max-width: 3112px) 100vw, 3112px\" srcset=\"\/\/static.poder360.com.br\/2021\/02\/mortes-milhao-covid19-25fev2021-01.png 3112w, \/\/static.poder360.com.br\/2021\/02\/mortes-milhao-covid19-25fev2021-01-264x600.png 264w, \/\/static.poder360.com.br\/2021\/02\/mortes-milhao-covid19-25fev2021-01-451x1024.png 451w, \/\/static.poder360.com.br\/2021\/02\/mortes-milhao-covid19-25fev2021-01-768x1744.png 768w, \/\/static.poder360.com.br\/2021\/02\/mortes-milhao-covid19-25fev2021-01-676x1536.png 676w, \/\/static.poder360.com.br\/2021\/02\/mortes-milhao-covid19-25fev2021-01-902x2048.png 902w\" alt=\"\" width=\"421\" height=\"956\" \/><\/a><\/p>\n<h2><strong>M\u00c9DIA M\u00d3VEL DA MORTES E CASOS<\/strong><\/h2>\n<p>Os 2 gr\u00e1ficos a seguir mostram o n\u00famero de mortes e de novos casos di\u00e1rios, mas tamb\u00e9m a m\u00e9dia m\u00f3vel dos \u00faltimos 7 dias. A curva matiza eventuais varia\u00e7\u00f5es abruptas, sobretudo porque nos fins de semana h\u00e1 sempre menos casos relatados.<\/p>\n<p>A curva de mortes est\u00e1 acima de 600 desde 8 de dezembro de 2020. Voltou a superar 1.000 em 21 de janeiro.<\/p>\n<p><a href=\"https:\/\/www.poder360.com.br\/coronavirus\/coronavirus-media-de-novas-mortes-atinge-1-102-maior-patamar-ja-registrado\/\" target=\"_blank\" rel=\"noopener\">Atingiu o \u00e1pice<\/a>\u00a0nesta 5\u00aa feira (25.fev.2021), chegando a 1.149. O recorde anterior era de 1.124, em 24 de fevereiro.<\/p>\n<p><a href=\"https:\/\/static.poder360.com.br\/2021\/02\/covid-media-movel-mortes-25fev2021-01.png\"><img loading=\"lazy\" decoding=\"async\" class=\"aligncenter  wp-image-639435\" src=\"https:\/\/static.poder360.com.br\/2021\/02\/covid-media-movel-mortes-25fev2021-01.png\" sizes=\"auto, (max-width: 1667px) 100vw, 1667px\" srcset=\"\/\/static.poder360.com.br\/2021\/02\/covid-media-movel-mortes-25fev2021-01.png 1667w, \/\/static.poder360.com.br\/2021\/02\/covid-media-movel-mortes-25fev2021-01-406x600.png 406w, \/\/static.poder360.com.br\/2021\/02\/covid-media-movel-mortes-25fev2021-01-692x1024.png 692w, \/\/static.poder360.com.br\/2021\/02\/covid-media-movel-mortes-25fev2021-01-768x1136.png 768w, \/\/static.poder360.com.br\/2021\/02\/covid-media-movel-mortes-25fev2021-01-1038x1536.png 1038w, \/\/static.poder360.com.br\/2021\/02\/covid-media-movel-mortes-25fev2021-01-1384x2048.png 1384w\" alt=\"\" width=\"491\" height=\"727\" \/><\/a><\/p>\n<p>J\u00e1 a m\u00e9dia de novos casos ficou acima de 50.000 de 9 de janeiro a 2 de fevereiro. Atingiu 51.405 nesta 5\u00aa feira (25.fev.2021).<\/p>\n<p><a href=\"https:\/\/static.poder360.com.br\/2021\/02\/casos-media-movel-25fev2021-01.png\"><img loading=\"lazy\" decoding=\"async\" class=\"aligncenter  wp-image-639434\" src=\"https:\/\/static.poder360.com.br\/2021\/02\/casos-media-movel-25fev2021-01.png\" sizes=\"auto, (max-width: 1673px) 100vw, 1673px\" srcset=\"\/\/static.poder360.com.br\/2021\/02\/casos-media-movel-25fev2021-01.png 1673w, \/\/static.poder360.com.br\/2021\/02\/casos-media-movel-25fev2021-01-358x600.png 358w, \/\/static.poder360.com.br\/2021\/02\/casos-media-movel-25fev2021-01-611x1024.png 611w, \/\/static.poder360.com.br\/2021\/02\/casos-media-movel-25fev2021-01-768x1287.png 768w, \/\/static.poder360.com.br\/2021\/02\/casos-media-movel-25fev2021-01-917x1536.png 917w, \/\/static.poder360.com.br\/2021\/02\/casos-media-movel-25fev2021-01-1222x2048.png 1222w\" alt=\"\" width=\"609\" height=\"1020\" \/><\/a><\/p>\n<\/div>\n<footer>\n<div class=\"mod mod-authors\">\n<p class=\"author clearfix\"><a class=\"link-author\" href=\"https:\/\/www.poder360.com.br\/author\/lucas-mendes\/\">LUCAS MENDES<\/a><\/p>\n<\/div>\n<\/footer>\n","protected":false},"excerpt":{"rendered":"<p>LUCAS MENDES &#8211;\u00a0 O Brasil atingiu nesta 5\u00aa feira (25.fev.2021) a marca de mais de 250 mil mortes por covid-19. Foram 251.498 \u00f3bitos registrados desde o come\u00e7o da pandemia, segundo dados do Minist\u00e9rio da Sa\u00fade. At\u00e9 a publica\u00e7\u00e3o desta reportagem, o presidente Jair Bolsonaro n\u00e3o havia se pronunciado sobre a marca atingida. A Flourish chart S\u00f3 os Estados Unidos t\u00eam mais v\u00edtimas que o Brasil. S\u00e3o 519.995 mortos, segundo o monitor\u00a0Worldometer. O Brasil \u00e9 o 23\u00ba pa\u00eds com mais mortes por milh\u00e3o. Em 31 de outubro de 2020, ocupava o 4\u00ba lugar. Leonardo Weissmann, consultor da SBI (Sociedade Brasileira de Infectologia) e m\u00e9dico do Instituto de Infectologia Em\u00edlio Ribas, afirma que o n\u00famero de mortos pela covid-19 no Brasil \u00e9&hellip; <\/p>\n","protected":false},"author":1,"featured_media":279767,"comment_status":"closed","ping_status":"closed","sticky":false,"template":"","format":"standard","meta":{"_acf_changed":false,"footnotes":""},"categories":[1],"tags":[],"class_list":["post-279766","post","type-post","status-publish","format-standard","has-post-thumbnail","hentry","category-politica"],"acf":[],"yoast_head":"<!-- This site is optimized with the Yoast SEO plugin v27.4 - https:\/\/yoast.com\/product\/yoast-seo-wordpress\/ -->\n<title>A desumana e triste marca da nega\u00e7\u00e3o: Brasil registra 1.541 mortes e total vai a 251.498, em meio \u00e0 falta de vacinas nos Estados - Blog do Farn\u00e9sio<\/title>\n<meta name=\"robots\" content=\"index, follow, max-snippet:-1, max-image-preview:large, max-video-preview:-1\" \/>\n<link rel=\"canonical\" href=\"https:\/\/blogdofarnesio.com.br\/?p=279766\" \/>\n<meta property=\"og:locale\" content=\"pt_BR\" \/>\n<meta property=\"og:type\" content=\"article\" \/>\n<meta property=\"og:title\" content=\"A desumana e triste marca da nega\u00e7\u00e3o: Brasil registra 1.541 mortes e total vai a 251.498, em meio \u00e0 falta de vacinas nos Estados - Blog do Farn\u00e9sio\" \/>\n<meta property=\"og:description\" content=\"LUCAS MENDES &#8211;\u00a0 O Brasil atingiu nesta 5\u00aa feira (25.fev.2021) a marca de mais de 250 mil mortes por covid-19. Foram 251.498 \u00f3bitos registrados desde o come\u00e7o da pandemia, segundo dados do Minist\u00e9rio da Sa\u00fade. At\u00e9 a publica\u00e7\u00e3o desta reportagem, o presidente Jair Bolsonaro n\u00e3o havia se pronunciado sobre a marca atingida. A Flourish chart S\u00f3 os Estados Unidos t\u00eam mais v\u00edtimas que o Brasil. S\u00e3o 519.995 mortos, segundo o monitor\u00a0Worldometer. O Brasil \u00e9 o 23\u00ba pa\u00eds com mais mortes por milh\u00e3o. Em 31 de outubro de 2020, ocupava o 4\u00ba lugar. Leonardo Weissmann, consultor da SBI (Sociedade Brasileira de Infectologia) e m\u00e9dico do Instituto de Infectologia Em\u00edlio Ribas, afirma que o n\u00famero de mortos pela covid-19 no Brasil \u00e9&hellip;\" \/>\n<meta property=\"og:url\" content=\"https:\/\/blogdofarnesio.com.br\/?p=279766\" \/>\n<meta property=\"og:site_name\" content=\"Blog do Farn\u00e9sio\" \/>\n<meta property=\"article:publisher\" content=\"https:\/\/www.facebook.com\/BlogQuerSaberPolitica\/\" \/>\n<meta property=\"article:published_time\" content=\"2021-02-26T11:33:49+00:00\" \/>\n<meta property=\"og:image\" content=\"https:\/\/blogdofarnesio.com.br\/wp-content\/uploads\/2021\/02\/blogqspBolsonaro-Coronavirus-Mascara-PauloGuedes-Coletiva226-scaled-1-868x644-1.jpg\" \/>\n\t<meta property=\"og:image:width\" content=\"868\" \/>\n\t<meta property=\"og:image:height\" content=\"644\" \/>\n\t<meta property=\"og:image:type\" content=\"image\/jpeg\" \/>\n<meta name=\"author\" content=\"Farn\u00e9sio\" \/>\n<meta name=\"twitter:card\" content=\"summary_large_image\" \/>\n<meta name=\"twitter:label1\" content=\"Escrito por\" \/>\n\t<meta name=\"twitter:data1\" content=\"Farn\u00e9sio\" \/>\n\t<meta name=\"twitter:label2\" content=\"Est. tempo de leitura\" \/>\n\t<meta name=\"twitter:data2\" content=\"5 minutos\" \/>\n<script type=\"application\/ld+json\" class=\"yoast-schema-graph\">{\"@context\":\"https:\\\/\\\/schema.org\",\"@graph\":[{\"@type\":\"Article\",\"@id\":\"https:\\\/\\\/blogdofarnesio.com.br\\\/?p=279766#article\",\"isPartOf\":{\"@id\":\"https:\\\/\\\/blogdofarnesio.com.br\\\/?p=279766\"},\"author\":{\"name\":\"Farn\u00e9sio\",\"@id\":\"https:\\\/\\\/blogdofarnesio.com.br\\\/#\\\/schema\\\/person\\\/301c4acf522bccbfdb45af95b5b906a1\"},\"headline\":\"A desumana e triste marca da nega\u00e7\u00e3o: Brasil registra 1.541 mortes e total vai a 251.498, em meio \u00e0 falta de vacinas nos Estados\",\"datePublished\":\"2021-02-26T11:33:49+00:00\",\"mainEntityOfPage\":{\"@id\":\"https:\\\/\\\/blogdofarnesio.com.br\\\/?p=279766\"},\"wordCount\":1092,\"publisher\":{\"@id\":\"https:\\\/\\\/blogdofarnesio.com.br\\\/#organization\"},\"image\":{\"@id\":\"https:\\\/\\\/blogdofarnesio.com.br\\\/?p=279766#primaryimage\"},\"thumbnailUrl\":\"https:\\\/\\\/blogdofarnesio.com.br\\\/wp-content\\\/uploads\\\/2021\\\/02\\\/blogqspBolsonaro-Coronavirus-Mascara-PauloGuedes-Coletiva226-scaled-1-868x644-1.jpg\",\"articleSection\":[\"Pol\u00edtica\"],\"inLanguage\":\"pt-BR\"},{\"@type\":\"WebPage\",\"@id\":\"https:\\\/\\\/blogdofarnesio.com.br\\\/?p=279766\",\"url\":\"https:\\\/\\\/blogdofarnesio.com.br\\\/?p=279766\",\"name\":\"A desumana e triste marca da nega\u00e7\u00e3o: Brasil registra 1.541 mortes e total vai a 251.498, em meio \u00e0 falta de vacinas nos Estados - Blog do Farn\u00e9sio\",\"isPartOf\":{\"@id\":\"https:\\\/\\\/blogdofarnesio.com.br\\\/#website\"},\"primaryImageOfPage\":{\"@id\":\"https:\\\/\\\/blogdofarnesio.com.br\\\/?p=279766#primaryimage\"},\"image\":{\"@id\":\"https:\\\/\\\/blogdofarnesio.com.br\\\/?p=279766#primaryimage\"},\"thumbnailUrl\":\"https:\\\/\\\/blogdofarnesio.com.br\\\/wp-content\\\/uploads\\\/2021\\\/02\\\/blogqspBolsonaro-Coronavirus-Mascara-PauloGuedes-Coletiva226-scaled-1-868x644-1.jpg\",\"datePublished\":\"2021-02-26T11:33:49+00:00\",\"breadcrumb\":{\"@id\":\"https:\\\/\\\/blogdofarnesio.com.br\\\/?p=279766#breadcrumb\"},\"inLanguage\":\"pt-BR\",\"potentialAction\":[{\"@type\":\"ReadAction\",\"target\":[\"https:\\\/\\\/blogdofarnesio.com.br\\\/?p=279766\"]}]},{\"@type\":\"ImageObject\",\"inLanguage\":\"pt-BR\",\"@id\":\"https:\\\/\\\/blogdofarnesio.com.br\\\/?p=279766#primaryimage\",\"url\":\"https:\\\/\\\/blogdofarnesio.com.br\\\/wp-content\\\/uploads\\\/2021\\\/02\\\/blogqspBolsonaro-Coronavirus-Mascara-PauloGuedes-Coletiva226-scaled-1-868x644-1.jpg\",\"contentUrl\":\"https:\\\/\\\/blogdofarnesio.com.br\\\/wp-content\\\/uploads\\\/2021\\\/02\\\/blogqspBolsonaro-Coronavirus-Mascara-PauloGuedes-Coletiva226-scaled-1-868x644-1.jpg\",\"width\":868,\"height\":644,\"caption\":\"Presidente Jair Bolsonaro durante entrevista coletiva sobre a pandemia de coronavirus, com ministros, S\u008ergio Moro, Paulo Guedes, Henrique Mandetta e ministros ligados a pandemia, no Pal\u0087cio do Planalto. S\u008ergio Lima\\\/Poder360 18.mar.2020\"},{\"@type\":\"BreadcrumbList\",\"@id\":\"https:\\\/\\\/blogdofarnesio.com.br\\\/?p=279766#breadcrumb\",\"itemListElement\":[{\"@type\":\"ListItem\",\"position\":1,\"name\":\"In\u00edcio\",\"item\":\"https:\\\/\\\/blogdofarnesio.com.br\\\/\"},{\"@type\":\"ListItem\",\"position\":2,\"name\":\"A desumana e triste marca da nega\u00e7\u00e3o: Brasil registra 1.541 mortes e total vai a 251.498, em meio \u00e0 falta de vacinas nos Estados\"}]},{\"@type\":\"WebSite\",\"@id\":\"https:\\\/\\\/blogdofarnesio.com.br\\\/#website\",\"url\":\"https:\\\/\\\/blogdofarnesio.com.br\\\/\",\"name\":\"Blog do Farn\u00e9sio\",\"description\":\"Quer Saber Pol\u00edtica?\",\"publisher\":{\"@id\":\"https:\\\/\\\/blogdofarnesio.com.br\\\/#organization\"},\"potentialAction\":[{\"@type\":\"SearchAction\",\"target\":{\"@type\":\"EntryPoint\",\"urlTemplate\":\"https:\\\/\\\/blogdofarnesio.com.br\\\/?s={search_term_string}\"},\"query-input\":{\"@type\":\"PropertyValueSpecification\",\"valueRequired\":true,\"valueName\":\"search_term_string\"}}],\"inLanguage\":\"pt-BR\"},{\"@type\":\"Organization\",\"@id\":\"https:\\\/\\\/blogdofarnesio.com.br\\\/#organization\",\"name\":\"Blog do Farn\u00e9sio\",\"url\":\"https:\\\/\\\/blogdofarnesio.com.br\\\/\",\"logo\":{\"@type\":\"ImageObject\",\"inLanguage\":\"pt-BR\",\"@id\":\"https:\\\/\\\/blogdofarnesio.com.br\\\/#\\\/schema\\\/logo\\\/image\\\/\",\"url\":\"https:\\\/\\\/blogdofarnesio.com.br\\\/wp-content\\\/uploads\\\/2026\\\/03\\\/cropped-logo_new-1.png\",\"contentUrl\":\"https:\\\/\\\/blogdofarnesio.com.br\\\/wp-content\\\/uploads\\\/2026\\\/03\\\/cropped-logo_new-1.png\",\"width\":881,\"height\":685,\"caption\":\"Blog do Farn\u00e9sio\"},\"image\":{\"@id\":\"https:\\\/\\\/blogdofarnesio.com.br\\\/#\\\/schema\\\/logo\\\/image\\\/\"},\"sameAs\":[\"https:\\\/\\\/www.facebook.com\\\/BlogQuerSaberPolitica\\\/\"]},{\"@type\":\"Person\",\"@id\":\"https:\\\/\\\/blogdofarnesio.com.br\\\/#\\\/schema\\\/person\\\/301c4acf522bccbfdb45af95b5b906a1\",\"name\":\"Farn\u00e9sio\",\"image\":{\"@type\":\"ImageObject\",\"inLanguage\":\"pt-BR\",\"@id\":\"https:\\\/\\\/secure.gravatar.com\\\/avatar\\\/df0c9a14567c056f8ad6876ba5bbd1e3e2c48023eb6807342fc4663adf549f38?s=96&d=mm&r=g\",\"url\":\"https:\\\/\\\/secure.gravatar.com\\\/avatar\\\/df0c9a14567c056f8ad6876ba5bbd1e3e2c48023eb6807342fc4663adf549f38?s=96&d=mm&r=g\",\"contentUrl\":\"https:\\\/\\\/secure.gravatar.com\\\/avatar\\\/df0c9a14567c056f8ad6876ba5bbd1e3e2c48023eb6807342fc4663adf549f38?s=96&d=mm&r=g\",\"caption\":\"Farn\u00e9sio\"},\"sameAs\":[\"https:\\\/\\\/quersaberpolitica.com.br\"],\"url\":\"https:\\\/\\\/blogdofarnesio.com.br\\\/?author=1\"}]}<\/script>\n<!-- \/ Yoast SEO plugin. -->","yoast_head_json":{"title":"A desumana e triste marca da nega\u00e7\u00e3o: Brasil registra 1.541 mortes e total vai a 251.498, em meio \u00e0 falta de vacinas nos Estados - Blog do Farn\u00e9sio","robots":{"index":"index","follow":"follow","max-snippet":"max-snippet:-1","max-image-preview":"max-image-preview:large","max-video-preview":"max-video-preview:-1"},"canonical":"https:\/\/blogdofarnesio.com.br\/?p=279766","og_locale":"pt_BR","og_type":"article","og_title":"A desumana e triste marca da nega\u00e7\u00e3o: Brasil registra 1.541 mortes e total vai a 251.498, em meio \u00e0 falta de vacinas nos Estados - Blog do Farn\u00e9sio","og_description":"LUCAS MENDES &#8211;\u00a0 O Brasil atingiu nesta 5\u00aa feira (25.fev.2021) a marca de mais de 250 mil mortes por covid-19. Foram 251.498 \u00f3bitos registrados desde o come\u00e7o da pandemia, segundo dados do Minist\u00e9rio da Sa\u00fade. At\u00e9 a publica\u00e7\u00e3o desta reportagem, o presidente Jair Bolsonaro n\u00e3o havia se pronunciado sobre a marca atingida. A Flourish chart S\u00f3 os Estados Unidos t\u00eam mais v\u00edtimas que o Brasil. S\u00e3o 519.995 mortos, segundo o monitor\u00a0Worldometer. O Brasil \u00e9 o 23\u00ba pa\u00eds com mais mortes por milh\u00e3o. Em 31 de outubro de 2020, ocupava o 4\u00ba lugar. Leonardo Weissmann, consultor da SBI (Sociedade Brasileira de Infectologia) e m\u00e9dico do Instituto de Infectologia Em\u00edlio Ribas, afirma que o n\u00famero de mortos pela covid-19 no Brasil \u00e9&hellip;","og_url":"https:\/\/blogdofarnesio.com.br\/?p=279766","og_site_name":"Blog do Farn\u00e9sio","article_publisher":"https:\/\/www.facebook.com\/BlogQuerSaberPolitica\/","article_published_time":"2021-02-26T11:33:49+00:00","og_image":[{"width":868,"height":644,"url":"https:\/\/blogdofarnesio.com.br\/wp-content\/uploads\/2021\/02\/blogqspBolsonaro-Coronavirus-Mascara-PauloGuedes-Coletiva226-scaled-1-868x644-1.jpg","type":"image\/jpeg"}],"author":"Farn\u00e9sio","twitter_card":"summary_large_image","twitter_misc":{"Escrito por":"Farn\u00e9sio","Est. tempo de leitura":"5 minutos"},"schema":{"@context":"https:\/\/schema.org","@graph":[{"@type":"Article","@id":"https:\/\/blogdofarnesio.com.br\/?p=279766#article","isPartOf":{"@id":"https:\/\/blogdofarnesio.com.br\/?p=279766"},"author":{"name":"Farn\u00e9sio","@id":"https:\/\/blogdofarnesio.com.br\/#\/schema\/person\/301c4acf522bccbfdb45af95b5b906a1"},"headline":"A desumana e triste marca da nega\u00e7\u00e3o: Brasil registra 1.541 mortes e total vai a 251.498, em meio \u00e0 falta de vacinas nos Estados","datePublished":"2021-02-26T11:33:49+00:00","mainEntityOfPage":{"@id":"https:\/\/blogdofarnesio.com.br\/?p=279766"},"wordCount":1092,"publisher":{"@id":"https:\/\/blogdofarnesio.com.br\/#organization"},"image":{"@id":"https:\/\/blogdofarnesio.com.br\/?p=279766#primaryimage"},"thumbnailUrl":"https:\/\/blogdofarnesio.com.br\/wp-content\/uploads\/2021\/02\/blogqspBolsonaro-Coronavirus-Mascara-PauloGuedes-Coletiva226-scaled-1-868x644-1.jpg","articleSection":["Pol\u00edtica"],"inLanguage":"pt-BR"},{"@type":"WebPage","@id":"https:\/\/blogdofarnesio.com.br\/?p=279766","url":"https:\/\/blogdofarnesio.com.br\/?p=279766","name":"A desumana e triste marca da nega\u00e7\u00e3o: Brasil registra 1.541 mortes e total vai a 251.498, em meio \u00e0 falta de vacinas nos Estados - Blog do Farn\u00e9sio","isPartOf":{"@id":"https:\/\/blogdofarnesio.com.br\/#website"},"primaryImageOfPage":{"@id":"https:\/\/blogdofarnesio.com.br\/?p=279766#primaryimage"},"image":{"@id":"https:\/\/blogdofarnesio.com.br\/?p=279766#primaryimage"},"thumbnailUrl":"https:\/\/blogdofarnesio.com.br\/wp-content\/uploads\/2021\/02\/blogqspBolsonaro-Coronavirus-Mascara-PauloGuedes-Coletiva226-scaled-1-868x644-1.jpg","datePublished":"2021-02-26T11:33:49+00:00","breadcrumb":{"@id":"https:\/\/blogdofarnesio.com.br\/?p=279766#breadcrumb"},"inLanguage":"pt-BR","potentialAction":[{"@type":"ReadAction","target":["https:\/\/blogdofarnesio.com.br\/?p=279766"]}]},{"@type":"ImageObject","inLanguage":"pt-BR","@id":"https:\/\/blogdofarnesio.com.br\/?p=279766#primaryimage","url":"https:\/\/blogdofarnesio.com.br\/wp-content\/uploads\/2021\/02\/blogqspBolsonaro-Coronavirus-Mascara-PauloGuedes-Coletiva226-scaled-1-868x644-1.jpg","contentUrl":"https:\/\/blogdofarnesio.com.br\/wp-content\/uploads\/2021\/02\/blogqspBolsonaro-Coronavirus-Mascara-PauloGuedes-Coletiva226-scaled-1-868x644-1.jpg","width":868,"height":644,"caption":"Presidente Jair Bolsonaro durante entrevista coletiva sobre a pandemia de coronavirus, com ministros, S\u008ergio Moro, Paulo Guedes, Henrique Mandetta e ministros ligados a pandemia, no Pal\u0087cio do Planalto. S\u008ergio Lima\/Poder360 18.mar.2020"},{"@type":"BreadcrumbList","@id":"https:\/\/blogdofarnesio.com.br\/?p=279766#breadcrumb","itemListElement":[{"@type":"ListItem","position":1,"name":"In\u00edcio","item":"https:\/\/blogdofarnesio.com.br\/"},{"@type":"ListItem","position":2,"name":"A desumana e triste marca da nega\u00e7\u00e3o: Brasil registra 1.541 mortes e total vai a 251.498, em meio \u00e0 falta de vacinas nos Estados"}]},{"@type":"WebSite","@id":"https:\/\/blogdofarnesio.com.br\/#website","url":"https:\/\/blogdofarnesio.com.br\/","name":"Blog do Farn\u00e9sio","description":"Quer Saber Pol\u00edtica?","publisher":{"@id":"https:\/\/blogdofarnesio.com.br\/#organization"},"potentialAction":[{"@type":"SearchAction","target":{"@type":"EntryPoint","urlTemplate":"https:\/\/blogdofarnesio.com.br\/?s={search_term_string}"},"query-input":{"@type":"PropertyValueSpecification","valueRequired":true,"valueName":"search_term_string"}}],"inLanguage":"pt-BR"},{"@type":"Organization","@id":"https:\/\/blogdofarnesio.com.br\/#organization","name":"Blog do Farn\u00e9sio","url":"https:\/\/blogdofarnesio.com.br\/","logo":{"@type":"ImageObject","inLanguage":"pt-BR","@id":"https:\/\/blogdofarnesio.com.br\/#\/schema\/logo\/image\/","url":"https:\/\/blogdofarnesio.com.br\/wp-content\/uploads\/2026\/03\/cropped-logo_new-1.png","contentUrl":"https:\/\/blogdofarnesio.com.br\/wp-content\/uploads\/2026\/03\/cropped-logo_new-1.png","width":881,"height":685,"caption":"Blog do Farn\u00e9sio"},"image":{"@id":"https:\/\/blogdofarnesio.com.br\/#\/schema\/logo\/image\/"},"sameAs":["https:\/\/www.facebook.com\/BlogQuerSaberPolitica\/"]},{"@type":"Person","@id":"https:\/\/blogdofarnesio.com.br\/#\/schema\/person\/301c4acf522bccbfdb45af95b5b906a1","name":"Farn\u00e9sio","image":{"@type":"ImageObject","inLanguage":"pt-BR","@id":"https:\/\/secure.gravatar.com\/avatar\/df0c9a14567c056f8ad6876ba5bbd1e3e2c48023eb6807342fc4663adf549f38?s=96&d=mm&r=g","url":"https:\/\/secure.gravatar.com\/avatar\/df0c9a14567c056f8ad6876ba5bbd1e3e2c48023eb6807342fc4663adf549f38?s=96&d=mm&r=g","contentUrl":"https:\/\/secure.gravatar.com\/avatar\/df0c9a14567c056f8ad6876ba5bbd1e3e2c48023eb6807342fc4663adf549f38?s=96&d=mm&r=g","caption":"Farn\u00e9sio"},"sameAs":["https:\/\/quersaberpolitica.com.br"],"url":"https:\/\/blogdofarnesio.com.br\/?author=1"}]}},"_links":{"self":[{"href":"https:\/\/blogdofarnesio.com.br\/index.php?rest_route=\/wp\/v2\/posts\/279766","targetHints":{"allow":["GET"]}}],"collection":[{"href":"https:\/\/blogdofarnesio.com.br\/index.php?rest_route=\/wp\/v2\/posts"}],"about":[{"href":"https:\/\/blogdofarnesio.com.br\/index.php?rest_route=\/wp\/v2\/types\/post"}],"author":[{"embeddable":true,"href":"https:\/\/blogdofarnesio.com.br\/index.php?rest_route=\/wp\/v2\/users\/1"}],"replies":[{"embeddable":true,"href":"https:\/\/blogdofarnesio.com.br\/index.php?rest_route=%2Fwp%2Fv2%2Fcomments&post=279766"}],"version-history":[{"count":0,"href":"https:\/\/blogdofarnesio.com.br\/index.php?rest_route=\/wp\/v2\/posts\/279766\/revisions"}],"wp:featuredmedia":[{"embeddable":true,"href":"https:\/\/blogdofarnesio.com.br\/index.php?rest_route=\/wp\/v2\/media\/279767"}],"wp:attachment":[{"href":"https:\/\/blogdofarnesio.com.br\/index.php?rest_route=%2Fwp%2Fv2%2Fmedia&parent=279766"}],"wp:term":[{"taxonomy":"category","embeddable":true,"href":"https:\/\/blogdofarnesio.com.br\/index.php?rest_route=%2Fwp%2Fv2%2Fcategories&post=279766"},{"taxonomy":"post_tag","embeddable":true,"href":"https:\/\/blogdofarnesio.com.br\/index.php?rest_route=%2Fwp%2Fv2%2Ftags&post=279766"}],"curies":[{"name":"wp","href":"https:\/\/api.w.org\/{rel}","templated":true}]}}