{"id":279760,"date":"2021-02-26T07:20:06","date_gmt":"2021-02-26T10:20:06","guid":{"rendered":"http:\/\/quersaberpolitica.com.br\/2016\/?p=279760"},"modified":"2021-02-25T20:02:51","modified_gmt":"2021-02-25T23:02:51","slug":"por-conta-de-denuncia-vazia-vereadores-e-conselho-de-saude-de-juazeiro-fiscalizam-reestruturacao-do-hospital-de-campanha","status":"publish","type":"post","link":"https:\/\/blogdofarnesio.com.br\/2021\/02\/por-conta-de-denuncia-vazia-vereadores-e-conselho-de-saude-de-juazeiro-fiscalizam-reestruturacao-do-hospital-de-campanha\/","title":{"rendered":"Por conta de den\u00fancia (vazia), vereadores e conselho de sa\u00fade de Juazeiro fiscalizam reestrutura\u00e7\u00e3o do hospital de campanha"},"content":{"rendered":"<p style=\"font-weight: 400;\">Nesta quarta-feira (24), membros do Conselho Municipal de Sa\u00fade e vereadores de Juazeiro visitaram o Hospital de Campanha do munic\u00edpio para verificar o trabalho de reformula\u00e7\u00e3o que a prefeitura vem realizando na unidade e tirar d\u00favidas com a equipe gestora.<\/p>\n<p style=\"font-weight: 400;\">\u201c<em>O Conselho verificou in loco as\u00a0 mudan\u00e7as que est\u00e3o sendo realizadas no hospital\u00a0 e constatou que vai trazer conforto para a popula\u00e7\u00e3o. N\u00f3s questionamos sobre os pacientes atendidos ali e a diretora geral da UPA, Tatiana de Oliveira Benevides, nos informou que tinha tr\u00eas internados\u00a0 quando a mudan\u00e7a come\u00e7ou e que hoje tem sete pacientes que est\u00e3o na UPA. Ela garantiu que at\u00e9 sexta estaria tudo pronto e que o hospital ficaria exclusivamente para a Covid-19 e a UPA voltar\u00e1 a atender somente urg\u00eancia\u201d<\/em>, explicou\u00a0 o presidente do Conselho Municipal de Sa\u00fade, Robson Vieira, que estava acompanhado da\u00a0 2\u00aa secret\u00e1ria da entidade, Bernardete\u00a0 Albuquerque.<\/p>\n<p style=\"font-weight: 400;\">Sobre as informa\u00e7\u00f5es das mudan\u00e7as feitas no hospital, o Conselho Municipal de Sa\u00fade aguarda relat\u00f3rio da Secretaria Municipal de Sa\u00fade (Sesau) para apresentar aos conselheiros.<\/p>\n<p style=\"font-weight: 400;\"><strong>Vereadores<\/strong><\/p>\n<p style=\"font-weight: 400;\">Na mesma ocasi\u00e3o, a comiss\u00e3o de vereadores da Casa Apr\u00edgio Duarte Filho tamb\u00e9m verificou todas as adequa\u00e7\u00f5es feitas pela Prefeitura na unidade, como explica a diretora geral da UPA e do Hospital de Campanha. \u201c<em>Em momento algum o hospital foi fechado. Os pacientes foram relocados para a UPA e toda a equipe t\u00e9cnica est\u00e1 atendendo. Hoje est\u00e3o em tratamento da covid-19 sete pacientes<\/em>\u201d, esclareceu Tatiana de Oliveira Benevides.<\/p>\n<p style=\"font-weight: 400;\">\u201c<em>O hospital de campanha est\u00e1 bem melhor porque antes aqui era s\u00f3 um v\u00e3o. A gente fica feliz porque tem uma Sala Vermelha e inclusive o atendimento da Promatre vai voltar pra UPA. Tem que economizar e \u00e9 isso que a prefeita Suzana est\u00e1 fazendo. Esse dinheiro vai ser usado para outras melhorias<\/em>\u201d, declarou a presidente da Comiss\u00e3o de Sa\u00fade da C\u00e2mara Municipal de Juazeiro, vereadora Neguinha da Santa Casa.<\/p>\n<p style=\"font-weight: 400;\">O presidente da C\u00e2mara Municipal, Berg da Carna\u00edba tamb\u00e9m explanou sobre a visita e falou do papel fiscalizador da Casa Legislativa. \u201c<em>Nosso papel \u00e9 fiscalizar. O nosso dever \u00e9 estar levando \u00e0 popula\u00e7\u00e3o o que realmente est\u00e1 acontecendo na nossa cidade e foi isso que viemos fazer<\/em>\u201d, finalizou o presidente.<\/p>\n<p style=\"font-weight: 400;\">Texto: Maria Lima &#8211; Assessora de Imprensa da Secretaria de Sa\u00fade<\/p>\n","protected":false},"excerpt":{"rendered":"<p>Nesta quarta-feira (24), membros do Conselho Municipal de Sa\u00fade e vereadores de Juazeiro visitaram o Hospital de Campanha do munic\u00edpio para verificar o trabalho de reformula\u00e7\u00e3o que a prefeitura vem realizando na unidade e tirar d\u00favidas com a equipe gestora. \u201cO Conselho verificou in loco as\u00a0 mudan\u00e7as que est\u00e3o sendo realizadas no hospital\u00a0 e constatou que vai trazer conforto para a popula\u00e7\u00e3o. N\u00f3s questionamos sobre os pacientes atendidos ali e a diretora geral da UPA, Tatiana de Oliveira Benevides, nos informou que tinha tr\u00eas internados\u00a0 quando a mudan\u00e7a come\u00e7ou e que hoje tem sete pacientes que est\u00e3o na UPA. Ela garantiu que at\u00e9 sexta estaria tudo pronto e que o hospital ficaria exclusivamente para a Covid-19 e a UPA voltar\u00e1&hellip; <\/p>\n","protected":false},"author":1,"featured_media":279761,"comment_status":"closed","ping_status":"closed","sticky":false,"template":"","format":"standard","meta":{"_acf_changed":false,"footnotes":""},"categories":[1],"tags":[],"class_list":["post-279760","post","type-post","status-publish","format-standard","has-post-thumbnail","hentry","category-politica"],"acf":[],"yoast_head":"<!-- This site is optimized with the Yoast SEO plugin v27.5 - https:\/\/yoast.com\/product\/yoast-seo-wordpress\/ -->\n<title>Por conta de den\u00fancia (vazia), vereadores e conselho de sa\u00fade de Juazeiro fiscalizam reestrutura\u00e7\u00e3o do hospital de campanha - Blog do Farn\u00e9sio<\/title>\n<meta name=\"robots\" content=\"index, follow, max-snippet:-1, max-image-preview:large, max-video-preview:-1\" \/>\n<link rel=\"canonical\" href=\"https:\/\/blogdofarnesio.com.br\/2021\/02\/por-conta-de-denuncia-vazia-vereadores-e-conselho-de-saude-de-juazeiro-fiscalizam-reestruturacao-do-hospital-de-campanha\/\" \/>\n<meta property=\"og:locale\" content=\"pt_BR\" \/>\n<meta property=\"og:type\" content=\"article\" \/>\n<meta property=\"og:title\" content=\"Por conta de den\u00fancia (vazia), vereadores e conselho de sa\u00fade de Juazeiro fiscalizam reestrutura\u00e7\u00e3o do hospital de campanha - Blog do Farn\u00e9sio\" \/>\n<meta property=\"og:description\" content=\"Nesta quarta-feira (24), membros do Conselho Municipal de Sa\u00fade e vereadores de Juazeiro visitaram o Hospital de Campanha do munic\u00edpio para verificar o trabalho de reformula\u00e7\u00e3o que a prefeitura vem realizando na unidade e tirar d\u00favidas com a equipe gestora. \u201cO Conselho verificou in loco as\u00a0 mudan\u00e7as que est\u00e3o sendo realizadas no hospital\u00a0 e constatou que vai trazer conforto para a popula\u00e7\u00e3o. N\u00f3s questionamos sobre os pacientes atendidos ali e a diretora geral da UPA, Tatiana de Oliveira Benevides, nos informou que tinha tr\u00eas internados\u00a0 quando a mudan\u00e7a come\u00e7ou e que hoje tem sete pacientes que est\u00e3o na UPA. Ela garantiu que at\u00e9 sexta estaria tudo pronto e que o hospital ficaria exclusivamente para a Covid-19 e a UPA voltar\u00e1&hellip;\" \/>\n<meta property=\"og:url\" content=\"https:\/\/blogdofarnesio.com.br\/2021\/02\/por-conta-de-denuncia-vazia-vereadores-e-conselho-de-saude-de-juazeiro-fiscalizam-reestruturacao-do-hospital-de-campanha\/\" \/>\n<meta property=\"og:site_name\" content=\"Blog do Farn\u00e9sio\" \/>\n<meta property=\"article:publisher\" content=\"https:\/\/www.facebook.com\/BlogQuerSaberPolitica\/\" \/>\n<meta property=\"article:published_time\" content=\"2021-02-26T10:20:06+00:00\" \/>\n<meta property=\"og:image\" content=\"https:\/\/blogdofarnesio.com.br\/wp-content\/uploads\/2021\/02\/blogqspjua-visita-vereadores-e-CMS-hospital-campanha-e1614291805768.jpeg\" \/>\n\t<meta property=\"og:image:width\" content=\"680\" \/>\n\t<meta property=\"og:image:height\" content=\"383\" \/>\n\t<meta property=\"og:image:type\" content=\"image\/jpeg\" \/>\n<meta name=\"author\" content=\"Farn\u00e9sio\" \/>\n<meta name=\"twitter:card\" content=\"summary_large_image\" \/>\n<meta name=\"twitter:label1\" content=\"Escrito por\" \/>\n\t<meta name=\"twitter:data1\" content=\"Farn\u00e9sio\" \/>\n\t<meta name=\"twitter:label2\" content=\"Est. tempo de leitura\" \/>\n\t<meta name=\"twitter:data2\" content=\"2 minutos\" \/>\n<script type=\"application\/ld+json\" class=\"yoast-schema-graph\">{\"@context\":\"https:\\\/\\\/schema.org\",\"@graph\":[{\"@type\":\"Article\",\"@id\":\"https:\\\/\\\/blogdofarnesio.com.br\\\/2021\\\/02\\\/por-conta-de-denuncia-vazia-vereadores-e-conselho-de-saude-de-juazeiro-fiscalizam-reestruturacao-do-hospital-de-campanha\\\/#article\",\"isPartOf\":{\"@id\":\"https:\\\/\\\/blogdofarnesio.com.br\\\/2021\\\/02\\\/por-conta-de-denuncia-vazia-vereadores-e-conselho-de-saude-de-juazeiro-fiscalizam-reestruturacao-do-hospital-de-campanha\\\/\"},\"author\":{\"name\":\"Farn\u00e9sio\",\"@id\":\"https:\\\/\\\/blogdofarnesio.com.br\\\/#\\\/schema\\\/person\\\/301c4acf522bccbfdb45af95b5b906a1\"},\"headline\":\"Por conta de den\u00fancia (vazia), vereadores e conselho de sa\u00fade de Juazeiro fiscalizam reestrutura\u00e7\u00e3o do hospital de campanha\",\"datePublished\":\"2021-02-26T10:20:06+00:00\",\"mainEntityOfPage\":{\"@id\":\"https:\\\/\\\/blogdofarnesio.com.br\\\/2021\\\/02\\\/por-conta-de-denuncia-vazia-vereadores-e-conselho-de-saude-de-juazeiro-fiscalizam-reestruturacao-do-hospital-de-campanha\\\/\"},\"wordCount\":420,\"publisher\":{\"@id\":\"https:\\\/\\\/blogdofarnesio.com.br\\\/#organization\"},\"image\":{\"@id\":\"https:\\\/\\\/blogdofarnesio.com.br\\\/2021\\\/02\\\/por-conta-de-denuncia-vazia-vereadores-e-conselho-de-saude-de-juazeiro-fiscalizam-reestruturacao-do-hospital-de-campanha\\\/#primaryimage\"},\"thumbnailUrl\":\"https:\\\/\\\/blogdofarnesio.com.br\\\/wp-content\\\/uploads\\\/2021\\\/02\\\/blogqspjua-visita-vereadores-e-CMS-hospital-campanha-e1614291805768.jpeg\",\"articleSection\":[\"Pol\u00edtica\"],\"inLanguage\":\"pt-BR\"},{\"@type\":\"WebPage\",\"@id\":\"https:\\\/\\\/blogdofarnesio.com.br\\\/2021\\\/02\\\/por-conta-de-denuncia-vazia-vereadores-e-conselho-de-saude-de-juazeiro-fiscalizam-reestruturacao-do-hospital-de-campanha\\\/\",\"url\":\"https:\\\/\\\/blogdofarnesio.com.br\\\/2021\\\/02\\\/por-conta-de-denuncia-vazia-vereadores-e-conselho-de-saude-de-juazeiro-fiscalizam-reestruturacao-do-hospital-de-campanha\\\/\",\"name\":\"Por conta de den\u00fancia (vazia), vereadores e conselho de sa\u00fade de Juazeiro fiscalizam reestrutura\u00e7\u00e3o do hospital de campanha - Blog do Farn\u00e9sio\",\"isPartOf\":{\"@id\":\"https:\\\/\\\/blogdofarnesio.com.br\\\/#website\"},\"primaryImageOfPage\":{\"@id\":\"https:\\\/\\\/blogdofarnesio.com.br\\\/2021\\\/02\\\/por-conta-de-denuncia-vazia-vereadores-e-conselho-de-saude-de-juazeiro-fiscalizam-reestruturacao-do-hospital-de-campanha\\\/#primaryimage\"},\"image\":{\"@id\":\"https:\\\/\\\/blogdofarnesio.com.br\\\/2021\\\/02\\\/por-conta-de-denuncia-vazia-vereadores-e-conselho-de-saude-de-juazeiro-fiscalizam-reestruturacao-do-hospital-de-campanha\\\/#primaryimage\"},\"thumbnailUrl\":\"https:\\\/\\\/blogdofarnesio.com.br\\\/wp-content\\\/uploads\\\/2021\\\/02\\\/blogqspjua-visita-vereadores-e-CMS-hospital-campanha-e1614291805768.jpeg\",\"datePublished\":\"2021-02-26T10:20:06+00:00\",\"breadcrumb\":{\"@id\":\"https:\\\/\\\/blogdofarnesio.com.br\\\/2021\\\/02\\\/por-conta-de-denuncia-vazia-vereadores-e-conselho-de-saude-de-juazeiro-fiscalizam-reestruturacao-do-hospital-de-campanha\\\/#breadcrumb\"},\"inLanguage\":\"pt-BR\",\"potentialAction\":[{\"@type\":\"ReadAction\",\"target\":[\"https:\\\/\\\/blogdofarnesio.com.br\\\/2021\\\/02\\\/por-conta-de-denuncia-vazia-vereadores-e-conselho-de-saude-de-juazeiro-fiscalizam-reestruturacao-do-hospital-de-campanha\\\/\"]}]},{\"@type\":\"ImageObject\",\"inLanguage\":\"pt-BR\",\"@id\":\"https:\\\/\\\/blogdofarnesio.com.br\\\/2021\\\/02\\\/por-conta-de-denuncia-vazia-vereadores-e-conselho-de-saude-de-juazeiro-fiscalizam-reestruturacao-do-hospital-de-campanha\\\/#primaryimage\",\"url\":\"https:\\\/\\\/blogdofarnesio.com.br\\\/wp-content\\\/uploads\\\/2021\\\/02\\\/blogqspjua-visita-vereadores-e-CMS-hospital-campanha-e1614291805768.jpeg\",\"contentUrl\":\"https:\\\/\\\/blogdofarnesio.com.br\\\/wp-content\\\/uploads\\\/2021\\\/02\\\/blogqspjua-visita-vereadores-e-CMS-hospital-campanha-e1614291805768.jpeg\",\"width\":680,\"height\":383},{\"@type\":\"BreadcrumbList\",\"@id\":\"https:\\\/\\\/blogdofarnesio.com.br\\\/2021\\\/02\\\/por-conta-de-denuncia-vazia-vereadores-e-conselho-de-saude-de-juazeiro-fiscalizam-reestruturacao-do-hospital-de-campanha\\\/#breadcrumb\",\"itemListElement\":[{\"@type\":\"ListItem\",\"position\":1,\"name\":\"In\u00edcio\",\"item\":\"https:\\\/\\\/blogdofarnesio.com.br\\\/\"},{\"@type\":\"ListItem\",\"position\":2,\"name\":\"Por conta de den\u00fancia (vazia), vereadores e conselho de sa\u00fade de Juazeiro fiscalizam reestrutura\u00e7\u00e3o do hospital de campanha\"}]},{\"@type\":\"WebSite\",\"@id\":\"https:\\\/\\\/blogdofarnesio.com.br\\\/#website\",\"url\":\"https:\\\/\\\/blogdofarnesio.com.br\\\/\",\"name\":\"Blog do Farn\u00e9sio\",\"description\":\"Quer Saber Pol\u00edtica?\",\"publisher\":{\"@id\":\"https:\\\/\\\/blogdofarnesio.com.br\\\/#organization\"},\"potentialAction\":[{\"@type\":\"SearchAction\",\"target\":{\"@type\":\"EntryPoint\",\"urlTemplate\":\"https:\\\/\\\/blogdofarnesio.com.br\\\/?s={search_term_string}\"},\"query-input\":{\"@type\":\"PropertyValueSpecification\",\"valueRequired\":true,\"valueName\":\"search_term_string\"}}],\"inLanguage\":\"pt-BR\"},{\"@type\":\"Organization\",\"@id\":\"https:\\\/\\\/blogdofarnesio.com.br\\\/#organization\",\"name\":\"Blog do Farn\u00e9sio\",\"url\":\"https:\\\/\\\/blogdofarnesio.com.br\\\/\",\"logo\":{\"@type\":\"ImageObject\",\"inLanguage\":\"pt-BR\",\"@id\":\"https:\\\/\\\/blogdofarnesio.com.br\\\/#\\\/schema\\\/logo\\\/image\\\/\",\"url\":\"https:\\\/\\\/blogdofarnesio.com.br\\\/wp-content\\\/uploads\\\/2026\\\/03\\\/cropped-logo_new-1.png\",\"contentUrl\":\"https:\\\/\\\/blogdofarnesio.com.br\\\/wp-content\\\/uploads\\\/2026\\\/03\\\/cropped-logo_new-1.png\",\"width\":881,\"height\":685,\"caption\":\"Blog do Farn\u00e9sio\"},\"image\":{\"@id\":\"https:\\\/\\\/blogdofarnesio.com.br\\\/#\\\/schema\\\/logo\\\/image\\\/\"},\"sameAs\":[\"https:\\\/\\\/www.facebook.com\\\/BlogQuerSaberPolitica\\\/\"]},{\"@type\":\"Person\",\"@id\":\"https:\\\/\\\/blogdofarnesio.com.br\\\/#\\\/schema\\\/person\\\/301c4acf522bccbfdb45af95b5b906a1\",\"name\":\"Farn\u00e9sio\",\"image\":{\"@type\":\"ImageObject\",\"inLanguage\":\"pt-BR\",\"@id\":\"https:\\\/\\\/secure.gravatar.com\\\/avatar\\\/df0c9a14567c056f8ad6876ba5bbd1e3e2c48023eb6807342fc4663adf549f38?s=96&d=mm&r=g\",\"url\":\"https:\\\/\\\/secure.gravatar.com\\\/avatar\\\/df0c9a14567c056f8ad6876ba5bbd1e3e2c48023eb6807342fc4663adf549f38?s=96&d=mm&r=g\",\"contentUrl\":\"https:\\\/\\\/secure.gravatar.com\\\/avatar\\\/df0c9a14567c056f8ad6876ba5bbd1e3e2c48023eb6807342fc4663adf549f38?s=96&d=mm&r=g\",\"caption\":\"Farn\u00e9sio\"},\"sameAs\":[\"https:\\\/\\\/quersaberpolitica.com.br\"],\"url\":\"https:\\\/\\\/blogdofarnesio.com.br\\\/author\\\/farnesio\\\/\"}]}<\/script>\n<!-- \/ Yoast SEO plugin. -->","yoast_head_json":{"title":"Por conta de den\u00fancia (vazia), vereadores e conselho de sa\u00fade de Juazeiro fiscalizam reestrutura\u00e7\u00e3o do hospital de campanha - Blog do Farn\u00e9sio","robots":{"index":"index","follow":"follow","max-snippet":"max-snippet:-1","max-image-preview":"max-image-preview:large","max-video-preview":"max-video-preview:-1"},"canonical":"https:\/\/blogdofarnesio.com.br\/2021\/02\/por-conta-de-denuncia-vazia-vereadores-e-conselho-de-saude-de-juazeiro-fiscalizam-reestruturacao-do-hospital-de-campanha\/","og_locale":"pt_BR","og_type":"article","og_title":"Por conta de den\u00fancia (vazia), vereadores e conselho de sa\u00fade de Juazeiro fiscalizam reestrutura\u00e7\u00e3o do hospital de campanha - Blog do Farn\u00e9sio","og_description":"Nesta quarta-feira (24), membros do Conselho Municipal de Sa\u00fade e vereadores de Juazeiro visitaram o Hospital de Campanha do munic\u00edpio para verificar o trabalho de reformula\u00e7\u00e3o que a prefeitura vem realizando na unidade e tirar d\u00favidas com a equipe gestora. \u201cO Conselho verificou in loco as\u00a0 mudan\u00e7as que est\u00e3o sendo realizadas no hospital\u00a0 e constatou que vai trazer conforto para a popula\u00e7\u00e3o. N\u00f3s questionamos sobre os pacientes atendidos ali e a diretora geral da UPA, Tatiana de Oliveira Benevides, nos informou que tinha tr\u00eas internados\u00a0 quando a mudan\u00e7a come\u00e7ou e que hoje tem sete pacientes que est\u00e3o na UPA. Ela garantiu que at\u00e9 sexta estaria tudo pronto e que o hospital ficaria exclusivamente para a Covid-19 e a UPA voltar\u00e1&hellip;","og_url":"https:\/\/blogdofarnesio.com.br\/2021\/02\/por-conta-de-denuncia-vazia-vereadores-e-conselho-de-saude-de-juazeiro-fiscalizam-reestruturacao-do-hospital-de-campanha\/","og_site_name":"Blog do Farn\u00e9sio","article_publisher":"https:\/\/www.facebook.com\/BlogQuerSaberPolitica\/","article_published_time":"2021-02-26T10:20:06+00:00","og_image":[{"width":680,"height":383,"url":"https:\/\/blogdofarnesio.com.br\/wp-content\/uploads\/2021\/02\/blogqspjua-visita-vereadores-e-CMS-hospital-campanha-e1614291805768.jpeg","type":"image\/jpeg"}],"author":"Farn\u00e9sio","twitter_card":"summary_large_image","twitter_misc":{"Escrito por":"Farn\u00e9sio","Est. tempo de leitura":"2 minutos"},"schema":{"@context":"https:\/\/schema.org","@graph":[{"@type":"Article","@id":"https:\/\/blogdofarnesio.com.br\/2021\/02\/por-conta-de-denuncia-vazia-vereadores-e-conselho-de-saude-de-juazeiro-fiscalizam-reestruturacao-do-hospital-de-campanha\/#article","isPartOf":{"@id":"https:\/\/blogdofarnesio.com.br\/2021\/02\/por-conta-de-denuncia-vazia-vereadores-e-conselho-de-saude-de-juazeiro-fiscalizam-reestruturacao-do-hospital-de-campanha\/"},"author":{"name":"Farn\u00e9sio","@id":"https:\/\/blogdofarnesio.com.br\/#\/schema\/person\/301c4acf522bccbfdb45af95b5b906a1"},"headline":"Por conta de den\u00fancia (vazia), vereadores e conselho de sa\u00fade de Juazeiro fiscalizam reestrutura\u00e7\u00e3o do hospital de campanha","datePublished":"2021-02-26T10:20:06+00:00","mainEntityOfPage":{"@id":"https:\/\/blogdofarnesio.com.br\/2021\/02\/por-conta-de-denuncia-vazia-vereadores-e-conselho-de-saude-de-juazeiro-fiscalizam-reestruturacao-do-hospital-de-campanha\/"},"wordCount":420,"publisher":{"@id":"https:\/\/blogdofarnesio.com.br\/#organization"},"image":{"@id":"https:\/\/blogdofarnesio.com.br\/2021\/02\/por-conta-de-denuncia-vazia-vereadores-e-conselho-de-saude-de-juazeiro-fiscalizam-reestruturacao-do-hospital-de-campanha\/#primaryimage"},"thumbnailUrl":"https:\/\/blogdofarnesio.com.br\/wp-content\/uploads\/2021\/02\/blogqspjua-visita-vereadores-e-CMS-hospital-campanha-e1614291805768.jpeg","articleSection":["Pol\u00edtica"],"inLanguage":"pt-BR"},{"@type":"WebPage","@id":"https:\/\/blogdofarnesio.com.br\/2021\/02\/por-conta-de-denuncia-vazia-vereadores-e-conselho-de-saude-de-juazeiro-fiscalizam-reestruturacao-do-hospital-de-campanha\/","url":"https:\/\/blogdofarnesio.com.br\/2021\/02\/por-conta-de-denuncia-vazia-vereadores-e-conselho-de-saude-de-juazeiro-fiscalizam-reestruturacao-do-hospital-de-campanha\/","name":"Por conta de den\u00fancia (vazia), vereadores e conselho de sa\u00fade de Juazeiro fiscalizam reestrutura\u00e7\u00e3o do hospital de campanha - Blog do Farn\u00e9sio","isPartOf":{"@id":"https:\/\/blogdofarnesio.com.br\/#website"},"primaryImageOfPage":{"@id":"https:\/\/blogdofarnesio.com.br\/2021\/02\/por-conta-de-denuncia-vazia-vereadores-e-conselho-de-saude-de-juazeiro-fiscalizam-reestruturacao-do-hospital-de-campanha\/#primaryimage"},"image":{"@id":"https:\/\/blogdofarnesio.com.br\/2021\/02\/por-conta-de-denuncia-vazia-vereadores-e-conselho-de-saude-de-juazeiro-fiscalizam-reestruturacao-do-hospital-de-campanha\/#primaryimage"},"thumbnailUrl":"https:\/\/blogdofarnesio.com.br\/wp-content\/uploads\/2021\/02\/blogqspjua-visita-vereadores-e-CMS-hospital-campanha-e1614291805768.jpeg","datePublished":"2021-02-26T10:20:06+00:00","breadcrumb":{"@id":"https:\/\/blogdofarnesio.com.br\/2021\/02\/por-conta-de-denuncia-vazia-vereadores-e-conselho-de-saude-de-juazeiro-fiscalizam-reestruturacao-do-hospital-de-campanha\/#breadcrumb"},"inLanguage":"pt-BR","potentialAction":[{"@type":"ReadAction","target":["https:\/\/blogdofarnesio.com.br\/2021\/02\/por-conta-de-denuncia-vazia-vereadores-e-conselho-de-saude-de-juazeiro-fiscalizam-reestruturacao-do-hospital-de-campanha\/"]}]},{"@type":"ImageObject","inLanguage":"pt-BR","@id":"https:\/\/blogdofarnesio.com.br\/2021\/02\/por-conta-de-denuncia-vazia-vereadores-e-conselho-de-saude-de-juazeiro-fiscalizam-reestruturacao-do-hospital-de-campanha\/#primaryimage","url":"https:\/\/blogdofarnesio.com.br\/wp-content\/uploads\/2021\/02\/blogqspjua-visita-vereadores-e-CMS-hospital-campanha-e1614291805768.jpeg","contentUrl":"https:\/\/blogdofarnesio.com.br\/wp-content\/uploads\/2021\/02\/blogqspjua-visita-vereadores-e-CMS-hospital-campanha-e1614291805768.jpeg","width":680,"height":383},{"@type":"BreadcrumbList","@id":"https:\/\/blogdofarnesio.com.br\/2021\/02\/por-conta-de-denuncia-vazia-vereadores-e-conselho-de-saude-de-juazeiro-fiscalizam-reestruturacao-do-hospital-de-campanha\/#breadcrumb","itemListElement":[{"@type":"ListItem","position":1,"name":"In\u00edcio","item":"https:\/\/blogdofarnesio.com.br\/"},{"@type":"ListItem","position":2,"name":"Por conta de den\u00fancia (vazia), vereadores e conselho de sa\u00fade de Juazeiro fiscalizam reestrutura\u00e7\u00e3o do hospital de campanha"}]},{"@type":"WebSite","@id":"https:\/\/blogdofarnesio.com.br\/#website","url":"https:\/\/blogdofarnesio.com.br\/","name":"Blog do Farn\u00e9sio","description":"Quer Saber Pol\u00edtica?","publisher":{"@id":"https:\/\/blogdofarnesio.com.br\/#organization"},"potentialAction":[{"@type":"SearchAction","target":{"@type":"EntryPoint","urlTemplate":"https:\/\/blogdofarnesio.com.br\/?s={search_term_string}"},"query-input":{"@type":"PropertyValueSpecification","valueRequired":true,"valueName":"search_term_string"}}],"inLanguage":"pt-BR"},{"@type":"Organization","@id":"https:\/\/blogdofarnesio.com.br\/#organization","name":"Blog do Farn\u00e9sio","url":"https:\/\/blogdofarnesio.com.br\/","logo":{"@type":"ImageObject","inLanguage":"pt-BR","@id":"https:\/\/blogdofarnesio.com.br\/#\/schema\/logo\/image\/","url":"https:\/\/blogdofarnesio.com.br\/wp-content\/uploads\/2026\/03\/cropped-logo_new-1.png","contentUrl":"https:\/\/blogdofarnesio.com.br\/wp-content\/uploads\/2026\/03\/cropped-logo_new-1.png","width":881,"height":685,"caption":"Blog do Farn\u00e9sio"},"image":{"@id":"https:\/\/blogdofarnesio.com.br\/#\/schema\/logo\/image\/"},"sameAs":["https:\/\/www.facebook.com\/BlogQuerSaberPolitica\/"]},{"@type":"Person","@id":"https:\/\/blogdofarnesio.com.br\/#\/schema\/person\/301c4acf522bccbfdb45af95b5b906a1","name":"Farn\u00e9sio","image":{"@type":"ImageObject","inLanguage":"pt-BR","@id":"https:\/\/secure.gravatar.com\/avatar\/df0c9a14567c056f8ad6876ba5bbd1e3e2c48023eb6807342fc4663adf549f38?s=96&d=mm&r=g","url":"https:\/\/secure.gravatar.com\/avatar\/df0c9a14567c056f8ad6876ba5bbd1e3e2c48023eb6807342fc4663adf549f38?s=96&d=mm&r=g","contentUrl":"https:\/\/secure.gravatar.com\/avatar\/df0c9a14567c056f8ad6876ba5bbd1e3e2c48023eb6807342fc4663adf549f38?s=96&d=mm&r=g","caption":"Farn\u00e9sio"},"sameAs":["https:\/\/quersaberpolitica.com.br"],"url":"https:\/\/blogdofarnesio.com.br\/author\/farnesio\/"}]}},"_links":{"self":[{"href":"https:\/\/blogdofarnesio.com.br\/wp-json\/wp\/v2\/posts\/279760","targetHints":{"allow":["GET"]}}],"collection":[{"href":"https:\/\/blogdofarnesio.com.br\/wp-json\/wp\/v2\/posts"}],"about":[{"href":"https:\/\/blogdofarnesio.com.br\/wp-json\/wp\/v2\/types\/post"}],"author":[{"embeddable":true,"href":"https:\/\/blogdofarnesio.com.br\/wp-json\/wp\/v2\/users\/1"}],"replies":[{"embeddable":true,"href":"https:\/\/blogdofarnesio.com.br\/wp-json\/wp\/v2\/comments?post=279760"}],"version-history":[{"count":0,"href":"https:\/\/blogdofarnesio.com.br\/wp-json\/wp\/v2\/posts\/279760\/revisions"}],"wp:featuredmedia":[{"embeddable":true,"href":"https:\/\/blogdofarnesio.com.br\/wp-json\/wp\/v2\/media\/279761"}],"wp:attachment":[{"href":"https:\/\/blogdofarnesio.com.br\/wp-json\/wp\/v2\/media?parent=279760"}],"wp:term":[{"taxonomy":"category","embeddable":true,"href":"https:\/\/blogdofarnesio.com.br\/wp-json\/wp\/v2\/categories?post=279760"},{"taxonomy":"post_tag","embeddable":true,"href":"https:\/\/blogdofarnesio.com.br\/wp-json\/wp\/v2\/tags?post=279760"}],"curies":[{"name":"wp","href":"https:\/\/api.w.org\/{rel}","templated":true}]}}