{"id":278858,"date":"2021-02-14T15:27:10","date_gmt":"2021-02-14T18:27:10","guid":{"rendered":"http:\/\/quersaberpolitica.com.br\/2016\/?p=278858"},"modified":"2021-02-14T15:27:10","modified_gmt":"2021-02-14T18:27:10","slug":"policia-recupera-objeto-roubado-e-prende-assaltante-em-belem-do-sao-francisco","status":"publish","type":"post","link":"https:\/\/blogdofarnesio.com.br\/?p=278858","title":{"rendered":"Pol\u00edcia recupera objeto roubado e prende assaltante em Bel\u00e9m do S\u00e3o Francisco"},"content":{"rendered":"<p>Durante a realiza\u00e7\u00e3o de abordagens na cidade de BEL\u00c9M DO S\u00c3O FRANCISCO, por volta das 03h00m nas proximidades da Academia da Cidade, as equipes de GRADUADO DE OPERA\u00c7\u00d5ES, ROCAM BEL\u00c9M E GTI 1011, se deparou com elemento o qual ao avistar este efetivo Policial esbo\u00e7ou atitudes suspeitas.<\/p>\n<p>Ao ser Realizada abordagem minuciosa ficou constatado atrav\u00e9s do SISTEMA ALERTA CELULAR, Que seu Aparelho Celular de Marca Samsung A21S IMEI: 356697213996047 consta como QUEIXA de ROUBO.<\/p>\n<p>Ao verificar no sistema SDS consta que este Aparelho foi Tomado de Assalto nas margens da BR 316, no dia 07\/10\/2020 aproximadamente as 16h:20m.<\/p>\n<p>Que em seguida o suspeito informou que comprou o Celular Queixado a Pessoa conhecido com ADSON (Imputado 02) o qual solicitou a este efetivo, para que f\u00f4ssemos em dilig\u00eancia em busca do ADSON.<\/p>\n<p>Diante dos fatos localizamos o Imputado 02, o qual confirmou ter vendido o referido Aparelho Queixado e que teria comprado a uma pessoa conhecida por ADRIANO.<\/p>\n<p>Em seguida os PMs conduziram as Partes envolvidas at\u00e9 a DEPOL BEL\u00c9M, juntamente com o material apreendido para ser apresentado a Autoridade Policial Competente Plantonista, onde foi lavrado TCO em desfavor dos envolvidos.<\/p>\n<p>*PARTICIPARAM DA OCORR\u00caNCIA*<\/p>\n<p>*GRADUADO DE OPERA\u00c7\u00d5ES*<br \/>\n*ROCAM BEL\u00c9M*<br \/>\n*GTI-1011*<\/p>\n<p>*MAJOR QOPM VIEIRA*<br \/>\n*Comandante da 1\u00b0 CIPM*<\/p>\n<p>*MAJOR QOPM VIANA*<br \/>\n*Subcomandante*<\/p>\n","protected":false},"excerpt":{"rendered":"<p>Durante a realiza\u00e7\u00e3o de abordagens na cidade de BEL\u00c9M DO S\u00c3O FRANCISCO, por volta das 03h00m nas proximidades da Academia da Cidade, as equipes de GRADUADO DE OPERA\u00c7\u00d5ES, ROCAM BEL\u00c9M E GTI 1011, se deparou com elemento o qual ao avistar este efetivo Policial esbo\u00e7ou atitudes suspeitas. Ao ser Realizada abordagem minuciosa ficou constatado atrav\u00e9s do SISTEMA ALERTA CELULAR, Que seu Aparelho Celular de Marca Samsung A21S IMEI: 356697213996047 consta como QUEIXA de ROUBO. Ao verificar no sistema SDS consta que este Aparelho foi Tomado de Assalto nas margens da BR 316, no dia 07\/10\/2020 aproximadamente as 16h:20m. Que em seguida o suspeito informou que comprou o Celular Queixado a Pessoa conhecido com ADSON (Imputado 02) o qual solicitou a&hellip; <\/p>\n","protected":false},"author":1,"featured_media":183537,"comment_status":"closed","ping_status":"closed","sticky":false,"template":"","format":"standard","meta":{"_acf_changed":false,"footnotes":""},"categories":[27],"tags":[],"class_list":["post-278858","post","type-post","status-publish","format-standard","has-post-thumbnail","hentry","category-cidades"],"acf":[],"yoast_head":"<!-- This site is optimized with the Yoast SEO plugin v27.4 - https:\/\/yoast.com\/product\/yoast-seo-wordpress\/ -->\n<title>Pol\u00edcia recupera objeto roubado e prende assaltante em Bel\u00e9m do S\u00e3o Francisco - Blog do Farn\u00e9sio<\/title>\n<meta name=\"robots\" content=\"index, follow, max-snippet:-1, max-image-preview:large, max-video-preview:-1\" \/>\n<link rel=\"canonical\" href=\"https:\/\/blogdofarnesio.com.br\/?p=278858\" \/>\n<meta property=\"og:locale\" content=\"pt_BR\" \/>\n<meta property=\"og:type\" content=\"article\" \/>\n<meta property=\"og:title\" content=\"Pol\u00edcia recupera objeto roubado e prende assaltante em Bel\u00e9m do S\u00e3o Francisco - Blog do Farn\u00e9sio\" \/>\n<meta property=\"og:description\" content=\"Durante a realiza\u00e7\u00e3o de abordagens na cidade de BEL\u00c9M DO S\u00c3O FRANCISCO, por volta das 03h00m nas proximidades da Academia da Cidade, as equipes de GRADUADO DE OPERA\u00c7\u00d5ES, ROCAM BEL\u00c9M E GTI 1011, se deparou com elemento o qual ao avistar este efetivo Policial esbo\u00e7ou atitudes suspeitas. Ao ser Realizada abordagem minuciosa ficou constatado atrav\u00e9s do SISTEMA ALERTA CELULAR, Que seu Aparelho Celular de Marca Samsung A21S IMEI: 356697213996047 consta como QUEIXA de ROUBO. Ao verificar no sistema SDS consta que este Aparelho foi Tomado de Assalto nas margens da BR 316, no dia 07\/10\/2020 aproximadamente as 16h:20m. Que em seguida o suspeito informou que comprou o Celular Queixado a Pessoa conhecido com ADSON (Imputado 02) o qual solicitou a&hellip;\" \/>\n<meta property=\"og:url\" content=\"https:\/\/blogdofarnesio.com.br\/?p=278858\" \/>\n<meta property=\"og:site_name\" content=\"Blog do Farn\u00e9sio\" \/>\n<meta property=\"article:publisher\" content=\"https:\/\/www.facebook.com\/BlogQuerSaberPolitica\/\" \/>\n<meta property=\"article:published_time\" content=\"2021-02-14T18:27:10+00:00\" \/>\n<meta property=\"og:image\" content=\"https:\/\/blogdofarnesio.com.br\/wp-content\/uploads\/2017\/12\/blogqsproubocelular.jpg\" \/>\n\t<meta property=\"og:image:width\" content=\"500\" \/>\n\t<meta property=\"og:image:height\" content=\"300\" \/>\n\t<meta property=\"og:image:type\" content=\"image\/jpeg\" \/>\n<meta name=\"author\" content=\"Farn\u00e9sio\" \/>\n<meta name=\"twitter:card\" content=\"summary_large_image\" \/>\n<meta name=\"twitter:label1\" content=\"Escrito por\" \/>\n\t<meta name=\"twitter:data1\" content=\"Farn\u00e9sio\" \/>\n\t<meta name=\"twitter:label2\" content=\"Est. tempo de leitura\" \/>\n\t<meta name=\"twitter:data2\" content=\"1 minuto\" \/>\n<script type=\"application\/ld+json\" class=\"yoast-schema-graph\">{\"@context\":\"https:\\\/\\\/schema.org\",\"@graph\":[{\"@type\":\"Article\",\"@id\":\"https:\\\/\\\/blogdofarnesio.com.br\\\/?p=278858#article\",\"isPartOf\":{\"@id\":\"https:\\\/\\\/blogdofarnesio.com.br\\\/?p=278858\"},\"author\":{\"name\":\"Farn\u00e9sio\",\"@id\":\"https:\\\/\\\/blogdofarnesio.com.br\\\/#\\\/schema\\\/person\\\/301c4acf522bccbfdb45af95b5b906a1\"},\"headline\":\"Pol\u00edcia recupera objeto roubado e prende assaltante em Bel\u00e9m do S\u00e3o Francisco\",\"datePublished\":\"2021-02-14T18:27:10+00:00\",\"mainEntityOfPage\":{\"@id\":\"https:\\\/\\\/blogdofarnesio.com.br\\\/?p=278858\"},\"wordCount\":234,\"publisher\":{\"@id\":\"https:\\\/\\\/blogdofarnesio.com.br\\\/#organization\"},\"image\":{\"@id\":\"https:\\\/\\\/blogdofarnesio.com.br\\\/?p=278858#primaryimage\"},\"thumbnailUrl\":\"https:\\\/\\\/blogdofarnesio.com.br\\\/wp-content\\\/uploads\\\/2017\\\/12\\\/blogqsproubocelular.jpg\",\"articleSection\":[\"Cidades\"],\"inLanguage\":\"pt-BR\"},{\"@type\":\"WebPage\",\"@id\":\"https:\\\/\\\/blogdofarnesio.com.br\\\/?p=278858\",\"url\":\"https:\\\/\\\/blogdofarnesio.com.br\\\/?p=278858\",\"name\":\"Pol\u00edcia recupera objeto roubado e prende assaltante em Bel\u00e9m do S\u00e3o Francisco - Blog do Farn\u00e9sio\",\"isPartOf\":{\"@id\":\"https:\\\/\\\/blogdofarnesio.com.br\\\/#website\"},\"primaryImageOfPage\":{\"@id\":\"https:\\\/\\\/blogdofarnesio.com.br\\\/?p=278858#primaryimage\"},\"image\":{\"@id\":\"https:\\\/\\\/blogdofarnesio.com.br\\\/?p=278858#primaryimage\"},\"thumbnailUrl\":\"https:\\\/\\\/blogdofarnesio.com.br\\\/wp-content\\\/uploads\\\/2017\\\/12\\\/blogqsproubocelular.jpg\",\"datePublished\":\"2021-02-14T18:27:10+00:00\",\"breadcrumb\":{\"@id\":\"https:\\\/\\\/blogdofarnesio.com.br\\\/?p=278858#breadcrumb\"},\"inLanguage\":\"pt-BR\",\"potentialAction\":[{\"@type\":\"ReadAction\",\"target\":[\"https:\\\/\\\/blogdofarnesio.com.br\\\/?p=278858\"]}]},{\"@type\":\"ImageObject\",\"inLanguage\":\"pt-BR\",\"@id\":\"https:\\\/\\\/blogdofarnesio.com.br\\\/?p=278858#primaryimage\",\"url\":\"https:\\\/\\\/blogdofarnesio.com.br\\\/wp-content\\\/uploads\\\/2017\\\/12\\\/blogqsproubocelular.jpg\",\"contentUrl\":\"https:\\\/\\\/blogdofarnesio.com.br\\\/wp-content\\\/uploads\\\/2017\\\/12\\\/blogqsproubocelular.jpg\",\"width\":500,\"height\":300},{\"@type\":\"BreadcrumbList\",\"@id\":\"https:\\\/\\\/blogdofarnesio.com.br\\\/?p=278858#breadcrumb\",\"itemListElement\":[{\"@type\":\"ListItem\",\"position\":1,\"name\":\"In\u00edcio\",\"item\":\"https:\\\/\\\/blogdofarnesio.com.br\\\/\"},{\"@type\":\"ListItem\",\"position\":2,\"name\":\"Pol\u00edcia recupera objeto roubado e prende assaltante em Bel\u00e9m do S\u00e3o Francisco\"}]},{\"@type\":\"WebSite\",\"@id\":\"https:\\\/\\\/blogdofarnesio.com.br\\\/#website\",\"url\":\"https:\\\/\\\/blogdofarnesio.com.br\\\/\",\"name\":\"Blog do Farn\u00e9sio\",\"description\":\"Quer Saber Pol\u00edtica?\",\"publisher\":{\"@id\":\"https:\\\/\\\/blogdofarnesio.com.br\\\/#organization\"},\"potentialAction\":[{\"@type\":\"SearchAction\",\"target\":{\"@type\":\"EntryPoint\",\"urlTemplate\":\"https:\\\/\\\/blogdofarnesio.com.br\\\/?s={search_term_string}\"},\"query-input\":{\"@type\":\"PropertyValueSpecification\",\"valueRequired\":true,\"valueName\":\"search_term_string\"}}],\"inLanguage\":\"pt-BR\"},{\"@type\":\"Organization\",\"@id\":\"https:\\\/\\\/blogdofarnesio.com.br\\\/#organization\",\"name\":\"Blog do Farn\u00e9sio\",\"url\":\"https:\\\/\\\/blogdofarnesio.com.br\\\/\",\"logo\":{\"@type\":\"ImageObject\",\"inLanguage\":\"pt-BR\",\"@id\":\"https:\\\/\\\/blogdofarnesio.com.br\\\/#\\\/schema\\\/logo\\\/image\\\/\",\"url\":\"https:\\\/\\\/blogdofarnesio.com.br\\\/wp-content\\\/uploads\\\/2026\\\/03\\\/cropped-logo_new-1.png\",\"contentUrl\":\"https:\\\/\\\/blogdofarnesio.com.br\\\/wp-content\\\/uploads\\\/2026\\\/03\\\/cropped-logo_new-1.png\",\"width\":881,\"height\":685,\"caption\":\"Blog do Farn\u00e9sio\"},\"image\":{\"@id\":\"https:\\\/\\\/blogdofarnesio.com.br\\\/#\\\/schema\\\/logo\\\/image\\\/\"},\"sameAs\":[\"https:\\\/\\\/www.facebook.com\\\/BlogQuerSaberPolitica\\\/\"]},{\"@type\":\"Person\",\"@id\":\"https:\\\/\\\/blogdofarnesio.com.br\\\/#\\\/schema\\\/person\\\/301c4acf522bccbfdb45af95b5b906a1\",\"name\":\"Farn\u00e9sio\",\"image\":{\"@type\":\"ImageObject\",\"inLanguage\":\"pt-BR\",\"@id\":\"https:\\\/\\\/secure.gravatar.com\\\/avatar\\\/df0c9a14567c056f8ad6876ba5bbd1e3e2c48023eb6807342fc4663adf549f38?s=96&d=mm&r=g\",\"url\":\"https:\\\/\\\/secure.gravatar.com\\\/avatar\\\/df0c9a14567c056f8ad6876ba5bbd1e3e2c48023eb6807342fc4663adf549f38?s=96&d=mm&r=g\",\"contentUrl\":\"https:\\\/\\\/secure.gravatar.com\\\/avatar\\\/df0c9a14567c056f8ad6876ba5bbd1e3e2c48023eb6807342fc4663adf549f38?s=96&d=mm&r=g\",\"caption\":\"Farn\u00e9sio\"},\"sameAs\":[\"https:\\\/\\\/quersaberpolitica.com.br\"],\"url\":\"https:\\\/\\\/blogdofarnesio.com.br\\\/?author=1\"}]}<\/script>\n<!-- \/ Yoast SEO plugin. -->","yoast_head_json":{"title":"Pol\u00edcia recupera objeto roubado e prende assaltante em Bel\u00e9m do S\u00e3o Francisco - Blog do Farn\u00e9sio","robots":{"index":"index","follow":"follow","max-snippet":"max-snippet:-1","max-image-preview":"max-image-preview:large","max-video-preview":"max-video-preview:-1"},"canonical":"https:\/\/blogdofarnesio.com.br\/?p=278858","og_locale":"pt_BR","og_type":"article","og_title":"Pol\u00edcia recupera objeto roubado e prende assaltante em Bel\u00e9m do S\u00e3o Francisco - Blog do Farn\u00e9sio","og_description":"Durante a realiza\u00e7\u00e3o de abordagens na cidade de BEL\u00c9M DO S\u00c3O FRANCISCO, por volta das 03h00m nas proximidades da Academia da Cidade, as equipes de GRADUADO DE OPERA\u00c7\u00d5ES, ROCAM BEL\u00c9M E GTI 1011, se deparou com elemento o qual ao avistar este efetivo Policial esbo\u00e7ou atitudes suspeitas. Ao ser Realizada abordagem minuciosa ficou constatado atrav\u00e9s do SISTEMA ALERTA CELULAR, Que seu Aparelho Celular de Marca Samsung A21S IMEI: 356697213996047 consta como QUEIXA de ROUBO. Ao verificar no sistema SDS consta que este Aparelho foi Tomado de Assalto nas margens da BR 316, no dia 07\/10\/2020 aproximadamente as 16h:20m. Que em seguida o suspeito informou que comprou o Celular Queixado a Pessoa conhecido com ADSON (Imputado 02) o qual solicitou a&hellip;","og_url":"https:\/\/blogdofarnesio.com.br\/?p=278858","og_site_name":"Blog do Farn\u00e9sio","article_publisher":"https:\/\/www.facebook.com\/BlogQuerSaberPolitica\/","article_published_time":"2021-02-14T18:27:10+00:00","og_image":[{"width":500,"height":300,"url":"https:\/\/blogdofarnesio.com.br\/wp-content\/uploads\/2017\/12\/blogqsproubocelular.jpg","type":"image\/jpeg"}],"author":"Farn\u00e9sio","twitter_card":"summary_large_image","twitter_misc":{"Escrito por":"Farn\u00e9sio","Est. tempo de leitura":"1 minuto"},"schema":{"@context":"https:\/\/schema.org","@graph":[{"@type":"Article","@id":"https:\/\/blogdofarnesio.com.br\/?p=278858#article","isPartOf":{"@id":"https:\/\/blogdofarnesio.com.br\/?p=278858"},"author":{"name":"Farn\u00e9sio","@id":"https:\/\/blogdofarnesio.com.br\/#\/schema\/person\/301c4acf522bccbfdb45af95b5b906a1"},"headline":"Pol\u00edcia recupera objeto roubado e prende assaltante em Bel\u00e9m do S\u00e3o Francisco","datePublished":"2021-02-14T18:27:10+00:00","mainEntityOfPage":{"@id":"https:\/\/blogdofarnesio.com.br\/?p=278858"},"wordCount":234,"publisher":{"@id":"https:\/\/blogdofarnesio.com.br\/#organization"},"image":{"@id":"https:\/\/blogdofarnesio.com.br\/?p=278858#primaryimage"},"thumbnailUrl":"https:\/\/blogdofarnesio.com.br\/wp-content\/uploads\/2017\/12\/blogqsproubocelular.jpg","articleSection":["Cidades"],"inLanguage":"pt-BR"},{"@type":"WebPage","@id":"https:\/\/blogdofarnesio.com.br\/?p=278858","url":"https:\/\/blogdofarnesio.com.br\/?p=278858","name":"Pol\u00edcia recupera objeto roubado e prende assaltante em Bel\u00e9m do S\u00e3o Francisco - Blog do Farn\u00e9sio","isPartOf":{"@id":"https:\/\/blogdofarnesio.com.br\/#website"},"primaryImageOfPage":{"@id":"https:\/\/blogdofarnesio.com.br\/?p=278858#primaryimage"},"image":{"@id":"https:\/\/blogdofarnesio.com.br\/?p=278858#primaryimage"},"thumbnailUrl":"https:\/\/blogdofarnesio.com.br\/wp-content\/uploads\/2017\/12\/blogqsproubocelular.jpg","datePublished":"2021-02-14T18:27:10+00:00","breadcrumb":{"@id":"https:\/\/blogdofarnesio.com.br\/?p=278858#breadcrumb"},"inLanguage":"pt-BR","potentialAction":[{"@type":"ReadAction","target":["https:\/\/blogdofarnesio.com.br\/?p=278858"]}]},{"@type":"ImageObject","inLanguage":"pt-BR","@id":"https:\/\/blogdofarnesio.com.br\/?p=278858#primaryimage","url":"https:\/\/blogdofarnesio.com.br\/wp-content\/uploads\/2017\/12\/blogqsproubocelular.jpg","contentUrl":"https:\/\/blogdofarnesio.com.br\/wp-content\/uploads\/2017\/12\/blogqsproubocelular.jpg","width":500,"height":300},{"@type":"BreadcrumbList","@id":"https:\/\/blogdofarnesio.com.br\/?p=278858#breadcrumb","itemListElement":[{"@type":"ListItem","position":1,"name":"In\u00edcio","item":"https:\/\/blogdofarnesio.com.br\/"},{"@type":"ListItem","position":2,"name":"Pol\u00edcia recupera objeto roubado e prende assaltante em Bel\u00e9m do S\u00e3o Francisco"}]},{"@type":"WebSite","@id":"https:\/\/blogdofarnesio.com.br\/#website","url":"https:\/\/blogdofarnesio.com.br\/","name":"Blog do Farn\u00e9sio","description":"Quer Saber Pol\u00edtica?","publisher":{"@id":"https:\/\/blogdofarnesio.com.br\/#organization"},"potentialAction":[{"@type":"SearchAction","target":{"@type":"EntryPoint","urlTemplate":"https:\/\/blogdofarnesio.com.br\/?s={search_term_string}"},"query-input":{"@type":"PropertyValueSpecification","valueRequired":true,"valueName":"search_term_string"}}],"inLanguage":"pt-BR"},{"@type":"Organization","@id":"https:\/\/blogdofarnesio.com.br\/#organization","name":"Blog do Farn\u00e9sio","url":"https:\/\/blogdofarnesio.com.br\/","logo":{"@type":"ImageObject","inLanguage":"pt-BR","@id":"https:\/\/blogdofarnesio.com.br\/#\/schema\/logo\/image\/","url":"https:\/\/blogdofarnesio.com.br\/wp-content\/uploads\/2026\/03\/cropped-logo_new-1.png","contentUrl":"https:\/\/blogdofarnesio.com.br\/wp-content\/uploads\/2026\/03\/cropped-logo_new-1.png","width":881,"height":685,"caption":"Blog do Farn\u00e9sio"},"image":{"@id":"https:\/\/blogdofarnesio.com.br\/#\/schema\/logo\/image\/"},"sameAs":["https:\/\/www.facebook.com\/BlogQuerSaberPolitica\/"]},{"@type":"Person","@id":"https:\/\/blogdofarnesio.com.br\/#\/schema\/person\/301c4acf522bccbfdb45af95b5b906a1","name":"Farn\u00e9sio","image":{"@type":"ImageObject","inLanguage":"pt-BR","@id":"https:\/\/secure.gravatar.com\/avatar\/df0c9a14567c056f8ad6876ba5bbd1e3e2c48023eb6807342fc4663adf549f38?s=96&d=mm&r=g","url":"https:\/\/secure.gravatar.com\/avatar\/df0c9a14567c056f8ad6876ba5bbd1e3e2c48023eb6807342fc4663adf549f38?s=96&d=mm&r=g","contentUrl":"https:\/\/secure.gravatar.com\/avatar\/df0c9a14567c056f8ad6876ba5bbd1e3e2c48023eb6807342fc4663adf549f38?s=96&d=mm&r=g","caption":"Farn\u00e9sio"},"sameAs":["https:\/\/quersaberpolitica.com.br"],"url":"https:\/\/blogdofarnesio.com.br\/?author=1"}]}},"_links":{"self":[{"href":"https:\/\/blogdofarnesio.com.br\/index.php?rest_route=\/wp\/v2\/posts\/278858","targetHints":{"allow":["GET"]}}],"collection":[{"href":"https:\/\/blogdofarnesio.com.br\/index.php?rest_route=\/wp\/v2\/posts"}],"about":[{"href":"https:\/\/blogdofarnesio.com.br\/index.php?rest_route=\/wp\/v2\/types\/post"}],"author":[{"embeddable":true,"href":"https:\/\/blogdofarnesio.com.br\/index.php?rest_route=\/wp\/v2\/users\/1"}],"replies":[{"embeddable":true,"href":"https:\/\/blogdofarnesio.com.br\/index.php?rest_route=%2Fwp%2Fv2%2Fcomments&post=278858"}],"version-history":[{"count":0,"href":"https:\/\/blogdofarnesio.com.br\/index.php?rest_route=\/wp\/v2\/posts\/278858\/revisions"}],"wp:featuredmedia":[{"embeddable":true,"href":"https:\/\/blogdofarnesio.com.br\/index.php?rest_route=\/wp\/v2\/media\/183537"}],"wp:attachment":[{"href":"https:\/\/blogdofarnesio.com.br\/index.php?rest_route=%2Fwp%2Fv2%2Fmedia&parent=278858"}],"wp:term":[{"taxonomy":"category","embeddable":true,"href":"https:\/\/blogdofarnesio.com.br\/index.php?rest_route=%2Fwp%2Fv2%2Fcategories&post=278858"},{"taxonomy":"post_tag","embeddable":true,"href":"https:\/\/blogdofarnesio.com.br\/index.php?rest_route=%2Fwp%2Fv2%2Ftags&post=278858"}],"curies":[{"name":"wp","href":"https:\/\/api.w.org\/{rel}","templated":true}]}}