{"id":278819,"date":"2021-02-14T16:00:45","date_gmt":"2021-02-14T19:00:45","guid":{"rendered":"http:\/\/quersaberpolitica.com.br\/2016\/?p=278819"},"modified":"2021-02-14T13:52:30","modified_gmt":"2021-02-14T16:52:30","slug":"if-sertao-pe-em-petrolina-registra-primeiras-patentes-de-invencao","status":"publish","type":"post","link":"https:\/\/blogdofarnesio.com.br\/?p=278819","title":{"rendered":"IF Sert\u00e3o-PE em Petrolina Registra primeiras patentes de inven\u00e7\u00e3o"},"content":{"rendered":"<p style=\"font-weight: 400;\">O Instituto Federal do Sert\u00e3o Pernambucano (<b><strong>IF Sert\u00e3o-PE<\/strong><\/b>) \u00e9 reconhecido como uma institui\u00e7\u00e3o de excel\u00eancia em ensino, extens\u00e3o, pesquisa e inova\u00e7\u00e3o. Mais uma prova desse reconhecimento foi publicada na edi\u00e7\u00e3o N\u00ba 2613 da Revista da Propriedade Industrial, do Instituto Nacional de Propriedade Industrial (INPI). A edi\u00e7\u00e3o de 2 de fevereiro traz o registro de patente de duas inven\u00e7\u00f5es desenvolvidas no\u00a0<b><strong>IF Sert\u00e3o-PE<\/strong><\/b>, envolvendo pesquisadores e estudantes da Institui\u00e7\u00e3o.<\/p>\n<p style=\"font-weight: 400;\"><b><strong><sup>Os processos foram desenvolvidos em laborat\u00f3rios do IF Sert\u00e3o-PE<\/sup><\/strong><\/b><\/p>\n<p style=\"font-weight: 400;\">A primeira patente se refere ao desenvolvimento de um processo de obten\u00e7\u00e3o de suco integral de jambol\u00e3o, n\u00e9ctar de jambol\u00e3o e n\u00e9ctar misto de jambol\u00e3o com uva. Os produtos \u00e0 base de jambol\u00e3o s\u00e3o in\u00e9ditos no mercado e as pesquisas revelaram que eles possuem diversas subst\u00e2ncias ben\u00e9ficas \u00e0 sa\u00fade. \u201cO jambol\u00e3o \u00e9 um fruto praticamente nativo, sazonal e muito perec\u00edvel, mas que possui diversas subst\u00e2ncias ben\u00e9ficas \u00e0 sa\u00fade. Ent\u00e3o, t\u00ednhamos a necessidade de criar processos para preservar esta fruta e utiliz\u00e1-la como ingrediente para a ind\u00fastria de alimentos\u201d, explica o professor Marcos Lima, que desenvolveu a pesquisa\u00a0juntamente com duas estudantes do curso de Tecnologia em Alimentos.<\/p>\n<p style=\"font-weight: 400;\">A segunda patente registrada envolve um processo de obten\u00e7\u00e3o de um filme biodegrad\u00e1vel \u00e0 base de amido de semente de abacate. O produto pode ser aplicado em frutos n\u00e3o processados de alta sensibilidade para proteg\u00ea-los, conserv\u00e1-los e melhorar o seu aspecto visual.\u00a0 De acordo com o professor Ar\u00e3o Viana, um dos desenvolvedores da tecnologia, o filme biodegrad\u00e1vel pode \u201ccontribuir para o aumento da vida p\u00f3s-colheita dos frutos, atribuir brilho ao produto, al\u00e9m de ser uma alternativa que pode causar menor impacto ambiental negativo em rela\u00e7\u00e3o \u00e0s embalagens convencionais, por ser obtido atrav\u00e9s de uma fonte biodegrad\u00e1vel\u201d, resume. Al\u00e9m de Viana, trabalharam no projeto, apoiado pelo Pibic, a ex-professora do\u00a0<b><strong>IF Sert\u00e3o-PE<\/strong><\/b>, Izis Silva, e a ent\u00e3o estudante do curso de Tecnologia em Alimentos, Nayara Sales.<\/p>\n<p style=\"font-weight: 400;\"><b><strong>Filme biodegrad\u00e1vel\u00a0\u00e0 base de amido de semente de abacate<\/strong><\/b><b><strong>\u00a0<\/strong><\/b><\/p>\n<p style=\"font-weight: 400;\">Para a coordenadora de Inova\u00e7\u00e3o do\u00a0<b><strong>IF Sert\u00e3o-PE<\/strong><\/b>, Sarah Santos, a concess\u00e3o das patentes demostra o potencial inovador da Institui\u00e7\u00e3o e estimula a cria\u00e7\u00e3o de novas tecnologias, fortalecendo a cultura da inova\u00e7\u00e3o. O\u00a0<b><strong>IF Sert\u00e3o-PE<\/strong><\/b>\u00a0tem investido na \u00e1rea por meio da oferta de bolsas aos projetos de inicia\u00e7\u00e3o em desenvolvimento tecnol\u00f3gico. O Instituto tamb\u00e9m mant\u00e9m o N\u00facleo de Inova\u00e7\u00e3o Tecnol\u00f3gica (NIT), que estimula o desenvolvimento e a prote\u00e7\u00e3o de novas solu\u00e7\u00f5es. \u201cMas o desafio maior \u00e9 transferir essa tecnologia para o mercado, adquirindo eventuais ganhos econ\u00f4micos resultantes dessa cria\u00e7\u00e3o\u201d, explica Santos.<\/p>\n<p style=\"font-weight: 400;\">Esse \u00e9 o objetivo dos criadores, tanto dos produtos \u00e0 base de jambol\u00e3o como os da fita biodegrad\u00e1vel, feita com amido de semente de abacate. Para Lima, a comercializa\u00e7\u00e3o dos produtos pode gerar uma s\u00e9rie de benef\u00edcios para todos os atores envolvidos, dos criadores aos consumidores. \u201cEsperamos empresas interessadas em colocar este produto no mercado, utilizando os processos que patenteamos para gerar empregos, disponibilizar o produto ao consumidor final e consolidar as pol\u00edticas de inova\u00e7\u00e3o do\u00a0<b><strong>IF Sert\u00e3o-PE<\/strong><\/b>\u201d, finaliza.<\/p>\n<p style=\"font-weight: 400;\">Escrito por Jadir Souza \/ ASCOM<\/p>\n","protected":false},"excerpt":{"rendered":"<p>O Instituto Federal do Sert\u00e3o Pernambucano (IF Sert\u00e3o-PE) \u00e9 reconhecido como uma institui\u00e7\u00e3o de excel\u00eancia em ensino, extens\u00e3o, pesquisa e inova\u00e7\u00e3o. Mais uma prova desse reconhecimento foi publicada na edi\u00e7\u00e3o N\u00ba 2613 da Revista da Propriedade Industrial, do Instituto Nacional de Propriedade Industrial (INPI). A edi\u00e7\u00e3o de 2 de fevereiro traz o registro de patente de duas inven\u00e7\u00f5es desenvolvidas no\u00a0IF Sert\u00e3o-PE, envolvendo pesquisadores e estudantes da Institui\u00e7\u00e3o. Os processos foram desenvolvidos em laborat\u00f3rios do IF Sert\u00e3o-PE A primeira patente se refere ao desenvolvimento de um processo de obten\u00e7\u00e3o de suco integral de jambol\u00e3o, n\u00e9ctar de jambol\u00e3o e n\u00e9ctar misto de jambol\u00e3o com uva. Os produtos \u00e0 base de jambol\u00e3o s\u00e3o in\u00e9ditos no mercado e as pesquisas revelaram que eles possuem&hellip; <\/p>\n","protected":false},"author":1,"featured_media":278820,"comment_status":"closed","ping_status":"closed","sticky":false,"template":"","format":"standard","meta":{"_acf_changed":false,"footnotes":""},"categories":[1],"tags":[],"class_list":["post-278819","post","type-post","status-publish","format-standard","has-post-thumbnail","hentry","category-politica"],"acf":[],"yoast_head":"<!-- This site is optimized with the Yoast SEO plugin v27.4 - https:\/\/yoast.com\/product\/yoast-seo-wordpress\/ -->\n<title>IF Sert\u00e3o-PE em Petrolina Registra primeiras patentes de inven\u00e7\u00e3o - Blog do Farn\u00e9sio<\/title>\n<meta name=\"robots\" content=\"index, follow, max-snippet:-1, max-image-preview:large, max-video-preview:-1\" \/>\n<link rel=\"canonical\" href=\"https:\/\/blogdofarnesio.com.br\/?p=278819\" \/>\n<meta property=\"og:locale\" content=\"pt_BR\" \/>\n<meta property=\"og:type\" content=\"article\" \/>\n<meta property=\"og:title\" content=\"IF Sert\u00e3o-PE em Petrolina Registra primeiras patentes de inven\u00e7\u00e3o - Blog do Farn\u00e9sio\" \/>\n<meta property=\"og:description\" content=\"O Instituto Federal do Sert\u00e3o Pernambucano (IF Sert\u00e3o-PE) \u00e9 reconhecido como uma institui\u00e7\u00e3o de excel\u00eancia em ensino, extens\u00e3o, pesquisa e inova\u00e7\u00e3o. Mais uma prova desse reconhecimento foi publicada na edi\u00e7\u00e3o N\u00ba 2613 da Revista da Propriedade Industrial, do Instituto Nacional de Propriedade Industrial (INPI). A edi\u00e7\u00e3o de 2 de fevereiro traz o registro de patente de duas inven\u00e7\u00f5es desenvolvidas no\u00a0IF Sert\u00e3o-PE, envolvendo pesquisadores e estudantes da Institui\u00e7\u00e3o. Os processos foram desenvolvidos em laborat\u00f3rios do IF Sert\u00e3o-PE A primeira patente se refere ao desenvolvimento de um processo de obten\u00e7\u00e3o de suco integral de jambol\u00e3o, n\u00e9ctar de jambol\u00e3o e n\u00e9ctar misto de jambol\u00e3o com uva. Os produtos \u00e0 base de jambol\u00e3o s\u00e3o in\u00e9ditos no mercado e as pesquisas revelaram que eles possuem&hellip;\" \/>\n<meta property=\"og:url\" content=\"https:\/\/blogdofarnesio.com.br\/?p=278819\" \/>\n<meta property=\"og:site_name\" content=\"Blog do Farn\u00e9sio\" \/>\n<meta property=\"article:publisher\" content=\"https:\/\/www.facebook.com\/BlogQuerSaberPolitica\/\" \/>\n<meta property=\"article:published_time\" content=\"2021-02-14T19:00:45+00:00\" \/>\n<meta property=\"og:image\" content=\"https:\/\/blogdofarnesio.com.br\/wp-content\/uploads\/2021\/02\/blogqspif-sertao-invencao-filme-biodegradavel-semente-de-abacate-e1613261772256.jpeg\" \/>\n\t<meta property=\"og:image:width\" content=\"680\" \/>\n\t<meta property=\"og:image:height\" content=\"510\" \/>\n\t<meta property=\"og:image:type\" content=\"image\/jpeg\" \/>\n<meta name=\"author\" content=\"Farn\u00e9sio\" \/>\n<meta name=\"twitter:card\" content=\"summary_large_image\" \/>\n<meta name=\"twitter:label1\" content=\"Escrito por\" \/>\n\t<meta name=\"twitter:data1\" content=\"Farn\u00e9sio\" \/>\n\t<meta name=\"twitter:label2\" content=\"Est. tempo de leitura\" \/>\n\t<meta name=\"twitter:data2\" content=\"3 minutos\" \/>\n<script type=\"application\/ld+json\" class=\"yoast-schema-graph\">{\"@context\":\"https:\\\/\\\/schema.org\",\"@graph\":[{\"@type\":\"Article\",\"@id\":\"https:\\\/\\\/blogdofarnesio.com.br\\\/?p=278819#article\",\"isPartOf\":{\"@id\":\"https:\\\/\\\/blogdofarnesio.com.br\\\/?p=278819\"},\"author\":{\"name\":\"Farn\u00e9sio\",\"@id\":\"https:\\\/\\\/blogdofarnesio.com.br\\\/#\\\/schema\\\/person\\\/301c4acf522bccbfdb45af95b5b906a1\"},\"headline\":\"IF Sert\u00e3o-PE em Petrolina Registra primeiras patentes de inven\u00e7\u00e3o\",\"datePublished\":\"2021-02-14T19:00:45+00:00\",\"mainEntityOfPage\":{\"@id\":\"https:\\\/\\\/blogdofarnesio.com.br\\\/?p=278819\"},\"wordCount\":570,\"publisher\":{\"@id\":\"https:\\\/\\\/blogdofarnesio.com.br\\\/#organization\"},\"image\":{\"@id\":\"https:\\\/\\\/blogdofarnesio.com.br\\\/?p=278819#primaryimage\"},\"thumbnailUrl\":\"https:\\\/\\\/blogdofarnesio.com.br\\\/wp-content\\\/uploads\\\/2021\\\/02\\\/blogqspif-sertao-invencao-filme-biodegradavel-semente-de-abacate-e1613261772256.jpeg\",\"articleSection\":[\"Pol\u00edtica\"],\"inLanguage\":\"pt-BR\"},{\"@type\":\"WebPage\",\"@id\":\"https:\\\/\\\/blogdofarnesio.com.br\\\/?p=278819\",\"url\":\"https:\\\/\\\/blogdofarnesio.com.br\\\/?p=278819\",\"name\":\"IF Sert\u00e3o-PE em Petrolina Registra primeiras patentes de inven\u00e7\u00e3o - Blog do Farn\u00e9sio\",\"isPartOf\":{\"@id\":\"https:\\\/\\\/blogdofarnesio.com.br\\\/#website\"},\"primaryImageOfPage\":{\"@id\":\"https:\\\/\\\/blogdofarnesio.com.br\\\/?p=278819#primaryimage\"},\"image\":{\"@id\":\"https:\\\/\\\/blogdofarnesio.com.br\\\/?p=278819#primaryimage\"},\"thumbnailUrl\":\"https:\\\/\\\/blogdofarnesio.com.br\\\/wp-content\\\/uploads\\\/2021\\\/02\\\/blogqspif-sertao-invencao-filme-biodegradavel-semente-de-abacate-e1613261772256.jpeg\",\"datePublished\":\"2021-02-14T19:00:45+00:00\",\"breadcrumb\":{\"@id\":\"https:\\\/\\\/blogdofarnesio.com.br\\\/?p=278819#breadcrumb\"},\"inLanguage\":\"pt-BR\",\"potentialAction\":[{\"@type\":\"ReadAction\",\"target\":[\"https:\\\/\\\/blogdofarnesio.com.br\\\/?p=278819\"]}]},{\"@type\":\"ImageObject\",\"inLanguage\":\"pt-BR\",\"@id\":\"https:\\\/\\\/blogdofarnesio.com.br\\\/?p=278819#primaryimage\",\"url\":\"https:\\\/\\\/blogdofarnesio.com.br\\\/wp-content\\\/uploads\\\/2021\\\/02\\\/blogqspif-sertao-invencao-filme-biodegradavel-semente-de-abacate-e1613261772256.jpeg\",\"contentUrl\":\"https:\\\/\\\/blogdofarnesio.com.br\\\/wp-content\\\/uploads\\\/2021\\\/02\\\/blogqspif-sertao-invencao-filme-biodegradavel-semente-de-abacate-e1613261772256.jpeg\",\"width\":680,\"height\":510},{\"@type\":\"BreadcrumbList\",\"@id\":\"https:\\\/\\\/blogdofarnesio.com.br\\\/?p=278819#breadcrumb\",\"itemListElement\":[{\"@type\":\"ListItem\",\"position\":1,\"name\":\"In\u00edcio\",\"item\":\"https:\\\/\\\/blogdofarnesio.com.br\\\/\"},{\"@type\":\"ListItem\",\"position\":2,\"name\":\"IF Sert\u00e3o-PE em Petrolina Registra primeiras patentes de inven\u00e7\u00e3o\"}]},{\"@type\":\"WebSite\",\"@id\":\"https:\\\/\\\/blogdofarnesio.com.br\\\/#website\",\"url\":\"https:\\\/\\\/blogdofarnesio.com.br\\\/\",\"name\":\"Blog do Farn\u00e9sio\",\"description\":\"Quer Saber Pol\u00edtica?\",\"publisher\":{\"@id\":\"https:\\\/\\\/blogdofarnesio.com.br\\\/#organization\"},\"potentialAction\":[{\"@type\":\"SearchAction\",\"target\":{\"@type\":\"EntryPoint\",\"urlTemplate\":\"https:\\\/\\\/blogdofarnesio.com.br\\\/?s={search_term_string}\"},\"query-input\":{\"@type\":\"PropertyValueSpecification\",\"valueRequired\":true,\"valueName\":\"search_term_string\"}}],\"inLanguage\":\"pt-BR\"},{\"@type\":\"Organization\",\"@id\":\"https:\\\/\\\/blogdofarnesio.com.br\\\/#organization\",\"name\":\"Blog do Farn\u00e9sio\",\"url\":\"https:\\\/\\\/blogdofarnesio.com.br\\\/\",\"logo\":{\"@type\":\"ImageObject\",\"inLanguage\":\"pt-BR\",\"@id\":\"https:\\\/\\\/blogdofarnesio.com.br\\\/#\\\/schema\\\/logo\\\/image\\\/\",\"url\":\"https:\\\/\\\/blogdofarnesio.com.br\\\/wp-content\\\/uploads\\\/2026\\\/03\\\/cropped-logo_new-1.png\",\"contentUrl\":\"https:\\\/\\\/blogdofarnesio.com.br\\\/wp-content\\\/uploads\\\/2026\\\/03\\\/cropped-logo_new-1.png\",\"width\":881,\"height\":685,\"caption\":\"Blog do Farn\u00e9sio\"},\"image\":{\"@id\":\"https:\\\/\\\/blogdofarnesio.com.br\\\/#\\\/schema\\\/logo\\\/image\\\/\"},\"sameAs\":[\"https:\\\/\\\/www.facebook.com\\\/BlogQuerSaberPolitica\\\/\"]},{\"@type\":\"Person\",\"@id\":\"https:\\\/\\\/blogdofarnesio.com.br\\\/#\\\/schema\\\/person\\\/301c4acf522bccbfdb45af95b5b906a1\",\"name\":\"Farn\u00e9sio\",\"image\":{\"@type\":\"ImageObject\",\"inLanguage\":\"pt-BR\",\"@id\":\"https:\\\/\\\/secure.gravatar.com\\\/avatar\\\/df0c9a14567c056f8ad6876ba5bbd1e3e2c48023eb6807342fc4663adf549f38?s=96&d=mm&r=g\",\"url\":\"https:\\\/\\\/secure.gravatar.com\\\/avatar\\\/df0c9a14567c056f8ad6876ba5bbd1e3e2c48023eb6807342fc4663adf549f38?s=96&d=mm&r=g\",\"contentUrl\":\"https:\\\/\\\/secure.gravatar.com\\\/avatar\\\/df0c9a14567c056f8ad6876ba5bbd1e3e2c48023eb6807342fc4663adf549f38?s=96&d=mm&r=g\",\"caption\":\"Farn\u00e9sio\"},\"sameAs\":[\"https:\\\/\\\/quersaberpolitica.com.br\"],\"url\":\"https:\\\/\\\/blogdofarnesio.com.br\\\/?author=1\"}]}<\/script>\n<!-- \/ Yoast SEO plugin. -->","yoast_head_json":{"title":"IF Sert\u00e3o-PE em Petrolina Registra primeiras patentes de inven\u00e7\u00e3o - Blog do Farn\u00e9sio","robots":{"index":"index","follow":"follow","max-snippet":"max-snippet:-1","max-image-preview":"max-image-preview:large","max-video-preview":"max-video-preview:-1"},"canonical":"https:\/\/blogdofarnesio.com.br\/?p=278819","og_locale":"pt_BR","og_type":"article","og_title":"IF Sert\u00e3o-PE em Petrolina Registra primeiras patentes de inven\u00e7\u00e3o - Blog do Farn\u00e9sio","og_description":"O Instituto Federal do Sert\u00e3o Pernambucano (IF Sert\u00e3o-PE) \u00e9 reconhecido como uma institui\u00e7\u00e3o de excel\u00eancia em ensino, extens\u00e3o, pesquisa e inova\u00e7\u00e3o. Mais uma prova desse reconhecimento foi publicada na edi\u00e7\u00e3o N\u00ba 2613 da Revista da Propriedade Industrial, do Instituto Nacional de Propriedade Industrial (INPI). A edi\u00e7\u00e3o de 2 de fevereiro traz o registro de patente de duas inven\u00e7\u00f5es desenvolvidas no\u00a0IF Sert\u00e3o-PE, envolvendo pesquisadores e estudantes da Institui\u00e7\u00e3o. Os processos foram desenvolvidos em laborat\u00f3rios do IF Sert\u00e3o-PE A primeira patente se refere ao desenvolvimento de um processo de obten\u00e7\u00e3o de suco integral de jambol\u00e3o, n\u00e9ctar de jambol\u00e3o e n\u00e9ctar misto de jambol\u00e3o com uva. Os produtos \u00e0 base de jambol\u00e3o s\u00e3o in\u00e9ditos no mercado e as pesquisas revelaram que eles possuem&hellip;","og_url":"https:\/\/blogdofarnesio.com.br\/?p=278819","og_site_name":"Blog do Farn\u00e9sio","article_publisher":"https:\/\/www.facebook.com\/BlogQuerSaberPolitica\/","article_published_time":"2021-02-14T19:00:45+00:00","og_image":[{"width":680,"height":510,"url":"https:\/\/blogdofarnesio.com.br\/wp-content\/uploads\/2021\/02\/blogqspif-sertao-invencao-filme-biodegradavel-semente-de-abacate-e1613261772256.jpeg","type":"image\/jpeg"}],"author":"Farn\u00e9sio","twitter_card":"summary_large_image","twitter_misc":{"Escrito por":"Farn\u00e9sio","Est. tempo de leitura":"3 minutos"},"schema":{"@context":"https:\/\/schema.org","@graph":[{"@type":"Article","@id":"https:\/\/blogdofarnesio.com.br\/?p=278819#article","isPartOf":{"@id":"https:\/\/blogdofarnesio.com.br\/?p=278819"},"author":{"name":"Farn\u00e9sio","@id":"https:\/\/blogdofarnesio.com.br\/#\/schema\/person\/301c4acf522bccbfdb45af95b5b906a1"},"headline":"IF Sert\u00e3o-PE em Petrolina Registra primeiras patentes de inven\u00e7\u00e3o","datePublished":"2021-02-14T19:00:45+00:00","mainEntityOfPage":{"@id":"https:\/\/blogdofarnesio.com.br\/?p=278819"},"wordCount":570,"publisher":{"@id":"https:\/\/blogdofarnesio.com.br\/#organization"},"image":{"@id":"https:\/\/blogdofarnesio.com.br\/?p=278819#primaryimage"},"thumbnailUrl":"https:\/\/blogdofarnesio.com.br\/wp-content\/uploads\/2021\/02\/blogqspif-sertao-invencao-filme-biodegradavel-semente-de-abacate-e1613261772256.jpeg","articleSection":["Pol\u00edtica"],"inLanguage":"pt-BR"},{"@type":"WebPage","@id":"https:\/\/blogdofarnesio.com.br\/?p=278819","url":"https:\/\/blogdofarnesio.com.br\/?p=278819","name":"IF Sert\u00e3o-PE em Petrolina Registra primeiras patentes de inven\u00e7\u00e3o - Blog do Farn\u00e9sio","isPartOf":{"@id":"https:\/\/blogdofarnesio.com.br\/#website"},"primaryImageOfPage":{"@id":"https:\/\/blogdofarnesio.com.br\/?p=278819#primaryimage"},"image":{"@id":"https:\/\/blogdofarnesio.com.br\/?p=278819#primaryimage"},"thumbnailUrl":"https:\/\/blogdofarnesio.com.br\/wp-content\/uploads\/2021\/02\/blogqspif-sertao-invencao-filme-biodegradavel-semente-de-abacate-e1613261772256.jpeg","datePublished":"2021-02-14T19:00:45+00:00","breadcrumb":{"@id":"https:\/\/blogdofarnesio.com.br\/?p=278819#breadcrumb"},"inLanguage":"pt-BR","potentialAction":[{"@type":"ReadAction","target":["https:\/\/blogdofarnesio.com.br\/?p=278819"]}]},{"@type":"ImageObject","inLanguage":"pt-BR","@id":"https:\/\/blogdofarnesio.com.br\/?p=278819#primaryimage","url":"https:\/\/blogdofarnesio.com.br\/wp-content\/uploads\/2021\/02\/blogqspif-sertao-invencao-filme-biodegradavel-semente-de-abacate-e1613261772256.jpeg","contentUrl":"https:\/\/blogdofarnesio.com.br\/wp-content\/uploads\/2021\/02\/blogqspif-sertao-invencao-filme-biodegradavel-semente-de-abacate-e1613261772256.jpeg","width":680,"height":510},{"@type":"BreadcrumbList","@id":"https:\/\/blogdofarnesio.com.br\/?p=278819#breadcrumb","itemListElement":[{"@type":"ListItem","position":1,"name":"In\u00edcio","item":"https:\/\/blogdofarnesio.com.br\/"},{"@type":"ListItem","position":2,"name":"IF Sert\u00e3o-PE em Petrolina Registra primeiras patentes de inven\u00e7\u00e3o"}]},{"@type":"WebSite","@id":"https:\/\/blogdofarnesio.com.br\/#website","url":"https:\/\/blogdofarnesio.com.br\/","name":"Blog do Farn\u00e9sio","description":"Quer Saber Pol\u00edtica?","publisher":{"@id":"https:\/\/blogdofarnesio.com.br\/#organization"},"potentialAction":[{"@type":"SearchAction","target":{"@type":"EntryPoint","urlTemplate":"https:\/\/blogdofarnesio.com.br\/?s={search_term_string}"},"query-input":{"@type":"PropertyValueSpecification","valueRequired":true,"valueName":"search_term_string"}}],"inLanguage":"pt-BR"},{"@type":"Organization","@id":"https:\/\/blogdofarnesio.com.br\/#organization","name":"Blog do Farn\u00e9sio","url":"https:\/\/blogdofarnesio.com.br\/","logo":{"@type":"ImageObject","inLanguage":"pt-BR","@id":"https:\/\/blogdofarnesio.com.br\/#\/schema\/logo\/image\/","url":"https:\/\/blogdofarnesio.com.br\/wp-content\/uploads\/2026\/03\/cropped-logo_new-1.png","contentUrl":"https:\/\/blogdofarnesio.com.br\/wp-content\/uploads\/2026\/03\/cropped-logo_new-1.png","width":881,"height":685,"caption":"Blog do Farn\u00e9sio"},"image":{"@id":"https:\/\/blogdofarnesio.com.br\/#\/schema\/logo\/image\/"},"sameAs":["https:\/\/www.facebook.com\/BlogQuerSaberPolitica\/"]},{"@type":"Person","@id":"https:\/\/blogdofarnesio.com.br\/#\/schema\/person\/301c4acf522bccbfdb45af95b5b906a1","name":"Farn\u00e9sio","image":{"@type":"ImageObject","inLanguage":"pt-BR","@id":"https:\/\/secure.gravatar.com\/avatar\/df0c9a14567c056f8ad6876ba5bbd1e3e2c48023eb6807342fc4663adf549f38?s=96&d=mm&r=g","url":"https:\/\/secure.gravatar.com\/avatar\/df0c9a14567c056f8ad6876ba5bbd1e3e2c48023eb6807342fc4663adf549f38?s=96&d=mm&r=g","contentUrl":"https:\/\/secure.gravatar.com\/avatar\/df0c9a14567c056f8ad6876ba5bbd1e3e2c48023eb6807342fc4663adf549f38?s=96&d=mm&r=g","caption":"Farn\u00e9sio"},"sameAs":["https:\/\/quersaberpolitica.com.br"],"url":"https:\/\/blogdofarnesio.com.br\/?author=1"}]}},"_links":{"self":[{"href":"https:\/\/blogdofarnesio.com.br\/index.php?rest_route=\/wp\/v2\/posts\/278819","targetHints":{"allow":["GET"]}}],"collection":[{"href":"https:\/\/blogdofarnesio.com.br\/index.php?rest_route=\/wp\/v2\/posts"}],"about":[{"href":"https:\/\/blogdofarnesio.com.br\/index.php?rest_route=\/wp\/v2\/types\/post"}],"author":[{"embeddable":true,"href":"https:\/\/blogdofarnesio.com.br\/index.php?rest_route=\/wp\/v2\/users\/1"}],"replies":[{"embeddable":true,"href":"https:\/\/blogdofarnesio.com.br\/index.php?rest_route=%2Fwp%2Fv2%2Fcomments&post=278819"}],"version-history":[{"count":0,"href":"https:\/\/blogdofarnesio.com.br\/index.php?rest_route=\/wp\/v2\/posts\/278819\/revisions"}],"wp:featuredmedia":[{"embeddable":true,"href":"https:\/\/blogdofarnesio.com.br\/index.php?rest_route=\/wp\/v2\/media\/278820"}],"wp:attachment":[{"href":"https:\/\/blogdofarnesio.com.br\/index.php?rest_route=%2Fwp%2Fv2%2Fmedia&parent=278819"}],"wp:term":[{"taxonomy":"category","embeddable":true,"href":"https:\/\/blogdofarnesio.com.br\/index.php?rest_route=%2Fwp%2Fv2%2Fcategories&post=278819"},{"taxonomy":"post_tag","embeddable":true,"href":"https:\/\/blogdofarnesio.com.br\/index.php?rest_route=%2Fwp%2Fv2%2Ftags&post=278819"}],"curies":[{"name":"wp","href":"https:\/\/api.w.org\/{rel}","templated":true}]}}