{"id":278504,"date":"2021-02-11T09:21:09","date_gmt":"2021-02-11T12:21:09","guid":{"rendered":"http:\/\/quersaberpolitica.com.br\/2016\/?p=278504"},"modified":"2021-02-10T21:15:14","modified_gmt":"2021-02-11T00:15:14","slug":"juazeiro-transfere-feriado-de-carnaval-para-o-mes-de-junho","status":"publish","type":"post","link":"https:\/\/blogdofarnesio.com.br\/?p=278504","title":{"rendered":"Juazeiro transfere feriado de carnaval para o m\u00eas de junho"},"content":{"rendered":"<p>Embora a cidade seja conhecida como uma terra festeira, por sua peculiar alegria, onde todos os anos faz a abertura dos festejos carnavalescos na Bahia, o momento \u00e9 de seguir com as regras de preven\u00e7\u00e3o, bem como respeitar \u00e0s pessoas vitimadas pela Covid-19.<\/p>\n<p>Em raz\u00e3o disso, a Procuradoria Geral do Munic\u00edpio publicou o Decreto n\u00ba 315\/2021, deslocando o feriado do carnaval antecipado de Juazeiro para 03 de junho de 2021, alusivo \u00e0s comemora\u00e7\u00f5es do dia de Corpus Christi, data que no calend\u00e1rio nacional \u00e9 considerada ponto facultativo.<\/p>\n<p>J\u00e1 em rela\u00e7\u00e3o ao per\u00edodo do carnaval oficial, a Prefeitura de Juazeiro vai seguir a determina\u00e7\u00e3o do Governo do Estado, que j\u00e1 tinha suspendido o ponto facultativo nos dias 15, 16 e 17 de fevereiro, ou seja, segunda e ter\u00e7a-feira de Carnaval e quarta-feira de cinzas.<\/p>\n<p>Com isso, essas datas ser\u00e3o consideradas dias \u00fateis em Juazeiro.<\/p>\n<p>A decis\u00e3o da gest\u00e3o municipal \u00e9 para evitar poss\u00edveis aglomera\u00e7\u00f5es nesse per\u00edodo, mesmo sendo de conhecimento p\u00fablico que o carnaval oficial em todo o Estado j\u00e1 havia sido cancelado.<\/p>\n<p>\u00c9 importante lembrar tamb\u00e9m que o carnaval n\u00e3o \u00e9 um feriado nacional, o que confere poderes aos governos estaduais e municipais para decidir se considerar\u00e3o dias \u00fateis ou n\u00e3o o per\u00edodo carnavalesco.<\/p>\n<p>Ed\u00edsia Santos \u2013 assessora de imprensa<\/p>\n","protected":false},"excerpt":{"rendered":"<p>Embora a cidade seja conhecida como uma terra festeira, por sua peculiar alegria, onde todos os anos faz a abertura dos festejos carnavalescos na Bahia, o momento \u00e9 de seguir com as regras de preven\u00e7\u00e3o, bem como respeitar \u00e0s pessoas vitimadas pela Covid-19. Em raz\u00e3o disso, a Procuradoria Geral do Munic\u00edpio publicou o Decreto n\u00ba 315\/2021, deslocando o feriado do carnaval antecipado de Juazeiro para 03 de junho de 2021, alusivo \u00e0s comemora\u00e7\u00f5es do dia de Corpus Christi, data que no calend\u00e1rio nacional \u00e9 considerada ponto facultativo. J\u00e1 em rela\u00e7\u00e3o ao per\u00edodo do carnaval oficial, a Prefeitura de Juazeiro vai seguir a determina\u00e7\u00e3o do Governo do Estado, que j\u00e1 tinha suspendido o ponto facultativo nos dias 15, 16 e 17&hellip; <\/p>\n","protected":false},"author":1,"featured_media":156472,"comment_status":"closed","ping_status":"closed","sticky":false,"template":"","format":"standard","meta":{"_acf_changed":false,"footnotes":""},"categories":[44],"tags":[],"class_list":["post-278504","post","type-post","status-publish","format-standard","has-post-thumbnail","hentry","category-administracao"],"acf":[],"yoast_head":"<!-- This site is optimized with the Yoast SEO plugin v27.4 - https:\/\/yoast.com\/product\/yoast-seo-wordpress\/ -->\n<title>Juazeiro transfere feriado de carnaval para o m\u00eas de junho - Blog do Farn\u00e9sio<\/title>\n<meta name=\"robots\" content=\"index, follow, max-snippet:-1, max-image-preview:large, max-video-preview:-1\" \/>\n<link rel=\"canonical\" href=\"https:\/\/blogdofarnesio.com.br\/?p=278504\" \/>\n<meta property=\"og:locale\" content=\"pt_BR\" \/>\n<meta property=\"og:type\" content=\"article\" \/>\n<meta property=\"og:title\" content=\"Juazeiro transfere feriado de carnaval para o m\u00eas de junho - Blog do Farn\u00e9sio\" \/>\n<meta property=\"og:description\" content=\"Embora a cidade seja conhecida como uma terra festeira, por sua peculiar alegria, onde todos os anos faz a abertura dos festejos carnavalescos na Bahia, o momento \u00e9 de seguir com as regras de preven\u00e7\u00e3o, bem como respeitar \u00e0s pessoas vitimadas pela Covid-19. Em raz\u00e3o disso, a Procuradoria Geral do Munic\u00edpio publicou o Decreto n\u00ba 315\/2021, deslocando o feriado do carnaval antecipado de Juazeiro para 03 de junho de 2021, alusivo \u00e0s comemora\u00e7\u00f5es do dia de Corpus Christi, data que no calend\u00e1rio nacional \u00e9 considerada ponto facultativo. J\u00e1 em rela\u00e7\u00e3o ao per\u00edodo do carnaval oficial, a Prefeitura de Juazeiro vai seguir a determina\u00e7\u00e3o do Governo do Estado, que j\u00e1 tinha suspendido o ponto facultativo nos dias 15, 16 e 17&hellip;\" \/>\n<meta property=\"og:url\" content=\"https:\/\/blogdofarnesio.com.br\/?p=278504\" \/>\n<meta property=\"og:site_name\" content=\"Blog do Farn\u00e9sio\" \/>\n<meta property=\"article:publisher\" content=\"https:\/\/www.facebook.com\/BlogQuerSaberPolitica\/\" \/>\n<meta property=\"article:published_time\" content=\"2021-02-11T12:21:09+00:00\" \/>\n<meta property=\"og:image\" content=\"https:\/\/blogdofarnesio.com.br\/wp-content\/uploads\/2017\/02\/blogqspPREFEITURA-INFORMA-ALTERA\u00c7\u00c3O-LOCAL-VISTORIA.jpg\" \/>\n\t<meta property=\"og:image:width\" content=\"620\" \/>\n\t<meta property=\"og:image:height\" content=\"330\" \/>\n\t<meta property=\"og:image:type\" content=\"image\/jpeg\" \/>\n<meta name=\"author\" content=\"Farn\u00e9sio\" \/>\n<meta name=\"twitter:card\" content=\"summary_large_image\" \/>\n<meta name=\"twitter:label1\" content=\"Escrito por\" \/>\n\t<meta name=\"twitter:data1\" content=\"Farn\u00e9sio\" \/>\n\t<meta name=\"twitter:label2\" content=\"Est. tempo de leitura\" \/>\n\t<meta name=\"twitter:data2\" content=\"1 minuto\" \/>\n<script type=\"application\/ld+json\" class=\"yoast-schema-graph\">{\"@context\":\"https:\\\/\\\/schema.org\",\"@graph\":[{\"@type\":\"Article\",\"@id\":\"https:\\\/\\\/blogdofarnesio.com.br\\\/?p=278504#article\",\"isPartOf\":{\"@id\":\"https:\\\/\\\/blogdofarnesio.com.br\\\/?p=278504\"},\"author\":{\"name\":\"Farn\u00e9sio\",\"@id\":\"https:\\\/\\\/blogdofarnesio.com.br\\\/#\\\/schema\\\/person\\\/301c4acf522bccbfdb45af95b5b906a1\"},\"headline\":\"Juazeiro transfere feriado de carnaval para o m\u00eas de junho\",\"datePublished\":\"2021-02-11T12:21:09+00:00\",\"mainEntityOfPage\":{\"@id\":\"https:\\\/\\\/blogdofarnesio.com.br\\\/?p=278504\"},\"wordCount\":231,\"publisher\":{\"@id\":\"https:\\\/\\\/blogdofarnesio.com.br\\\/#organization\"},\"image\":{\"@id\":\"https:\\\/\\\/blogdofarnesio.com.br\\\/?p=278504#primaryimage\"},\"thumbnailUrl\":\"https:\\\/\\\/blogdofarnesio.com.br\\\/wp-content\\\/uploads\\\/2017\\\/02\\\/blogqspPREFEITURA-INFORMA-ALTERA\u00c7\u00c3O-LOCAL-VISTORIA.jpg\",\"articleSection\":[\"Administra\u00e7\u00e3o\"],\"inLanguage\":\"pt-BR\"},{\"@type\":\"WebPage\",\"@id\":\"https:\\\/\\\/blogdofarnesio.com.br\\\/?p=278504\",\"url\":\"https:\\\/\\\/blogdofarnesio.com.br\\\/?p=278504\",\"name\":\"Juazeiro transfere feriado de carnaval para o m\u00eas de junho - Blog do Farn\u00e9sio\",\"isPartOf\":{\"@id\":\"https:\\\/\\\/blogdofarnesio.com.br\\\/#website\"},\"primaryImageOfPage\":{\"@id\":\"https:\\\/\\\/blogdofarnesio.com.br\\\/?p=278504#primaryimage\"},\"image\":{\"@id\":\"https:\\\/\\\/blogdofarnesio.com.br\\\/?p=278504#primaryimage\"},\"thumbnailUrl\":\"https:\\\/\\\/blogdofarnesio.com.br\\\/wp-content\\\/uploads\\\/2017\\\/02\\\/blogqspPREFEITURA-INFORMA-ALTERA\u00c7\u00c3O-LOCAL-VISTORIA.jpg\",\"datePublished\":\"2021-02-11T12:21:09+00:00\",\"breadcrumb\":{\"@id\":\"https:\\\/\\\/blogdofarnesio.com.br\\\/?p=278504#breadcrumb\"},\"inLanguage\":\"pt-BR\",\"potentialAction\":[{\"@type\":\"ReadAction\",\"target\":[\"https:\\\/\\\/blogdofarnesio.com.br\\\/?p=278504\"]}]},{\"@type\":\"ImageObject\",\"inLanguage\":\"pt-BR\",\"@id\":\"https:\\\/\\\/blogdofarnesio.com.br\\\/?p=278504#primaryimage\",\"url\":\"https:\\\/\\\/blogdofarnesio.com.br\\\/wp-content\\\/uploads\\\/2017\\\/02\\\/blogqspPREFEITURA-INFORMA-ALTERA\u00c7\u00c3O-LOCAL-VISTORIA.jpg\",\"contentUrl\":\"https:\\\/\\\/blogdofarnesio.com.br\\\/wp-content\\\/uploads\\\/2017\\\/02\\\/blogqspPREFEITURA-INFORMA-ALTERA\u00c7\u00c3O-LOCAL-VISTORIA.jpg\",\"width\":620,\"height\":330},{\"@type\":\"BreadcrumbList\",\"@id\":\"https:\\\/\\\/blogdofarnesio.com.br\\\/?p=278504#breadcrumb\",\"itemListElement\":[{\"@type\":\"ListItem\",\"position\":1,\"name\":\"In\u00edcio\",\"item\":\"https:\\\/\\\/blogdofarnesio.com.br\\\/\"},{\"@type\":\"ListItem\",\"position\":2,\"name\":\"Juazeiro transfere feriado de carnaval para o m\u00eas de junho\"}]},{\"@type\":\"WebSite\",\"@id\":\"https:\\\/\\\/blogdofarnesio.com.br\\\/#website\",\"url\":\"https:\\\/\\\/blogdofarnesio.com.br\\\/\",\"name\":\"Blog do Farn\u00e9sio\",\"description\":\"Quer Saber Pol\u00edtica?\",\"publisher\":{\"@id\":\"https:\\\/\\\/blogdofarnesio.com.br\\\/#organization\"},\"potentialAction\":[{\"@type\":\"SearchAction\",\"target\":{\"@type\":\"EntryPoint\",\"urlTemplate\":\"https:\\\/\\\/blogdofarnesio.com.br\\\/?s={search_term_string}\"},\"query-input\":{\"@type\":\"PropertyValueSpecification\",\"valueRequired\":true,\"valueName\":\"search_term_string\"}}],\"inLanguage\":\"pt-BR\"},{\"@type\":\"Organization\",\"@id\":\"https:\\\/\\\/blogdofarnesio.com.br\\\/#organization\",\"name\":\"Blog do Farn\u00e9sio\",\"url\":\"https:\\\/\\\/blogdofarnesio.com.br\\\/\",\"logo\":{\"@type\":\"ImageObject\",\"inLanguage\":\"pt-BR\",\"@id\":\"https:\\\/\\\/blogdofarnesio.com.br\\\/#\\\/schema\\\/logo\\\/image\\\/\",\"url\":\"https:\\\/\\\/blogdofarnesio.com.br\\\/wp-content\\\/uploads\\\/2026\\\/03\\\/cropped-logo_new-1.png\",\"contentUrl\":\"https:\\\/\\\/blogdofarnesio.com.br\\\/wp-content\\\/uploads\\\/2026\\\/03\\\/cropped-logo_new-1.png\",\"width\":881,\"height\":685,\"caption\":\"Blog do Farn\u00e9sio\"},\"image\":{\"@id\":\"https:\\\/\\\/blogdofarnesio.com.br\\\/#\\\/schema\\\/logo\\\/image\\\/\"},\"sameAs\":[\"https:\\\/\\\/www.facebook.com\\\/BlogQuerSaberPolitica\\\/\"]},{\"@type\":\"Person\",\"@id\":\"https:\\\/\\\/blogdofarnesio.com.br\\\/#\\\/schema\\\/person\\\/301c4acf522bccbfdb45af95b5b906a1\",\"name\":\"Farn\u00e9sio\",\"image\":{\"@type\":\"ImageObject\",\"inLanguage\":\"pt-BR\",\"@id\":\"https:\\\/\\\/secure.gravatar.com\\\/avatar\\\/df0c9a14567c056f8ad6876ba5bbd1e3e2c48023eb6807342fc4663adf549f38?s=96&d=mm&r=g\",\"url\":\"https:\\\/\\\/secure.gravatar.com\\\/avatar\\\/df0c9a14567c056f8ad6876ba5bbd1e3e2c48023eb6807342fc4663adf549f38?s=96&d=mm&r=g\",\"contentUrl\":\"https:\\\/\\\/secure.gravatar.com\\\/avatar\\\/df0c9a14567c056f8ad6876ba5bbd1e3e2c48023eb6807342fc4663adf549f38?s=96&d=mm&r=g\",\"caption\":\"Farn\u00e9sio\"},\"sameAs\":[\"https:\\\/\\\/quersaberpolitica.com.br\"],\"url\":\"https:\\\/\\\/blogdofarnesio.com.br\\\/?author=1\"}]}<\/script>\n<!-- \/ Yoast SEO plugin. -->","yoast_head_json":{"title":"Juazeiro transfere feriado de carnaval para o m\u00eas de junho - Blog do Farn\u00e9sio","robots":{"index":"index","follow":"follow","max-snippet":"max-snippet:-1","max-image-preview":"max-image-preview:large","max-video-preview":"max-video-preview:-1"},"canonical":"https:\/\/blogdofarnesio.com.br\/?p=278504","og_locale":"pt_BR","og_type":"article","og_title":"Juazeiro transfere feriado de carnaval para o m\u00eas de junho - Blog do Farn\u00e9sio","og_description":"Embora a cidade seja conhecida como uma terra festeira, por sua peculiar alegria, onde todos os anos faz a abertura dos festejos carnavalescos na Bahia, o momento \u00e9 de seguir com as regras de preven\u00e7\u00e3o, bem como respeitar \u00e0s pessoas vitimadas pela Covid-19. Em raz\u00e3o disso, a Procuradoria Geral do Munic\u00edpio publicou o Decreto n\u00ba 315\/2021, deslocando o feriado do carnaval antecipado de Juazeiro para 03 de junho de 2021, alusivo \u00e0s comemora\u00e7\u00f5es do dia de Corpus Christi, data que no calend\u00e1rio nacional \u00e9 considerada ponto facultativo. J\u00e1 em rela\u00e7\u00e3o ao per\u00edodo do carnaval oficial, a Prefeitura de Juazeiro vai seguir a determina\u00e7\u00e3o do Governo do Estado, que j\u00e1 tinha suspendido o ponto facultativo nos dias 15, 16 e 17&hellip;","og_url":"https:\/\/blogdofarnesio.com.br\/?p=278504","og_site_name":"Blog do Farn\u00e9sio","article_publisher":"https:\/\/www.facebook.com\/BlogQuerSaberPolitica\/","article_published_time":"2021-02-11T12:21:09+00:00","og_image":[{"width":620,"height":330,"url":"https:\/\/blogdofarnesio.com.br\/wp-content\/uploads\/2017\/02\/blogqspPREFEITURA-INFORMA-ALTERA\u00c7\u00c3O-LOCAL-VISTORIA.jpg","type":"image\/jpeg"}],"author":"Farn\u00e9sio","twitter_card":"summary_large_image","twitter_misc":{"Escrito por":"Farn\u00e9sio","Est. tempo de leitura":"1 minuto"},"schema":{"@context":"https:\/\/schema.org","@graph":[{"@type":"Article","@id":"https:\/\/blogdofarnesio.com.br\/?p=278504#article","isPartOf":{"@id":"https:\/\/blogdofarnesio.com.br\/?p=278504"},"author":{"name":"Farn\u00e9sio","@id":"https:\/\/blogdofarnesio.com.br\/#\/schema\/person\/301c4acf522bccbfdb45af95b5b906a1"},"headline":"Juazeiro transfere feriado de carnaval para o m\u00eas de junho","datePublished":"2021-02-11T12:21:09+00:00","mainEntityOfPage":{"@id":"https:\/\/blogdofarnesio.com.br\/?p=278504"},"wordCount":231,"publisher":{"@id":"https:\/\/blogdofarnesio.com.br\/#organization"},"image":{"@id":"https:\/\/blogdofarnesio.com.br\/?p=278504#primaryimage"},"thumbnailUrl":"https:\/\/blogdofarnesio.com.br\/wp-content\/uploads\/2017\/02\/blogqspPREFEITURA-INFORMA-ALTERA\u00c7\u00c3O-LOCAL-VISTORIA.jpg","articleSection":["Administra\u00e7\u00e3o"],"inLanguage":"pt-BR"},{"@type":"WebPage","@id":"https:\/\/blogdofarnesio.com.br\/?p=278504","url":"https:\/\/blogdofarnesio.com.br\/?p=278504","name":"Juazeiro transfere feriado de carnaval para o m\u00eas de junho - Blog do Farn\u00e9sio","isPartOf":{"@id":"https:\/\/blogdofarnesio.com.br\/#website"},"primaryImageOfPage":{"@id":"https:\/\/blogdofarnesio.com.br\/?p=278504#primaryimage"},"image":{"@id":"https:\/\/blogdofarnesio.com.br\/?p=278504#primaryimage"},"thumbnailUrl":"https:\/\/blogdofarnesio.com.br\/wp-content\/uploads\/2017\/02\/blogqspPREFEITURA-INFORMA-ALTERA\u00c7\u00c3O-LOCAL-VISTORIA.jpg","datePublished":"2021-02-11T12:21:09+00:00","breadcrumb":{"@id":"https:\/\/blogdofarnesio.com.br\/?p=278504#breadcrumb"},"inLanguage":"pt-BR","potentialAction":[{"@type":"ReadAction","target":["https:\/\/blogdofarnesio.com.br\/?p=278504"]}]},{"@type":"ImageObject","inLanguage":"pt-BR","@id":"https:\/\/blogdofarnesio.com.br\/?p=278504#primaryimage","url":"https:\/\/blogdofarnesio.com.br\/wp-content\/uploads\/2017\/02\/blogqspPREFEITURA-INFORMA-ALTERA\u00c7\u00c3O-LOCAL-VISTORIA.jpg","contentUrl":"https:\/\/blogdofarnesio.com.br\/wp-content\/uploads\/2017\/02\/blogqspPREFEITURA-INFORMA-ALTERA\u00c7\u00c3O-LOCAL-VISTORIA.jpg","width":620,"height":330},{"@type":"BreadcrumbList","@id":"https:\/\/blogdofarnesio.com.br\/?p=278504#breadcrumb","itemListElement":[{"@type":"ListItem","position":1,"name":"In\u00edcio","item":"https:\/\/blogdofarnesio.com.br\/"},{"@type":"ListItem","position":2,"name":"Juazeiro transfere feriado de carnaval para o m\u00eas de junho"}]},{"@type":"WebSite","@id":"https:\/\/blogdofarnesio.com.br\/#website","url":"https:\/\/blogdofarnesio.com.br\/","name":"Blog do Farn\u00e9sio","description":"Quer Saber Pol\u00edtica?","publisher":{"@id":"https:\/\/blogdofarnesio.com.br\/#organization"},"potentialAction":[{"@type":"SearchAction","target":{"@type":"EntryPoint","urlTemplate":"https:\/\/blogdofarnesio.com.br\/?s={search_term_string}"},"query-input":{"@type":"PropertyValueSpecification","valueRequired":true,"valueName":"search_term_string"}}],"inLanguage":"pt-BR"},{"@type":"Organization","@id":"https:\/\/blogdofarnesio.com.br\/#organization","name":"Blog do Farn\u00e9sio","url":"https:\/\/blogdofarnesio.com.br\/","logo":{"@type":"ImageObject","inLanguage":"pt-BR","@id":"https:\/\/blogdofarnesio.com.br\/#\/schema\/logo\/image\/","url":"https:\/\/blogdofarnesio.com.br\/wp-content\/uploads\/2026\/03\/cropped-logo_new-1.png","contentUrl":"https:\/\/blogdofarnesio.com.br\/wp-content\/uploads\/2026\/03\/cropped-logo_new-1.png","width":881,"height":685,"caption":"Blog do Farn\u00e9sio"},"image":{"@id":"https:\/\/blogdofarnesio.com.br\/#\/schema\/logo\/image\/"},"sameAs":["https:\/\/www.facebook.com\/BlogQuerSaberPolitica\/"]},{"@type":"Person","@id":"https:\/\/blogdofarnesio.com.br\/#\/schema\/person\/301c4acf522bccbfdb45af95b5b906a1","name":"Farn\u00e9sio","image":{"@type":"ImageObject","inLanguage":"pt-BR","@id":"https:\/\/secure.gravatar.com\/avatar\/df0c9a14567c056f8ad6876ba5bbd1e3e2c48023eb6807342fc4663adf549f38?s=96&d=mm&r=g","url":"https:\/\/secure.gravatar.com\/avatar\/df0c9a14567c056f8ad6876ba5bbd1e3e2c48023eb6807342fc4663adf549f38?s=96&d=mm&r=g","contentUrl":"https:\/\/secure.gravatar.com\/avatar\/df0c9a14567c056f8ad6876ba5bbd1e3e2c48023eb6807342fc4663adf549f38?s=96&d=mm&r=g","caption":"Farn\u00e9sio"},"sameAs":["https:\/\/quersaberpolitica.com.br"],"url":"https:\/\/blogdofarnesio.com.br\/?author=1"}]}},"_links":{"self":[{"href":"https:\/\/blogdofarnesio.com.br\/index.php?rest_route=\/wp\/v2\/posts\/278504","targetHints":{"allow":["GET"]}}],"collection":[{"href":"https:\/\/blogdofarnesio.com.br\/index.php?rest_route=\/wp\/v2\/posts"}],"about":[{"href":"https:\/\/blogdofarnesio.com.br\/index.php?rest_route=\/wp\/v2\/types\/post"}],"author":[{"embeddable":true,"href":"https:\/\/blogdofarnesio.com.br\/index.php?rest_route=\/wp\/v2\/users\/1"}],"replies":[{"embeddable":true,"href":"https:\/\/blogdofarnesio.com.br\/index.php?rest_route=%2Fwp%2Fv2%2Fcomments&post=278504"}],"version-history":[{"count":0,"href":"https:\/\/blogdofarnesio.com.br\/index.php?rest_route=\/wp\/v2\/posts\/278504\/revisions"}],"wp:featuredmedia":[{"embeddable":true,"href":"https:\/\/blogdofarnesio.com.br\/index.php?rest_route=\/wp\/v2\/media\/156472"}],"wp:attachment":[{"href":"https:\/\/blogdofarnesio.com.br\/index.php?rest_route=%2Fwp%2Fv2%2Fmedia&parent=278504"}],"wp:term":[{"taxonomy":"category","embeddable":true,"href":"https:\/\/blogdofarnesio.com.br\/index.php?rest_route=%2Fwp%2Fv2%2Fcategories&post=278504"},{"taxonomy":"post_tag","embeddable":true,"href":"https:\/\/blogdofarnesio.com.br\/index.php?rest_route=%2Fwp%2Fv2%2Ftags&post=278504"}],"curies":[{"name":"wp","href":"https:\/\/api.w.org\/{rel}","templated":true}]}}