{"id":27553,"date":"2013-02-13T15:00:30","date_gmt":"2013-02-13T18:00:30","guid":{"rendered":"http:\/\/www.quersaberpolitica.com.br\/?p=27553"},"modified":"2013-02-13T16:11:02","modified_gmt":"2013-02-13T19:11:02","slug":"direto-de-curaca-11","status":"publish","type":"post","link":"https:\/\/blogdofarnesio.com.br\/?p=27553","title":{"rendered":"DIRETO DE CURA\u00c7\u00c1"},"content":{"rendered":"<p style=\"text-align: justify\"><strong>CONSTRU\u00c7\u00c3O DA AGENCIA DO INSS NA CIDADE EST\u00c1 A TODO VAPOR\u00a0<\/strong><\/p>\n<figure id=\"attachment_27558\" aria-describedby=\"caption-attachment-27558\" style=\"width: 300px\" class=\"wp-caption alignleft\"><img loading=\"lazy\" decoding=\"async\" class=\"size-medium wp-image-27558\" alt=\"blogqsp.carlinhoscura\u00e7\u00e1\" src=\"http:\/\/www.quersaberpolitica.com.br\/2016\/wp-content\/uploads\/2013\/02\/blogqsp.carlinhoscura\u00e7\u00e1-300x168.jpg\" width=\"300\" height=\"168\" srcset=\"https:\/\/blogdofarnesio.com.br\/wp-content\/uploads\/2013\/02\/blogqsp.carlinhoscura\u00e7\u00e1-300x168.jpg 300w, https:\/\/blogdofarnesio.com.br\/wp-content\/uploads\/2013\/02\/blogqsp.carlinhoscura\u00e7\u00e1.jpg 448w\" sizes=\"auto, (max-width: 300px) 100vw, 300px\" \/><figcaption id=\"caption-attachment-27558\" class=\"wp-caption-text\">Prefeito Carlinhos Brand\u00e3o visita a obra<\/figcaption><\/figure>\n<p><span style=\"text-align: justify\">At\u00e9 o in\u00edcio do segundo semestre deste ano, o munic\u00edpio de Cura\u00e7\u00e1, no Norte do Estado, dever\u00e1 contar com uma unidade de atendimento do Instituto Nacional de Seguro Social (INSS).<\/span>&nbsp;<\/p>\n<p style=\"text-align: justify\">A previs\u00e3o \u00e9 do prefeito Carlinhos Brand\u00e3o (PPS), que logo nos primeiros dias da gest\u00e3o, determinou o in\u00edcio da obra. O local delimitado para a constru\u00e7\u00e3o estava apenas cercado por tapume, segundo o chefe do Executivo Municipal. \u201cTrata-se de uma obra importante porque vai trazer conforto e seguran\u00e7a ao nosso povo que n\u00e3o vai mais se deslocar at\u00e9 Juazeiro para receber os benef\u00edcios\u201d, declarou.<\/p>\n<p style=\"text-align: justify\">A unidade de Cura\u00e7\u00e1 representa um investimento de mais de R$ 1 milh\u00e3o do governo Federal em parceria com o<!--more--> governo do Estado e o munic\u00edpio. A obra integra o Plano de Expans\u00e3o (PEX) da rede de atendimento do INSS para a constru\u00e7\u00e3o de 720 unidades em todo o Brasil.<\/p>\n<p style=\"text-align: justify\">A ag\u00eancia est\u00e1 sendo constru\u00edda na Avenida Gilberto Bahia, no Centro, e vai beneficiar os mais de 30 mil habitantes do munic\u00edpio, mesmo local onde tamb\u00e9m est\u00e1 em constru\u00e7\u00e3o a creche municipal.<\/p>\n<p style=\"text-align: justify\">\n","protected":false},"excerpt":{"rendered":"<p>CONSTRU\u00c7\u00c3O DA AGENCIA DO INSS NA CIDADE EST\u00c1 A TODO VAPOR\u00a0 At\u00e9 o in\u00edcio do segundo semestre deste ano, o munic\u00edpio de Cura\u00e7\u00e1, no Norte do Estado, dever\u00e1 contar com uma unidade de atendimento do Instituto Nacional de Seguro Social (INSS).&nbsp; A previs\u00e3o \u00e9 do prefeito Carlinhos Brand\u00e3o (PPS), que logo nos primeiros dias da gest\u00e3o, determinou o in\u00edcio da obra. O local delimitado para a constru\u00e7\u00e3o estava apenas cercado por tapume, segundo o chefe do Executivo Municipal. \u201cTrata-se de uma obra importante porque vai trazer conforto e seguran\u00e7a ao nosso povo que n\u00e3o vai mais se deslocar at\u00e9 Juazeiro para receber os benef\u00edcios\u201d, declarou. A unidade de Cura\u00e7\u00e1 representa um investimento de mais de R$ 1 milh\u00e3o do governo&hellip; <\/p>\n","protected":false},"author":3,"featured_media":0,"comment_status":"open","ping_status":"open","sticky":false,"template":"","format":"standard","meta":{"_acf_changed":false,"footnotes":""},"categories":[27],"tags":[],"class_list":["post-27553","post","type-post","status-publish","format-standard","hentry","category-cidades"],"acf":[],"yoast_head":"<!-- This site is optimized with the Yoast SEO plugin v27.4 - https:\/\/yoast.com\/product\/yoast-seo-wordpress\/ -->\n<title>DIRETO DE CURA\u00c7\u00c1 - Blog do Farn\u00e9sio<\/title>\n<meta name=\"robots\" content=\"index, follow, max-snippet:-1, max-image-preview:large, max-video-preview:-1\" \/>\n<link rel=\"canonical\" href=\"https:\/\/blogdofarnesio.com.br\/?p=27553\" \/>\n<meta property=\"og:locale\" content=\"pt_BR\" \/>\n<meta property=\"og:type\" content=\"article\" \/>\n<meta property=\"og:title\" content=\"DIRETO DE CURA\u00c7\u00c1 - Blog do Farn\u00e9sio\" \/>\n<meta property=\"og:description\" content=\"CONSTRU\u00c7\u00c3O DA AGENCIA DO INSS NA CIDADE EST\u00c1 A TODO VAPOR\u00a0 At\u00e9 o in\u00edcio do segundo semestre deste ano, o munic\u00edpio de Cura\u00e7\u00e1, no Norte do Estado, dever\u00e1 contar com uma unidade de atendimento do Instituto Nacional de Seguro Social (INSS).&nbsp; A previs\u00e3o \u00e9 do prefeito Carlinhos Brand\u00e3o (PPS), que logo nos primeiros dias da gest\u00e3o, determinou o in\u00edcio da obra. O local delimitado para a constru\u00e7\u00e3o estava apenas cercado por tapume, segundo o chefe do Executivo Municipal. \u201cTrata-se de uma obra importante porque vai trazer conforto e seguran\u00e7a ao nosso povo que n\u00e3o vai mais se deslocar at\u00e9 Juazeiro para receber os benef\u00edcios\u201d, declarou. A unidade de Cura\u00e7\u00e1 representa um investimento de mais de R$ 1 milh\u00e3o do governo&hellip;\" \/>\n<meta property=\"og:url\" content=\"https:\/\/blogdofarnesio.com.br\/?p=27553\" \/>\n<meta property=\"og:site_name\" content=\"Blog do Farn\u00e9sio\" \/>\n<meta property=\"article:publisher\" content=\"https:\/\/www.facebook.com\/BlogQuerSaberPolitica\/\" \/>\n<meta property=\"article:published_time\" content=\"2013-02-13T18:00:30+00:00\" \/>\n<meta property=\"article:modified_time\" content=\"2013-02-13T19:11:02+00:00\" \/>\n<meta name=\"author\" content=\"teste\" \/>\n<meta name=\"twitter:card\" content=\"summary_large_image\" \/>\n<meta name=\"twitter:label1\" content=\"Escrito por\" \/>\n\t<meta name=\"twitter:data1\" content=\"teste\" \/>\n\t<meta name=\"twitter:label2\" content=\"Est. tempo de leitura\" \/>\n\t<meta name=\"twitter:data2\" content=\"1 minuto\" \/>\n<script type=\"application\/ld+json\" class=\"yoast-schema-graph\">{\"@context\":\"https:\\\/\\\/schema.org\",\"@graph\":[{\"@type\":\"Article\",\"@id\":\"https:\\\/\\\/blogdofarnesio.com.br\\\/?p=27553#article\",\"isPartOf\":{\"@id\":\"https:\\\/\\\/blogdofarnesio.com.br\\\/?p=27553\"},\"author\":{\"name\":\"teste\",\"@id\":\"https:\\\/\\\/blogdofarnesio.com.br\\\/#\\\/schema\\\/person\\\/dd1bf5eba40b687199ba45ca6b97dff9\"},\"headline\":\"DIRETO DE CURA\u00c7\u00c1\",\"datePublished\":\"2013-02-13T18:00:30+00:00\",\"dateModified\":\"2013-02-13T19:11:02+00:00\",\"mainEntityOfPage\":{\"@id\":\"https:\\\/\\\/blogdofarnesio.com.br\\\/?p=27553\"},\"wordCount\":221,\"commentCount\":1,\"publisher\":{\"@id\":\"https:\\\/\\\/blogdofarnesio.com.br\\\/#organization\"},\"articleSection\":[\"Cidades\"],\"inLanguage\":\"pt-BR\",\"potentialAction\":[{\"@type\":\"CommentAction\",\"name\":\"Comment\",\"target\":[\"https:\\\/\\\/blogdofarnesio.com.br\\\/?p=27553#respond\"]}]},{\"@type\":\"WebPage\",\"@id\":\"https:\\\/\\\/blogdofarnesio.com.br\\\/?p=27553\",\"url\":\"https:\\\/\\\/blogdofarnesio.com.br\\\/?p=27553\",\"name\":\"DIRETO DE CURA\u00c7\u00c1 - Blog do Farn\u00e9sio\",\"isPartOf\":{\"@id\":\"https:\\\/\\\/blogdofarnesio.com.br\\\/#website\"},\"datePublished\":\"2013-02-13T18:00:30+00:00\",\"dateModified\":\"2013-02-13T19:11:02+00:00\",\"breadcrumb\":{\"@id\":\"https:\\\/\\\/blogdofarnesio.com.br\\\/?p=27553#breadcrumb\"},\"inLanguage\":\"pt-BR\",\"potentialAction\":[{\"@type\":\"ReadAction\",\"target\":[\"https:\\\/\\\/blogdofarnesio.com.br\\\/?p=27553\"]}]},{\"@type\":\"BreadcrumbList\",\"@id\":\"https:\\\/\\\/blogdofarnesio.com.br\\\/?p=27553#breadcrumb\",\"itemListElement\":[{\"@type\":\"ListItem\",\"position\":1,\"name\":\"In\u00edcio\",\"item\":\"https:\\\/\\\/blogdofarnesio.com.br\\\/\"},{\"@type\":\"ListItem\",\"position\":2,\"name\":\"DIRETO DE CURA\u00c7\u00c1\"}]},{\"@type\":\"WebSite\",\"@id\":\"https:\\\/\\\/blogdofarnesio.com.br\\\/#website\",\"url\":\"https:\\\/\\\/blogdofarnesio.com.br\\\/\",\"name\":\"Blog do Farn\u00e9sio\",\"description\":\"Quer Saber Pol\u00edtica?\",\"publisher\":{\"@id\":\"https:\\\/\\\/blogdofarnesio.com.br\\\/#organization\"},\"potentialAction\":[{\"@type\":\"SearchAction\",\"target\":{\"@type\":\"EntryPoint\",\"urlTemplate\":\"https:\\\/\\\/blogdofarnesio.com.br\\\/?s={search_term_string}\"},\"query-input\":{\"@type\":\"PropertyValueSpecification\",\"valueRequired\":true,\"valueName\":\"search_term_string\"}}],\"inLanguage\":\"pt-BR\"},{\"@type\":\"Organization\",\"@id\":\"https:\\\/\\\/blogdofarnesio.com.br\\\/#organization\",\"name\":\"Blog do Farn\u00e9sio\",\"url\":\"https:\\\/\\\/blogdofarnesio.com.br\\\/\",\"logo\":{\"@type\":\"ImageObject\",\"inLanguage\":\"pt-BR\",\"@id\":\"https:\\\/\\\/blogdofarnesio.com.br\\\/#\\\/schema\\\/logo\\\/image\\\/\",\"url\":\"https:\\\/\\\/blogdofarnesio.com.br\\\/wp-content\\\/uploads\\\/2026\\\/03\\\/cropped-logo_new-1.png\",\"contentUrl\":\"https:\\\/\\\/blogdofarnesio.com.br\\\/wp-content\\\/uploads\\\/2026\\\/03\\\/cropped-logo_new-1.png\",\"width\":881,\"height\":685,\"caption\":\"Blog do Farn\u00e9sio\"},\"image\":{\"@id\":\"https:\\\/\\\/blogdofarnesio.com.br\\\/#\\\/schema\\\/logo\\\/image\\\/\"},\"sameAs\":[\"https:\\\/\\\/www.facebook.com\\\/BlogQuerSaberPolitica\\\/\"]},{\"@type\":\"Person\",\"@id\":\"https:\\\/\\\/blogdofarnesio.com.br\\\/#\\\/schema\\\/person\\\/dd1bf5eba40b687199ba45ca6b97dff9\",\"name\":\"teste\",\"image\":{\"@type\":\"ImageObject\",\"inLanguage\":\"pt-BR\",\"@id\":\"https:\\\/\\\/secure.gravatar.com\\\/avatar\\\/2172498d4914b51e1d89a0f97957b035ac4938723a5cac208135d389b6972a6d?s=96&d=mm&r=g\",\"url\":\"https:\\\/\\\/secure.gravatar.com\\\/avatar\\\/2172498d4914b51e1d89a0f97957b035ac4938723a5cac208135d389b6972a6d?s=96&d=mm&r=g\",\"contentUrl\":\"https:\\\/\\\/secure.gravatar.com\\\/avatar\\\/2172498d4914b51e1d89a0f97957b035ac4938723a5cac208135d389b6972a6d?s=96&d=mm&r=g\",\"caption\":\"teste\"},\"url\":\"https:\\\/\\\/blogdofarnesio.com.br\\\/?author=3\"}]}<\/script>\n<!-- \/ Yoast SEO plugin. -->","yoast_head_json":{"title":"DIRETO DE CURA\u00c7\u00c1 - Blog do Farn\u00e9sio","robots":{"index":"index","follow":"follow","max-snippet":"max-snippet:-1","max-image-preview":"max-image-preview:large","max-video-preview":"max-video-preview:-1"},"canonical":"https:\/\/blogdofarnesio.com.br\/?p=27553","og_locale":"pt_BR","og_type":"article","og_title":"DIRETO DE CURA\u00c7\u00c1 - Blog do Farn\u00e9sio","og_description":"CONSTRU\u00c7\u00c3O DA AGENCIA DO INSS NA CIDADE EST\u00c1 A TODO VAPOR\u00a0 At\u00e9 o in\u00edcio do segundo semestre deste ano, o munic\u00edpio de Cura\u00e7\u00e1, no Norte do Estado, dever\u00e1 contar com uma unidade de atendimento do Instituto Nacional de Seguro Social (INSS).&nbsp; A previs\u00e3o \u00e9 do prefeito Carlinhos Brand\u00e3o (PPS), que logo nos primeiros dias da gest\u00e3o, determinou o in\u00edcio da obra. O local delimitado para a constru\u00e7\u00e3o estava apenas cercado por tapume, segundo o chefe do Executivo Municipal. \u201cTrata-se de uma obra importante porque vai trazer conforto e seguran\u00e7a ao nosso povo que n\u00e3o vai mais se deslocar at\u00e9 Juazeiro para receber os benef\u00edcios\u201d, declarou. A unidade de Cura\u00e7\u00e1 representa um investimento de mais de R$ 1 milh\u00e3o do governo&hellip;","og_url":"https:\/\/blogdofarnesio.com.br\/?p=27553","og_site_name":"Blog do Farn\u00e9sio","article_publisher":"https:\/\/www.facebook.com\/BlogQuerSaberPolitica\/","article_published_time":"2013-02-13T18:00:30+00:00","article_modified_time":"2013-02-13T19:11:02+00:00","author":"teste","twitter_card":"summary_large_image","twitter_misc":{"Escrito por":"teste","Est. tempo de leitura":"1 minuto"},"schema":{"@context":"https:\/\/schema.org","@graph":[{"@type":"Article","@id":"https:\/\/blogdofarnesio.com.br\/?p=27553#article","isPartOf":{"@id":"https:\/\/blogdofarnesio.com.br\/?p=27553"},"author":{"name":"teste","@id":"https:\/\/blogdofarnesio.com.br\/#\/schema\/person\/dd1bf5eba40b687199ba45ca6b97dff9"},"headline":"DIRETO DE CURA\u00c7\u00c1","datePublished":"2013-02-13T18:00:30+00:00","dateModified":"2013-02-13T19:11:02+00:00","mainEntityOfPage":{"@id":"https:\/\/blogdofarnesio.com.br\/?p=27553"},"wordCount":221,"commentCount":1,"publisher":{"@id":"https:\/\/blogdofarnesio.com.br\/#organization"},"articleSection":["Cidades"],"inLanguage":"pt-BR","potentialAction":[{"@type":"CommentAction","name":"Comment","target":["https:\/\/blogdofarnesio.com.br\/?p=27553#respond"]}]},{"@type":"WebPage","@id":"https:\/\/blogdofarnesio.com.br\/?p=27553","url":"https:\/\/blogdofarnesio.com.br\/?p=27553","name":"DIRETO DE CURA\u00c7\u00c1 - Blog do Farn\u00e9sio","isPartOf":{"@id":"https:\/\/blogdofarnesio.com.br\/#website"},"datePublished":"2013-02-13T18:00:30+00:00","dateModified":"2013-02-13T19:11:02+00:00","breadcrumb":{"@id":"https:\/\/blogdofarnesio.com.br\/?p=27553#breadcrumb"},"inLanguage":"pt-BR","potentialAction":[{"@type":"ReadAction","target":["https:\/\/blogdofarnesio.com.br\/?p=27553"]}]},{"@type":"BreadcrumbList","@id":"https:\/\/blogdofarnesio.com.br\/?p=27553#breadcrumb","itemListElement":[{"@type":"ListItem","position":1,"name":"In\u00edcio","item":"https:\/\/blogdofarnesio.com.br\/"},{"@type":"ListItem","position":2,"name":"DIRETO DE CURA\u00c7\u00c1"}]},{"@type":"WebSite","@id":"https:\/\/blogdofarnesio.com.br\/#website","url":"https:\/\/blogdofarnesio.com.br\/","name":"Blog do Farn\u00e9sio","description":"Quer Saber Pol\u00edtica?","publisher":{"@id":"https:\/\/blogdofarnesio.com.br\/#organization"},"potentialAction":[{"@type":"SearchAction","target":{"@type":"EntryPoint","urlTemplate":"https:\/\/blogdofarnesio.com.br\/?s={search_term_string}"},"query-input":{"@type":"PropertyValueSpecification","valueRequired":true,"valueName":"search_term_string"}}],"inLanguage":"pt-BR"},{"@type":"Organization","@id":"https:\/\/blogdofarnesio.com.br\/#organization","name":"Blog do Farn\u00e9sio","url":"https:\/\/blogdofarnesio.com.br\/","logo":{"@type":"ImageObject","inLanguage":"pt-BR","@id":"https:\/\/blogdofarnesio.com.br\/#\/schema\/logo\/image\/","url":"https:\/\/blogdofarnesio.com.br\/wp-content\/uploads\/2026\/03\/cropped-logo_new-1.png","contentUrl":"https:\/\/blogdofarnesio.com.br\/wp-content\/uploads\/2026\/03\/cropped-logo_new-1.png","width":881,"height":685,"caption":"Blog do Farn\u00e9sio"},"image":{"@id":"https:\/\/blogdofarnesio.com.br\/#\/schema\/logo\/image\/"},"sameAs":["https:\/\/www.facebook.com\/BlogQuerSaberPolitica\/"]},{"@type":"Person","@id":"https:\/\/blogdofarnesio.com.br\/#\/schema\/person\/dd1bf5eba40b687199ba45ca6b97dff9","name":"teste","image":{"@type":"ImageObject","inLanguage":"pt-BR","@id":"https:\/\/secure.gravatar.com\/avatar\/2172498d4914b51e1d89a0f97957b035ac4938723a5cac208135d389b6972a6d?s=96&d=mm&r=g","url":"https:\/\/secure.gravatar.com\/avatar\/2172498d4914b51e1d89a0f97957b035ac4938723a5cac208135d389b6972a6d?s=96&d=mm&r=g","contentUrl":"https:\/\/secure.gravatar.com\/avatar\/2172498d4914b51e1d89a0f97957b035ac4938723a5cac208135d389b6972a6d?s=96&d=mm&r=g","caption":"teste"},"url":"https:\/\/blogdofarnesio.com.br\/?author=3"}]}},"_links":{"self":[{"href":"https:\/\/blogdofarnesio.com.br\/index.php?rest_route=\/wp\/v2\/posts\/27553","targetHints":{"allow":["GET"]}}],"collection":[{"href":"https:\/\/blogdofarnesio.com.br\/index.php?rest_route=\/wp\/v2\/posts"}],"about":[{"href":"https:\/\/blogdofarnesio.com.br\/index.php?rest_route=\/wp\/v2\/types\/post"}],"author":[{"embeddable":true,"href":"https:\/\/blogdofarnesio.com.br\/index.php?rest_route=\/wp\/v2\/users\/3"}],"replies":[{"embeddable":true,"href":"https:\/\/blogdofarnesio.com.br\/index.php?rest_route=%2Fwp%2Fv2%2Fcomments&post=27553"}],"version-history":[{"count":0,"href":"https:\/\/blogdofarnesio.com.br\/index.php?rest_route=\/wp\/v2\/posts\/27553\/revisions"}],"wp:attachment":[{"href":"https:\/\/blogdofarnesio.com.br\/index.php?rest_route=%2Fwp%2Fv2%2Fmedia&parent=27553"}],"wp:term":[{"taxonomy":"category","embeddable":true,"href":"https:\/\/blogdofarnesio.com.br\/index.php?rest_route=%2Fwp%2Fv2%2Fcategories&post=27553"},{"taxonomy":"post_tag","embeddable":true,"href":"https:\/\/blogdofarnesio.com.br\/index.php?rest_route=%2Fwp%2Fv2%2Ftags&post=27553"}],"curies":[{"name":"wp","href":"https:\/\/api.w.org\/{rel}","templated":true}]}}