{"id":27549,"date":"2013-02-13T14:30:06","date_gmt":"2013-02-13T17:30:06","guid":{"rendered":"http:\/\/www.quersaberpolitica.com.br\/?p=27549"},"modified":"2013-02-13T10:54:21","modified_gmt":"2013-02-13T13:54:21","slug":"tema-de-mal-gosto-foi-campeao-na-avenida-em-sao-paulo","status":"publish","type":"post","link":"https:\/\/blogdofarnesio.com.br\/?p=27549","title":{"rendered":"TEMA DE MAL GOSTO FOI CAMPE\u00c3O NA AVENIDA, EM S\u00c3O PAULO"},"content":{"rendered":"<p style=\"text-align: justify\"><a href=\"http:\/\/www.quersaberpolitica.com.br\/2016\/wp-content\/uploads\/2013\/02\/blogqsp.mal_.jpg\"><img loading=\"lazy\" decoding=\"async\" class=\"alignleft size-medium wp-image-27550\" alt=\"blogqsp.mal\" src=\"http:\/\/www.quersaberpolitica.com.br\/2016\/wp-content\/uploads\/2013\/02\/blogqsp.mal_-300x125.jpg\" width=\"300\" height=\"125\" srcset=\"https:\/\/blogdofarnesio.com.br\/wp-content\/uploads\/2013\/02\/blogqsp.mal_-300x125.jpg 300w, https:\/\/blogdofarnesio.com.br\/wp-content\/uploads\/2013\/02\/blogqsp.mal_.jpg 448w\" sizes=\"auto, (max-width: 300px) 100vw, 300px\" \/><\/a>No mundo real ou no imagin\u00e1rio existem uma infinidade de temas que podem ser usados pelos carnavalescos nos desfiles das escolas de samba. Podem ser extra\u00eddos temas da pol\u00edtica, hist\u00f3ria mundial ou do Brasil, datas comemorativas, grandes personalidades, etc.<\/p>\n<p style=\"text-align: justify\">Mas, achando pouco a exposi\u00e7\u00e3o das crian\u00e7as e adolescentes diante da Tv, internet, etc, ainda pegam os personagens do imagin\u00e1rio infantil e os recriam em vers\u00f5es que chamam a aten\u00e7\u00e3o \u00e0 sedu\u00e7\u00e3o e \u00e0 tenta\u00e7\u00e3o; e com certeza, al\u00e9m das crian\u00e7as que t\u00eam a autoriza\u00e7\u00e3o dos pais pra assistirem o desfile das escolas de samba, chama a aten\u00e7\u00e3o para outras se apegarem \u00e0 \u201ctelinha\u201d no momento de desfile das escolas.<!--more--><\/p>\n<p style=\"text-align: justify\">Pode at\u00e9 parecer exagero, mas quanto mais pudermos proteger nossas crian\u00e7as de temas que levem \u00e0 sensualidade com precocidade, melhor ser\u00e1, pois o perigo ronda nossos lares e a facilidade com que nossas crian\u00e7as t\u00eam acesso \u00e0s informa\u00e7\u00f5es \u00e9 assustador.<\/p>\n<p style=\"text-align: justify\">Pra que tirar a pureza dos contos infantis? Pra que mostrar uma Chapeuzinho Vermelho piriguete? E uma Branca de Neve bruxa?<\/p>\n<p style=\"text-align: justify\">O carro abre alas ostentava a tenta\u00e7\u00e3o. Nosso pa\u00eds tem uma rica cultura, que al\u00e9m de n\u00e3o ser fomentada, ainda \u00e9 subutilizada, e somo usados como espectadores de uma festa de mau gosto.<\/p>\n<p style=\"text-align: justify\">*Jucinei Martins \u2013 Juazeiro\/BA.<\/p>\n<p style=\"text-align: justify\">\n","protected":false},"excerpt":{"rendered":"<p>No mundo real ou no imagin\u00e1rio existem uma infinidade de temas que podem ser usados pelos carnavalescos nos desfiles das escolas de samba. Podem ser extra\u00eddos temas da pol\u00edtica, hist\u00f3ria mundial ou do Brasil, datas comemorativas, grandes personalidades, etc. Mas, achando pouco a exposi\u00e7\u00e3o das crian\u00e7as e adolescentes diante da Tv, internet, etc, ainda pegam os personagens do imagin\u00e1rio infantil e os recriam em vers\u00f5es que chamam a aten\u00e7\u00e3o \u00e0 sedu\u00e7\u00e3o e \u00e0 tenta\u00e7\u00e3o; e com certeza, al\u00e9m das crian\u00e7as que t\u00eam a autoriza\u00e7\u00e3o dos pais pra assistirem o desfile das escolas de samba, chama a aten\u00e7\u00e3o para outras se apegarem \u00e0 \u201ctelinha\u201d no momento de desfile das escolas.<\/p>\n","protected":false},"author":3,"featured_media":0,"comment_status":"open","ping_status":"open","sticky":false,"template":"","format":"standard","meta":{"_acf_changed":false,"footnotes":""},"categories":[30],"tags":[],"class_list":["post-27549","post","type-post","status-publish","format-standard","hentry","category-artigo"],"acf":[],"yoast_head":"<!-- This site is optimized with the Yoast SEO plugin v27.4 - https:\/\/yoast.com\/product\/yoast-seo-wordpress\/ -->\n<title>TEMA DE MAL GOSTO FOI CAMPE\u00c3O NA AVENIDA, EM S\u00c3O PAULO - Blog do Farn\u00e9sio<\/title>\n<meta name=\"robots\" content=\"index, follow, max-snippet:-1, max-image-preview:large, max-video-preview:-1\" \/>\n<link rel=\"canonical\" href=\"https:\/\/blogdofarnesio.com.br\/?p=27549\" \/>\n<meta property=\"og:locale\" content=\"pt_BR\" \/>\n<meta property=\"og:type\" content=\"article\" \/>\n<meta property=\"og:title\" content=\"TEMA DE MAL GOSTO FOI CAMPE\u00c3O NA AVENIDA, EM S\u00c3O PAULO - Blog do Farn\u00e9sio\" \/>\n<meta property=\"og:description\" content=\"No mundo real ou no imagin\u00e1rio existem uma infinidade de temas que podem ser usados pelos carnavalescos nos desfiles das escolas de samba. Podem ser extra\u00eddos temas da pol\u00edtica, hist\u00f3ria mundial ou do Brasil, datas comemorativas, grandes personalidades, etc. Mas, achando pouco a exposi\u00e7\u00e3o das crian\u00e7as e adolescentes diante da Tv, internet, etc, ainda pegam os personagens do imagin\u00e1rio infantil e os recriam em vers\u00f5es que chamam a aten\u00e7\u00e3o \u00e0 sedu\u00e7\u00e3o e \u00e0 tenta\u00e7\u00e3o; e com certeza, al\u00e9m das crian\u00e7as que t\u00eam a autoriza\u00e7\u00e3o dos pais pra assistirem o desfile das escolas de samba, chama a aten\u00e7\u00e3o para outras se apegarem \u00e0 \u201ctelinha\u201d no momento de desfile das escolas.\" \/>\n<meta property=\"og:url\" content=\"https:\/\/blogdofarnesio.com.br\/?p=27549\" \/>\n<meta property=\"og:site_name\" content=\"Blog do Farn\u00e9sio\" \/>\n<meta property=\"article:publisher\" content=\"https:\/\/www.facebook.com\/BlogQuerSaberPolitica\/\" \/>\n<meta property=\"article:published_time\" content=\"2013-02-13T17:30:06+00:00\" \/>\n<meta property=\"og:image\" content=\"http:\/\/www.quersaberpolitica.com.br\/2016\/wp-content\/uploads\/2013\/02\/blogqsp.mal_-300x125.jpg\" \/>\n<meta name=\"author\" content=\"teste\" \/>\n<meta name=\"twitter:card\" content=\"summary_large_image\" \/>\n<meta name=\"twitter:label1\" content=\"Escrito por\" \/>\n\t<meta name=\"twitter:data1\" content=\"teste\" \/>\n\t<meta name=\"twitter:label2\" content=\"Est. tempo de leitura\" \/>\n\t<meta name=\"twitter:data2\" content=\"1 minuto\" \/>\n<script type=\"application\/ld+json\" class=\"yoast-schema-graph\">{\"@context\":\"https:\\\/\\\/schema.org\",\"@graph\":[{\"@type\":\"Article\",\"@id\":\"https:\\\/\\\/blogdofarnesio.com.br\\\/?p=27549#article\",\"isPartOf\":{\"@id\":\"https:\\\/\\\/blogdofarnesio.com.br\\\/?p=27549\"},\"author\":{\"name\":\"teste\",\"@id\":\"https:\\\/\\\/blogdofarnesio.com.br\\\/#\\\/schema\\\/person\\\/dd1bf5eba40b687199ba45ca6b97dff9\"},\"headline\":\"TEMA DE MAL GOSTO FOI CAMPE\u00c3O NA AVENIDA, EM S\u00c3O PAULO\",\"datePublished\":\"2013-02-13T17:30:06+00:00\",\"mainEntityOfPage\":{\"@id\":\"https:\\\/\\\/blogdofarnesio.com.br\\\/?p=27549\"},\"wordCount\":238,\"commentCount\":0,\"publisher\":{\"@id\":\"https:\\\/\\\/blogdofarnesio.com.br\\\/#organization\"},\"image\":{\"@id\":\"https:\\\/\\\/blogdofarnesio.com.br\\\/?p=27549#primaryimage\"},\"thumbnailUrl\":\"http:\\\/\\\/www.quersaberpolitica.com.br\\\/2016\\\/wp-content\\\/uploads\\\/2013\\\/02\\\/blogqsp.mal_-300x125.jpg\",\"articleSection\":[\"Artigo\"],\"inLanguage\":\"pt-BR\",\"potentialAction\":[{\"@type\":\"CommentAction\",\"name\":\"Comment\",\"target\":[\"https:\\\/\\\/blogdofarnesio.com.br\\\/?p=27549#respond\"]}]},{\"@type\":\"WebPage\",\"@id\":\"https:\\\/\\\/blogdofarnesio.com.br\\\/?p=27549\",\"url\":\"https:\\\/\\\/blogdofarnesio.com.br\\\/?p=27549\",\"name\":\"TEMA DE MAL GOSTO FOI CAMPE\u00c3O NA AVENIDA, EM S\u00c3O PAULO - Blog do Farn\u00e9sio\",\"isPartOf\":{\"@id\":\"https:\\\/\\\/blogdofarnesio.com.br\\\/#website\"},\"primaryImageOfPage\":{\"@id\":\"https:\\\/\\\/blogdofarnesio.com.br\\\/?p=27549#primaryimage\"},\"image\":{\"@id\":\"https:\\\/\\\/blogdofarnesio.com.br\\\/?p=27549#primaryimage\"},\"thumbnailUrl\":\"http:\\\/\\\/www.quersaberpolitica.com.br\\\/2016\\\/wp-content\\\/uploads\\\/2013\\\/02\\\/blogqsp.mal_-300x125.jpg\",\"datePublished\":\"2013-02-13T17:30:06+00:00\",\"breadcrumb\":{\"@id\":\"https:\\\/\\\/blogdofarnesio.com.br\\\/?p=27549#breadcrumb\"},\"inLanguage\":\"pt-BR\",\"potentialAction\":[{\"@type\":\"ReadAction\",\"target\":[\"https:\\\/\\\/blogdofarnesio.com.br\\\/?p=27549\"]}]},{\"@type\":\"ImageObject\",\"inLanguage\":\"pt-BR\",\"@id\":\"https:\\\/\\\/blogdofarnesio.com.br\\\/?p=27549#primaryimage\",\"url\":\"http:\\\/\\\/www.quersaberpolitica.com.br\\\/2016\\\/wp-content\\\/uploads\\\/2013\\\/02\\\/blogqsp.mal_-300x125.jpg\",\"contentUrl\":\"http:\\\/\\\/www.quersaberpolitica.com.br\\\/2016\\\/wp-content\\\/uploads\\\/2013\\\/02\\\/blogqsp.mal_-300x125.jpg\"},{\"@type\":\"BreadcrumbList\",\"@id\":\"https:\\\/\\\/blogdofarnesio.com.br\\\/?p=27549#breadcrumb\",\"itemListElement\":[{\"@type\":\"ListItem\",\"position\":1,\"name\":\"In\u00edcio\",\"item\":\"https:\\\/\\\/blogdofarnesio.com.br\\\/\"},{\"@type\":\"ListItem\",\"position\":2,\"name\":\"TEMA DE MAL GOSTO FOI CAMPE\u00c3O NA AVENIDA, EM S\u00c3O PAULO\"}]},{\"@type\":\"WebSite\",\"@id\":\"https:\\\/\\\/blogdofarnesio.com.br\\\/#website\",\"url\":\"https:\\\/\\\/blogdofarnesio.com.br\\\/\",\"name\":\"Blog do Farn\u00e9sio\",\"description\":\"Quer Saber Pol\u00edtica?\",\"publisher\":{\"@id\":\"https:\\\/\\\/blogdofarnesio.com.br\\\/#organization\"},\"potentialAction\":[{\"@type\":\"SearchAction\",\"target\":{\"@type\":\"EntryPoint\",\"urlTemplate\":\"https:\\\/\\\/blogdofarnesio.com.br\\\/?s={search_term_string}\"},\"query-input\":{\"@type\":\"PropertyValueSpecification\",\"valueRequired\":true,\"valueName\":\"search_term_string\"}}],\"inLanguage\":\"pt-BR\"},{\"@type\":\"Organization\",\"@id\":\"https:\\\/\\\/blogdofarnesio.com.br\\\/#organization\",\"name\":\"Blog do Farn\u00e9sio\",\"url\":\"https:\\\/\\\/blogdofarnesio.com.br\\\/\",\"logo\":{\"@type\":\"ImageObject\",\"inLanguage\":\"pt-BR\",\"@id\":\"https:\\\/\\\/blogdofarnesio.com.br\\\/#\\\/schema\\\/logo\\\/image\\\/\",\"url\":\"https:\\\/\\\/blogdofarnesio.com.br\\\/wp-content\\\/uploads\\\/2026\\\/03\\\/cropped-logo_new-1.png\",\"contentUrl\":\"https:\\\/\\\/blogdofarnesio.com.br\\\/wp-content\\\/uploads\\\/2026\\\/03\\\/cropped-logo_new-1.png\",\"width\":881,\"height\":685,\"caption\":\"Blog do Farn\u00e9sio\"},\"image\":{\"@id\":\"https:\\\/\\\/blogdofarnesio.com.br\\\/#\\\/schema\\\/logo\\\/image\\\/\"},\"sameAs\":[\"https:\\\/\\\/www.facebook.com\\\/BlogQuerSaberPolitica\\\/\"]},{\"@type\":\"Person\",\"@id\":\"https:\\\/\\\/blogdofarnesio.com.br\\\/#\\\/schema\\\/person\\\/dd1bf5eba40b687199ba45ca6b97dff9\",\"name\":\"teste\",\"image\":{\"@type\":\"ImageObject\",\"inLanguage\":\"pt-BR\",\"@id\":\"https:\\\/\\\/secure.gravatar.com\\\/avatar\\\/2172498d4914b51e1d89a0f97957b035ac4938723a5cac208135d389b6972a6d?s=96&d=mm&r=g\",\"url\":\"https:\\\/\\\/secure.gravatar.com\\\/avatar\\\/2172498d4914b51e1d89a0f97957b035ac4938723a5cac208135d389b6972a6d?s=96&d=mm&r=g\",\"contentUrl\":\"https:\\\/\\\/secure.gravatar.com\\\/avatar\\\/2172498d4914b51e1d89a0f97957b035ac4938723a5cac208135d389b6972a6d?s=96&d=mm&r=g\",\"caption\":\"teste\"},\"url\":\"https:\\\/\\\/blogdofarnesio.com.br\\\/?author=3\"}]}<\/script>\n<!-- \/ Yoast SEO plugin. -->","yoast_head_json":{"title":"TEMA DE MAL GOSTO FOI CAMPE\u00c3O NA AVENIDA, EM S\u00c3O PAULO - Blog do Farn\u00e9sio","robots":{"index":"index","follow":"follow","max-snippet":"max-snippet:-1","max-image-preview":"max-image-preview:large","max-video-preview":"max-video-preview:-1"},"canonical":"https:\/\/blogdofarnesio.com.br\/?p=27549","og_locale":"pt_BR","og_type":"article","og_title":"TEMA DE MAL GOSTO FOI CAMPE\u00c3O NA AVENIDA, EM S\u00c3O PAULO - Blog do Farn\u00e9sio","og_description":"No mundo real ou no imagin\u00e1rio existem uma infinidade de temas que podem ser usados pelos carnavalescos nos desfiles das escolas de samba. Podem ser extra\u00eddos temas da pol\u00edtica, hist\u00f3ria mundial ou do Brasil, datas comemorativas, grandes personalidades, etc. Mas, achando pouco a exposi\u00e7\u00e3o das crian\u00e7as e adolescentes diante da Tv, internet, etc, ainda pegam os personagens do imagin\u00e1rio infantil e os recriam em vers\u00f5es que chamam a aten\u00e7\u00e3o \u00e0 sedu\u00e7\u00e3o e \u00e0 tenta\u00e7\u00e3o; e com certeza, al\u00e9m das crian\u00e7as que t\u00eam a autoriza\u00e7\u00e3o dos pais pra assistirem o desfile das escolas de samba, chama a aten\u00e7\u00e3o para outras se apegarem \u00e0 \u201ctelinha\u201d no momento de desfile das escolas.","og_url":"https:\/\/blogdofarnesio.com.br\/?p=27549","og_site_name":"Blog do Farn\u00e9sio","article_publisher":"https:\/\/www.facebook.com\/BlogQuerSaberPolitica\/","article_published_time":"2013-02-13T17:30:06+00:00","og_image":[{"url":"http:\/\/www.quersaberpolitica.com.br\/2016\/wp-content\/uploads\/2013\/02\/blogqsp.mal_-300x125.jpg","type":"","width":"","height":""}],"author":"teste","twitter_card":"summary_large_image","twitter_misc":{"Escrito por":"teste","Est. tempo de leitura":"1 minuto"},"schema":{"@context":"https:\/\/schema.org","@graph":[{"@type":"Article","@id":"https:\/\/blogdofarnesio.com.br\/?p=27549#article","isPartOf":{"@id":"https:\/\/blogdofarnesio.com.br\/?p=27549"},"author":{"name":"teste","@id":"https:\/\/blogdofarnesio.com.br\/#\/schema\/person\/dd1bf5eba40b687199ba45ca6b97dff9"},"headline":"TEMA DE MAL GOSTO FOI CAMPE\u00c3O NA AVENIDA, EM S\u00c3O PAULO","datePublished":"2013-02-13T17:30:06+00:00","mainEntityOfPage":{"@id":"https:\/\/blogdofarnesio.com.br\/?p=27549"},"wordCount":238,"commentCount":0,"publisher":{"@id":"https:\/\/blogdofarnesio.com.br\/#organization"},"image":{"@id":"https:\/\/blogdofarnesio.com.br\/?p=27549#primaryimage"},"thumbnailUrl":"http:\/\/www.quersaberpolitica.com.br\/2016\/wp-content\/uploads\/2013\/02\/blogqsp.mal_-300x125.jpg","articleSection":["Artigo"],"inLanguage":"pt-BR","potentialAction":[{"@type":"CommentAction","name":"Comment","target":["https:\/\/blogdofarnesio.com.br\/?p=27549#respond"]}]},{"@type":"WebPage","@id":"https:\/\/blogdofarnesio.com.br\/?p=27549","url":"https:\/\/blogdofarnesio.com.br\/?p=27549","name":"TEMA DE MAL GOSTO FOI CAMPE\u00c3O NA AVENIDA, EM S\u00c3O PAULO - Blog do Farn\u00e9sio","isPartOf":{"@id":"https:\/\/blogdofarnesio.com.br\/#website"},"primaryImageOfPage":{"@id":"https:\/\/blogdofarnesio.com.br\/?p=27549#primaryimage"},"image":{"@id":"https:\/\/blogdofarnesio.com.br\/?p=27549#primaryimage"},"thumbnailUrl":"http:\/\/www.quersaberpolitica.com.br\/2016\/wp-content\/uploads\/2013\/02\/blogqsp.mal_-300x125.jpg","datePublished":"2013-02-13T17:30:06+00:00","breadcrumb":{"@id":"https:\/\/blogdofarnesio.com.br\/?p=27549#breadcrumb"},"inLanguage":"pt-BR","potentialAction":[{"@type":"ReadAction","target":["https:\/\/blogdofarnesio.com.br\/?p=27549"]}]},{"@type":"ImageObject","inLanguage":"pt-BR","@id":"https:\/\/blogdofarnesio.com.br\/?p=27549#primaryimage","url":"http:\/\/www.quersaberpolitica.com.br\/2016\/wp-content\/uploads\/2013\/02\/blogqsp.mal_-300x125.jpg","contentUrl":"http:\/\/www.quersaberpolitica.com.br\/2016\/wp-content\/uploads\/2013\/02\/blogqsp.mal_-300x125.jpg"},{"@type":"BreadcrumbList","@id":"https:\/\/blogdofarnesio.com.br\/?p=27549#breadcrumb","itemListElement":[{"@type":"ListItem","position":1,"name":"In\u00edcio","item":"https:\/\/blogdofarnesio.com.br\/"},{"@type":"ListItem","position":2,"name":"TEMA DE MAL GOSTO FOI CAMPE\u00c3O NA AVENIDA, EM S\u00c3O PAULO"}]},{"@type":"WebSite","@id":"https:\/\/blogdofarnesio.com.br\/#website","url":"https:\/\/blogdofarnesio.com.br\/","name":"Blog do Farn\u00e9sio","description":"Quer Saber Pol\u00edtica?","publisher":{"@id":"https:\/\/blogdofarnesio.com.br\/#organization"},"potentialAction":[{"@type":"SearchAction","target":{"@type":"EntryPoint","urlTemplate":"https:\/\/blogdofarnesio.com.br\/?s={search_term_string}"},"query-input":{"@type":"PropertyValueSpecification","valueRequired":true,"valueName":"search_term_string"}}],"inLanguage":"pt-BR"},{"@type":"Organization","@id":"https:\/\/blogdofarnesio.com.br\/#organization","name":"Blog do Farn\u00e9sio","url":"https:\/\/blogdofarnesio.com.br\/","logo":{"@type":"ImageObject","inLanguage":"pt-BR","@id":"https:\/\/blogdofarnesio.com.br\/#\/schema\/logo\/image\/","url":"https:\/\/blogdofarnesio.com.br\/wp-content\/uploads\/2026\/03\/cropped-logo_new-1.png","contentUrl":"https:\/\/blogdofarnesio.com.br\/wp-content\/uploads\/2026\/03\/cropped-logo_new-1.png","width":881,"height":685,"caption":"Blog do Farn\u00e9sio"},"image":{"@id":"https:\/\/blogdofarnesio.com.br\/#\/schema\/logo\/image\/"},"sameAs":["https:\/\/www.facebook.com\/BlogQuerSaberPolitica\/"]},{"@type":"Person","@id":"https:\/\/blogdofarnesio.com.br\/#\/schema\/person\/dd1bf5eba40b687199ba45ca6b97dff9","name":"teste","image":{"@type":"ImageObject","inLanguage":"pt-BR","@id":"https:\/\/secure.gravatar.com\/avatar\/2172498d4914b51e1d89a0f97957b035ac4938723a5cac208135d389b6972a6d?s=96&d=mm&r=g","url":"https:\/\/secure.gravatar.com\/avatar\/2172498d4914b51e1d89a0f97957b035ac4938723a5cac208135d389b6972a6d?s=96&d=mm&r=g","contentUrl":"https:\/\/secure.gravatar.com\/avatar\/2172498d4914b51e1d89a0f97957b035ac4938723a5cac208135d389b6972a6d?s=96&d=mm&r=g","caption":"teste"},"url":"https:\/\/blogdofarnesio.com.br\/?author=3"}]}},"_links":{"self":[{"href":"https:\/\/blogdofarnesio.com.br\/index.php?rest_route=\/wp\/v2\/posts\/27549","targetHints":{"allow":["GET"]}}],"collection":[{"href":"https:\/\/blogdofarnesio.com.br\/index.php?rest_route=\/wp\/v2\/posts"}],"about":[{"href":"https:\/\/blogdofarnesio.com.br\/index.php?rest_route=\/wp\/v2\/types\/post"}],"author":[{"embeddable":true,"href":"https:\/\/blogdofarnesio.com.br\/index.php?rest_route=\/wp\/v2\/users\/3"}],"replies":[{"embeddable":true,"href":"https:\/\/blogdofarnesio.com.br\/index.php?rest_route=%2Fwp%2Fv2%2Fcomments&post=27549"}],"version-history":[{"count":0,"href":"https:\/\/blogdofarnesio.com.br\/index.php?rest_route=\/wp\/v2\/posts\/27549\/revisions"}],"wp:attachment":[{"href":"https:\/\/blogdofarnesio.com.br\/index.php?rest_route=%2Fwp%2Fv2%2Fmedia&parent=27549"}],"wp:term":[{"taxonomy":"category","embeddable":true,"href":"https:\/\/blogdofarnesio.com.br\/index.php?rest_route=%2Fwp%2Fv2%2Fcategories&post=27549"},{"taxonomy":"post_tag","embeddable":true,"href":"https:\/\/blogdofarnesio.com.br\/index.php?rest_route=%2Fwp%2Fv2%2Ftags&post=27549"}],"curies":[{"name":"wp","href":"https:\/\/api.w.org\/{rel}","templated":true}]}}