{"id":275487,"date":"2021-01-04T15:00:35","date_gmt":"2021-01-04T18:00:35","guid":{"rendered":"http:\/\/quersaberpolitica.com.br\/2016\/?p=275487"},"modified":"2021-01-04T11:00:38","modified_gmt":"2021-01-04T14:00:38","slug":"275487-2","status":"publish","type":"post","link":"https:\/\/blogdofarnesio.com.br\/?p=275487","title":{"rendered":"Cantoria: 37 anos influenciando a m\u00fasica popular brasileira"},"content":{"rendered":"<p class=\"x_MsoNormal\"><em>*<strong>Por<\/strong>\u00a0<b>Carlos Laerte &#8211;\u00a0<\/b><\/em><\/p>\n<p class=\"x_MsoNormal\">Quatro grandes cantadores e violeiros, tr\u00eas noites memor\u00e1veis e um concerto que marcou a hist\u00f3ria da m\u00fasica brasileira. Nos pr\u00f3ximos dias 13, 14 e 15, comemoraremos 37 anos do show \u2018Cantoria\u2019, gravado ao vivo em janeiro de 1984 no Teatro Castro Alves, em Salvador \u2013 BA, pelo pernambucano Geraldo Azevedo, o paraibano Vital Farias e os baianos Elomar e Xangai (Eug\u00eanio Avelino).<\/p>\n<p class=\"x_MsoNormal\">O concerto que deu origem aos c\u00e9lebres \u00e1lbuns Cantoria 1 e Cantoria 2 lan\u00e7ados respectivamente em 1984 e 1988, levou a assinatura do produtor musical M\u00e1rio de Aratanha, da lend\u00e1ria gravadora Kuarup Discos e \u00e9 considerado o primeiro registro ao vivo gravado em sistema digital no Brasil.<\/p>\n<p class=\"x_MsoNormal\">O LP Cantoria 1 com 13 faixas, disco obrigat\u00f3rio nas rodas de amigos da gera\u00e7\u00e3o 1980 at\u00e9 os encontros po\u00e9ticos de hoje, come\u00e7a o banquete com a m\u00fasica Desafio do Auto da Catingueira, trazendo Elomar e Xangai em voz e viol\u00e3o. Depois, Geraldo Azevedo canta Novena e Vital Farias emenda com a po\u00e9tica Sete Cantigas para Voar.\u00a0 Elomar retoma o microfone e d\u00e1 voz \u00e0 Cantiga do Boi Incantado: \u201c\u2026De todos boi qui ai no mundo j\u00e1 peguei. Afora l\u00e1 ele qui tem parte cum c\u00e3o\u2026\u201d.<\/p>\n<p class=\"x_MsoNormal\">O show, no qual os m\u00fasicos tocam seus viol\u00f5es sem nenhum outro apoio musical, ganhou asas e saiu em turn\u00ea pelo Brasil com propostas como Ai Que Saudade de Oc\u00ea, de Vital Farias, Semente de Ad\u00e3o (Geraldo Azevedo\/Carlos Fernando), Viramundo (Gilberto Gil\/Capinan), e percorreu\u00a0 diversas capitais do Pa\u00eds, mostrando a rica m\u00fasica brasileira de elementos eruditos\u00a0 e populares.<\/p>\n<p class=\"x_MsoNormal\">Foi simplesmente m\u00e1gico meu alumbramento com Kukukaya ( O Jogo da Asa da Bruxa) quando adquiri o LP na Alegro Cantante, em Recife \u2013 PE. Nunca tinha ouvido um int\u00e9rprete brincar tanto com os versos como Xangai faz com essa can\u00e7\u00e3o de C\u00e1tia de Fran\u00e7a. E a irrever\u00eancia e o riso f\u00e1cil na m\u00fasica A\u00ed D\u2019eu Sodade, o ABC do Pregui\u00e7oso?.<\/p>\n<p class=\"x_MsoNormal\">E o que dizer da Cantiga do Estradar e da Cantiga de Amigo? Sab\u00edamos apenas que o trovador Elomar \u00e9 arquiteto, autor de romances, poesias e pe\u00e7as de teatro, al\u00e9m de criar bodes e cabras na Casa dos Carneiros, interior de Vit\u00f3ria da Conquista \u2013 BA.\u00a0 Para completar o disco, duas m\u00fasicas mudaram definitivamente o nosso jeito de ver o cancioneiro popular nacional: Matan\u00e7a (Augusto Jatob\u00e1), interpretada brilhantemente por Xangai e a can\u00e7\u00e3o Saga da Amaz\u00f4nia, na qual Vital Farias praticamente transforma seu viol\u00e3o num caj\u00f3n e inaugura o tempo do tema da ecologia no Pa\u00eds.<\/p>\n<p class=\"x_MsoNormal\"><i>\u201c\u2026Pois mataram \u00edndio que matou grileiro que matou posseiro. Disse um castanheiro para um seringueiro que um estrangeiro roubou seu lugar\u2026\u201d<\/i><\/p>\n<p class=\"x_MsoNormal\">O segundo volume da s\u00e9rie Cantoria foi lan\u00e7ado em 1988 durante turn\u00ea de concertos do grupo de cantadores. O \u00e1lbum re\u00fane m\u00fasicas das apresenta\u00e7\u00f5es gravadas no teatro Castro Alves em 1984 que n\u00e3o entraram no primeiro projeto e parte dos registros dos espet\u00e1culos realizados pelo Pa\u00eds.<\/p>\n<p class=\"x_MsoNormal\">A abertura \u00e9 marcada por uma miscel\u00e2nea das can\u00e7\u00f5es Desafio do Auto da Catingueira, Repente e Novena, tocadas e cantadas pelos quatro menestr\u00e9is. Repetindo o sucesso do n\u00famero um, este disco tamb\u00e9m popularizou can\u00e7\u00f5es como Era Casa Era Jardim \/ Veja Margarida\/ Saga de Severinin, de Vital Farias, Sabor Colorido \/ Mo\u00e7a Bonita\/Suite Correnteza\/ Barcarola Do S\u00e3o Francisco\/Talism\u00e3 e Caravana, de Geraldo Azevedo.<\/p>\n<p class=\"x_MsoNormal\">O sert\u00e3o, povoado por vidas em passagem, marca presen\u00e7a nas composi\u00e7\u00f5es de Elomar, Quadrada das \u00c1guas Perdidas e Cantilena de Lua Cheia.\u00a0 Xangai\u00a0\u00a0 registra com mestria\u00a0 a m\u00fasica Estampas Eucalol de H\u00e9lio Contreiras e todos encerram a obra cantando \u00a0de Elomar a bela\u00a0 Cantiga de Amigo. Antes disso, uma boa surpresa: a bel\u00edssima interpreta\u00e7\u00e3o de Francisco Aafa, apresentando tamb\u00e9m de Elomar a can\u00e7\u00e3o Arruma\u00e7\u00e3o.<\/p>\n<p class=\"x_MsoNormal\">A boa repercuss\u00e3o tamb\u00e9m deste Cantoria 2 continuou dando frutos e ampliando o carinho do p\u00fablico brasileiro pelos quatro \u2018Malungos\u2019. Em 1995\u00a0 Elomar retomou o t\u00edtulo do projeto em um disco solo, \u201cCantoria 3 \u2014 Canto e Solo\u201d. Neste \u00e1lbum, entre os momentos registrados durante a grande \u2018Cantoria\u2019 que deu origem aos tr\u00eas discos, Elomar acontece pleno em nove can\u00e7\u00f5es com destaque para Seresta Sertaneza, Cantiga do Estradar e Faviela. Em maio de 2010, um grande encontro junta novamente os quatro menestr\u00e9is. O show de encerramento da Virada Cultural re\u00fane mais de 40 mil pessoas na Pra\u00e7a Julio Prestes, em S\u00e3o Paulo \u2013 SP.<\/p>\n<p class=\"x_MsoNormal\">Mas como nem todo verso \u00e9 musical, um momento negativo tirou parte do brilho que deveria ter a passagem do show Cantoria pelo Cear\u00e1.\u00a0 Durante a apresenta\u00e7\u00e3o dos cantadores e violeiros no Centro de Eventos, em Fortaleza, na noite de 12 de novembro de 2016, desentendimentos de ordem pol\u00edtica e religiosa geraram vaias e aborrecimentos por parte da plateia e dos artistas. Superadas as dificuldades, o show chegou ao final com o p\u00fablico cantando junto as m\u00fasicas de Elomar, Geraldo Azevedo, Xangai e Vital Farias.<\/p>\n<p class=\"x_MsoNormal\">Hoje, o projeto musical mais duradouro da m\u00fasica popular brasileira continua em evid\u00eancia. O quarteto que conseguiu transformar em cantoria distintas formas de compor, tocar e cantar segue \u201cpedindo licen\u00e7a pra puxar\u00a0 viola rasa, aqui na vossa presen\u00e7a\u2026\u201d Os mesmos \u201cvioleiros que v\u00e3o cantar louvando voc\u00ea, em cantiga de amigo\u201d neste Brasil sem fim.<\/p>\n<p class=\"x_MsoNormal\"><em><b>* Poeta, jornalista e diretor da Clas Comunica\u00e7\u00e3o e Marketing.<\/b><\/em><\/p>\n","protected":false},"excerpt":{"rendered":"<p>*Por\u00a0Carlos Laerte &#8211;\u00a0 Quatro grandes cantadores e violeiros, tr\u00eas noites memor\u00e1veis e um concerto que marcou a hist\u00f3ria da m\u00fasica brasileira. Nos pr\u00f3ximos dias 13, 14 e 15, comemoraremos 37 anos do show \u2018Cantoria\u2019, gravado ao vivo em janeiro de 1984 no Teatro Castro Alves, em Salvador \u2013 BA, pelo pernambucano Geraldo Azevedo, o paraibano Vital Farias e os baianos Elomar e Xangai (Eug\u00eanio Avelino). O concerto que deu origem aos c\u00e9lebres \u00e1lbuns Cantoria 1 e Cantoria 2 lan\u00e7ados respectivamente em 1984 e 1988, levou a assinatura do produtor musical M\u00e1rio de Aratanha, da lend\u00e1ria gravadora Kuarup Discos e \u00e9 considerado o primeiro registro ao vivo gravado em sistema digital no Brasil. O LP Cantoria 1 com 13 faixas, disco&hellip; <\/p>\n","protected":false},"author":1,"featured_media":275488,"comment_status":"closed","ping_status":"closed","sticky":false,"template":"","format":"standard","meta":{"_acf_changed":false,"footnotes":""},"categories":[10],"tags":[],"class_list":["post-275487","post","type-post","status-publish","format-standard","has-post-thumbnail","hentry","category-cultura"],"acf":[],"yoast_head":"<!-- This site is optimized with the Yoast SEO plugin v27.4 - https:\/\/yoast.com\/product\/yoast-seo-wordpress\/ -->\n<title>Cantoria: 37 anos influenciando a m\u00fasica popular brasileira - Blog do Farn\u00e9sio<\/title>\n<meta name=\"robots\" content=\"index, follow, max-snippet:-1, max-image-preview:large, max-video-preview:-1\" \/>\n<link rel=\"canonical\" href=\"https:\/\/blogdofarnesio.com.br\/?p=275487\" \/>\n<meta property=\"og:locale\" content=\"pt_BR\" \/>\n<meta property=\"og:type\" content=\"article\" \/>\n<meta property=\"og:title\" content=\"Cantoria: 37 anos influenciando a m\u00fasica popular brasileira - Blog do Farn\u00e9sio\" \/>\n<meta property=\"og:description\" content=\"*Por\u00a0Carlos Laerte &#8211;\u00a0 Quatro grandes cantadores e violeiros, tr\u00eas noites memor\u00e1veis e um concerto que marcou a hist\u00f3ria da m\u00fasica brasileira. Nos pr\u00f3ximos dias 13, 14 e 15, comemoraremos 37 anos do show \u2018Cantoria\u2019, gravado ao vivo em janeiro de 1984 no Teatro Castro Alves, em Salvador \u2013 BA, pelo pernambucano Geraldo Azevedo, o paraibano Vital Farias e os baianos Elomar e Xangai (Eug\u00eanio Avelino). O concerto que deu origem aos c\u00e9lebres \u00e1lbuns Cantoria 1 e Cantoria 2 lan\u00e7ados respectivamente em 1984 e 1988, levou a assinatura do produtor musical M\u00e1rio de Aratanha, da lend\u00e1ria gravadora Kuarup Discos e \u00e9 considerado o primeiro registro ao vivo gravado em sistema digital no Brasil. O LP Cantoria 1 com 13 faixas, disco&hellip;\" \/>\n<meta property=\"og:url\" content=\"https:\/\/blogdofarnesio.com.br\/?p=275487\" \/>\n<meta property=\"og:site_name\" content=\"Blog do Farn\u00e9sio\" \/>\n<meta property=\"article:publisher\" content=\"https:\/\/www.facebook.com\/BlogQuerSaberPolitica\/\" \/>\n<meta property=\"article:published_time\" content=\"2021-01-04T18:00:35+00:00\" \/>\n<meta property=\"og:image\" content=\"https:\/\/blogdofarnesio.com.br\/wp-content\/uploads\/2021\/01\/blogqspcantoia-ELOMAR-e1609768705396.jpg\" \/>\n\t<meta property=\"og:image:width\" content=\"568\" \/>\n\t<meta property=\"og:image:height\" content=\"583\" \/>\n\t<meta property=\"og:image:type\" content=\"image\/jpeg\" \/>\n<meta name=\"author\" content=\"Farn\u00e9sio\" \/>\n<meta name=\"twitter:card\" content=\"summary_large_image\" \/>\n<meta name=\"twitter:label1\" content=\"Escrito por\" \/>\n\t<meta name=\"twitter:data1\" content=\"Farn\u00e9sio\" \/>\n\t<meta name=\"twitter:label2\" content=\"Est. tempo de leitura\" \/>\n\t<meta name=\"twitter:data2\" content=\"5 minutos\" \/>\n<script type=\"application\/ld+json\" class=\"yoast-schema-graph\">{\"@context\":\"https:\\\/\\\/schema.org\",\"@graph\":[{\"@type\":\"Article\",\"@id\":\"https:\\\/\\\/blogdofarnesio.com.br\\\/?p=275487#article\",\"isPartOf\":{\"@id\":\"https:\\\/\\\/blogdofarnesio.com.br\\\/?p=275487\"},\"author\":{\"name\":\"Farn\u00e9sio\",\"@id\":\"https:\\\/\\\/blogdofarnesio.com.br\\\/#\\\/schema\\\/person\\\/301c4acf522bccbfdb45af95b5b906a1\"},\"headline\":\"Cantoria: 37 anos influenciando a m\u00fasica popular brasileira\",\"datePublished\":\"2021-01-04T18:00:35+00:00\",\"mainEntityOfPage\":{\"@id\":\"https:\\\/\\\/blogdofarnesio.com.br\\\/?p=275487\"},\"wordCount\":928,\"publisher\":{\"@id\":\"https:\\\/\\\/blogdofarnesio.com.br\\\/#organization\"},\"image\":{\"@id\":\"https:\\\/\\\/blogdofarnesio.com.br\\\/?p=275487#primaryimage\"},\"thumbnailUrl\":\"https:\\\/\\\/blogdofarnesio.com.br\\\/wp-content\\\/uploads\\\/2021\\\/01\\\/blogqspcantoia-ELOMAR-e1609768705396.jpg\",\"articleSection\":[\"Cultura\"],\"inLanguage\":\"pt-BR\"},{\"@type\":\"WebPage\",\"@id\":\"https:\\\/\\\/blogdofarnesio.com.br\\\/?p=275487\",\"url\":\"https:\\\/\\\/blogdofarnesio.com.br\\\/?p=275487\",\"name\":\"Cantoria: 37 anos influenciando a m\u00fasica popular brasileira - Blog do Farn\u00e9sio\",\"isPartOf\":{\"@id\":\"https:\\\/\\\/blogdofarnesio.com.br\\\/#website\"},\"primaryImageOfPage\":{\"@id\":\"https:\\\/\\\/blogdofarnesio.com.br\\\/?p=275487#primaryimage\"},\"image\":{\"@id\":\"https:\\\/\\\/blogdofarnesio.com.br\\\/?p=275487#primaryimage\"},\"thumbnailUrl\":\"https:\\\/\\\/blogdofarnesio.com.br\\\/wp-content\\\/uploads\\\/2021\\\/01\\\/blogqspcantoia-ELOMAR-e1609768705396.jpg\",\"datePublished\":\"2021-01-04T18:00:35+00:00\",\"breadcrumb\":{\"@id\":\"https:\\\/\\\/blogdofarnesio.com.br\\\/?p=275487#breadcrumb\"},\"inLanguage\":\"pt-BR\",\"potentialAction\":[{\"@type\":\"ReadAction\",\"target\":[\"https:\\\/\\\/blogdofarnesio.com.br\\\/?p=275487\"]}]},{\"@type\":\"ImageObject\",\"inLanguage\":\"pt-BR\",\"@id\":\"https:\\\/\\\/blogdofarnesio.com.br\\\/?p=275487#primaryimage\",\"url\":\"https:\\\/\\\/blogdofarnesio.com.br\\\/wp-content\\\/uploads\\\/2021\\\/01\\\/blogqspcantoia-ELOMAR-e1609768705396.jpg\",\"contentUrl\":\"https:\\\/\\\/blogdofarnesio.com.br\\\/wp-content\\\/uploads\\\/2021\\\/01\\\/blogqspcantoia-ELOMAR-e1609768705396.jpg\",\"width\":568,\"height\":583},{\"@type\":\"BreadcrumbList\",\"@id\":\"https:\\\/\\\/blogdofarnesio.com.br\\\/?p=275487#breadcrumb\",\"itemListElement\":[{\"@type\":\"ListItem\",\"position\":1,\"name\":\"In\u00edcio\",\"item\":\"https:\\\/\\\/blogdofarnesio.com.br\\\/\"},{\"@type\":\"ListItem\",\"position\":2,\"name\":\"Cantoria: 37 anos influenciando a m\u00fasica popular brasileira\"}]},{\"@type\":\"WebSite\",\"@id\":\"https:\\\/\\\/blogdofarnesio.com.br\\\/#website\",\"url\":\"https:\\\/\\\/blogdofarnesio.com.br\\\/\",\"name\":\"Blog do Farn\u00e9sio\",\"description\":\"Quer Saber Pol\u00edtica?\",\"publisher\":{\"@id\":\"https:\\\/\\\/blogdofarnesio.com.br\\\/#organization\"},\"potentialAction\":[{\"@type\":\"SearchAction\",\"target\":{\"@type\":\"EntryPoint\",\"urlTemplate\":\"https:\\\/\\\/blogdofarnesio.com.br\\\/?s={search_term_string}\"},\"query-input\":{\"@type\":\"PropertyValueSpecification\",\"valueRequired\":true,\"valueName\":\"search_term_string\"}}],\"inLanguage\":\"pt-BR\"},{\"@type\":\"Organization\",\"@id\":\"https:\\\/\\\/blogdofarnesio.com.br\\\/#organization\",\"name\":\"Blog do Farn\u00e9sio\",\"url\":\"https:\\\/\\\/blogdofarnesio.com.br\\\/\",\"logo\":{\"@type\":\"ImageObject\",\"inLanguage\":\"pt-BR\",\"@id\":\"https:\\\/\\\/blogdofarnesio.com.br\\\/#\\\/schema\\\/logo\\\/image\\\/\",\"url\":\"https:\\\/\\\/blogdofarnesio.com.br\\\/wp-content\\\/uploads\\\/2026\\\/03\\\/cropped-logo_new-1.png\",\"contentUrl\":\"https:\\\/\\\/blogdofarnesio.com.br\\\/wp-content\\\/uploads\\\/2026\\\/03\\\/cropped-logo_new-1.png\",\"width\":881,\"height\":685,\"caption\":\"Blog do Farn\u00e9sio\"},\"image\":{\"@id\":\"https:\\\/\\\/blogdofarnesio.com.br\\\/#\\\/schema\\\/logo\\\/image\\\/\"},\"sameAs\":[\"https:\\\/\\\/www.facebook.com\\\/BlogQuerSaberPolitica\\\/\"]},{\"@type\":\"Person\",\"@id\":\"https:\\\/\\\/blogdofarnesio.com.br\\\/#\\\/schema\\\/person\\\/301c4acf522bccbfdb45af95b5b906a1\",\"name\":\"Farn\u00e9sio\",\"image\":{\"@type\":\"ImageObject\",\"inLanguage\":\"pt-BR\",\"@id\":\"https:\\\/\\\/secure.gravatar.com\\\/avatar\\\/df0c9a14567c056f8ad6876ba5bbd1e3e2c48023eb6807342fc4663adf549f38?s=96&d=mm&r=g\",\"url\":\"https:\\\/\\\/secure.gravatar.com\\\/avatar\\\/df0c9a14567c056f8ad6876ba5bbd1e3e2c48023eb6807342fc4663adf549f38?s=96&d=mm&r=g\",\"contentUrl\":\"https:\\\/\\\/secure.gravatar.com\\\/avatar\\\/df0c9a14567c056f8ad6876ba5bbd1e3e2c48023eb6807342fc4663adf549f38?s=96&d=mm&r=g\",\"caption\":\"Farn\u00e9sio\"},\"sameAs\":[\"https:\\\/\\\/quersaberpolitica.com.br\"],\"url\":\"https:\\\/\\\/blogdofarnesio.com.br\\\/?author=1\"}]}<\/script>\n<!-- \/ Yoast SEO plugin. -->","yoast_head_json":{"title":"Cantoria: 37 anos influenciando a m\u00fasica popular brasileira - Blog do Farn\u00e9sio","robots":{"index":"index","follow":"follow","max-snippet":"max-snippet:-1","max-image-preview":"max-image-preview:large","max-video-preview":"max-video-preview:-1"},"canonical":"https:\/\/blogdofarnesio.com.br\/?p=275487","og_locale":"pt_BR","og_type":"article","og_title":"Cantoria: 37 anos influenciando a m\u00fasica popular brasileira - Blog do Farn\u00e9sio","og_description":"*Por\u00a0Carlos Laerte &#8211;\u00a0 Quatro grandes cantadores e violeiros, tr\u00eas noites memor\u00e1veis e um concerto que marcou a hist\u00f3ria da m\u00fasica brasileira. Nos pr\u00f3ximos dias 13, 14 e 15, comemoraremos 37 anos do show \u2018Cantoria\u2019, gravado ao vivo em janeiro de 1984 no Teatro Castro Alves, em Salvador \u2013 BA, pelo pernambucano Geraldo Azevedo, o paraibano Vital Farias e os baianos Elomar e Xangai (Eug\u00eanio Avelino). O concerto que deu origem aos c\u00e9lebres \u00e1lbuns Cantoria 1 e Cantoria 2 lan\u00e7ados respectivamente em 1984 e 1988, levou a assinatura do produtor musical M\u00e1rio de Aratanha, da lend\u00e1ria gravadora Kuarup Discos e \u00e9 considerado o primeiro registro ao vivo gravado em sistema digital no Brasil. O LP Cantoria 1 com 13 faixas, disco&hellip;","og_url":"https:\/\/blogdofarnesio.com.br\/?p=275487","og_site_name":"Blog do Farn\u00e9sio","article_publisher":"https:\/\/www.facebook.com\/BlogQuerSaberPolitica\/","article_published_time":"2021-01-04T18:00:35+00:00","og_image":[{"width":568,"height":583,"url":"https:\/\/blogdofarnesio.com.br\/wp-content\/uploads\/2021\/01\/blogqspcantoia-ELOMAR-e1609768705396.jpg","type":"image\/jpeg"}],"author":"Farn\u00e9sio","twitter_card":"summary_large_image","twitter_misc":{"Escrito por":"Farn\u00e9sio","Est. tempo de leitura":"5 minutos"},"schema":{"@context":"https:\/\/schema.org","@graph":[{"@type":"Article","@id":"https:\/\/blogdofarnesio.com.br\/?p=275487#article","isPartOf":{"@id":"https:\/\/blogdofarnesio.com.br\/?p=275487"},"author":{"name":"Farn\u00e9sio","@id":"https:\/\/blogdofarnesio.com.br\/#\/schema\/person\/301c4acf522bccbfdb45af95b5b906a1"},"headline":"Cantoria: 37 anos influenciando a m\u00fasica popular brasileira","datePublished":"2021-01-04T18:00:35+00:00","mainEntityOfPage":{"@id":"https:\/\/blogdofarnesio.com.br\/?p=275487"},"wordCount":928,"publisher":{"@id":"https:\/\/blogdofarnesio.com.br\/#organization"},"image":{"@id":"https:\/\/blogdofarnesio.com.br\/?p=275487#primaryimage"},"thumbnailUrl":"https:\/\/blogdofarnesio.com.br\/wp-content\/uploads\/2021\/01\/blogqspcantoia-ELOMAR-e1609768705396.jpg","articleSection":["Cultura"],"inLanguage":"pt-BR"},{"@type":"WebPage","@id":"https:\/\/blogdofarnesio.com.br\/?p=275487","url":"https:\/\/blogdofarnesio.com.br\/?p=275487","name":"Cantoria: 37 anos influenciando a m\u00fasica popular brasileira - Blog do Farn\u00e9sio","isPartOf":{"@id":"https:\/\/blogdofarnesio.com.br\/#website"},"primaryImageOfPage":{"@id":"https:\/\/blogdofarnesio.com.br\/?p=275487#primaryimage"},"image":{"@id":"https:\/\/blogdofarnesio.com.br\/?p=275487#primaryimage"},"thumbnailUrl":"https:\/\/blogdofarnesio.com.br\/wp-content\/uploads\/2021\/01\/blogqspcantoia-ELOMAR-e1609768705396.jpg","datePublished":"2021-01-04T18:00:35+00:00","breadcrumb":{"@id":"https:\/\/blogdofarnesio.com.br\/?p=275487#breadcrumb"},"inLanguage":"pt-BR","potentialAction":[{"@type":"ReadAction","target":["https:\/\/blogdofarnesio.com.br\/?p=275487"]}]},{"@type":"ImageObject","inLanguage":"pt-BR","@id":"https:\/\/blogdofarnesio.com.br\/?p=275487#primaryimage","url":"https:\/\/blogdofarnesio.com.br\/wp-content\/uploads\/2021\/01\/blogqspcantoia-ELOMAR-e1609768705396.jpg","contentUrl":"https:\/\/blogdofarnesio.com.br\/wp-content\/uploads\/2021\/01\/blogqspcantoia-ELOMAR-e1609768705396.jpg","width":568,"height":583},{"@type":"BreadcrumbList","@id":"https:\/\/blogdofarnesio.com.br\/?p=275487#breadcrumb","itemListElement":[{"@type":"ListItem","position":1,"name":"In\u00edcio","item":"https:\/\/blogdofarnesio.com.br\/"},{"@type":"ListItem","position":2,"name":"Cantoria: 37 anos influenciando a m\u00fasica popular brasileira"}]},{"@type":"WebSite","@id":"https:\/\/blogdofarnesio.com.br\/#website","url":"https:\/\/blogdofarnesio.com.br\/","name":"Blog do Farn\u00e9sio","description":"Quer Saber Pol\u00edtica?","publisher":{"@id":"https:\/\/blogdofarnesio.com.br\/#organization"},"potentialAction":[{"@type":"SearchAction","target":{"@type":"EntryPoint","urlTemplate":"https:\/\/blogdofarnesio.com.br\/?s={search_term_string}"},"query-input":{"@type":"PropertyValueSpecification","valueRequired":true,"valueName":"search_term_string"}}],"inLanguage":"pt-BR"},{"@type":"Organization","@id":"https:\/\/blogdofarnesio.com.br\/#organization","name":"Blog do Farn\u00e9sio","url":"https:\/\/blogdofarnesio.com.br\/","logo":{"@type":"ImageObject","inLanguage":"pt-BR","@id":"https:\/\/blogdofarnesio.com.br\/#\/schema\/logo\/image\/","url":"https:\/\/blogdofarnesio.com.br\/wp-content\/uploads\/2026\/03\/cropped-logo_new-1.png","contentUrl":"https:\/\/blogdofarnesio.com.br\/wp-content\/uploads\/2026\/03\/cropped-logo_new-1.png","width":881,"height":685,"caption":"Blog do Farn\u00e9sio"},"image":{"@id":"https:\/\/blogdofarnesio.com.br\/#\/schema\/logo\/image\/"},"sameAs":["https:\/\/www.facebook.com\/BlogQuerSaberPolitica\/"]},{"@type":"Person","@id":"https:\/\/blogdofarnesio.com.br\/#\/schema\/person\/301c4acf522bccbfdb45af95b5b906a1","name":"Farn\u00e9sio","image":{"@type":"ImageObject","inLanguage":"pt-BR","@id":"https:\/\/secure.gravatar.com\/avatar\/df0c9a14567c056f8ad6876ba5bbd1e3e2c48023eb6807342fc4663adf549f38?s=96&d=mm&r=g","url":"https:\/\/secure.gravatar.com\/avatar\/df0c9a14567c056f8ad6876ba5bbd1e3e2c48023eb6807342fc4663adf549f38?s=96&d=mm&r=g","contentUrl":"https:\/\/secure.gravatar.com\/avatar\/df0c9a14567c056f8ad6876ba5bbd1e3e2c48023eb6807342fc4663adf549f38?s=96&d=mm&r=g","caption":"Farn\u00e9sio"},"sameAs":["https:\/\/quersaberpolitica.com.br"],"url":"https:\/\/blogdofarnesio.com.br\/?author=1"}]}},"_links":{"self":[{"href":"https:\/\/blogdofarnesio.com.br\/index.php?rest_route=\/wp\/v2\/posts\/275487","targetHints":{"allow":["GET"]}}],"collection":[{"href":"https:\/\/blogdofarnesio.com.br\/index.php?rest_route=\/wp\/v2\/posts"}],"about":[{"href":"https:\/\/blogdofarnesio.com.br\/index.php?rest_route=\/wp\/v2\/types\/post"}],"author":[{"embeddable":true,"href":"https:\/\/blogdofarnesio.com.br\/index.php?rest_route=\/wp\/v2\/users\/1"}],"replies":[{"embeddable":true,"href":"https:\/\/blogdofarnesio.com.br\/index.php?rest_route=%2Fwp%2Fv2%2Fcomments&post=275487"}],"version-history":[{"count":0,"href":"https:\/\/blogdofarnesio.com.br\/index.php?rest_route=\/wp\/v2\/posts\/275487\/revisions"}],"wp:featuredmedia":[{"embeddable":true,"href":"https:\/\/blogdofarnesio.com.br\/index.php?rest_route=\/wp\/v2\/media\/275488"}],"wp:attachment":[{"href":"https:\/\/blogdofarnesio.com.br\/index.php?rest_route=%2Fwp%2Fv2%2Fmedia&parent=275487"}],"wp:term":[{"taxonomy":"category","embeddable":true,"href":"https:\/\/blogdofarnesio.com.br\/index.php?rest_route=%2Fwp%2Fv2%2Fcategories&post=275487"},{"taxonomy":"post_tag","embeddable":true,"href":"https:\/\/blogdofarnesio.com.br\/index.php?rest_route=%2Fwp%2Fv2%2Ftags&post=275487"}],"curies":[{"name":"wp","href":"https:\/\/api.w.org\/{rel}","templated":true}]}}