{"id":275396,"date":"2021-01-03T09:31:09","date_gmt":"2021-01-03T12:31:09","guid":{"rendered":"http:\/\/quersaberpolitica.com.br\/2016\/?p=275396"},"modified":"2021-01-02T19:49:48","modified_gmt":"2021-01-02T22:49:48","slug":"de-uma-olhada-no-boletim-covid-de-ontem-02-de-juazeiro","status":"publish","type":"post","link":"https:\/\/blogdofarnesio.com.br\/?p=275396","title":{"rendered":"D\u00ea uma olhada no boletim covid de ontem (02) de Juazeiro"},"content":{"rendered":"<p>Juazeiro contabiliza 9.870 casos de covid-19 desde o in\u00edcio da pandemia na cidade. Neste s\u00e1bado (2), foi registrado 01 caso \u2013 por exame laboratorial. \u00c9 uma pessoa do sexo masculino, de 22 anos de idade. O caso novo n\u00e3o \u00e9 profissional de sa\u00fade.<\/p>\n<p>O total de pessoas que j\u00e1 se recuperaram da doen\u00e7a \u00e9 de 5.524. Os \u00f3bitos em decorr\u00eancia do novo coronav\u00edrus em Juazeiro somam 133. Os casos ativos da doen\u00e7a somam 4.213.<\/p>\n<p>Sem a contabiliza\u00e7\u00e3o dos \u00faltimos testes realizados e informados pela gest\u00e3o anterior, 4.300 registros positivos s\u00e3o pessoas do sexo feminino, 3.345 do sexo masculino e destes, 348 s\u00e3o profissionais de sa\u00fade.<\/p>\n<p><strong>Ocupa\u00e7\u00e3o de leitos<\/strong><\/p>\n<p>Dos internados regulados somente pela rede municipal houve altera\u00e7\u00e3o nas \u00faltimas 24 horas, agora s\u00e3o 04 pacientes, sendo 02 leitos de UTI e 02 em leitos intermedi\u00e1rios. Todas as informa\u00e7\u00f5es est\u00e3o dispon\u00edveis na tabela em anexo.<\/p>\n<p><a href=\"http:\/\/quersaberpolitica.com.br\/2016\/wp-content\/uploads\/2021\/01\/BOLETIM-DIA-02-DE-JANEIRO-Prefeitura-de-Juazeiro-BA.docx.pdf\">BOLETIM DIA 02 DE JANEIRO Prefeitura de Juazeiro BA.docx<\/a><\/p>\n<div>\n<div>\nAssessoria de Imprensa<br \/>\nPrefeitura Municipal de Juazeiro<\/div>\n<\/div>\n","protected":false},"excerpt":{"rendered":"<p>Juazeiro contabiliza 9.870 casos de covid-19 desde o in\u00edcio da pandemia na cidade. Neste s\u00e1bado (2), foi registrado 01 caso \u2013 por exame laboratorial. \u00c9 uma pessoa do sexo masculino, de 22 anos de idade. O caso novo n\u00e3o \u00e9 profissional de sa\u00fade. O total de pessoas que j\u00e1 se recuperaram da doen\u00e7a \u00e9 de 5.524. Os \u00f3bitos em decorr\u00eancia do novo coronav\u00edrus em Juazeiro somam 133. Os casos ativos da doen\u00e7a somam 4.213. Sem a contabiliza\u00e7\u00e3o dos \u00faltimos testes realizados e informados pela gest\u00e3o anterior, 4.300 registros positivos s\u00e3o pessoas do sexo feminino, 3.345 do sexo masculino e destes, 348 s\u00e3o profissionais de sa\u00fade. Ocupa\u00e7\u00e3o de leitos Dos internados regulados somente pela rede municipal houve altera\u00e7\u00e3o nas \u00faltimas 24&hellip; <\/p>\n","protected":false},"author":1,"featured_media":275398,"comment_status":"closed","ping_status":"closed","sticky":false,"template":"","format":"standard","meta":{"_acf_changed":false,"footnotes":""},"categories":[4],"tags":[],"class_list":["post-275396","post","type-post","status-publish","format-standard","has-post-thumbnail","hentry","category-saude"],"acf":[],"yoast_head":"<!-- This site is optimized with the Yoast SEO plugin v27.4 - https:\/\/yoast.com\/product\/yoast-seo-wordpress\/ -->\n<title>D\u00ea uma olhada no boletim covid de ontem (02) de Juazeiro - Blog do Farn\u00e9sio<\/title>\n<meta name=\"robots\" content=\"index, follow, max-snippet:-1, max-image-preview:large, max-video-preview:-1\" \/>\n<link rel=\"canonical\" href=\"https:\/\/blogdofarnesio.com.br\/?p=275396\" \/>\n<meta property=\"og:locale\" content=\"pt_BR\" \/>\n<meta property=\"og:type\" content=\"article\" \/>\n<meta property=\"og:title\" content=\"D\u00ea uma olhada no boletim covid de ontem (02) de Juazeiro - Blog do Farn\u00e9sio\" \/>\n<meta property=\"og:description\" content=\"Juazeiro contabiliza 9.870 casos de covid-19 desde o in\u00edcio da pandemia na cidade. Neste s\u00e1bado (2), foi registrado 01 caso \u2013 por exame laboratorial. \u00c9 uma pessoa do sexo masculino, de 22 anos de idade. O caso novo n\u00e3o \u00e9 profissional de sa\u00fade. O total de pessoas que j\u00e1 se recuperaram da doen\u00e7a \u00e9 de 5.524. Os \u00f3bitos em decorr\u00eancia do novo coronav\u00edrus em Juazeiro somam 133. Os casos ativos da doen\u00e7a somam 4.213. Sem a contabiliza\u00e7\u00e3o dos \u00faltimos testes realizados e informados pela gest\u00e3o anterior, 4.300 registros positivos s\u00e3o pessoas do sexo feminino, 3.345 do sexo masculino e destes, 348 s\u00e3o profissionais de sa\u00fade. Ocupa\u00e7\u00e3o de leitos Dos internados regulados somente pela rede municipal houve altera\u00e7\u00e3o nas \u00faltimas 24&hellip;\" \/>\n<meta property=\"og:url\" content=\"https:\/\/blogdofarnesio.com.br\/?p=275396\" \/>\n<meta property=\"og:site_name\" content=\"Blog do Farn\u00e9sio\" \/>\n<meta property=\"article:publisher\" content=\"https:\/\/www.facebook.com\/BlogQuerSaberPolitica\/\" \/>\n<meta property=\"article:published_time\" content=\"2021-01-03T12:31:09+00:00\" \/>\n<meta property=\"og:image\" content=\"https:\/\/blogdofarnesio.com.br\/wp-content\/uploads\/2021\/01\/Boletim-COVID-19-Prefeitura-de-Juazeiro-2-janeiro-2021-.pptx-1-e1609627733492.jpg\" \/>\n\t<meta property=\"og:image:width\" content=\"500\" \/>\n\t<meta property=\"og:image:height\" content=\"500\" \/>\n\t<meta property=\"og:image:type\" content=\"image\/jpeg\" \/>\n<meta name=\"author\" content=\"Farn\u00e9sio\" \/>\n<meta name=\"twitter:card\" content=\"summary_large_image\" \/>\n<meta name=\"twitter:label1\" content=\"Escrito por\" \/>\n\t<meta name=\"twitter:data1\" content=\"Farn\u00e9sio\" \/>\n\t<meta name=\"twitter:label2\" content=\"Est. tempo de leitura\" \/>\n\t<meta name=\"twitter:data2\" content=\"1 minuto\" \/>\n<script type=\"application\/ld+json\" class=\"yoast-schema-graph\">{\"@context\":\"https:\\\/\\\/schema.org\",\"@graph\":[{\"@type\":\"Article\",\"@id\":\"https:\\\/\\\/blogdofarnesio.com.br\\\/?p=275396#article\",\"isPartOf\":{\"@id\":\"https:\\\/\\\/blogdofarnesio.com.br\\\/?p=275396\"},\"author\":{\"name\":\"Farn\u00e9sio\",\"@id\":\"https:\\\/\\\/blogdofarnesio.com.br\\\/#\\\/schema\\\/person\\\/301c4acf522bccbfdb45af95b5b906a1\"},\"headline\":\"D\u00ea uma olhada no boletim covid de ontem (02) de Juazeiro\",\"datePublished\":\"2021-01-03T12:31:09+00:00\",\"mainEntityOfPage\":{\"@id\":\"https:\\\/\\\/blogdofarnesio.com.br\\\/?p=275396\"},\"wordCount\":172,\"publisher\":{\"@id\":\"https:\\\/\\\/blogdofarnesio.com.br\\\/#organization\"},\"image\":{\"@id\":\"https:\\\/\\\/blogdofarnesio.com.br\\\/?p=275396#primaryimage\"},\"thumbnailUrl\":\"https:\\\/\\\/blogdofarnesio.com.br\\\/wp-content\\\/uploads\\\/2021\\\/01\\\/Boletim-COVID-19-Prefeitura-de-Juazeiro-2-janeiro-2021-.pptx-1-e1609627733492.jpg\",\"articleSection\":[\"Sa\u00fade\"],\"inLanguage\":\"pt-BR\"},{\"@type\":\"WebPage\",\"@id\":\"https:\\\/\\\/blogdofarnesio.com.br\\\/?p=275396\",\"url\":\"https:\\\/\\\/blogdofarnesio.com.br\\\/?p=275396\",\"name\":\"D\u00ea uma olhada no boletim covid de ontem (02) de Juazeiro - Blog do Farn\u00e9sio\",\"isPartOf\":{\"@id\":\"https:\\\/\\\/blogdofarnesio.com.br\\\/#website\"},\"primaryImageOfPage\":{\"@id\":\"https:\\\/\\\/blogdofarnesio.com.br\\\/?p=275396#primaryimage\"},\"image\":{\"@id\":\"https:\\\/\\\/blogdofarnesio.com.br\\\/?p=275396#primaryimage\"},\"thumbnailUrl\":\"https:\\\/\\\/blogdofarnesio.com.br\\\/wp-content\\\/uploads\\\/2021\\\/01\\\/Boletim-COVID-19-Prefeitura-de-Juazeiro-2-janeiro-2021-.pptx-1-e1609627733492.jpg\",\"datePublished\":\"2021-01-03T12:31:09+00:00\",\"breadcrumb\":{\"@id\":\"https:\\\/\\\/blogdofarnesio.com.br\\\/?p=275396#breadcrumb\"},\"inLanguage\":\"pt-BR\",\"potentialAction\":[{\"@type\":\"ReadAction\",\"target\":[\"https:\\\/\\\/blogdofarnesio.com.br\\\/?p=275396\"]}]},{\"@type\":\"ImageObject\",\"inLanguage\":\"pt-BR\",\"@id\":\"https:\\\/\\\/blogdofarnesio.com.br\\\/?p=275396#primaryimage\",\"url\":\"https:\\\/\\\/blogdofarnesio.com.br\\\/wp-content\\\/uploads\\\/2021\\\/01\\\/Boletim-COVID-19-Prefeitura-de-Juazeiro-2-janeiro-2021-.pptx-1-e1609627733492.jpg\",\"contentUrl\":\"https:\\\/\\\/blogdofarnesio.com.br\\\/wp-content\\\/uploads\\\/2021\\\/01\\\/Boletim-COVID-19-Prefeitura-de-Juazeiro-2-janeiro-2021-.pptx-1-e1609627733492.jpg\",\"width\":500,\"height\":500},{\"@type\":\"BreadcrumbList\",\"@id\":\"https:\\\/\\\/blogdofarnesio.com.br\\\/?p=275396#breadcrumb\",\"itemListElement\":[{\"@type\":\"ListItem\",\"position\":1,\"name\":\"In\u00edcio\",\"item\":\"https:\\\/\\\/blogdofarnesio.com.br\\\/\"},{\"@type\":\"ListItem\",\"position\":2,\"name\":\"D\u00ea uma olhada no boletim covid de ontem (02) de Juazeiro\"}]},{\"@type\":\"WebSite\",\"@id\":\"https:\\\/\\\/blogdofarnesio.com.br\\\/#website\",\"url\":\"https:\\\/\\\/blogdofarnesio.com.br\\\/\",\"name\":\"Blog do Farn\u00e9sio\",\"description\":\"Quer Saber Pol\u00edtica?\",\"publisher\":{\"@id\":\"https:\\\/\\\/blogdofarnesio.com.br\\\/#organization\"},\"potentialAction\":[{\"@type\":\"SearchAction\",\"target\":{\"@type\":\"EntryPoint\",\"urlTemplate\":\"https:\\\/\\\/blogdofarnesio.com.br\\\/?s={search_term_string}\"},\"query-input\":{\"@type\":\"PropertyValueSpecification\",\"valueRequired\":true,\"valueName\":\"search_term_string\"}}],\"inLanguage\":\"pt-BR\"},{\"@type\":\"Organization\",\"@id\":\"https:\\\/\\\/blogdofarnesio.com.br\\\/#organization\",\"name\":\"Blog do Farn\u00e9sio\",\"url\":\"https:\\\/\\\/blogdofarnesio.com.br\\\/\",\"logo\":{\"@type\":\"ImageObject\",\"inLanguage\":\"pt-BR\",\"@id\":\"https:\\\/\\\/blogdofarnesio.com.br\\\/#\\\/schema\\\/logo\\\/image\\\/\",\"url\":\"https:\\\/\\\/blogdofarnesio.com.br\\\/wp-content\\\/uploads\\\/2026\\\/03\\\/cropped-logo_new-1.png\",\"contentUrl\":\"https:\\\/\\\/blogdofarnesio.com.br\\\/wp-content\\\/uploads\\\/2026\\\/03\\\/cropped-logo_new-1.png\",\"width\":881,\"height\":685,\"caption\":\"Blog do Farn\u00e9sio\"},\"image\":{\"@id\":\"https:\\\/\\\/blogdofarnesio.com.br\\\/#\\\/schema\\\/logo\\\/image\\\/\"},\"sameAs\":[\"https:\\\/\\\/www.facebook.com\\\/BlogQuerSaberPolitica\\\/\"]},{\"@type\":\"Person\",\"@id\":\"https:\\\/\\\/blogdofarnesio.com.br\\\/#\\\/schema\\\/person\\\/301c4acf522bccbfdb45af95b5b906a1\",\"name\":\"Farn\u00e9sio\",\"image\":{\"@type\":\"ImageObject\",\"inLanguage\":\"pt-BR\",\"@id\":\"https:\\\/\\\/secure.gravatar.com\\\/avatar\\\/df0c9a14567c056f8ad6876ba5bbd1e3e2c48023eb6807342fc4663adf549f38?s=96&d=mm&r=g\",\"url\":\"https:\\\/\\\/secure.gravatar.com\\\/avatar\\\/df0c9a14567c056f8ad6876ba5bbd1e3e2c48023eb6807342fc4663adf549f38?s=96&d=mm&r=g\",\"contentUrl\":\"https:\\\/\\\/secure.gravatar.com\\\/avatar\\\/df0c9a14567c056f8ad6876ba5bbd1e3e2c48023eb6807342fc4663adf549f38?s=96&d=mm&r=g\",\"caption\":\"Farn\u00e9sio\"},\"sameAs\":[\"https:\\\/\\\/quersaberpolitica.com.br\"],\"url\":\"https:\\\/\\\/blogdofarnesio.com.br\\\/?author=1\"}]}<\/script>\n<!-- \/ Yoast SEO plugin. -->","yoast_head_json":{"title":"D\u00ea uma olhada no boletim covid de ontem (02) de Juazeiro - Blog do Farn\u00e9sio","robots":{"index":"index","follow":"follow","max-snippet":"max-snippet:-1","max-image-preview":"max-image-preview:large","max-video-preview":"max-video-preview:-1"},"canonical":"https:\/\/blogdofarnesio.com.br\/?p=275396","og_locale":"pt_BR","og_type":"article","og_title":"D\u00ea uma olhada no boletim covid de ontem (02) de Juazeiro - Blog do Farn\u00e9sio","og_description":"Juazeiro contabiliza 9.870 casos de covid-19 desde o in\u00edcio da pandemia na cidade. Neste s\u00e1bado (2), foi registrado 01 caso \u2013 por exame laboratorial. \u00c9 uma pessoa do sexo masculino, de 22 anos de idade. O caso novo n\u00e3o \u00e9 profissional de sa\u00fade. O total de pessoas que j\u00e1 se recuperaram da doen\u00e7a \u00e9 de 5.524. Os \u00f3bitos em decorr\u00eancia do novo coronav\u00edrus em Juazeiro somam 133. Os casos ativos da doen\u00e7a somam 4.213. Sem a contabiliza\u00e7\u00e3o dos \u00faltimos testes realizados e informados pela gest\u00e3o anterior, 4.300 registros positivos s\u00e3o pessoas do sexo feminino, 3.345 do sexo masculino e destes, 348 s\u00e3o profissionais de sa\u00fade. Ocupa\u00e7\u00e3o de leitos Dos internados regulados somente pela rede municipal houve altera\u00e7\u00e3o nas \u00faltimas 24&hellip;","og_url":"https:\/\/blogdofarnesio.com.br\/?p=275396","og_site_name":"Blog do Farn\u00e9sio","article_publisher":"https:\/\/www.facebook.com\/BlogQuerSaberPolitica\/","article_published_time":"2021-01-03T12:31:09+00:00","og_image":[{"width":500,"height":500,"url":"https:\/\/blogdofarnesio.com.br\/wp-content\/uploads\/2021\/01\/Boletim-COVID-19-Prefeitura-de-Juazeiro-2-janeiro-2021-.pptx-1-e1609627733492.jpg","type":"image\/jpeg"}],"author":"Farn\u00e9sio","twitter_card":"summary_large_image","twitter_misc":{"Escrito por":"Farn\u00e9sio","Est. tempo de leitura":"1 minuto"},"schema":{"@context":"https:\/\/schema.org","@graph":[{"@type":"Article","@id":"https:\/\/blogdofarnesio.com.br\/?p=275396#article","isPartOf":{"@id":"https:\/\/blogdofarnesio.com.br\/?p=275396"},"author":{"name":"Farn\u00e9sio","@id":"https:\/\/blogdofarnesio.com.br\/#\/schema\/person\/301c4acf522bccbfdb45af95b5b906a1"},"headline":"D\u00ea uma olhada no boletim covid de ontem (02) de Juazeiro","datePublished":"2021-01-03T12:31:09+00:00","mainEntityOfPage":{"@id":"https:\/\/blogdofarnesio.com.br\/?p=275396"},"wordCount":172,"publisher":{"@id":"https:\/\/blogdofarnesio.com.br\/#organization"},"image":{"@id":"https:\/\/blogdofarnesio.com.br\/?p=275396#primaryimage"},"thumbnailUrl":"https:\/\/blogdofarnesio.com.br\/wp-content\/uploads\/2021\/01\/Boletim-COVID-19-Prefeitura-de-Juazeiro-2-janeiro-2021-.pptx-1-e1609627733492.jpg","articleSection":["Sa\u00fade"],"inLanguage":"pt-BR"},{"@type":"WebPage","@id":"https:\/\/blogdofarnesio.com.br\/?p=275396","url":"https:\/\/blogdofarnesio.com.br\/?p=275396","name":"D\u00ea uma olhada no boletim covid de ontem (02) de Juazeiro - Blog do Farn\u00e9sio","isPartOf":{"@id":"https:\/\/blogdofarnesio.com.br\/#website"},"primaryImageOfPage":{"@id":"https:\/\/blogdofarnesio.com.br\/?p=275396#primaryimage"},"image":{"@id":"https:\/\/blogdofarnesio.com.br\/?p=275396#primaryimage"},"thumbnailUrl":"https:\/\/blogdofarnesio.com.br\/wp-content\/uploads\/2021\/01\/Boletim-COVID-19-Prefeitura-de-Juazeiro-2-janeiro-2021-.pptx-1-e1609627733492.jpg","datePublished":"2021-01-03T12:31:09+00:00","breadcrumb":{"@id":"https:\/\/blogdofarnesio.com.br\/?p=275396#breadcrumb"},"inLanguage":"pt-BR","potentialAction":[{"@type":"ReadAction","target":["https:\/\/blogdofarnesio.com.br\/?p=275396"]}]},{"@type":"ImageObject","inLanguage":"pt-BR","@id":"https:\/\/blogdofarnesio.com.br\/?p=275396#primaryimage","url":"https:\/\/blogdofarnesio.com.br\/wp-content\/uploads\/2021\/01\/Boletim-COVID-19-Prefeitura-de-Juazeiro-2-janeiro-2021-.pptx-1-e1609627733492.jpg","contentUrl":"https:\/\/blogdofarnesio.com.br\/wp-content\/uploads\/2021\/01\/Boletim-COVID-19-Prefeitura-de-Juazeiro-2-janeiro-2021-.pptx-1-e1609627733492.jpg","width":500,"height":500},{"@type":"BreadcrumbList","@id":"https:\/\/blogdofarnesio.com.br\/?p=275396#breadcrumb","itemListElement":[{"@type":"ListItem","position":1,"name":"In\u00edcio","item":"https:\/\/blogdofarnesio.com.br\/"},{"@type":"ListItem","position":2,"name":"D\u00ea uma olhada no boletim covid de ontem (02) de Juazeiro"}]},{"@type":"WebSite","@id":"https:\/\/blogdofarnesio.com.br\/#website","url":"https:\/\/blogdofarnesio.com.br\/","name":"Blog do Farn\u00e9sio","description":"Quer Saber Pol\u00edtica?","publisher":{"@id":"https:\/\/blogdofarnesio.com.br\/#organization"},"potentialAction":[{"@type":"SearchAction","target":{"@type":"EntryPoint","urlTemplate":"https:\/\/blogdofarnesio.com.br\/?s={search_term_string}"},"query-input":{"@type":"PropertyValueSpecification","valueRequired":true,"valueName":"search_term_string"}}],"inLanguage":"pt-BR"},{"@type":"Organization","@id":"https:\/\/blogdofarnesio.com.br\/#organization","name":"Blog do Farn\u00e9sio","url":"https:\/\/blogdofarnesio.com.br\/","logo":{"@type":"ImageObject","inLanguage":"pt-BR","@id":"https:\/\/blogdofarnesio.com.br\/#\/schema\/logo\/image\/","url":"https:\/\/blogdofarnesio.com.br\/wp-content\/uploads\/2026\/03\/cropped-logo_new-1.png","contentUrl":"https:\/\/blogdofarnesio.com.br\/wp-content\/uploads\/2026\/03\/cropped-logo_new-1.png","width":881,"height":685,"caption":"Blog do Farn\u00e9sio"},"image":{"@id":"https:\/\/blogdofarnesio.com.br\/#\/schema\/logo\/image\/"},"sameAs":["https:\/\/www.facebook.com\/BlogQuerSaberPolitica\/"]},{"@type":"Person","@id":"https:\/\/blogdofarnesio.com.br\/#\/schema\/person\/301c4acf522bccbfdb45af95b5b906a1","name":"Farn\u00e9sio","image":{"@type":"ImageObject","inLanguage":"pt-BR","@id":"https:\/\/secure.gravatar.com\/avatar\/df0c9a14567c056f8ad6876ba5bbd1e3e2c48023eb6807342fc4663adf549f38?s=96&d=mm&r=g","url":"https:\/\/secure.gravatar.com\/avatar\/df0c9a14567c056f8ad6876ba5bbd1e3e2c48023eb6807342fc4663adf549f38?s=96&d=mm&r=g","contentUrl":"https:\/\/secure.gravatar.com\/avatar\/df0c9a14567c056f8ad6876ba5bbd1e3e2c48023eb6807342fc4663adf549f38?s=96&d=mm&r=g","caption":"Farn\u00e9sio"},"sameAs":["https:\/\/quersaberpolitica.com.br"],"url":"https:\/\/blogdofarnesio.com.br\/?author=1"}]}},"_links":{"self":[{"href":"https:\/\/blogdofarnesio.com.br\/index.php?rest_route=\/wp\/v2\/posts\/275396","targetHints":{"allow":["GET"]}}],"collection":[{"href":"https:\/\/blogdofarnesio.com.br\/index.php?rest_route=\/wp\/v2\/posts"}],"about":[{"href":"https:\/\/blogdofarnesio.com.br\/index.php?rest_route=\/wp\/v2\/types\/post"}],"author":[{"embeddable":true,"href":"https:\/\/blogdofarnesio.com.br\/index.php?rest_route=\/wp\/v2\/users\/1"}],"replies":[{"embeddable":true,"href":"https:\/\/blogdofarnesio.com.br\/index.php?rest_route=%2Fwp%2Fv2%2Fcomments&post=275396"}],"version-history":[{"count":0,"href":"https:\/\/blogdofarnesio.com.br\/index.php?rest_route=\/wp\/v2\/posts\/275396\/revisions"}],"wp:featuredmedia":[{"embeddable":true,"href":"https:\/\/blogdofarnesio.com.br\/index.php?rest_route=\/wp\/v2\/media\/275398"}],"wp:attachment":[{"href":"https:\/\/blogdofarnesio.com.br\/index.php?rest_route=%2Fwp%2Fv2%2Fmedia&parent=275396"}],"wp:term":[{"taxonomy":"category","embeddable":true,"href":"https:\/\/blogdofarnesio.com.br\/index.php?rest_route=%2Fwp%2Fv2%2Fcategories&post=275396"},{"taxonomy":"post_tag","embeddable":true,"href":"https:\/\/blogdofarnesio.com.br\/index.php?rest_route=%2Fwp%2Fv2%2Ftags&post=275396"}],"curies":[{"name":"wp","href":"https:\/\/api.w.org\/{rel}","templated":true}]}}