{"id":27531,"date":"2013-02-13T13:00:18","date_gmt":"2013-02-13T16:00:18","guid":{"rendered":"http:\/\/www.quersaberpolitica.com.br\/?p=27531"},"modified":"2013-02-13T10:17:15","modified_gmt":"2013-02-13T13:17:15","slug":"toca-do-jua-futebol-juazeirense-se-profissionaliza","status":"publish","type":"post","link":"https:\/\/blogdofarnesio.com.br\/?p=27531","title":{"rendered":"Toca do Ju\u00e1: tricolor prepara centro de treinamento com equipamentos de \u00faltima gera\u00e7\u00e3o"},"content":{"rendered":"<h1 style=\"text-align: justify\">Futebol juazeirense se profissionaliza<\/h1>\n<div style=\"text-align: justify\">\n<p style=\"text-align: center\"><a href=\"http:\/\/www.agenciach.com.br\/wp-content\/uploads\/2013\/02\/Toca-do-Jua-trabalhadores.jpg\"><img loading=\"lazy\" decoding=\"async\" class=\"aligncenter\" alt=\"Toca-do-Jua-trabalhadores\" src=\"http:\/\/www.agenciach.com.br\/wp-content\/uploads\/2013\/02\/Toca-do-Jua-trabalhadores.jpg\" width=\"434\" height=\"273\" \/><\/a><\/p>\n<p>\u00c0s v\u00e9speras de alcan\u00e7ar a maioridade, o futebol profissional de Juazeiro d\u00e1 sinais de que n\u00e3o parou no tempo e retoma, aos poucos, o caminho da consolida\u00e7\u00e3o como polo esportivo que um dia foi assim considerado pela m\u00eddia nacional, quando o Juazeiro Social Clube, no auge, mostrou que, al\u00e9m de um celeiro de craques, era uma via segura para o fortalecimento do futebol baiano.<\/p>\n<p>Estamos falando da constru\u00e7\u00e3o da Toca do Ju\u00e1, empreendimento iniciado pelo empres\u00e1rio Josu\u00e9 Nascimento, a oito quil\u00f4metros do centro de Juazeiro, que ocupar\u00e1 o espa\u00e7o vago deixado pelo Centro Esportivo Brasil-It\u00e1lia no final dos anos 90 e in\u00edcio dos anos 2000, na forma\u00e7\u00e3o de jogadores de futebol na regi\u00e3o do Vale do S\u00e3o Francisco.<\/p>\n<p>N\u00e3o \u00e9 um projeto embrion\u00e1rio e sua constru\u00e7\u00e3o est\u00e1 em andamento ininterrupto. Instalado numa \u00e1rea de 36 hectares, dos quais 10 000 m\u00b2 de \u00e1rea constru\u00edda, o projeto inicial prev\u00ea a constru\u00e7\u00e3o de dois campos de futebol \u2013 um oficial e outro de menor dimens\u00e3o \u2013 com drenagem e gramado impec\u00e1vel.<!--more--><\/p>\n<p>Al\u00e9m de um amplo escrit\u00f3rio de\u00a0<a id=\"_GPLITA_1\" title=\"Click to Continue &gt; by Text-Enhance\" href=\"http:\/\/www.blogesportetotal.com.br\/toca-do-jua-futebol-juazeirense-se-profissionaliza\/#\">trabalho<\/a>, ser\u00e3o constru\u00eddos dois pr\u00e9dios para acomoda\u00e7\u00e3o de at\u00e9 100 jogadores divididos em quartos com quatro atletas cada. O refeit\u00f3rio poder\u00e1 fornecer at\u00e9 500 refei\u00e7\u00f5es por dia.<\/p>\n<p>Josu\u00e9 faz demonstra\u00e7\u00e3o com a rede de pesca mas os peixes n\u00e3o apareceram<\/p>\n<p>Com sua vis\u00e3o empresarial, Josu\u00e9 pretende dotar o Centro de Treinamento de a\u00e7\u00f5es\u00a0autossustent\u00e1veis: ser\u00e1 plantada uma horta para cultivo de verduras, um pomar com frutas tropicais, uma granja para fornecimento de ovos, um tanque onde ser\u00e3o criados peixes da esp\u00e9cie tambaqui, piscina, sal\u00e3o de jogos, sala de TV, al\u00e9m de uma padaria que produzir\u00e1 p\u00e3es e biscoitos para a alimenta\u00e7\u00e3o dos moradores. Tamb\u00e9m ser\u00e3o criadas vacas para o fornecimento de leite.<\/p>\n<p>Embora n\u00e3o fa\u00e7a parte do projeto inicial, o empres\u00e1rio n\u00e3o descarta, no futuro, a constru\u00e7\u00e3o de um hotel para abrigar equipes de futebol ou similar. A inaugura\u00e7\u00e3o est\u00e1 prevista para o primeiro semestre do ano em curso. Na primeira etapa estar\u00e3o em funcionamento os campos, a piscina, sal\u00e3o de jogos, sala de TV, o tanque de piscicultura e os alojamentos.<\/p>\n<p>O custo do empreendimento \u00e9 mantido em segredo pelo empres\u00e1rio, que custeia a obra com recursos pr\u00f3prios.<\/p>\n<p>O nome oficial do projeto \u00e9 \u201cToca do Ju\u00e1, Educando e Profissionalizando\u201d e al\u00e9m e atender \u00e0s necessidades a que se prop\u00f5e, vai, por tabela, dotar a regi\u00e3o de um empreendimento \u00fanico no g\u00eanero.<\/p>\n<p><strong><strong>Por Carlos Humberto\/Blog Esporte Total<\/strong><\/strong><\/p>\n<\/div>\n","protected":false},"excerpt":{"rendered":"<p>Futebol juazeirense se profissionaliza \u00c0s v\u00e9speras de alcan\u00e7ar a maioridade, o futebol profissional de Juazeiro d\u00e1 sinais de que n\u00e3o parou no tempo e retoma, aos poucos, o caminho da consolida\u00e7\u00e3o como polo esportivo que um dia foi assim considerado pela m\u00eddia nacional, quando o Juazeiro Social Clube, no auge, mostrou que, al\u00e9m de um celeiro de craques, era uma via segura para o fortalecimento do futebol baiano. Estamos falando da constru\u00e7\u00e3o da Toca do Ju\u00e1, empreendimento iniciado pelo empres\u00e1rio Josu\u00e9 Nascimento, a oito quil\u00f4metros do centro de Juazeiro, que ocupar\u00e1 o espa\u00e7o vago deixado pelo Centro Esportivo Brasil-It\u00e1lia no final dos anos 90 e in\u00edcio dos anos 2000, na forma\u00e7\u00e3o de jogadores de futebol na regi\u00e3o do Vale do&hellip; <\/p>\n","protected":false},"author":3,"featured_media":0,"comment_status":"open","ping_status":"open","sticky":false,"template":"","format":"standard","meta":{"_acf_changed":false,"footnotes":""},"categories":[8],"tags":[],"class_list":["post-27531","post","type-post","status-publish","format-standard","hentry","category-esportes"],"acf":[],"yoast_head":"<!-- This site is optimized with the Yoast SEO plugin v27.4 - https:\/\/yoast.com\/product\/yoast-seo-wordpress\/ -->\n<title>Toca do Ju\u00e1: tricolor prepara centro de treinamento com equipamentos de \u00faltima gera\u00e7\u00e3o - Blog do Farn\u00e9sio<\/title>\n<meta name=\"robots\" content=\"index, follow, max-snippet:-1, max-image-preview:large, max-video-preview:-1\" \/>\n<link rel=\"canonical\" href=\"https:\/\/blogdofarnesio.com.br\/?p=27531\" \/>\n<meta property=\"og:locale\" content=\"pt_BR\" \/>\n<meta property=\"og:type\" content=\"article\" \/>\n<meta property=\"og:title\" content=\"Toca do Ju\u00e1: tricolor prepara centro de treinamento com equipamentos de \u00faltima gera\u00e7\u00e3o - Blog do Farn\u00e9sio\" \/>\n<meta property=\"og:description\" content=\"Futebol juazeirense se profissionaliza \u00c0s v\u00e9speras de alcan\u00e7ar a maioridade, o futebol profissional de Juazeiro d\u00e1 sinais de que n\u00e3o parou no tempo e retoma, aos poucos, o caminho da consolida\u00e7\u00e3o como polo esportivo que um dia foi assim considerado pela m\u00eddia nacional, quando o Juazeiro Social Clube, no auge, mostrou que, al\u00e9m de um celeiro de craques, era uma via segura para o fortalecimento do futebol baiano. Estamos falando da constru\u00e7\u00e3o da Toca do Ju\u00e1, empreendimento iniciado pelo empres\u00e1rio Josu\u00e9 Nascimento, a oito quil\u00f4metros do centro de Juazeiro, que ocupar\u00e1 o espa\u00e7o vago deixado pelo Centro Esportivo Brasil-It\u00e1lia no final dos anos 90 e in\u00edcio dos anos 2000, na forma\u00e7\u00e3o de jogadores de futebol na regi\u00e3o do Vale do&hellip;\" \/>\n<meta property=\"og:url\" content=\"https:\/\/blogdofarnesio.com.br\/?p=27531\" \/>\n<meta property=\"og:site_name\" content=\"Blog do Farn\u00e9sio\" \/>\n<meta property=\"article:publisher\" content=\"https:\/\/www.facebook.com\/BlogQuerSaberPolitica\/\" \/>\n<meta property=\"article:published_time\" content=\"2013-02-13T16:00:18+00:00\" \/>\n<meta property=\"og:image\" content=\"http:\/\/www.agenciach.com.br\/wp-content\/uploads\/2013\/02\/Toca-do-Jua-trabalhadores.jpg\" \/>\n<meta name=\"author\" content=\"teste\" \/>\n<meta name=\"twitter:card\" content=\"summary_large_image\" \/>\n<meta name=\"twitter:label1\" content=\"Escrito por\" \/>\n\t<meta name=\"twitter:data1\" content=\"teste\" \/>\n\t<meta name=\"twitter:label2\" content=\"Est. tempo de leitura\" \/>\n\t<meta name=\"twitter:data2\" content=\"2 minutos\" \/>\n<script type=\"application\/ld+json\" class=\"yoast-schema-graph\">{\"@context\":\"https:\\\/\\\/schema.org\",\"@graph\":[{\"@type\":\"Article\",\"@id\":\"https:\\\/\\\/blogdofarnesio.com.br\\\/?p=27531#article\",\"isPartOf\":{\"@id\":\"https:\\\/\\\/blogdofarnesio.com.br\\\/?p=27531\"},\"author\":{\"name\":\"teste\",\"@id\":\"https:\\\/\\\/blogdofarnesio.com.br\\\/#\\\/schema\\\/person\\\/dd1bf5eba40b687199ba45ca6b97dff9\"},\"headline\":\"Toca do Ju\u00e1: tricolor prepara centro de treinamento com equipamentos de \u00faltima gera\u00e7\u00e3o\",\"datePublished\":\"2013-02-13T16:00:18+00:00\",\"mainEntityOfPage\":{\"@id\":\"https:\\\/\\\/blogdofarnesio.com.br\\\/?p=27531\"},\"wordCount\":467,\"commentCount\":0,\"publisher\":{\"@id\":\"https:\\\/\\\/blogdofarnesio.com.br\\\/#organization\"},\"image\":{\"@id\":\"https:\\\/\\\/blogdofarnesio.com.br\\\/?p=27531#primaryimage\"},\"thumbnailUrl\":\"http:\\\/\\\/www.agenciach.com.br\\\/wp-content\\\/uploads\\\/2013\\\/02\\\/Toca-do-Jua-trabalhadores.jpg\",\"articleSection\":[\"Esportes\"],\"inLanguage\":\"pt-BR\",\"potentialAction\":[{\"@type\":\"CommentAction\",\"name\":\"Comment\",\"target\":[\"https:\\\/\\\/blogdofarnesio.com.br\\\/?p=27531#respond\"]}]},{\"@type\":\"WebPage\",\"@id\":\"https:\\\/\\\/blogdofarnesio.com.br\\\/?p=27531\",\"url\":\"https:\\\/\\\/blogdofarnesio.com.br\\\/?p=27531\",\"name\":\"Toca do Ju\u00e1: tricolor prepara centro de treinamento com equipamentos de \u00faltima gera\u00e7\u00e3o - Blog do Farn\u00e9sio\",\"isPartOf\":{\"@id\":\"https:\\\/\\\/blogdofarnesio.com.br\\\/#website\"},\"primaryImageOfPage\":{\"@id\":\"https:\\\/\\\/blogdofarnesio.com.br\\\/?p=27531#primaryimage\"},\"image\":{\"@id\":\"https:\\\/\\\/blogdofarnesio.com.br\\\/?p=27531#primaryimage\"},\"thumbnailUrl\":\"http:\\\/\\\/www.agenciach.com.br\\\/wp-content\\\/uploads\\\/2013\\\/02\\\/Toca-do-Jua-trabalhadores.jpg\",\"datePublished\":\"2013-02-13T16:00:18+00:00\",\"breadcrumb\":{\"@id\":\"https:\\\/\\\/blogdofarnesio.com.br\\\/?p=27531#breadcrumb\"},\"inLanguage\":\"pt-BR\",\"potentialAction\":[{\"@type\":\"ReadAction\",\"target\":[\"https:\\\/\\\/blogdofarnesio.com.br\\\/?p=27531\"]}]},{\"@type\":\"ImageObject\",\"inLanguage\":\"pt-BR\",\"@id\":\"https:\\\/\\\/blogdofarnesio.com.br\\\/?p=27531#primaryimage\",\"url\":\"http:\\\/\\\/www.agenciach.com.br\\\/wp-content\\\/uploads\\\/2013\\\/02\\\/Toca-do-Jua-trabalhadores.jpg\",\"contentUrl\":\"http:\\\/\\\/www.agenciach.com.br\\\/wp-content\\\/uploads\\\/2013\\\/02\\\/Toca-do-Jua-trabalhadores.jpg\"},{\"@type\":\"BreadcrumbList\",\"@id\":\"https:\\\/\\\/blogdofarnesio.com.br\\\/?p=27531#breadcrumb\",\"itemListElement\":[{\"@type\":\"ListItem\",\"position\":1,\"name\":\"In\u00edcio\",\"item\":\"https:\\\/\\\/blogdofarnesio.com.br\\\/\"},{\"@type\":\"ListItem\",\"position\":2,\"name\":\"Toca do Ju\u00e1: tricolor prepara centro de treinamento com equipamentos de \u00faltima gera\u00e7\u00e3o\"}]},{\"@type\":\"WebSite\",\"@id\":\"https:\\\/\\\/blogdofarnesio.com.br\\\/#website\",\"url\":\"https:\\\/\\\/blogdofarnesio.com.br\\\/\",\"name\":\"Blog do Farn\u00e9sio\",\"description\":\"Quer Saber Pol\u00edtica?\",\"publisher\":{\"@id\":\"https:\\\/\\\/blogdofarnesio.com.br\\\/#organization\"},\"potentialAction\":[{\"@type\":\"SearchAction\",\"target\":{\"@type\":\"EntryPoint\",\"urlTemplate\":\"https:\\\/\\\/blogdofarnesio.com.br\\\/?s={search_term_string}\"},\"query-input\":{\"@type\":\"PropertyValueSpecification\",\"valueRequired\":true,\"valueName\":\"search_term_string\"}}],\"inLanguage\":\"pt-BR\"},{\"@type\":\"Organization\",\"@id\":\"https:\\\/\\\/blogdofarnesio.com.br\\\/#organization\",\"name\":\"Blog do Farn\u00e9sio\",\"url\":\"https:\\\/\\\/blogdofarnesio.com.br\\\/\",\"logo\":{\"@type\":\"ImageObject\",\"inLanguage\":\"pt-BR\",\"@id\":\"https:\\\/\\\/blogdofarnesio.com.br\\\/#\\\/schema\\\/logo\\\/image\\\/\",\"url\":\"https:\\\/\\\/blogdofarnesio.com.br\\\/wp-content\\\/uploads\\\/2026\\\/03\\\/cropped-logo_new-1.png\",\"contentUrl\":\"https:\\\/\\\/blogdofarnesio.com.br\\\/wp-content\\\/uploads\\\/2026\\\/03\\\/cropped-logo_new-1.png\",\"width\":881,\"height\":685,\"caption\":\"Blog do Farn\u00e9sio\"},\"image\":{\"@id\":\"https:\\\/\\\/blogdofarnesio.com.br\\\/#\\\/schema\\\/logo\\\/image\\\/\"},\"sameAs\":[\"https:\\\/\\\/www.facebook.com\\\/BlogQuerSaberPolitica\\\/\"]},{\"@type\":\"Person\",\"@id\":\"https:\\\/\\\/blogdofarnesio.com.br\\\/#\\\/schema\\\/person\\\/dd1bf5eba40b687199ba45ca6b97dff9\",\"name\":\"teste\",\"image\":{\"@type\":\"ImageObject\",\"inLanguage\":\"pt-BR\",\"@id\":\"https:\\\/\\\/secure.gravatar.com\\\/avatar\\\/2172498d4914b51e1d89a0f97957b035ac4938723a5cac208135d389b6972a6d?s=96&d=mm&r=g\",\"url\":\"https:\\\/\\\/secure.gravatar.com\\\/avatar\\\/2172498d4914b51e1d89a0f97957b035ac4938723a5cac208135d389b6972a6d?s=96&d=mm&r=g\",\"contentUrl\":\"https:\\\/\\\/secure.gravatar.com\\\/avatar\\\/2172498d4914b51e1d89a0f97957b035ac4938723a5cac208135d389b6972a6d?s=96&d=mm&r=g\",\"caption\":\"teste\"},\"url\":\"https:\\\/\\\/blogdofarnesio.com.br\\\/?author=3\"}]}<\/script>\n<!-- \/ Yoast SEO plugin. -->","yoast_head_json":{"title":"Toca do Ju\u00e1: tricolor prepara centro de treinamento com equipamentos de \u00faltima gera\u00e7\u00e3o - Blog do Farn\u00e9sio","robots":{"index":"index","follow":"follow","max-snippet":"max-snippet:-1","max-image-preview":"max-image-preview:large","max-video-preview":"max-video-preview:-1"},"canonical":"https:\/\/blogdofarnesio.com.br\/?p=27531","og_locale":"pt_BR","og_type":"article","og_title":"Toca do Ju\u00e1: tricolor prepara centro de treinamento com equipamentos de \u00faltima gera\u00e7\u00e3o - Blog do Farn\u00e9sio","og_description":"Futebol juazeirense se profissionaliza \u00c0s v\u00e9speras de alcan\u00e7ar a maioridade, o futebol profissional de Juazeiro d\u00e1 sinais de que n\u00e3o parou no tempo e retoma, aos poucos, o caminho da consolida\u00e7\u00e3o como polo esportivo que um dia foi assim considerado pela m\u00eddia nacional, quando o Juazeiro Social Clube, no auge, mostrou que, al\u00e9m de um celeiro de craques, era uma via segura para o fortalecimento do futebol baiano. Estamos falando da constru\u00e7\u00e3o da Toca do Ju\u00e1, empreendimento iniciado pelo empres\u00e1rio Josu\u00e9 Nascimento, a oito quil\u00f4metros do centro de Juazeiro, que ocupar\u00e1 o espa\u00e7o vago deixado pelo Centro Esportivo Brasil-It\u00e1lia no final dos anos 90 e in\u00edcio dos anos 2000, na forma\u00e7\u00e3o de jogadores de futebol na regi\u00e3o do Vale do&hellip;","og_url":"https:\/\/blogdofarnesio.com.br\/?p=27531","og_site_name":"Blog do Farn\u00e9sio","article_publisher":"https:\/\/www.facebook.com\/BlogQuerSaberPolitica\/","article_published_time":"2013-02-13T16:00:18+00:00","og_image":[{"url":"http:\/\/www.agenciach.com.br\/wp-content\/uploads\/2013\/02\/Toca-do-Jua-trabalhadores.jpg","type":"","width":"","height":""}],"author":"teste","twitter_card":"summary_large_image","twitter_misc":{"Escrito por":"teste","Est. tempo de leitura":"2 minutos"},"schema":{"@context":"https:\/\/schema.org","@graph":[{"@type":"Article","@id":"https:\/\/blogdofarnesio.com.br\/?p=27531#article","isPartOf":{"@id":"https:\/\/blogdofarnesio.com.br\/?p=27531"},"author":{"name":"teste","@id":"https:\/\/blogdofarnesio.com.br\/#\/schema\/person\/dd1bf5eba40b687199ba45ca6b97dff9"},"headline":"Toca do Ju\u00e1: tricolor prepara centro de treinamento com equipamentos de \u00faltima gera\u00e7\u00e3o","datePublished":"2013-02-13T16:00:18+00:00","mainEntityOfPage":{"@id":"https:\/\/blogdofarnesio.com.br\/?p=27531"},"wordCount":467,"commentCount":0,"publisher":{"@id":"https:\/\/blogdofarnesio.com.br\/#organization"},"image":{"@id":"https:\/\/blogdofarnesio.com.br\/?p=27531#primaryimage"},"thumbnailUrl":"http:\/\/www.agenciach.com.br\/wp-content\/uploads\/2013\/02\/Toca-do-Jua-trabalhadores.jpg","articleSection":["Esportes"],"inLanguage":"pt-BR","potentialAction":[{"@type":"CommentAction","name":"Comment","target":["https:\/\/blogdofarnesio.com.br\/?p=27531#respond"]}]},{"@type":"WebPage","@id":"https:\/\/blogdofarnesio.com.br\/?p=27531","url":"https:\/\/blogdofarnesio.com.br\/?p=27531","name":"Toca do Ju\u00e1: tricolor prepara centro de treinamento com equipamentos de \u00faltima gera\u00e7\u00e3o - Blog do Farn\u00e9sio","isPartOf":{"@id":"https:\/\/blogdofarnesio.com.br\/#website"},"primaryImageOfPage":{"@id":"https:\/\/blogdofarnesio.com.br\/?p=27531#primaryimage"},"image":{"@id":"https:\/\/blogdofarnesio.com.br\/?p=27531#primaryimage"},"thumbnailUrl":"http:\/\/www.agenciach.com.br\/wp-content\/uploads\/2013\/02\/Toca-do-Jua-trabalhadores.jpg","datePublished":"2013-02-13T16:00:18+00:00","breadcrumb":{"@id":"https:\/\/blogdofarnesio.com.br\/?p=27531#breadcrumb"},"inLanguage":"pt-BR","potentialAction":[{"@type":"ReadAction","target":["https:\/\/blogdofarnesio.com.br\/?p=27531"]}]},{"@type":"ImageObject","inLanguage":"pt-BR","@id":"https:\/\/blogdofarnesio.com.br\/?p=27531#primaryimage","url":"http:\/\/www.agenciach.com.br\/wp-content\/uploads\/2013\/02\/Toca-do-Jua-trabalhadores.jpg","contentUrl":"http:\/\/www.agenciach.com.br\/wp-content\/uploads\/2013\/02\/Toca-do-Jua-trabalhadores.jpg"},{"@type":"BreadcrumbList","@id":"https:\/\/blogdofarnesio.com.br\/?p=27531#breadcrumb","itemListElement":[{"@type":"ListItem","position":1,"name":"In\u00edcio","item":"https:\/\/blogdofarnesio.com.br\/"},{"@type":"ListItem","position":2,"name":"Toca do Ju\u00e1: tricolor prepara centro de treinamento com equipamentos de \u00faltima gera\u00e7\u00e3o"}]},{"@type":"WebSite","@id":"https:\/\/blogdofarnesio.com.br\/#website","url":"https:\/\/blogdofarnesio.com.br\/","name":"Blog do Farn\u00e9sio","description":"Quer Saber Pol\u00edtica?","publisher":{"@id":"https:\/\/blogdofarnesio.com.br\/#organization"},"potentialAction":[{"@type":"SearchAction","target":{"@type":"EntryPoint","urlTemplate":"https:\/\/blogdofarnesio.com.br\/?s={search_term_string}"},"query-input":{"@type":"PropertyValueSpecification","valueRequired":true,"valueName":"search_term_string"}}],"inLanguage":"pt-BR"},{"@type":"Organization","@id":"https:\/\/blogdofarnesio.com.br\/#organization","name":"Blog do Farn\u00e9sio","url":"https:\/\/blogdofarnesio.com.br\/","logo":{"@type":"ImageObject","inLanguage":"pt-BR","@id":"https:\/\/blogdofarnesio.com.br\/#\/schema\/logo\/image\/","url":"https:\/\/blogdofarnesio.com.br\/wp-content\/uploads\/2026\/03\/cropped-logo_new-1.png","contentUrl":"https:\/\/blogdofarnesio.com.br\/wp-content\/uploads\/2026\/03\/cropped-logo_new-1.png","width":881,"height":685,"caption":"Blog do Farn\u00e9sio"},"image":{"@id":"https:\/\/blogdofarnesio.com.br\/#\/schema\/logo\/image\/"},"sameAs":["https:\/\/www.facebook.com\/BlogQuerSaberPolitica\/"]},{"@type":"Person","@id":"https:\/\/blogdofarnesio.com.br\/#\/schema\/person\/dd1bf5eba40b687199ba45ca6b97dff9","name":"teste","image":{"@type":"ImageObject","inLanguage":"pt-BR","@id":"https:\/\/secure.gravatar.com\/avatar\/2172498d4914b51e1d89a0f97957b035ac4938723a5cac208135d389b6972a6d?s=96&d=mm&r=g","url":"https:\/\/secure.gravatar.com\/avatar\/2172498d4914b51e1d89a0f97957b035ac4938723a5cac208135d389b6972a6d?s=96&d=mm&r=g","contentUrl":"https:\/\/secure.gravatar.com\/avatar\/2172498d4914b51e1d89a0f97957b035ac4938723a5cac208135d389b6972a6d?s=96&d=mm&r=g","caption":"teste"},"url":"https:\/\/blogdofarnesio.com.br\/?author=3"}]}},"_links":{"self":[{"href":"https:\/\/blogdofarnesio.com.br\/index.php?rest_route=\/wp\/v2\/posts\/27531","targetHints":{"allow":["GET"]}}],"collection":[{"href":"https:\/\/blogdofarnesio.com.br\/index.php?rest_route=\/wp\/v2\/posts"}],"about":[{"href":"https:\/\/blogdofarnesio.com.br\/index.php?rest_route=\/wp\/v2\/types\/post"}],"author":[{"embeddable":true,"href":"https:\/\/blogdofarnesio.com.br\/index.php?rest_route=\/wp\/v2\/users\/3"}],"replies":[{"embeddable":true,"href":"https:\/\/blogdofarnesio.com.br\/index.php?rest_route=%2Fwp%2Fv2%2Fcomments&post=27531"}],"version-history":[{"count":0,"href":"https:\/\/blogdofarnesio.com.br\/index.php?rest_route=\/wp\/v2\/posts\/27531\/revisions"}],"wp:attachment":[{"href":"https:\/\/blogdofarnesio.com.br\/index.php?rest_route=%2Fwp%2Fv2%2Fmedia&parent=27531"}],"wp:term":[{"taxonomy":"category","embeddable":true,"href":"https:\/\/blogdofarnesio.com.br\/index.php?rest_route=%2Fwp%2Fv2%2Fcategories&post=27531"},{"taxonomy":"post_tag","embeddable":true,"href":"https:\/\/blogdofarnesio.com.br\/index.php?rest_route=%2Fwp%2Fv2%2Ftags&post=27531"}],"curies":[{"name":"wp","href":"https:\/\/api.w.org\/{rel}","templated":true}]}}