{"id":275070,"date":"2020-12-29T15:30:43","date_gmt":"2020-12-29T18:30:43","guid":{"rendered":"http:\/\/quersaberpolitica.com.br\/2016\/?p=275070"},"modified":"2020-12-29T16:01:25","modified_gmt":"2020-12-29T19:01:25","slug":"professores-protestam-por-atraso-de-salarios-em-frente-da-casa-do-prefeito-de-belem-do-sao-francisco-prof-licinio-veja-o-video","status":"publish","type":"post","link":"https:\/\/blogdofarnesio.com.br\/?p=275070","title":{"rendered":"Professores protestam por atraso de sal\u00e1rios em frente da casa do prefeito de Bel\u00e9m do S\u00e3o Francisco, prof Lic\u00ednio; Veja o v\u00eddeo"},"content":{"rendered":"<p>Protestos dos professores teve in\u00edcio na frente da prefeitura e em seguida se dirigiram para resid\u00eancia do Prefeito. Os profissionais da educa\u00e7\u00e3o do munic\u00edpio de Bel\u00e9m do S\u00e3o Francisco, fazem uma grave denuncia, de que a prefeitura descontava os empr\u00e9stimos consignados e n\u00e3o repassava para os bancos. Ainda segundo os manifestantes, reconhecendo a atitude criminosa, a primeira dama disse que se pagar os bancos fica mais dif\u00edcil de pagar a folha da educa\u00e7\u00e3o.<\/p>\n<p>A Primeira Dama chamou alguns professores pra uma conversa e disse que s\u00f3 tem condi\u00e7\u00f5es de pagar o m\u00eas de novembro. Enquanto isso o prefeito n\u00e3o apareceu para conversar com os manifestantes<\/p>\n<div class=\"wp-playlist wp-video-playlist wp-playlist-light\">\n\t\t<video controls=\"controls\" preload=\"none\" width=\"1088\"\n\t\t height=\"612\"\t><\/video>\n\t<div class=\"wp-playlist-next\"><\/div>\n\t<div class=\"wp-playlist-prev\"><\/div>\n\t<noscript>\n\t<ol>\n\t\t<li><a href='https:\/\/blogdofarnesio.com.br\/wp-content\/uploads\/2020\/12\/blogqspbelem-professores.mp4'>blogqspbelem professores<\/a><\/li>\t<\/ol>\n\t<\/noscript>\n\t<script type=\"application\/json\" class=\"wp-playlist-script\">{\"type\":\"video\",\"tracklist\":true,\"tracknumbers\":true,\"images\":true,\"artists\":true,\"tracks\":[{\"src\":\"https:\/\/blogdofarnesio.com.br\/wp-content\/uploads\/2020\/12\/blogqspbelem-professores.mp4\",\"type\":\"video\/mp4\",\"title\":\"blogqspbelem professores\",\"caption\":\"\",\"description\":\"\",\"meta\":{\"length_formatted\":\"0:27\"},\"dimensions\":{\"original\":{\"width\":1280,\"height\":720},\"resized\":{\"width\":1088,\"height\":612}},\"image\":{\"src\":\"https:\/\/blogdofarnesio.com.br\/wp-includes\/images\/media\/video.svg\",\"width\":48,\"height\":64},\"thumb\":{\"src\":\"https:\/\/blogdofarnesio.com.br\/wp-includes\/images\/media\/video.svg\",\"width\":48,\"height\":64}}]}<\/script>\n<\/div>\n\t\n<p>CARTA DE REP\u00daDIO DA FOLHA DOS 60% E 40%, ATIVOS E INATIVOS DE BEL\u00c9M DO S\u00c3O FRANCISCO-PE<\/p>\n<p>Bel\u00e9m , terra de p\u00e3o e educa\u00e7\u00e3o mas nessa gest\u00e3o vivemos mais tempo sem p\u00e3o na mesa, Vida financeira no vermelho, momentos muito dif\u00edceis, desumano, de persegui\u00e7\u00f5es e Natais sem sal\u00e1rios. Os INATIVOS em 2019, clamavam para receber os meses de setembro a dezembro, os ativos tamb\u00e9m com 02 sal\u00e1rios em atrasos. As marcas s\u00e3o profundas, as cicatrizes s\u00e3o muito maiores, s\u00f3 sabe quem sentiu o peso do ran\u00e7o dessa equipe gestora. Em 2018, a nota na v\u00e9spera do r\u00e9veillon, o feliz ano novo dos professores foi ser chamados de C\u00c2NCERES DA EDUCA\u00c7\u00c3O! isso mesmo caros belemita, c\u00e2nceres da educa\u00e7\u00e3o! Isso em carros de som e nos Blogs.<br \/>\nA gest\u00e3o mesmo vivendo um ano a t\u00edpico, diferente, com muitos recursos da COVID19, dos PRECAT\u00d3RIOS do FUNDEF, FUNDEB, com todas as despesas reduzidas e a gest\u00e3o ainda terminar\u00e1 deixando d\u00edvidas de sal\u00e1rio de todas as secretarias. A\u00ed sim! podemos dizer que realmente n\u00e3o foi falta de recursos e sim de compet\u00eancia e responsabilidade com a gest\u00e3o p\u00fablica.<br \/>\nA cidade vive um clima de NATAL de ENCANTO e os funcion\u00e1rios VIVEM O NATAL DE DESNCANTOS e muitos lamento.<br \/>\nCaros pais de alunos da rede p\u00fablica de ensino municipal, todas as escolas dos distritos e sede est\u00e3o em obras e com certeza n\u00e3o ser\u00e3o conclu\u00eddas pela gest\u00e3o atual e 2021 j\u00e1 entraremos com problemas de estrutura f\u00edsica para resolver.<br \/>\nTorcemos que o Menino Jesus aben\u00e7oe e que a pr\u00f3xima gest\u00e3o seja mais humana, mais respons\u00e1vel e que acima de tudo fa\u00e7a planejamento financeiro para que esses erros n\u00e3o se repitam.<br \/>\nCom o desejo de boa sorte e de anos com mais tranquilidade e sa\u00fade para todos belemita.<br \/>\nSINDUPROM-PE, Auxiliar de Servi\u00e7os Gerais, Agente Administrativo, professores ativos e inativos<br \/>\nREPUDIAM atos e a\u00e7\u00f5es negativas da gest\u00e3o atual e a indiferen\u00e7a como a mesma conduziu a sua ger\u00eancia durante esses 04 anos.<br \/>\nSINDUPROM-PE- sindicato \u00e9 para LUTAR!<\/p>\n<p>Em resposta a r\u00e1dio Canabrava FM de Bel\u00e9m, o prefeito disse que &#8221; Com certeza n\u00e3o deixaremos d\u00e9bitos &#8221;<\/p>\n<p>Com informa\u00e7\u00f5es de Ademir Martins\/Canabrava FM<\/p>\n","protected":false},"excerpt":{"rendered":"<p>Protestos dos professores teve in\u00edcio na frente da prefeitura e em seguida se dirigiram para resid\u00eancia do Prefeito. Os profissionais da educa\u00e7\u00e3o do munic\u00edpio de Bel\u00e9m do S\u00e3o Francisco, fazem uma grave denuncia, de que a prefeitura descontava os empr\u00e9stimos consignados e n\u00e3o repassava para os bancos. Ainda segundo os manifestantes, reconhecendo a atitude criminosa, a primeira dama disse que se pagar os bancos fica mais dif\u00edcil de pagar a folha da educa\u00e7\u00e3o. A Primeira Dama chamou alguns professores pra uma conversa e disse que s\u00f3 tem condi\u00e7\u00f5es de pagar o m\u00eas de novembro. Enquanto isso o prefeito n\u00e3o apareceu para conversar com os manifestantes CARTA DE REP\u00daDIO DA FOLHA DOS 60% E 40%, ATIVOS E INATIVOS DE BEL\u00c9M DO&hellip; <\/p>\n","protected":false},"author":1,"featured_media":275072,"comment_status":"closed","ping_status":"closed","sticky":false,"template":"","format":"standard","meta":{"_acf_changed":false,"footnotes":""},"categories":[1],"tags":[],"class_list":["post-275070","post","type-post","status-publish","format-standard","has-post-thumbnail","hentry","category-politica"],"acf":[],"yoast_head":"<!-- This site is optimized with the Yoast SEO plugin v27.4 - https:\/\/yoast.com\/product\/yoast-seo-wordpress\/ -->\n<title>Professores protestam por atraso de sal\u00e1rios em frente da casa do prefeito de Bel\u00e9m do S\u00e3o Francisco, prof Lic\u00ednio; Veja o v\u00eddeo - Blog do Farn\u00e9sio<\/title>\n<meta name=\"robots\" content=\"index, follow, max-snippet:-1, max-image-preview:large, max-video-preview:-1\" \/>\n<link rel=\"canonical\" href=\"https:\/\/blogdofarnesio.com.br\/?p=275070\" \/>\n<meta property=\"og:locale\" content=\"pt_BR\" \/>\n<meta property=\"og:type\" content=\"article\" \/>\n<meta property=\"og:title\" content=\"Professores protestam por atraso de sal\u00e1rios em frente da casa do prefeito de Bel\u00e9m do S\u00e3o Francisco, prof Lic\u00ednio; Veja o v\u00eddeo - Blog do Farn\u00e9sio\" \/>\n<meta property=\"og:description\" content=\"Protestos dos professores teve in\u00edcio na frente da prefeitura e em seguida se dirigiram para resid\u00eancia do Prefeito. Os profissionais da educa\u00e7\u00e3o do munic\u00edpio de Bel\u00e9m do S\u00e3o Francisco, fazem uma grave denuncia, de que a prefeitura descontava os empr\u00e9stimos consignados e n\u00e3o repassava para os bancos. Ainda segundo os manifestantes, reconhecendo a atitude criminosa, a primeira dama disse que se pagar os bancos fica mais dif\u00edcil de pagar a folha da educa\u00e7\u00e3o. A Primeira Dama chamou alguns professores pra uma conversa e disse que s\u00f3 tem condi\u00e7\u00f5es de pagar o m\u00eas de novembro. Enquanto isso o prefeito n\u00e3o apareceu para conversar com os manifestantes CARTA DE REP\u00daDIO DA FOLHA DOS 60% E 40%, ATIVOS E INATIVOS DE BEL\u00c9M DO&hellip;\" \/>\n<meta property=\"og:url\" content=\"https:\/\/blogdofarnesio.com.br\/?p=275070\" \/>\n<meta property=\"og:site_name\" content=\"Blog do Farn\u00e9sio\" \/>\n<meta property=\"article:publisher\" content=\"https:\/\/www.facebook.com\/BlogQuerSaberPolitica\/\" \/>\n<meta property=\"article:published_time\" content=\"2020-12-29T18:30:43+00:00\" \/>\n<meta property=\"article:modified_time\" content=\"2020-12-29T19:01:25+00:00\" \/>\n<meta property=\"og:image\" content=\"https:\/\/blogdofarnesio.com.br\/wp-content\/uploads\/2020\/12\/blogqspbelem-professores.-e1609265980751.jpg\" \/>\n\t<meta property=\"og:image:width\" content=\"680\" \/>\n\t<meta property=\"og:image:height\" content=\"313\" \/>\n\t<meta property=\"og:image:type\" content=\"image\/jpeg\" \/>\n<meta name=\"author\" content=\"Farn\u00e9sio\" \/>\n<meta name=\"twitter:card\" content=\"summary_large_image\" \/>\n<meta name=\"twitter:label1\" content=\"Escrito por\" \/>\n\t<meta name=\"twitter:data1\" content=\"Farn\u00e9sio\" \/>\n\t<meta name=\"twitter:label2\" content=\"Est. tempo de leitura\" \/>\n\t<meta name=\"twitter:data2\" content=\"3 minutos\" \/>\n<script type=\"application\/ld+json\" class=\"yoast-schema-graph\">{\"@context\":\"https:\\\/\\\/schema.org\",\"@graph\":[{\"@type\":\"Article\",\"@id\":\"https:\\\/\\\/blogdofarnesio.com.br\\\/?p=275070#article\",\"isPartOf\":{\"@id\":\"https:\\\/\\\/blogdofarnesio.com.br\\\/?p=275070\"},\"author\":{\"name\":\"Farn\u00e9sio\",\"@id\":\"https:\\\/\\\/blogdofarnesio.com.br\\\/#\\\/schema\\\/person\\\/301c4acf522bccbfdb45af95b5b906a1\"},\"headline\":\"Professores protestam por atraso de sal\u00e1rios em frente da casa do prefeito de Bel\u00e9m do S\u00e3o Francisco, prof Lic\u00ednio; Veja o v\u00eddeo\",\"datePublished\":\"2020-12-29T18:30:43+00:00\",\"dateModified\":\"2020-12-29T19:01:25+00:00\",\"mainEntityOfPage\":{\"@id\":\"https:\\\/\\\/blogdofarnesio.com.br\\\/?p=275070\"},\"wordCount\":550,\"publisher\":{\"@id\":\"https:\\\/\\\/blogdofarnesio.com.br\\\/#organization\"},\"image\":{\"@id\":\"https:\\\/\\\/blogdofarnesio.com.br\\\/?p=275070#primaryimage\"},\"thumbnailUrl\":\"https:\\\/\\\/blogdofarnesio.com.br\\\/wp-content\\\/uploads\\\/2020\\\/12\\\/blogqspbelem-professores.-e1609265980751.jpg\",\"articleSection\":[\"Pol\u00edtica\"],\"inLanguage\":\"pt-BR\"},{\"@type\":\"WebPage\",\"@id\":\"https:\\\/\\\/blogdofarnesio.com.br\\\/?p=275070\",\"url\":\"https:\\\/\\\/blogdofarnesio.com.br\\\/?p=275070\",\"name\":\"Professores protestam por atraso de sal\u00e1rios em frente da casa do prefeito de Bel\u00e9m do S\u00e3o Francisco, prof Lic\u00ednio; Veja o v\u00eddeo - Blog do Farn\u00e9sio\",\"isPartOf\":{\"@id\":\"https:\\\/\\\/blogdofarnesio.com.br\\\/#website\"},\"primaryImageOfPage\":{\"@id\":\"https:\\\/\\\/blogdofarnesio.com.br\\\/?p=275070#primaryimage\"},\"image\":{\"@id\":\"https:\\\/\\\/blogdofarnesio.com.br\\\/?p=275070#primaryimage\"},\"thumbnailUrl\":\"https:\\\/\\\/blogdofarnesio.com.br\\\/wp-content\\\/uploads\\\/2020\\\/12\\\/blogqspbelem-professores.-e1609265980751.jpg\",\"datePublished\":\"2020-12-29T18:30:43+00:00\",\"dateModified\":\"2020-12-29T19:01:25+00:00\",\"breadcrumb\":{\"@id\":\"https:\\\/\\\/blogdofarnesio.com.br\\\/?p=275070#breadcrumb\"},\"inLanguage\":\"pt-BR\",\"potentialAction\":[{\"@type\":\"ReadAction\",\"target\":[\"https:\\\/\\\/blogdofarnesio.com.br\\\/?p=275070\"]}]},{\"@type\":\"ImageObject\",\"inLanguage\":\"pt-BR\",\"@id\":\"https:\\\/\\\/blogdofarnesio.com.br\\\/?p=275070#primaryimage\",\"url\":\"https:\\\/\\\/blogdofarnesio.com.br\\\/wp-content\\\/uploads\\\/2020\\\/12\\\/blogqspbelem-professores.-e1609265980751.jpg\",\"contentUrl\":\"https:\\\/\\\/blogdofarnesio.com.br\\\/wp-content\\\/uploads\\\/2020\\\/12\\\/blogqspbelem-professores.-e1609265980751.jpg\",\"width\":680,\"height\":313},{\"@type\":\"BreadcrumbList\",\"@id\":\"https:\\\/\\\/blogdofarnesio.com.br\\\/?p=275070#breadcrumb\",\"itemListElement\":[{\"@type\":\"ListItem\",\"position\":1,\"name\":\"In\u00edcio\",\"item\":\"https:\\\/\\\/blogdofarnesio.com.br\\\/\"},{\"@type\":\"ListItem\",\"position\":2,\"name\":\"Professores protestam por atraso de sal\u00e1rios em frente da casa do prefeito de Bel\u00e9m do S\u00e3o Francisco, prof Lic\u00ednio; Veja o v\u00eddeo\"}]},{\"@type\":\"WebSite\",\"@id\":\"https:\\\/\\\/blogdofarnesio.com.br\\\/#website\",\"url\":\"https:\\\/\\\/blogdofarnesio.com.br\\\/\",\"name\":\"Blog do Farn\u00e9sio\",\"description\":\"Quer Saber Pol\u00edtica?\",\"publisher\":{\"@id\":\"https:\\\/\\\/blogdofarnesio.com.br\\\/#organization\"},\"potentialAction\":[{\"@type\":\"SearchAction\",\"target\":{\"@type\":\"EntryPoint\",\"urlTemplate\":\"https:\\\/\\\/blogdofarnesio.com.br\\\/?s={search_term_string}\"},\"query-input\":{\"@type\":\"PropertyValueSpecification\",\"valueRequired\":true,\"valueName\":\"search_term_string\"}}],\"inLanguage\":\"pt-BR\"},{\"@type\":\"Organization\",\"@id\":\"https:\\\/\\\/blogdofarnesio.com.br\\\/#organization\",\"name\":\"Blog do Farn\u00e9sio\",\"url\":\"https:\\\/\\\/blogdofarnesio.com.br\\\/\",\"logo\":{\"@type\":\"ImageObject\",\"inLanguage\":\"pt-BR\",\"@id\":\"https:\\\/\\\/blogdofarnesio.com.br\\\/#\\\/schema\\\/logo\\\/image\\\/\",\"url\":\"https:\\\/\\\/blogdofarnesio.com.br\\\/wp-content\\\/uploads\\\/2026\\\/03\\\/cropped-logo_new-1.png\",\"contentUrl\":\"https:\\\/\\\/blogdofarnesio.com.br\\\/wp-content\\\/uploads\\\/2026\\\/03\\\/cropped-logo_new-1.png\",\"width\":881,\"height\":685,\"caption\":\"Blog do Farn\u00e9sio\"},\"image\":{\"@id\":\"https:\\\/\\\/blogdofarnesio.com.br\\\/#\\\/schema\\\/logo\\\/image\\\/\"},\"sameAs\":[\"https:\\\/\\\/www.facebook.com\\\/BlogQuerSaberPolitica\\\/\"]},{\"@type\":\"Person\",\"@id\":\"https:\\\/\\\/blogdofarnesio.com.br\\\/#\\\/schema\\\/person\\\/301c4acf522bccbfdb45af95b5b906a1\",\"name\":\"Farn\u00e9sio\",\"image\":{\"@type\":\"ImageObject\",\"inLanguage\":\"pt-BR\",\"@id\":\"https:\\\/\\\/secure.gravatar.com\\\/avatar\\\/df0c9a14567c056f8ad6876ba5bbd1e3e2c48023eb6807342fc4663adf549f38?s=96&d=mm&r=g\",\"url\":\"https:\\\/\\\/secure.gravatar.com\\\/avatar\\\/df0c9a14567c056f8ad6876ba5bbd1e3e2c48023eb6807342fc4663adf549f38?s=96&d=mm&r=g\",\"contentUrl\":\"https:\\\/\\\/secure.gravatar.com\\\/avatar\\\/df0c9a14567c056f8ad6876ba5bbd1e3e2c48023eb6807342fc4663adf549f38?s=96&d=mm&r=g\",\"caption\":\"Farn\u00e9sio\"},\"sameAs\":[\"https:\\\/\\\/quersaberpolitica.com.br\"],\"url\":\"https:\\\/\\\/blogdofarnesio.com.br\\\/?author=1\"}]}<\/script>\n<!-- \/ Yoast SEO plugin. -->","yoast_head_json":{"title":"Professores protestam por atraso de sal\u00e1rios em frente da casa do prefeito de Bel\u00e9m do S\u00e3o Francisco, prof Lic\u00ednio; Veja o v\u00eddeo - Blog do Farn\u00e9sio","robots":{"index":"index","follow":"follow","max-snippet":"max-snippet:-1","max-image-preview":"max-image-preview:large","max-video-preview":"max-video-preview:-1"},"canonical":"https:\/\/blogdofarnesio.com.br\/?p=275070","og_locale":"pt_BR","og_type":"article","og_title":"Professores protestam por atraso de sal\u00e1rios em frente da casa do prefeito de Bel\u00e9m do S\u00e3o Francisco, prof Lic\u00ednio; Veja o v\u00eddeo - Blog do Farn\u00e9sio","og_description":"Protestos dos professores teve in\u00edcio na frente da prefeitura e em seguida se dirigiram para resid\u00eancia do Prefeito. Os profissionais da educa\u00e7\u00e3o do munic\u00edpio de Bel\u00e9m do S\u00e3o Francisco, fazem uma grave denuncia, de que a prefeitura descontava os empr\u00e9stimos consignados e n\u00e3o repassava para os bancos. Ainda segundo os manifestantes, reconhecendo a atitude criminosa, a primeira dama disse que se pagar os bancos fica mais dif\u00edcil de pagar a folha da educa\u00e7\u00e3o. A Primeira Dama chamou alguns professores pra uma conversa e disse que s\u00f3 tem condi\u00e7\u00f5es de pagar o m\u00eas de novembro. Enquanto isso o prefeito n\u00e3o apareceu para conversar com os manifestantes CARTA DE REP\u00daDIO DA FOLHA DOS 60% E 40%, ATIVOS E INATIVOS DE BEL\u00c9M DO&hellip;","og_url":"https:\/\/blogdofarnesio.com.br\/?p=275070","og_site_name":"Blog do Farn\u00e9sio","article_publisher":"https:\/\/www.facebook.com\/BlogQuerSaberPolitica\/","article_published_time":"2020-12-29T18:30:43+00:00","article_modified_time":"2020-12-29T19:01:25+00:00","og_image":[{"width":680,"height":313,"url":"https:\/\/blogdofarnesio.com.br\/wp-content\/uploads\/2020\/12\/blogqspbelem-professores.-e1609265980751.jpg","type":"image\/jpeg"}],"author":"Farn\u00e9sio","twitter_card":"summary_large_image","twitter_misc":{"Escrito por":"Farn\u00e9sio","Est. tempo de leitura":"3 minutos"},"schema":{"@context":"https:\/\/schema.org","@graph":[{"@type":"Article","@id":"https:\/\/blogdofarnesio.com.br\/?p=275070#article","isPartOf":{"@id":"https:\/\/blogdofarnesio.com.br\/?p=275070"},"author":{"name":"Farn\u00e9sio","@id":"https:\/\/blogdofarnesio.com.br\/#\/schema\/person\/301c4acf522bccbfdb45af95b5b906a1"},"headline":"Professores protestam por atraso de sal\u00e1rios em frente da casa do prefeito de Bel\u00e9m do S\u00e3o Francisco, prof Lic\u00ednio; Veja o v\u00eddeo","datePublished":"2020-12-29T18:30:43+00:00","dateModified":"2020-12-29T19:01:25+00:00","mainEntityOfPage":{"@id":"https:\/\/blogdofarnesio.com.br\/?p=275070"},"wordCount":550,"publisher":{"@id":"https:\/\/blogdofarnesio.com.br\/#organization"},"image":{"@id":"https:\/\/blogdofarnesio.com.br\/?p=275070#primaryimage"},"thumbnailUrl":"https:\/\/blogdofarnesio.com.br\/wp-content\/uploads\/2020\/12\/blogqspbelem-professores.-e1609265980751.jpg","articleSection":["Pol\u00edtica"],"inLanguage":"pt-BR"},{"@type":"WebPage","@id":"https:\/\/blogdofarnesio.com.br\/?p=275070","url":"https:\/\/blogdofarnesio.com.br\/?p=275070","name":"Professores protestam por atraso de sal\u00e1rios em frente da casa do prefeito de Bel\u00e9m do S\u00e3o Francisco, prof Lic\u00ednio; Veja o v\u00eddeo - Blog do Farn\u00e9sio","isPartOf":{"@id":"https:\/\/blogdofarnesio.com.br\/#website"},"primaryImageOfPage":{"@id":"https:\/\/blogdofarnesio.com.br\/?p=275070#primaryimage"},"image":{"@id":"https:\/\/blogdofarnesio.com.br\/?p=275070#primaryimage"},"thumbnailUrl":"https:\/\/blogdofarnesio.com.br\/wp-content\/uploads\/2020\/12\/blogqspbelem-professores.-e1609265980751.jpg","datePublished":"2020-12-29T18:30:43+00:00","dateModified":"2020-12-29T19:01:25+00:00","breadcrumb":{"@id":"https:\/\/blogdofarnesio.com.br\/?p=275070#breadcrumb"},"inLanguage":"pt-BR","potentialAction":[{"@type":"ReadAction","target":["https:\/\/blogdofarnesio.com.br\/?p=275070"]}]},{"@type":"ImageObject","inLanguage":"pt-BR","@id":"https:\/\/blogdofarnesio.com.br\/?p=275070#primaryimage","url":"https:\/\/blogdofarnesio.com.br\/wp-content\/uploads\/2020\/12\/blogqspbelem-professores.-e1609265980751.jpg","contentUrl":"https:\/\/blogdofarnesio.com.br\/wp-content\/uploads\/2020\/12\/blogqspbelem-professores.-e1609265980751.jpg","width":680,"height":313},{"@type":"BreadcrumbList","@id":"https:\/\/blogdofarnesio.com.br\/?p=275070#breadcrumb","itemListElement":[{"@type":"ListItem","position":1,"name":"In\u00edcio","item":"https:\/\/blogdofarnesio.com.br\/"},{"@type":"ListItem","position":2,"name":"Professores protestam por atraso de sal\u00e1rios em frente da casa do prefeito de Bel\u00e9m do S\u00e3o Francisco, prof Lic\u00ednio; Veja o v\u00eddeo"}]},{"@type":"WebSite","@id":"https:\/\/blogdofarnesio.com.br\/#website","url":"https:\/\/blogdofarnesio.com.br\/","name":"Blog do Farn\u00e9sio","description":"Quer Saber Pol\u00edtica?","publisher":{"@id":"https:\/\/blogdofarnesio.com.br\/#organization"},"potentialAction":[{"@type":"SearchAction","target":{"@type":"EntryPoint","urlTemplate":"https:\/\/blogdofarnesio.com.br\/?s={search_term_string}"},"query-input":{"@type":"PropertyValueSpecification","valueRequired":true,"valueName":"search_term_string"}}],"inLanguage":"pt-BR"},{"@type":"Organization","@id":"https:\/\/blogdofarnesio.com.br\/#organization","name":"Blog do Farn\u00e9sio","url":"https:\/\/blogdofarnesio.com.br\/","logo":{"@type":"ImageObject","inLanguage":"pt-BR","@id":"https:\/\/blogdofarnesio.com.br\/#\/schema\/logo\/image\/","url":"https:\/\/blogdofarnesio.com.br\/wp-content\/uploads\/2026\/03\/cropped-logo_new-1.png","contentUrl":"https:\/\/blogdofarnesio.com.br\/wp-content\/uploads\/2026\/03\/cropped-logo_new-1.png","width":881,"height":685,"caption":"Blog do Farn\u00e9sio"},"image":{"@id":"https:\/\/blogdofarnesio.com.br\/#\/schema\/logo\/image\/"},"sameAs":["https:\/\/www.facebook.com\/BlogQuerSaberPolitica\/"]},{"@type":"Person","@id":"https:\/\/blogdofarnesio.com.br\/#\/schema\/person\/301c4acf522bccbfdb45af95b5b906a1","name":"Farn\u00e9sio","image":{"@type":"ImageObject","inLanguage":"pt-BR","@id":"https:\/\/secure.gravatar.com\/avatar\/df0c9a14567c056f8ad6876ba5bbd1e3e2c48023eb6807342fc4663adf549f38?s=96&d=mm&r=g","url":"https:\/\/secure.gravatar.com\/avatar\/df0c9a14567c056f8ad6876ba5bbd1e3e2c48023eb6807342fc4663adf549f38?s=96&d=mm&r=g","contentUrl":"https:\/\/secure.gravatar.com\/avatar\/df0c9a14567c056f8ad6876ba5bbd1e3e2c48023eb6807342fc4663adf549f38?s=96&d=mm&r=g","caption":"Farn\u00e9sio"},"sameAs":["https:\/\/quersaberpolitica.com.br"],"url":"https:\/\/blogdofarnesio.com.br\/?author=1"}]}},"_links":{"self":[{"href":"https:\/\/blogdofarnesio.com.br\/index.php?rest_route=\/wp\/v2\/posts\/275070","targetHints":{"allow":["GET"]}}],"collection":[{"href":"https:\/\/blogdofarnesio.com.br\/index.php?rest_route=\/wp\/v2\/posts"}],"about":[{"href":"https:\/\/blogdofarnesio.com.br\/index.php?rest_route=\/wp\/v2\/types\/post"}],"author":[{"embeddable":true,"href":"https:\/\/blogdofarnesio.com.br\/index.php?rest_route=\/wp\/v2\/users\/1"}],"replies":[{"embeddable":true,"href":"https:\/\/blogdofarnesio.com.br\/index.php?rest_route=%2Fwp%2Fv2%2Fcomments&post=275070"}],"version-history":[{"count":0,"href":"https:\/\/blogdofarnesio.com.br\/index.php?rest_route=\/wp\/v2\/posts\/275070\/revisions"}],"wp:featuredmedia":[{"embeddable":true,"href":"https:\/\/blogdofarnesio.com.br\/index.php?rest_route=\/wp\/v2\/media\/275072"}],"wp:attachment":[{"href":"https:\/\/blogdofarnesio.com.br\/index.php?rest_route=%2Fwp%2Fv2%2Fmedia&parent=275070"}],"wp:term":[{"taxonomy":"category","embeddable":true,"href":"https:\/\/blogdofarnesio.com.br\/index.php?rest_route=%2Fwp%2Fv2%2Fcategories&post=275070"},{"taxonomy":"post_tag","embeddable":true,"href":"https:\/\/blogdofarnesio.com.br\/index.php?rest_route=%2Fwp%2Fv2%2Ftags&post=275070"}],"curies":[{"name":"wp","href":"https:\/\/api.w.org\/{rel}","templated":true}]}}