{"id":275040,"date":"2020-12-29T11:34:54","date_gmt":"2020-12-29T14:34:54","guid":{"rendered":"http:\/\/quersaberpolitica.com.br\/2016\/?p=275040"},"modified":"2020-12-29T09:12:52","modified_gmt":"2020-12-29T12:12:52","slug":"ultimos-pagamentos-do-auxilio-emergencial-serao-dezenas-de-milhares-de-pessoas-jogadas-na-miseria-alerta-fenae","status":"publish","type":"post","link":"https:\/\/blogdofarnesio.com.br\/?p=275040","title":{"rendered":"\u00daltimos pagamentos do aux\u00edlio emergencial: \u201cSer\u00e3o dezenas de milhares de pessoas jogadas na mis\u00e9ria\u201d, alerta Fenae"},"content":{"rendered":"<p>At\u00e9 esta ter\u00e7a-feira (29), cerca de 3,2 milh\u00f5es de pessoas nascidas em novembro receber\u00e3o a \u00faltima parcela do Aux\u00edlio Emergencial Extens\u00e3o de R$ 300 e outras\u00a050,3 mil, tamb\u00e9m nascidas no referido m\u00eas, ter\u00e3o acesso aos \u00faltimos pagamentos do benef\u00edcio no valor de R$ 600.\u00a0Amanh\u00e3, recebem os benefici\u00e1rios nascidos em dezembro.\u00a0Para o grupo do Bolsa Fam\u00edlia, os pagamentos do aux\u00edlio foram encerrados no \u00faltimo dia 23 e a partir de janeiro estes trabalhadores voltam a receber somente o valor original da ajuda financeira.<\/p>\n<p>Os cen\u00e1rios econ\u00f4mico e sanit\u00e1rio do pa\u00eds e a decis\u00e3o do governo de encerrar nesta quinta-feira (31) o pagamento do aux\u00edlio emergencial aos brasileiros que mais necessitam de amparo do Executivo preocupam a Federa\u00e7\u00e3o Nacional das Associa\u00e7\u00f5es do Pessoal da Caixa Econ\u00f4mica Federal (Fenae). Al\u00e9m do aumento dos casos de covid-19 [j\u00e1 s\u00e3o cerca de 7,5 milh\u00f5es de ocorr\u00eancias e mais de 191 mil mortes pela doen\u00e7a], proje\u00e7\u00f5es feitas por diferentes institutos e especialistas apontam para o crescimento da infla\u00e7\u00e3o e do desemprego no Brasil.<\/p>\n<p>\u201cSer\u00e3o dezenas de milhares de pessoas jogadas na mis\u00e9ria\u201d, alerta o presidente da Fenae, Sergio Takemoto, ao observar que a federa\u00e7\u00e3o sempre defendeu a manuten\u00e7\u00e3o do aux\u00edlio emergencial em R$ 600 mensais e enquanto durarem os efeitos da pandemia. De acordo com os calend\u00e1rios de pagamentos de hoje (28) e amanh\u00e3 (29), os valores do benef\u00edcio ser\u00e3o creditados em\u00a0poupan\u00e7a social digital da Caixa;\u00a0mas, os saques s\u00f3 estar\u00e3o liberados a partir de 25 de janeiro.<\/p>\n<p>\u201cQuem mais sofre e continuar\u00e1 padecendo com esta crise sem precedentes e que tende a se arrastar no pr\u00f3ximo ano \u00e9 a popula\u00e7\u00e3o mais vulner\u00e1vel\u201d, ressalta o presidente da Fenae. \u201cNosso entendimento foi sempre para a continuidade do benef\u00edcio at\u00e9 que a economia tenha horizontes mais claros\u201d, defende Takemoto.<\/p>\n<p>POBREZA \u2014 Ap\u00f3s o Fundo Monet\u00e1rio Internacional (FMI) afirmar que o fim do aux\u00edlio emergencial\u00a0pode fazer com que o Brasil\u00a0alcance a marca de 24 milh\u00f5es de pessoas em situa\u00e7\u00e3o de extrema pobreza [renda mensal at\u00e9 R$ 155], o pesquisador Vin\u00edcius Botelho,\u00a0do Instituto Brasileiro de Economia da Funda\u00e7\u00e3o Get\u00falio Vargas (Ibre\/FGV), divulgou, na \u00faltima semana, a proje\u00e7\u00e3o de que 17 milh\u00f5es de brasileiros estar\u00e3o nessa condi\u00e7\u00e3o a partir do pr\u00f3ximo m\u00eas de janeiro.<\/p>\n<p>Segundo o estudo, isto representar\u00e1 26,2% da popula\u00e7\u00e3o. Em setembro deste ano, m\u00eas seguinte \u00e0 redu\u00e7\u00e3o do valor do aux\u00edlio pela metade, tal percentual ficou em 18,3%.<\/p>\n<p>Conforme levantamento feito pela Federa\u00e7\u00e3o Brasileira de Associa\u00e7\u00f5es de Fiscais de Tributos Estaduais (Febrafite),\u00a0em 4.403 cidades [79% do total de munic\u00edpios], o valor injetado nas economias locais com o pagamento do aux\u00edlio emergencial \u00e0 popula\u00e7\u00e3o vulner\u00e1vel foi maior do que a arrecada\u00e7\u00e3o com impostos e taxas municipais.<\/p>\n<p>A depend\u00eancia do benef\u00edcio em meio \u00e0 pandemia, a recupera\u00e7\u00e3o mais lenta do setor de servi\u00e7os e as incertezas decorrentes do segundo avan\u00e7o do coronav\u00edrus antecipam um risco maior para a atividade econ\u00f4mica nos munic\u00edpios, indica a pesquisa da Febrafite, divulgada na \u00faltima sexta-feira (25).\u00a0\u201cO aux\u00edlio vai acabar e n\u00e3o tem nenhum plano de sa\u00edda e nenhuma perspectiva de vacina\u00e7\u00e3o r\u00e1pida [contra a covid-19]\u201d, pontuou o presidente da entidade,\u00a0Rodrigo Spada, ao defender a prorroga\u00e7\u00e3o do benef\u00edcio pelo menos at\u00e9 o primeiro trimestre de 2021.<\/p>\n<p>DESEMPREGO \u2014 A taxa m\u00e9dia de desemprego projetada pelo Ibre\/FGV \u00e9 de 13,6% para 2020\u00a0e de\u00a015,6% em 2021, com as maiores taxas sendo registradas entre o segundo e o terceiro trimestres do pr\u00f3ximo ano.\u00a0&#8220;Em 2021, teremos uma perda de massa de renda muito alta com o fim do aux\u00edlio emergencial e parte da poupan\u00e7a da classe m\u00e9dia j\u00e1 ter\u00e1 sido gasta. Ent\u00e3o, certamente o que veremos ser\u00e1 o consumo das fam\u00edlias perdendo um pouco de espa\u00e7o&#8221;, avalia Daniel Duque, pesquisador do Ibre.<\/p>\n<p>&#8220;A crise pand\u00eamica \u00e9 bastante regressiva; ou seja, ela afeta muito mais o trabalhador informal, que \u00e9 menos escolarizado e tem sal\u00e1rio m\u00e9dio menor&#8221;, afirmou \u00e0 BBC News Brasil a s\u00f3cia e diretora de an\u00e1lise macroecon\u00f4mica da Tend\u00eancias Consultoria, Alessandra Ribeiro<em>.<\/em><\/p>\n<p>INFLA\u00c7\u00c3O \u2014 Pesquisa divulgada hoje (28) pelo Datafolha mostra que a expectativa de aumento da infla\u00e7\u00e3o atingiu, neste m\u00eas de dezembro, o maior patamar registrado no governo Bolsonaro. De acordo com o levantamento, para 72% dos entrevistados, a infla\u00e7\u00e3o vai aumentar.<\/p>\n<p>O\u00a0\u00edndice \u00e9 5% maior do que o registrado em agosto, quando 67% dos ouvidos pelo Datafolha tinham essa cren\u00e7a. Naquele m\u00eas, a infla\u00e7\u00e3o [em 12 meses, medida pelo IPCA] estava em 2,44%. Em novembro, chegou a 4,31%.<\/p>\n<p>&#8220;N\u00e3o h\u00e1 como contestar tantos dados&#8221;, destaca\u00a0Sergio\u00a0Takemoto. &#8220;Mas, este governo insiste em dar as costas tanto para a realidade quanto para a popula\u00e7\u00e3o mais carente, que sente diariamente os efeitos da infla\u00e7\u00e3o nos alimentos b\u00e1sicos e que ainda depende do aux\u00edlio emergencial para sobreviver&#8221;, refor\u00e7a o presidente da Fenae.<\/p>\n","protected":false},"excerpt":{"rendered":"<p>At\u00e9 esta ter\u00e7a-feira (29), cerca de 3,2 milh\u00f5es de pessoas nascidas em novembro receber\u00e3o a \u00faltima parcela do Aux\u00edlio Emergencial Extens\u00e3o de R$ 300 e outras\u00a050,3 mil, tamb\u00e9m nascidas no referido m\u00eas, ter\u00e3o acesso aos \u00faltimos pagamentos do benef\u00edcio no valor de R$ 600.\u00a0Amanh\u00e3, recebem os benefici\u00e1rios nascidos em dezembro.\u00a0Para o grupo do Bolsa Fam\u00edlia, os pagamentos do aux\u00edlio foram encerrados no \u00faltimo dia 23 e a partir de janeiro estes trabalhadores voltam a receber somente o valor original da ajuda financeira. Os cen\u00e1rios econ\u00f4mico e sanit\u00e1rio do pa\u00eds e a decis\u00e3o do governo de encerrar nesta quinta-feira (31) o pagamento do aux\u00edlio emergencial aos brasileiros que mais necessitam de amparo do Executivo preocupam a Federa\u00e7\u00e3o Nacional das Associa\u00e7\u00f5es do&hellip; <\/p>\n","protected":false},"author":1,"featured_media":275041,"comment_status":"closed","ping_status":"closed","sticky":false,"template":"","format":"standard","meta":{"_acf_changed":false,"footnotes":""},"categories":[22,20],"tags":[],"class_list":["post-275040","post","type-post","status-publish","format-standard","has-post-thumbnail","hentry","category-acao-social","category-economia"],"acf":[],"yoast_head":"<!-- This site is optimized with the Yoast SEO plugin v27.4 - https:\/\/yoast.com\/product\/yoast-seo-wordpress\/ -->\n<title>\u00daltimos pagamentos do aux\u00edlio emergencial: \u201cSer\u00e3o dezenas de milhares de pessoas jogadas na mis\u00e9ria\u201d, alerta Fenae - Blog do Farn\u00e9sio<\/title>\n<meta name=\"robots\" content=\"index, follow, max-snippet:-1, max-image-preview:large, max-video-preview:-1\" \/>\n<link rel=\"canonical\" href=\"https:\/\/blogdofarnesio.com.br\/?p=275040\" \/>\n<meta property=\"og:locale\" content=\"pt_BR\" \/>\n<meta property=\"og:type\" content=\"article\" \/>\n<meta property=\"og:title\" content=\"\u00daltimos pagamentos do aux\u00edlio emergencial: \u201cSer\u00e3o dezenas de milhares de pessoas jogadas na mis\u00e9ria\u201d, alerta Fenae - Blog do Farn\u00e9sio\" \/>\n<meta property=\"og:description\" content=\"At\u00e9 esta ter\u00e7a-feira (29), cerca de 3,2 milh\u00f5es de pessoas nascidas em novembro receber\u00e3o a \u00faltima parcela do Aux\u00edlio Emergencial Extens\u00e3o de R$ 300 e outras\u00a050,3 mil, tamb\u00e9m nascidas no referido m\u00eas, ter\u00e3o acesso aos \u00faltimos pagamentos do benef\u00edcio no valor de R$ 600.\u00a0Amanh\u00e3, recebem os benefici\u00e1rios nascidos em dezembro.\u00a0Para o grupo do Bolsa Fam\u00edlia, os pagamentos do aux\u00edlio foram encerrados no \u00faltimo dia 23 e a partir de janeiro estes trabalhadores voltam a receber somente o valor original da ajuda financeira. Os cen\u00e1rios econ\u00f4mico e sanit\u00e1rio do pa\u00eds e a decis\u00e3o do governo de encerrar nesta quinta-feira (31) o pagamento do aux\u00edlio emergencial aos brasileiros que mais necessitam de amparo do Executivo preocupam a Federa\u00e7\u00e3o Nacional das Associa\u00e7\u00f5es do&hellip;\" \/>\n<meta property=\"og:url\" content=\"https:\/\/blogdofarnesio.com.br\/?p=275040\" \/>\n<meta property=\"og:site_name\" content=\"Blog do Farn\u00e9sio\" \/>\n<meta property=\"article:publisher\" content=\"https:\/\/www.facebook.com\/BlogQuerSaberPolitica\/\" \/>\n<meta property=\"article:published_time\" content=\"2020-12-29T14:34:54+00:00\" \/>\n<meta property=\"og:image\" content=\"https:\/\/blogdofarnesio.com.br\/wp-content\/uploads\/2020\/12\/blogqspcaixa-auxilio-e1609243919278.jpg\" \/>\n\t<meta property=\"og:image:width\" content=\"680\" \/>\n\t<meta property=\"og:image:height\" content=\"453\" \/>\n\t<meta property=\"og:image:type\" content=\"image\/jpeg\" \/>\n<meta name=\"author\" content=\"Farn\u00e9sio\" \/>\n<meta name=\"twitter:card\" content=\"summary_large_image\" \/>\n<meta name=\"twitter:label1\" content=\"Escrito por\" \/>\n\t<meta name=\"twitter:data1\" content=\"Farn\u00e9sio\" \/>\n\t<meta name=\"twitter:label2\" content=\"Est. tempo de leitura\" \/>\n\t<meta name=\"twitter:data2\" content=\"4 minutos\" \/>\n<script type=\"application\/ld+json\" class=\"yoast-schema-graph\">{\"@context\":\"https:\\\/\\\/schema.org\",\"@graph\":[{\"@type\":\"Article\",\"@id\":\"https:\\\/\\\/blogdofarnesio.com.br\\\/?p=275040#article\",\"isPartOf\":{\"@id\":\"https:\\\/\\\/blogdofarnesio.com.br\\\/?p=275040\"},\"author\":{\"name\":\"Farn\u00e9sio\",\"@id\":\"https:\\\/\\\/blogdofarnesio.com.br\\\/#\\\/schema\\\/person\\\/301c4acf522bccbfdb45af95b5b906a1\"},\"headline\":\"\u00daltimos pagamentos do aux\u00edlio emergencial: \u201cSer\u00e3o dezenas de milhares de pessoas jogadas na mis\u00e9ria\u201d, alerta Fenae\",\"datePublished\":\"2020-12-29T14:34:54+00:00\",\"mainEntityOfPage\":{\"@id\":\"https:\\\/\\\/blogdofarnesio.com.br\\\/?p=275040\"},\"wordCount\":872,\"publisher\":{\"@id\":\"https:\\\/\\\/blogdofarnesio.com.br\\\/#organization\"},\"image\":{\"@id\":\"https:\\\/\\\/blogdofarnesio.com.br\\\/?p=275040#primaryimage\"},\"thumbnailUrl\":\"https:\\\/\\\/blogdofarnesio.com.br\\\/wp-content\\\/uploads\\\/2020\\\/12\\\/blogqspcaixa-auxilio-e1609243919278.jpg\",\"articleSection\":[\"A\u00e7\u00e3o Social\",\"Economia\"],\"inLanguage\":\"pt-BR\"},{\"@type\":\"WebPage\",\"@id\":\"https:\\\/\\\/blogdofarnesio.com.br\\\/?p=275040\",\"url\":\"https:\\\/\\\/blogdofarnesio.com.br\\\/?p=275040\",\"name\":\"\u00daltimos pagamentos do aux\u00edlio emergencial: \u201cSer\u00e3o dezenas de milhares de pessoas jogadas na mis\u00e9ria\u201d, alerta Fenae - Blog do Farn\u00e9sio\",\"isPartOf\":{\"@id\":\"https:\\\/\\\/blogdofarnesio.com.br\\\/#website\"},\"primaryImageOfPage\":{\"@id\":\"https:\\\/\\\/blogdofarnesio.com.br\\\/?p=275040#primaryimage\"},\"image\":{\"@id\":\"https:\\\/\\\/blogdofarnesio.com.br\\\/?p=275040#primaryimage\"},\"thumbnailUrl\":\"https:\\\/\\\/blogdofarnesio.com.br\\\/wp-content\\\/uploads\\\/2020\\\/12\\\/blogqspcaixa-auxilio-e1609243919278.jpg\",\"datePublished\":\"2020-12-29T14:34:54+00:00\",\"breadcrumb\":{\"@id\":\"https:\\\/\\\/blogdofarnesio.com.br\\\/?p=275040#breadcrumb\"},\"inLanguage\":\"pt-BR\",\"potentialAction\":[{\"@type\":\"ReadAction\",\"target\":[\"https:\\\/\\\/blogdofarnesio.com.br\\\/?p=275040\"]}]},{\"@type\":\"ImageObject\",\"inLanguage\":\"pt-BR\",\"@id\":\"https:\\\/\\\/blogdofarnesio.com.br\\\/?p=275040#primaryimage\",\"url\":\"https:\\\/\\\/blogdofarnesio.com.br\\\/wp-content\\\/uploads\\\/2020\\\/12\\\/blogqspcaixa-auxilio-e1609243919278.jpg\",\"contentUrl\":\"https:\\\/\\\/blogdofarnesio.com.br\\\/wp-content\\\/uploads\\\/2020\\\/12\\\/blogqspcaixa-auxilio-e1609243919278.jpg\",\"width\":680,\"height\":453},{\"@type\":\"BreadcrumbList\",\"@id\":\"https:\\\/\\\/blogdofarnesio.com.br\\\/?p=275040#breadcrumb\",\"itemListElement\":[{\"@type\":\"ListItem\",\"position\":1,\"name\":\"In\u00edcio\",\"item\":\"https:\\\/\\\/blogdofarnesio.com.br\\\/\"},{\"@type\":\"ListItem\",\"position\":2,\"name\":\"\u00daltimos pagamentos do aux\u00edlio emergencial: \u201cSer\u00e3o dezenas de milhares de pessoas jogadas na mis\u00e9ria\u201d, alerta Fenae\"}]},{\"@type\":\"WebSite\",\"@id\":\"https:\\\/\\\/blogdofarnesio.com.br\\\/#website\",\"url\":\"https:\\\/\\\/blogdofarnesio.com.br\\\/\",\"name\":\"Blog do Farn\u00e9sio\",\"description\":\"Quer Saber Pol\u00edtica?\",\"publisher\":{\"@id\":\"https:\\\/\\\/blogdofarnesio.com.br\\\/#organization\"},\"potentialAction\":[{\"@type\":\"SearchAction\",\"target\":{\"@type\":\"EntryPoint\",\"urlTemplate\":\"https:\\\/\\\/blogdofarnesio.com.br\\\/?s={search_term_string}\"},\"query-input\":{\"@type\":\"PropertyValueSpecification\",\"valueRequired\":true,\"valueName\":\"search_term_string\"}}],\"inLanguage\":\"pt-BR\"},{\"@type\":\"Organization\",\"@id\":\"https:\\\/\\\/blogdofarnesio.com.br\\\/#organization\",\"name\":\"Blog do Farn\u00e9sio\",\"url\":\"https:\\\/\\\/blogdofarnesio.com.br\\\/\",\"logo\":{\"@type\":\"ImageObject\",\"inLanguage\":\"pt-BR\",\"@id\":\"https:\\\/\\\/blogdofarnesio.com.br\\\/#\\\/schema\\\/logo\\\/image\\\/\",\"url\":\"https:\\\/\\\/blogdofarnesio.com.br\\\/wp-content\\\/uploads\\\/2026\\\/03\\\/cropped-logo_new-1.png\",\"contentUrl\":\"https:\\\/\\\/blogdofarnesio.com.br\\\/wp-content\\\/uploads\\\/2026\\\/03\\\/cropped-logo_new-1.png\",\"width\":881,\"height\":685,\"caption\":\"Blog do Farn\u00e9sio\"},\"image\":{\"@id\":\"https:\\\/\\\/blogdofarnesio.com.br\\\/#\\\/schema\\\/logo\\\/image\\\/\"},\"sameAs\":[\"https:\\\/\\\/www.facebook.com\\\/BlogQuerSaberPolitica\\\/\"]},{\"@type\":\"Person\",\"@id\":\"https:\\\/\\\/blogdofarnesio.com.br\\\/#\\\/schema\\\/person\\\/301c4acf522bccbfdb45af95b5b906a1\",\"name\":\"Farn\u00e9sio\",\"image\":{\"@type\":\"ImageObject\",\"inLanguage\":\"pt-BR\",\"@id\":\"https:\\\/\\\/secure.gravatar.com\\\/avatar\\\/df0c9a14567c056f8ad6876ba5bbd1e3e2c48023eb6807342fc4663adf549f38?s=96&d=mm&r=g\",\"url\":\"https:\\\/\\\/secure.gravatar.com\\\/avatar\\\/df0c9a14567c056f8ad6876ba5bbd1e3e2c48023eb6807342fc4663adf549f38?s=96&d=mm&r=g\",\"contentUrl\":\"https:\\\/\\\/secure.gravatar.com\\\/avatar\\\/df0c9a14567c056f8ad6876ba5bbd1e3e2c48023eb6807342fc4663adf549f38?s=96&d=mm&r=g\",\"caption\":\"Farn\u00e9sio\"},\"sameAs\":[\"https:\\\/\\\/quersaberpolitica.com.br\"],\"url\":\"https:\\\/\\\/blogdofarnesio.com.br\\\/?author=1\"}]}<\/script>\n<!-- \/ Yoast SEO plugin. -->","yoast_head_json":{"title":"\u00daltimos pagamentos do aux\u00edlio emergencial: \u201cSer\u00e3o dezenas de milhares de pessoas jogadas na mis\u00e9ria\u201d, alerta Fenae - Blog do Farn\u00e9sio","robots":{"index":"index","follow":"follow","max-snippet":"max-snippet:-1","max-image-preview":"max-image-preview:large","max-video-preview":"max-video-preview:-1"},"canonical":"https:\/\/blogdofarnesio.com.br\/?p=275040","og_locale":"pt_BR","og_type":"article","og_title":"\u00daltimos pagamentos do aux\u00edlio emergencial: \u201cSer\u00e3o dezenas de milhares de pessoas jogadas na mis\u00e9ria\u201d, alerta Fenae - Blog do Farn\u00e9sio","og_description":"At\u00e9 esta ter\u00e7a-feira (29), cerca de 3,2 milh\u00f5es de pessoas nascidas em novembro receber\u00e3o a \u00faltima parcela do Aux\u00edlio Emergencial Extens\u00e3o de R$ 300 e outras\u00a050,3 mil, tamb\u00e9m nascidas no referido m\u00eas, ter\u00e3o acesso aos \u00faltimos pagamentos do benef\u00edcio no valor de R$ 600.\u00a0Amanh\u00e3, recebem os benefici\u00e1rios nascidos em dezembro.\u00a0Para o grupo do Bolsa Fam\u00edlia, os pagamentos do aux\u00edlio foram encerrados no \u00faltimo dia 23 e a partir de janeiro estes trabalhadores voltam a receber somente o valor original da ajuda financeira. Os cen\u00e1rios econ\u00f4mico e sanit\u00e1rio do pa\u00eds e a decis\u00e3o do governo de encerrar nesta quinta-feira (31) o pagamento do aux\u00edlio emergencial aos brasileiros que mais necessitam de amparo do Executivo preocupam a Federa\u00e7\u00e3o Nacional das Associa\u00e7\u00f5es do&hellip;","og_url":"https:\/\/blogdofarnesio.com.br\/?p=275040","og_site_name":"Blog do Farn\u00e9sio","article_publisher":"https:\/\/www.facebook.com\/BlogQuerSaberPolitica\/","article_published_time":"2020-12-29T14:34:54+00:00","og_image":[{"width":680,"height":453,"url":"https:\/\/blogdofarnesio.com.br\/wp-content\/uploads\/2020\/12\/blogqspcaixa-auxilio-e1609243919278.jpg","type":"image\/jpeg"}],"author":"Farn\u00e9sio","twitter_card":"summary_large_image","twitter_misc":{"Escrito por":"Farn\u00e9sio","Est. tempo de leitura":"4 minutos"},"schema":{"@context":"https:\/\/schema.org","@graph":[{"@type":"Article","@id":"https:\/\/blogdofarnesio.com.br\/?p=275040#article","isPartOf":{"@id":"https:\/\/blogdofarnesio.com.br\/?p=275040"},"author":{"name":"Farn\u00e9sio","@id":"https:\/\/blogdofarnesio.com.br\/#\/schema\/person\/301c4acf522bccbfdb45af95b5b906a1"},"headline":"\u00daltimos pagamentos do aux\u00edlio emergencial: \u201cSer\u00e3o dezenas de milhares de pessoas jogadas na mis\u00e9ria\u201d, alerta Fenae","datePublished":"2020-12-29T14:34:54+00:00","mainEntityOfPage":{"@id":"https:\/\/blogdofarnesio.com.br\/?p=275040"},"wordCount":872,"publisher":{"@id":"https:\/\/blogdofarnesio.com.br\/#organization"},"image":{"@id":"https:\/\/blogdofarnesio.com.br\/?p=275040#primaryimage"},"thumbnailUrl":"https:\/\/blogdofarnesio.com.br\/wp-content\/uploads\/2020\/12\/blogqspcaixa-auxilio-e1609243919278.jpg","articleSection":["A\u00e7\u00e3o Social","Economia"],"inLanguage":"pt-BR"},{"@type":"WebPage","@id":"https:\/\/blogdofarnesio.com.br\/?p=275040","url":"https:\/\/blogdofarnesio.com.br\/?p=275040","name":"\u00daltimos pagamentos do aux\u00edlio emergencial: \u201cSer\u00e3o dezenas de milhares de pessoas jogadas na mis\u00e9ria\u201d, alerta Fenae - Blog do Farn\u00e9sio","isPartOf":{"@id":"https:\/\/blogdofarnesio.com.br\/#website"},"primaryImageOfPage":{"@id":"https:\/\/blogdofarnesio.com.br\/?p=275040#primaryimage"},"image":{"@id":"https:\/\/blogdofarnesio.com.br\/?p=275040#primaryimage"},"thumbnailUrl":"https:\/\/blogdofarnesio.com.br\/wp-content\/uploads\/2020\/12\/blogqspcaixa-auxilio-e1609243919278.jpg","datePublished":"2020-12-29T14:34:54+00:00","breadcrumb":{"@id":"https:\/\/blogdofarnesio.com.br\/?p=275040#breadcrumb"},"inLanguage":"pt-BR","potentialAction":[{"@type":"ReadAction","target":["https:\/\/blogdofarnesio.com.br\/?p=275040"]}]},{"@type":"ImageObject","inLanguage":"pt-BR","@id":"https:\/\/blogdofarnesio.com.br\/?p=275040#primaryimage","url":"https:\/\/blogdofarnesio.com.br\/wp-content\/uploads\/2020\/12\/blogqspcaixa-auxilio-e1609243919278.jpg","contentUrl":"https:\/\/blogdofarnesio.com.br\/wp-content\/uploads\/2020\/12\/blogqspcaixa-auxilio-e1609243919278.jpg","width":680,"height":453},{"@type":"BreadcrumbList","@id":"https:\/\/blogdofarnesio.com.br\/?p=275040#breadcrumb","itemListElement":[{"@type":"ListItem","position":1,"name":"In\u00edcio","item":"https:\/\/blogdofarnesio.com.br\/"},{"@type":"ListItem","position":2,"name":"\u00daltimos pagamentos do aux\u00edlio emergencial: \u201cSer\u00e3o dezenas de milhares de pessoas jogadas na mis\u00e9ria\u201d, alerta Fenae"}]},{"@type":"WebSite","@id":"https:\/\/blogdofarnesio.com.br\/#website","url":"https:\/\/blogdofarnesio.com.br\/","name":"Blog do Farn\u00e9sio","description":"Quer Saber Pol\u00edtica?","publisher":{"@id":"https:\/\/blogdofarnesio.com.br\/#organization"},"potentialAction":[{"@type":"SearchAction","target":{"@type":"EntryPoint","urlTemplate":"https:\/\/blogdofarnesio.com.br\/?s={search_term_string}"},"query-input":{"@type":"PropertyValueSpecification","valueRequired":true,"valueName":"search_term_string"}}],"inLanguage":"pt-BR"},{"@type":"Organization","@id":"https:\/\/blogdofarnesio.com.br\/#organization","name":"Blog do Farn\u00e9sio","url":"https:\/\/blogdofarnesio.com.br\/","logo":{"@type":"ImageObject","inLanguage":"pt-BR","@id":"https:\/\/blogdofarnesio.com.br\/#\/schema\/logo\/image\/","url":"https:\/\/blogdofarnesio.com.br\/wp-content\/uploads\/2026\/03\/cropped-logo_new-1.png","contentUrl":"https:\/\/blogdofarnesio.com.br\/wp-content\/uploads\/2026\/03\/cropped-logo_new-1.png","width":881,"height":685,"caption":"Blog do Farn\u00e9sio"},"image":{"@id":"https:\/\/blogdofarnesio.com.br\/#\/schema\/logo\/image\/"},"sameAs":["https:\/\/www.facebook.com\/BlogQuerSaberPolitica\/"]},{"@type":"Person","@id":"https:\/\/blogdofarnesio.com.br\/#\/schema\/person\/301c4acf522bccbfdb45af95b5b906a1","name":"Farn\u00e9sio","image":{"@type":"ImageObject","inLanguage":"pt-BR","@id":"https:\/\/secure.gravatar.com\/avatar\/df0c9a14567c056f8ad6876ba5bbd1e3e2c48023eb6807342fc4663adf549f38?s=96&d=mm&r=g","url":"https:\/\/secure.gravatar.com\/avatar\/df0c9a14567c056f8ad6876ba5bbd1e3e2c48023eb6807342fc4663adf549f38?s=96&d=mm&r=g","contentUrl":"https:\/\/secure.gravatar.com\/avatar\/df0c9a14567c056f8ad6876ba5bbd1e3e2c48023eb6807342fc4663adf549f38?s=96&d=mm&r=g","caption":"Farn\u00e9sio"},"sameAs":["https:\/\/quersaberpolitica.com.br"],"url":"https:\/\/blogdofarnesio.com.br\/?author=1"}]}},"_links":{"self":[{"href":"https:\/\/blogdofarnesio.com.br\/index.php?rest_route=\/wp\/v2\/posts\/275040","targetHints":{"allow":["GET"]}}],"collection":[{"href":"https:\/\/blogdofarnesio.com.br\/index.php?rest_route=\/wp\/v2\/posts"}],"about":[{"href":"https:\/\/blogdofarnesio.com.br\/index.php?rest_route=\/wp\/v2\/types\/post"}],"author":[{"embeddable":true,"href":"https:\/\/blogdofarnesio.com.br\/index.php?rest_route=\/wp\/v2\/users\/1"}],"replies":[{"embeddable":true,"href":"https:\/\/blogdofarnesio.com.br\/index.php?rest_route=%2Fwp%2Fv2%2Fcomments&post=275040"}],"version-history":[{"count":0,"href":"https:\/\/blogdofarnesio.com.br\/index.php?rest_route=\/wp\/v2\/posts\/275040\/revisions"}],"wp:featuredmedia":[{"embeddable":true,"href":"https:\/\/blogdofarnesio.com.br\/index.php?rest_route=\/wp\/v2\/media\/275041"}],"wp:attachment":[{"href":"https:\/\/blogdofarnesio.com.br\/index.php?rest_route=%2Fwp%2Fv2%2Fmedia&parent=275040"}],"wp:term":[{"taxonomy":"category","embeddable":true,"href":"https:\/\/blogdofarnesio.com.br\/index.php?rest_route=%2Fwp%2Fv2%2Fcategories&post=275040"},{"taxonomy":"post_tag","embeddable":true,"href":"https:\/\/blogdofarnesio.com.br\/index.php?rest_route=%2Fwp%2Fv2%2Ftags&post=275040"}],"curies":[{"name":"wp","href":"https:\/\/api.w.org\/{rel}","templated":true}]}}