{"id":275035,"date":"2020-12-29T12:39:07","date_gmt":"2020-12-29T15:39:07","guid":{"rendered":"http:\/\/quersaberpolitica.com.br\/2016\/?p=275035"},"modified":"2020-12-29T12:39:07","modified_gmt":"2020-12-29T15:39:07","slug":"anunciado-mais-um-nome-do-primeiro-escalao-da-prefeita-suzana-ramos-fernanda-barros-sera-a-assessora-de-comunicacao-da-prefeitura-de-juazeiro-ba","status":"publish","type":"post","link":"https:\/\/blogdofarnesio.com.br\/?p=275035","title":{"rendered":"Anunciado mais um nome do primeiro escal\u00e3o da prefeita Suzana Ramos: Fernanda Barros ser\u00e1 a Assessora de Comunica\u00e7\u00e3o da Prefeitura de Juazeiro-BA"},"content":{"rendered":"<p style=\"font-weight: 400;\">A Assessoria de Comunica\u00e7\u00e3o da Prefeitura Municipal de Juazeiro ficar\u00e1 sob a responsabilidade da jornalista Fernanda Coelho de Barros. A informa\u00e7\u00e3o est\u00e1 nas redes sociais da prefeita eleita da cidade, Suzana Ramos (PSDB).<\/p>\n<p style=\"font-weight: 400;\">Graduada pela Universidade do Estado da Bahia (UNEB) em Comunica\u00e7\u00e3o Social com Habilita\u00e7\u00e3o em Jornalismo, Fernanda tamb\u00e9m \u00e9 licenciada em Letras Vern\u00e1culas e p\u00f3s-graduada em Comunica\u00e7\u00e3o e Educa\u00e7\u00e3o.<\/p>\n<p style=\"font-weight: 400;\">Sua experi\u00eancia inclui trabalhos nas TV S\u00e3o Francisco, TV Grande Rio, TV Sul Bahia, blog do Carlos Britto, Assessoria de Comunica\u00e7\u00e3o do Sebrae, e Prefeitura Municipal de Ibirapu\u00e3 (BA), onde ocupou o cargo de Chefe de Gabinete e Assessora de Comunica\u00e7\u00e3o.<\/p>\n","protected":false},"excerpt":{"rendered":"<p>A Assessoria de Comunica\u00e7\u00e3o da Prefeitura Municipal de Juazeiro ficar\u00e1 sob a responsabilidade da jornalista Fernanda Coelho de Barros. A informa\u00e7\u00e3o est\u00e1 nas redes sociais da prefeita eleita da cidade, Suzana Ramos (PSDB). Graduada pela Universidade do Estado da Bahia (UNEB) em Comunica\u00e7\u00e3o Social com Habilita\u00e7\u00e3o em Jornalismo, Fernanda tamb\u00e9m \u00e9 licenciada em Letras Vern\u00e1culas e p\u00f3s-graduada em Comunica\u00e7\u00e3o e Educa\u00e7\u00e3o. Sua experi\u00eancia inclui trabalhos nas TV S\u00e3o Francisco, TV Grande Rio, TV Sul Bahia, blog do Carlos Britto, Assessoria de Comunica\u00e7\u00e3o do Sebrae, e Prefeitura Municipal de Ibirapu\u00e3 (BA), onde ocupou o cargo de Chefe de Gabinete e Assessora de Comunica\u00e7\u00e3o.<\/p>\n","protected":false},"author":1,"featured_media":275036,"comment_status":"closed","ping_status":"closed","sticky":false,"template":"","format":"standard","meta":{"_acf_changed":false,"footnotes":""},"categories":[1],"tags":[],"class_list":["post-275035","post","type-post","status-publish","format-standard","has-post-thumbnail","hentry","category-politica"],"acf":[],"yoast_head":"<!-- This site is optimized with the Yoast SEO plugin v27.4 - https:\/\/yoast.com\/product\/yoast-seo-wordpress\/ -->\n<title>Anunciado mais um nome do primeiro escal\u00e3o da prefeita Suzana Ramos: Fernanda Barros ser\u00e1 a Assessora de Comunica\u00e7\u00e3o da Prefeitura de Juazeiro-BA - Blog do Farn\u00e9sio<\/title>\n<meta name=\"robots\" content=\"index, follow, max-snippet:-1, max-image-preview:large, max-video-preview:-1\" \/>\n<link rel=\"canonical\" href=\"https:\/\/blogdofarnesio.com.br\/?p=275035\" \/>\n<meta property=\"og:locale\" content=\"pt_BR\" \/>\n<meta property=\"og:type\" content=\"article\" \/>\n<meta property=\"og:title\" content=\"Anunciado mais um nome do primeiro escal\u00e3o da prefeita Suzana Ramos: Fernanda Barros ser\u00e1 a Assessora de Comunica\u00e7\u00e3o da Prefeitura de Juazeiro-BA - Blog do Farn\u00e9sio\" \/>\n<meta property=\"og:description\" content=\"A Assessoria de Comunica\u00e7\u00e3o da Prefeitura Municipal de Juazeiro ficar\u00e1 sob a responsabilidade da jornalista Fernanda Coelho de Barros. A informa\u00e7\u00e3o est\u00e1 nas redes sociais da prefeita eleita da cidade, Suzana Ramos (PSDB). Graduada pela Universidade do Estado da Bahia (UNEB) em Comunica\u00e7\u00e3o Social com Habilita\u00e7\u00e3o em Jornalismo, Fernanda tamb\u00e9m \u00e9 licenciada em Letras Vern\u00e1culas e p\u00f3s-graduada em Comunica\u00e7\u00e3o e Educa\u00e7\u00e3o. Sua experi\u00eancia inclui trabalhos nas TV S\u00e3o Francisco, TV Grande Rio, TV Sul Bahia, blog do Carlos Britto, Assessoria de Comunica\u00e7\u00e3o do Sebrae, e Prefeitura Municipal de Ibirapu\u00e3 (BA), onde ocupou o cargo de Chefe de Gabinete e Assessora de Comunica\u00e7\u00e3o.\" \/>\n<meta property=\"og:url\" content=\"https:\/\/blogdofarnesio.com.br\/?p=275035\" \/>\n<meta property=\"og:site_name\" content=\"Blog do Farn\u00e9sio\" \/>\n<meta property=\"article:publisher\" content=\"https:\/\/www.facebook.com\/BlogQuerSaberPolitica\/\" \/>\n<meta property=\"article:published_time\" content=\"2020-12-29T15:39:07+00:00\" \/>\n<meta property=\"og:image\" content=\"https:\/\/blogdofarnesio.com.br\/wp-content\/uploads\/2020\/12\/blogqspjua-ass-comunicacao-Fernanda-Barros-2-e1609243130612.jpg\" \/>\n\t<meta property=\"og:image:width\" content=\"609\" \/>\n\t<meta property=\"og:image:height\" content=\"543\" \/>\n\t<meta property=\"og:image:type\" content=\"image\/jpeg\" \/>\n<meta name=\"author\" content=\"Farn\u00e9sio\" \/>\n<meta name=\"twitter:card\" content=\"summary_large_image\" \/>\n<meta name=\"twitter:label1\" content=\"Escrito por\" \/>\n\t<meta name=\"twitter:data1\" content=\"Farn\u00e9sio\" \/>\n\t<meta name=\"twitter:label2\" content=\"Est. tempo de leitura\" \/>\n\t<meta name=\"twitter:data2\" content=\"1 minuto\" \/>\n<script type=\"application\/ld+json\" class=\"yoast-schema-graph\">{\"@context\":\"https:\\\/\\\/schema.org\",\"@graph\":[{\"@type\":\"Article\",\"@id\":\"https:\\\/\\\/blogdofarnesio.com.br\\\/?p=275035#article\",\"isPartOf\":{\"@id\":\"https:\\\/\\\/blogdofarnesio.com.br\\\/?p=275035\"},\"author\":{\"name\":\"Farn\u00e9sio\",\"@id\":\"https:\\\/\\\/blogdofarnesio.com.br\\\/#\\\/schema\\\/person\\\/301c4acf522bccbfdb45af95b5b906a1\"},\"headline\":\"Anunciado mais um nome do primeiro escal\u00e3o da prefeita Suzana Ramos: Fernanda Barros ser\u00e1 a Assessora de Comunica\u00e7\u00e3o da Prefeitura de Juazeiro-BA\",\"datePublished\":\"2020-12-29T15:39:07+00:00\",\"mainEntityOfPage\":{\"@id\":\"https:\\\/\\\/blogdofarnesio.com.br\\\/?p=275035\"},\"wordCount\":138,\"publisher\":{\"@id\":\"https:\\\/\\\/blogdofarnesio.com.br\\\/#organization\"},\"image\":{\"@id\":\"https:\\\/\\\/blogdofarnesio.com.br\\\/?p=275035#primaryimage\"},\"thumbnailUrl\":\"https:\\\/\\\/blogdofarnesio.com.br\\\/wp-content\\\/uploads\\\/2020\\\/12\\\/blogqspjua-ass-comunicacao-Fernanda-Barros-2-e1609243130612.jpg\",\"articleSection\":[\"Pol\u00edtica\"],\"inLanguage\":\"pt-BR\"},{\"@type\":\"WebPage\",\"@id\":\"https:\\\/\\\/blogdofarnesio.com.br\\\/?p=275035\",\"url\":\"https:\\\/\\\/blogdofarnesio.com.br\\\/?p=275035\",\"name\":\"Anunciado mais um nome do primeiro escal\u00e3o da prefeita Suzana Ramos: Fernanda Barros ser\u00e1 a Assessora de Comunica\u00e7\u00e3o da Prefeitura de Juazeiro-BA - Blog do Farn\u00e9sio\",\"isPartOf\":{\"@id\":\"https:\\\/\\\/blogdofarnesio.com.br\\\/#website\"},\"primaryImageOfPage\":{\"@id\":\"https:\\\/\\\/blogdofarnesio.com.br\\\/?p=275035#primaryimage\"},\"image\":{\"@id\":\"https:\\\/\\\/blogdofarnesio.com.br\\\/?p=275035#primaryimage\"},\"thumbnailUrl\":\"https:\\\/\\\/blogdofarnesio.com.br\\\/wp-content\\\/uploads\\\/2020\\\/12\\\/blogqspjua-ass-comunicacao-Fernanda-Barros-2-e1609243130612.jpg\",\"datePublished\":\"2020-12-29T15:39:07+00:00\",\"breadcrumb\":{\"@id\":\"https:\\\/\\\/blogdofarnesio.com.br\\\/?p=275035#breadcrumb\"},\"inLanguage\":\"pt-BR\",\"potentialAction\":[{\"@type\":\"ReadAction\",\"target\":[\"https:\\\/\\\/blogdofarnesio.com.br\\\/?p=275035\"]}]},{\"@type\":\"ImageObject\",\"inLanguage\":\"pt-BR\",\"@id\":\"https:\\\/\\\/blogdofarnesio.com.br\\\/?p=275035#primaryimage\",\"url\":\"https:\\\/\\\/blogdofarnesio.com.br\\\/wp-content\\\/uploads\\\/2020\\\/12\\\/blogqspjua-ass-comunicacao-Fernanda-Barros-2-e1609243130612.jpg\",\"contentUrl\":\"https:\\\/\\\/blogdofarnesio.com.br\\\/wp-content\\\/uploads\\\/2020\\\/12\\\/blogqspjua-ass-comunicacao-Fernanda-Barros-2-e1609243130612.jpg\",\"width\":609,\"height\":543},{\"@type\":\"BreadcrumbList\",\"@id\":\"https:\\\/\\\/blogdofarnesio.com.br\\\/?p=275035#breadcrumb\",\"itemListElement\":[{\"@type\":\"ListItem\",\"position\":1,\"name\":\"In\u00edcio\",\"item\":\"https:\\\/\\\/blogdofarnesio.com.br\\\/\"},{\"@type\":\"ListItem\",\"position\":2,\"name\":\"Anunciado mais um nome do primeiro escal\u00e3o da prefeita Suzana Ramos: Fernanda Barros ser\u00e1 a Assessora de Comunica\u00e7\u00e3o da Prefeitura de Juazeiro-BA\"}]},{\"@type\":\"WebSite\",\"@id\":\"https:\\\/\\\/blogdofarnesio.com.br\\\/#website\",\"url\":\"https:\\\/\\\/blogdofarnesio.com.br\\\/\",\"name\":\"Blog do Farn\u00e9sio\",\"description\":\"Quer Saber Pol\u00edtica?\",\"publisher\":{\"@id\":\"https:\\\/\\\/blogdofarnesio.com.br\\\/#organization\"},\"potentialAction\":[{\"@type\":\"SearchAction\",\"target\":{\"@type\":\"EntryPoint\",\"urlTemplate\":\"https:\\\/\\\/blogdofarnesio.com.br\\\/?s={search_term_string}\"},\"query-input\":{\"@type\":\"PropertyValueSpecification\",\"valueRequired\":true,\"valueName\":\"search_term_string\"}}],\"inLanguage\":\"pt-BR\"},{\"@type\":\"Organization\",\"@id\":\"https:\\\/\\\/blogdofarnesio.com.br\\\/#organization\",\"name\":\"Blog do Farn\u00e9sio\",\"url\":\"https:\\\/\\\/blogdofarnesio.com.br\\\/\",\"logo\":{\"@type\":\"ImageObject\",\"inLanguage\":\"pt-BR\",\"@id\":\"https:\\\/\\\/blogdofarnesio.com.br\\\/#\\\/schema\\\/logo\\\/image\\\/\",\"url\":\"https:\\\/\\\/blogdofarnesio.com.br\\\/wp-content\\\/uploads\\\/2026\\\/03\\\/cropped-logo_new-1.png\",\"contentUrl\":\"https:\\\/\\\/blogdofarnesio.com.br\\\/wp-content\\\/uploads\\\/2026\\\/03\\\/cropped-logo_new-1.png\",\"width\":881,\"height\":685,\"caption\":\"Blog do Farn\u00e9sio\"},\"image\":{\"@id\":\"https:\\\/\\\/blogdofarnesio.com.br\\\/#\\\/schema\\\/logo\\\/image\\\/\"},\"sameAs\":[\"https:\\\/\\\/www.facebook.com\\\/BlogQuerSaberPolitica\\\/\"]},{\"@type\":\"Person\",\"@id\":\"https:\\\/\\\/blogdofarnesio.com.br\\\/#\\\/schema\\\/person\\\/301c4acf522bccbfdb45af95b5b906a1\",\"name\":\"Farn\u00e9sio\",\"image\":{\"@type\":\"ImageObject\",\"inLanguage\":\"pt-BR\",\"@id\":\"https:\\\/\\\/secure.gravatar.com\\\/avatar\\\/df0c9a14567c056f8ad6876ba5bbd1e3e2c48023eb6807342fc4663adf549f38?s=96&d=mm&r=g\",\"url\":\"https:\\\/\\\/secure.gravatar.com\\\/avatar\\\/df0c9a14567c056f8ad6876ba5bbd1e3e2c48023eb6807342fc4663adf549f38?s=96&d=mm&r=g\",\"contentUrl\":\"https:\\\/\\\/secure.gravatar.com\\\/avatar\\\/df0c9a14567c056f8ad6876ba5bbd1e3e2c48023eb6807342fc4663adf549f38?s=96&d=mm&r=g\",\"caption\":\"Farn\u00e9sio\"},\"sameAs\":[\"https:\\\/\\\/quersaberpolitica.com.br\"],\"url\":\"https:\\\/\\\/blogdofarnesio.com.br\\\/?author=1\"}]}<\/script>\n<!-- \/ Yoast SEO plugin. -->","yoast_head_json":{"title":"Anunciado mais um nome do primeiro escal\u00e3o da prefeita Suzana Ramos: Fernanda Barros ser\u00e1 a Assessora de Comunica\u00e7\u00e3o da Prefeitura de Juazeiro-BA - Blog do Farn\u00e9sio","robots":{"index":"index","follow":"follow","max-snippet":"max-snippet:-1","max-image-preview":"max-image-preview:large","max-video-preview":"max-video-preview:-1"},"canonical":"https:\/\/blogdofarnesio.com.br\/?p=275035","og_locale":"pt_BR","og_type":"article","og_title":"Anunciado mais um nome do primeiro escal\u00e3o da prefeita Suzana Ramos: Fernanda Barros ser\u00e1 a Assessora de Comunica\u00e7\u00e3o da Prefeitura de Juazeiro-BA - Blog do Farn\u00e9sio","og_description":"A Assessoria de Comunica\u00e7\u00e3o da Prefeitura Municipal de Juazeiro ficar\u00e1 sob a responsabilidade da jornalista Fernanda Coelho de Barros. A informa\u00e7\u00e3o est\u00e1 nas redes sociais da prefeita eleita da cidade, Suzana Ramos (PSDB). Graduada pela Universidade do Estado da Bahia (UNEB) em Comunica\u00e7\u00e3o Social com Habilita\u00e7\u00e3o em Jornalismo, Fernanda tamb\u00e9m \u00e9 licenciada em Letras Vern\u00e1culas e p\u00f3s-graduada em Comunica\u00e7\u00e3o e Educa\u00e7\u00e3o. Sua experi\u00eancia inclui trabalhos nas TV S\u00e3o Francisco, TV Grande Rio, TV Sul Bahia, blog do Carlos Britto, Assessoria de Comunica\u00e7\u00e3o do Sebrae, e Prefeitura Municipal de Ibirapu\u00e3 (BA), onde ocupou o cargo de Chefe de Gabinete e Assessora de Comunica\u00e7\u00e3o.","og_url":"https:\/\/blogdofarnesio.com.br\/?p=275035","og_site_name":"Blog do Farn\u00e9sio","article_publisher":"https:\/\/www.facebook.com\/BlogQuerSaberPolitica\/","article_published_time":"2020-12-29T15:39:07+00:00","og_image":[{"width":609,"height":543,"url":"https:\/\/blogdofarnesio.com.br\/wp-content\/uploads\/2020\/12\/blogqspjua-ass-comunicacao-Fernanda-Barros-2-e1609243130612.jpg","type":"image\/jpeg"}],"author":"Farn\u00e9sio","twitter_card":"summary_large_image","twitter_misc":{"Escrito por":"Farn\u00e9sio","Est. tempo de leitura":"1 minuto"},"schema":{"@context":"https:\/\/schema.org","@graph":[{"@type":"Article","@id":"https:\/\/blogdofarnesio.com.br\/?p=275035#article","isPartOf":{"@id":"https:\/\/blogdofarnesio.com.br\/?p=275035"},"author":{"name":"Farn\u00e9sio","@id":"https:\/\/blogdofarnesio.com.br\/#\/schema\/person\/301c4acf522bccbfdb45af95b5b906a1"},"headline":"Anunciado mais um nome do primeiro escal\u00e3o da prefeita Suzana Ramos: Fernanda Barros ser\u00e1 a Assessora de Comunica\u00e7\u00e3o da Prefeitura de Juazeiro-BA","datePublished":"2020-12-29T15:39:07+00:00","mainEntityOfPage":{"@id":"https:\/\/blogdofarnesio.com.br\/?p=275035"},"wordCount":138,"publisher":{"@id":"https:\/\/blogdofarnesio.com.br\/#organization"},"image":{"@id":"https:\/\/blogdofarnesio.com.br\/?p=275035#primaryimage"},"thumbnailUrl":"https:\/\/blogdofarnesio.com.br\/wp-content\/uploads\/2020\/12\/blogqspjua-ass-comunicacao-Fernanda-Barros-2-e1609243130612.jpg","articleSection":["Pol\u00edtica"],"inLanguage":"pt-BR"},{"@type":"WebPage","@id":"https:\/\/blogdofarnesio.com.br\/?p=275035","url":"https:\/\/blogdofarnesio.com.br\/?p=275035","name":"Anunciado mais um nome do primeiro escal\u00e3o da prefeita Suzana Ramos: Fernanda Barros ser\u00e1 a Assessora de Comunica\u00e7\u00e3o da Prefeitura de Juazeiro-BA - Blog do Farn\u00e9sio","isPartOf":{"@id":"https:\/\/blogdofarnesio.com.br\/#website"},"primaryImageOfPage":{"@id":"https:\/\/blogdofarnesio.com.br\/?p=275035#primaryimage"},"image":{"@id":"https:\/\/blogdofarnesio.com.br\/?p=275035#primaryimage"},"thumbnailUrl":"https:\/\/blogdofarnesio.com.br\/wp-content\/uploads\/2020\/12\/blogqspjua-ass-comunicacao-Fernanda-Barros-2-e1609243130612.jpg","datePublished":"2020-12-29T15:39:07+00:00","breadcrumb":{"@id":"https:\/\/blogdofarnesio.com.br\/?p=275035#breadcrumb"},"inLanguage":"pt-BR","potentialAction":[{"@type":"ReadAction","target":["https:\/\/blogdofarnesio.com.br\/?p=275035"]}]},{"@type":"ImageObject","inLanguage":"pt-BR","@id":"https:\/\/blogdofarnesio.com.br\/?p=275035#primaryimage","url":"https:\/\/blogdofarnesio.com.br\/wp-content\/uploads\/2020\/12\/blogqspjua-ass-comunicacao-Fernanda-Barros-2-e1609243130612.jpg","contentUrl":"https:\/\/blogdofarnesio.com.br\/wp-content\/uploads\/2020\/12\/blogqspjua-ass-comunicacao-Fernanda-Barros-2-e1609243130612.jpg","width":609,"height":543},{"@type":"BreadcrumbList","@id":"https:\/\/blogdofarnesio.com.br\/?p=275035#breadcrumb","itemListElement":[{"@type":"ListItem","position":1,"name":"In\u00edcio","item":"https:\/\/blogdofarnesio.com.br\/"},{"@type":"ListItem","position":2,"name":"Anunciado mais um nome do primeiro escal\u00e3o da prefeita Suzana Ramos: Fernanda Barros ser\u00e1 a Assessora de Comunica\u00e7\u00e3o da Prefeitura de Juazeiro-BA"}]},{"@type":"WebSite","@id":"https:\/\/blogdofarnesio.com.br\/#website","url":"https:\/\/blogdofarnesio.com.br\/","name":"Blog do Farn\u00e9sio","description":"Quer Saber Pol\u00edtica?","publisher":{"@id":"https:\/\/blogdofarnesio.com.br\/#organization"},"potentialAction":[{"@type":"SearchAction","target":{"@type":"EntryPoint","urlTemplate":"https:\/\/blogdofarnesio.com.br\/?s={search_term_string}"},"query-input":{"@type":"PropertyValueSpecification","valueRequired":true,"valueName":"search_term_string"}}],"inLanguage":"pt-BR"},{"@type":"Organization","@id":"https:\/\/blogdofarnesio.com.br\/#organization","name":"Blog do Farn\u00e9sio","url":"https:\/\/blogdofarnesio.com.br\/","logo":{"@type":"ImageObject","inLanguage":"pt-BR","@id":"https:\/\/blogdofarnesio.com.br\/#\/schema\/logo\/image\/","url":"https:\/\/blogdofarnesio.com.br\/wp-content\/uploads\/2026\/03\/cropped-logo_new-1.png","contentUrl":"https:\/\/blogdofarnesio.com.br\/wp-content\/uploads\/2026\/03\/cropped-logo_new-1.png","width":881,"height":685,"caption":"Blog do Farn\u00e9sio"},"image":{"@id":"https:\/\/blogdofarnesio.com.br\/#\/schema\/logo\/image\/"},"sameAs":["https:\/\/www.facebook.com\/BlogQuerSaberPolitica\/"]},{"@type":"Person","@id":"https:\/\/blogdofarnesio.com.br\/#\/schema\/person\/301c4acf522bccbfdb45af95b5b906a1","name":"Farn\u00e9sio","image":{"@type":"ImageObject","inLanguage":"pt-BR","@id":"https:\/\/secure.gravatar.com\/avatar\/df0c9a14567c056f8ad6876ba5bbd1e3e2c48023eb6807342fc4663adf549f38?s=96&d=mm&r=g","url":"https:\/\/secure.gravatar.com\/avatar\/df0c9a14567c056f8ad6876ba5bbd1e3e2c48023eb6807342fc4663adf549f38?s=96&d=mm&r=g","contentUrl":"https:\/\/secure.gravatar.com\/avatar\/df0c9a14567c056f8ad6876ba5bbd1e3e2c48023eb6807342fc4663adf549f38?s=96&d=mm&r=g","caption":"Farn\u00e9sio"},"sameAs":["https:\/\/quersaberpolitica.com.br"],"url":"https:\/\/blogdofarnesio.com.br\/?author=1"}]}},"_links":{"self":[{"href":"https:\/\/blogdofarnesio.com.br\/index.php?rest_route=\/wp\/v2\/posts\/275035","targetHints":{"allow":["GET"]}}],"collection":[{"href":"https:\/\/blogdofarnesio.com.br\/index.php?rest_route=\/wp\/v2\/posts"}],"about":[{"href":"https:\/\/blogdofarnesio.com.br\/index.php?rest_route=\/wp\/v2\/types\/post"}],"author":[{"embeddable":true,"href":"https:\/\/blogdofarnesio.com.br\/index.php?rest_route=\/wp\/v2\/users\/1"}],"replies":[{"embeddable":true,"href":"https:\/\/blogdofarnesio.com.br\/index.php?rest_route=%2Fwp%2Fv2%2Fcomments&post=275035"}],"version-history":[{"count":0,"href":"https:\/\/blogdofarnesio.com.br\/index.php?rest_route=\/wp\/v2\/posts\/275035\/revisions"}],"wp:featuredmedia":[{"embeddable":true,"href":"https:\/\/blogdofarnesio.com.br\/index.php?rest_route=\/wp\/v2\/media\/275036"}],"wp:attachment":[{"href":"https:\/\/blogdofarnesio.com.br\/index.php?rest_route=%2Fwp%2Fv2%2Fmedia&parent=275035"}],"wp:term":[{"taxonomy":"category","embeddable":true,"href":"https:\/\/blogdofarnesio.com.br\/index.php?rest_route=%2Fwp%2Fv2%2Fcategories&post=275035"},{"taxonomy":"post_tag","embeddable":true,"href":"https:\/\/blogdofarnesio.com.br\/index.php?rest_route=%2Fwp%2Fv2%2Ftags&post=275035"}],"curies":[{"name":"wp","href":"https:\/\/api.w.org\/{rel}","templated":true}]}}