{"id":273323,"date":"2020-12-03T12:00:29","date_gmt":"2020-12-03T15:00:29","guid":{"rendered":"http:\/\/quersaberpolitica.com.br\/2016\/?p=273323"},"modified":"2020-12-02T22:09:19","modified_gmt":"2020-12-03T01:09:19","slug":"bloco-de-oposicao-ao-governador-paulo-camara-adia-votacao-de-pacotaco-do-governo-na-comissao-de-financas","status":"publish","type":"post","link":"https:\/\/blogdofarnesio.com.br\/?p=273323","title":{"rendered":"Bloco de Oposi\u00e7\u00e3o ao governador Paulo C\u00e2mara adia vota\u00e7\u00e3o de pacota\u00e7o do Governo na Comiss\u00e3o de Finan\u00e7as"},"content":{"rendered":"<p>Manobra regimental conduzida pelo deputado estadual Antonio Coelho (DEM), l\u00edder da Oposi\u00e7\u00e3o, garantiu que o pacota\u00e7o apresentado pelo Governo Paulo C\u00e2mara tivesse a aprova\u00e7\u00e3o postergada durante reuni\u00e3o da Comiss\u00e3o de Finan\u00e7as Or\u00e7amento e Tributa\u00e7\u00e3o nesta quarta-feira (02).<\/p>\n<p>A atua\u00e7\u00e3o do democrata teve como finalidade assegurar maior prazo para an\u00e1lise de projetos de lei do Executivo, os quais prop\u00f5em a aprova\u00e7\u00e3o de uma s\u00e9rie de medidas arrecadat\u00f3rias ao apagar das luzes deste fim de ano, a exemplo do PL 1605\/2020 e o 1720\/2020.<\/p>\n<p>O embargo \u00e0 vota\u00e7\u00e3o teve como base o n\u00e3o cumprimento do rito regimental institu\u00eddo pela Resolu\u00e7\u00e3o n\u00ba 1667, em seu artigo 4\u00ba, inciso III, o qual determina que as datas e os hor\u00e1rios das sess\u00f5es virtuais, por meio do Sistema de Delibera\u00e7\u00e3o Remota (SDR), dever\u00e3o ser divulgados previamente, com anteced\u00eancia m\u00ednima de 48 horas de sua realiza\u00e7\u00e3o e indica\u00e7\u00e3o da mat\u00e9ria a ser deliberada. \u201cPrazo, esse, que n\u00e3o foi cumprido\u201d, destacou o democrata.<\/p>\n<p>A deputada estadual Priscila Krause (DEM), durante sua interven\u00e7\u00e3o, considerou pertinente a atua\u00e7\u00e3o do L\u00edder da bancada e tamb\u00e9m defendeu o adiamento da aprecia\u00e7\u00e3o dos projetos em an\u00e1lise na sess\u00e3o de hoje da Comiss\u00e3o, lembrando que tal posicionamento j\u00e1 foi utilizado em momentos anteriores pelo colegiado. \u201cN\u00e3o podemos colocar em risco o resultado das mat\u00e9rias que ser\u00e3o analisadas &#8211; tendo em vista a import\u00e2ncia delas &#8211; por algum questionamento posterior devido ao descumprimento de Regimento\u201d, ressaltou a parlamentar.<\/p>\n<p>Al\u00e9m do descumprimento do Regimento, o l\u00edder da Oposi\u00e7\u00e3o apresentou alguns questionamentos aos projetos em pauta, tal como o 1605\/2020, que prop\u00f5e aumento da carga tribut\u00e1ria para o setor atacadista no Estado. Inicialmente, o parlamentar reportou a n\u00e3o observa\u00e7\u00e3o pelo Executivo aos princ\u00edpios da anterioridade e da anualidade tribut\u00e1ria. Antonio Coelho ressaltou que, por se tratar de aumento de imposto, o PL deveria vir com tempo para que o setor afetado possa se adaptar, planejar e rever custos, evitando surpresas tribut\u00e1rias aos contribuintes.<\/p>\n<p>\u201c\u00c9 preciso considerar que aumentos de impostos impactam o planejamento dessas empresas. E o princ\u00edpio da anterioridade, no Direito Tribut\u00e1rio, define que nenhum tributo poder\u00e1 ser cobrado no mesmo exerc\u00edcio financeiro em que haja sido publicada a lei que o instituiu ou o aumentou, justamente para evitar que os contribuintes sejam surpreendidos com as novas cobran\u00e7as, sem terem tido tempo suficiente para melhor conhecer a nova legisla\u00e7\u00e3o&#8221;, pontuou o democrata.<\/p>\n<p>Na avalia\u00e7\u00e3o do l\u00edder oposicionista, o momento \u00e9 inoportuno para aumento de impostos, considerando-se que toda a economia do Estado est\u00e1 sendo afetada pela pandemia do coronav\u00edrus, com perdas significativas de emprego e renda em todas as atividades. \u201cNo lugar de propor aumento da carga tribut\u00e1ria sobre um setor, dever\u00edamos buscar mecanismos de atrair investimentos para o Estado e n\u00e3o impor mais custos, que certamente ir\u00e3o fazer com que as empresas procurem outros estados para se estabelecer como, de fato, j\u00e1 vem ocorrendo em v\u00e1rios setores\u201d, assinalou o oposicionista.<\/p>\n","protected":false},"excerpt":{"rendered":"<p>Manobra regimental conduzida pelo deputado estadual Antonio Coelho (DEM), l\u00edder da Oposi\u00e7\u00e3o, garantiu que o pacota\u00e7o apresentado pelo Governo Paulo C\u00e2mara tivesse a aprova\u00e7\u00e3o postergada durante reuni\u00e3o da Comiss\u00e3o de Finan\u00e7as Or\u00e7amento e Tributa\u00e7\u00e3o nesta quarta-feira (02). A atua\u00e7\u00e3o do democrata teve como finalidade assegurar maior prazo para an\u00e1lise de projetos de lei do Executivo, os quais prop\u00f5em a aprova\u00e7\u00e3o de uma s\u00e9rie de medidas arrecadat\u00f3rias ao apagar das luzes deste fim de ano, a exemplo do PL 1605\/2020 e o 1720\/2020. O embargo \u00e0 vota\u00e7\u00e3o teve como base o n\u00e3o cumprimento do rito regimental institu\u00eddo pela Resolu\u00e7\u00e3o n\u00ba 1667, em seu artigo 4\u00ba, inciso III, o qual determina que as datas e os hor\u00e1rios das sess\u00f5es virtuais, por meio&hellip; <\/p>\n","protected":false},"author":1,"featured_media":236583,"comment_status":"closed","ping_status":"closed","sticky":false,"template":"","format":"standard","meta":{"_acf_changed":false,"footnotes":""},"categories":[1],"tags":[],"class_list":["post-273323","post","type-post","status-publish","format-standard","has-post-thumbnail","hentry","category-politica"],"acf":[],"yoast_head":"<!-- This site is optimized with the Yoast SEO plugin v27.4 - https:\/\/yoast.com\/product\/yoast-seo-wordpress\/ -->\n<title>Bloco de Oposi\u00e7\u00e3o ao governador Paulo C\u00e2mara adia vota\u00e7\u00e3o de pacota\u00e7o do Governo na Comiss\u00e3o de Finan\u00e7as - Blog do Farn\u00e9sio<\/title>\n<meta name=\"robots\" content=\"index, follow, max-snippet:-1, max-image-preview:large, max-video-preview:-1\" \/>\n<link rel=\"canonical\" href=\"https:\/\/blogdofarnesio.com.br\/?p=273323\" \/>\n<meta property=\"og:locale\" content=\"pt_BR\" \/>\n<meta property=\"og:type\" content=\"article\" \/>\n<meta property=\"og:title\" content=\"Bloco de Oposi\u00e7\u00e3o ao governador Paulo C\u00e2mara adia vota\u00e7\u00e3o de pacota\u00e7o do Governo na Comiss\u00e3o de Finan\u00e7as - Blog do Farn\u00e9sio\" \/>\n<meta property=\"og:description\" content=\"Manobra regimental conduzida pelo deputado estadual Antonio Coelho (DEM), l\u00edder da Oposi\u00e7\u00e3o, garantiu que o pacota\u00e7o apresentado pelo Governo Paulo C\u00e2mara tivesse a aprova\u00e7\u00e3o postergada durante reuni\u00e3o da Comiss\u00e3o de Finan\u00e7as Or\u00e7amento e Tributa\u00e7\u00e3o nesta quarta-feira (02). A atua\u00e7\u00e3o do democrata teve como finalidade assegurar maior prazo para an\u00e1lise de projetos de lei do Executivo, os quais prop\u00f5em a aprova\u00e7\u00e3o de uma s\u00e9rie de medidas arrecadat\u00f3rias ao apagar das luzes deste fim de ano, a exemplo do PL 1605\/2020 e o 1720\/2020. O embargo \u00e0 vota\u00e7\u00e3o teve como base o n\u00e3o cumprimento do rito regimental institu\u00eddo pela Resolu\u00e7\u00e3o n\u00ba 1667, em seu artigo 4\u00ba, inciso III, o qual determina que as datas e os hor\u00e1rios das sess\u00f5es virtuais, por meio&hellip;\" \/>\n<meta property=\"og:url\" content=\"https:\/\/blogdofarnesio.com.br\/?p=273323\" \/>\n<meta property=\"og:site_name\" content=\"Blog do Farn\u00e9sio\" \/>\n<meta property=\"article:publisher\" content=\"https:\/\/www.facebook.com\/BlogQuerSaberPolitica\/\" \/>\n<meta property=\"article:published_time\" content=\"2020-12-03T15:00:29+00:00\" \/>\n<meta property=\"og:image\" content=\"https:\/\/blogdofarnesio.com.br\/wp-content\/uploads\/2019\/08\/blogqspAntonio-Coelho-Dep-Estadual-pelo-DEM-Foto-Arthur-Mota.jpg\" \/>\n\t<meta property=\"og:image:width\" content=\"475\" \/>\n\t<meta property=\"og:image:height\" content=\"365\" \/>\n\t<meta property=\"og:image:type\" content=\"image\/jpeg\" \/>\n<meta name=\"author\" content=\"Farn\u00e9sio\" \/>\n<meta name=\"twitter:card\" content=\"summary_large_image\" \/>\n<meta name=\"twitter:label1\" content=\"Escrito por\" \/>\n\t<meta name=\"twitter:data1\" content=\"Farn\u00e9sio\" \/>\n\t<meta name=\"twitter:label2\" content=\"Est. tempo de leitura\" \/>\n\t<meta name=\"twitter:data2\" content=\"3 minutos\" \/>\n<script type=\"application\/ld+json\" class=\"yoast-schema-graph\">{\"@context\":\"https:\\\/\\\/schema.org\",\"@graph\":[{\"@type\":\"Article\",\"@id\":\"https:\\\/\\\/blogdofarnesio.com.br\\\/?p=273323#article\",\"isPartOf\":{\"@id\":\"https:\\\/\\\/blogdofarnesio.com.br\\\/?p=273323\"},\"author\":{\"name\":\"Farn\u00e9sio\",\"@id\":\"https:\\\/\\\/blogdofarnesio.com.br\\\/#\\\/schema\\\/person\\\/301c4acf522bccbfdb45af95b5b906a1\"},\"headline\":\"Bloco de Oposi\u00e7\u00e3o ao governador Paulo C\u00e2mara adia vota\u00e7\u00e3o de pacota\u00e7o do Governo na Comiss\u00e3o de Finan\u00e7as\",\"datePublished\":\"2020-12-03T15:00:29+00:00\",\"mainEntityOfPage\":{\"@id\":\"https:\\\/\\\/blogdofarnesio.com.br\\\/?p=273323\"},\"wordCount\":553,\"publisher\":{\"@id\":\"https:\\\/\\\/blogdofarnesio.com.br\\\/#organization\"},\"image\":{\"@id\":\"https:\\\/\\\/blogdofarnesio.com.br\\\/?p=273323#primaryimage\"},\"thumbnailUrl\":\"https:\\\/\\\/blogdofarnesio.com.br\\\/wp-content\\\/uploads\\\/2019\\\/08\\\/blogqspAntonio-Coelho-Dep-Estadual-pelo-DEM-Foto-Arthur-Mota.jpg\",\"articleSection\":[\"Pol\u00edtica\"],\"inLanguage\":\"pt-BR\"},{\"@type\":\"WebPage\",\"@id\":\"https:\\\/\\\/blogdofarnesio.com.br\\\/?p=273323\",\"url\":\"https:\\\/\\\/blogdofarnesio.com.br\\\/?p=273323\",\"name\":\"Bloco de Oposi\u00e7\u00e3o ao governador Paulo C\u00e2mara adia vota\u00e7\u00e3o de pacota\u00e7o do Governo na Comiss\u00e3o de Finan\u00e7as - Blog do Farn\u00e9sio\",\"isPartOf\":{\"@id\":\"https:\\\/\\\/blogdofarnesio.com.br\\\/#website\"},\"primaryImageOfPage\":{\"@id\":\"https:\\\/\\\/blogdofarnesio.com.br\\\/?p=273323#primaryimage\"},\"image\":{\"@id\":\"https:\\\/\\\/blogdofarnesio.com.br\\\/?p=273323#primaryimage\"},\"thumbnailUrl\":\"https:\\\/\\\/blogdofarnesio.com.br\\\/wp-content\\\/uploads\\\/2019\\\/08\\\/blogqspAntonio-Coelho-Dep-Estadual-pelo-DEM-Foto-Arthur-Mota.jpg\",\"datePublished\":\"2020-12-03T15:00:29+00:00\",\"breadcrumb\":{\"@id\":\"https:\\\/\\\/blogdofarnesio.com.br\\\/?p=273323#breadcrumb\"},\"inLanguage\":\"pt-BR\",\"potentialAction\":[{\"@type\":\"ReadAction\",\"target\":[\"https:\\\/\\\/blogdofarnesio.com.br\\\/?p=273323\"]}]},{\"@type\":\"ImageObject\",\"inLanguage\":\"pt-BR\",\"@id\":\"https:\\\/\\\/blogdofarnesio.com.br\\\/?p=273323#primaryimage\",\"url\":\"https:\\\/\\\/blogdofarnesio.com.br\\\/wp-content\\\/uploads\\\/2019\\\/08\\\/blogqspAntonio-Coelho-Dep-Estadual-pelo-DEM-Foto-Arthur-Mota.jpg\",\"contentUrl\":\"https:\\\/\\\/blogdofarnesio.com.br\\\/wp-content\\\/uploads\\\/2019\\\/08\\\/blogqspAntonio-Coelho-Dep-Estadual-pelo-DEM-Foto-Arthur-Mota.jpg\",\"width\":475,\"height\":365},{\"@type\":\"BreadcrumbList\",\"@id\":\"https:\\\/\\\/blogdofarnesio.com.br\\\/?p=273323#breadcrumb\",\"itemListElement\":[{\"@type\":\"ListItem\",\"position\":1,\"name\":\"In\u00edcio\",\"item\":\"https:\\\/\\\/blogdofarnesio.com.br\\\/\"},{\"@type\":\"ListItem\",\"position\":2,\"name\":\"Bloco de Oposi\u00e7\u00e3o ao governador Paulo C\u00e2mara adia vota\u00e7\u00e3o de pacota\u00e7o do Governo na Comiss\u00e3o de Finan\u00e7as\"}]},{\"@type\":\"WebSite\",\"@id\":\"https:\\\/\\\/blogdofarnesio.com.br\\\/#website\",\"url\":\"https:\\\/\\\/blogdofarnesio.com.br\\\/\",\"name\":\"Blog do Farn\u00e9sio\",\"description\":\"Quer Saber Pol\u00edtica?\",\"publisher\":{\"@id\":\"https:\\\/\\\/blogdofarnesio.com.br\\\/#organization\"},\"potentialAction\":[{\"@type\":\"SearchAction\",\"target\":{\"@type\":\"EntryPoint\",\"urlTemplate\":\"https:\\\/\\\/blogdofarnesio.com.br\\\/?s={search_term_string}\"},\"query-input\":{\"@type\":\"PropertyValueSpecification\",\"valueRequired\":true,\"valueName\":\"search_term_string\"}}],\"inLanguage\":\"pt-BR\"},{\"@type\":\"Organization\",\"@id\":\"https:\\\/\\\/blogdofarnesio.com.br\\\/#organization\",\"name\":\"Blog do Farn\u00e9sio\",\"url\":\"https:\\\/\\\/blogdofarnesio.com.br\\\/\",\"logo\":{\"@type\":\"ImageObject\",\"inLanguage\":\"pt-BR\",\"@id\":\"https:\\\/\\\/blogdofarnesio.com.br\\\/#\\\/schema\\\/logo\\\/image\\\/\",\"url\":\"https:\\\/\\\/blogdofarnesio.com.br\\\/wp-content\\\/uploads\\\/2026\\\/03\\\/cropped-logo_new-1.png\",\"contentUrl\":\"https:\\\/\\\/blogdofarnesio.com.br\\\/wp-content\\\/uploads\\\/2026\\\/03\\\/cropped-logo_new-1.png\",\"width\":881,\"height\":685,\"caption\":\"Blog do Farn\u00e9sio\"},\"image\":{\"@id\":\"https:\\\/\\\/blogdofarnesio.com.br\\\/#\\\/schema\\\/logo\\\/image\\\/\"},\"sameAs\":[\"https:\\\/\\\/www.facebook.com\\\/BlogQuerSaberPolitica\\\/\"]},{\"@type\":\"Person\",\"@id\":\"https:\\\/\\\/blogdofarnesio.com.br\\\/#\\\/schema\\\/person\\\/301c4acf522bccbfdb45af95b5b906a1\",\"name\":\"Farn\u00e9sio\",\"image\":{\"@type\":\"ImageObject\",\"inLanguage\":\"pt-BR\",\"@id\":\"https:\\\/\\\/secure.gravatar.com\\\/avatar\\\/df0c9a14567c056f8ad6876ba5bbd1e3e2c48023eb6807342fc4663adf549f38?s=96&d=mm&r=g\",\"url\":\"https:\\\/\\\/secure.gravatar.com\\\/avatar\\\/df0c9a14567c056f8ad6876ba5bbd1e3e2c48023eb6807342fc4663adf549f38?s=96&d=mm&r=g\",\"contentUrl\":\"https:\\\/\\\/secure.gravatar.com\\\/avatar\\\/df0c9a14567c056f8ad6876ba5bbd1e3e2c48023eb6807342fc4663adf549f38?s=96&d=mm&r=g\",\"caption\":\"Farn\u00e9sio\"},\"sameAs\":[\"https:\\\/\\\/quersaberpolitica.com.br\"],\"url\":\"https:\\\/\\\/blogdofarnesio.com.br\\\/?author=1\"}]}<\/script>\n<!-- \/ Yoast SEO plugin. -->","yoast_head_json":{"title":"Bloco de Oposi\u00e7\u00e3o ao governador Paulo C\u00e2mara adia vota\u00e7\u00e3o de pacota\u00e7o do Governo na Comiss\u00e3o de Finan\u00e7as - Blog do Farn\u00e9sio","robots":{"index":"index","follow":"follow","max-snippet":"max-snippet:-1","max-image-preview":"max-image-preview:large","max-video-preview":"max-video-preview:-1"},"canonical":"https:\/\/blogdofarnesio.com.br\/?p=273323","og_locale":"pt_BR","og_type":"article","og_title":"Bloco de Oposi\u00e7\u00e3o ao governador Paulo C\u00e2mara adia vota\u00e7\u00e3o de pacota\u00e7o do Governo na Comiss\u00e3o de Finan\u00e7as - Blog do Farn\u00e9sio","og_description":"Manobra regimental conduzida pelo deputado estadual Antonio Coelho (DEM), l\u00edder da Oposi\u00e7\u00e3o, garantiu que o pacota\u00e7o apresentado pelo Governo Paulo C\u00e2mara tivesse a aprova\u00e7\u00e3o postergada durante reuni\u00e3o da Comiss\u00e3o de Finan\u00e7as Or\u00e7amento e Tributa\u00e7\u00e3o nesta quarta-feira (02). A atua\u00e7\u00e3o do democrata teve como finalidade assegurar maior prazo para an\u00e1lise de projetos de lei do Executivo, os quais prop\u00f5em a aprova\u00e7\u00e3o de uma s\u00e9rie de medidas arrecadat\u00f3rias ao apagar das luzes deste fim de ano, a exemplo do PL 1605\/2020 e o 1720\/2020. O embargo \u00e0 vota\u00e7\u00e3o teve como base o n\u00e3o cumprimento do rito regimental institu\u00eddo pela Resolu\u00e7\u00e3o n\u00ba 1667, em seu artigo 4\u00ba, inciso III, o qual determina que as datas e os hor\u00e1rios das sess\u00f5es virtuais, por meio&hellip;","og_url":"https:\/\/blogdofarnesio.com.br\/?p=273323","og_site_name":"Blog do Farn\u00e9sio","article_publisher":"https:\/\/www.facebook.com\/BlogQuerSaberPolitica\/","article_published_time":"2020-12-03T15:00:29+00:00","og_image":[{"width":475,"height":365,"url":"https:\/\/blogdofarnesio.com.br\/wp-content\/uploads\/2019\/08\/blogqspAntonio-Coelho-Dep-Estadual-pelo-DEM-Foto-Arthur-Mota.jpg","type":"image\/jpeg"}],"author":"Farn\u00e9sio","twitter_card":"summary_large_image","twitter_misc":{"Escrito por":"Farn\u00e9sio","Est. tempo de leitura":"3 minutos"},"schema":{"@context":"https:\/\/schema.org","@graph":[{"@type":"Article","@id":"https:\/\/blogdofarnesio.com.br\/?p=273323#article","isPartOf":{"@id":"https:\/\/blogdofarnesio.com.br\/?p=273323"},"author":{"name":"Farn\u00e9sio","@id":"https:\/\/blogdofarnesio.com.br\/#\/schema\/person\/301c4acf522bccbfdb45af95b5b906a1"},"headline":"Bloco de Oposi\u00e7\u00e3o ao governador Paulo C\u00e2mara adia vota\u00e7\u00e3o de pacota\u00e7o do Governo na Comiss\u00e3o de Finan\u00e7as","datePublished":"2020-12-03T15:00:29+00:00","mainEntityOfPage":{"@id":"https:\/\/blogdofarnesio.com.br\/?p=273323"},"wordCount":553,"publisher":{"@id":"https:\/\/blogdofarnesio.com.br\/#organization"},"image":{"@id":"https:\/\/blogdofarnesio.com.br\/?p=273323#primaryimage"},"thumbnailUrl":"https:\/\/blogdofarnesio.com.br\/wp-content\/uploads\/2019\/08\/blogqspAntonio-Coelho-Dep-Estadual-pelo-DEM-Foto-Arthur-Mota.jpg","articleSection":["Pol\u00edtica"],"inLanguage":"pt-BR"},{"@type":"WebPage","@id":"https:\/\/blogdofarnesio.com.br\/?p=273323","url":"https:\/\/blogdofarnesio.com.br\/?p=273323","name":"Bloco de Oposi\u00e7\u00e3o ao governador Paulo C\u00e2mara adia vota\u00e7\u00e3o de pacota\u00e7o do Governo na Comiss\u00e3o de Finan\u00e7as - Blog do Farn\u00e9sio","isPartOf":{"@id":"https:\/\/blogdofarnesio.com.br\/#website"},"primaryImageOfPage":{"@id":"https:\/\/blogdofarnesio.com.br\/?p=273323#primaryimage"},"image":{"@id":"https:\/\/blogdofarnesio.com.br\/?p=273323#primaryimage"},"thumbnailUrl":"https:\/\/blogdofarnesio.com.br\/wp-content\/uploads\/2019\/08\/blogqspAntonio-Coelho-Dep-Estadual-pelo-DEM-Foto-Arthur-Mota.jpg","datePublished":"2020-12-03T15:00:29+00:00","breadcrumb":{"@id":"https:\/\/blogdofarnesio.com.br\/?p=273323#breadcrumb"},"inLanguage":"pt-BR","potentialAction":[{"@type":"ReadAction","target":["https:\/\/blogdofarnesio.com.br\/?p=273323"]}]},{"@type":"ImageObject","inLanguage":"pt-BR","@id":"https:\/\/blogdofarnesio.com.br\/?p=273323#primaryimage","url":"https:\/\/blogdofarnesio.com.br\/wp-content\/uploads\/2019\/08\/blogqspAntonio-Coelho-Dep-Estadual-pelo-DEM-Foto-Arthur-Mota.jpg","contentUrl":"https:\/\/blogdofarnesio.com.br\/wp-content\/uploads\/2019\/08\/blogqspAntonio-Coelho-Dep-Estadual-pelo-DEM-Foto-Arthur-Mota.jpg","width":475,"height":365},{"@type":"BreadcrumbList","@id":"https:\/\/blogdofarnesio.com.br\/?p=273323#breadcrumb","itemListElement":[{"@type":"ListItem","position":1,"name":"In\u00edcio","item":"https:\/\/blogdofarnesio.com.br\/"},{"@type":"ListItem","position":2,"name":"Bloco de Oposi\u00e7\u00e3o ao governador Paulo C\u00e2mara adia vota\u00e7\u00e3o de pacota\u00e7o do Governo na Comiss\u00e3o de Finan\u00e7as"}]},{"@type":"WebSite","@id":"https:\/\/blogdofarnesio.com.br\/#website","url":"https:\/\/blogdofarnesio.com.br\/","name":"Blog do Farn\u00e9sio","description":"Quer Saber Pol\u00edtica?","publisher":{"@id":"https:\/\/blogdofarnesio.com.br\/#organization"},"potentialAction":[{"@type":"SearchAction","target":{"@type":"EntryPoint","urlTemplate":"https:\/\/blogdofarnesio.com.br\/?s={search_term_string}"},"query-input":{"@type":"PropertyValueSpecification","valueRequired":true,"valueName":"search_term_string"}}],"inLanguage":"pt-BR"},{"@type":"Organization","@id":"https:\/\/blogdofarnesio.com.br\/#organization","name":"Blog do Farn\u00e9sio","url":"https:\/\/blogdofarnesio.com.br\/","logo":{"@type":"ImageObject","inLanguage":"pt-BR","@id":"https:\/\/blogdofarnesio.com.br\/#\/schema\/logo\/image\/","url":"https:\/\/blogdofarnesio.com.br\/wp-content\/uploads\/2026\/03\/cropped-logo_new-1.png","contentUrl":"https:\/\/blogdofarnesio.com.br\/wp-content\/uploads\/2026\/03\/cropped-logo_new-1.png","width":881,"height":685,"caption":"Blog do Farn\u00e9sio"},"image":{"@id":"https:\/\/blogdofarnesio.com.br\/#\/schema\/logo\/image\/"},"sameAs":["https:\/\/www.facebook.com\/BlogQuerSaberPolitica\/"]},{"@type":"Person","@id":"https:\/\/blogdofarnesio.com.br\/#\/schema\/person\/301c4acf522bccbfdb45af95b5b906a1","name":"Farn\u00e9sio","image":{"@type":"ImageObject","inLanguage":"pt-BR","@id":"https:\/\/secure.gravatar.com\/avatar\/df0c9a14567c056f8ad6876ba5bbd1e3e2c48023eb6807342fc4663adf549f38?s=96&d=mm&r=g","url":"https:\/\/secure.gravatar.com\/avatar\/df0c9a14567c056f8ad6876ba5bbd1e3e2c48023eb6807342fc4663adf549f38?s=96&d=mm&r=g","contentUrl":"https:\/\/secure.gravatar.com\/avatar\/df0c9a14567c056f8ad6876ba5bbd1e3e2c48023eb6807342fc4663adf549f38?s=96&d=mm&r=g","caption":"Farn\u00e9sio"},"sameAs":["https:\/\/quersaberpolitica.com.br"],"url":"https:\/\/blogdofarnesio.com.br\/?author=1"}]}},"_links":{"self":[{"href":"https:\/\/blogdofarnesio.com.br\/index.php?rest_route=\/wp\/v2\/posts\/273323","targetHints":{"allow":["GET"]}}],"collection":[{"href":"https:\/\/blogdofarnesio.com.br\/index.php?rest_route=\/wp\/v2\/posts"}],"about":[{"href":"https:\/\/blogdofarnesio.com.br\/index.php?rest_route=\/wp\/v2\/types\/post"}],"author":[{"embeddable":true,"href":"https:\/\/blogdofarnesio.com.br\/index.php?rest_route=\/wp\/v2\/users\/1"}],"replies":[{"embeddable":true,"href":"https:\/\/blogdofarnesio.com.br\/index.php?rest_route=%2Fwp%2Fv2%2Fcomments&post=273323"}],"version-history":[{"count":0,"href":"https:\/\/blogdofarnesio.com.br\/index.php?rest_route=\/wp\/v2\/posts\/273323\/revisions"}],"wp:featuredmedia":[{"embeddable":true,"href":"https:\/\/blogdofarnesio.com.br\/index.php?rest_route=\/wp\/v2\/media\/236583"}],"wp:attachment":[{"href":"https:\/\/blogdofarnesio.com.br\/index.php?rest_route=%2Fwp%2Fv2%2Fmedia&parent=273323"}],"wp:term":[{"taxonomy":"category","embeddable":true,"href":"https:\/\/blogdofarnesio.com.br\/index.php?rest_route=%2Fwp%2Fv2%2Fcategories&post=273323"},{"taxonomy":"post_tag","embeddable":true,"href":"https:\/\/blogdofarnesio.com.br\/index.php?rest_route=%2Fwp%2Fv2%2Ftags&post=273323"}],"curies":[{"name":"wp","href":"https:\/\/api.w.org\/{rel}","templated":true}]}}