{"id":273272,"date":"2020-12-03T10:22:09","date_gmt":"2020-12-03T13:22:09","guid":{"rendered":"http:\/\/quersaberpolitica.com.br\/2016\/?p=273272"},"modified":"2020-12-02T22:12:55","modified_gmt":"2020-12-03T01:12:55","slug":"alunos-da-rede-municipal-de-juazeiro-sao-vencedores-nas-tres-categorias-do-concurso-lapis-na-mao-em-juazeiro","status":"publish","type":"post","link":"https:\/\/blogdofarnesio.com.br\/?p=273272","title":{"rendered":"Alunos da rede municipal de Juazeiro s\u00e3o vencedores nas tr\u00eas categorias do concurso \u2018L\u00e1pis na M\u00e3o\u2019 em Juazeiro"},"content":{"rendered":"<p>Este ano, o projeto \u2018L\u00e1pis na M\u00e3o \u2013 Em Casa\u2019 da TV S\u00e3o Francisco premiou nas tr\u00eas categorias de 1\u00ba ao 3\u00ba lugar, alunos da rede municipal de ensino de Juazeiro.\u00a0Com o tema \u201cEduca\u00e7\u00e3o em tempos de pandemia: um aprendizado que envolve criatividade\u201d, o\u00a0evento aconteceu nesta ter\u00e7a-feira (1\u00ba), no Espa\u00e7o Multieventos da Univasf, com a participa\u00e7\u00e3o dos finalistas, da secret\u00e1ria de Educa\u00e7\u00e3o e Juventude, Lucinete Alves e os pais, com transmiss\u00e3o\u00a0ao vivo na plataforma GSHOW Bahia, devido \u00e0 pandemia.<\/p>\n<p>A secret\u00e1ria de Educa\u00e7\u00e3o agradeceu e parabenizou aos alunos pela conquista e TV S\u00e3o Francisco por essa importante iniciativa. \u201cDos 15 finalistas deste ano, 14 s\u00e3o das escolas da nossa rede municipal e os tr\u00eas vencedores tamb\u00e9m. Estamos colhendo os frutos de 12 anos de um trabalho de qualidade na Educa\u00e7\u00e3o p\u00fablica de Juazeiro, isso comprova o compromisso, investimentos e empenho do Governo Municipal para melhorar cada dia mais a aprendizagem dos nossos alunos. Este ano mais uma vez tivemos o melhor IDEB, entre os munic\u00edpios com mais de 100 mil habitantes na Bahia, temos muitas raz\u00f5es para comemorar\u201d.<\/p>\n<p>O 1\u00ba lugar na categoria Desenho Educa\u00e7\u00e3o Infantil ficou para Anna Sophia, da EMEI Maria J\u00falia Tanuri, na categoria Desenho Fundamental I foi a aluna Sara Vit\u00f3ria, da Escola Maria Mazarello Cavalcanti\u00a0e L\u00edvia Silva da Escola Dom Avelar foi a vencedora na categoria Poema Fundamental I. Os alunos da Escola\u00a0 Maria Mazarello Cavalcanti foram destaque no concurso, com quatro alunos premiados em 1\u00ba, 2\u00ba e 3\u00ba Lugar.<\/p>\n<p>A m\u00e3e Luzinete Bastos estava emocionada com o 1\u00ba lugar da filha Sophia. \u201cA professora entrou em contato comigo para que ela participasse do concurso e logo nos organizamos, ela fez o desenho, gravamos o v\u00eddeo e ficamos na torcida. Divulguei para o m\u00e1ximo de pessoas e ela recebeu votos at\u00e9 da It\u00e1lia.<\/p>\n<p>Esse projeto \u00e9 muito lindo e s\u00f3 temos que agradecer \u00e0 equipe maravilhosa da EMEI Maria J\u00falia e TV S\u00e3o Francisco\u201d, ressaltou. \u201cEu fiz um desenho para mostrar as pessoas que t\u00eam que se cuidar na pandemia, usando m\u00e1scara e \u00e1lcool gel, e ficar em casa. Estou feliz com o pr\u00eamio que ganhei\u201d, disse a aluna Sophia.<\/p>\n<p>O evento obedeceu aos protocolos de sa\u00fade e cuidados com a seguran\u00e7a dos estudantes e dos pais e pela primeira vez a escolha dos vencedores aconteceu com a participa\u00e7\u00e3o popular, atrav\u00e9s da vota\u00e7\u00e3o pelo site\u00a0<a href=\"http:\/\/www.lapisnamaotvsf.com.br\/\" target=\"_blank\" rel=\"noopener noreferrer\" data-saferedirecturl=\"https:\/\/www.google.com\/url?q=http:\/\/www.lapisnamaotvsf.com.br\/&amp;source=gmail&amp;ust=1606996766489000&amp;usg=AFQjCNEn0Nt7R8IYH91YdSJ4wspQl34Azg\">www.lapisnamaotvsf.com.br<\/a><wbr \/>.<\/p>\n","protected":false},"excerpt":{"rendered":"<p>Este ano, o projeto \u2018L\u00e1pis na M\u00e3o \u2013 Em Casa\u2019 da TV S\u00e3o Francisco premiou nas tr\u00eas categorias de 1\u00ba ao 3\u00ba lugar, alunos da rede municipal de ensino de Juazeiro.\u00a0Com o tema \u201cEduca\u00e7\u00e3o em tempos de pandemia: um aprendizado que envolve criatividade\u201d, o\u00a0evento aconteceu nesta ter\u00e7a-feira (1\u00ba), no Espa\u00e7o Multieventos da Univasf, com a participa\u00e7\u00e3o dos finalistas, da secret\u00e1ria de Educa\u00e7\u00e3o e Juventude, Lucinete Alves e os pais, com transmiss\u00e3o\u00a0ao vivo na plataforma GSHOW Bahia, devido \u00e0 pandemia. A secret\u00e1ria de Educa\u00e7\u00e3o agradeceu e parabenizou aos alunos pela conquista e TV S\u00e3o Francisco por essa importante iniciativa. \u201cDos 15 finalistas deste ano, 14 s\u00e3o das escolas da nossa rede municipal e os tr\u00eas vencedores tamb\u00e9m. Estamos colhendo os frutos&hellip; <\/p>\n","protected":false},"author":1,"featured_media":273273,"comment_status":"closed","ping_status":"closed","sticky":false,"template":"","format":"standard","meta":{"_acf_changed":false,"footnotes":""},"categories":[6],"tags":[],"class_list":["post-273272","post","type-post","status-publish","format-standard","has-post-thumbnail","hentry","category-educacao"],"acf":[],"yoast_head":"<!-- This site is optimized with the Yoast SEO plugin v27.4 - https:\/\/yoast.com\/product\/yoast-seo-wordpress\/ -->\n<title>Alunos da rede municipal de Juazeiro s\u00e3o vencedores nas tr\u00eas categorias do concurso \u2018L\u00e1pis na M\u00e3o\u2019 em Juazeiro - Blog do Farn\u00e9sio<\/title>\n<meta name=\"robots\" content=\"index, follow, max-snippet:-1, max-image-preview:large, max-video-preview:-1\" \/>\n<link rel=\"canonical\" href=\"https:\/\/blogdofarnesio.com.br\/?p=273272\" \/>\n<meta property=\"og:locale\" content=\"pt_BR\" \/>\n<meta property=\"og:type\" content=\"article\" \/>\n<meta property=\"og:title\" content=\"Alunos da rede municipal de Juazeiro s\u00e3o vencedores nas tr\u00eas categorias do concurso \u2018L\u00e1pis na M\u00e3o\u2019 em Juazeiro - Blog do Farn\u00e9sio\" \/>\n<meta property=\"og:description\" content=\"Este ano, o projeto \u2018L\u00e1pis na M\u00e3o \u2013 Em Casa\u2019 da TV S\u00e3o Francisco premiou nas tr\u00eas categorias de 1\u00ba ao 3\u00ba lugar, alunos da rede municipal de ensino de Juazeiro.\u00a0Com o tema \u201cEduca\u00e7\u00e3o em tempos de pandemia: um aprendizado que envolve criatividade\u201d, o\u00a0evento aconteceu nesta ter\u00e7a-feira (1\u00ba), no Espa\u00e7o Multieventos da Univasf, com a participa\u00e7\u00e3o dos finalistas, da secret\u00e1ria de Educa\u00e7\u00e3o e Juventude, Lucinete Alves e os pais, com transmiss\u00e3o\u00a0ao vivo na plataforma GSHOW Bahia, devido \u00e0 pandemia. A secret\u00e1ria de Educa\u00e7\u00e3o agradeceu e parabenizou aos alunos pela conquista e TV S\u00e3o Francisco por essa importante iniciativa. \u201cDos 15 finalistas deste ano, 14 s\u00e3o das escolas da nossa rede municipal e os tr\u00eas vencedores tamb\u00e9m. Estamos colhendo os frutos&hellip;\" \/>\n<meta property=\"og:url\" content=\"https:\/\/blogdofarnesio.com.br\/?p=273272\" \/>\n<meta property=\"og:site_name\" content=\"Blog do Farn\u00e9sio\" \/>\n<meta property=\"article:publisher\" content=\"https:\/\/www.facebook.com\/BlogQuerSaberPolitica\/\" \/>\n<meta property=\"article:published_time\" content=\"2020-12-03T13:22:09+00:00\" \/>\n<meta property=\"og:image\" content=\"https:\/\/blogdofarnesio.com.br\/wp-content\/uploads\/2020\/12\/blogqspjua-vencedores-concurso-\u2018Lapis-na-Mao-e1606910630284.jpg\" \/>\n\t<meta property=\"og:image:width\" content=\"624\" \/>\n\t<meta property=\"og:image:height\" content=\"416\" \/>\n\t<meta property=\"og:image:type\" content=\"image\/jpeg\" \/>\n<meta name=\"author\" content=\"Farn\u00e9sio\" \/>\n<meta name=\"twitter:card\" content=\"summary_large_image\" \/>\n<meta name=\"twitter:label1\" content=\"Escrito por\" \/>\n\t<meta name=\"twitter:data1\" content=\"Farn\u00e9sio\" \/>\n\t<meta name=\"twitter:label2\" content=\"Est. tempo de leitura\" \/>\n\t<meta name=\"twitter:data2\" content=\"2 minutos\" \/>\n<script type=\"application\/ld+json\" class=\"yoast-schema-graph\">{\"@context\":\"https:\\\/\\\/schema.org\",\"@graph\":[{\"@type\":\"Article\",\"@id\":\"https:\\\/\\\/blogdofarnesio.com.br\\\/?p=273272#article\",\"isPartOf\":{\"@id\":\"https:\\\/\\\/blogdofarnesio.com.br\\\/?p=273272\"},\"author\":{\"name\":\"Farn\u00e9sio\",\"@id\":\"https:\\\/\\\/blogdofarnesio.com.br\\\/#\\\/schema\\\/person\\\/301c4acf522bccbfdb45af95b5b906a1\"},\"headline\":\"Alunos da rede municipal de Juazeiro s\u00e3o vencedores nas tr\u00eas categorias do concurso \u2018L\u00e1pis na M\u00e3o\u2019 em Juazeiro\",\"datePublished\":\"2020-12-03T13:22:09+00:00\",\"mainEntityOfPage\":{\"@id\":\"https:\\\/\\\/blogdofarnesio.com.br\\\/?p=273272\"},\"wordCount\":443,\"publisher\":{\"@id\":\"https:\\\/\\\/blogdofarnesio.com.br\\\/#organization\"},\"image\":{\"@id\":\"https:\\\/\\\/blogdofarnesio.com.br\\\/?p=273272#primaryimage\"},\"thumbnailUrl\":\"https:\\\/\\\/blogdofarnesio.com.br\\\/wp-content\\\/uploads\\\/2020\\\/12\\\/blogqspjua-vencedores-concurso-\u2018Lapis-na-Mao-e1606910630284.jpg\",\"articleSection\":[\"Educa\u00e7\u00e3o\"],\"inLanguage\":\"pt-BR\"},{\"@type\":\"WebPage\",\"@id\":\"https:\\\/\\\/blogdofarnesio.com.br\\\/?p=273272\",\"url\":\"https:\\\/\\\/blogdofarnesio.com.br\\\/?p=273272\",\"name\":\"Alunos da rede municipal de Juazeiro s\u00e3o vencedores nas tr\u00eas categorias do concurso \u2018L\u00e1pis na M\u00e3o\u2019 em Juazeiro - Blog do Farn\u00e9sio\",\"isPartOf\":{\"@id\":\"https:\\\/\\\/blogdofarnesio.com.br\\\/#website\"},\"primaryImageOfPage\":{\"@id\":\"https:\\\/\\\/blogdofarnesio.com.br\\\/?p=273272#primaryimage\"},\"image\":{\"@id\":\"https:\\\/\\\/blogdofarnesio.com.br\\\/?p=273272#primaryimage\"},\"thumbnailUrl\":\"https:\\\/\\\/blogdofarnesio.com.br\\\/wp-content\\\/uploads\\\/2020\\\/12\\\/blogqspjua-vencedores-concurso-\u2018Lapis-na-Mao-e1606910630284.jpg\",\"datePublished\":\"2020-12-03T13:22:09+00:00\",\"breadcrumb\":{\"@id\":\"https:\\\/\\\/blogdofarnesio.com.br\\\/?p=273272#breadcrumb\"},\"inLanguage\":\"pt-BR\",\"potentialAction\":[{\"@type\":\"ReadAction\",\"target\":[\"https:\\\/\\\/blogdofarnesio.com.br\\\/?p=273272\"]}]},{\"@type\":\"ImageObject\",\"inLanguage\":\"pt-BR\",\"@id\":\"https:\\\/\\\/blogdofarnesio.com.br\\\/?p=273272#primaryimage\",\"url\":\"https:\\\/\\\/blogdofarnesio.com.br\\\/wp-content\\\/uploads\\\/2020\\\/12\\\/blogqspjua-vencedores-concurso-\u2018Lapis-na-Mao-e1606910630284.jpg\",\"contentUrl\":\"https:\\\/\\\/blogdofarnesio.com.br\\\/wp-content\\\/uploads\\\/2020\\\/12\\\/blogqspjua-vencedores-concurso-\u2018Lapis-na-Mao-e1606910630284.jpg\",\"width\":624,\"height\":416},{\"@type\":\"BreadcrumbList\",\"@id\":\"https:\\\/\\\/blogdofarnesio.com.br\\\/?p=273272#breadcrumb\",\"itemListElement\":[{\"@type\":\"ListItem\",\"position\":1,\"name\":\"In\u00edcio\",\"item\":\"https:\\\/\\\/blogdofarnesio.com.br\\\/\"},{\"@type\":\"ListItem\",\"position\":2,\"name\":\"Alunos da rede municipal de Juazeiro s\u00e3o vencedores nas tr\u00eas categorias do concurso \u2018L\u00e1pis na M\u00e3o\u2019 em Juazeiro\"}]},{\"@type\":\"WebSite\",\"@id\":\"https:\\\/\\\/blogdofarnesio.com.br\\\/#website\",\"url\":\"https:\\\/\\\/blogdofarnesio.com.br\\\/\",\"name\":\"Blog do Farn\u00e9sio\",\"description\":\"Quer Saber Pol\u00edtica?\",\"publisher\":{\"@id\":\"https:\\\/\\\/blogdofarnesio.com.br\\\/#organization\"},\"potentialAction\":[{\"@type\":\"SearchAction\",\"target\":{\"@type\":\"EntryPoint\",\"urlTemplate\":\"https:\\\/\\\/blogdofarnesio.com.br\\\/?s={search_term_string}\"},\"query-input\":{\"@type\":\"PropertyValueSpecification\",\"valueRequired\":true,\"valueName\":\"search_term_string\"}}],\"inLanguage\":\"pt-BR\"},{\"@type\":\"Organization\",\"@id\":\"https:\\\/\\\/blogdofarnesio.com.br\\\/#organization\",\"name\":\"Blog do Farn\u00e9sio\",\"url\":\"https:\\\/\\\/blogdofarnesio.com.br\\\/\",\"logo\":{\"@type\":\"ImageObject\",\"inLanguage\":\"pt-BR\",\"@id\":\"https:\\\/\\\/blogdofarnesio.com.br\\\/#\\\/schema\\\/logo\\\/image\\\/\",\"url\":\"https:\\\/\\\/blogdofarnesio.com.br\\\/wp-content\\\/uploads\\\/2026\\\/03\\\/cropped-logo_new-1.png\",\"contentUrl\":\"https:\\\/\\\/blogdofarnesio.com.br\\\/wp-content\\\/uploads\\\/2026\\\/03\\\/cropped-logo_new-1.png\",\"width\":881,\"height\":685,\"caption\":\"Blog do Farn\u00e9sio\"},\"image\":{\"@id\":\"https:\\\/\\\/blogdofarnesio.com.br\\\/#\\\/schema\\\/logo\\\/image\\\/\"},\"sameAs\":[\"https:\\\/\\\/www.facebook.com\\\/BlogQuerSaberPolitica\\\/\"]},{\"@type\":\"Person\",\"@id\":\"https:\\\/\\\/blogdofarnesio.com.br\\\/#\\\/schema\\\/person\\\/301c4acf522bccbfdb45af95b5b906a1\",\"name\":\"Farn\u00e9sio\",\"image\":{\"@type\":\"ImageObject\",\"inLanguage\":\"pt-BR\",\"@id\":\"https:\\\/\\\/secure.gravatar.com\\\/avatar\\\/df0c9a14567c056f8ad6876ba5bbd1e3e2c48023eb6807342fc4663adf549f38?s=96&d=mm&r=g\",\"url\":\"https:\\\/\\\/secure.gravatar.com\\\/avatar\\\/df0c9a14567c056f8ad6876ba5bbd1e3e2c48023eb6807342fc4663adf549f38?s=96&d=mm&r=g\",\"contentUrl\":\"https:\\\/\\\/secure.gravatar.com\\\/avatar\\\/df0c9a14567c056f8ad6876ba5bbd1e3e2c48023eb6807342fc4663adf549f38?s=96&d=mm&r=g\",\"caption\":\"Farn\u00e9sio\"},\"sameAs\":[\"https:\\\/\\\/quersaberpolitica.com.br\"],\"url\":\"https:\\\/\\\/blogdofarnesio.com.br\\\/?author=1\"}]}<\/script>\n<!-- \/ Yoast SEO plugin. -->","yoast_head_json":{"title":"Alunos da rede municipal de Juazeiro s\u00e3o vencedores nas tr\u00eas categorias do concurso \u2018L\u00e1pis na M\u00e3o\u2019 em Juazeiro - Blog do Farn\u00e9sio","robots":{"index":"index","follow":"follow","max-snippet":"max-snippet:-1","max-image-preview":"max-image-preview:large","max-video-preview":"max-video-preview:-1"},"canonical":"https:\/\/blogdofarnesio.com.br\/?p=273272","og_locale":"pt_BR","og_type":"article","og_title":"Alunos da rede municipal de Juazeiro s\u00e3o vencedores nas tr\u00eas categorias do concurso \u2018L\u00e1pis na M\u00e3o\u2019 em Juazeiro - Blog do Farn\u00e9sio","og_description":"Este ano, o projeto \u2018L\u00e1pis na M\u00e3o \u2013 Em Casa\u2019 da TV S\u00e3o Francisco premiou nas tr\u00eas categorias de 1\u00ba ao 3\u00ba lugar, alunos da rede municipal de ensino de Juazeiro.\u00a0Com o tema \u201cEduca\u00e7\u00e3o em tempos de pandemia: um aprendizado que envolve criatividade\u201d, o\u00a0evento aconteceu nesta ter\u00e7a-feira (1\u00ba), no Espa\u00e7o Multieventos da Univasf, com a participa\u00e7\u00e3o dos finalistas, da secret\u00e1ria de Educa\u00e7\u00e3o e Juventude, Lucinete Alves e os pais, com transmiss\u00e3o\u00a0ao vivo na plataforma GSHOW Bahia, devido \u00e0 pandemia. A secret\u00e1ria de Educa\u00e7\u00e3o agradeceu e parabenizou aos alunos pela conquista e TV S\u00e3o Francisco por essa importante iniciativa. \u201cDos 15 finalistas deste ano, 14 s\u00e3o das escolas da nossa rede municipal e os tr\u00eas vencedores tamb\u00e9m. Estamos colhendo os frutos&hellip;","og_url":"https:\/\/blogdofarnesio.com.br\/?p=273272","og_site_name":"Blog do Farn\u00e9sio","article_publisher":"https:\/\/www.facebook.com\/BlogQuerSaberPolitica\/","article_published_time":"2020-12-03T13:22:09+00:00","og_image":[{"width":624,"height":416,"url":"https:\/\/blogdofarnesio.com.br\/wp-content\/uploads\/2020\/12\/blogqspjua-vencedores-concurso-\u2018Lapis-na-Mao-e1606910630284.jpg","type":"image\/jpeg"}],"author":"Farn\u00e9sio","twitter_card":"summary_large_image","twitter_misc":{"Escrito por":"Farn\u00e9sio","Est. tempo de leitura":"2 minutos"},"schema":{"@context":"https:\/\/schema.org","@graph":[{"@type":"Article","@id":"https:\/\/blogdofarnesio.com.br\/?p=273272#article","isPartOf":{"@id":"https:\/\/blogdofarnesio.com.br\/?p=273272"},"author":{"name":"Farn\u00e9sio","@id":"https:\/\/blogdofarnesio.com.br\/#\/schema\/person\/301c4acf522bccbfdb45af95b5b906a1"},"headline":"Alunos da rede municipal de Juazeiro s\u00e3o vencedores nas tr\u00eas categorias do concurso \u2018L\u00e1pis na M\u00e3o\u2019 em Juazeiro","datePublished":"2020-12-03T13:22:09+00:00","mainEntityOfPage":{"@id":"https:\/\/blogdofarnesio.com.br\/?p=273272"},"wordCount":443,"publisher":{"@id":"https:\/\/blogdofarnesio.com.br\/#organization"},"image":{"@id":"https:\/\/blogdofarnesio.com.br\/?p=273272#primaryimage"},"thumbnailUrl":"https:\/\/blogdofarnesio.com.br\/wp-content\/uploads\/2020\/12\/blogqspjua-vencedores-concurso-\u2018Lapis-na-Mao-e1606910630284.jpg","articleSection":["Educa\u00e7\u00e3o"],"inLanguage":"pt-BR"},{"@type":"WebPage","@id":"https:\/\/blogdofarnesio.com.br\/?p=273272","url":"https:\/\/blogdofarnesio.com.br\/?p=273272","name":"Alunos da rede municipal de Juazeiro s\u00e3o vencedores nas tr\u00eas categorias do concurso \u2018L\u00e1pis na M\u00e3o\u2019 em Juazeiro - Blog do Farn\u00e9sio","isPartOf":{"@id":"https:\/\/blogdofarnesio.com.br\/#website"},"primaryImageOfPage":{"@id":"https:\/\/blogdofarnesio.com.br\/?p=273272#primaryimage"},"image":{"@id":"https:\/\/blogdofarnesio.com.br\/?p=273272#primaryimage"},"thumbnailUrl":"https:\/\/blogdofarnesio.com.br\/wp-content\/uploads\/2020\/12\/blogqspjua-vencedores-concurso-\u2018Lapis-na-Mao-e1606910630284.jpg","datePublished":"2020-12-03T13:22:09+00:00","breadcrumb":{"@id":"https:\/\/blogdofarnesio.com.br\/?p=273272#breadcrumb"},"inLanguage":"pt-BR","potentialAction":[{"@type":"ReadAction","target":["https:\/\/blogdofarnesio.com.br\/?p=273272"]}]},{"@type":"ImageObject","inLanguage":"pt-BR","@id":"https:\/\/blogdofarnesio.com.br\/?p=273272#primaryimage","url":"https:\/\/blogdofarnesio.com.br\/wp-content\/uploads\/2020\/12\/blogqspjua-vencedores-concurso-\u2018Lapis-na-Mao-e1606910630284.jpg","contentUrl":"https:\/\/blogdofarnesio.com.br\/wp-content\/uploads\/2020\/12\/blogqspjua-vencedores-concurso-\u2018Lapis-na-Mao-e1606910630284.jpg","width":624,"height":416},{"@type":"BreadcrumbList","@id":"https:\/\/blogdofarnesio.com.br\/?p=273272#breadcrumb","itemListElement":[{"@type":"ListItem","position":1,"name":"In\u00edcio","item":"https:\/\/blogdofarnesio.com.br\/"},{"@type":"ListItem","position":2,"name":"Alunos da rede municipal de Juazeiro s\u00e3o vencedores nas tr\u00eas categorias do concurso \u2018L\u00e1pis na M\u00e3o\u2019 em Juazeiro"}]},{"@type":"WebSite","@id":"https:\/\/blogdofarnesio.com.br\/#website","url":"https:\/\/blogdofarnesio.com.br\/","name":"Blog do Farn\u00e9sio","description":"Quer Saber Pol\u00edtica?","publisher":{"@id":"https:\/\/blogdofarnesio.com.br\/#organization"},"potentialAction":[{"@type":"SearchAction","target":{"@type":"EntryPoint","urlTemplate":"https:\/\/blogdofarnesio.com.br\/?s={search_term_string}"},"query-input":{"@type":"PropertyValueSpecification","valueRequired":true,"valueName":"search_term_string"}}],"inLanguage":"pt-BR"},{"@type":"Organization","@id":"https:\/\/blogdofarnesio.com.br\/#organization","name":"Blog do Farn\u00e9sio","url":"https:\/\/blogdofarnesio.com.br\/","logo":{"@type":"ImageObject","inLanguage":"pt-BR","@id":"https:\/\/blogdofarnesio.com.br\/#\/schema\/logo\/image\/","url":"https:\/\/blogdofarnesio.com.br\/wp-content\/uploads\/2026\/03\/cropped-logo_new-1.png","contentUrl":"https:\/\/blogdofarnesio.com.br\/wp-content\/uploads\/2026\/03\/cropped-logo_new-1.png","width":881,"height":685,"caption":"Blog do Farn\u00e9sio"},"image":{"@id":"https:\/\/blogdofarnesio.com.br\/#\/schema\/logo\/image\/"},"sameAs":["https:\/\/www.facebook.com\/BlogQuerSaberPolitica\/"]},{"@type":"Person","@id":"https:\/\/blogdofarnesio.com.br\/#\/schema\/person\/301c4acf522bccbfdb45af95b5b906a1","name":"Farn\u00e9sio","image":{"@type":"ImageObject","inLanguage":"pt-BR","@id":"https:\/\/secure.gravatar.com\/avatar\/df0c9a14567c056f8ad6876ba5bbd1e3e2c48023eb6807342fc4663adf549f38?s=96&d=mm&r=g","url":"https:\/\/secure.gravatar.com\/avatar\/df0c9a14567c056f8ad6876ba5bbd1e3e2c48023eb6807342fc4663adf549f38?s=96&d=mm&r=g","contentUrl":"https:\/\/secure.gravatar.com\/avatar\/df0c9a14567c056f8ad6876ba5bbd1e3e2c48023eb6807342fc4663adf549f38?s=96&d=mm&r=g","caption":"Farn\u00e9sio"},"sameAs":["https:\/\/quersaberpolitica.com.br"],"url":"https:\/\/blogdofarnesio.com.br\/?author=1"}]}},"_links":{"self":[{"href":"https:\/\/blogdofarnesio.com.br\/index.php?rest_route=\/wp\/v2\/posts\/273272","targetHints":{"allow":["GET"]}}],"collection":[{"href":"https:\/\/blogdofarnesio.com.br\/index.php?rest_route=\/wp\/v2\/posts"}],"about":[{"href":"https:\/\/blogdofarnesio.com.br\/index.php?rest_route=\/wp\/v2\/types\/post"}],"author":[{"embeddable":true,"href":"https:\/\/blogdofarnesio.com.br\/index.php?rest_route=\/wp\/v2\/users\/1"}],"replies":[{"embeddable":true,"href":"https:\/\/blogdofarnesio.com.br\/index.php?rest_route=%2Fwp%2Fv2%2Fcomments&post=273272"}],"version-history":[{"count":0,"href":"https:\/\/blogdofarnesio.com.br\/index.php?rest_route=\/wp\/v2\/posts\/273272\/revisions"}],"wp:featuredmedia":[{"embeddable":true,"href":"https:\/\/blogdofarnesio.com.br\/index.php?rest_route=\/wp\/v2\/media\/273273"}],"wp:attachment":[{"href":"https:\/\/blogdofarnesio.com.br\/index.php?rest_route=%2Fwp%2Fv2%2Fmedia&parent=273272"}],"wp:term":[{"taxonomy":"category","embeddable":true,"href":"https:\/\/blogdofarnesio.com.br\/index.php?rest_route=%2Fwp%2Fv2%2Fcategories&post=273272"},{"taxonomy":"post_tag","embeddable":true,"href":"https:\/\/blogdofarnesio.com.br\/index.php?rest_route=%2Fwp%2Fv2%2Ftags&post=273272"}],"curies":[{"name":"wp","href":"https:\/\/api.w.org\/{rel}","templated":true}]}}