{"id":272916,"date":"2020-11-27T10:22:43","date_gmt":"2020-11-27T13:22:43","guid":{"rendered":"http:\/\/quersaberpolitica.com.br\/2016\/?p=272916"},"modified":"2020-11-26T19:41:44","modified_gmt":"2020-11-26T22:41:44","slug":"prefeitura-alerta-para-proibicao-da-obstrucao-de-calcadas-durante-a-black-friday","status":"publish","type":"post","link":"https:\/\/blogdofarnesio.com.br\/?p=272916","title":{"rendered":"Prefeitura alerta para proibi\u00e7\u00e3o da obstru\u00e7\u00e3o de cal\u00e7adas durante a Black Friday"},"content":{"rendered":"<p>A Black Friday, marcada para esta sexta-feira (27) est\u00e1 trazendo otimismo aos comerciantes de Petrolina que, por toda cidade, j\u00e1 se preparam para receber os consumidores. Para organizar as filas obedecendo as medidas de preven\u00e7\u00e3o \u00e0 Covid-19, uma loja que fica na Avenida Guararapes, Centro, ocupou toda a cal\u00e7ada com grades.<\/p>\n<p>O estabelecimento foi notificado nesta pela equipe de fiscaliza\u00e7\u00e3o de posturas da prefeitura, que chama a aten\u00e7\u00e3o para a proibi\u00e7\u00e3o da obstru\u00e7\u00e3o do passeio p\u00fablico.<\/p>\n<p>De acordo com o C\u00f3digo de Posturas do munic\u00edpio, \u00e9 proibido impedir, por qualquer meio, o livre tr\u00e2nsito de pedestres. \u201c<em>Quando uma cal\u00e7ada \u00e9 obstru\u00edda, as pessoas precisam andar pelas ruas e disputar espa\u00e7o com ve\u00edculos, o que aumenta a possibilidade de ocorrer acidentes e coloca em risco a vida das pessoa<\/em>s\u201d, argumenta Giovanni Costa, secret\u00e1rio de Desenvolvimento Urbano e Habita\u00e7\u00e3o\u00a0 (Sedurbh).<\/p>\n<p>A recomenda\u00e7\u00e3o \u00e9 que as filas sejam formadas ocupando apenas uma parte das cal\u00e7adas, deixando livre o espa\u00e7o para o tr\u00e2nsito de pedestres. Tamb\u00e9m \u00e9 necess\u00e1rio obedecer o distanciamento de 1,5m recomendado pelo Minist\u00e9rio da Sa\u00fade para preven\u00e7\u00e3o do novo coronav\u00edrus.<\/p>\n<p>O titular da Sedubh destaca ainda que a fiscaliza\u00e7\u00e3o ser\u00e1 intensificada durante o dia de promo\u00e7\u00f5es. \u201cSabemos que nossos comerciantes j\u00e1 est\u00e3o adaptados ao novo normal, mas \u00e9 v\u00e1lido refor\u00e7ar que, apesar da etapa 11 permitir maior flexibiliza\u00e7\u00e3o, ainda exige o uso de m\u00e1scara, fornecimento de \u00e1lcool 70, refor\u00e7o na higieniza\u00e7\u00e3o das superf\u00edcies, entre outros cuidados\u201d, finaliza Costa<\/p>\n<p>Texto\u00a0 : Andr\u00e9a Meireles<\/p>\n<p>Assessora de Imprensa da Secretaria de Desenvolvimento Urbano e Habita\u00e7\u00e3o de Petrolina\u00a0??<\/p>\n","protected":false},"excerpt":{"rendered":"<p>A Black Friday, marcada para esta sexta-feira (27) est\u00e1 trazendo otimismo aos comerciantes de Petrolina que, por toda cidade, j\u00e1 se preparam para receber os consumidores. Para organizar as filas obedecendo as medidas de preven\u00e7\u00e3o \u00e0 Covid-19, uma loja que fica na Avenida Guararapes, Centro, ocupou toda a cal\u00e7ada com grades. O estabelecimento foi notificado nesta pela equipe de fiscaliza\u00e7\u00e3o de posturas da prefeitura, que chama a aten\u00e7\u00e3o para a proibi\u00e7\u00e3o da obstru\u00e7\u00e3o do passeio p\u00fablico. De acordo com o C\u00f3digo de Posturas do munic\u00edpio, \u00e9 proibido impedir, por qualquer meio, o livre tr\u00e2nsito de pedestres. \u201cQuando uma cal\u00e7ada \u00e9 obstru\u00edda, as pessoas precisam andar pelas ruas e disputar espa\u00e7o com ve\u00edculos, o que aumenta a possibilidade de ocorrer acidentes&hellip; <\/p>\n","protected":false},"author":1,"featured_media":272917,"comment_status":"closed","ping_status":"closed","sticky":false,"template":"","format":"standard","meta":{"_acf_changed":false,"footnotes":""},"categories":[44],"tags":[],"class_list":["post-272916","post","type-post","status-publish","format-standard","has-post-thumbnail","hentry","category-administracao"],"acf":[],"yoast_head":"<!-- This site is optimized with the Yoast SEO plugin v27.4 - https:\/\/yoast.com\/product\/yoast-seo-wordpress\/ -->\n<title>Prefeitura alerta para proibi\u00e7\u00e3o da obstru\u00e7\u00e3o de cal\u00e7adas durante a Black Friday - Blog do Farn\u00e9sio<\/title>\n<meta name=\"robots\" content=\"index, follow, max-snippet:-1, max-image-preview:large, max-video-preview:-1\" \/>\n<link rel=\"canonical\" href=\"https:\/\/blogdofarnesio.com.br\/?p=272916\" \/>\n<meta property=\"og:locale\" content=\"pt_BR\" \/>\n<meta property=\"og:type\" content=\"article\" \/>\n<meta property=\"og:title\" content=\"Prefeitura alerta para proibi\u00e7\u00e3o da obstru\u00e7\u00e3o de cal\u00e7adas durante a Black Friday - Blog do Farn\u00e9sio\" \/>\n<meta property=\"og:description\" content=\"A Black Friday, marcada para esta sexta-feira (27) est\u00e1 trazendo otimismo aos comerciantes de Petrolina que, por toda cidade, j\u00e1 se preparam para receber os consumidores. Para organizar as filas obedecendo as medidas de preven\u00e7\u00e3o \u00e0 Covid-19, uma loja que fica na Avenida Guararapes, Centro, ocupou toda a cal\u00e7ada com grades. O estabelecimento foi notificado nesta pela equipe de fiscaliza\u00e7\u00e3o de posturas da prefeitura, que chama a aten\u00e7\u00e3o para a proibi\u00e7\u00e3o da obstru\u00e7\u00e3o do passeio p\u00fablico. De acordo com o C\u00f3digo de Posturas do munic\u00edpio, \u00e9 proibido impedir, por qualquer meio, o livre tr\u00e2nsito de pedestres. \u201cQuando uma cal\u00e7ada \u00e9 obstru\u00edda, as pessoas precisam andar pelas ruas e disputar espa\u00e7o com ve\u00edculos, o que aumenta a possibilidade de ocorrer acidentes&hellip;\" \/>\n<meta property=\"og:url\" content=\"https:\/\/blogdofarnesio.com.br\/?p=272916\" \/>\n<meta property=\"og:site_name\" content=\"Blog do Farn\u00e9sio\" \/>\n<meta property=\"article:publisher\" content=\"https:\/\/www.facebook.com\/BlogQuerSaberPolitica\/\" \/>\n<meta property=\"article:published_time\" content=\"2020-11-27T13:22:43+00:00\" \/>\n<meta property=\"og:image\" content=\"https:\/\/blogdofarnesio.com.br\/wp-content\/uploads\/2020\/11\/CALCADA-OBSTRUIDA-PARA-FORMACAO-DE-FILA-e1606430473836.jpeg\" \/>\n\t<meta property=\"og:image:width\" content=\"680\" \/>\n\t<meta property=\"og:image:height\" content=\"523\" \/>\n\t<meta property=\"og:image:type\" content=\"image\/jpeg\" \/>\n<meta name=\"author\" content=\"Farn\u00e9sio\" \/>\n<meta name=\"twitter:card\" content=\"summary_large_image\" \/>\n<meta name=\"twitter:label1\" content=\"Escrito por\" \/>\n\t<meta name=\"twitter:data1\" content=\"Farn\u00e9sio\" \/>\n\t<meta name=\"twitter:label2\" content=\"Est. tempo de leitura\" \/>\n\t<meta name=\"twitter:data2\" content=\"1 minuto\" \/>\n<script type=\"application\/ld+json\" class=\"yoast-schema-graph\">{\"@context\":\"https:\\\/\\\/schema.org\",\"@graph\":[{\"@type\":\"Article\",\"@id\":\"https:\\\/\\\/blogdofarnesio.com.br\\\/?p=272916#article\",\"isPartOf\":{\"@id\":\"https:\\\/\\\/blogdofarnesio.com.br\\\/?p=272916\"},\"author\":{\"name\":\"Farn\u00e9sio\",\"@id\":\"https:\\\/\\\/blogdofarnesio.com.br\\\/#\\\/schema\\\/person\\\/301c4acf522bccbfdb45af95b5b906a1\"},\"headline\":\"Prefeitura alerta para proibi\u00e7\u00e3o da obstru\u00e7\u00e3o de cal\u00e7adas durante a Black Friday\",\"datePublished\":\"2020-11-27T13:22:43+00:00\",\"mainEntityOfPage\":{\"@id\":\"https:\\\/\\\/blogdofarnesio.com.br\\\/?p=272916\"},\"wordCount\":296,\"publisher\":{\"@id\":\"https:\\\/\\\/blogdofarnesio.com.br\\\/#organization\"},\"image\":{\"@id\":\"https:\\\/\\\/blogdofarnesio.com.br\\\/?p=272916#primaryimage\"},\"thumbnailUrl\":\"https:\\\/\\\/blogdofarnesio.com.br\\\/wp-content\\\/uploads\\\/2020\\\/11\\\/CALCADA-OBSTRUIDA-PARA-FORMACAO-DE-FILA-e1606430473836.jpeg\",\"articleSection\":[\"Administra\u00e7\u00e3o\"],\"inLanguage\":\"pt-BR\"},{\"@type\":\"WebPage\",\"@id\":\"https:\\\/\\\/blogdofarnesio.com.br\\\/?p=272916\",\"url\":\"https:\\\/\\\/blogdofarnesio.com.br\\\/?p=272916\",\"name\":\"Prefeitura alerta para proibi\u00e7\u00e3o da obstru\u00e7\u00e3o de cal\u00e7adas durante a Black Friday - Blog do Farn\u00e9sio\",\"isPartOf\":{\"@id\":\"https:\\\/\\\/blogdofarnesio.com.br\\\/#website\"},\"primaryImageOfPage\":{\"@id\":\"https:\\\/\\\/blogdofarnesio.com.br\\\/?p=272916#primaryimage\"},\"image\":{\"@id\":\"https:\\\/\\\/blogdofarnesio.com.br\\\/?p=272916#primaryimage\"},\"thumbnailUrl\":\"https:\\\/\\\/blogdofarnesio.com.br\\\/wp-content\\\/uploads\\\/2020\\\/11\\\/CALCADA-OBSTRUIDA-PARA-FORMACAO-DE-FILA-e1606430473836.jpeg\",\"datePublished\":\"2020-11-27T13:22:43+00:00\",\"breadcrumb\":{\"@id\":\"https:\\\/\\\/blogdofarnesio.com.br\\\/?p=272916#breadcrumb\"},\"inLanguage\":\"pt-BR\",\"potentialAction\":[{\"@type\":\"ReadAction\",\"target\":[\"https:\\\/\\\/blogdofarnesio.com.br\\\/?p=272916\"]}]},{\"@type\":\"ImageObject\",\"inLanguage\":\"pt-BR\",\"@id\":\"https:\\\/\\\/blogdofarnesio.com.br\\\/?p=272916#primaryimage\",\"url\":\"https:\\\/\\\/blogdofarnesio.com.br\\\/wp-content\\\/uploads\\\/2020\\\/11\\\/CALCADA-OBSTRUIDA-PARA-FORMACAO-DE-FILA-e1606430473836.jpeg\",\"contentUrl\":\"https:\\\/\\\/blogdofarnesio.com.br\\\/wp-content\\\/uploads\\\/2020\\\/11\\\/CALCADA-OBSTRUIDA-PARA-FORMACAO-DE-FILA-e1606430473836.jpeg\",\"width\":680,\"height\":523},{\"@type\":\"BreadcrumbList\",\"@id\":\"https:\\\/\\\/blogdofarnesio.com.br\\\/?p=272916#breadcrumb\",\"itemListElement\":[{\"@type\":\"ListItem\",\"position\":1,\"name\":\"In\u00edcio\",\"item\":\"https:\\\/\\\/blogdofarnesio.com.br\\\/\"},{\"@type\":\"ListItem\",\"position\":2,\"name\":\"Prefeitura alerta para proibi\u00e7\u00e3o da obstru\u00e7\u00e3o de cal\u00e7adas durante a Black Friday\"}]},{\"@type\":\"WebSite\",\"@id\":\"https:\\\/\\\/blogdofarnesio.com.br\\\/#website\",\"url\":\"https:\\\/\\\/blogdofarnesio.com.br\\\/\",\"name\":\"Blog do Farn\u00e9sio\",\"description\":\"Quer Saber Pol\u00edtica?\",\"publisher\":{\"@id\":\"https:\\\/\\\/blogdofarnesio.com.br\\\/#organization\"},\"potentialAction\":[{\"@type\":\"SearchAction\",\"target\":{\"@type\":\"EntryPoint\",\"urlTemplate\":\"https:\\\/\\\/blogdofarnesio.com.br\\\/?s={search_term_string}\"},\"query-input\":{\"@type\":\"PropertyValueSpecification\",\"valueRequired\":true,\"valueName\":\"search_term_string\"}}],\"inLanguage\":\"pt-BR\"},{\"@type\":\"Organization\",\"@id\":\"https:\\\/\\\/blogdofarnesio.com.br\\\/#organization\",\"name\":\"Blog do Farn\u00e9sio\",\"url\":\"https:\\\/\\\/blogdofarnesio.com.br\\\/\",\"logo\":{\"@type\":\"ImageObject\",\"inLanguage\":\"pt-BR\",\"@id\":\"https:\\\/\\\/blogdofarnesio.com.br\\\/#\\\/schema\\\/logo\\\/image\\\/\",\"url\":\"https:\\\/\\\/blogdofarnesio.com.br\\\/wp-content\\\/uploads\\\/2026\\\/03\\\/cropped-logo_new-1.png\",\"contentUrl\":\"https:\\\/\\\/blogdofarnesio.com.br\\\/wp-content\\\/uploads\\\/2026\\\/03\\\/cropped-logo_new-1.png\",\"width\":881,\"height\":685,\"caption\":\"Blog do Farn\u00e9sio\"},\"image\":{\"@id\":\"https:\\\/\\\/blogdofarnesio.com.br\\\/#\\\/schema\\\/logo\\\/image\\\/\"},\"sameAs\":[\"https:\\\/\\\/www.facebook.com\\\/BlogQuerSaberPolitica\\\/\"]},{\"@type\":\"Person\",\"@id\":\"https:\\\/\\\/blogdofarnesio.com.br\\\/#\\\/schema\\\/person\\\/301c4acf522bccbfdb45af95b5b906a1\",\"name\":\"Farn\u00e9sio\",\"image\":{\"@type\":\"ImageObject\",\"inLanguage\":\"pt-BR\",\"@id\":\"https:\\\/\\\/secure.gravatar.com\\\/avatar\\\/df0c9a14567c056f8ad6876ba5bbd1e3e2c48023eb6807342fc4663adf549f38?s=96&d=mm&r=g\",\"url\":\"https:\\\/\\\/secure.gravatar.com\\\/avatar\\\/df0c9a14567c056f8ad6876ba5bbd1e3e2c48023eb6807342fc4663adf549f38?s=96&d=mm&r=g\",\"contentUrl\":\"https:\\\/\\\/secure.gravatar.com\\\/avatar\\\/df0c9a14567c056f8ad6876ba5bbd1e3e2c48023eb6807342fc4663adf549f38?s=96&d=mm&r=g\",\"caption\":\"Farn\u00e9sio\"},\"sameAs\":[\"https:\\\/\\\/quersaberpolitica.com.br\"],\"url\":\"https:\\\/\\\/blogdofarnesio.com.br\\\/?author=1\"}]}<\/script>\n<!-- \/ Yoast SEO plugin. -->","yoast_head_json":{"title":"Prefeitura alerta para proibi\u00e7\u00e3o da obstru\u00e7\u00e3o de cal\u00e7adas durante a Black Friday - Blog do Farn\u00e9sio","robots":{"index":"index","follow":"follow","max-snippet":"max-snippet:-1","max-image-preview":"max-image-preview:large","max-video-preview":"max-video-preview:-1"},"canonical":"https:\/\/blogdofarnesio.com.br\/?p=272916","og_locale":"pt_BR","og_type":"article","og_title":"Prefeitura alerta para proibi\u00e7\u00e3o da obstru\u00e7\u00e3o de cal\u00e7adas durante a Black Friday - Blog do Farn\u00e9sio","og_description":"A Black Friday, marcada para esta sexta-feira (27) est\u00e1 trazendo otimismo aos comerciantes de Petrolina que, por toda cidade, j\u00e1 se preparam para receber os consumidores. Para organizar as filas obedecendo as medidas de preven\u00e7\u00e3o \u00e0 Covid-19, uma loja que fica na Avenida Guararapes, Centro, ocupou toda a cal\u00e7ada com grades. O estabelecimento foi notificado nesta pela equipe de fiscaliza\u00e7\u00e3o de posturas da prefeitura, que chama a aten\u00e7\u00e3o para a proibi\u00e7\u00e3o da obstru\u00e7\u00e3o do passeio p\u00fablico. De acordo com o C\u00f3digo de Posturas do munic\u00edpio, \u00e9 proibido impedir, por qualquer meio, o livre tr\u00e2nsito de pedestres. \u201cQuando uma cal\u00e7ada \u00e9 obstru\u00edda, as pessoas precisam andar pelas ruas e disputar espa\u00e7o com ve\u00edculos, o que aumenta a possibilidade de ocorrer acidentes&hellip;","og_url":"https:\/\/blogdofarnesio.com.br\/?p=272916","og_site_name":"Blog do Farn\u00e9sio","article_publisher":"https:\/\/www.facebook.com\/BlogQuerSaberPolitica\/","article_published_time":"2020-11-27T13:22:43+00:00","og_image":[{"width":680,"height":523,"url":"https:\/\/blogdofarnesio.com.br\/wp-content\/uploads\/2020\/11\/CALCADA-OBSTRUIDA-PARA-FORMACAO-DE-FILA-e1606430473836.jpeg","type":"image\/jpeg"}],"author":"Farn\u00e9sio","twitter_card":"summary_large_image","twitter_misc":{"Escrito por":"Farn\u00e9sio","Est. tempo de leitura":"1 minuto"},"schema":{"@context":"https:\/\/schema.org","@graph":[{"@type":"Article","@id":"https:\/\/blogdofarnesio.com.br\/?p=272916#article","isPartOf":{"@id":"https:\/\/blogdofarnesio.com.br\/?p=272916"},"author":{"name":"Farn\u00e9sio","@id":"https:\/\/blogdofarnesio.com.br\/#\/schema\/person\/301c4acf522bccbfdb45af95b5b906a1"},"headline":"Prefeitura alerta para proibi\u00e7\u00e3o da obstru\u00e7\u00e3o de cal\u00e7adas durante a Black Friday","datePublished":"2020-11-27T13:22:43+00:00","mainEntityOfPage":{"@id":"https:\/\/blogdofarnesio.com.br\/?p=272916"},"wordCount":296,"publisher":{"@id":"https:\/\/blogdofarnesio.com.br\/#organization"},"image":{"@id":"https:\/\/blogdofarnesio.com.br\/?p=272916#primaryimage"},"thumbnailUrl":"https:\/\/blogdofarnesio.com.br\/wp-content\/uploads\/2020\/11\/CALCADA-OBSTRUIDA-PARA-FORMACAO-DE-FILA-e1606430473836.jpeg","articleSection":["Administra\u00e7\u00e3o"],"inLanguage":"pt-BR"},{"@type":"WebPage","@id":"https:\/\/blogdofarnesio.com.br\/?p=272916","url":"https:\/\/blogdofarnesio.com.br\/?p=272916","name":"Prefeitura alerta para proibi\u00e7\u00e3o da obstru\u00e7\u00e3o de cal\u00e7adas durante a Black Friday - Blog do Farn\u00e9sio","isPartOf":{"@id":"https:\/\/blogdofarnesio.com.br\/#website"},"primaryImageOfPage":{"@id":"https:\/\/blogdofarnesio.com.br\/?p=272916#primaryimage"},"image":{"@id":"https:\/\/blogdofarnesio.com.br\/?p=272916#primaryimage"},"thumbnailUrl":"https:\/\/blogdofarnesio.com.br\/wp-content\/uploads\/2020\/11\/CALCADA-OBSTRUIDA-PARA-FORMACAO-DE-FILA-e1606430473836.jpeg","datePublished":"2020-11-27T13:22:43+00:00","breadcrumb":{"@id":"https:\/\/blogdofarnesio.com.br\/?p=272916#breadcrumb"},"inLanguage":"pt-BR","potentialAction":[{"@type":"ReadAction","target":["https:\/\/blogdofarnesio.com.br\/?p=272916"]}]},{"@type":"ImageObject","inLanguage":"pt-BR","@id":"https:\/\/blogdofarnesio.com.br\/?p=272916#primaryimage","url":"https:\/\/blogdofarnesio.com.br\/wp-content\/uploads\/2020\/11\/CALCADA-OBSTRUIDA-PARA-FORMACAO-DE-FILA-e1606430473836.jpeg","contentUrl":"https:\/\/blogdofarnesio.com.br\/wp-content\/uploads\/2020\/11\/CALCADA-OBSTRUIDA-PARA-FORMACAO-DE-FILA-e1606430473836.jpeg","width":680,"height":523},{"@type":"BreadcrumbList","@id":"https:\/\/blogdofarnesio.com.br\/?p=272916#breadcrumb","itemListElement":[{"@type":"ListItem","position":1,"name":"In\u00edcio","item":"https:\/\/blogdofarnesio.com.br\/"},{"@type":"ListItem","position":2,"name":"Prefeitura alerta para proibi\u00e7\u00e3o da obstru\u00e7\u00e3o de cal\u00e7adas durante a Black Friday"}]},{"@type":"WebSite","@id":"https:\/\/blogdofarnesio.com.br\/#website","url":"https:\/\/blogdofarnesio.com.br\/","name":"Blog do Farn\u00e9sio","description":"Quer Saber Pol\u00edtica?","publisher":{"@id":"https:\/\/blogdofarnesio.com.br\/#organization"},"potentialAction":[{"@type":"SearchAction","target":{"@type":"EntryPoint","urlTemplate":"https:\/\/blogdofarnesio.com.br\/?s={search_term_string}"},"query-input":{"@type":"PropertyValueSpecification","valueRequired":true,"valueName":"search_term_string"}}],"inLanguage":"pt-BR"},{"@type":"Organization","@id":"https:\/\/blogdofarnesio.com.br\/#organization","name":"Blog do Farn\u00e9sio","url":"https:\/\/blogdofarnesio.com.br\/","logo":{"@type":"ImageObject","inLanguage":"pt-BR","@id":"https:\/\/blogdofarnesio.com.br\/#\/schema\/logo\/image\/","url":"https:\/\/blogdofarnesio.com.br\/wp-content\/uploads\/2026\/03\/cropped-logo_new-1.png","contentUrl":"https:\/\/blogdofarnesio.com.br\/wp-content\/uploads\/2026\/03\/cropped-logo_new-1.png","width":881,"height":685,"caption":"Blog do Farn\u00e9sio"},"image":{"@id":"https:\/\/blogdofarnesio.com.br\/#\/schema\/logo\/image\/"},"sameAs":["https:\/\/www.facebook.com\/BlogQuerSaberPolitica\/"]},{"@type":"Person","@id":"https:\/\/blogdofarnesio.com.br\/#\/schema\/person\/301c4acf522bccbfdb45af95b5b906a1","name":"Farn\u00e9sio","image":{"@type":"ImageObject","inLanguage":"pt-BR","@id":"https:\/\/secure.gravatar.com\/avatar\/df0c9a14567c056f8ad6876ba5bbd1e3e2c48023eb6807342fc4663adf549f38?s=96&d=mm&r=g","url":"https:\/\/secure.gravatar.com\/avatar\/df0c9a14567c056f8ad6876ba5bbd1e3e2c48023eb6807342fc4663adf549f38?s=96&d=mm&r=g","contentUrl":"https:\/\/secure.gravatar.com\/avatar\/df0c9a14567c056f8ad6876ba5bbd1e3e2c48023eb6807342fc4663adf549f38?s=96&d=mm&r=g","caption":"Farn\u00e9sio"},"sameAs":["https:\/\/quersaberpolitica.com.br"],"url":"https:\/\/blogdofarnesio.com.br\/?author=1"}]}},"_links":{"self":[{"href":"https:\/\/blogdofarnesio.com.br\/index.php?rest_route=\/wp\/v2\/posts\/272916","targetHints":{"allow":["GET"]}}],"collection":[{"href":"https:\/\/blogdofarnesio.com.br\/index.php?rest_route=\/wp\/v2\/posts"}],"about":[{"href":"https:\/\/blogdofarnesio.com.br\/index.php?rest_route=\/wp\/v2\/types\/post"}],"author":[{"embeddable":true,"href":"https:\/\/blogdofarnesio.com.br\/index.php?rest_route=\/wp\/v2\/users\/1"}],"replies":[{"embeddable":true,"href":"https:\/\/blogdofarnesio.com.br\/index.php?rest_route=%2Fwp%2Fv2%2Fcomments&post=272916"}],"version-history":[{"count":0,"href":"https:\/\/blogdofarnesio.com.br\/index.php?rest_route=\/wp\/v2\/posts\/272916\/revisions"}],"wp:featuredmedia":[{"embeddable":true,"href":"https:\/\/blogdofarnesio.com.br\/index.php?rest_route=\/wp\/v2\/media\/272917"}],"wp:attachment":[{"href":"https:\/\/blogdofarnesio.com.br\/index.php?rest_route=%2Fwp%2Fv2%2Fmedia&parent=272916"}],"wp:term":[{"taxonomy":"category","embeddable":true,"href":"https:\/\/blogdofarnesio.com.br\/index.php?rest_route=%2Fwp%2Fv2%2Fcategories&post=272916"},{"taxonomy":"post_tag","embeddable":true,"href":"https:\/\/blogdofarnesio.com.br\/index.php?rest_route=%2Fwp%2Fv2%2Ftags&post=272916"}],"curies":[{"name":"wp","href":"https:\/\/api.w.org\/{rel}","templated":true}]}}