{"id":271647,"date":"2020-11-10T15:31:16","date_gmt":"2020-11-10T18:31:16","guid":{"rendered":"http:\/\/quersaberpolitica.com.br\/2016\/?p=271647"},"modified":"2020-11-10T14:57:00","modified_gmt":"2020-11-10T17:57:00","slug":"tjpe-suspende-doacao-de-r-4-milhoes-da-prefeitura-de-petrolina-para-empresa-atlantico-apos-acao-do-vereador-paulo-valgueiro","status":"publish","type":"post","link":"https:\/\/blogdofarnesio.com.br\/?p=271647","title":{"rendered":"TJPE suspende doa\u00e7\u00e3o de R$ 4 milh\u00f5es da Prefeitura de Petrolina para empresa Atl\u00e2ntico, ap\u00f3s a\u00e7\u00e3o do vereador Paulo Valgueiro"},"content":{"rendered":"<p style=\"font-weight: 400;\">Atrav\u00e9s de uma liminar, o Tribunal de Justi\u00e7a de Pernambuco (TJPE) suspendeu, no \u00faltimo dia 09, a doa\u00e7\u00e3o de R$ 4 milh\u00f5es da Prefeitura de Petrolina para empresa Atl\u00e2ntico, ap\u00f3s o vereador Paulo Valgueiro mover uma a\u00e7\u00e3o contra a administra\u00e7\u00e3o municipal pelo poss\u00edvel dano ao er\u00e1rio p\u00fablico.<\/p>\n<p style=\"font-weight: 400;\">A a\u00e7\u00e3o popular n\u00ba 0006411-35.2020.8.17.3130, em tr\u00e2mite na Vara da Fazenda P\u00fablica, foi ajuizada para evitar que o prefeito Miguel Coelho utilizasse o dinheiro do povo de Petrolina para suprir um acordo amigo com a empresa rec\u00e9m-chegada no munic\u00edpio e que tem o objetivo exclusivo de obten\u00e7\u00e3o de lucro com os servi\u00e7os de transportes p\u00fablicos na cidade.<\/p>\n<p style=\"font-weight: 400;\">Paradoxalmente, o gestor municipal tenta suspender as contribui\u00e7\u00f5es previdenci\u00e1rias patronais dos servidores, alegando incapacidade financeira para cumprir com as obriga\u00e7\u00f5es previdenci\u00e1rias dos servidores p\u00fablicos municipais de Petrolina. \u201cO prefeito decide dar um calote no povo, mas quer favorecer uma empresa privada rec\u00e9m-chegada \u00e0 Petrolina.<\/p>\n<p style=\"font-weight: 400;\">Quer penalizar o servidor em detrimento de uma empresa que vende servi\u00e7o e gera lucro. O prefeito quer lesionar o munic\u00edpio e n\u00f3s n\u00e3o podemos arcar com tamanha irresponsabilidade com o dinheiro p\u00fablico\u201d, cita Valgueiro.<\/p>\n<p style=\"font-weight: 400;\">O Minist\u00e9rio P\u00fablico de Contas de Pernambuco (MPCOPE) j\u00e1 havia se manifestado contr\u00e1rio aos Projetos de Lei n\u00b0 020\/2020, o qual disp\u00f5e sobre a suspens\u00e3o tempor\u00e1ria das contribui\u00e7\u00f5es previdenci\u00e1rias patronais dos servidores para o IGEPREV, e n\u00b0 021\/2020, que institui o Regime Emergencial de Opera\u00e7\u00e3o e Custeio do Transporte Coletivo transferindo dos recursos p\u00fablicos para uma empresa privada de transporte p\u00fablico Atl\u00e2ntico no valor de R$ 4 milh\u00f5es, enviados pelo Executivo e aprovados na Casa Pl\u00ednio Amorim no dia 17 de agosto deste ano. Indignado, o vereador e l\u00edder da Bancada de Oposi\u00e7\u00e3o, Paulo Valgueiro, moveu a a\u00e7\u00e3o contra a Prefeitura de Petrolina para impedir esse desfalque nas contas p\u00fablicas.<\/p>\n<p style=\"font-weight: 400;\">Em fun\u00e7\u00e3o dos ind\u00edcios de ilegalidade na doa\u00e7\u00e3o, o MPCOPE, inclusive, solicitou do Tribunal de Contas do Estado (TCE PE) a suspens\u00e3o desse benef\u00edcio e tamb\u00e9m pediu a investiga\u00e7\u00e3o, atrav\u00e9s de uma auditoria especial, para apurar a finalidade e a inten\u00e7\u00e3o do Executivo ao conceder esse benef\u00edcio \u00e0 empresa privada de transporte p\u00fablico.<\/p>\n<p style=\"font-weight: 400;\">\u201cAgora n\u00f3s vamos apurar o porqu\u00ea de o prefeito favorecer essa empresa e que liga\u00e7\u00e3o existe entre eles, j\u00e1 que esse presente seria dado a uma empresa privada que ainda n\u00e3o cumpriu suas promessas de investimentos em novas frotas na cidade. Seremos contra a essa vergonha e imoralidade at\u00e9 o fim\u201d, acrescenta Valgueiro.<\/p>\n<p style=\"font-weight: 400;\">O vereador ainda pontua que esse benef\u00edcio, em favor da concession\u00e1ria, configura les\u00e3o ao patrim\u00f4nio municipal e desvio de finalidade, uma vez que os recursos n\u00e3o tiveram a fonte indicada, o que viola a Lei Or\u00e7ament\u00e1ria Municipal e a Lei Complementar n\u00ba 101\/2000 (Lei de Responsabilidade Fiscal).<\/p>\n<p>Confira aqui o processo<a href=\"http:\/\/quersaberpolitica.com.br\/2016\/wp-content\/uploads\/2020\/11\/Acao-0006411-35.2020.8.17.3130_70725296.pdf\">\u00a0A\u00e7\u00e3o 0006411-35.2020.8.17.3130_70725296<\/a><\/p>\n<p><strong>M\u00f4nia Ramos\/ Jornalista<\/strong><\/p>\n","protected":false},"excerpt":{"rendered":"<p>Atrav\u00e9s de uma liminar, o Tribunal de Justi\u00e7a de Pernambuco (TJPE) suspendeu, no \u00faltimo dia 09, a doa\u00e7\u00e3o de R$ 4 milh\u00f5es da Prefeitura de Petrolina para empresa Atl\u00e2ntico, ap\u00f3s o vereador Paulo Valgueiro mover uma a\u00e7\u00e3o contra a administra\u00e7\u00e3o municipal pelo poss\u00edvel dano ao er\u00e1rio p\u00fablico. A a\u00e7\u00e3o popular n\u00ba 0006411-35.2020.8.17.3130, em tr\u00e2mite na Vara da Fazenda P\u00fablica, foi ajuizada para evitar que o prefeito Miguel Coelho utilizasse o dinheiro do povo de Petrolina para suprir um acordo amigo com a empresa rec\u00e9m-chegada no munic\u00edpio e que tem o objetivo exclusivo de obten\u00e7\u00e3o de lucro com os servi\u00e7os de transportes p\u00fablicos na cidade. Paradoxalmente, o gestor municipal tenta suspender as contribui\u00e7\u00f5es previdenci\u00e1rias patronais dos servidores, alegando incapacidade financeira para&hellip; <\/p>\n","protected":false},"author":1,"featured_media":239421,"comment_status":"closed","ping_status":"closed","sticky":false,"template":"","format":"standard","meta":{"_acf_changed":false,"footnotes":""},"categories":[1],"tags":[],"class_list":["post-271647","post","type-post","status-publish","format-standard","has-post-thumbnail","hentry","category-politica"],"acf":[],"yoast_head":"<!-- This site is optimized with the Yoast SEO plugin v27.4 - https:\/\/yoast.com\/product\/yoast-seo-wordpress\/ -->\n<title>TJPE suspende doa\u00e7\u00e3o de R$ 4 milh\u00f5es da Prefeitura de Petrolina para empresa Atl\u00e2ntico, ap\u00f3s a\u00e7\u00e3o do vereador Paulo Valgueiro - Blog do Farn\u00e9sio<\/title>\n<meta name=\"robots\" content=\"index, follow, max-snippet:-1, max-image-preview:large, max-video-preview:-1\" \/>\n<link rel=\"canonical\" href=\"https:\/\/blogdofarnesio.com.br\/?p=271647\" \/>\n<meta property=\"og:locale\" content=\"pt_BR\" \/>\n<meta property=\"og:type\" content=\"article\" \/>\n<meta property=\"og:title\" content=\"TJPE suspende doa\u00e7\u00e3o de R$ 4 milh\u00f5es da Prefeitura de Petrolina para empresa Atl\u00e2ntico, ap\u00f3s a\u00e7\u00e3o do vereador Paulo Valgueiro - Blog do Farn\u00e9sio\" \/>\n<meta property=\"og:description\" content=\"Atrav\u00e9s de uma liminar, o Tribunal de Justi\u00e7a de Pernambuco (TJPE) suspendeu, no \u00faltimo dia 09, a doa\u00e7\u00e3o de R$ 4 milh\u00f5es da Prefeitura de Petrolina para empresa Atl\u00e2ntico, ap\u00f3s o vereador Paulo Valgueiro mover uma a\u00e7\u00e3o contra a administra\u00e7\u00e3o municipal pelo poss\u00edvel dano ao er\u00e1rio p\u00fablico. A a\u00e7\u00e3o popular n\u00ba 0006411-35.2020.8.17.3130, em tr\u00e2mite na Vara da Fazenda P\u00fablica, foi ajuizada para evitar que o prefeito Miguel Coelho utilizasse o dinheiro do povo de Petrolina para suprir um acordo amigo com a empresa rec\u00e9m-chegada no munic\u00edpio e que tem o objetivo exclusivo de obten\u00e7\u00e3o de lucro com os servi\u00e7os de transportes p\u00fablicos na cidade. Paradoxalmente, o gestor municipal tenta suspender as contribui\u00e7\u00f5es previdenci\u00e1rias patronais dos servidores, alegando incapacidade financeira para&hellip;\" \/>\n<meta property=\"og:url\" content=\"https:\/\/blogdofarnesio.com.br\/?p=271647\" \/>\n<meta property=\"og:site_name\" content=\"Blog do Farn\u00e9sio\" \/>\n<meta property=\"article:publisher\" content=\"https:\/\/www.facebook.com\/BlogQuerSaberPolitica\/\" \/>\n<meta property=\"article:published_time\" content=\"2020-11-10T18:31:16+00:00\" \/>\n<meta property=\"og:image\" content=\"https:\/\/blogdofarnesio.com.br\/wp-content\/uploads\/2019\/09\/blogqsppet-novos-\u00f4nibus-2-e1569605287487.jpeg\" \/>\n\t<meta property=\"og:image:width\" content=\"680\" \/>\n\t<meta property=\"og:image:height\" content=\"510\" \/>\n\t<meta property=\"og:image:type\" content=\"image\/jpeg\" \/>\n<meta name=\"author\" content=\"Farn\u00e9sio\" \/>\n<meta name=\"twitter:card\" content=\"summary_large_image\" \/>\n<meta name=\"twitter:label1\" content=\"Escrito por\" \/>\n\t<meta name=\"twitter:data1\" content=\"Farn\u00e9sio\" \/>\n\t<meta name=\"twitter:label2\" content=\"Est. tempo de leitura\" \/>\n\t<meta name=\"twitter:data2\" content=\"3 minutos\" \/>\n<script type=\"application\/ld+json\" class=\"yoast-schema-graph\">{\"@context\":\"https:\\\/\\\/schema.org\",\"@graph\":[{\"@type\":\"Article\",\"@id\":\"https:\\\/\\\/blogdofarnesio.com.br\\\/?p=271647#article\",\"isPartOf\":{\"@id\":\"https:\\\/\\\/blogdofarnesio.com.br\\\/?p=271647\"},\"author\":{\"name\":\"Farn\u00e9sio\",\"@id\":\"https:\\\/\\\/blogdofarnesio.com.br\\\/#\\\/schema\\\/person\\\/301c4acf522bccbfdb45af95b5b906a1\"},\"headline\":\"TJPE suspende doa\u00e7\u00e3o de R$ 4 milh\u00f5es da Prefeitura de Petrolina para empresa Atl\u00e2ntico, ap\u00f3s a\u00e7\u00e3o do vereador Paulo Valgueiro\",\"datePublished\":\"2020-11-10T18:31:16+00:00\",\"mainEntityOfPage\":{\"@id\":\"https:\\\/\\\/blogdofarnesio.com.br\\\/?p=271647\"},\"wordCount\":541,\"publisher\":{\"@id\":\"https:\\\/\\\/blogdofarnesio.com.br\\\/#organization\"},\"image\":{\"@id\":\"https:\\\/\\\/blogdofarnesio.com.br\\\/?p=271647#primaryimage\"},\"thumbnailUrl\":\"https:\\\/\\\/blogdofarnesio.com.br\\\/wp-content\\\/uploads\\\/2019\\\/09\\\/blogqsppet-novos-\u00f4nibus-2-e1569605287487.jpeg\",\"articleSection\":[\"Pol\u00edtica\"],\"inLanguage\":\"pt-BR\"},{\"@type\":\"WebPage\",\"@id\":\"https:\\\/\\\/blogdofarnesio.com.br\\\/?p=271647\",\"url\":\"https:\\\/\\\/blogdofarnesio.com.br\\\/?p=271647\",\"name\":\"TJPE suspende doa\u00e7\u00e3o de R$ 4 milh\u00f5es da Prefeitura de Petrolina para empresa Atl\u00e2ntico, ap\u00f3s a\u00e7\u00e3o do vereador Paulo Valgueiro - Blog do Farn\u00e9sio\",\"isPartOf\":{\"@id\":\"https:\\\/\\\/blogdofarnesio.com.br\\\/#website\"},\"primaryImageOfPage\":{\"@id\":\"https:\\\/\\\/blogdofarnesio.com.br\\\/?p=271647#primaryimage\"},\"image\":{\"@id\":\"https:\\\/\\\/blogdofarnesio.com.br\\\/?p=271647#primaryimage\"},\"thumbnailUrl\":\"https:\\\/\\\/blogdofarnesio.com.br\\\/wp-content\\\/uploads\\\/2019\\\/09\\\/blogqsppet-novos-\u00f4nibus-2-e1569605287487.jpeg\",\"datePublished\":\"2020-11-10T18:31:16+00:00\",\"breadcrumb\":{\"@id\":\"https:\\\/\\\/blogdofarnesio.com.br\\\/?p=271647#breadcrumb\"},\"inLanguage\":\"pt-BR\",\"potentialAction\":[{\"@type\":\"ReadAction\",\"target\":[\"https:\\\/\\\/blogdofarnesio.com.br\\\/?p=271647\"]}]},{\"@type\":\"ImageObject\",\"inLanguage\":\"pt-BR\",\"@id\":\"https:\\\/\\\/blogdofarnesio.com.br\\\/?p=271647#primaryimage\",\"url\":\"https:\\\/\\\/blogdofarnesio.com.br\\\/wp-content\\\/uploads\\\/2019\\\/09\\\/blogqsppet-novos-\u00f4nibus-2-e1569605287487.jpeg\",\"contentUrl\":\"https:\\\/\\\/blogdofarnesio.com.br\\\/wp-content\\\/uploads\\\/2019\\\/09\\\/blogqsppet-novos-\u00f4nibus-2-e1569605287487.jpeg\",\"width\":680,\"height\":510},{\"@type\":\"BreadcrumbList\",\"@id\":\"https:\\\/\\\/blogdofarnesio.com.br\\\/?p=271647#breadcrumb\",\"itemListElement\":[{\"@type\":\"ListItem\",\"position\":1,\"name\":\"In\u00edcio\",\"item\":\"https:\\\/\\\/blogdofarnesio.com.br\\\/\"},{\"@type\":\"ListItem\",\"position\":2,\"name\":\"TJPE suspende doa\u00e7\u00e3o de R$ 4 milh\u00f5es da Prefeitura de Petrolina para empresa Atl\u00e2ntico, ap\u00f3s a\u00e7\u00e3o do vereador Paulo Valgueiro\"}]},{\"@type\":\"WebSite\",\"@id\":\"https:\\\/\\\/blogdofarnesio.com.br\\\/#website\",\"url\":\"https:\\\/\\\/blogdofarnesio.com.br\\\/\",\"name\":\"Blog do Farn\u00e9sio\",\"description\":\"Quer Saber Pol\u00edtica?\",\"publisher\":{\"@id\":\"https:\\\/\\\/blogdofarnesio.com.br\\\/#organization\"},\"potentialAction\":[{\"@type\":\"SearchAction\",\"target\":{\"@type\":\"EntryPoint\",\"urlTemplate\":\"https:\\\/\\\/blogdofarnesio.com.br\\\/?s={search_term_string}\"},\"query-input\":{\"@type\":\"PropertyValueSpecification\",\"valueRequired\":true,\"valueName\":\"search_term_string\"}}],\"inLanguage\":\"pt-BR\"},{\"@type\":\"Organization\",\"@id\":\"https:\\\/\\\/blogdofarnesio.com.br\\\/#organization\",\"name\":\"Blog do Farn\u00e9sio\",\"url\":\"https:\\\/\\\/blogdofarnesio.com.br\\\/\",\"logo\":{\"@type\":\"ImageObject\",\"inLanguage\":\"pt-BR\",\"@id\":\"https:\\\/\\\/blogdofarnesio.com.br\\\/#\\\/schema\\\/logo\\\/image\\\/\",\"url\":\"https:\\\/\\\/blogdofarnesio.com.br\\\/wp-content\\\/uploads\\\/2026\\\/03\\\/cropped-logo_new-1.png\",\"contentUrl\":\"https:\\\/\\\/blogdofarnesio.com.br\\\/wp-content\\\/uploads\\\/2026\\\/03\\\/cropped-logo_new-1.png\",\"width\":881,\"height\":685,\"caption\":\"Blog do Farn\u00e9sio\"},\"image\":{\"@id\":\"https:\\\/\\\/blogdofarnesio.com.br\\\/#\\\/schema\\\/logo\\\/image\\\/\"},\"sameAs\":[\"https:\\\/\\\/www.facebook.com\\\/BlogQuerSaberPolitica\\\/\"]},{\"@type\":\"Person\",\"@id\":\"https:\\\/\\\/blogdofarnesio.com.br\\\/#\\\/schema\\\/person\\\/301c4acf522bccbfdb45af95b5b906a1\",\"name\":\"Farn\u00e9sio\",\"image\":{\"@type\":\"ImageObject\",\"inLanguage\":\"pt-BR\",\"@id\":\"https:\\\/\\\/secure.gravatar.com\\\/avatar\\\/df0c9a14567c056f8ad6876ba5bbd1e3e2c48023eb6807342fc4663adf549f38?s=96&d=mm&r=g\",\"url\":\"https:\\\/\\\/secure.gravatar.com\\\/avatar\\\/df0c9a14567c056f8ad6876ba5bbd1e3e2c48023eb6807342fc4663adf549f38?s=96&d=mm&r=g\",\"contentUrl\":\"https:\\\/\\\/secure.gravatar.com\\\/avatar\\\/df0c9a14567c056f8ad6876ba5bbd1e3e2c48023eb6807342fc4663adf549f38?s=96&d=mm&r=g\",\"caption\":\"Farn\u00e9sio\"},\"sameAs\":[\"https:\\\/\\\/quersaberpolitica.com.br\"],\"url\":\"https:\\\/\\\/blogdofarnesio.com.br\\\/?author=1\"}]}<\/script>\n<!-- \/ Yoast SEO plugin. -->","yoast_head_json":{"title":"TJPE suspende doa\u00e7\u00e3o de R$ 4 milh\u00f5es da Prefeitura de Petrolina para empresa Atl\u00e2ntico, ap\u00f3s a\u00e7\u00e3o do vereador Paulo Valgueiro - Blog do Farn\u00e9sio","robots":{"index":"index","follow":"follow","max-snippet":"max-snippet:-1","max-image-preview":"max-image-preview:large","max-video-preview":"max-video-preview:-1"},"canonical":"https:\/\/blogdofarnesio.com.br\/?p=271647","og_locale":"pt_BR","og_type":"article","og_title":"TJPE suspende doa\u00e7\u00e3o de R$ 4 milh\u00f5es da Prefeitura de Petrolina para empresa Atl\u00e2ntico, ap\u00f3s a\u00e7\u00e3o do vereador Paulo Valgueiro - Blog do Farn\u00e9sio","og_description":"Atrav\u00e9s de uma liminar, o Tribunal de Justi\u00e7a de Pernambuco (TJPE) suspendeu, no \u00faltimo dia 09, a doa\u00e7\u00e3o de R$ 4 milh\u00f5es da Prefeitura de Petrolina para empresa Atl\u00e2ntico, ap\u00f3s o vereador Paulo Valgueiro mover uma a\u00e7\u00e3o contra a administra\u00e7\u00e3o municipal pelo poss\u00edvel dano ao er\u00e1rio p\u00fablico. A a\u00e7\u00e3o popular n\u00ba 0006411-35.2020.8.17.3130, em tr\u00e2mite na Vara da Fazenda P\u00fablica, foi ajuizada para evitar que o prefeito Miguel Coelho utilizasse o dinheiro do povo de Petrolina para suprir um acordo amigo com a empresa rec\u00e9m-chegada no munic\u00edpio e que tem o objetivo exclusivo de obten\u00e7\u00e3o de lucro com os servi\u00e7os de transportes p\u00fablicos na cidade. Paradoxalmente, o gestor municipal tenta suspender as contribui\u00e7\u00f5es previdenci\u00e1rias patronais dos servidores, alegando incapacidade financeira para&hellip;","og_url":"https:\/\/blogdofarnesio.com.br\/?p=271647","og_site_name":"Blog do Farn\u00e9sio","article_publisher":"https:\/\/www.facebook.com\/BlogQuerSaberPolitica\/","article_published_time":"2020-11-10T18:31:16+00:00","og_image":[{"width":680,"height":510,"url":"https:\/\/blogdofarnesio.com.br\/wp-content\/uploads\/2019\/09\/blogqsppet-novos-\u00f4nibus-2-e1569605287487.jpeg","type":"image\/jpeg"}],"author":"Farn\u00e9sio","twitter_card":"summary_large_image","twitter_misc":{"Escrito por":"Farn\u00e9sio","Est. tempo de leitura":"3 minutos"},"schema":{"@context":"https:\/\/schema.org","@graph":[{"@type":"Article","@id":"https:\/\/blogdofarnesio.com.br\/?p=271647#article","isPartOf":{"@id":"https:\/\/blogdofarnesio.com.br\/?p=271647"},"author":{"name":"Farn\u00e9sio","@id":"https:\/\/blogdofarnesio.com.br\/#\/schema\/person\/301c4acf522bccbfdb45af95b5b906a1"},"headline":"TJPE suspende doa\u00e7\u00e3o de R$ 4 milh\u00f5es da Prefeitura de Petrolina para empresa Atl\u00e2ntico, ap\u00f3s a\u00e7\u00e3o do vereador Paulo Valgueiro","datePublished":"2020-11-10T18:31:16+00:00","mainEntityOfPage":{"@id":"https:\/\/blogdofarnesio.com.br\/?p=271647"},"wordCount":541,"publisher":{"@id":"https:\/\/blogdofarnesio.com.br\/#organization"},"image":{"@id":"https:\/\/blogdofarnesio.com.br\/?p=271647#primaryimage"},"thumbnailUrl":"https:\/\/blogdofarnesio.com.br\/wp-content\/uploads\/2019\/09\/blogqsppet-novos-\u00f4nibus-2-e1569605287487.jpeg","articleSection":["Pol\u00edtica"],"inLanguage":"pt-BR"},{"@type":"WebPage","@id":"https:\/\/blogdofarnesio.com.br\/?p=271647","url":"https:\/\/blogdofarnesio.com.br\/?p=271647","name":"TJPE suspende doa\u00e7\u00e3o de R$ 4 milh\u00f5es da Prefeitura de Petrolina para empresa Atl\u00e2ntico, ap\u00f3s a\u00e7\u00e3o do vereador Paulo Valgueiro - Blog do Farn\u00e9sio","isPartOf":{"@id":"https:\/\/blogdofarnesio.com.br\/#website"},"primaryImageOfPage":{"@id":"https:\/\/blogdofarnesio.com.br\/?p=271647#primaryimage"},"image":{"@id":"https:\/\/blogdofarnesio.com.br\/?p=271647#primaryimage"},"thumbnailUrl":"https:\/\/blogdofarnesio.com.br\/wp-content\/uploads\/2019\/09\/blogqsppet-novos-\u00f4nibus-2-e1569605287487.jpeg","datePublished":"2020-11-10T18:31:16+00:00","breadcrumb":{"@id":"https:\/\/blogdofarnesio.com.br\/?p=271647#breadcrumb"},"inLanguage":"pt-BR","potentialAction":[{"@type":"ReadAction","target":["https:\/\/blogdofarnesio.com.br\/?p=271647"]}]},{"@type":"ImageObject","inLanguage":"pt-BR","@id":"https:\/\/blogdofarnesio.com.br\/?p=271647#primaryimage","url":"https:\/\/blogdofarnesio.com.br\/wp-content\/uploads\/2019\/09\/blogqsppet-novos-\u00f4nibus-2-e1569605287487.jpeg","contentUrl":"https:\/\/blogdofarnesio.com.br\/wp-content\/uploads\/2019\/09\/blogqsppet-novos-\u00f4nibus-2-e1569605287487.jpeg","width":680,"height":510},{"@type":"BreadcrumbList","@id":"https:\/\/blogdofarnesio.com.br\/?p=271647#breadcrumb","itemListElement":[{"@type":"ListItem","position":1,"name":"In\u00edcio","item":"https:\/\/blogdofarnesio.com.br\/"},{"@type":"ListItem","position":2,"name":"TJPE suspende doa\u00e7\u00e3o de R$ 4 milh\u00f5es da Prefeitura de Petrolina para empresa Atl\u00e2ntico, ap\u00f3s a\u00e7\u00e3o do vereador Paulo Valgueiro"}]},{"@type":"WebSite","@id":"https:\/\/blogdofarnesio.com.br\/#website","url":"https:\/\/blogdofarnesio.com.br\/","name":"Blog do Farn\u00e9sio","description":"Quer Saber Pol\u00edtica?","publisher":{"@id":"https:\/\/blogdofarnesio.com.br\/#organization"},"potentialAction":[{"@type":"SearchAction","target":{"@type":"EntryPoint","urlTemplate":"https:\/\/blogdofarnesio.com.br\/?s={search_term_string}"},"query-input":{"@type":"PropertyValueSpecification","valueRequired":true,"valueName":"search_term_string"}}],"inLanguage":"pt-BR"},{"@type":"Organization","@id":"https:\/\/blogdofarnesio.com.br\/#organization","name":"Blog do Farn\u00e9sio","url":"https:\/\/blogdofarnesio.com.br\/","logo":{"@type":"ImageObject","inLanguage":"pt-BR","@id":"https:\/\/blogdofarnesio.com.br\/#\/schema\/logo\/image\/","url":"https:\/\/blogdofarnesio.com.br\/wp-content\/uploads\/2026\/03\/cropped-logo_new-1.png","contentUrl":"https:\/\/blogdofarnesio.com.br\/wp-content\/uploads\/2026\/03\/cropped-logo_new-1.png","width":881,"height":685,"caption":"Blog do Farn\u00e9sio"},"image":{"@id":"https:\/\/blogdofarnesio.com.br\/#\/schema\/logo\/image\/"},"sameAs":["https:\/\/www.facebook.com\/BlogQuerSaberPolitica\/"]},{"@type":"Person","@id":"https:\/\/blogdofarnesio.com.br\/#\/schema\/person\/301c4acf522bccbfdb45af95b5b906a1","name":"Farn\u00e9sio","image":{"@type":"ImageObject","inLanguage":"pt-BR","@id":"https:\/\/secure.gravatar.com\/avatar\/df0c9a14567c056f8ad6876ba5bbd1e3e2c48023eb6807342fc4663adf549f38?s=96&d=mm&r=g","url":"https:\/\/secure.gravatar.com\/avatar\/df0c9a14567c056f8ad6876ba5bbd1e3e2c48023eb6807342fc4663adf549f38?s=96&d=mm&r=g","contentUrl":"https:\/\/secure.gravatar.com\/avatar\/df0c9a14567c056f8ad6876ba5bbd1e3e2c48023eb6807342fc4663adf549f38?s=96&d=mm&r=g","caption":"Farn\u00e9sio"},"sameAs":["https:\/\/quersaberpolitica.com.br"],"url":"https:\/\/blogdofarnesio.com.br\/?author=1"}]}},"_links":{"self":[{"href":"https:\/\/blogdofarnesio.com.br\/index.php?rest_route=\/wp\/v2\/posts\/271647","targetHints":{"allow":["GET"]}}],"collection":[{"href":"https:\/\/blogdofarnesio.com.br\/index.php?rest_route=\/wp\/v2\/posts"}],"about":[{"href":"https:\/\/blogdofarnesio.com.br\/index.php?rest_route=\/wp\/v2\/types\/post"}],"author":[{"embeddable":true,"href":"https:\/\/blogdofarnesio.com.br\/index.php?rest_route=\/wp\/v2\/users\/1"}],"replies":[{"embeddable":true,"href":"https:\/\/blogdofarnesio.com.br\/index.php?rest_route=%2Fwp%2Fv2%2Fcomments&post=271647"}],"version-history":[{"count":0,"href":"https:\/\/blogdofarnesio.com.br\/index.php?rest_route=\/wp\/v2\/posts\/271647\/revisions"}],"wp:featuredmedia":[{"embeddable":true,"href":"https:\/\/blogdofarnesio.com.br\/index.php?rest_route=\/wp\/v2\/media\/239421"}],"wp:attachment":[{"href":"https:\/\/blogdofarnesio.com.br\/index.php?rest_route=%2Fwp%2Fv2%2Fmedia&parent=271647"}],"wp:term":[{"taxonomy":"category","embeddable":true,"href":"https:\/\/blogdofarnesio.com.br\/index.php?rest_route=%2Fwp%2Fv2%2Fcategories&post=271647"},{"taxonomy":"post_tag","embeddable":true,"href":"https:\/\/blogdofarnesio.com.br\/index.php?rest_route=%2Fwp%2Fv2%2Ftags&post=271647"}],"curies":[{"name":"wp","href":"https:\/\/api.w.org\/{rel}","templated":true}]}}