{"id":271630,"date":"2020-11-10T11:31:28","date_gmt":"2020-11-10T14:31:28","guid":{"rendered":"http:\/\/quersaberpolitica.com.br\/2016\/?p=271630"},"modified":"2020-11-10T10:51:42","modified_gmt":"2020-11-10T13:51:42","slug":"dois-bicudos-bolsonaro-desautoriza-mourao-e-diz-nao-estar-tratando-com-vice-sobre-nenhum-assunto","status":"publish","type":"post","link":"https:\/\/blogdofarnesio.com.br\/?p=271630","title":{"rendered":"Dois bicudos: Bolsonaro desautoriza Mour\u00e3o e diz n\u00e3o estar tratando com vice sobre nenhum assunto"},"content":{"rendered":"<header>\n<p class=\"author\"><a class=\"author url fn\" title=\"Posts de Poder360\" href=\"https:\/\/www.poder360.com.br\/author\/do-poder360\/\" rel=\"author\">PODER360 &#8211;\u00a0<\/a><\/p>\n<\/header>\n<div class=\"content wp js-mediator-article\" data-ga-ano=\"2020\" data-ga-categoria=\"Governo\" data-ga-autor=\"Poder360\">\n<p>O presidente Jair Bolsonaro afirmou na 2\u00aa feira (9.nov.2020) que n\u00e3o tem falado sobre \u201c<em>qualquer<\/em>\u201d assunto com o vice-presidente Hamilton Mour\u00e3o e desautorizou afirma\u00e7\u00e3o de Mour\u00e3o sobre as atitudes de Bolsonaro em rela\u00e7\u00e3o ao novo presidente dos Estados Unidos. A declara\u00e7\u00e3o foi dada \u00e0\u00a0<em>CNN Brasil<\/em>.<\/p>\n<p>Na manh\u00e3 da 2\u00aa feira (9.nov), Mour\u00e3o havia dito que o chefe do Executivo aguarda uma\u00a0<a href=\"https:\/\/poder360.com.br\/governo\/mourao-diz-que-bolsonaro-vai-cumprimentar-presidente-eleito-dos-eua-na-hora-certa\/\" target=\"_blank\" rel=\"noopener noreferrer\">defini\u00e7\u00e3o das \u201c<em>quest\u00f5es pendentes<\/em>\u201d<\/a>\u00a0nas elei\u00e7\u00f5es dos Estados Unidos para cumprimentar o candidato vencedor.<\/p>\n<p>\u201c<em>O presidente est\u00e1 aguardando terminar esse imbr\u00f3glio a\u00ed, essa discuss\u00e3o [sobre] se tem voto falso ou se n\u00e3o tem voto falso, para dar o posicionamento dele<\/em>\u201d, disse a jornalistas ao chegar ao Pal\u00e1cio do Planalto.<\/p>\n<p>Contrariando a informa\u00e7\u00e3o de Mour\u00e3o, Bolsonaro disse \u00e0\u00a0<em>CNN Brasil<\/em>\u00a0que a fala \u00e9 uma opini\u00e3o do vice. \u201c<em>O que ele [Hamilton Mour\u00e3o] falou sobre os Estados Unidos \u00e9 opini\u00e3o dele. Eu nunca conversei com o Mour\u00e3o sobre assuntos dos Estados Unidos, como n\u00e3o tenho falado sobre qualquer outro assunto com ele<\/em>\u201c, afirmou Bolsonaro.<\/p>\n<p>&nbsp;<\/p>\n<p>&nbsp;<\/p>\n<p>Aos jornalistas, Mour\u00e3o tamb\u00e9m afirmou que o Brasil n\u00e3o corre risco de se prejudicar com a demora do governo em cumprimentar a chapa\u00a0<a href=\"https:\/\/www.poder360.com.br\/internacional\/apos-resultado-na-pensilvania-midia-projeta-joe-biden-vencedor-das-eleicoes-nos-eua\/\" target=\"_blank\" rel=\"noopener noreferrer\">declarada eleita<\/a>\u00a0pela m\u00eddia norte-americana, Joe Biden e Kamala Harris.<\/p>\n<p>\u201c<em>N\u00e3o julgo que corra risco. Vamos aguardar, n\u00e9? \u00c9 uma quest\u00e3o prudente a\u00ed, espero. Acho que nesta semana definem-se as quest\u00f5es que est\u00e3o pendentes, a\u00ed a coisa volta ao normal e nos preparamos para o novo relacionamento que tem que ser estabelecido<\/em>\u201d, declarou.<\/p>\n<p>Segundo ele, Bolsonaro ir\u00e1 cumprimentar o novo presidente no momento certo. \u201c<em>\u00c9 \u00f3bvio que o presidente, na hora certa, vai transmitir os cumprimentos do Brasil a quem for eleito<\/em>\u201d, afirmou.<\/p>\n<h2>SIL\u00caNCIO DE BOLSONARO<\/h2>\n<p>Diferente de outros\u00a0<a href=\"https:\/\/www.poder360.com.br\/eleicoes\/bolsonaro-fica-em-silencio-enquanto-lideres-mundiais-congratulam-biden\/\" target=\"_blank\" rel=\"noopener noreferrer\">l\u00edderes mundiais que cumprimentaram Joe Biden<\/a>\u00a0por vencer a elei\u00e7\u00e3o presidencial nos Estados Unidos, o presidente Jair Bolsonaro e seu governo t\u00eam mantido\u00a0<a href=\"https:\/\/www.poder360.com.br\/eleicoes\/bolsonaro-fica-em-silencio-enquanto-lideres-mundiais-congratulam-biden\/\" target=\"_blank\" rel=\"noopener noreferrer\">sil\u00eancio<\/a>.<\/p>\n<\/div>\n<footer>\n<div class=\"mod mod-trust-project\">\n<div class=\"logo-trust row text-center-xs\"><\/div>\n<\/div>\n<\/footer>\n","protected":false},"excerpt":{"rendered":"<p>PODER360 &#8211;\u00a0 O presidente Jair Bolsonaro afirmou na 2\u00aa feira (9.nov.2020) que n\u00e3o tem falado sobre \u201cqualquer\u201d assunto com o vice-presidente Hamilton Mour\u00e3o e desautorizou afirma\u00e7\u00e3o de Mour\u00e3o sobre as atitudes de Bolsonaro em rela\u00e7\u00e3o ao novo presidente dos Estados Unidos. A declara\u00e7\u00e3o foi dada \u00e0\u00a0CNN Brasil. Na manh\u00e3 da 2\u00aa feira (9.nov), Mour\u00e3o havia dito que o chefe do Executivo aguarda uma\u00a0defini\u00e7\u00e3o das \u201cquest\u00f5es pendentes\u201d\u00a0nas elei\u00e7\u00f5es dos Estados Unidos para cumprimentar o candidato vencedor. \u201cO presidente est\u00e1 aguardando terminar esse imbr\u00f3glio a\u00ed, essa discuss\u00e3o [sobre] se tem voto falso ou se n\u00e3o tem voto falso, para dar o posicionamento dele\u201d, disse a jornalistas ao chegar ao Pal\u00e1cio do Planalto. Contrariando a informa\u00e7\u00e3o de Mour\u00e3o, Bolsonaro disse \u00e0\u00a0CNN Brasil\u00a0que a&hellip; <\/p>\n","protected":false},"author":1,"featured_media":271631,"comment_status":"closed","ping_status":"closed","sticky":false,"template":"","format":"standard","meta":{"_acf_changed":false,"footnotes":""},"categories":[1],"tags":[],"class_list":["post-271630","post","type-post","status-publish","format-standard","has-post-thumbnail","hentry","category-politica"],"acf":[],"yoast_head":"<!-- This site is optimized with the Yoast SEO plugin v27.4 - https:\/\/yoast.com\/product\/yoast-seo-wordpress\/ -->\n<title>Dois bicudos: Bolsonaro desautoriza Mour\u00e3o e diz n\u00e3o estar tratando com vice sobre nenhum assunto - Blog do Farn\u00e9sio<\/title>\n<meta name=\"robots\" content=\"index, follow, max-snippet:-1, max-image-preview:large, max-video-preview:-1\" \/>\n<link rel=\"canonical\" href=\"https:\/\/blogdofarnesio.com.br\/?p=271630\" \/>\n<meta property=\"og:locale\" content=\"pt_BR\" \/>\n<meta property=\"og:type\" content=\"article\" \/>\n<meta property=\"og:title\" content=\"Dois bicudos: Bolsonaro desautoriza Mour\u00e3o e diz n\u00e3o estar tratando com vice sobre nenhum assunto - Blog do Farn\u00e9sio\" \/>\n<meta property=\"og:description\" content=\"PODER360 &#8211;\u00a0 O presidente Jair Bolsonaro afirmou na 2\u00aa feira (9.nov.2020) que n\u00e3o tem falado sobre \u201cqualquer\u201d assunto com o vice-presidente Hamilton Mour\u00e3o e desautorizou afirma\u00e7\u00e3o de Mour\u00e3o sobre as atitudes de Bolsonaro em rela\u00e7\u00e3o ao novo presidente dos Estados Unidos. A declara\u00e7\u00e3o foi dada \u00e0\u00a0CNN Brasil. Na manh\u00e3 da 2\u00aa feira (9.nov), Mour\u00e3o havia dito que o chefe do Executivo aguarda uma\u00a0defini\u00e7\u00e3o das \u201cquest\u00f5es pendentes\u201d\u00a0nas elei\u00e7\u00f5es dos Estados Unidos para cumprimentar o candidato vencedor. \u201cO presidente est\u00e1 aguardando terminar esse imbr\u00f3glio a\u00ed, essa discuss\u00e3o [sobre] se tem voto falso ou se n\u00e3o tem voto falso, para dar o posicionamento dele\u201d, disse a jornalistas ao chegar ao Pal\u00e1cio do Planalto. Contrariando a informa\u00e7\u00e3o de Mour\u00e3o, Bolsonaro disse \u00e0\u00a0CNN Brasil\u00a0que a&hellip;\" \/>\n<meta property=\"og:url\" content=\"https:\/\/blogdofarnesio.com.br\/?p=271630\" \/>\n<meta property=\"og:site_name\" content=\"Blog do Farn\u00e9sio\" \/>\n<meta property=\"article:publisher\" content=\"https:\/\/www.facebook.com\/BlogQuerSaberPolitica\/\" \/>\n<meta property=\"article:published_time\" content=\"2020-11-10T14:31:28+00:00\" \/>\n<meta property=\"og:image\" content=\"https:\/\/blogdofarnesio.com.br\/wp-content\/uploads\/2020\/11\/blogqspJairBolsonaro-mourao-Sergio-Lima-Poder360-e1605016240867.jpg\" \/>\n\t<meta property=\"og:image:width\" content=\"668\" \/>\n\t<meta property=\"og:image:height\" content=\"412\" \/>\n\t<meta property=\"og:image:type\" content=\"image\/jpeg\" \/>\n<meta name=\"author\" content=\"Farn\u00e9sio\" \/>\n<meta name=\"twitter:card\" content=\"summary_large_image\" \/>\n<meta name=\"twitter:label1\" content=\"Escrito por\" \/>\n\t<meta name=\"twitter:data1\" content=\"Farn\u00e9sio\" \/>\n\t<meta name=\"twitter:label2\" content=\"Est. tempo de leitura\" \/>\n\t<meta name=\"twitter:data2\" content=\"2 minutos\" \/>\n<script type=\"application\/ld+json\" class=\"yoast-schema-graph\">{\"@context\":\"https:\\\/\\\/schema.org\",\"@graph\":[{\"@type\":\"Article\",\"@id\":\"https:\\\/\\\/blogdofarnesio.com.br\\\/?p=271630#article\",\"isPartOf\":{\"@id\":\"https:\\\/\\\/blogdofarnesio.com.br\\\/?p=271630\"},\"author\":{\"name\":\"Farn\u00e9sio\",\"@id\":\"https:\\\/\\\/blogdofarnesio.com.br\\\/#\\\/schema\\\/person\\\/301c4acf522bccbfdb45af95b5b906a1\"},\"headline\":\"Dois bicudos: Bolsonaro desautoriza Mour\u00e3o e diz n\u00e3o estar tratando com vice sobre nenhum assunto\",\"datePublished\":\"2020-11-10T14:31:28+00:00\",\"mainEntityOfPage\":{\"@id\":\"https:\\\/\\\/blogdofarnesio.com.br\\\/?p=271630\"},\"wordCount\":348,\"publisher\":{\"@id\":\"https:\\\/\\\/blogdofarnesio.com.br\\\/#organization\"},\"image\":{\"@id\":\"https:\\\/\\\/blogdofarnesio.com.br\\\/?p=271630#primaryimage\"},\"thumbnailUrl\":\"https:\\\/\\\/blogdofarnesio.com.br\\\/wp-content\\\/uploads\\\/2020\\\/11\\\/blogqspJairBolsonaro-mourao-Sergio-Lima-Poder360-e1605016240867.jpg\",\"articleSection\":[\"Pol\u00edtica\"],\"inLanguage\":\"pt-BR\"},{\"@type\":\"WebPage\",\"@id\":\"https:\\\/\\\/blogdofarnesio.com.br\\\/?p=271630\",\"url\":\"https:\\\/\\\/blogdofarnesio.com.br\\\/?p=271630\",\"name\":\"Dois bicudos: Bolsonaro desautoriza Mour\u00e3o e diz n\u00e3o estar tratando com vice sobre nenhum assunto - Blog do Farn\u00e9sio\",\"isPartOf\":{\"@id\":\"https:\\\/\\\/blogdofarnesio.com.br\\\/#website\"},\"primaryImageOfPage\":{\"@id\":\"https:\\\/\\\/blogdofarnesio.com.br\\\/?p=271630#primaryimage\"},\"image\":{\"@id\":\"https:\\\/\\\/blogdofarnesio.com.br\\\/?p=271630#primaryimage\"},\"thumbnailUrl\":\"https:\\\/\\\/blogdofarnesio.com.br\\\/wp-content\\\/uploads\\\/2020\\\/11\\\/blogqspJairBolsonaro-mourao-Sergio-Lima-Poder360-e1605016240867.jpg\",\"datePublished\":\"2020-11-10T14:31:28+00:00\",\"breadcrumb\":{\"@id\":\"https:\\\/\\\/blogdofarnesio.com.br\\\/?p=271630#breadcrumb\"},\"inLanguage\":\"pt-BR\",\"potentialAction\":[{\"@type\":\"ReadAction\",\"target\":[\"https:\\\/\\\/blogdofarnesio.com.br\\\/?p=271630\"]}]},{\"@type\":\"ImageObject\",\"inLanguage\":\"pt-BR\",\"@id\":\"https:\\\/\\\/blogdofarnesio.com.br\\\/?p=271630#primaryimage\",\"url\":\"https:\\\/\\\/blogdofarnesio.com.br\\\/wp-content\\\/uploads\\\/2020\\\/11\\\/blogqspJairBolsonaro-mourao-Sergio-Lima-Poder360-e1605016240867.jpg\",\"contentUrl\":\"https:\\\/\\\/blogdofarnesio.com.br\\\/wp-content\\\/uploads\\\/2020\\\/11\\\/blogqspJairBolsonaro-mourao-Sergio-Lima-Poder360-e1605016240867.jpg\",\"width\":668,\"height\":412,\"caption\":\"Cerim\u00f4nia de posse do ministro das Comunica\u00e7\u00f5es, F\u00e1bio Farias, no Pal\u00e1cio do Planalto com a presen\u00e7a de ministros e convidados, entre eles Paulo Guedes, Luis Eduardo Ramos, Braga Neto, Augusto Heleno, Dia Toffoli (STF), Jo\u00e3o Noronha (STJ) S\u00e9rgio Lima\\\/Poder360 17.06.2020\"},{\"@type\":\"BreadcrumbList\",\"@id\":\"https:\\\/\\\/blogdofarnesio.com.br\\\/?p=271630#breadcrumb\",\"itemListElement\":[{\"@type\":\"ListItem\",\"position\":1,\"name\":\"In\u00edcio\",\"item\":\"https:\\\/\\\/blogdofarnesio.com.br\\\/\"},{\"@type\":\"ListItem\",\"position\":2,\"name\":\"Dois bicudos: Bolsonaro desautoriza Mour\u00e3o e diz n\u00e3o estar tratando com vice sobre nenhum assunto\"}]},{\"@type\":\"WebSite\",\"@id\":\"https:\\\/\\\/blogdofarnesio.com.br\\\/#website\",\"url\":\"https:\\\/\\\/blogdofarnesio.com.br\\\/\",\"name\":\"Blog do Farn\u00e9sio\",\"description\":\"Quer Saber Pol\u00edtica?\",\"publisher\":{\"@id\":\"https:\\\/\\\/blogdofarnesio.com.br\\\/#organization\"},\"potentialAction\":[{\"@type\":\"SearchAction\",\"target\":{\"@type\":\"EntryPoint\",\"urlTemplate\":\"https:\\\/\\\/blogdofarnesio.com.br\\\/?s={search_term_string}\"},\"query-input\":{\"@type\":\"PropertyValueSpecification\",\"valueRequired\":true,\"valueName\":\"search_term_string\"}}],\"inLanguage\":\"pt-BR\"},{\"@type\":\"Organization\",\"@id\":\"https:\\\/\\\/blogdofarnesio.com.br\\\/#organization\",\"name\":\"Blog do Farn\u00e9sio\",\"url\":\"https:\\\/\\\/blogdofarnesio.com.br\\\/\",\"logo\":{\"@type\":\"ImageObject\",\"inLanguage\":\"pt-BR\",\"@id\":\"https:\\\/\\\/blogdofarnesio.com.br\\\/#\\\/schema\\\/logo\\\/image\\\/\",\"url\":\"https:\\\/\\\/blogdofarnesio.com.br\\\/wp-content\\\/uploads\\\/2026\\\/03\\\/cropped-logo_new-1.png\",\"contentUrl\":\"https:\\\/\\\/blogdofarnesio.com.br\\\/wp-content\\\/uploads\\\/2026\\\/03\\\/cropped-logo_new-1.png\",\"width\":881,\"height\":685,\"caption\":\"Blog do Farn\u00e9sio\"},\"image\":{\"@id\":\"https:\\\/\\\/blogdofarnesio.com.br\\\/#\\\/schema\\\/logo\\\/image\\\/\"},\"sameAs\":[\"https:\\\/\\\/www.facebook.com\\\/BlogQuerSaberPolitica\\\/\"]},{\"@type\":\"Person\",\"@id\":\"https:\\\/\\\/blogdofarnesio.com.br\\\/#\\\/schema\\\/person\\\/301c4acf522bccbfdb45af95b5b906a1\",\"name\":\"Farn\u00e9sio\",\"image\":{\"@type\":\"ImageObject\",\"inLanguage\":\"pt-BR\",\"@id\":\"https:\\\/\\\/secure.gravatar.com\\\/avatar\\\/df0c9a14567c056f8ad6876ba5bbd1e3e2c48023eb6807342fc4663adf549f38?s=96&d=mm&r=g\",\"url\":\"https:\\\/\\\/secure.gravatar.com\\\/avatar\\\/df0c9a14567c056f8ad6876ba5bbd1e3e2c48023eb6807342fc4663adf549f38?s=96&d=mm&r=g\",\"contentUrl\":\"https:\\\/\\\/secure.gravatar.com\\\/avatar\\\/df0c9a14567c056f8ad6876ba5bbd1e3e2c48023eb6807342fc4663adf549f38?s=96&d=mm&r=g\",\"caption\":\"Farn\u00e9sio\"},\"sameAs\":[\"https:\\\/\\\/quersaberpolitica.com.br\"],\"url\":\"https:\\\/\\\/blogdofarnesio.com.br\\\/?author=1\"}]}<\/script>\n<!-- \/ Yoast SEO plugin. -->","yoast_head_json":{"title":"Dois bicudos: Bolsonaro desautoriza Mour\u00e3o e diz n\u00e3o estar tratando com vice sobre nenhum assunto - Blog do Farn\u00e9sio","robots":{"index":"index","follow":"follow","max-snippet":"max-snippet:-1","max-image-preview":"max-image-preview:large","max-video-preview":"max-video-preview:-1"},"canonical":"https:\/\/blogdofarnesio.com.br\/?p=271630","og_locale":"pt_BR","og_type":"article","og_title":"Dois bicudos: Bolsonaro desautoriza Mour\u00e3o e diz n\u00e3o estar tratando com vice sobre nenhum assunto - Blog do Farn\u00e9sio","og_description":"PODER360 &#8211;\u00a0 O presidente Jair Bolsonaro afirmou na 2\u00aa feira (9.nov.2020) que n\u00e3o tem falado sobre \u201cqualquer\u201d assunto com o vice-presidente Hamilton Mour\u00e3o e desautorizou afirma\u00e7\u00e3o de Mour\u00e3o sobre as atitudes de Bolsonaro em rela\u00e7\u00e3o ao novo presidente dos Estados Unidos. A declara\u00e7\u00e3o foi dada \u00e0\u00a0CNN Brasil. Na manh\u00e3 da 2\u00aa feira (9.nov), Mour\u00e3o havia dito que o chefe do Executivo aguarda uma\u00a0defini\u00e7\u00e3o das \u201cquest\u00f5es pendentes\u201d\u00a0nas elei\u00e7\u00f5es dos Estados Unidos para cumprimentar o candidato vencedor. \u201cO presidente est\u00e1 aguardando terminar esse imbr\u00f3glio a\u00ed, essa discuss\u00e3o [sobre] se tem voto falso ou se n\u00e3o tem voto falso, para dar o posicionamento dele\u201d, disse a jornalistas ao chegar ao Pal\u00e1cio do Planalto. Contrariando a informa\u00e7\u00e3o de Mour\u00e3o, Bolsonaro disse \u00e0\u00a0CNN Brasil\u00a0que a&hellip;","og_url":"https:\/\/blogdofarnesio.com.br\/?p=271630","og_site_name":"Blog do Farn\u00e9sio","article_publisher":"https:\/\/www.facebook.com\/BlogQuerSaberPolitica\/","article_published_time":"2020-11-10T14:31:28+00:00","og_image":[{"width":668,"height":412,"url":"https:\/\/blogdofarnesio.com.br\/wp-content\/uploads\/2020\/11\/blogqspJairBolsonaro-mourao-Sergio-Lima-Poder360-e1605016240867.jpg","type":"image\/jpeg"}],"author":"Farn\u00e9sio","twitter_card":"summary_large_image","twitter_misc":{"Escrito por":"Farn\u00e9sio","Est. tempo de leitura":"2 minutos"},"schema":{"@context":"https:\/\/schema.org","@graph":[{"@type":"Article","@id":"https:\/\/blogdofarnesio.com.br\/?p=271630#article","isPartOf":{"@id":"https:\/\/blogdofarnesio.com.br\/?p=271630"},"author":{"name":"Farn\u00e9sio","@id":"https:\/\/blogdofarnesio.com.br\/#\/schema\/person\/301c4acf522bccbfdb45af95b5b906a1"},"headline":"Dois bicudos: Bolsonaro desautoriza Mour\u00e3o e diz n\u00e3o estar tratando com vice sobre nenhum assunto","datePublished":"2020-11-10T14:31:28+00:00","mainEntityOfPage":{"@id":"https:\/\/blogdofarnesio.com.br\/?p=271630"},"wordCount":348,"publisher":{"@id":"https:\/\/blogdofarnesio.com.br\/#organization"},"image":{"@id":"https:\/\/blogdofarnesio.com.br\/?p=271630#primaryimage"},"thumbnailUrl":"https:\/\/blogdofarnesio.com.br\/wp-content\/uploads\/2020\/11\/blogqspJairBolsonaro-mourao-Sergio-Lima-Poder360-e1605016240867.jpg","articleSection":["Pol\u00edtica"],"inLanguage":"pt-BR"},{"@type":"WebPage","@id":"https:\/\/blogdofarnesio.com.br\/?p=271630","url":"https:\/\/blogdofarnesio.com.br\/?p=271630","name":"Dois bicudos: Bolsonaro desautoriza Mour\u00e3o e diz n\u00e3o estar tratando com vice sobre nenhum assunto - Blog do Farn\u00e9sio","isPartOf":{"@id":"https:\/\/blogdofarnesio.com.br\/#website"},"primaryImageOfPage":{"@id":"https:\/\/blogdofarnesio.com.br\/?p=271630#primaryimage"},"image":{"@id":"https:\/\/blogdofarnesio.com.br\/?p=271630#primaryimage"},"thumbnailUrl":"https:\/\/blogdofarnesio.com.br\/wp-content\/uploads\/2020\/11\/blogqspJairBolsonaro-mourao-Sergio-Lima-Poder360-e1605016240867.jpg","datePublished":"2020-11-10T14:31:28+00:00","breadcrumb":{"@id":"https:\/\/blogdofarnesio.com.br\/?p=271630#breadcrumb"},"inLanguage":"pt-BR","potentialAction":[{"@type":"ReadAction","target":["https:\/\/blogdofarnesio.com.br\/?p=271630"]}]},{"@type":"ImageObject","inLanguage":"pt-BR","@id":"https:\/\/blogdofarnesio.com.br\/?p=271630#primaryimage","url":"https:\/\/blogdofarnesio.com.br\/wp-content\/uploads\/2020\/11\/blogqspJairBolsonaro-mourao-Sergio-Lima-Poder360-e1605016240867.jpg","contentUrl":"https:\/\/blogdofarnesio.com.br\/wp-content\/uploads\/2020\/11\/blogqspJairBolsonaro-mourao-Sergio-Lima-Poder360-e1605016240867.jpg","width":668,"height":412,"caption":"Cerim\u00f4nia de posse do ministro das Comunica\u00e7\u00f5es, F\u00e1bio Farias, no Pal\u00e1cio do Planalto com a presen\u00e7a de ministros e convidados, entre eles Paulo Guedes, Luis Eduardo Ramos, Braga Neto, Augusto Heleno, Dia Toffoli (STF), Jo\u00e3o Noronha (STJ) S\u00e9rgio Lima\/Poder360 17.06.2020"},{"@type":"BreadcrumbList","@id":"https:\/\/blogdofarnesio.com.br\/?p=271630#breadcrumb","itemListElement":[{"@type":"ListItem","position":1,"name":"In\u00edcio","item":"https:\/\/blogdofarnesio.com.br\/"},{"@type":"ListItem","position":2,"name":"Dois bicudos: Bolsonaro desautoriza Mour\u00e3o e diz n\u00e3o estar tratando com vice sobre nenhum assunto"}]},{"@type":"WebSite","@id":"https:\/\/blogdofarnesio.com.br\/#website","url":"https:\/\/blogdofarnesio.com.br\/","name":"Blog do Farn\u00e9sio","description":"Quer Saber Pol\u00edtica?","publisher":{"@id":"https:\/\/blogdofarnesio.com.br\/#organization"},"potentialAction":[{"@type":"SearchAction","target":{"@type":"EntryPoint","urlTemplate":"https:\/\/blogdofarnesio.com.br\/?s={search_term_string}"},"query-input":{"@type":"PropertyValueSpecification","valueRequired":true,"valueName":"search_term_string"}}],"inLanguage":"pt-BR"},{"@type":"Organization","@id":"https:\/\/blogdofarnesio.com.br\/#organization","name":"Blog do Farn\u00e9sio","url":"https:\/\/blogdofarnesio.com.br\/","logo":{"@type":"ImageObject","inLanguage":"pt-BR","@id":"https:\/\/blogdofarnesio.com.br\/#\/schema\/logo\/image\/","url":"https:\/\/blogdofarnesio.com.br\/wp-content\/uploads\/2026\/03\/cropped-logo_new-1.png","contentUrl":"https:\/\/blogdofarnesio.com.br\/wp-content\/uploads\/2026\/03\/cropped-logo_new-1.png","width":881,"height":685,"caption":"Blog do Farn\u00e9sio"},"image":{"@id":"https:\/\/blogdofarnesio.com.br\/#\/schema\/logo\/image\/"},"sameAs":["https:\/\/www.facebook.com\/BlogQuerSaberPolitica\/"]},{"@type":"Person","@id":"https:\/\/blogdofarnesio.com.br\/#\/schema\/person\/301c4acf522bccbfdb45af95b5b906a1","name":"Farn\u00e9sio","image":{"@type":"ImageObject","inLanguage":"pt-BR","@id":"https:\/\/secure.gravatar.com\/avatar\/df0c9a14567c056f8ad6876ba5bbd1e3e2c48023eb6807342fc4663adf549f38?s=96&d=mm&r=g","url":"https:\/\/secure.gravatar.com\/avatar\/df0c9a14567c056f8ad6876ba5bbd1e3e2c48023eb6807342fc4663adf549f38?s=96&d=mm&r=g","contentUrl":"https:\/\/secure.gravatar.com\/avatar\/df0c9a14567c056f8ad6876ba5bbd1e3e2c48023eb6807342fc4663adf549f38?s=96&d=mm&r=g","caption":"Farn\u00e9sio"},"sameAs":["https:\/\/quersaberpolitica.com.br"],"url":"https:\/\/blogdofarnesio.com.br\/?author=1"}]}},"_links":{"self":[{"href":"https:\/\/blogdofarnesio.com.br\/index.php?rest_route=\/wp\/v2\/posts\/271630","targetHints":{"allow":["GET"]}}],"collection":[{"href":"https:\/\/blogdofarnesio.com.br\/index.php?rest_route=\/wp\/v2\/posts"}],"about":[{"href":"https:\/\/blogdofarnesio.com.br\/index.php?rest_route=\/wp\/v2\/types\/post"}],"author":[{"embeddable":true,"href":"https:\/\/blogdofarnesio.com.br\/index.php?rest_route=\/wp\/v2\/users\/1"}],"replies":[{"embeddable":true,"href":"https:\/\/blogdofarnesio.com.br\/index.php?rest_route=%2Fwp%2Fv2%2Fcomments&post=271630"}],"version-history":[{"count":0,"href":"https:\/\/blogdofarnesio.com.br\/index.php?rest_route=\/wp\/v2\/posts\/271630\/revisions"}],"wp:featuredmedia":[{"embeddable":true,"href":"https:\/\/blogdofarnesio.com.br\/index.php?rest_route=\/wp\/v2\/media\/271631"}],"wp:attachment":[{"href":"https:\/\/blogdofarnesio.com.br\/index.php?rest_route=%2Fwp%2Fv2%2Fmedia&parent=271630"}],"wp:term":[{"taxonomy":"category","embeddable":true,"href":"https:\/\/blogdofarnesio.com.br\/index.php?rest_route=%2Fwp%2Fv2%2Fcategories&post=271630"},{"taxonomy":"post_tag","embeddable":true,"href":"https:\/\/blogdofarnesio.com.br\/index.php?rest_route=%2Fwp%2Fv2%2Ftags&post=271630"}],"curies":[{"name":"wp","href":"https:\/\/api.w.org\/{rel}","templated":true}]}}