{"id":271621,"date":"2020-11-10T11:01:54","date_gmt":"2020-11-10T14:01:54","guid":{"rendered":"http:\/\/quersaberpolitica.com.br\/2016\/?p=271621"},"modified":"2020-11-10T10:29:51","modified_gmt":"2020-11-10T13:29:51","slug":"candidatos-a-prefeito-de-juazeiro-participam-de-debate-promovido-pela-tv-um","status":"publish","type":"post","link":"https:\/\/blogdofarnesio.com.br\/?p=271621","title":{"rendered":"Candidatos a prefeito de Juazeiro participam de debate promovido pela TV UM"},"content":{"rendered":"<p>Na noite de ontem (09) a TV UM e a R\u00e1dio Ponte FM transmitiram o debate com os candidatos a prefeito de Juazeiro (BA). Realizado no Teatro Dona Am\u00e9lia, Sesc de Petrolina (PE). O evento teve a participa\u00e7\u00e3o dos candidatos Breno Rainan, Capit\u00e3o Moreira, Coronel Anselmo e Raffani.<\/p>\n<p>Os candidatos Paulo Bomfim e Suzana Ramos n\u00e3o compareceram. A assessoria do candidato Paulo Bomfim disse que recebeu o convite, mas n\u00e3o teria como atender, j\u00e1 a assessoria de Suzana Ramos n\u00e3o informou sobre o recebimento do convite ou participa\u00e7\u00e3o.<\/p>\n<p>Os concorrentes responderam a algumas perguntas formuladas pela equipe organizadora do debate e a outras enviadas pelo p\u00fablico, que foram sorteadas pelo mediador Cl\u00e1udio Farias, para os candidatos. No pen\u00faltimo bloco fizeram questionamentos com temas livres entre eles. Hoje (10), a partir das 19h, s\u00e3o os prefeitur\u00e1veis de Petrolina que se enfrentam ao vivo, com transmiss\u00e3o em todas as redes sociais, sites e aplicativos da TV UM e Ponte FM.<\/p>\n<p><strong>Repercuss\u00e3o nas redes sociais\u00a0\u00a0\u00a0\u00a0\u00a0\u00a0\u00a0\u00a0\u00a0\u00a0\u00a0\u00a0\u00a0\u00a0\u00a0\u00a0\u00a0\u00a0\u00a0\u00a0\u00a0\u00a0\u00a0\u00a0\u00a0\u00a0\u00a0\u00a0\u00a0<\/strong><\/p>\n<p>Centenas de coment\u00e1rios foram feitos entre os apoiadores dos participantes do debate nas redes sociais. Entre elogios aos seus candidatos e cr\u00edticas aos oponentes, inclusive aos ausentes, o p\u00fablico acompanhou e torceu por cada um dos concorrentes \u00e0 prefeitura de Juazeiro. Hoje a expectativa \u00e9 que o mesmo aconte\u00e7a em rela\u00e7\u00e3o aos candidatos de Petrolina.<\/p>\n<p>Texto: Robson Gomes Lima<\/p>\n","protected":false},"excerpt":{"rendered":"<p>Na noite de ontem (09) a TV UM e a R\u00e1dio Ponte FM transmitiram o debate com os candidatos a prefeito de Juazeiro (BA). Realizado no Teatro Dona Am\u00e9lia, Sesc de Petrolina (PE). O evento teve a participa\u00e7\u00e3o dos candidatos Breno Rainan, Capit\u00e3o Moreira, Coronel Anselmo e Raffani. Os candidatos Paulo Bomfim e Suzana Ramos n\u00e3o compareceram. A assessoria do candidato Paulo Bomfim disse que recebeu o convite, mas n\u00e3o teria como atender, j\u00e1 a assessoria de Suzana Ramos n\u00e3o informou sobre o recebimento do convite ou participa\u00e7\u00e3o. Os concorrentes responderam a algumas perguntas formuladas pela equipe organizadora do debate e a outras enviadas pelo p\u00fablico, que foram sorteadas pelo mediador Cl\u00e1udio Farias, para os candidatos. No pen\u00faltimo bloco fizeram&hellip; <\/p>\n","protected":false},"author":1,"featured_media":271622,"comment_status":"closed","ping_status":"closed","sticky":false,"template":"","format":"standard","meta":{"_acf_changed":false,"footnotes":""},"categories":[1],"tags":[],"class_list":["post-271621","post","type-post","status-publish","format-standard","has-post-thumbnail","hentry","category-politica"],"acf":[],"yoast_head":"<!-- This site is optimized with the Yoast SEO plugin v27.4 - https:\/\/yoast.com\/product\/yoast-seo-wordpress\/ -->\n<title>Candidatos a prefeito de Juazeiro participam de debate promovido pela TV UM - Blog do Farn\u00e9sio<\/title>\n<meta name=\"robots\" content=\"index, follow, max-snippet:-1, max-image-preview:large, max-video-preview:-1\" \/>\n<link rel=\"canonical\" href=\"https:\/\/blogdofarnesio.com.br\/?p=271621\" \/>\n<meta property=\"og:locale\" content=\"pt_BR\" \/>\n<meta property=\"og:type\" content=\"article\" \/>\n<meta property=\"og:title\" content=\"Candidatos a prefeito de Juazeiro participam de debate promovido pela TV UM - Blog do Farn\u00e9sio\" \/>\n<meta property=\"og:description\" content=\"Na noite de ontem (09) a TV UM e a R\u00e1dio Ponte FM transmitiram o debate com os candidatos a prefeito de Juazeiro (BA). Realizado no Teatro Dona Am\u00e9lia, Sesc de Petrolina (PE). O evento teve a participa\u00e7\u00e3o dos candidatos Breno Rainan, Capit\u00e3o Moreira, Coronel Anselmo e Raffani. Os candidatos Paulo Bomfim e Suzana Ramos n\u00e3o compareceram. A assessoria do candidato Paulo Bomfim disse que recebeu o convite, mas n\u00e3o teria como atender, j\u00e1 a assessoria de Suzana Ramos n\u00e3o informou sobre o recebimento do convite ou participa\u00e7\u00e3o. Os concorrentes responderam a algumas perguntas formuladas pela equipe organizadora do debate e a outras enviadas pelo p\u00fablico, que foram sorteadas pelo mediador Cl\u00e1udio Farias, para os candidatos. No pen\u00faltimo bloco fizeram&hellip;\" \/>\n<meta property=\"og:url\" content=\"https:\/\/blogdofarnesio.com.br\/?p=271621\" \/>\n<meta property=\"og:site_name\" content=\"Blog do Farn\u00e9sio\" \/>\n<meta property=\"article:publisher\" content=\"https:\/\/www.facebook.com\/BlogQuerSaberPolitica\/\" \/>\n<meta property=\"article:published_time\" content=\"2020-11-10T14:01:54+00:00\" \/>\n<meta property=\"og:image\" content=\"https:\/\/blogdofarnesio.com.br\/wp-content\/uploads\/2020\/11\/debate-juazeiro-e1605014958333.png\" \/>\n\t<meta property=\"og:image:width\" content=\"678\" \/>\n\t<meta property=\"og:image:height\" content=\"355\" \/>\n\t<meta property=\"og:image:type\" content=\"image\/png\" \/>\n<meta name=\"author\" content=\"Farn\u00e9sio\" \/>\n<meta name=\"twitter:card\" content=\"summary_large_image\" \/>\n<meta name=\"twitter:label1\" content=\"Escrito por\" \/>\n\t<meta name=\"twitter:data1\" content=\"Farn\u00e9sio\" \/>\n\t<meta name=\"twitter:label2\" content=\"Est. tempo de leitura\" \/>\n\t<meta name=\"twitter:data2\" content=\"1 minuto\" \/>\n<script type=\"application\/ld+json\" class=\"yoast-schema-graph\">{\"@context\":\"https:\\\/\\\/schema.org\",\"@graph\":[{\"@type\":\"Article\",\"@id\":\"https:\\\/\\\/blogdofarnesio.com.br\\\/?p=271621#article\",\"isPartOf\":{\"@id\":\"https:\\\/\\\/blogdofarnesio.com.br\\\/?p=271621\"},\"author\":{\"name\":\"Farn\u00e9sio\",\"@id\":\"https:\\\/\\\/blogdofarnesio.com.br\\\/#\\\/schema\\\/person\\\/301c4acf522bccbfdb45af95b5b906a1\"},\"headline\":\"Candidatos a prefeito de Juazeiro participam de debate promovido pela TV UM\",\"datePublished\":\"2020-11-10T14:01:54+00:00\",\"mainEntityOfPage\":{\"@id\":\"https:\\\/\\\/blogdofarnesio.com.br\\\/?p=271621\"},\"wordCount\":249,\"publisher\":{\"@id\":\"https:\\\/\\\/blogdofarnesio.com.br\\\/#organization\"},\"image\":{\"@id\":\"https:\\\/\\\/blogdofarnesio.com.br\\\/?p=271621#primaryimage\"},\"thumbnailUrl\":\"https:\\\/\\\/blogdofarnesio.com.br\\\/wp-content\\\/uploads\\\/2020\\\/11\\\/debate-juazeiro-e1605014958333.png\",\"articleSection\":[\"Pol\u00edtica\"],\"inLanguage\":\"pt-BR\"},{\"@type\":\"WebPage\",\"@id\":\"https:\\\/\\\/blogdofarnesio.com.br\\\/?p=271621\",\"url\":\"https:\\\/\\\/blogdofarnesio.com.br\\\/?p=271621\",\"name\":\"Candidatos a prefeito de Juazeiro participam de debate promovido pela TV UM - Blog do Farn\u00e9sio\",\"isPartOf\":{\"@id\":\"https:\\\/\\\/blogdofarnesio.com.br\\\/#website\"},\"primaryImageOfPage\":{\"@id\":\"https:\\\/\\\/blogdofarnesio.com.br\\\/?p=271621#primaryimage\"},\"image\":{\"@id\":\"https:\\\/\\\/blogdofarnesio.com.br\\\/?p=271621#primaryimage\"},\"thumbnailUrl\":\"https:\\\/\\\/blogdofarnesio.com.br\\\/wp-content\\\/uploads\\\/2020\\\/11\\\/debate-juazeiro-e1605014958333.png\",\"datePublished\":\"2020-11-10T14:01:54+00:00\",\"breadcrumb\":{\"@id\":\"https:\\\/\\\/blogdofarnesio.com.br\\\/?p=271621#breadcrumb\"},\"inLanguage\":\"pt-BR\",\"potentialAction\":[{\"@type\":\"ReadAction\",\"target\":[\"https:\\\/\\\/blogdofarnesio.com.br\\\/?p=271621\"]}]},{\"@type\":\"ImageObject\",\"inLanguage\":\"pt-BR\",\"@id\":\"https:\\\/\\\/blogdofarnesio.com.br\\\/?p=271621#primaryimage\",\"url\":\"https:\\\/\\\/blogdofarnesio.com.br\\\/wp-content\\\/uploads\\\/2020\\\/11\\\/debate-juazeiro-e1605014958333.png\",\"contentUrl\":\"https:\\\/\\\/blogdofarnesio.com.br\\\/wp-content\\\/uploads\\\/2020\\\/11\\\/debate-juazeiro-e1605014958333.png\",\"width\":678,\"height\":355},{\"@type\":\"BreadcrumbList\",\"@id\":\"https:\\\/\\\/blogdofarnesio.com.br\\\/?p=271621#breadcrumb\",\"itemListElement\":[{\"@type\":\"ListItem\",\"position\":1,\"name\":\"In\u00edcio\",\"item\":\"https:\\\/\\\/blogdofarnesio.com.br\\\/\"},{\"@type\":\"ListItem\",\"position\":2,\"name\":\"Candidatos a prefeito de Juazeiro participam de debate promovido pela TV UM\"}]},{\"@type\":\"WebSite\",\"@id\":\"https:\\\/\\\/blogdofarnesio.com.br\\\/#website\",\"url\":\"https:\\\/\\\/blogdofarnesio.com.br\\\/\",\"name\":\"Blog do Farn\u00e9sio\",\"description\":\"Quer Saber Pol\u00edtica?\",\"publisher\":{\"@id\":\"https:\\\/\\\/blogdofarnesio.com.br\\\/#organization\"},\"potentialAction\":[{\"@type\":\"SearchAction\",\"target\":{\"@type\":\"EntryPoint\",\"urlTemplate\":\"https:\\\/\\\/blogdofarnesio.com.br\\\/?s={search_term_string}\"},\"query-input\":{\"@type\":\"PropertyValueSpecification\",\"valueRequired\":true,\"valueName\":\"search_term_string\"}}],\"inLanguage\":\"pt-BR\"},{\"@type\":\"Organization\",\"@id\":\"https:\\\/\\\/blogdofarnesio.com.br\\\/#organization\",\"name\":\"Blog do Farn\u00e9sio\",\"url\":\"https:\\\/\\\/blogdofarnesio.com.br\\\/\",\"logo\":{\"@type\":\"ImageObject\",\"inLanguage\":\"pt-BR\",\"@id\":\"https:\\\/\\\/blogdofarnesio.com.br\\\/#\\\/schema\\\/logo\\\/image\\\/\",\"url\":\"https:\\\/\\\/blogdofarnesio.com.br\\\/wp-content\\\/uploads\\\/2026\\\/03\\\/cropped-logo_new-1.png\",\"contentUrl\":\"https:\\\/\\\/blogdofarnesio.com.br\\\/wp-content\\\/uploads\\\/2026\\\/03\\\/cropped-logo_new-1.png\",\"width\":881,\"height\":685,\"caption\":\"Blog do Farn\u00e9sio\"},\"image\":{\"@id\":\"https:\\\/\\\/blogdofarnesio.com.br\\\/#\\\/schema\\\/logo\\\/image\\\/\"},\"sameAs\":[\"https:\\\/\\\/www.facebook.com\\\/BlogQuerSaberPolitica\\\/\"]},{\"@type\":\"Person\",\"@id\":\"https:\\\/\\\/blogdofarnesio.com.br\\\/#\\\/schema\\\/person\\\/301c4acf522bccbfdb45af95b5b906a1\",\"name\":\"Farn\u00e9sio\",\"image\":{\"@type\":\"ImageObject\",\"inLanguage\":\"pt-BR\",\"@id\":\"https:\\\/\\\/secure.gravatar.com\\\/avatar\\\/df0c9a14567c056f8ad6876ba5bbd1e3e2c48023eb6807342fc4663adf549f38?s=96&d=mm&r=g\",\"url\":\"https:\\\/\\\/secure.gravatar.com\\\/avatar\\\/df0c9a14567c056f8ad6876ba5bbd1e3e2c48023eb6807342fc4663adf549f38?s=96&d=mm&r=g\",\"contentUrl\":\"https:\\\/\\\/secure.gravatar.com\\\/avatar\\\/df0c9a14567c056f8ad6876ba5bbd1e3e2c48023eb6807342fc4663adf549f38?s=96&d=mm&r=g\",\"caption\":\"Farn\u00e9sio\"},\"sameAs\":[\"https:\\\/\\\/quersaberpolitica.com.br\"],\"url\":\"https:\\\/\\\/blogdofarnesio.com.br\\\/?author=1\"}]}<\/script>\n<!-- \/ Yoast SEO plugin. -->","yoast_head_json":{"title":"Candidatos a prefeito de Juazeiro participam de debate promovido pela TV UM - Blog do Farn\u00e9sio","robots":{"index":"index","follow":"follow","max-snippet":"max-snippet:-1","max-image-preview":"max-image-preview:large","max-video-preview":"max-video-preview:-1"},"canonical":"https:\/\/blogdofarnesio.com.br\/?p=271621","og_locale":"pt_BR","og_type":"article","og_title":"Candidatos a prefeito de Juazeiro participam de debate promovido pela TV UM - Blog do Farn\u00e9sio","og_description":"Na noite de ontem (09) a TV UM e a R\u00e1dio Ponte FM transmitiram o debate com os candidatos a prefeito de Juazeiro (BA). Realizado no Teatro Dona Am\u00e9lia, Sesc de Petrolina (PE). O evento teve a participa\u00e7\u00e3o dos candidatos Breno Rainan, Capit\u00e3o Moreira, Coronel Anselmo e Raffani. Os candidatos Paulo Bomfim e Suzana Ramos n\u00e3o compareceram. A assessoria do candidato Paulo Bomfim disse que recebeu o convite, mas n\u00e3o teria como atender, j\u00e1 a assessoria de Suzana Ramos n\u00e3o informou sobre o recebimento do convite ou participa\u00e7\u00e3o. Os concorrentes responderam a algumas perguntas formuladas pela equipe organizadora do debate e a outras enviadas pelo p\u00fablico, que foram sorteadas pelo mediador Cl\u00e1udio Farias, para os candidatos. No pen\u00faltimo bloco fizeram&hellip;","og_url":"https:\/\/blogdofarnesio.com.br\/?p=271621","og_site_name":"Blog do Farn\u00e9sio","article_publisher":"https:\/\/www.facebook.com\/BlogQuerSaberPolitica\/","article_published_time":"2020-11-10T14:01:54+00:00","og_image":[{"width":678,"height":355,"url":"https:\/\/blogdofarnesio.com.br\/wp-content\/uploads\/2020\/11\/debate-juazeiro-e1605014958333.png","type":"image\/png"}],"author":"Farn\u00e9sio","twitter_card":"summary_large_image","twitter_misc":{"Escrito por":"Farn\u00e9sio","Est. tempo de leitura":"1 minuto"},"schema":{"@context":"https:\/\/schema.org","@graph":[{"@type":"Article","@id":"https:\/\/blogdofarnesio.com.br\/?p=271621#article","isPartOf":{"@id":"https:\/\/blogdofarnesio.com.br\/?p=271621"},"author":{"name":"Farn\u00e9sio","@id":"https:\/\/blogdofarnesio.com.br\/#\/schema\/person\/301c4acf522bccbfdb45af95b5b906a1"},"headline":"Candidatos a prefeito de Juazeiro participam de debate promovido pela TV UM","datePublished":"2020-11-10T14:01:54+00:00","mainEntityOfPage":{"@id":"https:\/\/blogdofarnesio.com.br\/?p=271621"},"wordCount":249,"publisher":{"@id":"https:\/\/blogdofarnesio.com.br\/#organization"},"image":{"@id":"https:\/\/blogdofarnesio.com.br\/?p=271621#primaryimage"},"thumbnailUrl":"https:\/\/blogdofarnesio.com.br\/wp-content\/uploads\/2020\/11\/debate-juazeiro-e1605014958333.png","articleSection":["Pol\u00edtica"],"inLanguage":"pt-BR"},{"@type":"WebPage","@id":"https:\/\/blogdofarnesio.com.br\/?p=271621","url":"https:\/\/blogdofarnesio.com.br\/?p=271621","name":"Candidatos a prefeito de Juazeiro participam de debate promovido pela TV UM - Blog do Farn\u00e9sio","isPartOf":{"@id":"https:\/\/blogdofarnesio.com.br\/#website"},"primaryImageOfPage":{"@id":"https:\/\/blogdofarnesio.com.br\/?p=271621#primaryimage"},"image":{"@id":"https:\/\/blogdofarnesio.com.br\/?p=271621#primaryimage"},"thumbnailUrl":"https:\/\/blogdofarnesio.com.br\/wp-content\/uploads\/2020\/11\/debate-juazeiro-e1605014958333.png","datePublished":"2020-11-10T14:01:54+00:00","breadcrumb":{"@id":"https:\/\/blogdofarnesio.com.br\/?p=271621#breadcrumb"},"inLanguage":"pt-BR","potentialAction":[{"@type":"ReadAction","target":["https:\/\/blogdofarnesio.com.br\/?p=271621"]}]},{"@type":"ImageObject","inLanguage":"pt-BR","@id":"https:\/\/blogdofarnesio.com.br\/?p=271621#primaryimage","url":"https:\/\/blogdofarnesio.com.br\/wp-content\/uploads\/2020\/11\/debate-juazeiro-e1605014958333.png","contentUrl":"https:\/\/blogdofarnesio.com.br\/wp-content\/uploads\/2020\/11\/debate-juazeiro-e1605014958333.png","width":678,"height":355},{"@type":"BreadcrumbList","@id":"https:\/\/blogdofarnesio.com.br\/?p=271621#breadcrumb","itemListElement":[{"@type":"ListItem","position":1,"name":"In\u00edcio","item":"https:\/\/blogdofarnesio.com.br\/"},{"@type":"ListItem","position":2,"name":"Candidatos a prefeito de Juazeiro participam de debate promovido pela TV UM"}]},{"@type":"WebSite","@id":"https:\/\/blogdofarnesio.com.br\/#website","url":"https:\/\/blogdofarnesio.com.br\/","name":"Blog do Farn\u00e9sio","description":"Quer Saber Pol\u00edtica?","publisher":{"@id":"https:\/\/blogdofarnesio.com.br\/#organization"},"potentialAction":[{"@type":"SearchAction","target":{"@type":"EntryPoint","urlTemplate":"https:\/\/blogdofarnesio.com.br\/?s={search_term_string}"},"query-input":{"@type":"PropertyValueSpecification","valueRequired":true,"valueName":"search_term_string"}}],"inLanguage":"pt-BR"},{"@type":"Organization","@id":"https:\/\/blogdofarnesio.com.br\/#organization","name":"Blog do Farn\u00e9sio","url":"https:\/\/blogdofarnesio.com.br\/","logo":{"@type":"ImageObject","inLanguage":"pt-BR","@id":"https:\/\/blogdofarnesio.com.br\/#\/schema\/logo\/image\/","url":"https:\/\/blogdofarnesio.com.br\/wp-content\/uploads\/2026\/03\/cropped-logo_new-1.png","contentUrl":"https:\/\/blogdofarnesio.com.br\/wp-content\/uploads\/2026\/03\/cropped-logo_new-1.png","width":881,"height":685,"caption":"Blog do Farn\u00e9sio"},"image":{"@id":"https:\/\/blogdofarnesio.com.br\/#\/schema\/logo\/image\/"},"sameAs":["https:\/\/www.facebook.com\/BlogQuerSaberPolitica\/"]},{"@type":"Person","@id":"https:\/\/blogdofarnesio.com.br\/#\/schema\/person\/301c4acf522bccbfdb45af95b5b906a1","name":"Farn\u00e9sio","image":{"@type":"ImageObject","inLanguage":"pt-BR","@id":"https:\/\/secure.gravatar.com\/avatar\/df0c9a14567c056f8ad6876ba5bbd1e3e2c48023eb6807342fc4663adf549f38?s=96&d=mm&r=g","url":"https:\/\/secure.gravatar.com\/avatar\/df0c9a14567c056f8ad6876ba5bbd1e3e2c48023eb6807342fc4663adf549f38?s=96&d=mm&r=g","contentUrl":"https:\/\/secure.gravatar.com\/avatar\/df0c9a14567c056f8ad6876ba5bbd1e3e2c48023eb6807342fc4663adf549f38?s=96&d=mm&r=g","caption":"Farn\u00e9sio"},"sameAs":["https:\/\/quersaberpolitica.com.br"],"url":"https:\/\/blogdofarnesio.com.br\/?author=1"}]}},"_links":{"self":[{"href":"https:\/\/blogdofarnesio.com.br\/index.php?rest_route=\/wp\/v2\/posts\/271621","targetHints":{"allow":["GET"]}}],"collection":[{"href":"https:\/\/blogdofarnesio.com.br\/index.php?rest_route=\/wp\/v2\/posts"}],"about":[{"href":"https:\/\/blogdofarnesio.com.br\/index.php?rest_route=\/wp\/v2\/types\/post"}],"author":[{"embeddable":true,"href":"https:\/\/blogdofarnesio.com.br\/index.php?rest_route=\/wp\/v2\/users\/1"}],"replies":[{"embeddable":true,"href":"https:\/\/blogdofarnesio.com.br\/index.php?rest_route=%2Fwp%2Fv2%2Fcomments&post=271621"}],"version-history":[{"count":0,"href":"https:\/\/blogdofarnesio.com.br\/index.php?rest_route=\/wp\/v2\/posts\/271621\/revisions"}],"wp:featuredmedia":[{"embeddable":true,"href":"https:\/\/blogdofarnesio.com.br\/index.php?rest_route=\/wp\/v2\/media\/271622"}],"wp:attachment":[{"href":"https:\/\/blogdofarnesio.com.br\/index.php?rest_route=%2Fwp%2Fv2%2Fmedia&parent=271621"}],"wp:term":[{"taxonomy":"category","embeddable":true,"href":"https:\/\/blogdofarnesio.com.br\/index.php?rest_route=%2Fwp%2Fv2%2Fcategories&post=271621"},{"taxonomy":"post_tag","embeddable":true,"href":"https:\/\/blogdofarnesio.com.br\/index.php?rest_route=%2Fwp%2Fv2%2Ftags&post=271621"}],"curies":[{"name":"wp","href":"https:\/\/api.w.org\/{rel}","templated":true}]}}