{"id":271607,"date":"2020-11-10T09:21:40","date_gmt":"2020-11-10T12:21:40","guid":{"rendered":"http:\/\/quersaberpolitica.com.br\/2016\/?p=271607"},"modified":"2020-11-09T21:04:15","modified_gmt":"2020-11-10T00:04:15","slug":"paulo-bomfim-participou-de-atos-politicos-neste-fim-de-semana","status":"publish","type":"post","link":"https:\/\/blogdofarnesio.com.br\/?p=271607","title":{"rendered":"Paulo Bomfim participou de atos pol\u00edticos neste fim de semana"},"content":{"rendered":"<p style=\"font-weight: 400;\">Durante o fim de semana, o prefeito e candidato \u00e0 reelei\u00e7\u00e3o pela coliga\u00e7\u00e3o \u201cPra Juazeiro Seguir em Frente\u201d, Paulo Bomfim (PT) participou de atos pol\u00edticos organizados pelos candidatos a vereador Cobra (PT) e Jorge Carvalho (PP). No s\u00e1bado (08), Paulo Bomfim se reuniu com as lideran\u00e7as de Cobra (PT).<\/p>\n<p style=\"font-weight: 400;\">Marinalva Rodrigues da Silva, S\u00edndica do Residencial Praia do Rodeadouro, esteve no evento. \u201cPaulo Bomfim fez muito por Juazeiro, s\u00f3 n\u00e3o enxerga quem n\u00e3o quer. Ele vem fazendo um grande trabalho na nossa cidade e merece nosso voto para continuar fazendo mais\u201d.<\/p>\n<p style=\"font-weight: 400;\">No domingo (09) foi a vez de Paulo se reunir com as lideran\u00e7as de Jorge Carvalho (PP) na comunidade do Morr\u00e3o. O contador Jailton Ferreira da Silva, que faz parte da Associa\u00e7\u00e3o de produtores do Morr\u00e3o, tamb\u00e9m declarou seu apoio a Paulo Bomfim. \u201cQueremos que Paulo continue porque o trabalho precisa continuar, Juazeiro precisa continuar crescendo\u201d, afirmou.<\/p>\n<p style=\"font-weight: 400;\">\u201cFaltam poucos dias para a elei\u00e7\u00e3o e eu preciso do voto de voc\u00eas para poder dar continuidade ao trabalho que vem sendo feito em Juazeiro. Eu estou muito afim de continuar fazendo mais trabalho e mais mudan\u00e7as por nossa Juazeiro. Dia 15 de novembro vote 13\u201d, declarou o candidato Paulo Bomfim.<\/p>\n<p><em>Ascom\/Paulo Bomfim<\/em><\/p>\n","protected":false},"excerpt":{"rendered":"<p>Durante o fim de semana, o prefeito e candidato \u00e0 reelei\u00e7\u00e3o pela coliga\u00e7\u00e3o \u201cPra Juazeiro Seguir em Frente\u201d, Paulo Bomfim (PT) participou de atos pol\u00edticos organizados pelos candidatos a vereador Cobra (PT) e Jorge Carvalho (PP). No s\u00e1bado (08), Paulo Bomfim se reuniu com as lideran\u00e7as de Cobra (PT). Marinalva Rodrigues da Silva, S\u00edndica do Residencial Praia do Rodeadouro, esteve no evento. \u201cPaulo Bomfim fez muito por Juazeiro, s\u00f3 n\u00e3o enxerga quem n\u00e3o quer. Ele vem fazendo um grande trabalho na nossa cidade e merece nosso voto para continuar fazendo mais\u201d. No domingo (09) foi a vez de Paulo se reunir com as lideran\u00e7as de Jorge Carvalho (PP) na comunidade do Morr\u00e3o. O contador Jailton Ferreira da Silva, que faz&hellip; <\/p>\n","protected":false},"author":1,"featured_media":271608,"comment_status":"closed","ping_status":"closed","sticky":false,"template":"","format":"standard","meta":{"_acf_changed":false,"footnotes":""},"categories":[34],"tags":[],"class_list":["post-271607","post","type-post","status-publish","format-standard","has-post-thumbnail","hentry","category-eleicoes"],"acf":[],"yoast_head":"<!-- This site is optimized with the Yoast SEO plugin v27.4 - https:\/\/yoast.com\/product\/yoast-seo-wordpress\/ -->\n<title>Paulo Bomfim participou de atos pol\u00edticos neste fim de semana - Blog do Farn\u00e9sio<\/title>\n<meta name=\"robots\" content=\"index, follow, max-snippet:-1, max-image-preview:large, max-video-preview:-1\" \/>\n<link rel=\"canonical\" href=\"https:\/\/blogdofarnesio.com.br\/?p=271607\" \/>\n<meta property=\"og:locale\" content=\"pt_BR\" \/>\n<meta property=\"og:type\" content=\"article\" \/>\n<meta property=\"og:title\" content=\"Paulo Bomfim participou de atos pol\u00edticos neste fim de semana - Blog do Farn\u00e9sio\" \/>\n<meta property=\"og:description\" content=\"Durante o fim de semana, o prefeito e candidato \u00e0 reelei\u00e7\u00e3o pela coliga\u00e7\u00e3o \u201cPra Juazeiro Seguir em Frente\u201d, Paulo Bomfim (PT) participou de atos pol\u00edticos organizados pelos candidatos a vereador Cobra (PT) e Jorge Carvalho (PP). No s\u00e1bado (08), Paulo Bomfim se reuniu com as lideran\u00e7as de Cobra (PT). Marinalva Rodrigues da Silva, S\u00edndica do Residencial Praia do Rodeadouro, esteve no evento. \u201cPaulo Bomfim fez muito por Juazeiro, s\u00f3 n\u00e3o enxerga quem n\u00e3o quer. Ele vem fazendo um grande trabalho na nossa cidade e merece nosso voto para continuar fazendo mais\u201d. No domingo (09) foi a vez de Paulo se reunir com as lideran\u00e7as de Jorge Carvalho (PP) na comunidade do Morr\u00e3o. O contador Jailton Ferreira da Silva, que faz&hellip;\" \/>\n<meta property=\"og:url\" content=\"https:\/\/blogdofarnesio.com.br\/?p=271607\" \/>\n<meta property=\"og:site_name\" content=\"Blog do Farn\u00e9sio\" \/>\n<meta property=\"article:publisher\" content=\"https:\/\/www.facebook.com\/BlogQuerSaberPolitica\/\" \/>\n<meta property=\"article:published_time\" content=\"2020-11-10T12:21:40+00:00\" \/>\n<meta property=\"og:image\" content=\"https:\/\/blogdofarnesio.com.br\/wp-content\/uploads\/2020\/11\/Paulo-Bomfim-participou-de-atos-politicos-neste-fim-de-semana-1-e1604966627760.jpeg\" \/>\n\t<meta property=\"og:image:width\" content=\"680\" \/>\n\t<meta property=\"og:image:height\" content=\"453\" \/>\n\t<meta property=\"og:image:type\" content=\"image\/jpeg\" \/>\n<meta name=\"author\" content=\"Farn\u00e9sio\" \/>\n<meta name=\"twitter:card\" content=\"summary_large_image\" \/>\n<meta name=\"twitter:label1\" content=\"Escrito por\" \/>\n\t<meta name=\"twitter:data1\" content=\"Farn\u00e9sio\" \/>\n\t<meta name=\"twitter:label2\" content=\"Est. tempo de leitura\" \/>\n\t<meta name=\"twitter:data2\" content=\"1 minuto\" \/>\n<script type=\"application\/ld+json\" class=\"yoast-schema-graph\">{\"@context\":\"https:\\\/\\\/schema.org\",\"@graph\":[{\"@type\":\"Article\",\"@id\":\"https:\\\/\\\/blogdofarnesio.com.br\\\/?p=271607#article\",\"isPartOf\":{\"@id\":\"https:\\\/\\\/blogdofarnesio.com.br\\\/?p=271607\"},\"author\":{\"name\":\"Farn\u00e9sio\",\"@id\":\"https:\\\/\\\/blogdofarnesio.com.br\\\/#\\\/schema\\\/person\\\/301c4acf522bccbfdb45af95b5b906a1\"},\"headline\":\"Paulo Bomfim participou de atos pol\u00edticos neste fim de semana\",\"datePublished\":\"2020-11-10T12:21:40+00:00\",\"mainEntityOfPage\":{\"@id\":\"https:\\\/\\\/blogdofarnesio.com.br\\\/?p=271607\"},\"wordCount\":224,\"publisher\":{\"@id\":\"https:\\\/\\\/blogdofarnesio.com.br\\\/#organization\"},\"image\":{\"@id\":\"https:\\\/\\\/blogdofarnesio.com.br\\\/?p=271607#primaryimage\"},\"thumbnailUrl\":\"https:\\\/\\\/blogdofarnesio.com.br\\\/wp-content\\\/uploads\\\/2020\\\/11\\\/Paulo-Bomfim-participou-de-atos-politicos-neste-fim-de-semana-1-e1604966627760.jpeg\",\"articleSection\":[\"Elei\u00e7\u00f5es\"],\"inLanguage\":\"pt-BR\"},{\"@type\":\"WebPage\",\"@id\":\"https:\\\/\\\/blogdofarnesio.com.br\\\/?p=271607\",\"url\":\"https:\\\/\\\/blogdofarnesio.com.br\\\/?p=271607\",\"name\":\"Paulo Bomfim participou de atos pol\u00edticos neste fim de semana - Blog do Farn\u00e9sio\",\"isPartOf\":{\"@id\":\"https:\\\/\\\/blogdofarnesio.com.br\\\/#website\"},\"primaryImageOfPage\":{\"@id\":\"https:\\\/\\\/blogdofarnesio.com.br\\\/?p=271607#primaryimage\"},\"image\":{\"@id\":\"https:\\\/\\\/blogdofarnesio.com.br\\\/?p=271607#primaryimage\"},\"thumbnailUrl\":\"https:\\\/\\\/blogdofarnesio.com.br\\\/wp-content\\\/uploads\\\/2020\\\/11\\\/Paulo-Bomfim-participou-de-atos-politicos-neste-fim-de-semana-1-e1604966627760.jpeg\",\"datePublished\":\"2020-11-10T12:21:40+00:00\",\"breadcrumb\":{\"@id\":\"https:\\\/\\\/blogdofarnesio.com.br\\\/?p=271607#breadcrumb\"},\"inLanguage\":\"pt-BR\",\"potentialAction\":[{\"@type\":\"ReadAction\",\"target\":[\"https:\\\/\\\/blogdofarnesio.com.br\\\/?p=271607\"]}]},{\"@type\":\"ImageObject\",\"inLanguage\":\"pt-BR\",\"@id\":\"https:\\\/\\\/blogdofarnesio.com.br\\\/?p=271607#primaryimage\",\"url\":\"https:\\\/\\\/blogdofarnesio.com.br\\\/wp-content\\\/uploads\\\/2020\\\/11\\\/Paulo-Bomfim-participou-de-atos-politicos-neste-fim-de-semana-1-e1604966627760.jpeg\",\"contentUrl\":\"https:\\\/\\\/blogdofarnesio.com.br\\\/wp-content\\\/uploads\\\/2020\\\/11\\\/Paulo-Bomfim-participou-de-atos-politicos-neste-fim-de-semana-1-e1604966627760.jpeg\",\"width\":680,\"height\":453},{\"@type\":\"BreadcrumbList\",\"@id\":\"https:\\\/\\\/blogdofarnesio.com.br\\\/?p=271607#breadcrumb\",\"itemListElement\":[{\"@type\":\"ListItem\",\"position\":1,\"name\":\"In\u00edcio\",\"item\":\"https:\\\/\\\/blogdofarnesio.com.br\\\/\"},{\"@type\":\"ListItem\",\"position\":2,\"name\":\"Paulo Bomfim participou de atos pol\u00edticos neste fim de semana\"}]},{\"@type\":\"WebSite\",\"@id\":\"https:\\\/\\\/blogdofarnesio.com.br\\\/#website\",\"url\":\"https:\\\/\\\/blogdofarnesio.com.br\\\/\",\"name\":\"Blog do Farn\u00e9sio\",\"description\":\"Quer Saber Pol\u00edtica?\",\"publisher\":{\"@id\":\"https:\\\/\\\/blogdofarnesio.com.br\\\/#organization\"},\"potentialAction\":[{\"@type\":\"SearchAction\",\"target\":{\"@type\":\"EntryPoint\",\"urlTemplate\":\"https:\\\/\\\/blogdofarnesio.com.br\\\/?s={search_term_string}\"},\"query-input\":{\"@type\":\"PropertyValueSpecification\",\"valueRequired\":true,\"valueName\":\"search_term_string\"}}],\"inLanguage\":\"pt-BR\"},{\"@type\":\"Organization\",\"@id\":\"https:\\\/\\\/blogdofarnesio.com.br\\\/#organization\",\"name\":\"Blog do Farn\u00e9sio\",\"url\":\"https:\\\/\\\/blogdofarnesio.com.br\\\/\",\"logo\":{\"@type\":\"ImageObject\",\"inLanguage\":\"pt-BR\",\"@id\":\"https:\\\/\\\/blogdofarnesio.com.br\\\/#\\\/schema\\\/logo\\\/image\\\/\",\"url\":\"https:\\\/\\\/blogdofarnesio.com.br\\\/wp-content\\\/uploads\\\/2026\\\/03\\\/cropped-logo_new-1.png\",\"contentUrl\":\"https:\\\/\\\/blogdofarnesio.com.br\\\/wp-content\\\/uploads\\\/2026\\\/03\\\/cropped-logo_new-1.png\",\"width\":881,\"height\":685,\"caption\":\"Blog do Farn\u00e9sio\"},\"image\":{\"@id\":\"https:\\\/\\\/blogdofarnesio.com.br\\\/#\\\/schema\\\/logo\\\/image\\\/\"},\"sameAs\":[\"https:\\\/\\\/www.facebook.com\\\/BlogQuerSaberPolitica\\\/\"]},{\"@type\":\"Person\",\"@id\":\"https:\\\/\\\/blogdofarnesio.com.br\\\/#\\\/schema\\\/person\\\/301c4acf522bccbfdb45af95b5b906a1\",\"name\":\"Farn\u00e9sio\",\"image\":{\"@type\":\"ImageObject\",\"inLanguage\":\"pt-BR\",\"@id\":\"https:\\\/\\\/secure.gravatar.com\\\/avatar\\\/df0c9a14567c056f8ad6876ba5bbd1e3e2c48023eb6807342fc4663adf549f38?s=96&d=mm&r=g\",\"url\":\"https:\\\/\\\/secure.gravatar.com\\\/avatar\\\/df0c9a14567c056f8ad6876ba5bbd1e3e2c48023eb6807342fc4663adf549f38?s=96&d=mm&r=g\",\"contentUrl\":\"https:\\\/\\\/secure.gravatar.com\\\/avatar\\\/df0c9a14567c056f8ad6876ba5bbd1e3e2c48023eb6807342fc4663adf549f38?s=96&d=mm&r=g\",\"caption\":\"Farn\u00e9sio\"},\"sameAs\":[\"https:\\\/\\\/quersaberpolitica.com.br\"],\"url\":\"https:\\\/\\\/blogdofarnesio.com.br\\\/?author=1\"}]}<\/script>\n<!-- \/ Yoast SEO plugin. -->","yoast_head_json":{"title":"Paulo Bomfim participou de atos pol\u00edticos neste fim de semana - Blog do Farn\u00e9sio","robots":{"index":"index","follow":"follow","max-snippet":"max-snippet:-1","max-image-preview":"max-image-preview:large","max-video-preview":"max-video-preview:-1"},"canonical":"https:\/\/blogdofarnesio.com.br\/?p=271607","og_locale":"pt_BR","og_type":"article","og_title":"Paulo Bomfim participou de atos pol\u00edticos neste fim de semana - Blog do Farn\u00e9sio","og_description":"Durante o fim de semana, o prefeito e candidato \u00e0 reelei\u00e7\u00e3o pela coliga\u00e7\u00e3o \u201cPra Juazeiro Seguir em Frente\u201d, Paulo Bomfim (PT) participou de atos pol\u00edticos organizados pelos candidatos a vereador Cobra (PT) e Jorge Carvalho (PP). No s\u00e1bado (08), Paulo Bomfim se reuniu com as lideran\u00e7as de Cobra (PT). Marinalva Rodrigues da Silva, S\u00edndica do Residencial Praia do Rodeadouro, esteve no evento. \u201cPaulo Bomfim fez muito por Juazeiro, s\u00f3 n\u00e3o enxerga quem n\u00e3o quer. Ele vem fazendo um grande trabalho na nossa cidade e merece nosso voto para continuar fazendo mais\u201d. No domingo (09) foi a vez de Paulo se reunir com as lideran\u00e7as de Jorge Carvalho (PP) na comunidade do Morr\u00e3o. O contador Jailton Ferreira da Silva, que faz&hellip;","og_url":"https:\/\/blogdofarnesio.com.br\/?p=271607","og_site_name":"Blog do Farn\u00e9sio","article_publisher":"https:\/\/www.facebook.com\/BlogQuerSaberPolitica\/","article_published_time":"2020-11-10T12:21:40+00:00","og_image":[{"width":680,"height":453,"url":"https:\/\/blogdofarnesio.com.br\/wp-content\/uploads\/2020\/11\/Paulo-Bomfim-participou-de-atos-politicos-neste-fim-de-semana-1-e1604966627760.jpeg","type":"image\/jpeg"}],"author":"Farn\u00e9sio","twitter_card":"summary_large_image","twitter_misc":{"Escrito por":"Farn\u00e9sio","Est. tempo de leitura":"1 minuto"},"schema":{"@context":"https:\/\/schema.org","@graph":[{"@type":"Article","@id":"https:\/\/blogdofarnesio.com.br\/?p=271607#article","isPartOf":{"@id":"https:\/\/blogdofarnesio.com.br\/?p=271607"},"author":{"name":"Farn\u00e9sio","@id":"https:\/\/blogdofarnesio.com.br\/#\/schema\/person\/301c4acf522bccbfdb45af95b5b906a1"},"headline":"Paulo Bomfim participou de atos pol\u00edticos neste fim de semana","datePublished":"2020-11-10T12:21:40+00:00","mainEntityOfPage":{"@id":"https:\/\/blogdofarnesio.com.br\/?p=271607"},"wordCount":224,"publisher":{"@id":"https:\/\/blogdofarnesio.com.br\/#organization"},"image":{"@id":"https:\/\/blogdofarnesio.com.br\/?p=271607#primaryimage"},"thumbnailUrl":"https:\/\/blogdofarnesio.com.br\/wp-content\/uploads\/2020\/11\/Paulo-Bomfim-participou-de-atos-politicos-neste-fim-de-semana-1-e1604966627760.jpeg","articleSection":["Elei\u00e7\u00f5es"],"inLanguage":"pt-BR"},{"@type":"WebPage","@id":"https:\/\/blogdofarnesio.com.br\/?p=271607","url":"https:\/\/blogdofarnesio.com.br\/?p=271607","name":"Paulo Bomfim participou de atos pol\u00edticos neste fim de semana - Blog do Farn\u00e9sio","isPartOf":{"@id":"https:\/\/blogdofarnesio.com.br\/#website"},"primaryImageOfPage":{"@id":"https:\/\/blogdofarnesio.com.br\/?p=271607#primaryimage"},"image":{"@id":"https:\/\/blogdofarnesio.com.br\/?p=271607#primaryimage"},"thumbnailUrl":"https:\/\/blogdofarnesio.com.br\/wp-content\/uploads\/2020\/11\/Paulo-Bomfim-participou-de-atos-politicos-neste-fim-de-semana-1-e1604966627760.jpeg","datePublished":"2020-11-10T12:21:40+00:00","breadcrumb":{"@id":"https:\/\/blogdofarnesio.com.br\/?p=271607#breadcrumb"},"inLanguage":"pt-BR","potentialAction":[{"@type":"ReadAction","target":["https:\/\/blogdofarnesio.com.br\/?p=271607"]}]},{"@type":"ImageObject","inLanguage":"pt-BR","@id":"https:\/\/blogdofarnesio.com.br\/?p=271607#primaryimage","url":"https:\/\/blogdofarnesio.com.br\/wp-content\/uploads\/2020\/11\/Paulo-Bomfim-participou-de-atos-politicos-neste-fim-de-semana-1-e1604966627760.jpeg","contentUrl":"https:\/\/blogdofarnesio.com.br\/wp-content\/uploads\/2020\/11\/Paulo-Bomfim-participou-de-atos-politicos-neste-fim-de-semana-1-e1604966627760.jpeg","width":680,"height":453},{"@type":"BreadcrumbList","@id":"https:\/\/blogdofarnesio.com.br\/?p=271607#breadcrumb","itemListElement":[{"@type":"ListItem","position":1,"name":"In\u00edcio","item":"https:\/\/blogdofarnesio.com.br\/"},{"@type":"ListItem","position":2,"name":"Paulo Bomfim participou de atos pol\u00edticos neste fim de semana"}]},{"@type":"WebSite","@id":"https:\/\/blogdofarnesio.com.br\/#website","url":"https:\/\/blogdofarnesio.com.br\/","name":"Blog do Farn\u00e9sio","description":"Quer Saber Pol\u00edtica?","publisher":{"@id":"https:\/\/blogdofarnesio.com.br\/#organization"},"potentialAction":[{"@type":"SearchAction","target":{"@type":"EntryPoint","urlTemplate":"https:\/\/blogdofarnesio.com.br\/?s={search_term_string}"},"query-input":{"@type":"PropertyValueSpecification","valueRequired":true,"valueName":"search_term_string"}}],"inLanguage":"pt-BR"},{"@type":"Organization","@id":"https:\/\/blogdofarnesio.com.br\/#organization","name":"Blog do Farn\u00e9sio","url":"https:\/\/blogdofarnesio.com.br\/","logo":{"@type":"ImageObject","inLanguage":"pt-BR","@id":"https:\/\/blogdofarnesio.com.br\/#\/schema\/logo\/image\/","url":"https:\/\/blogdofarnesio.com.br\/wp-content\/uploads\/2026\/03\/cropped-logo_new-1.png","contentUrl":"https:\/\/blogdofarnesio.com.br\/wp-content\/uploads\/2026\/03\/cropped-logo_new-1.png","width":881,"height":685,"caption":"Blog do Farn\u00e9sio"},"image":{"@id":"https:\/\/blogdofarnesio.com.br\/#\/schema\/logo\/image\/"},"sameAs":["https:\/\/www.facebook.com\/BlogQuerSaberPolitica\/"]},{"@type":"Person","@id":"https:\/\/blogdofarnesio.com.br\/#\/schema\/person\/301c4acf522bccbfdb45af95b5b906a1","name":"Farn\u00e9sio","image":{"@type":"ImageObject","inLanguage":"pt-BR","@id":"https:\/\/secure.gravatar.com\/avatar\/df0c9a14567c056f8ad6876ba5bbd1e3e2c48023eb6807342fc4663adf549f38?s=96&d=mm&r=g","url":"https:\/\/secure.gravatar.com\/avatar\/df0c9a14567c056f8ad6876ba5bbd1e3e2c48023eb6807342fc4663adf549f38?s=96&d=mm&r=g","contentUrl":"https:\/\/secure.gravatar.com\/avatar\/df0c9a14567c056f8ad6876ba5bbd1e3e2c48023eb6807342fc4663adf549f38?s=96&d=mm&r=g","caption":"Farn\u00e9sio"},"sameAs":["https:\/\/quersaberpolitica.com.br"],"url":"https:\/\/blogdofarnesio.com.br\/?author=1"}]}},"_links":{"self":[{"href":"https:\/\/blogdofarnesio.com.br\/index.php?rest_route=\/wp\/v2\/posts\/271607","targetHints":{"allow":["GET"]}}],"collection":[{"href":"https:\/\/blogdofarnesio.com.br\/index.php?rest_route=\/wp\/v2\/posts"}],"about":[{"href":"https:\/\/blogdofarnesio.com.br\/index.php?rest_route=\/wp\/v2\/types\/post"}],"author":[{"embeddable":true,"href":"https:\/\/blogdofarnesio.com.br\/index.php?rest_route=\/wp\/v2\/users\/1"}],"replies":[{"embeddable":true,"href":"https:\/\/blogdofarnesio.com.br\/index.php?rest_route=%2Fwp%2Fv2%2Fcomments&post=271607"}],"version-history":[{"count":0,"href":"https:\/\/blogdofarnesio.com.br\/index.php?rest_route=\/wp\/v2\/posts\/271607\/revisions"}],"wp:featuredmedia":[{"embeddable":true,"href":"https:\/\/blogdofarnesio.com.br\/index.php?rest_route=\/wp\/v2\/media\/271608"}],"wp:attachment":[{"href":"https:\/\/blogdofarnesio.com.br\/index.php?rest_route=%2Fwp%2Fv2%2Fmedia&parent=271607"}],"wp:term":[{"taxonomy":"category","embeddable":true,"href":"https:\/\/blogdofarnesio.com.br\/index.php?rest_route=%2Fwp%2Fv2%2Fcategories&post=271607"},{"taxonomy":"post_tag","embeddable":true,"href":"https:\/\/blogdofarnesio.com.br\/index.php?rest_route=%2Fwp%2Fv2%2Ftags&post=271607"}],"curies":[{"name":"wp","href":"https:\/\/api.w.org\/{rel}","templated":true}]}}