{"id":271580,"date":"2020-11-10T10:42:05","date_gmt":"2020-11-10T13:42:05","guid":{"rendered":"http:\/\/quersaberpolitica.com.br\/2016\/?p=271580"},"modified":"2020-11-10T07:41:11","modified_gmt":"2020-11-10T10:41:11","slug":"em-visita-ao-interior-pedro-oliveira-foi-recebido-com-entusiasmo-pela-populacao-de-barro-vermelho-e-agrovilas","status":"publish","type":"post","link":"https:\/\/blogdofarnesio.com.br\/?p=271580","title":{"rendered":"Elei\u00e7\u00f5es 2020: Em visita ao interior Pedro Oliveira foi recebido com entusiasmo pela popula\u00e7\u00e3o de Barro Vermelho e Agrovilas."},"content":{"rendered":"<div>O candidato \u00e0 reelei\u00e7\u00e3o Pedro Oliveira, foi recebido com entusiasmo e carinho pela popula\u00e7\u00e3o de Barro Vermelho, durante visitas que fez neste s\u00e1bado e domingo (8) \u00e0s comunidades.<\/div>\n<div><\/div>\n<div>Acompanhado por lideran\u00e7as e candidatos a vereador que tem base nos distritos, o prefeito e candidato \u00e0 reelei\u00e7\u00e3o fez um porta a porta conversando com os moradores e ficou muito satisfeito com o n\u00edvel de aten\u00e7\u00e3o que recebeu da grande maioria da popula\u00e7\u00e3o local, que reconhece seu trabalho e aposta numa renova\u00e7\u00e3o do mandato.<\/div>\n<div><\/div>\n<div>\u201cQuero deixar aqui o meu agradecimento a todos os moradores de Barro Vermelho e das Agrovilas pela receptividade e pelo apoio durante toda essa nossa caminhada. Vamos seguir juntos e cada vez mais compromissados em atender as demandas desse importante dos distritos de Cura\u00e7\u00e1\u201d, disse Pedro.<\/div>\n<div><\/div>\n<div>No S\u00e1bado (7) \u00e0 noite Pedro visitou Barro Vermelho e no domingo (8) foi recebido com o mesmo entusiasmo pela popula\u00e7\u00e3o das Agrovilas.<\/div>\n<div><\/div>\n<div>Com um mandato de excel\u00eancia nas \u00e1reas de Educa\u00e7\u00e3o e Sa\u00fade e com avan\u00e7os consider\u00e1veis em todos os setores da gest\u00e3o no munic\u00edpio, o prefeito Pedro Oliveira refor\u00e7ou no seu plano de governo, a\u00e7\u00f5es com foco tamb\u00e9m em outras \u00e1reas de interesse da popula\u00e7\u00e3o, com trabalhos na \u00e1rea de infraestrutura que v\u00e3o contemplar tamb\u00e9m o interior.<\/div>\n<div><\/div>\n<div>&#8220;Em 2016 eu fiz um compromisso com a popula\u00e7\u00e3o que a sa\u00fade p\u00fablica de Cura\u00e7\u00e1 teria dois tempos e isso \u00e9 fato. Toda a popula\u00e7\u00e3o, incluindo as comunidades interioranas, enxergam a diferen\u00e7a do que \u00e9 hoje e o que era antes. Sa\u00fade, educa\u00e7\u00e3o e sal\u00e1rios em dia ser\u00e3o sempre nossa prioridade, mas na pr\u00f3xima gest\u00e3o, e isso est\u00e1 no nosso plano de governo, n\u00f3s iremos buscar recursos extras para reestruturar a nossa cidade, nosso munic\u00edpio e vamos incluir ainda mais o interior, refor\u00e7ando a aten\u00e7\u00e3o \u00e0 sa\u00fade e educa\u00e7\u00e3o, mas ampliando as a\u00e7\u00f5es nas \u00e1reas de saneamento e pavimenta\u00e7\u00e3o de ruas\u201d, destacou Pedro Oliveira.<\/div>\n<div><\/div>\n<div>A &#8220;onda Azul&#8221; de Pedro Oliveira, complementou o domingo com uma visita ao centro e ao bairro Jos\u00e9 Amancio Filho.<\/div>\n<div><\/div>\n<div>\u201cA receptividade com que temos sido recebido em todas as comunidades, do interior e da sede do munic\u00edpio, nos mostram que a popula\u00e7\u00e3o reconhece nosso esfor\u00e7o, isso nos deixa feliz e com a convic\u00e7\u00e3o de que fizemos muito, que temos muito ainda por fazer e que Cura\u00e7\u00e1 quer continuar avan\u00e7ando cada vez mais\u201d, finalizou.<\/div>\n<div><\/div>\n<div>Ascom De Novo, Com a For\u00e7a do Povo<\/div>\n","protected":false},"excerpt":{"rendered":"<p>O candidato \u00e0 reelei\u00e7\u00e3o Pedro Oliveira, foi recebido com entusiasmo e carinho pela popula\u00e7\u00e3o de Barro Vermelho, durante visitas que fez neste s\u00e1bado e domingo (8) \u00e0s comunidades. Acompanhado por lideran\u00e7as e candidatos a vereador que tem base nos distritos, o prefeito e candidato \u00e0 reelei\u00e7\u00e3o fez um porta a porta conversando com os moradores e ficou muito satisfeito com o n\u00edvel de aten\u00e7\u00e3o que recebeu da grande maioria da popula\u00e7\u00e3o local, que reconhece seu trabalho e aposta numa renova\u00e7\u00e3o do mandato. \u201cQuero deixar aqui o meu agradecimento a todos os moradores de Barro Vermelho e das Agrovilas pela receptividade e pelo apoio durante toda essa nossa caminhada. Vamos seguir juntos e cada vez mais compromissados em atender as demandas&hellip; <\/p>\n","protected":false},"author":1,"featured_media":271581,"comment_status":"closed","ping_status":"closed","sticky":false,"template":"","format":"standard","meta":{"_acf_changed":false,"footnotes":""},"categories":[34],"tags":[],"class_list":["post-271580","post","type-post","status-publish","format-standard","has-post-thumbnail","hentry","category-eleicoes"],"acf":[],"yoast_head":"<!-- This site is optimized with the Yoast SEO plugin v27.4 - https:\/\/yoast.com\/product\/yoast-seo-wordpress\/ -->\n<title>Elei\u00e7\u00f5es 2020: Em visita ao interior Pedro Oliveira foi recebido com entusiasmo pela popula\u00e7\u00e3o de Barro Vermelho e Agrovilas. - Blog do Farn\u00e9sio<\/title>\n<meta name=\"robots\" content=\"index, follow, max-snippet:-1, max-image-preview:large, max-video-preview:-1\" \/>\n<link rel=\"canonical\" href=\"https:\/\/blogdofarnesio.com.br\/?p=271580\" \/>\n<meta property=\"og:locale\" content=\"pt_BR\" \/>\n<meta property=\"og:type\" content=\"article\" \/>\n<meta property=\"og:title\" content=\"Elei\u00e7\u00f5es 2020: Em visita ao interior Pedro Oliveira foi recebido com entusiasmo pela popula\u00e7\u00e3o de Barro Vermelho e Agrovilas. - Blog do Farn\u00e9sio\" \/>\n<meta property=\"og:description\" content=\"O candidato \u00e0 reelei\u00e7\u00e3o Pedro Oliveira, foi recebido com entusiasmo e carinho pela popula\u00e7\u00e3o de Barro Vermelho, durante visitas que fez neste s\u00e1bado e domingo (8) \u00e0s comunidades. Acompanhado por lideran\u00e7as e candidatos a vereador que tem base nos distritos, o prefeito e candidato \u00e0 reelei\u00e7\u00e3o fez um porta a porta conversando com os moradores e ficou muito satisfeito com o n\u00edvel de aten\u00e7\u00e3o que recebeu da grande maioria da popula\u00e7\u00e3o local, que reconhece seu trabalho e aposta numa renova\u00e7\u00e3o do mandato. \u201cQuero deixar aqui o meu agradecimento a todos os moradores de Barro Vermelho e das Agrovilas pela receptividade e pelo apoio durante toda essa nossa caminhada. Vamos seguir juntos e cada vez mais compromissados em atender as demandas&hellip;\" \/>\n<meta property=\"og:url\" content=\"https:\/\/blogdofarnesio.com.br\/?p=271580\" \/>\n<meta property=\"og:site_name\" content=\"Blog do Farn\u00e9sio\" \/>\n<meta property=\"article:publisher\" content=\"https:\/\/www.facebook.com\/BlogQuerSaberPolitica\/\" \/>\n<meta property=\"article:published_time\" content=\"2020-11-10T13:42:05+00:00\" \/>\n<meta property=\"og:image\" content=\"https:\/\/blogdofarnesio.com.br\/wp-content\/uploads\/2020\/11\/blogqspcuraca-pedro-oliveira-e1604955221698.jpg\" \/>\n\t<meta property=\"og:image:width\" content=\"660\" \/>\n\t<meta property=\"og:image:height\" content=\"336\" \/>\n\t<meta property=\"og:image:type\" content=\"image\/jpeg\" \/>\n<meta name=\"author\" content=\"Farn\u00e9sio\" \/>\n<meta name=\"twitter:card\" content=\"summary_large_image\" \/>\n<meta name=\"twitter:label1\" content=\"Escrito por\" \/>\n\t<meta name=\"twitter:data1\" content=\"Farn\u00e9sio\" \/>\n\t<meta name=\"twitter:label2\" content=\"Est. tempo de leitura\" \/>\n\t<meta name=\"twitter:data2\" content=\"2 minutos\" \/>\n<script type=\"application\/ld+json\" class=\"yoast-schema-graph\">{\"@context\":\"https:\\\/\\\/schema.org\",\"@graph\":[{\"@type\":\"Article\",\"@id\":\"https:\\\/\\\/blogdofarnesio.com.br\\\/?p=271580#article\",\"isPartOf\":{\"@id\":\"https:\\\/\\\/blogdofarnesio.com.br\\\/?p=271580\"},\"author\":{\"name\":\"Farn\u00e9sio\",\"@id\":\"https:\\\/\\\/blogdofarnesio.com.br\\\/#\\\/schema\\\/person\\\/301c4acf522bccbfdb45af95b5b906a1\"},\"headline\":\"Elei\u00e7\u00f5es 2020: Em visita ao interior Pedro Oliveira foi recebido com entusiasmo pela popula\u00e7\u00e3o de Barro Vermelho e Agrovilas.\",\"datePublished\":\"2020-11-10T13:42:05+00:00\",\"mainEntityOfPage\":{\"@id\":\"https:\\\/\\\/blogdofarnesio.com.br\\\/?p=271580\"},\"wordCount\":452,\"publisher\":{\"@id\":\"https:\\\/\\\/blogdofarnesio.com.br\\\/#organization\"},\"image\":{\"@id\":\"https:\\\/\\\/blogdofarnesio.com.br\\\/?p=271580#primaryimage\"},\"thumbnailUrl\":\"https:\\\/\\\/blogdofarnesio.com.br\\\/wp-content\\\/uploads\\\/2020\\\/11\\\/blogqspcuraca-pedro-oliveira-e1604955221698.jpg\",\"articleSection\":[\"Elei\u00e7\u00f5es\"],\"inLanguage\":\"pt-BR\"},{\"@type\":\"WebPage\",\"@id\":\"https:\\\/\\\/blogdofarnesio.com.br\\\/?p=271580\",\"url\":\"https:\\\/\\\/blogdofarnesio.com.br\\\/?p=271580\",\"name\":\"Elei\u00e7\u00f5es 2020: Em visita ao interior Pedro Oliveira foi recebido com entusiasmo pela popula\u00e7\u00e3o de Barro Vermelho e Agrovilas. - Blog do Farn\u00e9sio\",\"isPartOf\":{\"@id\":\"https:\\\/\\\/blogdofarnesio.com.br\\\/#website\"},\"primaryImageOfPage\":{\"@id\":\"https:\\\/\\\/blogdofarnesio.com.br\\\/?p=271580#primaryimage\"},\"image\":{\"@id\":\"https:\\\/\\\/blogdofarnesio.com.br\\\/?p=271580#primaryimage\"},\"thumbnailUrl\":\"https:\\\/\\\/blogdofarnesio.com.br\\\/wp-content\\\/uploads\\\/2020\\\/11\\\/blogqspcuraca-pedro-oliveira-e1604955221698.jpg\",\"datePublished\":\"2020-11-10T13:42:05+00:00\",\"breadcrumb\":{\"@id\":\"https:\\\/\\\/blogdofarnesio.com.br\\\/?p=271580#breadcrumb\"},\"inLanguage\":\"pt-BR\",\"potentialAction\":[{\"@type\":\"ReadAction\",\"target\":[\"https:\\\/\\\/blogdofarnesio.com.br\\\/?p=271580\"]}]},{\"@type\":\"ImageObject\",\"inLanguage\":\"pt-BR\",\"@id\":\"https:\\\/\\\/blogdofarnesio.com.br\\\/?p=271580#primaryimage\",\"url\":\"https:\\\/\\\/blogdofarnesio.com.br\\\/wp-content\\\/uploads\\\/2020\\\/11\\\/blogqspcuraca-pedro-oliveira-e1604955221698.jpg\",\"contentUrl\":\"https:\\\/\\\/blogdofarnesio.com.br\\\/wp-content\\\/uploads\\\/2020\\\/11\\\/blogqspcuraca-pedro-oliveira-e1604955221698.jpg\",\"width\":660,\"height\":336},{\"@type\":\"BreadcrumbList\",\"@id\":\"https:\\\/\\\/blogdofarnesio.com.br\\\/?p=271580#breadcrumb\",\"itemListElement\":[{\"@type\":\"ListItem\",\"position\":1,\"name\":\"In\u00edcio\",\"item\":\"https:\\\/\\\/blogdofarnesio.com.br\\\/\"},{\"@type\":\"ListItem\",\"position\":2,\"name\":\"Elei\u00e7\u00f5es 2020: Em visita ao interior Pedro Oliveira foi recebido com entusiasmo pela popula\u00e7\u00e3o de Barro Vermelho e Agrovilas.\"}]},{\"@type\":\"WebSite\",\"@id\":\"https:\\\/\\\/blogdofarnesio.com.br\\\/#website\",\"url\":\"https:\\\/\\\/blogdofarnesio.com.br\\\/\",\"name\":\"Blog do Farn\u00e9sio\",\"description\":\"Quer Saber Pol\u00edtica?\",\"publisher\":{\"@id\":\"https:\\\/\\\/blogdofarnesio.com.br\\\/#organization\"},\"potentialAction\":[{\"@type\":\"SearchAction\",\"target\":{\"@type\":\"EntryPoint\",\"urlTemplate\":\"https:\\\/\\\/blogdofarnesio.com.br\\\/?s={search_term_string}\"},\"query-input\":{\"@type\":\"PropertyValueSpecification\",\"valueRequired\":true,\"valueName\":\"search_term_string\"}}],\"inLanguage\":\"pt-BR\"},{\"@type\":\"Organization\",\"@id\":\"https:\\\/\\\/blogdofarnesio.com.br\\\/#organization\",\"name\":\"Blog do Farn\u00e9sio\",\"url\":\"https:\\\/\\\/blogdofarnesio.com.br\\\/\",\"logo\":{\"@type\":\"ImageObject\",\"inLanguage\":\"pt-BR\",\"@id\":\"https:\\\/\\\/blogdofarnesio.com.br\\\/#\\\/schema\\\/logo\\\/image\\\/\",\"url\":\"https:\\\/\\\/blogdofarnesio.com.br\\\/wp-content\\\/uploads\\\/2026\\\/03\\\/cropped-logo_new-1.png\",\"contentUrl\":\"https:\\\/\\\/blogdofarnesio.com.br\\\/wp-content\\\/uploads\\\/2026\\\/03\\\/cropped-logo_new-1.png\",\"width\":881,\"height\":685,\"caption\":\"Blog do Farn\u00e9sio\"},\"image\":{\"@id\":\"https:\\\/\\\/blogdofarnesio.com.br\\\/#\\\/schema\\\/logo\\\/image\\\/\"},\"sameAs\":[\"https:\\\/\\\/www.facebook.com\\\/BlogQuerSaberPolitica\\\/\"]},{\"@type\":\"Person\",\"@id\":\"https:\\\/\\\/blogdofarnesio.com.br\\\/#\\\/schema\\\/person\\\/301c4acf522bccbfdb45af95b5b906a1\",\"name\":\"Farn\u00e9sio\",\"image\":{\"@type\":\"ImageObject\",\"inLanguage\":\"pt-BR\",\"@id\":\"https:\\\/\\\/secure.gravatar.com\\\/avatar\\\/df0c9a14567c056f8ad6876ba5bbd1e3e2c48023eb6807342fc4663adf549f38?s=96&d=mm&r=g\",\"url\":\"https:\\\/\\\/secure.gravatar.com\\\/avatar\\\/df0c9a14567c056f8ad6876ba5bbd1e3e2c48023eb6807342fc4663adf549f38?s=96&d=mm&r=g\",\"contentUrl\":\"https:\\\/\\\/secure.gravatar.com\\\/avatar\\\/df0c9a14567c056f8ad6876ba5bbd1e3e2c48023eb6807342fc4663adf549f38?s=96&d=mm&r=g\",\"caption\":\"Farn\u00e9sio\"},\"sameAs\":[\"https:\\\/\\\/quersaberpolitica.com.br\"],\"url\":\"https:\\\/\\\/blogdofarnesio.com.br\\\/?author=1\"}]}<\/script>\n<!-- \/ Yoast SEO plugin. -->","yoast_head_json":{"title":"Elei\u00e7\u00f5es 2020: Em visita ao interior Pedro Oliveira foi recebido com entusiasmo pela popula\u00e7\u00e3o de Barro Vermelho e Agrovilas. - Blog do Farn\u00e9sio","robots":{"index":"index","follow":"follow","max-snippet":"max-snippet:-1","max-image-preview":"max-image-preview:large","max-video-preview":"max-video-preview:-1"},"canonical":"https:\/\/blogdofarnesio.com.br\/?p=271580","og_locale":"pt_BR","og_type":"article","og_title":"Elei\u00e7\u00f5es 2020: Em visita ao interior Pedro Oliveira foi recebido com entusiasmo pela popula\u00e7\u00e3o de Barro Vermelho e Agrovilas. - Blog do Farn\u00e9sio","og_description":"O candidato \u00e0 reelei\u00e7\u00e3o Pedro Oliveira, foi recebido com entusiasmo e carinho pela popula\u00e7\u00e3o de Barro Vermelho, durante visitas que fez neste s\u00e1bado e domingo (8) \u00e0s comunidades. Acompanhado por lideran\u00e7as e candidatos a vereador que tem base nos distritos, o prefeito e candidato \u00e0 reelei\u00e7\u00e3o fez um porta a porta conversando com os moradores e ficou muito satisfeito com o n\u00edvel de aten\u00e7\u00e3o que recebeu da grande maioria da popula\u00e7\u00e3o local, que reconhece seu trabalho e aposta numa renova\u00e7\u00e3o do mandato. \u201cQuero deixar aqui o meu agradecimento a todos os moradores de Barro Vermelho e das Agrovilas pela receptividade e pelo apoio durante toda essa nossa caminhada. Vamos seguir juntos e cada vez mais compromissados em atender as demandas&hellip;","og_url":"https:\/\/blogdofarnesio.com.br\/?p=271580","og_site_name":"Blog do Farn\u00e9sio","article_publisher":"https:\/\/www.facebook.com\/BlogQuerSaberPolitica\/","article_published_time":"2020-11-10T13:42:05+00:00","og_image":[{"width":660,"height":336,"url":"https:\/\/blogdofarnesio.com.br\/wp-content\/uploads\/2020\/11\/blogqspcuraca-pedro-oliveira-e1604955221698.jpg","type":"image\/jpeg"}],"author":"Farn\u00e9sio","twitter_card":"summary_large_image","twitter_misc":{"Escrito por":"Farn\u00e9sio","Est. tempo de leitura":"2 minutos"},"schema":{"@context":"https:\/\/schema.org","@graph":[{"@type":"Article","@id":"https:\/\/blogdofarnesio.com.br\/?p=271580#article","isPartOf":{"@id":"https:\/\/blogdofarnesio.com.br\/?p=271580"},"author":{"name":"Farn\u00e9sio","@id":"https:\/\/blogdofarnesio.com.br\/#\/schema\/person\/301c4acf522bccbfdb45af95b5b906a1"},"headline":"Elei\u00e7\u00f5es 2020: Em visita ao interior Pedro Oliveira foi recebido com entusiasmo pela popula\u00e7\u00e3o de Barro Vermelho e Agrovilas.","datePublished":"2020-11-10T13:42:05+00:00","mainEntityOfPage":{"@id":"https:\/\/blogdofarnesio.com.br\/?p=271580"},"wordCount":452,"publisher":{"@id":"https:\/\/blogdofarnesio.com.br\/#organization"},"image":{"@id":"https:\/\/blogdofarnesio.com.br\/?p=271580#primaryimage"},"thumbnailUrl":"https:\/\/blogdofarnesio.com.br\/wp-content\/uploads\/2020\/11\/blogqspcuraca-pedro-oliveira-e1604955221698.jpg","articleSection":["Elei\u00e7\u00f5es"],"inLanguage":"pt-BR"},{"@type":"WebPage","@id":"https:\/\/blogdofarnesio.com.br\/?p=271580","url":"https:\/\/blogdofarnesio.com.br\/?p=271580","name":"Elei\u00e7\u00f5es 2020: Em visita ao interior Pedro Oliveira foi recebido com entusiasmo pela popula\u00e7\u00e3o de Barro Vermelho e Agrovilas. - Blog do Farn\u00e9sio","isPartOf":{"@id":"https:\/\/blogdofarnesio.com.br\/#website"},"primaryImageOfPage":{"@id":"https:\/\/blogdofarnesio.com.br\/?p=271580#primaryimage"},"image":{"@id":"https:\/\/blogdofarnesio.com.br\/?p=271580#primaryimage"},"thumbnailUrl":"https:\/\/blogdofarnesio.com.br\/wp-content\/uploads\/2020\/11\/blogqspcuraca-pedro-oliveira-e1604955221698.jpg","datePublished":"2020-11-10T13:42:05+00:00","breadcrumb":{"@id":"https:\/\/blogdofarnesio.com.br\/?p=271580#breadcrumb"},"inLanguage":"pt-BR","potentialAction":[{"@type":"ReadAction","target":["https:\/\/blogdofarnesio.com.br\/?p=271580"]}]},{"@type":"ImageObject","inLanguage":"pt-BR","@id":"https:\/\/blogdofarnesio.com.br\/?p=271580#primaryimage","url":"https:\/\/blogdofarnesio.com.br\/wp-content\/uploads\/2020\/11\/blogqspcuraca-pedro-oliveira-e1604955221698.jpg","contentUrl":"https:\/\/blogdofarnesio.com.br\/wp-content\/uploads\/2020\/11\/blogqspcuraca-pedro-oliveira-e1604955221698.jpg","width":660,"height":336},{"@type":"BreadcrumbList","@id":"https:\/\/blogdofarnesio.com.br\/?p=271580#breadcrumb","itemListElement":[{"@type":"ListItem","position":1,"name":"In\u00edcio","item":"https:\/\/blogdofarnesio.com.br\/"},{"@type":"ListItem","position":2,"name":"Elei\u00e7\u00f5es 2020: Em visita ao interior Pedro Oliveira foi recebido com entusiasmo pela popula\u00e7\u00e3o de Barro Vermelho e Agrovilas."}]},{"@type":"WebSite","@id":"https:\/\/blogdofarnesio.com.br\/#website","url":"https:\/\/blogdofarnesio.com.br\/","name":"Blog do Farn\u00e9sio","description":"Quer Saber Pol\u00edtica?","publisher":{"@id":"https:\/\/blogdofarnesio.com.br\/#organization"},"potentialAction":[{"@type":"SearchAction","target":{"@type":"EntryPoint","urlTemplate":"https:\/\/blogdofarnesio.com.br\/?s={search_term_string}"},"query-input":{"@type":"PropertyValueSpecification","valueRequired":true,"valueName":"search_term_string"}}],"inLanguage":"pt-BR"},{"@type":"Organization","@id":"https:\/\/blogdofarnesio.com.br\/#organization","name":"Blog do Farn\u00e9sio","url":"https:\/\/blogdofarnesio.com.br\/","logo":{"@type":"ImageObject","inLanguage":"pt-BR","@id":"https:\/\/blogdofarnesio.com.br\/#\/schema\/logo\/image\/","url":"https:\/\/blogdofarnesio.com.br\/wp-content\/uploads\/2026\/03\/cropped-logo_new-1.png","contentUrl":"https:\/\/blogdofarnesio.com.br\/wp-content\/uploads\/2026\/03\/cropped-logo_new-1.png","width":881,"height":685,"caption":"Blog do Farn\u00e9sio"},"image":{"@id":"https:\/\/blogdofarnesio.com.br\/#\/schema\/logo\/image\/"},"sameAs":["https:\/\/www.facebook.com\/BlogQuerSaberPolitica\/"]},{"@type":"Person","@id":"https:\/\/blogdofarnesio.com.br\/#\/schema\/person\/301c4acf522bccbfdb45af95b5b906a1","name":"Farn\u00e9sio","image":{"@type":"ImageObject","inLanguage":"pt-BR","@id":"https:\/\/secure.gravatar.com\/avatar\/df0c9a14567c056f8ad6876ba5bbd1e3e2c48023eb6807342fc4663adf549f38?s=96&d=mm&r=g","url":"https:\/\/secure.gravatar.com\/avatar\/df0c9a14567c056f8ad6876ba5bbd1e3e2c48023eb6807342fc4663adf549f38?s=96&d=mm&r=g","contentUrl":"https:\/\/secure.gravatar.com\/avatar\/df0c9a14567c056f8ad6876ba5bbd1e3e2c48023eb6807342fc4663adf549f38?s=96&d=mm&r=g","caption":"Farn\u00e9sio"},"sameAs":["https:\/\/quersaberpolitica.com.br"],"url":"https:\/\/blogdofarnesio.com.br\/?author=1"}]}},"_links":{"self":[{"href":"https:\/\/blogdofarnesio.com.br\/index.php?rest_route=\/wp\/v2\/posts\/271580","targetHints":{"allow":["GET"]}}],"collection":[{"href":"https:\/\/blogdofarnesio.com.br\/index.php?rest_route=\/wp\/v2\/posts"}],"about":[{"href":"https:\/\/blogdofarnesio.com.br\/index.php?rest_route=\/wp\/v2\/types\/post"}],"author":[{"embeddable":true,"href":"https:\/\/blogdofarnesio.com.br\/index.php?rest_route=\/wp\/v2\/users\/1"}],"replies":[{"embeddable":true,"href":"https:\/\/blogdofarnesio.com.br\/index.php?rest_route=%2Fwp%2Fv2%2Fcomments&post=271580"}],"version-history":[{"count":0,"href":"https:\/\/blogdofarnesio.com.br\/index.php?rest_route=\/wp\/v2\/posts\/271580\/revisions"}],"wp:featuredmedia":[{"embeddable":true,"href":"https:\/\/blogdofarnesio.com.br\/index.php?rest_route=\/wp\/v2\/media\/271581"}],"wp:attachment":[{"href":"https:\/\/blogdofarnesio.com.br\/index.php?rest_route=%2Fwp%2Fv2%2Fmedia&parent=271580"}],"wp:term":[{"taxonomy":"category","embeddable":true,"href":"https:\/\/blogdofarnesio.com.br\/index.php?rest_route=%2Fwp%2Fv2%2Fcategories&post=271580"},{"taxonomy":"post_tag","embeddable":true,"href":"https:\/\/blogdofarnesio.com.br\/index.php?rest_route=%2Fwp%2Fv2%2Ftags&post=271580"}],"curies":[{"name":"wp","href":"https:\/\/api.w.org\/{rel}","templated":true}]}}