{"id":271557,"date":"2020-11-10T09:00:34","date_gmt":"2020-11-10T12:00:34","guid":{"rendered":"http:\/\/quersaberpolitica.com.br\/2016\/?p=271557"},"modified":"2020-11-09T13:51:30","modified_gmt":"2020-11-09T16:51:30","slug":"ponto-novo-candidato-a-prefeito-que-teve-carro-atingido-por-tiros-presta-depoimento-hoje-10","status":"publish","type":"post","link":"https:\/\/blogdofarnesio.com.br\/?p=271557","title":{"rendered":"Ponto Novo: Candidato a prefeito que teve carro atingido por tiros presta depoimento hoje (10)"},"content":{"rendered":"<p>Um candidato a prefeito em Ponto Novo, no Piemonte Norte do Itapicuru, vai ser ouvido nesta ter\u00e7a-feira (10) pela delegacia da cidade. \u00c9 que na noite do \u00faltimo s\u00e1bado (7) Thiago Gilleno (PSD) teve o carro atingido por tiros quando dirigia o ve\u00edculo pela zona rural da cidade. Gilleno sofreu ferimentos leves.<\/p>\n<p>Neste domingo (8), ele apareceu com o bra\u00e7o imobilizado. Em v\u00eddeo postado nas redes sociais, o m\u00e9dico considerou\u00a0o fato como atentado e disse que\u00a0tem sofrido amea\u00e7as de morte nos \u00faltimos 15 dias, ordenando que ele desista da candidatura.<\/p>\n<p>Ainda n\u00e3o se sabe se o ato\u00a0foi feito por algum opositor. O prefeito da cidade, Tiago Ven\u00e2ncio (PT), que concorre \u00e0 reelei\u00e7\u00e3o, tamb\u00e9 fez um video\u00a0afirmando que n\u00e3o tem nenhuma rela\u00e7\u00e3o com o caso. Ven\u00e2ncio pediu que o fato seja apurado pela pol\u00edcia e pelo Minist\u00e9rio P\u00fablico Eleitoral. O gestor disse que nunca se viu fato semelhante nas elei\u00e7\u00f5es da cidade.<\/p>\n<p>Em nota enviada ao Bahia Not\u00edcias, a Pol\u00edcia Civil do Estado declarou que o advogado de Gilleno esteve em uma delegacia de Senhor do Bonfim \u2013 que responde pelo registro de casos nos fins de semana em Ponto Novo \u2013 informando que o cliente havia sofrido uma tentativa de homic\u00eddio. A delegacia expediu guia para per\u00edcia do carro, como parte da apura\u00e7\u00e3o do caso.<\/p>\n","protected":false},"excerpt":{"rendered":"<p>Um candidato a prefeito em Ponto Novo, no Piemonte Norte do Itapicuru, vai ser ouvido nesta ter\u00e7a-feira (10) pela delegacia da cidade. \u00c9 que na noite do \u00faltimo s\u00e1bado (7) Thiago Gilleno (PSD) teve o carro atingido por tiros quando dirigia o ve\u00edculo pela zona rural da cidade. Gilleno sofreu ferimentos leves. Neste domingo (8), ele apareceu com o bra\u00e7o imobilizado. Em v\u00eddeo postado nas redes sociais, o m\u00e9dico considerou\u00a0o fato como atentado e disse que\u00a0tem sofrido amea\u00e7as de morte nos \u00faltimos 15 dias, ordenando que ele desista da candidatura. Ainda n\u00e3o se sabe se o ato\u00a0foi feito por algum opositor. O prefeito da cidade, Tiago Ven\u00e2ncio (PT), que concorre \u00e0 reelei\u00e7\u00e3o, tamb\u00e9 fez um video\u00a0afirmando que n\u00e3o tem nenhuma&hellip; <\/p>\n","protected":false},"author":1,"featured_media":271558,"comment_status":"closed","ping_status":"closed","sticky":false,"template":"","format":"standard","meta":{"_acf_changed":false,"footnotes":""},"categories":[27],"tags":[],"class_list":["post-271557","post","type-post","status-publish","format-standard","has-post-thumbnail","hentry","category-cidades"],"acf":[],"yoast_head":"<!-- This site is optimized with the Yoast SEO plugin v27.4 - https:\/\/yoast.com\/product\/yoast-seo-wordpress\/ -->\n<title>Ponto Novo: Candidato a prefeito que teve carro atingido por tiros presta depoimento hoje (10) - Blog do Farn\u00e9sio<\/title>\n<meta name=\"robots\" content=\"index, follow, max-snippet:-1, max-image-preview:large, max-video-preview:-1\" \/>\n<link rel=\"canonical\" href=\"https:\/\/blogdofarnesio.com.br\/?p=271557\" \/>\n<meta property=\"og:locale\" content=\"pt_BR\" \/>\n<meta property=\"og:type\" content=\"article\" \/>\n<meta property=\"og:title\" content=\"Ponto Novo: Candidato a prefeito que teve carro atingido por tiros presta depoimento hoje (10) - Blog do Farn\u00e9sio\" \/>\n<meta property=\"og:description\" content=\"Um candidato a prefeito em Ponto Novo, no Piemonte Norte do Itapicuru, vai ser ouvido nesta ter\u00e7a-feira (10) pela delegacia da cidade. \u00c9 que na noite do \u00faltimo s\u00e1bado (7) Thiago Gilleno (PSD) teve o carro atingido por tiros quando dirigia o ve\u00edculo pela zona rural da cidade. Gilleno sofreu ferimentos leves. Neste domingo (8), ele apareceu com o bra\u00e7o imobilizado. Em v\u00eddeo postado nas redes sociais, o m\u00e9dico considerou\u00a0o fato como atentado e disse que\u00a0tem sofrido amea\u00e7as de morte nos \u00faltimos 15 dias, ordenando que ele desista da candidatura. Ainda n\u00e3o se sabe se o ato\u00a0foi feito por algum opositor. O prefeito da cidade, Tiago Ven\u00e2ncio (PT), que concorre \u00e0 reelei\u00e7\u00e3o, tamb\u00e9 fez um video\u00a0afirmando que n\u00e3o tem nenhuma&hellip;\" \/>\n<meta property=\"og:url\" content=\"https:\/\/blogdofarnesio.com.br\/?p=271557\" \/>\n<meta property=\"og:site_name\" content=\"Blog do Farn\u00e9sio\" \/>\n<meta property=\"article:publisher\" content=\"https:\/\/www.facebook.com\/BlogQuerSaberPolitica\/\" \/>\n<meta property=\"article:published_time\" content=\"2020-11-10T12:00:34+00:00\" \/>\n<meta property=\"og:image\" content=\"https:\/\/blogdofarnesio.com.br\/wp-content\/uploads\/2020\/11\/blogqsppontonovo-Thiago-Gilberto.jpg\" \/>\n\t<meta property=\"og:image:width\" content=\"380\" \/>\n\t<meta property=\"og:image:height\" content=\"280\" \/>\n\t<meta property=\"og:image:type\" content=\"image\/jpeg\" \/>\n<meta name=\"author\" content=\"Farn\u00e9sio\" \/>\n<meta name=\"twitter:card\" content=\"summary_large_image\" \/>\n<meta name=\"twitter:label1\" content=\"Escrito por\" \/>\n\t<meta name=\"twitter:data1\" content=\"Farn\u00e9sio\" \/>\n\t<meta name=\"twitter:label2\" content=\"Est. tempo de leitura\" \/>\n\t<meta name=\"twitter:data2\" content=\"1 minuto\" \/>\n<script type=\"application\/ld+json\" class=\"yoast-schema-graph\">{\"@context\":\"https:\\\/\\\/schema.org\",\"@graph\":[{\"@type\":\"Article\",\"@id\":\"https:\\\/\\\/blogdofarnesio.com.br\\\/?p=271557#article\",\"isPartOf\":{\"@id\":\"https:\\\/\\\/blogdofarnesio.com.br\\\/?p=271557\"},\"author\":{\"name\":\"Farn\u00e9sio\",\"@id\":\"https:\\\/\\\/blogdofarnesio.com.br\\\/#\\\/schema\\\/person\\\/301c4acf522bccbfdb45af95b5b906a1\"},\"headline\":\"Ponto Novo: Candidato a prefeito que teve carro atingido por tiros presta depoimento hoje (10)\",\"datePublished\":\"2020-11-10T12:00:34+00:00\",\"mainEntityOfPage\":{\"@id\":\"https:\\\/\\\/blogdofarnesio.com.br\\\/?p=271557\"},\"wordCount\":247,\"publisher\":{\"@id\":\"https:\\\/\\\/blogdofarnesio.com.br\\\/#organization\"},\"image\":{\"@id\":\"https:\\\/\\\/blogdofarnesio.com.br\\\/?p=271557#primaryimage\"},\"thumbnailUrl\":\"https:\\\/\\\/blogdofarnesio.com.br\\\/wp-content\\\/uploads\\\/2020\\\/11\\\/blogqsppontonovo-Thiago-Gilberto.jpg\",\"articleSection\":[\"Cidades\"],\"inLanguage\":\"pt-BR\"},{\"@type\":\"WebPage\",\"@id\":\"https:\\\/\\\/blogdofarnesio.com.br\\\/?p=271557\",\"url\":\"https:\\\/\\\/blogdofarnesio.com.br\\\/?p=271557\",\"name\":\"Ponto Novo: Candidato a prefeito que teve carro atingido por tiros presta depoimento hoje (10) - Blog do Farn\u00e9sio\",\"isPartOf\":{\"@id\":\"https:\\\/\\\/blogdofarnesio.com.br\\\/#website\"},\"primaryImageOfPage\":{\"@id\":\"https:\\\/\\\/blogdofarnesio.com.br\\\/?p=271557#primaryimage\"},\"image\":{\"@id\":\"https:\\\/\\\/blogdofarnesio.com.br\\\/?p=271557#primaryimage\"},\"thumbnailUrl\":\"https:\\\/\\\/blogdofarnesio.com.br\\\/wp-content\\\/uploads\\\/2020\\\/11\\\/blogqsppontonovo-Thiago-Gilberto.jpg\",\"datePublished\":\"2020-11-10T12:00:34+00:00\",\"breadcrumb\":{\"@id\":\"https:\\\/\\\/blogdofarnesio.com.br\\\/?p=271557#breadcrumb\"},\"inLanguage\":\"pt-BR\",\"potentialAction\":[{\"@type\":\"ReadAction\",\"target\":[\"https:\\\/\\\/blogdofarnesio.com.br\\\/?p=271557\"]}]},{\"@type\":\"ImageObject\",\"inLanguage\":\"pt-BR\",\"@id\":\"https:\\\/\\\/blogdofarnesio.com.br\\\/?p=271557#primaryimage\",\"url\":\"https:\\\/\\\/blogdofarnesio.com.br\\\/wp-content\\\/uploads\\\/2020\\\/11\\\/blogqsppontonovo-Thiago-Gilberto.jpg\",\"contentUrl\":\"https:\\\/\\\/blogdofarnesio.com.br\\\/wp-content\\\/uploads\\\/2020\\\/11\\\/blogqsppontonovo-Thiago-Gilberto.jpg\",\"width\":380,\"height\":280},{\"@type\":\"BreadcrumbList\",\"@id\":\"https:\\\/\\\/blogdofarnesio.com.br\\\/?p=271557#breadcrumb\",\"itemListElement\":[{\"@type\":\"ListItem\",\"position\":1,\"name\":\"In\u00edcio\",\"item\":\"https:\\\/\\\/blogdofarnesio.com.br\\\/\"},{\"@type\":\"ListItem\",\"position\":2,\"name\":\"Ponto Novo: Candidato a prefeito que teve carro atingido por tiros presta depoimento hoje (10)\"}]},{\"@type\":\"WebSite\",\"@id\":\"https:\\\/\\\/blogdofarnesio.com.br\\\/#website\",\"url\":\"https:\\\/\\\/blogdofarnesio.com.br\\\/\",\"name\":\"Blog do Farn\u00e9sio\",\"description\":\"Quer Saber Pol\u00edtica?\",\"publisher\":{\"@id\":\"https:\\\/\\\/blogdofarnesio.com.br\\\/#organization\"},\"potentialAction\":[{\"@type\":\"SearchAction\",\"target\":{\"@type\":\"EntryPoint\",\"urlTemplate\":\"https:\\\/\\\/blogdofarnesio.com.br\\\/?s={search_term_string}\"},\"query-input\":{\"@type\":\"PropertyValueSpecification\",\"valueRequired\":true,\"valueName\":\"search_term_string\"}}],\"inLanguage\":\"pt-BR\"},{\"@type\":\"Organization\",\"@id\":\"https:\\\/\\\/blogdofarnesio.com.br\\\/#organization\",\"name\":\"Blog do Farn\u00e9sio\",\"url\":\"https:\\\/\\\/blogdofarnesio.com.br\\\/\",\"logo\":{\"@type\":\"ImageObject\",\"inLanguage\":\"pt-BR\",\"@id\":\"https:\\\/\\\/blogdofarnesio.com.br\\\/#\\\/schema\\\/logo\\\/image\\\/\",\"url\":\"https:\\\/\\\/blogdofarnesio.com.br\\\/wp-content\\\/uploads\\\/2026\\\/03\\\/cropped-logo_new-1.png\",\"contentUrl\":\"https:\\\/\\\/blogdofarnesio.com.br\\\/wp-content\\\/uploads\\\/2026\\\/03\\\/cropped-logo_new-1.png\",\"width\":881,\"height\":685,\"caption\":\"Blog do Farn\u00e9sio\"},\"image\":{\"@id\":\"https:\\\/\\\/blogdofarnesio.com.br\\\/#\\\/schema\\\/logo\\\/image\\\/\"},\"sameAs\":[\"https:\\\/\\\/www.facebook.com\\\/BlogQuerSaberPolitica\\\/\"]},{\"@type\":\"Person\",\"@id\":\"https:\\\/\\\/blogdofarnesio.com.br\\\/#\\\/schema\\\/person\\\/301c4acf522bccbfdb45af95b5b906a1\",\"name\":\"Farn\u00e9sio\",\"image\":{\"@type\":\"ImageObject\",\"inLanguage\":\"pt-BR\",\"@id\":\"https:\\\/\\\/secure.gravatar.com\\\/avatar\\\/df0c9a14567c056f8ad6876ba5bbd1e3e2c48023eb6807342fc4663adf549f38?s=96&d=mm&r=g\",\"url\":\"https:\\\/\\\/secure.gravatar.com\\\/avatar\\\/df0c9a14567c056f8ad6876ba5bbd1e3e2c48023eb6807342fc4663adf549f38?s=96&d=mm&r=g\",\"contentUrl\":\"https:\\\/\\\/secure.gravatar.com\\\/avatar\\\/df0c9a14567c056f8ad6876ba5bbd1e3e2c48023eb6807342fc4663adf549f38?s=96&d=mm&r=g\",\"caption\":\"Farn\u00e9sio\"},\"sameAs\":[\"https:\\\/\\\/quersaberpolitica.com.br\"],\"url\":\"https:\\\/\\\/blogdofarnesio.com.br\\\/?author=1\"}]}<\/script>\n<!-- \/ Yoast SEO plugin. -->","yoast_head_json":{"title":"Ponto Novo: Candidato a prefeito que teve carro atingido por tiros presta depoimento hoje (10) - Blog do Farn\u00e9sio","robots":{"index":"index","follow":"follow","max-snippet":"max-snippet:-1","max-image-preview":"max-image-preview:large","max-video-preview":"max-video-preview:-1"},"canonical":"https:\/\/blogdofarnesio.com.br\/?p=271557","og_locale":"pt_BR","og_type":"article","og_title":"Ponto Novo: Candidato a prefeito que teve carro atingido por tiros presta depoimento hoje (10) - Blog do Farn\u00e9sio","og_description":"Um candidato a prefeito em Ponto Novo, no Piemonte Norte do Itapicuru, vai ser ouvido nesta ter\u00e7a-feira (10) pela delegacia da cidade. \u00c9 que na noite do \u00faltimo s\u00e1bado (7) Thiago Gilleno (PSD) teve o carro atingido por tiros quando dirigia o ve\u00edculo pela zona rural da cidade. Gilleno sofreu ferimentos leves. Neste domingo (8), ele apareceu com o bra\u00e7o imobilizado. Em v\u00eddeo postado nas redes sociais, o m\u00e9dico considerou\u00a0o fato como atentado e disse que\u00a0tem sofrido amea\u00e7as de morte nos \u00faltimos 15 dias, ordenando que ele desista da candidatura. Ainda n\u00e3o se sabe se o ato\u00a0foi feito por algum opositor. O prefeito da cidade, Tiago Ven\u00e2ncio (PT), que concorre \u00e0 reelei\u00e7\u00e3o, tamb\u00e9 fez um video\u00a0afirmando que n\u00e3o tem nenhuma&hellip;","og_url":"https:\/\/blogdofarnesio.com.br\/?p=271557","og_site_name":"Blog do Farn\u00e9sio","article_publisher":"https:\/\/www.facebook.com\/BlogQuerSaberPolitica\/","article_published_time":"2020-11-10T12:00:34+00:00","og_image":[{"width":380,"height":280,"url":"https:\/\/blogdofarnesio.com.br\/wp-content\/uploads\/2020\/11\/blogqsppontonovo-Thiago-Gilberto.jpg","type":"image\/jpeg"}],"author":"Farn\u00e9sio","twitter_card":"summary_large_image","twitter_misc":{"Escrito por":"Farn\u00e9sio","Est. tempo de leitura":"1 minuto"},"schema":{"@context":"https:\/\/schema.org","@graph":[{"@type":"Article","@id":"https:\/\/blogdofarnesio.com.br\/?p=271557#article","isPartOf":{"@id":"https:\/\/blogdofarnesio.com.br\/?p=271557"},"author":{"name":"Farn\u00e9sio","@id":"https:\/\/blogdofarnesio.com.br\/#\/schema\/person\/301c4acf522bccbfdb45af95b5b906a1"},"headline":"Ponto Novo: Candidato a prefeito que teve carro atingido por tiros presta depoimento hoje (10)","datePublished":"2020-11-10T12:00:34+00:00","mainEntityOfPage":{"@id":"https:\/\/blogdofarnesio.com.br\/?p=271557"},"wordCount":247,"publisher":{"@id":"https:\/\/blogdofarnesio.com.br\/#organization"},"image":{"@id":"https:\/\/blogdofarnesio.com.br\/?p=271557#primaryimage"},"thumbnailUrl":"https:\/\/blogdofarnesio.com.br\/wp-content\/uploads\/2020\/11\/blogqsppontonovo-Thiago-Gilberto.jpg","articleSection":["Cidades"],"inLanguage":"pt-BR"},{"@type":"WebPage","@id":"https:\/\/blogdofarnesio.com.br\/?p=271557","url":"https:\/\/blogdofarnesio.com.br\/?p=271557","name":"Ponto Novo: Candidato a prefeito que teve carro atingido por tiros presta depoimento hoje (10) - Blog do Farn\u00e9sio","isPartOf":{"@id":"https:\/\/blogdofarnesio.com.br\/#website"},"primaryImageOfPage":{"@id":"https:\/\/blogdofarnesio.com.br\/?p=271557#primaryimage"},"image":{"@id":"https:\/\/blogdofarnesio.com.br\/?p=271557#primaryimage"},"thumbnailUrl":"https:\/\/blogdofarnesio.com.br\/wp-content\/uploads\/2020\/11\/blogqsppontonovo-Thiago-Gilberto.jpg","datePublished":"2020-11-10T12:00:34+00:00","breadcrumb":{"@id":"https:\/\/blogdofarnesio.com.br\/?p=271557#breadcrumb"},"inLanguage":"pt-BR","potentialAction":[{"@type":"ReadAction","target":["https:\/\/blogdofarnesio.com.br\/?p=271557"]}]},{"@type":"ImageObject","inLanguage":"pt-BR","@id":"https:\/\/blogdofarnesio.com.br\/?p=271557#primaryimage","url":"https:\/\/blogdofarnesio.com.br\/wp-content\/uploads\/2020\/11\/blogqsppontonovo-Thiago-Gilberto.jpg","contentUrl":"https:\/\/blogdofarnesio.com.br\/wp-content\/uploads\/2020\/11\/blogqsppontonovo-Thiago-Gilberto.jpg","width":380,"height":280},{"@type":"BreadcrumbList","@id":"https:\/\/blogdofarnesio.com.br\/?p=271557#breadcrumb","itemListElement":[{"@type":"ListItem","position":1,"name":"In\u00edcio","item":"https:\/\/blogdofarnesio.com.br\/"},{"@type":"ListItem","position":2,"name":"Ponto Novo: Candidato a prefeito que teve carro atingido por tiros presta depoimento hoje (10)"}]},{"@type":"WebSite","@id":"https:\/\/blogdofarnesio.com.br\/#website","url":"https:\/\/blogdofarnesio.com.br\/","name":"Blog do Farn\u00e9sio","description":"Quer Saber Pol\u00edtica?","publisher":{"@id":"https:\/\/blogdofarnesio.com.br\/#organization"},"potentialAction":[{"@type":"SearchAction","target":{"@type":"EntryPoint","urlTemplate":"https:\/\/blogdofarnesio.com.br\/?s={search_term_string}"},"query-input":{"@type":"PropertyValueSpecification","valueRequired":true,"valueName":"search_term_string"}}],"inLanguage":"pt-BR"},{"@type":"Organization","@id":"https:\/\/blogdofarnesio.com.br\/#organization","name":"Blog do Farn\u00e9sio","url":"https:\/\/blogdofarnesio.com.br\/","logo":{"@type":"ImageObject","inLanguage":"pt-BR","@id":"https:\/\/blogdofarnesio.com.br\/#\/schema\/logo\/image\/","url":"https:\/\/blogdofarnesio.com.br\/wp-content\/uploads\/2026\/03\/cropped-logo_new-1.png","contentUrl":"https:\/\/blogdofarnesio.com.br\/wp-content\/uploads\/2026\/03\/cropped-logo_new-1.png","width":881,"height":685,"caption":"Blog do Farn\u00e9sio"},"image":{"@id":"https:\/\/blogdofarnesio.com.br\/#\/schema\/logo\/image\/"},"sameAs":["https:\/\/www.facebook.com\/BlogQuerSaberPolitica\/"]},{"@type":"Person","@id":"https:\/\/blogdofarnesio.com.br\/#\/schema\/person\/301c4acf522bccbfdb45af95b5b906a1","name":"Farn\u00e9sio","image":{"@type":"ImageObject","inLanguage":"pt-BR","@id":"https:\/\/secure.gravatar.com\/avatar\/df0c9a14567c056f8ad6876ba5bbd1e3e2c48023eb6807342fc4663adf549f38?s=96&d=mm&r=g","url":"https:\/\/secure.gravatar.com\/avatar\/df0c9a14567c056f8ad6876ba5bbd1e3e2c48023eb6807342fc4663adf549f38?s=96&d=mm&r=g","contentUrl":"https:\/\/secure.gravatar.com\/avatar\/df0c9a14567c056f8ad6876ba5bbd1e3e2c48023eb6807342fc4663adf549f38?s=96&d=mm&r=g","caption":"Farn\u00e9sio"},"sameAs":["https:\/\/quersaberpolitica.com.br"],"url":"https:\/\/blogdofarnesio.com.br\/?author=1"}]}},"_links":{"self":[{"href":"https:\/\/blogdofarnesio.com.br\/index.php?rest_route=\/wp\/v2\/posts\/271557","targetHints":{"allow":["GET"]}}],"collection":[{"href":"https:\/\/blogdofarnesio.com.br\/index.php?rest_route=\/wp\/v2\/posts"}],"about":[{"href":"https:\/\/blogdofarnesio.com.br\/index.php?rest_route=\/wp\/v2\/types\/post"}],"author":[{"embeddable":true,"href":"https:\/\/blogdofarnesio.com.br\/index.php?rest_route=\/wp\/v2\/users\/1"}],"replies":[{"embeddable":true,"href":"https:\/\/blogdofarnesio.com.br\/index.php?rest_route=%2Fwp%2Fv2%2Fcomments&post=271557"}],"version-history":[{"count":0,"href":"https:\/\/blogdofarnesio.com.br\/index.php?rest_route=\/wp\/v2\/posts\/271557\/revisions"}],"wp:featuredmedia":[{"embeddable":true,"href":"https:\/\/blogdofarnesio.com.br\/index.php?rest_route=\/wp\/v2\/media\/271558"}],"wp:attachment":[{"href":"https:\/\/blogdofarnesio.com.br\/index.php?rest_route=%2Fwp%2Fv2%2Fmedia&parent=271557"}],"wp:term":[{"taxonomy":"category","embeddable":true,"href":"https:\/\/blogdofarnesio.com.br\/index.php?rest_route=%2Fwp%2Fv2%2Fcategories&post=271557"},{"taxonomy":"post_tag","embeddable":true,"href":"https:\/\/blogdofarnesio.com.br\/index.php?rest_route=%2Fwp%2Fv2%2Ftags&post=271557"}],"curies":[{"name":"wp","href":"https:\/\/api.w.org\/{rel}","templated":true}]}}