{"id":271548,"date":"2020-11-09T10:42:58","date_gmt":"2020-11-09T13:42:58","guid":{"rendered":"http:\/\/quersaberpolitica.com.br\/2016\/?p=271548"},"modified":"2020-11-09T10:41:18","modified_gmt":"2020-11-09T13:41:18","slug":"eleicoes-2020-pimentel-lidera-com-frente-de-7-pontos-em-araripina","status":"publish","type":"post","link":"https:\/\/blogdofarnesio.com.br\/?p=271548","title":{"rendered":"Elei\u00e7\u00f5es 2020: Pimentel lidera com frente de 7 pontos em Araripina"},"content":{"rendered":"<p>O levantamento do Instituto Opini\u00e3o, encomendado por este blogdomagno, sobre a disputa \u00e0 Prefeitura de Araripina, no Sert\u00e3o do Araripe, aponta que o prefeito Raimundo Pimentel (PSL) tem amplas chances de emplacar um novo mandato. Faltando lidera seis dias para as elei\u00e7\u00f5es, ele lidera com 48,2% das inten\u00e7\u00f5es de voto, abrindo uma frente de 7,3 pontos para o advers\u00e1rio Ti\u00e3o do Gesso, do Solidariedade, que aparece com 40,9%. Brancos e nulos somam 2,3% e os indecisos chegam a 8,6%.<\/p>\n<p>Na consulta espont\u00e2nea, em que o entrevistado precisa lembrar o candidato sem o aux\u00edlio do disco com todos os nomes, Pimentel tamb\u00e9m lidera com 44,3%, enquanto Ti\u00e3o foi mencionado por 38,3%. Os indecisos chegam a 15,1% e brancos e nulos s\u00e3o 2,3%.<\/p>\n<p>A pesquisa tamb\u00e9m trouxe a opini\u00e3o dos eleitores sobre os dois prefeitur\u00e1veis e a possibilidade de votar em um deles. Sobre Pimentel, 42,2% responderam que com certeza votariam nele, enquanto 18,9% afirmaram que poderiam votar. J\u00e1 34% n\u00e3o votariam no postulante do PSL e 2,9% disseram que n\u00e3o o conhecem. Entre o eleitorado, apenas 2% n\u00e3o responderam.<\/p>\n<p>Quando a pergunta \u00e9 sobre Ti\u00e3o do Gesso, 36% informaram que com certeza votariam nele e 18,9% responderam que poderiam votar. J\u00e1 35,6% afirmaram que n\u00e3o votariam nele, 6,9% disseram que n\u00e3o o conhecem e 2,6% n\u00e3o responderam.<\/p>\n<p>O Instituto Opini\u00e3o, de Campina Grande (PB), foi a campo entre os dias 30 e 31 de outubro, com a aplica\u00e7\u00e3o de 350 question\u00e1rios. A margem de erro \u00e9 de 5,2 pontos percentuais para mais ou para menos e o intervalo de confian\u00e7a de 95%. A modalidade adotada envolveu a t\u00e9cnica de Survey, que consiste na aplica\u00e7\u00e3o de question\u00e1rios estruturados e padronizados a uma amostra representativa do universo de investiga\u00e7\u00e3o.<\/p>\n<p>A pesquisa \u00e9 representativa dos eleitores da \u00e1rea pesquisada (o munic\u00edpio de Araripina) e foi feita da seguinte forma: primeiro na aleatoriza\u00e7\u00e3o da amostra em quatro est\u00e1gios (bairro\/localiza\u00e7\u00e3o, rua, domic\u00edlio e entrevistado) e depois em um controle das vari\u00e1veis (sexo e faixa et\u00e1ria), ponderado de acordo com os dados obtidos junto ao TSE e TRE-PE. A pesquisa est\u00e1 registrada na Justi\u00e7a Eleitoral sob o protocolo\u00a0<strong>PE-02430\/2020<\/strong>.<\/p>\n<p>Quando o levantamento \u00e9 estratificado, Pimentel tem os maiores percentuais entre os eleitores na faixa et\u00e1ria entre 45 a 59 anos (51,3%), entre os eleitores com grau de instru\u00e7\u00e3o m\u00e9dio (54,7%) e entre os eleitores com renda familiar entre dois e cinco sal\u00e1rios (65,1%). Por sexo, tem a prefer\u00eancia e de 51,3% dos homens e de 45,7% das mulheres.<\/p>\n<p>Ti\u00e3o do Gesso, em contrapartida, possui os melhores \u00edndices entre o eleitorado jovem (46,2%), entre o eleitorado com grau de instru\u00e7\u00e3o superior (52,9%) e entre o eleitorado com renda acima de cinco sal\u00e1rios (50%). Por sexo, 41,9% s\u00e3o mulheres e 39,6% s\u00e3o homens.<\/p>\n<p><strong>AVALIA\u00c7\u00c3O DE GEST\u00c3O<\/strong><\/p>\n<p>O Instituto Opini\u00e3o tamb\u00e9m consultou os entrevistados sobre o grau de satisfa\u00e7\u00e3o com os tr\u00eas n\u00edveis de poder \u2013 federal, estadual e municipal. A administra\u00e7\u00e3o do prefeito Raimundo Pimentel (PSL) tem a aprova\u00e7\u00e3o de 56,9% e desaprova\u00e7\u00e3o de apenas 30%. J\u00e1 13,1% n\u00e3o responderam.<\/p>\n<p>O governador Paulo C\u00e2mara (PSB) \u00e9 aprovado por 36,2% e reprovado por 34,9%. J\u00e1 o presidente Jair Bolsonaro (sem partido) conta com aprova\u00e7\u00e3o de 43,7% e \u00e9 desaprova\u00e7\u00e3o de 33,7%.<\/p>\n<p><strong>Blogdomagno<\/strong><\/p>\n","protected":false},"excerpt":{"rendered":"<p>O levantamento do Instituto Opini\u00e3o, encomendado por este blogdomagno, sobre a disputa \u00e0 Prefeitura de Araripina, no Sert\u00e3o do Araripe, aponta que o prefeito Raimundo Pimentel (PSL) tem amplas chances de emplacar um novo mandato. Faltando lidera seis dias para as elei\u00e7\u00f5es, ele lidera com 48,2% das inten\u00e7\u00f5es de voto, abrindo uma frente de 7,3 pontos para o advers\u00e1rio Ti\u00e3o do Gesso, do Solidariedade, que aparece com 40,9%. Brancos e nulos somam 2,3% e os indecisos chegam a 8,6%. Na consulta espont\u00e2nea, em que o entrevistado precisa lembrar o candidato sem o aux\u00edlio do disco com todos os nomes, Pimentel tamb\u00e9m lidera com 44,3%, enquanto Ti\u00e3o foi mencionado por 38,3%. Os indecisos chegam a 15,1% e brancos e nulos s\u00e3o&hellip; <\/p>\n","protected":false},"author":1,"featured_media":271549,"comment_status":"closed","ping_status":"closed","sticky":false,"template":"","format":"standard","meta":{"_acf_changed":false,"footnotes":""},"categories":[34],"tags":[],"class_list":["post-271548","post","type-post","status-publish","format-standard","has-post-thumbnail","hentry","category-eleicoes"],"acf":[],"yoast_head":"<!-- This site is optimized with the Yoast SEO plugin v27.4 - https:\/\/yoast.com\/product\/yoast-seo-wordpress\/ -->\n<title>Elei\u00e7\u00f5es 2020: Pimentel lidera com frente de 7 pontos em Araripina - Blog do Farn\u00e9sio<\/title>\n<meta name=\"robots\" content=\"index, follow, max-snippet:-1, max-image-preview:large, max-video-preview:-1\" \/>\n<link rel=\"canonical\" href=\"https:\/\/blogdofarnesio.com.br\/?p=271548\" \/>\n<meta property=\"og:locale\" content=\"pt_BR\" \/>\n<meta property=\"og:type\" content=\"article\" \/>\n<meta property=\"og:title\" content=\"Elei\u00e7\u00f5es 2020: Pimentel lidera com frente de 7 pontos em Araripina - Blog do Farn\u00e9sio\" \/>\n<meta property=\"og:description\" content=\"O levantamento do Instituto Opini\u00e3o, encomendado por este blogdomagno, sobre a disputa \u00e0 Prefeitura de Araripina, no Sert\u00e3o do Araripe, aponta que o prefeito Raimundo Pimentel (PSL) tem amplas chances de emplacar um novo mandato. Faltando lidera seis dias para as elei\u00e7\u00f5es, ele lidera com 48,2% das inten\u00e7\u00f5es de voto, abrindo uma frente de 7,3 pontos para o advers\u00e1rio Ti\u00e3o do Gesso, do Solidariedade, que aparece com 40,9%. Brancos e nulos somam 2,3% e os indecisos chegam a 8,6%. Na consulta espont\u00e2nea, em que o entrevistado precisa lembrar o candidato sem o aux\u00edlio do disco com todos os nomes, Pimentel tamb\u00e9m lidera com 44,3%, enquanto Ti\u00e3o foi mencionado por 38,3%. Os indecisos chegam a 15,1% e brancos e nulos s\u00e3o&hellip;\" \/>\n<meta property=\"og:url\" content=\"https:\/\/blogdofarnesio.com.br\/?p=271548\" \/>\n<meta property=\"og:site_name\" content=\"Blog do Farn\u00e9sio\" \/>\n<meta property=\"article:publisher\" content=\"https:\/\/www.facebook.com\/BlogQuerSaberPolitica\/\" \/>\n<meta property=\"article:published_time\" content=\"2020-11-09T13:42:58+00:00\" \/>\n<meta property=\"og:image\" content=\"https:\/\/blogdofarnesio.com.br\/wp-content\/uploads\/2020\/11\/blogqsppimentel-pesquisa-araripina.jpg\" \/>\n\t<meta property=\"og:image:width\" content=\"700\" \/>\n\t<meta property=\"og:image:height\" content=\"404\" \/>\n\t<meta property=\"og:image:type\" content=\"image\/jpeg\" \/>\n<meta name=\"author\" content=\"Farn\u00e9sio\" \/>\n<meta name=\"twitter:card\" content=\"summary_large_image\" \/>\n<meta name=\"twitter:label1\" content=\"Escrito por\" \/>\n\t<meta name=\"twitter:data1\" content=\"Farn\u00e9sio\" \/>\n\t<meta name=\"twitter:label2\" content=\"Est. tempo de leitura\" \/>\n\t<meta name=\"twitter:data2\" content=\"3 minutos\" \/>\n<script type=\"application\/ld+json\" class=\"yoast-schema-graph\">{\"@context\":\"https:\\\/\\\/schema.org\",\"@graph\":[{\"@type\":\"Article\",\"@id\":\"https:\\\/\\\/blogdofarnesio.com.br\\\/?p=271548#article\",\"isPartOf\":{\"@id\":\"https:\\\/\\\/blogdofarnesio.com.br\\\/?p=271548\"},\"author\":{\"name\":\"Farn\u00e9sio\",\"@id\":\"https:\\\/\\\/blogdofarnesio.com.br\\\/#\\\/schema\\\/person\\\/301c4acf522bccbfdb45af95b5b906a1\"},\"headline\":\"Elei\u00e7\u00f5es 2020: Pimentel lidera com frente de 7 pontos em Araripina\",\"datePublished\":\"2020-11-09T13:42:58+00:00\",\"mainEntityOfPage\":{\"@id\":\"https:\\\/\\\/blogdofarnesio.com.br\\\/?p=271548\"},\"wordCount\":553,\"publisher\":{\"@id\":\"https:\\\/\\\/blogdofarnesio.com.br\\\/#organization\"},\"image\":{\"@id\":\"https:\\\/\\\/blogdofarnesio.com.br\\\/?p=271548#primaryimage\"},\"thumbnailUrl\":\"https:\\\/\\\/blogdofarnesio.com.br\\\/wp-content\\\/uploads\\\/2020\\\/11\\\/blogqsppimentel-pesquisa-araripina.jpg\",\"articleSection\":[\"Elei\u00e7\u00f5es\"],\"inLanguage\":\"pt-BR\"},{\"@type\":\"WebPage\",\"@id\":\"https:\\\/\\\/blogdofarnesio.com.br\\\/?p=271548\",\"url\":\"https:\\\/\\\/blogdofarnesio.com.br\\\/?p=271548\",\"name\":\"Elei\u00e7\u00f5es 2020: Pimentel lidera com frente de 7 pontos em Araripina - Blog do Farn\u00e9sio\",\"isPartOf\":{\"@id\":\"https:\\\/\\\/blogdofarnesio.com.br\\\/#website\"},\"primaryImageOfPage\":{\"@id\":\"https:\\\/\\\/blogdofarnesio.com.br\\\/?p=271548#primaryimage\"},\"image\":{\"@id\":\"https:\\\/\\\/blogdofarnesio.com.br\\\/?p=271548#primaryimage\"},\"thumbnailUrl\":\"https:\\\/\\\/blogdofarnesio.com.br\\\/wp-content\\\/uploads\\\/2020\\\/11\\\/blogqsppimentel-pesquisa-araripina.jpg\",\"datePublished\":\"2020-11-09T13:42:58+00:00\",\"breadcrumb\":{\"@id\":\"https:\\\/\\\/blogdofarnesio.com.br\\\/?p=271548#breadcrumb\"},\"inLanguage\":\"pt-BR\",\"potentialAction\":[{\"@type\":\"ReadAction\",\"target\":[\"https:\\\/\\\/blogdofarnesio.com.br\\\/?p=271548\"]}]},{\"@type\":\"ImageObject\",\"inLanguage\":\"pt-BR\",\"@id\":\"https:\\\/\\\/blogdofarnesio.com.br\\\/?p=271548#primaryimage\",\"url\":\"https:\\\/\\\/blogdofarnesio.com.br\\\/wp-content\\\/uploads\\\/2020\\\/11\\\/blogqsppimentel-pesquisa-araripina.jpg\",\"contentUrl\":\"https:\\\/\\\/blogdofarnesio.com.br\\\/wp-content\\\/uploads\\\/2020\\\/11\\\/blogqsppimentel-pesquisa-araripina.jpg\",\"width\":700,\"height\":404},{\"@type\":\"BreadcrumbList\",\"@id\":\"https:\\\/\\\/blogdofarnesio.com.br\\\/?p=271548#breadcrumb\",\"itemListElement\":[{\"@type\":\"ListItem\",\"position\":1,\"name\":\"In\u00edcio\",\"item\":\"https:\\\/\\\/blogdofarnesio.com.br\\\/\"},{\"@type\":\"ListItem\",\"position\":2,\"name\":\"Elei\u00e7\u00f5es 2020: Pimentel lidera com frente de 7 pontos em Araripina\"}]},{\"@type\":\"WebSite\",\"@id\":\"https:\\\/\\\/blogdofarnesio.com.br\\\/#website\",\"url\":\"https:\\\/\\\/blogdofarnesio.com.br\\\/\",\"name\":\"Blog do Farn\u00e9sio\",\"description\":\"Quer Saber Pol\u00edtica?\",\"publisher\":{\"@id\":\"https:\\\/\\\/blogdofarnesio.com.br\\\/#organization\"},\"potentialAction\":[{\"@type\":\"SearchAction\",\"target\":{\"@type\":\"EntryPoint\",\"urlTemplate\":\"https:\\\/\\\/blogdofarnesio.com.br\\\/?s={search_term_string}\"},\"query-input\":{\"@type\":\"PropertyValueSpecification\",\"valueRequired\":true,\"valueName\":\"search_term_string\"}}],\"inLanguage\":\"pt-BR\"},{\"@type\":\"Organization\",\"@id\":\"https:\\\/\\\/blogdofarnesio.com.br\\\/#organization\",\"name\":\"Blog do Farn\u00e9sio\",\"url\":\"https:\\\/\\\/blogdofarnesio.com.br\\\/\",\"logo\":{\"@type\":\"ImageObject\",\"inLanguage\":\"pt-BR\",\"@id\":\"https:\\\/\\\/blogdofarnesio.com.br\\\/#\\\/schema\\\/logo\\\/image\\\/\",\"url\":\"https:\\\/\\\/blogdofarnesio.com.br\\\/wp-content\\\/uploads\\\/2026\\\/03\\\/cropped-logo_new-1.png\",\"contentUrl\":\"https:\\\/\\\/blogdofarnesio.com.br\\\/wp-content\\\/uploads\\\/2026\\\/03\\\/cropped-logo_new-1.png\",\"width\":881,\"height\":685,\"caption\":\"Blog do Farn\u00e9sio\"},\"image\":{\"@id\":\"https:\\\/\\\/blogdofarnesio.com.br\\\/#\\\/schema\\\/logo\\\/image\\\/\"},\"sameAs\":[\"https:\\\/\\\/www.facebook.com\\\/BlogQuerSaberPolitica\\\/\"]},{\"@type\":\"Person\",\"@id\":\"https:\\\/\\\/blogdofarnesio.com.br\\\/#\\\/schema\\\/person\\\/301c4acf522bccbfdb45af95b5b906a1\",\"name\":\"Farn\u00e9sio\",\"image\":{\"@type\":\"ImageObject\",\"inLanguage\":\"pt-BR\",\"@id\":\"https:\\\/\\\/secure.gravatar.com\\\/avatar\\\/df0c9a14567c056f8ad6876ba5bbd1e3e2c48023eb6807342fc4663adf549f38?s=96&d=mm&r=g\",\"url\":\"https:\\\/\\\/secure.gravatar.com\\\/avatar\\\/df0c9a14567c056f8ad6876ba5bbd1e3e2c48023eb6807342fc4663adf549f38?s=96&d=mm&r=g\",\"contentUrl\":\"https:\\\/\\\/secure.gravatar.com\\\/avatar\\\/df0c9a14567c056f8ad6876ba5bbd1e3e2c48023eb6807342fc4663adf549f38?s=96&d=mm&r=g\",\"caption\":\"Farn\u00e9sio\"},\"sameAs\":[\"https:\\\/\\\/quersaberpolitica.com.br\"],\"url\":\"https:\\\/\\\/blogdofarnesio.com.br\\\/?author=1\"}]}<\/script>\n<!-- \/ Yoast SEO plugin. -->","yoast_head_json":{"title":"Elei\u00e7\u00f5es 2020: Pimentel lidera com frente de 7 pontos em Araripina - Blog do Farn\u00e9sio","robots":{"index":"index","follow":"follow","max-snippet":"max-snippet:-1","max-image-preview":"max-image-preview:large","max-video-preview":"max-video-preview:-1"},"canonical":"https:\/\/blogdofarnesio.com.br\/?p=271548","og_locale":"pt_BR","og_type":"article","og_title":"Elei\u00e7\u00f5es 2020: Pimentel lidera com frente de 7 pontos em Araripina - Blog do Farn\u00e9sio","og_description":"O levantamento do Instituto Opini\u00e3o, encomendado por este blogdomagno, sobre a disputa \u00e0 Prefeitura de Araripina, no Sert\u00e3o do Araripe, aponta que o prefeito Raimundo Pimentel (PSL) tem amplas chances de emplacar um novo mandato. Faltando lidera seis dias para as elei\u00e7\u00f5es, ele lidera com 48,2% das inten\u00e7\u00f5es de voto, abrindo uma frente de 7,3 pontos para o advers\u00e1rio Ti\u00e3o do Gesso, do Solidariedade, que aparece com 40,9%. Brancos e nulos somam 2,3% e os indecisos chegam a 8,6%. Na consulta espont\u00e2nea, em que o entrevistado precisa lembrar o candidato sem o aux\u00edlio do disco com todos os nomes, Pimentel tamb\u00e9m lidera com 44,3%, enquanto Ti\u00e3o foi mencionado por 38,3%. Os indecisos chegam a 15,1% e brancos e nulos s\u00e3o&hellip;","og_url":"https:\/\/blogdofarnesio.com.br\/?p=271548","og_site_name":"Blog do Farn\u00e9sio","article_publisher":"https:\/\/www.facebook.com\/BlogQuerSaberPolitica\/","article_published_time":"2020-11-09T13:42:58+00:00","og_image":[{"width":700,"height":404,"url":"https:\/\/blogdofarnesio.com.br\/wp-content\/uploads\/2020\/11\/blogqsppimentel-pesquisa-araripina.jpg","type":"image\/jpeg"}],"author":"Farn\u00e9sio","twitter_card":"summary_large_image","twitter_misc":{"Escrito por":"Farn\u00e9sio","Est. tempo de leitura":"3 minutos"},"schema":{"@context":"https:\/\/schema.org","@graph":[{"@type":"Article","@id":"https:\/\/blogdofarnesio.com.br\/?p=271548#article","isPartOf":{"@id":"https:\/\/blogdofarnesio.com.br\/?p=271548"},"author":{"name":"Farn\u00e9sio","@id":"https:\/\/blogdofarnesio.com.br\/#\/schema\/person\/301c4acf522bccbfdb45af95b5b906a1"},"headline":"Elei\u00e7\u00f5es 2020: Pimentel lidera com frente de 7 pontos em Araripina","datePublished":"2020-11-09T13:42:58+00:00","mainEntityOfPage":{"@id":"https:\/\/blogdofarnesio.com.br\/?p=271548"},"wordCount":553,"publisher":{"@id":"https:\/\/blogdofarnesio.com.br\/#organization"},"image":{"@id":"https:\/\/blogdofarnesio.com.br\/?p=271548#primaryimage"},"thumbnailUrl":"https:\/\/blogdofarnesio.com.br\/wp-content\/uploads\/2020\/11\/blogqsppimentel-pesquisa-araripina.jpg","articleSection":["Elei\u00e7\u00f5es"],"inLanguage":"pt-BR"},{"@type":"WebPage","@id":"https:\/\/blogdofarnesio.com.br\/?p=271548","url":"https:\/\/blogdofarnesio.com.br\/?p=271548","name":"Elei\u00e7\u00f5es 2020: Pimentel lidera com frente de 7 pontos em Araripina - Blog do Farn\u00e9sio","isPartOf":{"@id":"https:\/\/blogdofarnesio.com.br\/#website"},"primaryImageOfPage":{"@id":"https:\/\/blogdofarnesio.com.br\/?p=271548#primaryimage"},"image":{"@id":"https:\/\/blogdofarnesio.com.br\/?p=271548#primaryimage"},"thumbnailUrl":"https:\/\/blogdofarnesio.com.br\/wp-content\/uploads\/2020\/11\/blogqsppimentel-pesquisa-araripina.jpg","datePublished":"2020-11-09T13:42:58+00:00","breadcrumb":{"@id":"https:\/\/blogdofarnesio.com.br\/?p=271548#breadcrumb"},"inLanguage":"pt-BR","potentialAction":[{"@type":"ReadAction","target":["https:\/\/blogdofarnesio.com.br\/?p=271548"]}]},{"@type":"ImageObject","inLanguage":"pt-BR","@id":"https:\/\/blogdofarnesio.com.br\/?p=271548#primaryimage","url":"https:\/\/blogdofarnesio.com.br\/wp-content\/uploads\/2020\/11\/blogqsppimentel-pesquisa-araripina.jpg","contentUrl":"https:\/\/blogdofarnesio.com.br\/wp-content\/uploads\/2020\/11\/blogqsppimentel-pesquisa-araripina.jpg","width":700,"height":404},{"@type":"BreadcrumbList","@id":"https:\/\/blogdofarnesio.com.br\/?p=271548#breadcrumb","itemListElement":[{"@type":"ListItem","position":1,"name":"In\u00edcio","item":"https:\/\/blogdofarnesio.com.br\/"},{"@type":"ListItem","position":2,"name":"Elei\u00e7\u00f5es 2020: Pimentel lidera com frente de 7 pontos em Araripina"}]},{"@type":"WebSite","@id":"https:\/\/blogdofarnesio.com.br\/#website","url":"https:\/\/blogdofarnesio.com.br\/","name":"Blog do Farn\u00e9sio","description":"Quer Saber Pol\u00edtica?","publisher":{"@id":"https:\/\/blogdofarnesio.com.br\/#organization"},"potentialAction":[{"@type":"SearchAction","target":{"@type":"EntryPoint","urlTemplate":"https:\/\/blogdofarnesio.com.br\/?s={search_term_string}"},"query-input":{"@type":"PropertyValueSpecification","valueRequired":true,"valueName":"search_term_string"}}],"inLanguage":"pt-BR"},{"@type":"Organization","@id":"https:\/\/blogdofarnesio.com.br\/#organization","name":"Blog do Farn\u00e9sio","url":"https:\/\/blogdofarnesio.com.br\/","logo":{"@type":"ImageObject","inLanguage":"pt-BR","@id":"https:\/\/blogdofarnesio.com.br\/#\/schema\/logo\/image\/","url":"https:\/\/blogdofarnesio.com.br\/wp-content\/uploads\/2026\/03\/cropped-logo_new-1.png","contentUrl":"https:\/\/blogdofarnesio.com.br\/wp-content\/uploads\/2026\/03\/cropped-logo_new-1.png","width":881,"height":685,"caption":"Blog do Farn\u00e9sio"},"image":{"@id":"https:\/\/blogdofarnesio.com.br\/#\/schema\/logo\/image\/"},"sameAs":["https:\/\/www.facebook.com\/BlogQuerSaberPolitica\/"]},{"@type":"Person","@id":"https:\/\/blogdofarnesio.com.br\/#\/schema\/person\/301c4acf522bccbfdb45af95b5b906a1","name":"Farn\u00e9sio","image":{"@type":"ImageObject","inLanguage":"pt-BR","@id":"https:\/\/secure.gravatar.com\/avatar\/df0c9a14567c056f8ad6876ba5bbd1e3e2c48023eb6807342fc4663adf549f38?s=96&d=mm&r=g","url":"https:\/\/secure.gravatar.com\/avatar\/df0c9a14567c056f8ad6876ba5bbd1e3e2c48023eb6807342fc4663adf549f38?s=96&d=mm&r=g","contentUrl":"https:\/\/secure.gravatar.com\/avatar\/df0c9a14567c056f8ad6876ba5bbd1e3e2c48023eb6807342fc4663adf549f38?s=96&d=mm&r=g","caption":"Farn\u00e9sio"},"sameAs":["https:\/\/quersaberpolitica.com.br"],"url":"https:\/\/blogdofarnesio.com.br\/?author=1"}]}},"_links":{"self":[{"href":"https:\/\/blogdofarnesio.com.br\/index.php?rest_route=\/wp\/v2\/posts\/271548","targetHints":{"allow":["GET"]}}],"collection":[{"href":"https:\/\/blogdofarnesio.com.br\/index.php?rest_route=\/wp\/v2\/posts"}],"about":[{"href":"https:\/\/blogdofarnesio.com.br\/index.php?rest_route=\/wp\/v2\/types\/post"}],"author":[{"embeddable":true,"href":"https:\/\/blogdofarnesio.com.br\/index.php?rest_route=\/wp\/v2\/users\/1"}],"replies":[{"embeddable":true,"href":"https:\/\/blogdofarnesio.com.br\/index.php?rest_route=%2Fwp%2Fv2%2Fcomments&post=271548"}],"version-history":[{"count":0,"href":"https:\/\/blogdofarnesio.com.br\/index.php?rest_route=\/wp\/v2\/posts\/271548\/revisions"}],"wp:featuredmedia":[{"embeddable":true,"href":"https:\/\/blogdofarnesio.com.br\/index.php?rest_route=\/wp\/v2\/media\/271549"}],"wp:attachment":[{"href":"https:\/\/blogdofarnesio.com.br\/index.php?rest_route=%2Fwp%2Fv2%2Fmedia&parent=271548"}],"wp:term":[{"taxonomy":"category","embeddable":true,"href":"https:\/\/blogdofarnesio.com.br\/index.php?rest_route=%2Fwp%2Fv2%2Fcategories&post=271548"},{"taxonomy":"post_tag","embeddable":true,"href":"https:\/\/blogdofarnesio.com.br\/index.php?rest_route=%2Fwp%2Fv2%2Ftags&post=271548"}],"curies":[{"name":"wp","href":"https:\/\/api.w.org\/{rel}","templated":true}]}}