{"id":271362,"date":"2020-11-06T16:00:38","date_gmt":"2020-11-06T19:00:38","guid":{"rendered":"http:\/\/quersaberpolitica.com.br\/2016\/?p=271362"},"modified":"2020-11-06T13:39:25","modified_gmt":"2020-11-06T16:39:25","slug":"a-carreata-do-13-foi-recebida-com-festa-por-diversos-bairros-de-juazeiro","status":"publish","type":"post","link":"https:\/\/blogdofarnesio.com.br\/?p=271362","title":{"rendered":"A Carreata do 13 foi recebida com festa por diversos bairros de Juazeiro"},"content":{"rendered":"<div id=\":o9\" class=\"ii gt\">\n<div id=\":o8\" class=\"a3s aiL \">\n<div dir=\"ltr\">\n<p>Nesta quinta-feira (05) o prefeito e candidato \u00e0 reelei\u00e7\u00e3o pela coliga\u00e7\u00e3o \u201cPra Juazeiro Seguir em Frente\u201d, Paulo Bomfim (PT), realizou mais uma grande Carreata 13, desta vez percorrendo os bairros Jardim S\u00e3o Paulo, Alto da Alian\u00e7a, Piranga, Codevasf, Argemiro, Piranga I e II, Jardim Fl\u00f3rida e Jardim Vit\u00f3ria. O evento contou com a participa\u00e7\u00e3o do Deputado Estadual Z\u00f3.<\/p>\n<p>Paulo Bomfim foi recebido em clima de grande festa e receptividade pelos juazeirenses. \u201cMais uma vez, tivemos uma carreata fant\u00e1stica. O alto astral do juazeirense \u00e9 uma energia que n\u00e3o tem igual. As pessoas j\u00e1 decidiram que querem mais quatro anos com mais trabalho e mais mudan\u00e7as para Juazeiro\u201d, destacou Paulo Bomfim.<\/p>\n<p>Sabrina Fernandes, moradora do Jardim Fl\u00f3rida declarou que a Carreata 13 foi uma demonstra\u00e7\u00e3o de gratid\u00e3o, onde as pessoas puderam expressar o que elas querem para Juazeiro. \u201cOs juazeirenses demonstraram que querem continuar com a mudan\u00e7a que vem transformando nossa cidade na \u00faltima d\u00e9cada. Paulo Bomfim precisa continuar o trabalho que vem fazendo, por isso, eu voto 13\u201d, comentou.<\/p>\n<\/div>\n<\/div>\n<\/div>\n","protected":false},"excerpt":{"rendered":"<p>Nesta quinta-feira (05) o prefeito e candidato \u00e0 reelei\u00e7\u00e3o pela coliga\u00e7\u00e3o \u201cPra Juazeiro Seguir em Frente\u201d, Paulo Bomfim (PT), realizou mais uma grande Carreata 13, desta vez percorrendo os bairros Jardim S\u00e3o Paulo, Alto da Alian\u00e7a, Piranga, Codevasf, Argemiro, Piranga I e II, Jardim Fl\u00f3rida e Jardim Vit\u00f3ria. O evento contou com a participa\u00e7\u00e3o do Deputado Estadual Z\u00f3. Paulo Bomfim foi recebido em clima de grande festa e receptividade pelos juazeirenses. \u201cMais uma vez, tivemos uma carreata fant\u00e1stica. O alto astral do juazeirense \u00e9 uma energia que n\u00e3o tem igual. As pessoas j\u00e1 decidiram que querem mais quatro anos com mais trabalho e mais mudan\u00e7as para Juazeiro\u201d, destacou Paulo Bomfim. Sabrina Fernandes, moradora do Jardim Fl\u00f3rida declarou que a Carreata&hellip; <\/p>\n","protected":false},"author":1,"featured_media":271363,"comment_status":"closed","ping_status":"closed","sticky":false,"template":"","format":"standard","meta":{"_acf_changed":false,"footnotes":""},"categories":[1],"tags":[],"class_list":["post-271362","post","type-post","status-publish","format-standard","has-post-thumbnail","hentry","category-politica"],"acf":[],"yoast_head":"<!-- This site is optimized with the Yoast SEO plugin v27.4 - https:\/\/yoast.com\/product\/yoast-seo-wordpress\/ -->\n<title>A Carreata do 13 foi recebida com festa por diversos bairros de Juazeiro - Blog do Farn\u00e9sio<\/title>\n<meta name=\"robots\" content=\"index, follow, max-snippet:-1, max-image-preview:large, max-video-preview:-1\" \/>\n<link rel=\"canonical\" href=\"https:\/\/blogdofarnesio.com.br\/?p=271362\" \/>\n<meta property=\"og:locale\" content=\"pt_BR\" \/>\n<meta property=\"og:type\" content=\"article\" \/>\n<meta property=\"og:title\" content=\"A Carreata do 13 foi recebida com festa por diversos bairros de Juazeiro - Blog do Farn\u00e9sio\" \/>\n<meta property=\"og:description\" content=\"Nesta quinta-feira (05) o prefeito e candidato \u00e0 reelei\u00e7\u00e3o pela coliga\u00e7\u00e3o \u201cPra Juazeiro Seguir em Frente\u201d, Paulo Bomfim (PT), realizou mais uma grande Carreata 13, desta vez percorrendo os bairros Jardim S\u00e3o Paulo, Alto da Alian\u00e7a, Piranga, Codevasf, Argemiro, Piranga I e II, Jardim Fl\u00f3rida e Jardim Vit\u00f3ria. O evento contou com a participa\u00e7\u00e3o do Deputado Estadual Z\u00f3. Paulo Bomfim foi recebido em clima de grande festa e receptividade pelos juazeirenses. \u201cMais uma vez, tivemos uma carreata fant\u00e1stica. O alto astral do juazeirense \u00e9 uma energia que n\u00e3o tem igual. As pessoas j\u00e1 decidiram que querem mais quatro anos com mais trabalho e mais mudan\u00e7as para Juazeiro\u201d, destacou Paulo Bomfim. Sabrina Fernandes, moradora do Jardim Fl\u00f3rida declarou que a Carreata&hellip;\" \/>\n<meta property=\"og:url\" content=\"https:\/\/blogdofarnesio.com.br\/?p=271362\" \/>\n<meta property=\"og:site_name\" content=\"Blog do Farn\u00e9sio\" \/>\n<meta property=\"article:publisher\" content=\"https:\/\/www.facebook.com\/BlogQuerSaberPolitica\/\" \/>\n<meta property=\"article:published_time\" content=\"2020-11-06T19:00:38+00:00\" \/>\n<meta property=\"og:image\" content=\"https:\/\/blogdofarnesio.com.br\/wp-content\/uploads\/2020\/11\/A-Carreata-do-13-foi-recebida-com-festa-por-diversos-bairros-de-Juazeiro-2-e1604680740181.jpeg\" \/>\n\t<meta property=\"og:image:width\" content=\"660\" \/>\n\t<meta property=\"og:image:height\" content=\"440\" \/>\n\t<meta property=\"og:image:type\" content=\"image\/jpeg\" \/>\n<meta name=\"author\" content=\"Farn\u00e9sio\" \/>\n<meta name=\"twitter:card\" content=\"summary_large_image\" \/>\n<meta name=\"twitter:label1\" content=\"Escrito por\" \/>\n\t<meta name=\"twitter:data1\" content=\"Farn\u00e9sio\" \/>\n\t<meta name=\"twitter:label2\" content=\"Est. tempo de leitura\" \/>\n\t<meta name=\"twitter:data2\" content=\"1 minuto\" \/>\n<script type=\"application\/ld+json\" class=\"yoast-schema-graph\">{\"@context\":\"https:\\\/\\\/schema.org\",\"@graph\":[{\"@type\":\"Article\",\"@id\":\"https:\\\/\\\/blogdofarnesio.com.br\\\/?p=271362#article\",\"isPartOf\":{\"@id\":\"https:\\\/\\\/blogdofarnesio.com.br\\\/?p=271362\"},\"author\":{\"name\":\"Farn\u00e9sio\",\"@id\":\"https:\\\/\\\/blogdofarnesio.com.br\\\/#\\\/schema\\\/person\\\/301c4acf522bccbfdb45af95b5b906a1\"},\"headline\":\"A Carreata do 13 foi recebida com festa por diversos bairros de Juazeiro\",\"datePublished\":\"2020-11-06T19:00:38+00:00\",\"mainEntityOfPage\":{\"@id\":\"https:\\\/\\\/blogdofarnesio.com.br\\\/?p=271362\"},\"wordCount\":190,\"publisher\":{\"@id\":\"https:\\\/\\\/blogdofarnesio.com.br\\\/#organization\"},\"image\":{\"@id\":\"https:\\\/\\\/blogdofarnesio.com.br\\\/?p=271362#primaryimage\"},\"thumbnailUrl\":\"https:\\\/\\\/blogdofarnesio.com.br\\\/wp-content\\\/uploads\\\/2020\\\/11\\\/A-Carreata-do-13-foi-recebida-com-festa-por-diversos-bairros-de-Juazeiro-2-e1604680740181.jpeg\",\"articleSection\":[\"Pol\u00edtica\"],\"inLanguage\":\"pt-BR\"},{\"@type\":\"WebPage\",\"@id\":\"https:\\\/\\\/blogdofarnesio.com.br\\\/?p=271362\",\"url\":\"https:\\\/\\\/blogdofarnesio.com.br\\\/?p=271362\",\"name\":\"A Carreata do 13 foi recebida com festa por diversos bairros de Juazeiro - Blog do Farn\u00e9sio\",\"isPartOf\":{\"@id\":\"https:\\\/\\\/blogdofarnesio.com.br\\\/#website\"},\"primaryImageOfPage\":{\"@id\":\"https:\\\/\\\/blogdofarnesio.com.br\\\/?p=271362#primaryimage\"},\"image\":{\"@id\":\"https:\\\/\\\/blogdofarnesio.com.br\\\/?p=271362#primaryimage\"},\"thumbnailUrl\":\"https:\\\/\\\/blogdofarnesio.com.br\\\/wp-content\\\/uploads\\\/2020\\\/11\\\/A-Carreata-do-13-foi-recebida-com-festa-por-diversos-bairros-de-Juazeiro-2-e1604680740181.jpeg\",\"datePublished\":\"2020-11-06T19:00:38+00:00\",\"breadcrumb\":{\"@id\":\"https:\\\/\\\/blogdofarnesio.com.br\\\/?p=271362#breadcrumb\"},\"inLanguage\":\"pt-BR\",\"potentialAction\":[{\"@type\":\"ReadAction\",\"target\":[\"https:\\\/\\\/blogdofarnesio.com.br\\\/?p=271362\"]}]},{\"@type\":\"ImageObject\",\"inLanguage\":\"pt-BR\",\"@id\":\"https:\\\/\\\/blogdofarnesio.com.br\\\/?p=271362#primaryimage\",\"url\":\"https:\\\/\\\/blogdofarnesio.com.br\\\/wp-content\\\/uploads\\\/2020\\\/11\\\/A-Carreata-do-13-foi-recebida-com-festa-por-diversos-bairros-de-Juazeiro-2-e1604680740181.jpeg\",\"contentUrl\":\"https:\\\/\\\/blogdofarnesio.com.br\\\/wp-content\\\/uploads\\\/2020\\\/11\\\/A-Carreata-do-13-foi-recebida-com-festa-por-diversos-bairros-de-Juazeiro-2-e1604680740181.jpeg\",\"width\":660,\"height\":440},{\"@type\":\"BreadcrumbList\",\"@id\":\"https:\\\/\\\/blogdofarnesio.com.br\\\/?p=271362#breadcrumb\",\"itemListElement\":[{\"@type\":\"ListItem\",\"position\":1,\"name\":\"In\u00edcio\",\"item\":\"https:\\\/\\\/blogdofarnesio.com.br\\\/\"},{\"@type\":\"ListItem\",\"position\":2,\"name\":\"A Carreata do 13 foi recebida com festa por diversos bairros de Juazeiro\"}]},{\"@type\":\"WebSite\",\"@id\":\"https:\\\/\\\/blogdofarnesio.com.br\\\/#website\",\"url\":\"https:\\\/\\\/blogdofarnesio.com.br\\\/\",\"name\":\"Blog do Farn\u00e9sio\",\"description\":\"Quer Saber Pol\u00edtica?\",\"publisher\":{\"@id\":\"https:\\\/\\\/blogdofarnesio.com.br\\\/#organization\"},\"potentialAction\":[{\"@type\":\"SearchAction\",\"target\":{\"@type\":\"EntryPoint\",\"urlTemplate\":\"https:\\\/\\\/blogdofarnesio.com.br\\\/?s={search_term_string}\"},\"query-input\":{\"@type\":\"PropertyValueSpecification\",\"valueRequired\":true,\"valueName\":\"search_term_string\"}}],\"inLanguage\":\"pt-BR\"},{\"@type\":\"Organization\",\"@id\":\"https:\\\/\\\/blogdofarnesio.com.br\\\/#organization\",\"name\":\"Blog do Farn\u00e9sio\",\"url\":\"https:\\\/\\\/blogdofarnesio.com.br\\\/\",\"logo\":{\"@type\":\"ImageObject\",\"inLanguage\":\"pt-BR\",\"@id\":\"https:\\\/\\\/blogdofarnesio.com.br\\\/#\\\/schema\\\/logo\\\/image\\\/\",\"url\":\"https:\\\/\\\/blogdofarnesio.com.br\\\/wp-content\\\/uploads\\\/2026\\\/03\\\/cropped-logo_new-1.png\",\"contentUrl\":\"https:\\\/\\\/blogdofarnesio.com.br\\\/wp-content\\\/uploads\\\/2026\\\/03\\\/cropped-logo_new-1.png\",\"width\":881,\"height\":685,\"caption\":\"Blog do Farn\u00e9sio\"},\"image\":{\"@id\":\"https:\\\/\\\/blogdofarnesio.com.br\\\/#\\\/schema\\\/logo\\\/image\\\/\"},\"sameAs\":[\"https:\\\/\\\/www.facebook.com\\\/BlogQuerSaberPolitica\\\/\"]},{\"@type\":\"Person\",\"@id\":\"https:\\\/\\\/blogdofarnesio.com.br\\\/#\\\/schema\\\/person\\\/301c4acf522bccbfdb45af95b5b906a1\",\"name\":\"Farn\u00e9sio\",\"image\":{\"@type\":\"ImageObject\",\"inLanguage\":\"pt-BR\",\"@id\":\"https:\\\/\\\/secure.gravatar.com\\\/avatar\\\/df0c9a14567c056f8ad6876ba5bbd1e3e2c48023eb6807342fc4663adf549f38?s=96&d=mm&r=g\",\"url\":\"https:\\\/\\\/secure.gravatar.com\\\/avatar\\\/df0c9a14567c056f8ad6876ba5bbd1e3e2c48023eb6807342fc4663adf549f38?s=96&d=mm&r=g\",\"contentUrl\":\"https:\\\/\\\/secure.gravatar.com\\\/avatar\\\/df0c9a14567c056f8ad6876ba5bbd1e3e2c48023eb6807342fc4663adf549f38?s=96&d=mm&r=g\",\"caption\":\"Farn\u00e9sio\"},\"sameAs\":[\"https:\\\/\\\/quersaberpolitica.com.br\"],\"url\":\"https:\\\/\\\/blogdofarnesio.com.br\\\/?author=1\"}]}<\/script>\n<!-- \/ Yoast SEO plugin. -->","yoast_head_json":{"title":"A Carreata do 13 foi recebida com festa por diversos bairros de Juazeiro - Blog do Farn\u00e9sio","robots":{"index":"index","follow":"follow","max-snippet":"max-snippet:-1","max-image-preview":"max-image-preview:large","max-video-preview":"max-video-preview:-1"},"canonical":"https:\/\/blogdofarnesio.com.br\/?p=271362","og_locale":"pt_BR","og_type":"article","og_title":"A Carreata do 13 foi recebida com festa por diversos bairros de Juazeiro - Blog do Farn\u00e9sio","og_description":"Nesta quinta-feira (05) o prefeito e candidato \u00e0 reelei\u00e7\u00e3o pela coliga\u00e7\u00e3o \u201cPra Juazeiro Seguir em Frente\u201d, Paulo Bomfim (PT), realizou mais uma grande Carreata 13, desta vez percorrendo os bairros Jardim S\u00e3o Paulo, Alto da Alian\u00e7a, Piranga, Codevasf, Argemiro, Piranga I e II, Jardim Fl\u00f3rida e Jardim Vit\u00f3ria. O evento contou com a participa\u00e7\u00e3o do Deputado Estadual Z\u00f3. Paulo Bomfim foi recebido em clima de grande festa e receptividade pelos juazeirenses. \u201cMais uma vez, tivemos uma carreata fant\u00e1stica. O alto astral do juazeirense \u00e9 uma energia que n\u00e3o tem igual. As pessoas j\u00e1 decidiram que querem mais quatro anos com mais trabalho e mais mudan\u00e7as para Juazeiro\u201d, destacou Paulo Bomfim. Sabrina Fernandes, moradora do Jardim Fl\u00f3rida declarou que a Carreata&hellip;","og_url":"https:\/\/blogdofarnesio.com.br\/?p=271362","og_site_name":"Blog do Farn\u00e9sio","article_publisher":"https:\/\/www.facebook.com\/BlogQuerSaberPolitica\/","article_published_time":"2020-11-06T19:00:38+00:00","og_image":[{"width":660,"height":440,"url":"https:\/\/blogdofarnesio.com.br\/wp-content\/uploads\/2020\/11\/A-Carreata-do-13-foi-recebida-com-festa-por-diversos-bairros-de-Juazeiro-2-e1604680740181.jpeg","type":"image\/jpeg"}],"author":"Farn\u00e9sio","twitter_card":"summary_large_image","twitter_misc":{"Escrito por":"Farn\u00e9sio","Est. tempo de leitura":"1 minuto"},"schema":{"@context":"https:\/\/schema.org","@graph":[{"@type":"Article","@id":"https:\/\/blogdofarnesio.com.br\/?p=271362#article","isPartOf":{"@id":"https:\/\/blogdofarnesio.com.br\/?p=271362"},"author":{"name":"Farn\u00e9sio","@id":"https:\/\/blogdofarnesio.com.br\/#\/schema\/person\/301c4acf522bccbfdb45af95b5b906a1"},"headline":"A Carreata do 13 foi recebida com festa por diversos bairros de Juazeiro","datePublished":"2020-11-06T19:00:38+00:00","mainEntityOfPage":{"@id":"https:\/\/blogdofarnesio.com.br\/?p=271362"},"wordCount":190,"publisher":{"@id":"https:\/\/blogdofarnesio.com.br\/#organization"},"image":{"@id":"https:\/\/blogdofarnesio.com.br\/?p=271362#primaryimage"},"thumbnailUrl":"https:\/\/blogdofarnesio.com.br\/wp-content\/uploads\/2020\/11\/A-Carreata-do-13-foi-recebida-com-festa-por-diversos-bairros-de-Juazeiro-2-e1604680740181.jpeg","articleSection":["Pol\u00edtica"],"inLanguage":"pt-BR"},{"@type":"WebPage","@id":"https:\/\/blogdofarnesio.com.br\/?p=271362","url":"https:\/\/blogdofarnesio.com.br\/?p=271362","name":"A Carreata do 13 foi recebida com festa por diversos bairros de Juazeiro - Blog do Farn\u00e9sio","isPartOf":{"@id":"https:\/\/blogdofarnesio.com.br\/#website"},"primaryImageOfPage":{"@id":"https:\/\/blogdofarnesio.com.br\/?p=271362#primaryimage"},"image":{"@id":"https:\/\/blogdofarnesio.com.br\/?p=271362#primaryimage"},"thumbnailUrl":"https:\/\/blogdofarnesio.com.br\/wp-content\/uploads\/2020\/11\/A-Carreata-do-13-foi-recebida-com-festa-por-diversos-bairros-de-Juazeiro-2-e1604680740181.jpeg","datePublished":"2020-11-06T19:00:38+00:00","breadcrumb":{"@id":"https:\/\/blogdofarnesio.com.br\/?p=271362#breadcrumb"},"inLanguage":"pt-BR","potentialAction":[{"@type":"ReadAction","target":["https:\/\/blogdofarnesio.com.br\/?p=271362"]}]},{"@type":"ImageObject","inLanguage":"pt-BR","@id":"https:\/\/blogdofarnesio.com.br\/?p=271362#primaryimage","url":"https:\/\/blogdofarnesio.com.br\/wp-content\/uploads\/2020\/11\/A-Carreata-do-13-foi-recebida-com-festa-por-diversos-bairros-de-Juazeiro-2-e1604680740181.jpeg","contentUrl":"https:\/\/blogdofarnesio.com.br\/wp-content\/uploads\/2020\/11\/A-Carreata-do-13-foi-recebida-com-festa-por-diversos-bairros-de-Juazeiro-2-e1604680740181.jpeg","width":660,"height":440},{"@type":"BreadcrumbList","@id":"https:\/\/blogdofarnesio.com.br\/?p=271362#breadcrumb","itemListElement":[{"@type":"ListItem","position":1,"name":"In\u00edcio","item":"https:\/\/blogdofarnesio.com.br\/"},{"@type":"ListItem","position":2,"name":"A Carreata do 13 foi recebida com festa por diversos bairros de Juazeiro"}]},{"@type":"WebSite","@id":"https:\/\/blogdofarnesio.com.br\/#website","url":"https:\/\/blogdofarnesio.com.br\/","name":"Blog do Farn\u00e9sio","description":"Quer Saber Pol\u00edtica?","publisher":{"@id":"https:\/\/blogdofarnesio.com.br\/#organization"},"potentialAction":[{"@type":"SearchAction","target":{"@type":"EntryPoint","urlTemplate":"https:\/\/blogdofarnesio.com.br\/?s={search_term_string}"},"query-input":{"@type":"PropertyValueSpecification","valueRequired":true,"valueName":"search_term_string"}}],"inLanguage":"pt-BR"},{"@type":"Organization","@id":"https:\/\/blogdofarnesio.com.br\/#organization","name":"Blog do Farn\u00e9sio","url":"https:\/\/blogdofarnesio.com.br\/","logo":{"@type":"ImageObject","inLanguage":"pt-BR","@id":"https:\/\/blogdofarnesio.com.br\/#\/schema\/logo\/image\/","url":"https:\/\/blogdofarnesio.com.br\/wp-content\/uploads\/2026\/03\/cropped-logo_new-1.png","contentUrl":"https:\/\/blogdofarnesio.com.br\/wp-content\/uploads\/2026\/03\/cropped-logo_new-1.png","width":881,"height":685,"caption":"Blog do Farn\u00e9sio"},"image":{"@id":"https:\/\/blogdofarnesio.com.br\/#\/schema\/logo\/image\/"},"sameAs":["https:\/\/www.facebook.com\/BlogQuerSaberPolitica\/"]},{"@type":"Person","@id":"https:\/\/blogdofarnesio.com.br\/#\/schema\/person\/301c4acf522bccbfdb45af95b5b906a1","name":"Farn\u00e9sio","image":{"@type":"ImageObject","inLanguage":"pt-BR","@id":"https:\/\/secure.gravatar.com\/avatar\/df0c9a14567c056f8ad6876ba5bbd1e3e2c48023eb6807342fc4663adf549f38?s=96&d=mm&r=g","url":"https:\/\/secure.gravatar.com\/avatar\/df0c9a14567c056f8ad6876ba5bbd1e3e2c48023eb6807342fc4663adf549f38?s=96&d=mm&r=g","contentUrl":"https:\/\/secure.gravatar.com\/avatar\/df0c9a14567c056f8ad6876ba5bbd1e3e2c48023eb6807342fc4663adf549f38?s=96&d=mm&r=g","caption":"Farn\u00e9sio"},"sameAs":["https:\/\/quersaberpolitica.com.br"],"url":"https:\/\/blogdofarnesio.com.br\/?author=1"}]}},"_links":{"self":[{"href":"https:\/\/blogdofarnesio.com.br\/index.php?rest_route=\/wp\/v2\/posts\/271362","targetHints":{"allow":["GET"]}}],"collection":[{"href":"https:\/\/blogdofarnesio.com.br\/index.php?rest_route=\/wp\/v2\/posts"}],"about":[{"href":"https:\/\/blogdofarnesio.com.br\/index.php?rest_route=\/wp\/v2\/types\/post"}],"author":[{"embeddable":true,"href":"https:\/\/blogdofarnesio.com.br\/index.php?rest_route=\/wp\/v2\/users\/1"}],"replies":[{"embeddable":true,"href":"https:\/\/blogdofarnesio.com.br\/index.php?rest_route=%2Fwp%2Fv2%2Fcomments&post=271362"}],"version-history":[{"count":0,"href":"https:\/\/blogdofarnesio.com.br\/index.php?rest_route=\/wp\/v2\/posts\/271362\/revisions"}],"wp:featuredmedia":[{"embeddable":true,"href":"https:\/\/blogdofarnesio.com.br\/index.php?rest_route=\/wp\/v2\/media\/271363"}],"wp:attachment":[{"href":"https:\/\/blogdofarnesio.com.br\/index.php?rest_route=%2Fwp%2Fv2%2Fmedia&parent=271362"}],"wp:term":[{"taxonomy":"category","embeddable":true,"href":"https:\/\/blogdofarnesio.com.br\/index.php?rest_route=%2Fwp%2Fv2%2Fcategories&post=271362"},{"taxonomy":"post_tag","embeddable":true,"href":"https:\/\/blogdofarnesio.com.br\/index.php?rest_route=%2Fwp%2Fv2%2Ftags&post=271362"}],"curies":[{"name":"wp","href":"https:\/\/api.w.org\/{rel}","templated":true}]}}