{"id":271360,"date":"2020-11-06T17:31:43","date_gmt":"2020-11-06T20:31:43","guid":{"rendered":"http:\/\/quersaberpolitica.com.br\/2016\/?p=271360"},"modified":"2020-11-06T13:43:45","modified_gmt":"2020-11-06T16:43:45","slug":"bolsonaro-investe-em-canal-que-levara-agua-do-velho-chico-para-42-municipios-de-alagoas","status":"publish","type":"post","link":"https:\/\/blogdofarnesio.com.br\/?p=271360","title":{"rendered":"Bolsonaro investe em Canal que levar\u00e1 \u00e1gua do Velho Chico para 42 munic\u00edpios de Alagoas"},"content":{"rendered":"<div class=\"row\">\n<div class=\"col-md-12\">\n<div class=\"entry-header\">\n<div class=\"jeg_meta_container\">\n<div class=\"jeg_post_meta jeg_post_meta_1\">\n<div class=\"meta_left\">O Canal do Sert\u00e3o Alagoano utiliza a \u00e1gua do Rio S\u00e3o Francisco para abastecer a \u00e1rea rural de 42 munic\u00edpios de Alagoas. Quando o projeto, que foi dividido em 8 fases, estiver conclu\u00eddo o canal vai ter 250 quil\u00f4metros de extens\u00e3o e beneficiar\u00e1 1 milh\u00e3o de pessoas.<img decoding=\"async\" src=\"https:\/\/agenciabrasil.ebc.com.br\/ebc.png?id=1392254&amp;o=node\" data-pin-no-hover=\"true\" \/><img decoding=\"async\" src=\"https:\/\/agenciabrasil.ebc.com.br\/ebc.gif?id=1392254&amp;o=node\" data-pin-no-hover=\"true\" \/><\/div>\n<div class=\"meta_right\"><\/div>\n<\/div>\n<\/div>\n<\/div>\n<div class=\"jeg_featured featured_image\">\n<div class=\"thumbnail-container animate-lazy\"><img loading=\"lazy\" decoding=\"async\" class=\"attachment-jnews-1140x570 wp-post-image lazyautosizes lazyloaded aligncenter\" src=\"https:\/\/diariodopoder.com.br\/wp-content\/uploads\/2020\/11\/Canal-do-Sert%C3%A3o-de-Alagoas-Foto-Neno-Canuto-Ag%C3%AAncia-Alagoas-1-1140x570.jpg\" sizes=\"auto, 1140px\" srcset=\"https:\/\/diariodopoder.com.br\/wp-content\/uploads\/2020\/11\/Canal-do-Sert\u00e3o-de-Alagoas-Foto-Neno-Canuto-Ag\u00eancia-Alagoas-1-1140x570.jpg 1140w, https:\/\/diariodopoder.com.br\/wp-content\/uploads\/2020\/11\/Canal-do-Sert\u00e3o-de-Alagoas-Foto-Neno-Canuto-Ag\u00eancia-Alagoas-1-360x180.jpg 360w, https:\/\/diariodopoder.com.br\/wp-content\/uploads\/2020\/11\/Canal-do-Sert\u00e3o-de-Alagoas-Foto-Neno-Canuto-Ag\u00eancia-Alagoas-1-750x375.jpg 750w\" alt=\"Bolsonaro investe em Canal que levar\u00e1 \u00e1gua do Velho Chico para 42 munic\u00edpios de Alagoas\" width=\"585\" height=\"293\" data-src=\"https:\/\/diariodopoder.com.br\/wp-content\/uploads\/2020\/11\/Canal-do-Sert\u00e3o-de-Alagoas-Foto-Neno-Canuto-Ag\u00eancia-Alagoas-1-1140x570.jpg\" data-sizes=\"auto\" data-srcset=\"https:\/\/diariodopoder.com.br\/wp-content\/uploads\/2020\/11\/Canal-do-Sert\u00e3o-de-Alagoas-Foto-Neno-Canuto-Ag\u00eancia-Alagoas-1-1140x570.jpg 1140w, https:\/\/diariodopoder.com.br\/wp-content\/uploads\/2020\/11\/Canal-do-Sert\u00e3o-de-Alagoas-Foto-Neno-Canuto-Ag\u00eancia-Alagoas-1-360x180.jpg 360w, https:\/\/diariodopoder.com.br\/wp-content\/uploads\/2020\/11\/Canal-do-Sert\u00e3o-de-Alagoas-Foto-Neno-Canuto-Ag\u00eancia-Alagoas-1-750x375.jpg 750w\" data-expand=\"700\" data-pin-no-hover=\"true\" \/><\/div>\n<p class=\"wp-caption-text\">Canal do Sert\u00e3o de Alagoas. Foto: Neno Canuto\/Ag\u00eancia Alagoas\/Arquivo<\/p>\n<\/div>\n<\/div>\n<\/div>\n<div class=\"row\">\n<div class=\"jeg_main_content col-md-no-sidebar-narrow\">\n<div class=\"entry-content no-share\">\n<div class=\"content-inner \">\n<p>O governo federal investiu R$ 12 milh\u00f5es para concluir a quarta fase da obra do Canal do Sert\u00e3o. O presidente Jair Bolsonaro vai participar nesta quinta-feira (4) da cerim\u00f4nia que marca a conclus\u00e3o desta etapa. Durante o evento vai ser anunciado novos investimentos de R$ 14,8 milh\u00f5es no projeto do canal.<\/p>\n<p>Desde o in\u00edcio do projeto que se arrasta h\u00e1 mais de 28 anos, j\u00e1 foram investidos mais de R$ 2,6 bilh\u00f5es em recursos federais no Canal do Sert\u00e3o, a maior obra de infraestrutura h\u00eddrica de Alagoas.<\/p>\n<p>Com o fim da quarta fase, 113 mil moradores do sert\u00e3o de Alagoas v\u00e3o ser beneficiados. E o\u00a0agricultor Jos\u00e9 La\u00e9rcio \u00e9 um deles. Ele tem 62 anos e sempre morou no sert\u00e3o. Jos\u00e9 conta que antes do canal precisava andar 36 quil\u00f4metros para buscar \u00e1gua. Agora, ele abre a torneira e consegue regar a planta\u00e7\u00e3o. \u201cAgora eu posso plantar de tudo o ano inteiro e n\u00e3o precisarei mais ficar um dia inteiro caminhando para buscar \u00e1gua\u201d, disse.<\/p>\n<figure id=\"attachment_304822\" class=\"wp-caption aligncenter\" style=\"width: 605px;\" aria-describedby=\"caption-attachment-304822\"><picture class=\"size-large wp-image-304822\"><source srcset=\"https:\/\/diariodopoder.com.br\/wp-content\/uploads\/2020\/11\/Agricultor-alagoano-Jos\u00e9-La\u00e9rcio-\u00e9-um-dos-beneficiados-pela-obra-do-Canal-do-Sert\u00e3o-de-Alagoas-Fot-1024x576.jpg.webp 1024w, https:\/\/diariodopoder.com.br\/wp-content\/uploads\/2020\/11\/Agricultor-alagoano-Jos\u00e9-La\u00e9rcio-\u00e9-um-dos-beneficiados-pela-obra-do-Canal-do-Sert\u00e3o-de-Alagoas-Fot-300x169.jpg.webp 300w, https:\/\/diariodopoder.com.br\/wp-content\/uploads\/2020\/11\/Agricultor-alagoano-Jos\u00e9-La\u00e9rcio-\u00e9-um-dos-beneficiados-pela-obra-do-Canal-do-Sert\u00e3o-de-Alagoas-Fot-150x84.jpg.webp 150w, https:\/\/diariodopoder.com.br\/wp-content\/uploads\/2020\/11\/Agricultor-alagoano-Jos\u00e9-La\u00e9rcio-\u00e9-um-dos-beneficiados-pela-obra-do-Canal-do-Sert\u00e3o-de-Alagoas-Fot-768x432.jpg.webp 768w, https:\/\/diariodopoder.com.br\/wp-content\/uploads\/2020\/11\/Agricultor-alagoano-Jos\u00e9-La\u00e9rcio-\u00e9-um-dos-beneficiados-pela-obra-do-Canal-do-Sert\u00e3o-de-Alagoas-Fot-1536x864.jpg.webp 1536w, https:\/\/diariodopoder.com.br\/wp-content\/uploads\/2020\/11\/Agricultor-alagoano-Jos\u00e9-La\u00e9rcio-\u00e9-um-dos-beneficiados-pela-obra-do-Canal-do-Sert\u00e3o-de-Alagoas-Fot.jpg.webp 1600w\" type=\"image\/webp\" sizes=\"(max-width: 1024px) 100vw, 1024px\" \/><img loading=\"lazy\" decoding=\"async\" class=\"\" src=\"https:\/\/diariodopoder.com.br\/wp-content\/uploads\/2020\/11\/Agricultor-alagoano-Jos%C3%A9-La%C3%A9rcio-%C3%A9-um-dos-beneficiados-pela-obra-do-Canal-do-Sert%C3%A3o-de-Alagoas-Fot-1024x576.jpg\" sizes=\"auto, (max-width: 1024px) 100vw, 1024px\" srcset=\"https:\/\/diariodopoder.com.br\/wp-content\/uploads\/2020\/11\/Agricultor-alagoano-Jos\u00e9-La\u00e9rcio-\u00e9-um-dos-beneficiados-pela-obra-do-Canal-do-Sert\u00e3o-de-Alagoas-Fot-1024x576.jpg 1024w, https:\/\/diariodopoder.com.br\/wp-content\/uploads\/2020\/11\/Agricultor-alagoano-Jos\u00e9-La\u00e9rcio-\u00e9-um-dos-beneficiados-pela-obra-do-Canal-do-Sert\u00e3o-de-Alagoas-Fot-300x169.jpg 300w, https:\/\/diariodopoder.com.br\/wp-content\/uploads\/2020\/11\/Agricultor-alagoano-Jos\u00e9-La\u00e9rcio-\u00e9-um-dos-beneficiados-pela-obra-do-Canal-do-Sert\u00e3o-de-Alagoas-Fot-150x84.jpg 150w, https:\/\/diariodopoder.com.br\/wp-content\/uploads\/2020\/11\/Agricultor-alagoano-Jos\u00e9-La\u00e9rcio-\u00e9-um-dos-beneficiados-pela-obra-do-Canal-do-Sert\u00e3o-de-Alagoas-Fot-768x432.jpg 768w, https:\/\/diariodopoder.com.br\/wp-content\/uploads\/2020\/11\/Agricultor-alagoano-Jos\u00e9-La\u00e9rcio-\u00e9-um-dos-beneficiados-pela-obra-do-Canal-do-Sert\u00e3o-de-Alagoas-Fot-1536x864.jpg 1536w, https:\/\/diariodopoder.com.br\/wp-content\/uploads\/2020\/11\/Agricultor-alagoano-Jos\u00e9-La\u00e9rcio-\u00e9-um-dos-beneficiados-pela-obra-do-Canal-do-Sert\u00e3o-de-Alagoas-Fot.jpg 1600w\" alt=\"\" width=\"605\" height=\"340\" data-pin-no-hover=\"true\" \/><\/picture><figcaption id=\"caption-attachment-304822\" class=\"wp-caption-text\">Agricultor alagoano Jos\u00e9 La\u00e9rcio \u00e9 um dos beneficiados pela obra do Canal do Sert\u00e3o de Alagoas. Foto: Maur\u00edcio Almeida\/TV Brasil<\/figcaption><\/figure>\n<p>O objetivo do Canal do Sert\u00e3o \u00e9 garantir o abastecimento para a popula\u00e7\u00e3o numa regi\u00e3o atingida pela seca. Os outros trechos do canal que j\u00e1 est\u00e3o em opera\u00e7\u00e3o abastecem 228 mil pessoas nos munic\u00edpios da regi\u00e3o do Alto Sert\u00e3o. A \u00e1gua tamb\u00e9m \u00e9 utilizada para irrigar planta\u00e7\u00f5es na \u00e1rea rural. S\u00e3o registradas mais de 500 capta\u00e7\u00f5es para produtores agr\u00edcolas, atividade pecu\u00e1ria e comunidades rurais.<\/p>\n<p>Valmir Santana que mora em Piranhas (AL) h\u00e1 40 anos e trabalhou como pedreiro na obra do canal comemora a chegada da \u00e1gua. \u201c\u00c1gua \u00e9 vida e o canal trouxe a vida para o sert\u00e3o.\u201d<\/p>\n<p>O presidente da Funda\u00e7\u00e3o Nacional de Sa\u00fade (Funasa), coronel Giovanne Silva, disse\u00a0que o canal vai abastecer o sert\u00e3o alagoano durante o ano inteiro. Outras obras para levar \u00e1gua para regi\u00f5es de seca est\u00e3o em andamento e v\u00e3o ser entregues nos pr\u00f3ximos meses e ao longo do ano que vem. \u201cA verdadeira entrega para a popula\u00e7\u00e3o brasileira de obras que estavam paradas e que agora est\u00e3o sendo entregues para o povo brasileiro\u201d.<\/p>\n<figure id=\"attachment_304823\" class=\"wp-caption aligncenter\" style=\"width: 665px;\" aria-describedby=\"caption-attachment-304823\"><picture class=\"size-large wp-image-304823\"><source srcset=\"https:\/\/diariodopoder.com.br\/wp-content\/uploads\/2020\/11\/\u00c0-margem-do-VePiranhas-\u00e9-destino-para-ecoturismo-no-sert\u00e3o-alagoano-Foto-Maur\u00edcio-Almeida-TV-Brasi-1024x576.jpg.webp 1024w, https:\/\/diariodopoder.com.br\/wp-content\/uploads\/2020\/11\/\u00c0-margem-do-VePiranhas-\u00e9-destino-para-ecoturismo-no-sert\u00e3o-alagoano-Foto-Maur\u00edcio-Almeida-TV-Brasi-300x169.jpg.webp 300w, https:\/\/diariodopoder.com.br\/wp-content\/uploads\/2020\/11\/\u00c0-margem-do-VePiranhas-\u00e9-destino-para-ecoturismo-no-sert\u00e3o-alagoano-Foto-Maur\u00edcio-Almeida-TV-Brasi-150x84.jpg.webp 150w, https:\/\/diariodopoder.com.br\/wp-content\/uploads\/2020\/11\/\u00c0-margem-do-VePiranhas-\u00e9-destino-para-ecoturismo-no-sert\u00e3o-alagoano-Foto-Maur\u00edcio-Almeida-TV-Brasi-768x432.jpg.webp 768w, https:\/\/diariodopoder.com.br\/wp-content\/uploads\/2020\/11\/\u00c0-margem-do-VePiranhas-\u00e9-destino-para-ecoturismo-no-sert\u00e3o-alagoano-Foto-Maur\u00edcio-Almeida-TV-Brasi-1536x864.jpg.webp 1536w\" type=\"image\/webp\" sizes=\"(max-width: 1024px) 100vw, 1024px\" \/><img loading=\"lazy\" decoding=\"async\" class=\"\" src=\"https:\/\/diariodopoder.com.br\/wp-content\/uploads\/2020\/11\/%C3%80-margem-do-VePiranhas-%C3%A9-destino-para-ecoturismo-no-sert%C3%A3o-alagoano-Foto-Maur%C3%ADcio-Almeida-TV-Brasi-1024x576.jpg\" sizes=\"auto, (max-width: 1024px) 100vw, 1024px\" srcset=\"https:\/\/diariodopoder.com.br\/wp-content\/uploads\/2020\/11\/\u00c0-margem-do-VePiranhas-\u00e9-destino-para-ecoturismo-no-sert\u00e3o-alagoano-Foto-Maur\u00edcio-Almeida-TV-Brasi-1024x576.jpg 1024w, https:\/\/diariodopoder.com.br\/wp-content\/uploads\/2020\/11\/\u00c0-margem-do-VePiranhas-\u00e9-destino-para-ecoturismo-no-sert\u00e3o-alagoano-Foto-Maur\u00edcio-Almeida-TV-Brasi-300x169.jpg 300w, https:\/\/diariodopoder.com.br\/wp-content\/uploads\/2020\/11\/\u00c0-margem-do-VePiranhas-\u00e9-destino-para-ecoturismo-no-sert\u00e3o-alagoano-Foto-Maur\u00edcio-Almeida-TV-Brasi-150x84.jpg 150w, https:\/\/diariodopoder.com.br\/wp-content\/uploads\/2020\/11\/\u00c0-margem-do-VePiranhas-\u00e9-destino-para-ecoturismo-no-sert\u00e3o-alagoano-Foto-Maur\u00edcio-Almeida-TV-Brasi-768x432.jpg 768w, https:\/\/diariodopoder.com.br\/wp-content\/uploads\/2020\/11\/\u00c0-margem-do-VePiranhas-\u00e9-destino-para-ecoturismo-no-sert\u00e3o-alagoano-Foto-Maur\u00edcio-Almeida-TV-Brasi-1536x864.jpg 1536w, https:\/\/diariodopoder.com.br\/wp-content\/uploads\/2020\/11\/\u00c0-margem-do-VePiranhas-\u00e9-destino-para-ecoturismo-no-sert\u00e3o-alagoano-Foto-Maur\u00edcio-Almeida-TV-Brasi.jpg 1600w\" alt=\"\" width=\"665\" height=\"374\" data-pin-no-hover=\"true\" \/><\/picture><figcaption id=\"caption-attachment-304823\" class=\"wp-caption-text\">\u00c0 margem do Velho Chico, Piranhas \u00e9 destino para ecoturismo no sert\u00e3o alagoano. Foto: Maur\u00edcio Almeida\/TV Brasil<\/figcaption><\/figure>\n<h4><strong>Ecoturismo<\/strong><\/h4>\n<p>A cidade de Piranhas em Alagoas, na divisa com o estado de Sergipe, \u00e9 famosa porque foi o local onde o cangaceiro Lampi\u00e3o e o seu bando foram capturados. A hist\u00f3ria do canga\u00e7o \u00e9 contada num museu que fica no centro hist\u00f3rico de Piranhas. Na cidade tamb\u00e9m est\u00e3o diversas constru\u00e7\u00f5es do s\u00e9culo 19, que deram ao munic\u00edpio, que tem cerca de 25 mil habitantes, o t\u00edtulo de Patrim\u00f4nio Hist\u00f3rico Nacional.<\/p>\n<p>Al\u00e9m da riqueza hist\u00f3rica, Piranhas \u00e9 um roteiro ligado ao ecoturismo no sert\u00e3o alagoano devido aos c\u00e2nions do Rio S\u00e3o Francisco. Durante a visita ao munic\u00edpio, o presidente Jair Bolsonaro vai sobrevoar a regi\u00e3o dos c\u00e2nions.<\/p>\n<p>Turistas que visitam a cidade costumam fazer passeios de barco para explorar o local. Durante a navega\u00e7\u00e3o eles conseguem admirar a \u00e1gua verde do Rio S\u00e3o Francisco e os grandes pared\u00f5es de pedras alaranjadas. Normalmente o passeio termina com um mergulho nas praias do rio.<\/p>\n<p>Estas atra\u00e7\u00f5es tur\u00edsticas fazem com que Piranhas seja a terceira cidade mais visitada de Alagoas, ficando atr\u00e1s da capital Macei\u00f3 e de Maragogi, onde ficam as piscinas naturais. (Com informa\u00e7\u00f5es da\u00a0<em>Ag\u00eancia Brasil<\/em>)<\/p>\n<\/div>\n<\/div>\n<\/div>\n<\/div>\n","protected":false},"excerpt":{"rendered":"<p>O Canal do Sert\u00e3o Alagoano utiliza a \u00e1gua do Rio S\u00e3o Francisco para abastecer a \u00e1rea rural de 42 munic\u00edpios de Alagoas. Quando o projeto, que foi dividido em 8 fases, estiver conclu\u00eddo o canal vai ter 250 quil\u00f4metros de extens\u00e3o e beneficiar\u00e1 1 milh\u00e3o de pessoas. Canal do Sert\u00e3o de Alagoas. Foto: Neno Canuto\/Ag\u00eancia Alagoas\/Arquivo O governo federal investiu R$ 12 milh\u00f5es para concluir a quarta fase da obra do Canal do Sert\u00e3o. O presidente Jair Bolsonaro vai participar nesta quinta-feira (4) da cerim\u00f4nia que marca a conclus\u00e3o desta etapa. Durante o evento vai ser anunciado novos investimentos de R$ 14,8 milh\u00f5es no projeto do canal. Desde o in\u00edcio do projeto que se arrasta h\u00e1 mais de 28 anos,&hellip; <\/p>\n","protected":false},"author":1,"featured_media":227431,"comment_status":"closed","ping_status":"closed","sticky":false,"template":"","format":"standard","meta":{"_acf_changed":false,"footnotes":""},"categories":[56,13],"tags":[],"class_list":["post-271360","post","type-post","status-publish","format-standard","has-post-thumbnail","hentry","category-agua","category-fruticultura"],"acf":[],"yoast_head":"<!-- This site is optimized with the Yoast SEO plugin v27.4 - https:\/\/yoast.com\/product\/yoast-seo-wordpress\/ -->\n<title>Bolsonaro investe em Canal que levar\u00e1 \u00e1gua do Velho Chico para 42 munic\u00edpios de Alagoas - Blog do Farn\u00e9sio<\/title>\n<meta name=\"robots\" content=\"index, follow, max-snippet:-1, max-image-preview:large, max-video-preview:-1\" \/>\n<link rel=\"canonical\" href=\"https:\/\/blogdofarnesio.com.br\/?p=271360\" \/>\n<meta property=\"og:locale\" content=\"pt_BR\" \/>\n<meta property=\"og:type\" content=\"article\" \/>\n<meta property=\"og:title\" content=\"Bolsonaro investe em Canal que levar\u00e1 \u00e1gua do Velho Chico para 42 munic\u00edpios de Alagoas - Blog do Farn\u00e9sio\" \/>\n<meta property=\"og:description\" content=\"O Canal do Sert\u00e3o Alagoano utiliza a \u00e1gua do Rio S\u00e3o Francisco para abastecer a \u00e1rea rural de 42 munic\u00edpios de Alagoas. Quando o projeto, que foi dividido em 8 fases, estiver conclu\u00eddo o canal vai ter 250 quil\u00f4metros de extens\u00e3o e beneficiar\u00e1 1 milh\u00e3o de pessoas. Canal do Sert\u00e3o de Alagoas. Foto: Neno Canuto\/Ag\u00eancia Alagoas\/Arquivo O governo federal investiu R$ 12 milh\u00f5es para concluir a quarta fase da obra do Canal do Sert\u00e3o. O presidente Jair Bolsonaro vai participar nesta quinta-feira (4) da cerim\u00f4nia que marca a conclus\u00e3o desta etapa. Durante o evento vai ser anunciado novos investimentos de R$ 14,8 milh\u00f5es no projeto do canal. Desde o in\u00edcio do projeto que se arrasta h\u00e1 mais de 28 anos,&hellip;\" \/>\n<meta property=\"og:url\" content=\"https:\/\/blogdofarnesio.com.br\/?p=271360\" \/>\n<meta property=\"og:site_name\" content=\"Blog do Farn\u00e9sio\" \/>\n<meta property=\"article:publisher\" content=\"https:\/\/www.facebook.com\/BlogQuerSaberPolitica\/\" \/>\n<meta property=\"article:published_time\" content=\"2020-11-06T20:31:43+00:00\" \/>\n<meta property=\"og:image\" content=\"https:\/\/blogdofarnesio.com.br\/wp-content\/uploads\/2019\/05\/blogqspCanal-do-Sertao-Alagoano-Foto-Ascom-Semarh-e1557242394186-1024x576-e1604680522290.jpg\" \/>\n\t<meta property=\"og:image:width\" content=\"624\" \/>\n\t<meta property=\"og:image:height\" content=\"351\" \/>\n\t<meta property=\"og:image:type\" content=\"image\/jpeg\" \/>\n<meta name=\"author\" content=\"Farn\u00e9sio\" \/>\n<meta name=\"twitter:card\" content=\"summary_large_image\" \/>\n<meta name=\"twitter:label1\" content=\"Escrito por\" \/>\n\t<meta name=\"twitter:data1\" content=\"Farn\u00e9sio\" \/>\n\t<meta name=\"twitter:label2\" content=\"Est. tempo de leitura\" \/>\n\t<meta name=\"twitter:data2\" content=\"3 minutos\" \/>\n<script type=\"application\/ld+json\" class=\"yoast-schema-graph\">{\"@context\":\"https:\\\/\\\/schema.org\",\"@graph\":[{\"@type\":\"Article\",\"@id\":\"https:\\\/\\\/blogdofarnesio.com.br\\\/?p=271360#article\",\"isPartOf\":{\"@id\":\"https:\\\/\\\/blogdofarnesio.com.br\\\/?p=271360\"},\"author\":{\"name\":\"Farn\u00e9sio\",\"@id\":\"https:\\\/\\\/blogdofarnesio.com.br\\\/#\\\/schema\\\/person\\\/301c4acf522bccbfdb45af95b5b906a1\"},\"headline\":\"Bolsonaro investe em Canal que levar\u00e1 \u00e1gua do Velho Chico para 42 munic\u00edpios de Alagoas\",\"datePublished\":\"2020-11-06T20:31:43+00:00\",\"mainEntityOfPage\":{\"@id\":\"https:\\\/\\\/blogdofarnesio.com.br\\\/?p=271360\"},\"wordCount\":688,\"publisher\":{\"@id\":\"https:\\\/\\\/blogdofarnesio.com.br\\\/#organization\"},\"image\":{\"@id\":\"https:\\\/\\\/blogdofarnesio.com.br\\\/?p=271360#primaryimage\"},\"thumbnailUrl\":\"https:\\\/\\\/blogdofarnesio.com.br\\\/wp-content\\\/uploads\\\/2019\\\/05\\\/blogqspCanal-do-Sertao-Alagoano-Foto-Ascom-Semarh-e1557242394186-1024x576-e1604680522290.jpg\",\"articleSection\":[\"\u00c1gua\",\"Fruticultura\"],\"inLanguage\":\"pt-BR\"},{\"@type\":\"WebPage\",\"@id\":\"https:\\\/\\\/blogdofarnesio.com.br\\\/?p=271360\",\"url\":\"https:\\\/\\\/blogdofarnesio.com.br\\\/?p=271360\",\"name\":\"Bolsonaro investe em Canal que levar\u00e1 \u00e1gua do Velho Chico para 42 munic\u00edpios de Alagoas - Blog do Farn\u00e9sio\",\"isPartOf\":{\"@id\":\"https:\\\/\\\/blogdofarnesio.com.br\\\/#website\"},\"primaryImageOfPage\":{\"@id\":\"https:\\\/\\\/blogdofarnesio.com.br\\\/?p=271360#primaryimage\"},\"image\":{\"@id\":\"https:\\\/\\\/blogdofarnesio.com.br\\\/?p=271360#primaryimage\"},\"thumbnailUrl\":\"https:\\\/\\\/blogdofarnesio.com.br\\\/wp-content\\\/uploads\\\/2019\\\/05\\\/blogqspCanal-do-Sertao-Alagoano-Foto-Ascom-Semarh-e1557242394186-1024x576-e1604680522290.jpg\",\"datePublished\":\"2020-11-06T20:31:43+00:00\",\"breadcrumb\":{\"@id\":\"https:\\\/\\\/blogdofarnesio.com.br\\\/?p=271360#breadcrumb\"},\"inLanguage\":\"pt-BR\",\"potentialAction\":[{\"@type\":\"ReadAction\",\"target\":[\"https:\\\/\\\/blogdofarnesio.com.br\\\/?p=271360\"]}]},{\"@type\":\"ImageObject\",\"inLanguage\":\"pt-BR\",\"@id\":\"https:\\\/\\\/blogdofarnesio.com.br\\\/?p=271360#primaryimage\",\"url\":\"https:\\\/\\\/blogdofarnesio.com.br\\\/wp-content\\\/uploads\\\/2019\\\/05\\\/blogqspCanal-do-Sertao-Alagoano-Foto-Ascom-Semarh-e1557242394186-1024x576-e1604680522290.jpg\",\"contentUrl\":\"https:\\\/\\\/blogdofarnesio.com.br\\\/wp-content\\\/uploads\\\/2019\\\/05\\\/blogqspCanal-do-Sertao-Alagoano-Foto-Ascom-Semarh-e1557242394186-1024x576-e1604680522290.jpg\",\"width\":624,\"height\":351,\"caption\":\"Canal do Sert\u00e3o Alagoano\"},{\"@type\":\"BreadcrumbList\",\"@id\":\"https:\\\/\\\/blogdofarnesio.com.br\\\/?p=271360#breadcrumb\",\"itemListElement\":[{\"@type\":\"ListItem\",\"position\":1,\"name\":\"In\u00edcio\",\"item\":\"https:\\\/\\\/blogdofarnesio.com.br\\\/\"},{\"@type\":\"ListItem\",\"position\":2,\"name\":\"Bolsonaro investe em Canal que levar\u00e1 \u00e1gua do Velho Chico para 42 munic\u00edpios de Alagoas\"}]},{\"@type\":\"WebSite\",\"@id\":\"https:\\\/\\\/blogdofarnesio.com.br\\\/#website\",\"url\":\"https:\\\/\\\/blogdofarnesio.com.br\\\/\",\"name\":\"Blog do Farn\u00e9sio\",\"description\":\"Quer Saber Pol\u00edtica?\",\"publisher\":{\"@id\":\"https:\\\/\\\/blogdofarnesio.com.br\\\/#organization\"},\"potentialAction\":[{\"@type\":\"SearchAction\",\"target\":{\"@type\":\"EntryPoint\",\"urlTemplate\":\"https:\\\/\\\/blogdofarnesio.com.br\\\/?s={search_term_string}\"},\"query-input\":{\"@type\":\"PropertyValueSpecification\",\"valueRequired\":true,\"valueName\":\"search_term_string\"}}],\"inLanguage\":\"pt-BR\"},{\"@type\":\"Organization\",\"@id\":\"https:\\\/\\\/blogdofarnesio.com.br\\\/#organization\",\"name\":\"Blog do Farn\u00e9sio\",\"url\":\"https:\\\/\\\/blogdofarnesio.com.br\\\/\",\"logo\":{\"@type\":\"ImageObject\",\"inLanguage\":\"pt-BR\",\"@id\":\"https:\\\/\\\/blogdofarnesio.com.br\\\/#\\\/schema\\\/logo\\\/image\\\/\",\"url\":\"https:\\\/\\\/blogdofarnesio.com.br\\\/wp-content\\\/uploads\\\/2026\\\/03\\\/cropped-logo_new-1.png\",\"contentUrl\":\"https:\\\/\\\/blogdofarnesio.com.br\\\/wp-content\\\/uploads\\\/2026\\\/03\\\/cropped-logo_new-1.png\",\"width\":881,\"height\":685,\"caption\":\"Blog do Farn\u00e9sio\"},\"image\":{\"@id\":\"https:\\\/\\\/blogdofarnesio.com.br\\\/#\\\/schema\\\/logo\\\/image\\\/\"},\"sameAs\":[\"https:\\\/\\\/www.facebook.com\\\/BlogQuerSaberPolitica\\\/\"]},{\"@type\":\"Person\",\"@id\":\"https:\\\/\\\/blogdofarnesio.com.br\\\/#\\\/schema\\\/person\\\/301c4acf522bccbfdb45af95b5b906a1\",\"name\":\"Farn\u00e9sio\",\"image\":{\"@type\":\"ImageObject\",\"inLanguage\":\"pt-BR\",\"@id\":\"https:\\\/\\\/secure.gravatar.com\\\/avatar\\\/df0c9a14567c056f8ad6876ba5bbd1e3e2c48023eb6807342fc4663adf549f38?s=96&d=mm&r=g\",\"url\":\"https:\\\/\\\/secure.gravatar.com\\\/avatar\\\/df0c9a14567c056f8ad6876ba5bbd1e3e2c48023eb6807342fc4663adf549f38?s=96&d=mm&r=g\",\"contentUrl\":\"https:\\\/\\\/secure.gravatar.com\\\/avatar\\\/df0c9a14567c056f8ad6876ba5bbd1e3e2c48023eb6807342fc4663adf549f38?s=96&d=mm&r=g\",\"caption\":\"Farn\u00e9sio\"},\"sameAs\":[\"https:\\\/\\\/quersaberpolitica.com.br\"],\"url\":\"https:\\\/\\\/blogdofarnesio.com.br\\\/?author=1\"}]}<\/script>\n<!-- \/ Yoast SEO plugin. -->","yoast_head_json":{"title":"Bolsonaro investe em Canal que levar\u00e1 \u00e1gua do Velho Chico para 42 munic\u00edpios de Alagoas - Blog do Farn\u00e9sio","robots":{"index":"index","follow":"follow","max-snippet":"max-snippet:-1","max-image-preview":"max-image-preview:large","max-video-preview":"max-video-preview:-1"},"canonical":"https:\/\/blogdofarnesio.com.br\/?p=271360","og_locale":"pt_BR","og_type":"article","og_title":"Bolsonaro investe em Canal que levar\u00e1 \u00e1gua do Velho Chico para 42 munic\u00edpios de Alagoas - Blog do Farn\u00e9sio","og_description":"O Canal do Sert\u00e3o Alagoano utiliza a \u00e1gua do Rio S\u00e3o Francisco para abastecer a \u00e1rea rural de 42 munic\u00edpios de Alagoas. Quando o projeto, que foi dividido em 8 fases, estiver conclu\u00eddo o canal vai ter 250 quil\u00f4metros de extens\u00e3o e beneficiar\u00e1 1 milh\u00e3o de pessoas. Canal do Sert\u00e3o de Alagoas. Foto: Neno Canuto\/Ag\u00eancia Alagoas\/Arquivo O governo federal investiu R$ 12 milh\u00f5es para concluir a quarta fase da obra do Canal do Sert\u00e3o. O presidente Jair Bolsonaro vai participar nesta quinta-feira (4) da cerim\u00f4nia que marca a conclus\u00e3o desta etapa. Durante o evento vai ser anunciado novos investimentos de R$ 14,8 milh\u00f5es no projeto do canal. Desde o in\u00edcio do projeto que se arrasta h\u00e1 mais de 28 anos,&hellip;","og_url":"https:\/\/blogdofarnesio.com.br\/?p=271360","og_site_name":"Blog do Farn\u00e9sio","article_publisher":"https:\/\/www.facebook.com\/BlogQuerSaberPolitica\/","article_published_time":"2020-11-06T20:31:43+00:00","og_image":[{"width":624,"height":351,"url":"https:\/\/blogdofarnesio.com.br\/wp-content\/uploads\/2019\/05\/blogqspCanal-do-Sertao-Alagoano-Foto-Ascom-Semarh-e1557242394186-1024x576-e1604680522290.jpg","type":"image\/jpeg"}],"author":"Farn\u00e9sio","twitter_card":"summary_large_image","twitter_misc":{"Escrito por":"Farn\u00e9sio","Est. tempo de leitura":"3 minutos"},"schema":{"@context":"https:\/\/schema.org","@graph":[{"@type":"Article","@id":"https:\/\/blogdofarnesio.com.br\/?p=271360#article","isPartOf":{"@id":"https:\/\/blogdofarnesio.com.br\/?p=271360"},"author":{"name":"Farn\u00e9sio","@id":"https:\/\/blogdofarnesio.com.br\/#\/schema\/person\/301c4acf522bccbfdb45af95b5b906a1"},"headline":"Bolsonaro investe em Canal que levar\u00e1 \u00e1gua do Velho Chico para 42 munic\u00edpios de Alagoas","datePublished":"2020-11-06T20:31:43+00:00","mainEntityOfPage":{"@id":"https:\/\/blogdofarnesio.com.br\/?p=271360"},"wordCount":688,"publisher":{"@id":"https:\/\/blogdofarnesio.com.br\/#organization"},"image":{"@id":"https:\/\/blogdofarnesio.com.br\/?p=271360#primaryimage"},"thumbnailUrl":"https:\/\/blogdofarnesio.com.br\/wp-content\/uploads\/2019\/05\/blogqspCanal-do-Sertao-Alagoano-Foto-Ascom-Semarh-e1557242394186-1024x576-e1604680522290.jpg","articleSection":["\u00c1gua","Fruticultura"],"inLanguage":"pt-BR"},{"@type":"WebPage","@id":"https:\/\/blogdofarnesio.com.br\/?p=271360","url":"https:\/\/blogdofarnesio.com.br\/?p=271360","name":"Bolsonaro investe em Canal que levar\u00e1 \u00e1gua do Velho Chico para 42 munic\u00edpios de Alagoas - Blog do Farn\u00e9sio","isPartOf":{"@id":"https:\/\/blogdofarnesio.com.br\/#website"},"primaryImageOfPage":{"@id":"https:\/\/blogdofarnesio.com.br\/?p=271360#primaryimage"},"image":{"@id":"https:\/\/blogdofarnesio.com.br\/?p=271360#primaryimage"},"thumbnailUrl":"https:\/\/blogdofarnesio.com.br\/wp-content\/uploads\/2019\/05\/blogqspCanal-do-Sertao-Alagoano-Foto-Ascom-Semarh-e1557242394186-1024x576-e1604680522290.jpg","datePublished":"2020-11-06T20:31:43+00:00","breadcrumb":{"@id":"https:\/\/blogdofarnesio.com.br\/?p=271360#breadcrumb"},"inLanguage":"pt-BR","potentialAction":[{"@type":"ReadAction","target":["https:\/\/blogdofarnesio.com.br\/?p=271360"]}]},{"@type":"ImageObject","inLanguage":"pt-BR","@id":"https:\/\/blogdofarnesio.com.br\/?p=271360#primaryimage","url":"https:\/\/blogdofarnesio.com.br\/wp-content\/uploads\/2019\/05\/blogqspCanal-do-Sertao-Alagoano-Foto-Ascom-Semarh-e1557242394186-1024x576-e1604680522290.jpg","contentUrl":"https:\/\/blogdofarnesio.com.br\/wp-content\/uploads\/2019\/05\/blogqspCanal-do-Sertao-Alagoano-Foto-Ascom-Semarh-e1557242394186-1024x576-e1604680522290.jpg","width":624,"height":351,"caption":"Canal do Sert\u00e3o Alagoano"},{"@type":"BreadcrumbList","@id":"https:\/\/blogdofarnesio.com.br\/?p=271360#breadcrumb","itemListElement":[{"@type":"ListItem","position":1,"name":"In\u00edcio","item":"https:\/\/blogdofarnesio.com.br\/"},{"@type":"ListItem","position":2,"name":"Bolsonaro investe em Canal que levar\u00e1 \u00e1gua do Velho Chico para 42 munic\u00edpios de Alagoas"}]},{"@type":"WebSite","@id":"https:\/\/blogdofarnesio.com.br\/#website","url":"https:\/\/blogdofarnesio.com.br\/","name":"Blog do Farn\u00e9sio","description":"Quer Saber Pol\u00edtica?","publisher":{"@id":"https:\/\/blogdofarnesio.com.br\/#organization"},"potentialAction":[{"@type":"SearchAction","target":{"@type":"EntryPoint","urlTemplate":"https:\/\/blogdofarnesio.com.br\/?s={search_term_string}"},"query-input":{"@type":"PropertyValueSpecification","valueRequired":true,"valueName":"search_term_string"}}],"inLanguage":"pt-BR"},{"@type":"Organization","@id":"https:\/\/blogdofarnesio.com.br\/#organization","name":"Blog do Farn\u00e9sio","url":"https:\/\/blogdofarnesio.com.br\/","logo":{"@type":"ImageObject","inLanguage":"pt-BR","@id":"https:\/\/blogdofarnesio.com.br\/#\/schema\/logo\/image\/","url":"https:\/\/blogdofarnesio.com.br\/wp-content\/uploads\/2026\/03\/cropped-logo_new-1.png","contentUrl":"https:\/\/blogdofarnesio.com.br\/wp-content\/uploads\/2026\/03\/cropped-logo_new-1.png","width":881,"height":685,"caption":"Blog do Farn\u00e9sio"},"image":{"@id":"https:\/\/blogdofarnesio.com.br\/#\/schema\/logo\/image\/"},"sameAs":["https:\/\/www.facebook.com\/BlogQuerSaberPolitica\/"]},{"@type":"Person","@id":"https:\/\/blogdofarnesio.com.br\/#\/schema\/person\/301c4acf522bccbfdb45af95b5b906a1","name":"Farn\u00e9sio","image":{"@type":"ImageObject","inLanguage":"pt-BR","@id":"https:\/\/secure.gravatar.com\/avatar\/df0c9a14567c056f8ad6876ba5bbd1e3e2c48023eb6807342fc4663adf549f38?s=96&d=mm&r=g","url":"https:\/\/secure.gravatar.com\/avatar\/df0c9a14567c056f8ad6876ba5bbd1e3e2c48023eb6807342fc4663adf549f38?s=96&d=mm&r=g","contentUrl":"https:\/\/secure.gravatar.com\/avatar\/df0c9a14567c056f8ad6876ba5bbd1e3e2c48023eb6807342fc4663adf549f38?s=96&d=mm&r=g","caption":"Farn\u00e9sio"},"sameAs":["https:\/\/quersaberpolitica.com.br"],"url":"https:\/\/blogdofarnesio.com.br\/?author=1"}]}},"_links":{"self":[{"href":"https:\/\/blogdofarnesio.com.br\/index.php?rest_route=\/wp\/v2\/posts\/271360","targetHints":{"allow":["GET"]}}],"collection":[{"href":"https:\/\/blogdofarnesio.com.br\/index.php?rest_route=\/wp\/v2\/posts"}],"about":[{"href":"https:\/\/blogdofarnesio.com.br\/index.php?rest_route=\/wp\/v2\/types\/post"}],"author":[{"embeddable":true,"href":"https:\/\/blogdofarnesio.com.br\/index.php?rest_route=\/wp\/v2\/users\/1"}],"replies":[{"embeddable":true,"href":"https:\/\/blogdofarnesio.com.br\/index.php?rest_route=%2Fwp%2Fv2%2Fcomments&post=271360"}],"version-history":[{"count":0,"href":"https:\/\/blogdofarnesio.com.br\/index.php?rest_route=\/wp\/v2\/posts\/271360\/revisions"}],"wp:featuredmedia":[{"embeddable":true,"href":"https:\/\/blogdofarnesio.com.br\/index.php?rest_route=\/wp\/v2\/media\/227431"}],"wp:attachment":[{"href":"https:\/\/blogdofarnesio.com.br\/index.php?rest_route=%2Fwp%2Fv2%2Fmedia&parent=271360"}],"wp:term":[{"taxonomy":"category","embeddable":true,"href":"https:\/\/blogdofarnesio.com.br\/index.php?rest_route=%2Fwp%2Fv2%2Fcategories&post=271360"},{"taxonomy":"post_tag","embeddable":true,"href":"https:\/\/blogdofarnesio.com.br\/index.php?rest_route=%2Fwp%2Fv2%2Ftags&post=271360"}],"curies":[{"name":"wp","href":"https:\/\/api.w.org\/{rel}","templated":true}]}}