{"id":270678,"date":"2020-10-29T10:43:06","date_gmt":"2020-10-29T13:43:06","guid":{"rendered":"http:\/\/quersaberpolitica.com.br\/2016\/?p=270678"},"modified":"2020-10-29T10:44:41","modified_gmt":"2020-10-29T13:44:41","slug":"profissionais-da-saude-participam-de-capacitacoes-para-recebimento-de-cadeiras-de-rodas-em-juazeiro","status":"publish","type":"post","link":"https:\/\/blogdofarnesio.com.br\/2020\/10\/profissionais-da-saude-participam-de-capacitacoes-para-recebimento-de-cadeiras-de-rodas-em-juazeiro\/","title":{"rendered":"Profissionais da sa\u00fade participam de capacita\u00e7\u00f5es para recebimento de cadeiras de rodas em Juazeiro"},"content":{"rendered":"<p>A partir de uma parceria entre a Prefeitura de Juazeiro atrav\u00e9s da Secretaria da Sa\u00fade e a Igreja de Jesus Cristo dos Santos dos \u00daltimos Dias, profissionais da sa\u00fade atuantes no Centro Regional de Preven\u00e7\u00e3o, Reabilita\u00e7\u00e3o e Inclus\u00e3o Social (CERPRIS) est\u00e3o participando desde o \u00faltimo s\u00e1bado (24) de cursos profissionalizantes sobre manuseio e uso correto de cadeiras de rodas adaptadas para as mais diferentes necessidades dos pacientes atendidos no CERPRIS de Juazeiro.<\/p>\n<p>Essa parceria j\u00e1 existe h\u00e1 mais de dois anos. Ainda em 2018, membros da igreja estiveram em Juazeiro, visitaram a sede do CERPRIS e viram que se encaixava nos projetos filantr\u00f3picos desenvolvidos por eles. Em 2019 os membros retornaram e firmaram a parceria, mas para que o munic\u00edpio recebesse as cadeiras, era necess\u00e1ria a capacita\u00e7\u00e3o dos profissionais de fisioterapia e terapia ocupacional que envolve teoria e pr\u00e1tica.<\/p>\n<p>No \u00faltimo s\u00e1bado (24) e no decorrer da semana, os encontros aconteceram no Centro de Sa\u00fade 3. Nesta sexta-feira (29), as orienta\u00e7\u00f5es pr\u00e1ticas acontecem na sede do CERPRIS.<\/p>\n<p>\u201cEstamos h\u00e1 dois anos aguardando por este momento de capacita\u00e7\u00e3o para a doa\u00e7\u00e3o das cadeiras de rodas para nossos pacientes. Esta qualifica\u00e7\u00e3o j\u00e1 era para ter acontecido, mas devido \u00e0 pandemia resolveram suspender os treinamento no primeiro semestre deste ano e, estamos agora recebendo-os para esta capacita\u00e7\u00e3o. Para o treinamento estamos com 26 cadeiras de rodas no CERPRIS, mas a doa\u00e7\u00e3o da igreja ser\u00e1 de 200 a 300 cadeiras, n\u00e3o sabemos ainda a data da doa\u00e7\u00e3o, mas ser\u00e3o muito bem vindas quando chegarem \u201d, afirmou a gerente do CERPRIS, Nirley Soares.<\/p>\n","protected":false},"excerpt":{"rendered":"<p>A partir de uma parceria entre a Prefeitura de Juazeiro atrav\u00e9s da Secretaria da Sa\u00fade e a Igreja de Jesus Cristo dos Santos dos \u00daltimos Dias, profissionais da sa\u00fade atuantes no Centro Regional de Preven\u00e7\u00e3o, Reabilita\u00e7\u00e3o e Inclus\u00e3o Social (CERPRIS) est\u00e3o participando desde o \u00faltimo s\u00e1bado (24) de cursos profissionalizantes sobre manuseio e uso correto de cadeiras de rodas adaptadas para as mais diferentes necessidades dos pacientes atendidos no CERPRIS de Juazeiro. Essa parceria j\u00e1 existe h\u00e1 mais de dois anos. Ainda em 2018, membros da igreja estiveram em Juazeiro, visitaram a sede do CERPRIS e viram que se encaixava nos projetos filantr\u00f3picos desenvolvidos por eles. Em 2019 os membros retornaram e firmaram a parceria, mas para que o munic\u00edpio&hellip; <\/p>\n","protected":false},"author":1,"featured_media":270679,"comment_status":"closed","ping_status":"closed","sticky":false,"template":"","format":"standard","meta":{"_acf_changed":false,"footnotes":""},"categories":[22,4],"tags":[],"class_list":["post-270678","post","type-post","status-publish","format-standard","has-post-thumbnail","hentry","category-acao-social","category-saude"],"acf":[],"yoast_head":"<!-- This site is optimized with the Yoast SEO plugin v27.5 - https:\/\/yoast.com\/product\/yoast-seo-wordpress\/ -->\n<title>Profissionais da sa\u00fade participam de capacita\u00e7\u00f5es para recebimento de cadeiras de rodas em Juazeiro - Blog do Farn\u00e9sio<\/title>\n<meta name=\"robots\" content=\"index, follow, max-snippet:-1, max-image-preview:large, max-video-preview:-1\" \/>\n<link rel=\"canonical\" href=\"https:\/\/blogdofarnesio.com.br\/2020\/10\/profissionais-da-saude-participam-de-capacitacoes-para-recebimento-de-cadeiras-de-rodas-em-juazeiro\/\" \/>\n<meta property=\"og:locale\" content=\"pt_BR\" \/>\n<meta property=\"og:type\" content=\"article\" \/>\n<meta property=\"og:title\" content=\"Profissionais da sa\u00fade participam de capacita\u00e7\u00f5es para recebimento de cadeiras de rodas em Juazeiro - Blog do Farn\u00e9sio\" \/>\n<meta property=\"og:description\" content=\"A partir de uma parceria entre a Prefeitura de Juazeiro atrav\u00e9s da Secretaria da Sa\u00fade e a Igreja de Jesus Cristo dos Santos dos \u00daltimos Dias, profissionais da sa\u00fade atuantes no Centro Regional de Preven\u00e7\u00e3o, Reabilita\u00e7\u00e3o e Inclus\u00e3o Social (CERPRIS) est\u00e3o participando desde o \u00faltimo s\u00e1bado (24) de cursos profissionalizantes sobre manuseio e uso correto de cadeiras de rodas adaptadas para as mais diferentes necessidades dos pacientes atendidos no CERPRIS de Juazeiro. Essa parceria j\u00e1 existe h\u00e1 mais de dois anos. Ainda em 2018, membros da igreja estiveram em Juazeiro, visitaram a sede do CERPRIS e viram que se encaixava nos projetos filantr\u00f3picos desenvolvidos por eles. Em 2019 os membros retornaram e firmaram a parceria, mas para que o munic\u00edpio&hellip;\" \/>\n<meta property=\"og:url\" content=\"https:\/\/blogdofarnesio.com.br\/2020\/10\/profissionais-da-saude-participam-de-capacitacoes-para-recebimento-de-cadeiras-de-rodas-em-juazeiro\/\" \/>\n<meta property=\"og:site_name\" content=\"Blog do Farn\u00e9sio\" \/>\n<meta property=\"article:publisher\" content=\"https:\/\/www.facebook.com\/BlogQuerSaberPolitica\/\" \/>\n<meta property=\"article:published_time\" content=\"2020-10-29T13:43:06+00:00\" \/>\n<meta property=\"article:modified_time\" content=\"2020-10-29T13:44:41+00:00\" \/>\n<meta property=\"og:image\" content=\"https:\/\/blogdofarnesio.com.br\/wp-content\/uploads\/2020\/10\/Profissionais-da-saude-participam-de-capacitacoes-para-recebimento-de-cadeiras-de-rodas-em-Juazeiro-1-e1603920468370.jpg\" \/>\n\t<meta property=\"og:image:width\" content=\"680\" \/>\n\t<meta property=\"og:image:height\" content=\"313\" \/>\n\t<meta property=\"og:image:type\" content=\"image\/jpeg\" \/>\n<meta name=\"author\" content=\"Farn\u00e9sio\" \/>\n<meta name=\"twitter:card\" content=\"summary_large_image\" \/>\n<meta name=\"twitter:label1\" content=\"Escrito por\" \/>\n\t<meta name=\"twitter:data1\" content=\"Farn\u00e9sio\" \/>\n\t<meta name=\"twitter:label2\" content=\"Est. tempo de leitura\" \/>\n\t<meta name=\"twitter:data2\" content=\"1 minuto\" \/>\n<script type=\"application\/ld+json\" class=\"yoast-schema-graph\">{\"@context\":\"https:\\\/\\\/schema.org\",\"@graph\":[{\"@type\":\"Article\",\"@id\":\"https:\\\/\\\/blogdofarnesio.com.br\\\/2020\\\/10\\\/profissionais-da-saude-participam-de-capacitacoes-para-recebimento-de-cadeiras-de-rodas-em-juazeiro\\\/#article\",\"isPartOf\":{\"@id\":\"https:\\\/\\\/blogdofarnesio.com.br\\\/2020\\\/10\\\/profissionais-da-saude-participam-de-capacitacoes-para-recebimento-de-cadeiras-de-rodas-em-juazeiro\\\/\"},\"author\":{\"name\":\"Farn\u00e9sio\",\"@id\":\"https:\\\/\\\/blogdofarnesio.com.br\\\/#\\\/schema\\\/person\\\/301c4acf522bccbfdb45af95b5b906a1\"},\"headline\":\"Profissionais da sa\u00fade participam de capacita\u00e7\u00f5es para recebimento de cadeiras de rodas em Juazeiro\",\"datePublished\":\"2020-10-29T13:43:06+00:00\",\"dateModified\":\"2020-10-29T13:44:41+00:00\",\"mainEntityOfPage\":{\"@id\":\"https:\\\/\\\/blogdofarnesio.com.br\\\/2020\\\/10\\\/profissionais-da-saude-participam-de-capacitacoes-para-recebimento-de-cadeiras-de-rodas-em-juazeiro\\\/\"},\"wordCount\":288,\"publisher\":{\"@id\":\"https:\\\/\\\/blogdofarnesio.com.br\\\/#organization\"},\"image\":{\"@id\":\"https:\\\/\\\/blogdofarnesio.com.br\\\/2020\\\/10\\\/profissionais-da-saude-participam-de-capacitacoes-para-recebimento-de-cadeiras-de-rodas-em-juazeiro\\\/#primaryimage\"},\"thumbnailUrl\":\"https:\\\/\\\/blogdofarnesio.com.br\\\/wp-content\\\/uploads\\\/2020\\\/10\\\/Profissionais-da-saude-participam-de-capacitacoes-para-recebimento-de-cadeiras-de-rodas-em-Juazeiro-1-e1603920468370.jpg\",\"articleSection\":[\"A\u00e7\u00e3o Social\",\"Sa\u00fade\"],\"inLanguage\":\"pt-BR\"},{\"@type\":\"WebPage\",\"@id\":\"https:\\\/\\\/blogdofarnesio.com.br\\\/2020\\\/10\\\/profissionais-da-saude-participam-de-capacitacoes-para-recebimento-de-cadeiras-de-rodas-em-juazeiro\\\/\",\"url\":\"https:\\\/\\\/blogdofarnesio.com.br\\\/2020\\\/10\\\/profissionais-da-saude-participam-de-capacitacoes-para-recebimento-de-cadeiras-de-rodas-em-juazeiro\\\/\",\"name\":\"Profissionais da sa\u00fade participam de capacita\u00e7\u00f5es para recebimento de cadeiras de rodas em Juazeiro - Blog do Farn\u00e9sio\",\"isPartOf\":{\"@id\":\"https:\\\/\\\/blogdofarnesio.com.br\\\/#website\"},\"primaryImageOfPage\":{\"@id\":\"https:\\\/\\\/blogdofarnesio.com.br\\\/2020\\\/10\\\/profissionais-da-saude-participam-de-capacitacoes-para-recebimento-de-cadeiras-de-rodas-em-juazeiro\\\/#primaryimage\"},\"image\":{\"@id\":\"https:\\\/\\\/blogdofarnesio.com.br\\\/2020\\\/10\\\/profissionais-da-saude-participam-de-capacitacoes-para-recebimento-de-cadeiras-de-rodas-em-juazeiro\\\/#primaryimage\"},\"thumbnailUrl\":\"https:\\\/\\\/blogdofarnesio.com.br\\\/wp-content\\\/uploads\\\/2020\\\/10\\\/Profissionais-da-saude-participam-de-capacitacoes-para-recebimento-de-cadeiras-de-rodas-em-Juazeiro-1-e1603920468370.jpg\",\"datePublished\":\"2020-10-29T13:43:06+00:00\",\"dateModified\":\"2020-10-29T13:44:41+00:00\",\"breadcrumb\":{\"@id\":\"https:\\\/\\\/blogdofarnesio.com.br\\\/2020\\\/10\\\/profissionais-da-saude-participam-de-capacitacoes-para-recebimento-de-cadeiras-de-rodas-em-juazeiro\\\/#breadcrumb\"},\"inLanguage\":\"pt-BR\",\"potentialAction\":[{\"@type\":\"ReadAction\",\"target\":[\"https:\\\/\\\/blogdofarnesio.com.br\\\/2020\\\/10\\\/profissionais-da-saude-participam-de-capacitacoes-para-recebimento-de-cadeiras-de-rodas-em-juazeiro\\\/\"]}]},{\"@type\":\"ImageObject\",\"inLanguage\":\"pt-BR\",\"@id\":\"https:\\\/\\\/blogdofarnesio.com.br\\\/2020\\\/10\\\/profissionais-da-saude-participam-de-capacitacoes-para-recebimento-de-cadeiras-de-rodas-em-juazeiro\\\/#primaryimage\",\"url\":\"https:\\\/\\\/blogdofarnesio.com.br\\\/wp-content\\\/uploads\\\/2020\\\/10\\\/Profissionais-da-saude-participam-de-capacitacoes-para-recebimento-de-cadeiras-de-rodas-em-Juazeiro-1-e1603920468370.jpg\",\"contentUrl\":\"https:\\\/\\\/blogdofarnesio.com.br\\\/wp-content\\\/uploads\\\/2020\\\/10\\\/Profissionais-da-saude-participam-de-capacitacoes-para-recebimento-de-cadeiras-de-rodas-em-Juazeiro-1-e1603920468370.jpg\",\"width\":680,\"height\":313},{\"@type\":\"BreadcrumbList\",\"@id\":\"https:\\\/\\\/blogdofarnesio.com.br\\\/2020\\\/10\\\/profissionais-da-saude-participam-de-capacitacoes-para-recebimento-de-cadeiras-de-rodas-em-juazeiro\\\/#breadcrumb\",\"itemListElement\":[{\"@type\":\"ListItem\",\"position\":1,\"name\":\"In\u00edcio\",\"item\":\"https:\\\/\\\/blogdofarnesio.com.br\\\/\"},{\"@type\":\"ListItem\",\"position\":2,\"name\":\"Profissionais da sa\u00fade participam de capacita\u00e7\u00f5es para recebimento de cadeiras de rodas em Juazeiro\"}]},{\"@type\":\"WebSite\",\"@id\":\"https:\\\/\\\/blogdofarnesio.com.br\\\/#website\",\"url\":\"https:\\\/\\\/blogdofarnesio.com.br\\\/\",\"name\":\"Blog do Farn\u00e9sio\",\"description\":\"Quer Saber Pol\u00edtica?\",\"publisher\":{\"@id\":\"https:\\\/\\\/blogdofarnesio.com.br\\\/#organization\"},\"potentialAction\":[{\"@type\":\"SearchAction\",\"target\":{\"@type\":\"EntryPoint\",\"urlTemplate\":\"https:\\\/\\\/blogdofarnesio.com.br\\\/?s={search_term_string}\"},\"query-input\":{\"@type\":\"PropertyValueSpecification\",\"valueRequired\":true,\"valueName\":\"search_term_string\"}}],\"inLanguage\":\"pt-BR\"},{\"@type\":\"Organization\",\"@id\":\"https:\\\/\\\/blogdofarnesio.com.br\\\/#organization\",\"name\":\"Blog do Farn\u00e9sio\",\"url\":\"https:\\\/\\\/blogdofarnesio.com.br\\\/\",\"logo\":{\"@type\":\"ImageObject\",\"inLanguage\":\"pt-BR\",\"@id\":\"https:\\\/\\\/blogdofarnesio.com.br\\\/#\\\/schema\\\/logo\\\/image\\\/\",\"url\":\"https:\\\/\\\/blogdofarnesio.com.br\\\/wp-content\\\/uploads\\\/2026\\\/03\\\/cropped-logo_new-1.png\",\"contentUrl\":\"https:\\\/\\\/blogdofarnesio.com.br\\\/wp-content\\\/uploads\\\/2026\\\/03\\\/cropped-logo_new-1.png\",\"width\":881,\"height\":685,\"caption\":\"Blog do Farn\u00e9sio\"},\"image\":{\"@id\":\"https:\\\/\\\/blogdofarnesio.com.br\\\/#\\\/schema\\\/logo\\\/image\\\/\"},\"sameAs\":[\"https:\\\/\\\/www.facebook.com\\\/BlogQuerSaberPolitica\\\/\"]},{\"@type\":\"Person\",\"@id\":\"https:\\\/\\\/blogdofarnesio.com.br\\\/#\\\/schema\\\/person\\\/301c4acf522bccbfdb45af95b5b906a1\",\"name\":\"Farn\u00e9sio\",\"image\":{\"@type\":\"ImageObject\",\"inLanguage\":\"pt-BR\",\"@id\":\"https:\\\/\\\/secure.gravatar.com\\\/avatar\\\/df0c9a14567c056f8ad6876ba5bbd1e3e2c48023eb6807342fc4663adf549f38?s=96&d=mm&r=g\",\"url\":\"https:\\\/\\\/secure.gravatar.com\\\/avatar\\\/df0c9a14567c056f8ad6876ba5bbd1e3e2c48023eb6807342fc4663adf549f38?s=96&d=mm&r=g\",\"contentUrl\":\"https:\\\/\\\/secure.gravatar.com\\\/avatar\\\/df0c9a14567c056f8ad6876ba5bbd1e3e2c48023eb6807342fc4663adf549f38?s=96&d=mm&r=g\",\"caption\":\"Farn\u00e9sio\"},\"sameAs\":[\"https:\\\/\\\/quersaberpolitica.com.br\"],\"url\":\"https:\\\/\\\/blogdofarnesio.com.br\\\/author\\\/farnesio\\\/\"}]}<\/script>\n<!-- \/ Yoast SEO plugin. -->","yoast_head_json":{"title":"Profissionais da sa\u00fade participam de capacita\u00e7\u00f5es para recebimento de cadeiras de rodas em Juazeiro - Blog do Farn\u00e9sio","robots":{"index":"index","follow":"follow","max-snippet":"max-snippet:-1","max-image-preview":"max-image-preview:large","max-video-preview":"max-video-preview:-1"},"canonical":"https:\/\/blogdofarnesio.com.br\/2020\/10\/profissionais-da-saude-participam-de-capacitacoes-para-recebimento-de-cadeiras-de-rodas-em-juazeiro\/","og_locale":"pt_BR","og_type":"article","og_title":"Profissionais da sa\u00fade participam de capacita\u00e7\u00f5es para recebimento de cadeiras de rodas em Juazeiro - Blog do Farn\u00e9sio","og_description":"A partir de uma parceria entre a Prefeitura de Juazeiro atrav\u00e9s da Secretaria da Sa\u00fade e a Igreja de Jesus Cristo dos Santos dos \u00daltimos Dias, profissionais da sa\u00fade atuantes no Centro Regional de Preven\u00e7\u00e3o, Reabilita\u00e7\u00e3o e Inclus\u00e3o Social (CERPRIS) est\u00e3o participando desde o \u00faltimo s\u00e1bado (24) de cursos profissionalizantes sobre manuseio e uso correto de cadeiras de rodas adaptadas para as mais diferentes necessidades dos pacientes atendidos no CERPRIS de Juazeiro. Essa parceria j\u00e1 existe h\u00e1 mais de dois anos. Ainda em 2018, membros da igreja estiveram em Juazeiro, visitaram a sede do CERPRIS e viram que se encaixava nos projetos filantr\u00f3picos desenvolvidos por eles. Em 2019 os membros retornaram e firmaram a parceria, mas para que o munic\u00edpio&hellip;","og_url":"https:\/\/blogdofarnesio.com.br\/2020\/10\/profissionais-da-saude-participam-de-capacitacoes-para-recebimento-de-cadeiras-de-rodas-em-juazeiro\/","og_site_name":"Blog do Farn\u00e9sio","article_publisher":"https:\/\/www.facebook.com\/BlogQuerSaberPolitica\/","article_published_time":"2020-10-29T13:43:06+00:00","article_modified_time":"2020-10-29T13:44:41+00:00","og_image":[{"width":680,"height":313,"url":"https:\/\/blogdofarnesio.com.br\/wp-content\/uploads\/2020\/10\/Profissionais-da-saude-participam-de-capacitacoes-para-recebimento-de-cadeiras-de-rodas-em-Juazeiro-1-e1603920468370.jpg","type":"image\/jpeg"}],"author":"Farn\u00e9sio","twitter_card":"summary_large_image","twitter_misc":{"Escrito por":"Farn\u00e9sio","Est. tempo de leitura":"1 minuto"},"schema":{"@context":"https:\/\/schema.org","@graph":[{"@type":"Article","@id":"https:\/\/blogdofarnesio.com.br\/2020\/10\/profissionais-da-saude-participam-de-capacitacoes-para-recebimento-de-cadeiras-de-rodas-em-juazeiro\/#article","isPartOf":{"@id":"https:\/\/blogdofarnesio.com.br\/2020\/10\/profissionais-da-saude-participam-de-capacitacoes-para-recebimento-de-cadeiras-de-rodas-em-juazeiro\/"},"author":{"name":"Farn\u00e9sio","@id":"https:\/\/blogdofarnesio.com.br\/#\/schema\/person\/301c4acf522bccbfdb45af95b5b906a1"},"headline":"Profissionais da sa\u00fade participam de capacita\u00e7\u00f5es para recebimento de cadeiras de rodas em Juazeiro","datePublished":"2020-10-29T13:43:06+00:00","dateModified":"2020-10-29T13:44:41+00:00","mainEntityOfPage":{"@id":"https:\/\/blogdofarnesio.com.br\/2020\/10\/profissionais-da-saude-participam-de-capacitacoes-para-recebimento-de-cadeiras-de-rodas-em-juazeiro\/"},"wordCount":288,"publisher":{"@id":"https:\/\/blogdofarnesio.com.br\/#organization"},"image":{"@id":"https:\/\/blogdofarnesio.com.br\/2020\/10\/profissionais-da-saude-participam-de-capacitacoes-para-recebimento-de-cadeiras-de-rodas-em-juazeiro\/#primaryimage"},"thumbnailUrl":"https:\/\/blogdofarnesio.com.br\/wp-content\/uploads\/2020\/10\/Profissionais-da-saude-participam-de-capacitacoes-para-recebimento-de-cadeiras-de-rodas-em-Juazeiro-1-e1603920468370.jpg","articleSection":["A\u00e7\u00e3o Social","Sa\u00fade"],"inLanguage":"pt-BR"},{"@type":"WebPage","@id":"https:\/\/blogdofarnesio.com.br\/2020\/10\/profissionais-da-saude-participam-de-capacitacoes-para-recebimento-de-cadeiras-de-rodas-em-juazeiro\/","url":"https:\/\/blogdofarnesio.com.br\/2020\/10\/profissionais-da-saude-participam-de-capacitacoes-para-recebimento-de-cadeiras-de-rodas-em-juazeiro\/","name":"Profissionais da sa\u00fade participam de capacita\u00e7\u00f5es para recebimento de cadeiras de rodas em Juazeiro - Blog do Farn\u00e9sio","isPartOf":{"@id":"https:\/\/blogdofarnesio.com.br\/#website"},"primaryImageOfPage":{"@id":"https:\/\/blogdofarnesio.com.br\/2020\/10\/profissionais-da-saude-participam-de-capacitacoes-para-recebimento-de-cadeiras-de-rodas-em-juazeiro\/#primaryimage"},"image":{"@id":"https:\/\/blogdofarnesio.com.br\/2020\/10\/profissionais-da-saude-participam-de-capacitacoes-para-recebimento-de-cadeiras-de-rodas-em-juazeiro\/#primaryimage"},"thumbnailUrl":"https:\/\/blogdofarnesio.com.br\/wp-content\/uploads\/2020\/10\/Profissionais-da-saude-participam-de-capacitacoes-para-recebimento-de-cadeiras-de-rodas-em-Juazeiro-1-e1603920468370.jpg","datePublished":"2020-10-29T13:43:06+00:00","dateModified":"2020-10-29T13:44:41+00:00","breadcrumb":{"@id":"https:\/\/blogdofarnesio.com.br\/2020\/10\/profissionais-da-saude-participam-de-capacitacoes-para-recebimento-de-cadeiras-de-rodas-em-juazeiro\/#breadcrumb"},"inLanguage":"pt-BR","potentialAction":[{"@type":"ReadAction","target":["https:\/\/blogdofarnesio.com.br\/2020\/10\/profissionais-da-saude-participam-de-capacitacoes-para-recebimento-de-cadeiras-de-rodas-em-juazeiro\/"]}]},{"@type":"ImageObject","inLanguage":"pt-BR","@id":"https:\/\/blogdofarnesio.com.br\/2020\/10\/profissionais-da-saude-participam-de-capacitacoes-para-recebimento-de-cadeiras-de-rodas-em-juazeiro\/#primaryimage","url":"https:\/\/blogdofarnesio.com.br\/wp-content\/uploads\/2020\/10\/Profissionais-da-saude-participam-de-capacitacoes-para-recebimento-de-cadeiras-de-rodas-em-Juazeiro-1-e1603920468370.jpg","contentUrl":"https:\/\/blogdofarnesio.com.br\/wp-content\/uploads\/2020\/10\/Profissionais-da-saude-participam-de-capacitacoes-para-recebimento-de-cadeiras-de-rodas-em-Juazeiro-1-e1603920468370.jpg","width":680,"height":313},{"@type":"BreadcrumbList","@id":"https:\/\/blogdofarnesio.com.br\/2020\/10\/profissionais-da-saude-participam-de-capacitacoes-para-recebimento-de-cadeiras-de-rodas-em-juazeiro\/#breadcrumb","itemListElement":[{"@type":"ListItem","position":1,"name":"In\u00edcio","item":"https:\/\/blogdofarnesio.com.br\/"},{"@type":"ListItem","position":2,"name":"Profissionais da sa\u00fade participam de capacita\u00e7\u00f5es para recebimento de cadeiras de rodas em Juazeiro"}]},{"@type":"WebSite","@id":"https:\/\/blogdofarnesio.com.br\/#website","url":"https:\/\/blogdofarnesio.com.br\/","name":"Blog do Farn\u00e9sio","description":"Quer Saber Pol\u00edtica?","publisher":{"@id":"https:\/\/blogdofarnesio.com.br\/#organization"},"potentialAction":[{"@type":"SearchAction","target":{"@type":"EntryPoint","urlTemplate":"https:\/\/blogdofarnesio.com.br\/?s={search_term_string}"},"query-input":{"@type":"PropertyValueSpecification","valueRequired":true,"valueName":"search_term_string"}}],"inLanguage":"pt-BR"},{"@type":"Organization","@id":"https:\/\/blogdofarnesio.com.br\/#organization","name":"Blog do Farn\u00e9sio","url":"https:\/\/blogdofarnesio.com.br\/","logo":{"@type":"ImageObject","inLanguage":"pt-BR","@id":"https:\/\/blogdofarnesio.com.br\/#\/schema\/logo\/image\/","url":"https:\/\/blogdofarnesio.com.br\/wp-content\/uploads\/2026\/03\/cropped-logo_new-1.png","contentUrl":"https:\/\/blogdofarnesio.com.br\/wp-content\/uploads\/2026\/03\/cropped-logo_new-1.png","width":881,"height":685,"caption":"Blog do Farn\u00e9sio"},"image":{"@id":"https:\/\/blogdofarnesio.com.br\/#\/schema\/logo\/image\/"},"sameAs":["https:\/\/www.facebook.com\/BlogQuerSaberPolitica\/"]},{"@type":"Person","@id":"https:\/\/blogdofarnesio.com.br\/#\/schema\/person\/301c4acf522bccbfdb45af95b5b906a1","name":"Farn\u00e9sio","image":{"@type":"ImageObject","inLanguage":"pt-BR","@id":"https:\/\/secure.gravatar.com\/avatar\/df0c9a14567c056f8ad6876ba5bbd1e3e2c48023eb6807342fc4663adf549f38?s=96&d=mm&r=g","url":"https:\/\/secure.gravatar.com\/avatar\/df0c9a14567c056f8ad6876ba5bbd1e3e2c48023eb6807342fc4663adf549f38?s=96&d=mm&r=g","contentUrl":"https:\/\/secure.gravatar.com\/avatar\/df0c9a14567c056f8ad6876ba5bbd1e3e2c48023eb6807342fc4663adf549f38?s=96&d=mm&r=g","caption":"Farn\u00e9sio"},"sameAs":["https:\/\/quersaberpolitica.com.br"],"url":"https:\/\/blogdofarnesio.com.br\/author\/farnesio\/"}]}},"_links":{"self":[{"href":"https:\/\/blogdofarnesio.com.br\/wp-json\/wp\/v2\/posts\/270678","targetHints":{"allow":["GET"]}}],"collection":[{"href":"https:\/\/blogdofarnesio.com.br\/wp-json\/wp\/v2\/posts"}],"about":[{"href":"https:\/\/blogdofarnesio.com.br\/wp-json\/wp\/v2\/types\/post"}],"author":[{"embeddable":true,"href":"https:\/\/blogdofarnesio.com.br\/wp-json\/wp\/v2\/users\/1"}],"replies":[{"embeddable":true,"href":"https:\/\/blogdofarnesio.com.br\/wp-json\/wp\/v2\/comments?post=270678"}],"version-history":[{"count":0,"href":"https:\/\/blogdofarnesio.com.br\/wp-json\/wp\/v2\/posts\/270678\/revisions"}],"wp:featuredmedia":[{"embeddable":true,"href":"https:\/\/blogdofarnesio.com.br\/wp-json\/wp\/v2\/media\/270679"}],"wp:attachment":[{"href":"https:\/\/blogdofarnesio.com.br\/wp-json\/wp\/v2\/media?parent=270678"}],"wp:term":[{"taxonomy":"category","embeddable":true,"href":"https:\/\/blogdofarnesio.com.br\/wp-json\/wp\/v2\/categories?post=270678"},{"taxonomy":"post_tag","embeddable":true,"href":"https:\/\/blogdofarnesio.com.br\/wp-json\/wp\/v2\/tags?post=270678"}],"curies":[{"name":"wp","href":"https:\/\/api.w.org\/{rel}","templated":true}]}}