{"id":270596,"date":"2020-10-28T14:00:55","date_gmt":"2020-10-28T17:00:55","guid":{"rendered":"http:\/\/quersaberpolitica.com.br\/2016\/?p=270596"},"modified":"2020-10-28T09:30:14","modified_gmt":"2020-10-28T12:30:14","slug":"iel-esta-com-inscricoes-abertas-para-o-programa-gestao-da-producao","status":"publish","type":"post","link":"https:\/\/blogdofarnesio.com.br\/?p=270596","title":{"rendered":"IEL est\u00e1 com inscri\u00e7\u00f5es abertas para o Programa Gest\u00e3o da Produ\u00e7\u00e3o"},"content":{"rendered":"<p>Gerentes, coordenadores, supervisores, agentes de mudan\u00e7a, profissionais da \u00e1rea, estudantes e empres\u00e1rios interessados j\u00e1 podem realizar inscri\u00e7\u00f5es no \u2018Programa Gest\u00e3o da Produ\u00e7\u00e3o\u2019, desenvolvido pelo Instituto Euvaldo Lodi \u2013 IEL, que acontecer\u00e1 no formato online entre os dias 03 de novembro a 3 de dezembro, das 19h \u00e0s 22h.<\/p>\n<p>Com aulas ao vivo, pelo aplicativo Zoom, os participantes v\u00e3o trocar experi\u00eancias e ampliar os seus conhecimentos com os cursos: Fundamentos e estrat\u00e9gia da produ\u00e7\u00e3o; Planejamento e controle da produ\u00e7\u00e3o; Programa 5s\/Gest\u00e3o e melhoria e o curso de Seguran\u00e7a qualidade e sustentabilidade.<\/p>\n<p>A capacita\u00e7\u00e3o, com carga hor\u00e1ria de 48 horas, ficar\u00e1 por conta do instrutor Jullius Menino, com experi\u00eancia de 15 anos nas ferramentas Lean e Gest\u00e3o de Manufatura. O especialista possui passagens em empresas multinacionais como AMBEV, MARS, REXAM e IMPSA, sempre dentro das \u00e1reas de melhoria, gest\u00e3o e planejamento.<\/p>\n<p>\u201cO objetivo \u00e9 capacitar e qualificar os profissionais por meio da discuss\u00e3o, reflex\u00e3o, aprofundamento e proposi\u00e7\u00e3o de alternativas para a gest\u00e3o das opera\u00e7\u00f5es produtivas. Desenvolver no participante a capacidade de adequar e utilizar, em ambientes de produ\u00e7\u00e3o distintos, as t\u00e9cnicas estudadas considerando aspectos econ\u00f4micos, organizacionais e humanos, objetivando o aumento da lucratividade e competitividade de suas empresas\u201d, ressalta o gestor regional do Sistema FIEPE, Fl\u00e1vio Guimar\u00e3es.<\/p>\n<p>Para mais informa\u00e7\u00f5es, entre em contato pelo e-mail\u00a0<a href=\"mailto:regional.agreste@sistemafiepe.org.br\" target=\"_blank\" rel=\"noopener noreferrer\">regional.agreste@sistemafiepe.<wbr \/>org.br<\/a>\u00a0ou pelo telefone: (81) 3722- 5667 ou Whatsapp 81- 99165.5684.<\/p>\n<p><b>Cronograma:<\/b><\/p>\n<p>&#8211; Curso I: Fundamentos e estrat\u00e9gia da produ\u00e7\u00e3o<\/p>\n<p>Data: 03 a 06 de novembro (19h \u00e0s 22h);<\/p>\n<p>&#8211; Curso II: Planejamento e controle da produ\u00e7\u00e3o<\/p>\n<p>Data: 09 a 12 novembro (19h \u00e0s 22h);<\/p>\n<p>&#8211; Curso III: Programa 5s\/Gest\u00e3o e Melhoria<\/p>\n<p>Data: 23 a 26 de novembro (19h \u00e0s 22h);<\/p>\n<p>&#8211; Curso IV: Seguran\u00e7a qualidade e sustentabilidade<\/p>\n<p>Data: 30 novembro a 03 dezembro (19h \u00e0s 22h).<\/p>\n","protected":false},"excerpt":{"rendered":"<p>Gerentes, coordenadores, supervisores, agentes de mudan\u00e7a, profissionais da \u00e1rea, estudantes e empres\u00e1rios interessados j\u00e1 podem realizar inscri\u00e7\u00f5es no \u2018Programa Gest\u00e3o da Produ\u00e7\u00e3o\u2019, desenvolvido pelo Instituto Euvaldo Lodi \u2013 IEL, que acontecer\u00e1 no formato online entre os dias 03 de novembro a 3 de dezembro, das 19h \u00e0s 22h. Com aulas ao vivo, pelo aplicativo Zoom, os participantes v\u00e3o trocar experi\u00eancias e ampliar os seus conhecimentos com os cursos: Fundamentos e estrat\u00e9gia da produ\u00e7\u00e3o; Planejamento e controle da produ\u00e7\u00e3o; Programa 5s\/Gest\u00e3o e melhoria e o curso de Seguran\u00e7a qualidade e sustentabilidade. A capacita\u00e7\u00e3o, com carga hor\u00e1ria de 48 horas, ficar\u00e1 por conta do instrutor Jullius Menino, com experi\u00eancia de 15 anos nas ferramentas Lean e Gest\u00e3o de Manufatura. O especialista possui&hellip; <\/p>\n","protected":false},"author":1,"featured_media":270597,"comment_status":"closed","ping_status":"closed","sticky":false,"template":"","format":"standard","meta":{"_acf_changed":false,"footnotes":""},"categories":[1],"tags":[],"class_list":["post-270596","post","type-post","status-publish","format-standard","has-post-thumbnail","hentry","category-politica"],"acf":[],"yoast_head":"<!-- This site is optimized with the Yoast SEO plugin v27.4 - https:\/\/yoast.com\/product\/yoast-seo-wordpress\/ -->\n<title>IEL est\u00e1 com inscri\u00e7\u00f5es abertas para o Programa Gest\u00e3o da Produ\u00e7\u00e3o - Blog do Farn\u00e9sio<\/title>\n<meta name=\"robots\" content=\"index, follow, max-snippet:-1, max-image-preview:large, max-video-preview:-1\" \/>\n<link rel=\"canonical\" href=\"https:\/\/blogdofarnesio.com.br\/?p=270596\" \/>\n<meta property=\"og:locale\" content=\"pt_BR\" \/>\n<meta property=\"og:type\" content=\"article\" \/>\n<meta property=\"og:title\" content=\"IEL est\u00e1 com inscri\u00e7\u00f5es abertas para o Programa Gest\u00e3o da Produ\u00e7\u00e3o - Blog do Farn\u00e9sio\" \/>\n<meta property=\"og:description\" content=\"Gerentes, coordenadores, supervisores, agentes de mudan\u00e7a, profissionais da \u00e1rea, estudantes e empres\u00e1rios interessados j\u00e1 podem realizar inscri\u00e7\u00f5es no \u2018Programa Gest\u00e3o da Produ\u00e7\u00e3o\u2019, desenvolvido pelo Instituto Euvaldo Lodi \u2013 IEL, que acontecer\u00e1 no formato online entre os dias 03 de novembro a 3 de dezembro, das 19h \u00e0s 22h. Com aulas ao vivo, pelo aplicativo Zoom, os participantes v\u00e3o trocar experi\u00eancias e ampliar os seus conhecimentos com os cursos: Fundamentos e estrat\u00e9gia da produ\u00e7\u00e3o; Planejamento e controle da produ\u00e7\u00e3o; Programa 5s\/Gest\u00e3o e melhoria e o curso de Seguran\u00e7a qualidade e sustentabilidade. A capacita\u00e7\u00e3o, com carga hor\u00e1ria de 48 horas, ficar\u00e1 por conta do instrutor Jullius Menino, com experi\u00eancia de 15 anos nas ferramentas Lean e Gest\u00e3o de Manufatura. O especialista possui&hellip;\" \/>\n<meta property=\"og:url\" content=\"https:\/\/blogdofarnesio.com.br\/?p=270596\" \/>\n<meta property=\"og:site_name\" content=\"Blog do Farn\u00e9sio\" \/>\n<meta property=\"article:publisher\" content=\"https:\/\/www.facebook.com\/BlogQuerSaberPolitica\/\" \/>\n<meta property=\"article:published_time\" content=\"2020-10-28T17:00:55+00:00\" \/>\n<meta property=\"og:image\" content=\"https:\/\/blogdofarnesio.com.br\/wp-content\/uploads\/2020\/10\/iel-2-e1603832155648.jpg\" \/>\n\t<meta property=\"og:image:width\" content=\"650\" \/>\n\t<meta property=\"og:image:height\" content=\"511\" \/>\n\t<meta property=\"og:image:type\" content=\"image\/jpeg\" \/>\n<meta name=\"author\" content=\"Farn\u00e9sio\" \/>\n<meta name=\"twitter:card\" content=\"summary_large_image\" \/>\n<meta name=\"twitter:label1\" content=\"Escrito por\" \/>\n\t<meta name=\"twitter:data1\" content=\"Farn\u00e9sio\" \/>\n\t<meta name=\"twitter:label2\" content=\"Est. tempo de leitura\" \/>\n\t<meta name=\"twitter:data2\" content=\"2 minutos\" \/>\n<script type=\"application\/ld+json\" class=\"yoast-schema-graph\">{\"@context\":\"https:\\\/\\\/schema.org\",\"@graph\":[{\"@type\":\"Article\",\"@id\":\"https:\\\/\\\/blogdofarnesio.com.br\\\/?p=270596#article\",\"isPartOf\":{\"@id\":\"https:\\\/\\\/blogdofarnesio.com.br\\\/?p=270596\"},\"author\":{\"name\":\"Farn\u00e9sio\",\"@id\":\"https:\\\/\\\/blogdofarnesio.com.br\\\/#\\\/schema\\\/person\\\/301c4acf522bccbfdb45af95b5b906a1\"},\"headline\":\"IEL est\u00e1 com inscri\u00e7\u00f5es abertas para o Programa Gest\u00e3o da Produ\u00e7\u00e3o\",\"datePublished\":\"2020-10-28T17:00:55+00:00\",\"mainEntityOfPage\":{\"@id\":\"https:\\\/\\\/blogdofarnesio.com.br\\\/?p=270596\"},\"wordCount\":326,\"publisher\":{\"@id\":\"https:\\\/\\\/blogdofarnesio.com.br\\\/#organization\"},\"image\":{\"@id\":\"https:\\\/\\\/blogdofarnesio.com.br\\\/?p=270596#primaryimage\"},\"thumbnailUrl\":\"https:\\\/\\\/blogdofarnesio.com.br\\\/wp-content\\\/uploads\\\/2020\\\/10\\\/iel-2-e1603832155648.jpg\",\"articleSection\":[\"Pol\u00edtica\"],\"inLanguage\":\"pt-BR\"},{\"@type\":\"WebPage\",\"@id\":\"https:\\\/\\\/blogdofarnesio.com.br\\\/?p=270596\",\"url\":\"https:\\\/\\\/blogdofarnesio.com.br\\\/?p=270596\",\"name\":\"IEL est\u00e1 com inscri\u00e7\u00f5es abertas para o Programa Gest\u00e3o da Produ\u00e7\u00e3o - Blog do Farn\u00e9sio\",\"isPartOf\":{\"@id\":\"https:\\\/\\\/blogdofarnesio.com.br\\\/#website\"},\"primaryImageOfPage\":{\"@id\":\"https:\\\/\\\/blogdofarnesio.com.br\\\/?p=270596#primaryimage\"},\"image\":{\"@id\":\"https:\\\/\\\/blogdofarnesio.com.br\\\/?p=270596#primaryimage\"},\"thumbnailUrl\":\"https:\\\/\\\/blogdofarnesio.com.br\\\/wp-content\\\/uploads\\\/2020\\\/10\\\/iel-2-e1603832155648.jpg\",\"datePublished\":\"2020-10-28T17:00:55+00:00\",\"breadcrumb\":{\"@id\":\"https:\\\/\\\/blogdofarnesio.com.br\\\/?p=270596#breadcrumb\"},\"inLanguage\":\"pt-BR\",\"potentialAction\":[{\"@type\":\"ReadAction\",\"target\":[\"https:\\\/\\\/blogdofarnesio.com.br\\\/?p=270596\"]}]},{\"@type\":\"ImageObject\",\"inLanguage\":\"pt-BR\",\"@id\":\"https:\\\/\\\/blogdofarnesio.com.br\\\/?p=270596#primaryimage\",\"url\":\"https:\\\/\\\/blogdofarnesio.com.br\\\/wp-content\\\/uploads\\\/2020\\\/10\\\/iel-2-e1603832155648.jpg\",\"contentUrl\":\"https:\\\/\\\/blogdofarnesio.com.br\\\/wp-content\\\/uploads\\\/2020\\\/10\\\/iel-2-e1603832155648.jpg\",\"width\":650,\"height\":511},{\"@type\":\"BreadcrumbList\",\"@id\":\"https:\\\/\\\/blogdofarnesio.com.br\\\/?p=270596#breadcrumb\",\"itemListElement\":[{\"@type\":\"ListItem\",\"position\":1,\"name\":\"In\u00edcio\",\"item\":\"https:\\\/\\\/blogdofarnesio.com.br\\\/\"},{\"@type\":\"ListItem\",\"position\":2,\"name\":\"IEL est\u00e1 com inscri\u00e7\u00f5es abertas para o Programa Gest\u00e3o da Produ\u00e7\u00e3o\"}]},{\"@type\":\"WebSite\",\"@id\":\"https:\\\/\\\/blogdofarnesio.com.br\\\/#website\",\"url\":\"https:\\\/\\\/blogdofarnesio.com.br\\\/\",\"name\":\"Blog do Farn\u00e9sio\",\"description\":\"Quer Saber Pol\u00edtica?\",\"publisher\":{\"@id\":\"https:\\\/\\\/blogdofarnesio.com.br\\\/#organization\"},\"potentialAction\":[{\"@type\":\"SearchAction\",\"target\":{\"@type\":\"EntryPoint\",\"urlTemplate\":\"https:\\\/\\\/blogdofarnesio.com.br\\\/?s={search_term_string}\"},\"query-input\":{\"@type\":\"PropertyValueSpecification\",\"valueRequired\":true,\"valueName\":\"search_term_string\"}}],\"inLanguage\":\"pt-BR\"},{\"@type\":\"Organization\",\"@id\":\"https:\\\/\\\/blogdofarnesio.com.br\\\/#organization\",\"name\":\"Blog do Farn\u00e9sio\",\"url\":\"https:\\\/\\\/blogdofarnesio.com.br\\\/\",\"logo\":{\"@type\":\"ImageObject\",\"inLanguage\":\"pt-BR\",\"@id\":\"https:\\\/\\\/blogdofarnesio.com.br\\\/#\\\/schema\\\/logo\\\/image\\\/\",\"url\":\"https:\\\/\\\/blogdofarnesio.com.br\\\/wp-content\\\/uploads\\\/2026\\\/03\\\/cropped-logo_new-1.png\",\"contentUrl\":\"https:\\\/\\\/blogdofarnesio.com.br\\\/wp-content\\\/uploads\\\/2026\\\/03\\\/cropped-logo_new-1.png\",\"width\":881,\"height\":685,\"caption\":\"Blog do Farn\u00e9sio\"},\"image\":{\"@id\":\"https:\\\/\\\/blogdofarnesio.com.br\\\/#\\\/schema\\\/logo\\\/image\\\/\"},\"sameAs\":[\"https:\\\/\\\/www.facebook.com\\\/BlogQuerSaberPolitica\\\/\"]},{\"@type\":\"Person\",\"@id\":\"https:\\\/\\\/blogdofarnesio.com.br\\\/#\\\/schema\\\/person\\\/301c4acf522bccbfdb45af95b5b906a1\",\"name\":\"Farn\u00e9sio\",\"image\":{\"@type\":\"ImageObject\",\"inLanguage\":\"pt-BR\",\"@id\":\"https:\\\/\\\/secure.gravatar.com\\\/avatar\\\/df0c9a14567c056f8ad6876ba5bbd1e3e2c48023eb6807342fc4663adf549f38?s=96&d=mm&r=g\",\"url\":\"https:\\\/\\\/secure.gravatar.com\\\/avatar\\\/df0c9a14567c056f8ad6876ba5bbd1e3e2c48023eb6807342fc4663adf549f38?s=96&d=mm&r=g\",\"contentUrl\":\"https:\\\/\\\/secure.gravatar.com\\\/avatar\\\/df0c9a14567c056f8ad6876ba5bbd1e3e2c48023eb6807342fc4663adf549f38?s=96&d=mm&r=g\",\"caption\":\"Farn\u00e9sio\"},\"sameAs\":[\"https:\\\/\\\/quersaberpolitica.com.br\"],\"url\":\"https:\\\/\\\/blogdofarnesio.com.br\\\/?author=1\"}]}<\/script>\n<!-- \/ Yoast SEO plugin. -->","yoast_head_json":{"title":"IEL est\u00e1 com inscri\u00e7\u00f5es abertas para o Programa Gest\u00e3o da Produ\u00e7\u00e3o - Blog do Farn\u00e9sio","robots":{"index":"index","follow":"follow","max-snippet":"max-snippet:-1","max-image-preview":"max-image-preview:large","max-video-preview":"max-video-preview:-1"},"canonical":"https:\/\/blogdofarnesio.com.br\/?p=270596","og_locale":"pt_BR","og_type":"article","og_title":"IEL est\u00e1 com inscri\u00e7\u00f5es abertas para o Programa Gest\u00e3o da Produ\u00e7\u00e3o - Blog do Farn\u00e9sio","og_description":"Gerentes, coordenadores, supervisores, agentes de mudan\u00e7a, profissionais da \u00e1rea, estudantes e empres\u00e1rios interessados j\u00e1 podem realizar inscri\u00e7\u00f5es no \u2018Programa Gest\u00e3o da Produ\u00e7\u00e3o\u2019, desenvolvido pelo Instituto Euvaldo Lodi \u2013 IEL, que acontecer\u00e1 no formato online entre os dias 03 de novembro a 3 de dezembro, das 19h \u00e0s 22h. Com aulas ao vivo, pelo aplicativo Zoom, os participantes v\u00e3o trocar experi\u00eancias e ampliar os seus conhecimentos com os cursos: Fundamentos e estrat\u00e9gia da produ\u00e7\u00e3o; Planejamento e controle da produ\u00e7\u00e3o; Programa 5s\/Gest\u00e3o e melhoria e o curso de Seguran\u00e7a qualidade e sustentabilidade. A capacita\u00e7\u00e3o, com carga hor\u00e1ria de 48 horas, ficar\u00e1 por conta do instrutor Jullius Menino, com experi\u00eancia de 15 anos nas ferramentas Lean e Gest\u00e3o de Manufatura. O especialista possui&hellip;","og_url":"https:\/\/blogdofarnesio.com.br\/?p=270596","og_site_name":"Blog do Farn\u00e9sio","article_publisher":"https:\/\/www.facebook.com\/BlogQuerSaberPolitica\/","article_published_time":"2020-10-28T17:00:55+00:00","og_image":[{"width":650,"height":511,"url":"https:\/\/blogdofarnesio.com.br\/wp-content\/uploads\/2020\/10\/iel-2-e1603832155648.jpg","type":"image\/jpeg"}],"author":"Farn\u00e9sio","twitter_card":"summary_large_image","twitter_misc":{"Escrito por":"Farn\u00e9sio","Est. tempo de leitura":"2 minutos"},"schema":{"@context":"https:\/\/schema.org","@graph":[{"@type":"Article","@id":"https:\/\/blogdofarnesio.com.br\/?p=270596#article","isPartOf":{"@id":"https:\/\/blogdofarnesio.com.br\/?p=270596"},"author":{"name":"Farn\u00e9sio","@id":"https:\/\/blogdofarnesio.com.br\/#\/schema\/person\/301c4acf522bccbfdb45af95b5b906a1"},"headline":"IEL est\u00e1 com inscri\u00e7\u00f5es abertas para o Programa Gest\u00e3o da Produ\u00e7\u00e3o","datePublished":"2020-10-28T17:00:55+00:00","mainEntityOfPage":{"@id":"https:\/\/blogdofarnesio.com.br\/?p=270596"},"wordCount":326,"publisher":{"@id":"https:\/\/blogdofarnesio.com.br\/#organization"},"image":{"@id":"https:\/\/blogdofarnesio.com.br\/?p=270596#primaryimage"},"thumbnailUrl":"https:\/\/blogdofarnesio.com.br\/wp-content\/uploads\/2020\/10\/iel-2-e1603832155648.jpg","articleSection":["Pol\u00edtica"],"inLanguage":"pt-BR"},{"@type":"WebPage","@id":"https:\/\/blogdofarnesio.com.br\/?p=270596","url":"https:\/\/blogdofarnesio.com.br\/?p=270596","name":"IEL est\u00e1 com inscri\u00e7\u00f5es abertas para o Programa Gest\u00e3o da Produ\u00e7\u00e3o - Blog do Farn\u00e9sio","isPartOf":{"@id":"https:\/\/blogdofarnesio.com.br\/#website"},"primaryImageOfPage":{"@id":"https:\/\/blogdofarnesio.com.br\/?p=270596#primaryimage"},"image":{"@id":"https:\/\/blogdofarnesio.com.br\/?p=270596#primaryimage"},"thumbnailUrl":"https:\/\/blogdofarnesio.com.br\/wp-content\/uploads\/2020\/10\/iel-2-e1603832155648.jpg","datePublished":"2020-10-28T17:00:55+00:00","breadcrumb":{"@id":"https:\/\/blogdofarnesio.com.br\/?p=270596#breadcrumb"},"inLanguage":"pt-BR","potentialAction":[{"@type":"ReadAction","target":["https:\/\/blogdofarnesio.com.br\/?p=270596"]}]},{"@type":"ImageObject","inLanguage":"pt-BR","@id":"https:\/\/blogdofarnesio.com.br\/?p=270596#primaryimage","url":"https:\/\/blogdofarnesio.com.br\/wp-content\/uploads\/2020\/10\/iel-2-e1603832155648.jpg","contentUrl":"https:\/\/blogdofarnesio.com.br\/wp-content\/uploads\/2020\/10\/iel-2-e1603832155648.jpg","width":650,"height":511},{"@type":"BreadcrumbList","@id":"https:\/\/blogdofarnesio.com.br\/?p=270596#breadcrumb","itemListElement":[{"@type":"ListItem","position":1,"name":"In\u00edcio","item":"https:\/\/blogdofarnesio.com.br\/"},{"@type":"ListItem","position":2,"name":"IEL est\u00e1 com inscri\u00e7\u00f5es abertas para o Programa Gest\u00e3o da Produ\u00e7\u00e3o"}]},{"@type":"WebSite","@id":"https:\/\/blogdofarnesio.com.br\/#website","url":"https:\/\/blogdofarnesio.com.br\/","name":"Blog do Farn\u00e9sio","description":"Quer Saber Pol\u00edtica?","publisher":{"@id":"https:\/\/blogdofarnesio.com.br\/#organization"},"potentialAction":[{"@type":"SearchAction","target":{"@type":"EntryPoint","urlTemplate":"https:\/\/blogdofarnesio.com.br\/?s={search_term_string}"},"query-input":{"@type":"PropertyValueSpecification","valueRequired":true,"valueName":"search_term_string"}}],"inLanguage":"pt-BR"},{"@type":"Organization","@id":"https:\/\/blogdofarnesio.com.br\/#organization","name":"Blog do Farn\u00e9sio","url":"https:\/\/blogdofarnesio.com.br\/","logo":{"@type":"ImageObject","inLanguage":"pt-BR","@id":"https:\/\/blogdofarnesio.com.br\/#\/schema\/logo\/image\/","url":"https:\/\/blogdofarnesio.com.br\/wp-content\/uploads\/2026\/03\/cropped-logo_new-1.png","contentUrl":"https:\/\/blogdofarnesio.com.br\/wp-content\/uploads\/2026\/03\/cropped-logo_new-1.png","width":881,"height":685,"caption":"Blog do Farn\u00e9sio"},"image":{"@id":"https:\/\/blogdofarnesio.com.br\/#\/schema\/logo\/image\/"},"sameAs":["https:\/\/www.facebook.com\/BlogQuerSaberPolitica\/"]},{"@type":"Person","@id":"https:\/\/blogdofarnesio.com.br\/#\/schema\/person\/301c4acf522bccbfdb45af95b5b906a1","name":"Farn\u00e9sio","image":{"@type":"ImageObject","inLanguage":"pt-BR","@id":"https:\/\/secure.gravatar.com\/avatar\/df0c9a14567c056f8ad6876ba5bbd1e3e2c48023eb6807342fc4663adf549f38?s=96&d=mm&r=g","url":"https:\/\/secure.gravatar.com\/avatar\/df0c9a14567c056f8ad6876ba5bbd1e3e2c48023eb6807342fc4663adf549f38?s=96&d=mm&r=g","contentUrl":"https:\/\/secure.gravatar.com\/avatar\/df0c9a14567c056f8ad6876ba5bbd1e3e2c48023eb6807342fc4663adf549f38?s=96&d=mm&r=g","caption":"Farn\u00e9sio"},"sameAs":["https:\/\/quersaberpolitica.com.br"],"url":"https:\/\/blogdofarnesio.com.br\/?author=1"}]}},"_links":{"self":[{"href":"https:\/\/blogdofarnesio.com.br\/index.php?rest_route=\/wp\/v2\/posts\/270596","targetHints":{"allow":["GET"]}}],"collection":[{"href":"https:\/\/blogdofarnesio.com.br\/index.php?rest_route=\/wp\/v2\/posts"}],"about":[{"href":"https:\/\/blogdofarnesio.com.br\/index.php?rest_route=\/wp\/v2\/types\/post"}],"author":[{"embeddable":true,"href":"https:\/\/blogdofarnesio.com.br\/index.php?rest_route=\/wp\/v2\/users\/1"}],"replies":[{"embeddable":true,"href":"https:\/\/blogdofarnesio.com.br\/index.php?rest_route=%2Fwp%2Fv2%2Fcomments&post=270596"}],"version-history":[{"count":0,"href":"https:\/\/blogdofarnesio.com.br\/index.php?rest_route=\/wp\/v2\/posts\/270596\/revisions"}],"wp:featuredmedia":[{"embeddable":true,"href":"https:\/\/blogdofarnesio.com.br\/index.php?rest_route=\/wp\/v2\/media\/270597"}],"wp:attachment":[{"href":"https:\/\/blogdofarnesio.com.br\/index.php?rest_route=%2Fwp%2Fv2%2Fmedia&parent=270596"}],"wp:term":[{"taxonomy":"category","embeddable":true,"href":"https:\/\/blogdofarnesio.com.br\/index.php?rest_route=%2Fwp%2Fv2%2Fcategories&post=270596"},{"taxonomy":"post_tag","embeddable":true,"href":"https:\/\/blogdofarnesio.com.br\/index.php?rest_route=%2Fwp%2Fv2%2Ftags&post=270596"}],"curies":[{"name":"wp","href":"https:\/\/api.w.org\/{rel}","templated":true}]}}