{"id":269425,"date":"2020-10-12T11:00:01","date_gmt":"2020-10-12T14:00:01","guid":{"rendered":"http:\/\/quersaberpolitica.com.br\/2016\/?p=269425"},"modified":"2020-10-11T19:04:40","modified_gmt":"2020-10-11T22:04:40","slug":"agrovale-vai-repassar-tecnologia-e-implantar-gotejamento-em-escola-tecnica-do-municipio-de-barra-ba","status":"publish","type":"post","link":"https:\/\/blogdofarnesio.com.br\/?p=269425","title":{"rendered":"Agrovale vai repassar tecnologia e implantar gotejamento em escola t\u00e9cnica do munic\u00edpio de Barra &#8211; BA"},"content":{"rendered":"<p>A Agrovale firmou uma parceria de responsabilidade social com o Governo do Estado da Bahia para implantar o projeto de Gotejamento Subsuperficial de Cana-de-A\u00e7\u00facar numa \u00e1rea de 10 hectares na Fazenda Escola Modelo CEEP \u00c1guas, que vai funcionar no munic\u00edpio de Barra, oeste baiano.<\/p>\n<p>Para dar suporte e potencializar o Polo Agroindustrial e Bioenerg\u00e9tico do M\u00e9dio S\u00e3o Francisco, desenvolvido pela Secretaria do Desenvolvimento Econ\u00f4mico (SDE) em parceria com a Secretaria Estadual de Educa\u00e7\u00e3o (SCE), a empresa sucroalcooleira, que fica em Juazeiro, no norte baiano, recebeu nesta sexta-feira (9) a visita do coordenador da implantac\u00e3o do projeto da fazenda escola, Nelson Minussi.<\/p>\n<p>De acordo com o coordenador, a fazenda escola modelo vai desenvolver t\u00e9cnicas agr\u00edcolas dentro do Centro Estadual de Educa\u00e7\u00e3o Profissional (CEEP) \u00c1guas, numa \u00e1rea de 150 hectares de \u00e1rea irrigada. &#8220;Est\u00e1 prevista a implanta\u00e7\u00e3o de um complexo de agroind\u00fastrias, projetos de irriga\u00e7\u00e3o de frutas e gr\u00e3os, al\u00e9m de pecu\u00e1ria. O objetivo \u00e9 que a escola seja um referencial na forma\u00e7\u00e3o e capacita\u00e7\u00e3o agrot\u00e9cnica onde os alunos ter\u00e3o a oportunidade de desenvolver, na pr\u00e1tica, diferentes atividades agr\u00edcolas, de pecu\u00e1ria e agroindustriais&#8221;, ressaltou.<\/p>\n<p>Nelson Minussi, que tamb\u00e9m \u00e9 presidente da Cooperativa Agropecu\u00e1ria da Barra (Coopab), enfatizou ainda que a Agrovale foi escolhida por ser refer\u00eancia internacional na produtividade de cana-de-a\u00e7\u00facar em \u00e1rea irrigada e considerada a maior empresa produtora de a\u00e7\u00facar, etanol e bioeletricidade da Bahia. Durante a reuni\u00e3o ficou acertada uma visita t\u00e9cnica da equipe agr\u00edcola e administrativa da Agrovale \u00e0 fazenda escola, em Barra, no pr\u00f3ximo dia 17 de novembro.<\/p>\n<p>O projeto do Polo Agroindustrial e Bioenerg\u00e9tico foi apresentado \u00e0 regi\u00e3o no \u00faltimo m\u00eas de agosto, quando o vice \u2013 governador e secret\u00e1rio de Desenvolvimento Econ\u00f4mico da Bahia, Jo\u00e3o Le\u00e3o, visitou Juazeiro com uma grande comitiva.<\/p>\n<p>Na oportunidade, foram anunciadas, al\u00e9m da fazenda escola, a implanta\u00e7\u00e3o de 10 usinas de etanol e a\u00e7\u00facar e outros empreendimentos agroindustriais nos munic\u00edpios de Barra, Muqu\u00e9m<\/p>\n<p>do S\u00e3o Francisco, Morpar\u00e1 e Xique \u2013 Xique em um \u00e1rea de aproximadamente 200 mil hectares. A primeira usina est\u00e1 sendo implantada no munic\u00edpio de Muqu\u00e9m do S\u00e3o Francisco pelo Grupo S\u00e9rgio Paranhos, com investimento de R$ 107 milh\u00f5es, potencial de gera\u00e7\u00e3o de 2 mil empregos diretos e in\u00edcio da opera\u00e7\u00e3o prevista para o primeiro semestre de 2021.<\/p>\n<p>A implanta\u00e7\u00e3o destes projetos, segundo Jo\u00e3o Le\u00e3o, ser\u00e1 determinante para o desenvolvimento da regi\u00e3o, com gera\u00e7\u00e3o de mais de 40 mil empregos diretos e indiretos, crescimento do \u00cdndice de Desenvolvimento Humano (IDH) e est\u00edmulo da atividade econ\u00f4mica, que vai efetivamente transformar a realidade econ\u00f4mica e social do M\u00e9dio S\u00e3o Francisco.<\/p>\n","protected":false},"excerpt":{"rendered":"<p>A Agrovale firmou uma parceria de responsabilidade social com o Governo do Estado da Bahia para implantar o projeto de Gotejamento Subsuperficial de Cana-de-A\u00e7\u00facar numa \u00e1rea de 10 hectares na Fazenda Escola Modelo CEEP \u00c1guas, que vai funcionar no munic\u00edpio de Barra, oeste baiano. Para dar suporte e potencializar o Polo Agroindustrial e Bioenerg\u00e9tico do M\u00e9dio S\u00e3o Francisco, desenvolvido pela Secretaria do Desenvolvimento Econ\u00f4mico (SDE) em parceria com a Secretaria Estadual de Educa\u00e7\u00e3o (SCE), a empresa sucroalcooleira, que fica em Juazeiro, no norte baiano, recebeu nesta sexta-feira (9) a visita do coordenador da implantac\u00e3o do projeto da fazenda escola, Nelson Minussi. De acordo com o coordenador, a fazenda escola modelo vai desenvolver t\u00e9cnicas agr\u00edcolas dentro do Centro Estadual de Educa\u00e7\u00e3o&hellip; <\/p>\n","protected":false},"author":1,"featured_media":269426,"comment_status":"closed","ping_status":"closed","sticky":false,"template":"","format":"standard","meta":{"_acf_changed":false,"footnotes":""},"categories":[22,6],"tags":[],"class_list":["post-269425","post","type-post","status-publish","format-standard","has-post-thumbnail","hentry","category-acao-social","category-educacao"],"acf":[],"yoast_head":"<!-- This site is optimized with the Yoast SEO plugin v27.4 - https:\/\/yoast.com\/product\/yoast-seo-wordpress\/ -->\n<title>Agrovale vai repassar tecnologia e implantar gotejamento em escola t\u00e9cnica do munic\u00edpio de Barra - BA - Blog do Farn\u00e9sio<\/title>\n<meta name=\"robots\" content=\"index, follow, max-snippet:-1, max-image-preview:large, max-video-preview:-1\" \/>\n<link rel=\"canonical\" href=\"https:\/\/blogdofarnesio.com.br\/?p=269425\" \/>\n<meta property=\"og:locale\" content=\"pt_BR\" \/>\n<meta property=\"og:type\" content=\"article\" \/>\n<meta property=\"og:title\" content=\"Agrovale vai repassar tecnologia e implantar gotejamento em escola t\u00e9cnica do munic\u00edpio de Barra - BA - Blog do Farn\u00e9sio\" \/>\n<meta property=\"og:description\" content=\"A Agrovale firmou uma parceria de responsabilidade social com o Governo do Estado da Bahia para implantar o projeto de Gotejamento Subsuperficial de Cana-de-A\u00e7\u00facar numa \u00e1rea de 10 hectares na Fazenda Escola Modelo CEEP \u00c1guas, que vai funcionar no munic\u00edpio de Barra, oeste baiano. Para dar suporte e potencializar o Polo Agroindustrial e Bioenerg\u00e9tico do M\u00e9dio S\u00e3o Francisco, desenvolvido pela Secretaria do Desenvolvimento Econ\u00f4mico (SDE) em parceria com a Secretaria Estadual de Educa\u00e7\u00e3o (SCE), a empresa sucroalcooleira, que fica em Juazeiro, no norte baiano, recebeu nesta sexta-feira (9) a visita do coordenador da implantac\u00e3o do projeto da fazenda escola, Nelson Minussi. De acordo com o coordenador, a fazenda escola modelo vai desenvolver t\u00e9cnicas agr\u00edcolas dentro do Centro Estadual de Educa\u00e7\u00e3o&hellip;\" \/>\n<meta property=\"og:url\" content=\"https:\/\/blogdofarnesio.com.br\/?p=269425\" \/>\n<meta property=\"og:site_name\" content=\"Blog do Farn\u00e9sio\" \/>\n<meta property=\"article:publisher\" content=\"https:\/\/www.facebook.com\/BlogQuerSaberPolitica\/\" \/>\n<meta property=\"article:published_time\" content=\"2020-10-12T14:00:01+00:00\" \/>\n<meta property=\"og:image\" content=\"https:\/\/blogdofarnesio.com.br\/wp-content\/uploads\/2020\/10\/IMG_8417-scaled-e1602453841807.jpg\" \/>\n\t<meta property=\"og:image:width\" content=\"560\" \/>\n\t<meta property=\"og:image:height\" content=\"373\" \/>\n\t<meta property=\"og:image:type\" content=\"image\/jpeg\" \/>\n<meta name=\"author\" content=\"Farn\u00e9sio\" \/>\n<meta name=\"twitter:card\" content=\"summary_large_image\" \/>\n<meta name=\"twitter:label1\" content=\"Escrito por\" \/>\n\t<meta name=\"twitter:data1\" content=\"Farn\u00e9sio\" \/>\n\t<meta name=\"twitter:label2\" content=\"Est. tempo de leitura\" \/>\n\t<meta name=\"twitter:data2\" content=\"2 minutos\" \/>\n<script type=\"application\/ld+json\" class=\"yoast-schema-graph\">{\"@context\":\"https:\\\/\\\/schema.org\",\"@graph\":[{\"@type\":\"Article\",\"@id\":\"https:\\\/\\\/blogdofarnesio.com.br\\\/?p=269425#article\",\"isPartOf\":{\"@id\":\"https:\\\/\\\/blogdofarnesio.com.br\\\/?p=269425\"},\"author\":{\"name\":\"Farn\u00e9sio\",\"@id\":\"https:\\\/\\\/blogdofarnesio.com.br\\\/#\\\/schema\\\/person\\\/301c4acf522bccbfdb45af95b5b906a1\"},\"headline\":\"Agrovale vai repassar tecnologia e implantar gotejamento em escola t\u00e9cnica do munic\u00edpio de Barra &#8211; BA\",\"datePublished\":\"2020-10-12T14:00:01+00:00\",\"mainEntityOfPage\":{\"@id\":\"https:\\\/\\\/blogdofarnesio.com.br\\\/?p=269425\"},\"wordCount\":487,\"publisher\":{\"@id\":\"https:\\\/\\\/blogdofarnesio.com.br\\\/#organization\"},\"image\":{\"@id\":\"https:\\\/\\\/blogdofarnesio.com.br\\\/?p=269425#primaryimage\"},\"thumbnailUrl\":\"https:\\\/\\\/blogdofarnesio.com.br\\\/wp-content\\\/uploads\\\/2020\\\/10\\\/IMG_8417-scaled-e1602453841807.jpg\",\"articleSection\":[\"A\u00e7\u00e3o Social\",\"Educa\u00e7\u00e3o\"],\"inLanguage\":\"pt-BR\"},{\"@type\":\"WebPage\",\"@id\":\"https:\\\/\\\/blogdofarnesio.com.br\\\/?p=269425\",\"url\":\"https:\\\/\\\/blogdofarnesio.com.br\\\/?p=269425\",\"name\":\"Agrovale vai repassar tecnologia e implantar gotejamento em escola t\u00e9cnica do munic\u00edpio de Barra - BA - Blog do Farn\u00e9sio\",\"isPartOf\":{\"@id\":\"https:\\\/\\\/blogdofarnesio.com.br\\\/#website\"},\"primaryImageOfPage\":{\"@id\":\"https:\\\/\\\/blogdofarnesio.com.br\\\/?p=269425#primaryimage\"},\"image\":{\"@id\":\"https:\\\/\\\/blogdofarnesio.com.br\\\/?p=269425#primaryimage\"},\"thumbnailUrl\":\"https:\\\/\\\/blogdofarnesio.com.br\\\/wp-content\\\/uploads\\\/2020\\\/10\\\/IMG_8417-scaled-e1602453841807.jpg\",\"datePublished\":\"2020-10-12T14:00:01+00:00\",\"breadcrumb\":{\"@id\":\"https:\\\/\\\/blogdofarnesio.com.br\\\/?p=269425#breadcrumb\"},\"inLanguage\":\"pt-BR\",\"potentialAction\":[{\"@type\":\"ReadAction\",\"target\":[\"https:\\\/\\\/blogdofarnesio.com.br\\\/?p=269425\"]}]},{\"@type\":\"ImageObject\",\"inLanguage\":\"pt-BR\",\"@id\":\"https:\\\/\\\/blogdofarnesio.com.br\\\/?p=269425#primaryimage\",\"url\":\"https:\\\/\\\/blogdofarnesio.com.br\\\/wp-content\\\/uploads\\\/2020\\\/10\\\/IMG_8417-scaled-e1602453841807.jpg\",\"contentUrl\":\"https:\\\/\\\/blogdofarnesio.com.br\\\/wp-content\\\/uploads\\\/2020\\\/10\\\/IMG_8417-scaled-e1602453841807.jpg\",\"width\":560,\"height\":373},{\"@type\":\"BreadcrumbList\",\"@id\":\"https:\\\/\\\/blogdofarnesio.com.br\\\/?p=269425#breadcrumb\",\"itemListElement\":[{\"@type\":\"ListItem\",\"position\":1,\"name\":\"In\u00edcio\",\"item\":\"https:\\\/\\\/blogdofarnesio.com.br\\\/\"},{\"@type\":\"ListItem\",\"position\":2,\"name\":\"Agrovale vai repassar tecnologia e implantar gotejamento em escola t\u00e9cnica do munic\u00edpio de Barra &#8211; BA\"}]},{\"@type\":\"WebSite\",\"@id\":\"https:\\\/\\\/blogdofarnesio.com.br\\\/#website\",\"url\":\"https:\\\/\\\/blogdofarnesio.com.br\\\/\",\"name\":\"Blog do Farn\u00e9sio\",\"description\":\"Quer Saber Pol\u00edtica?\",\"publisher\":{\"@id\":\"https:\\\/\\\/blogdofarnesio.com.br\\\/#organization\"},\"potentialAction\":[{\"@type\":\"SearchAction\",\"target\":{\"@type\":\"EntryPoint\",\"urlTemplate\":\"https:\\\/\\\/blogdofarnesio.com.br\\\/?s={search_term_string}\"},\"query-input\":{\"@type\":\"PropertyValueSpecification\",\"valueRequired\":true,\"valueName\":\"search_term_string\"}}],\"inLanguage\":\"pt-BR\"},{\"@type\":\"Organization\",\"@id\":\"https:\\\/\\\/blogdofarnesio.com.br\\\/#organization\",\"name\":\"Blog do Farn\u00e9sio\",\"url\":\"https:\\\/\\\/blogdofarnesio.com.br\\\/\",\"logo\":{\"@type\":\"ImageObject\",\"inLanguage\":\"pt-BR\",\"@id\":\"https:\\\/\\\/blogdofarnesio.com.br\\\/#\\\/schema\\\/logo\\\/image\\\/\",\"url\":\"https:\\\/\\\/blogdofarnesio.com.br\\\/wp-content\\\/uploads\\\/2026\\\/03\\\/cropped-logo_new-1.png\",\"contentUrl\":\"https:\\\/\\\/blogdofarnesio.com.br\\\/wp-content\\\/uploads\\\/2026\\\/03\\\/cropped-logo_new-1.png\",\"width\":881,\"height\":685,\"caption\":\"Blog do Farn\u00e9sio\"},\"image\":{\"@id\":\"https:\\\/\\\/blogdofarnesio.com.br\\\/#\\\/schema\\\/logo\\\/image\\\/\"},\"sameAs\":[\"https:\\\/\\\/www.facebook.com\\\/BlogQuerSaberPolitica\\\/\"]},{\"@type\":\"Person\",\"@id\":\"https:\\\/\\\/blogdofarnesio.com.br\\\/#\\\/schema\\\/person\\\/301c4acf522bccbfdb45af95b5b906a1\",\"name\":\"Farn\u00e9sio\",\"image\":{\"@type\":\"ImageObject\",\"inLanguage\":\"pt-BR\",\"@id\":\"https:\\\/\\\/secure.gravatar.com\\\/avatar\\\/df0c9a14567c056f8ad6876ba5bbd1e3e2c48023eb6807342fc4663adf549f38?s=96&d=mm&r=g\",\"url\":\"https:\\\/\\\/secure.gravatar.com\\\/avatar\\\/df0c9a14567c056f8ad6876ba5bbd1e3e2c48023eb6807342fc4663adf549f38?s=96&d=mm&r=g\",\"contentUrl\":\"https:\\\/\\\/secure.gravatar.com\\\/avatar\\\/df0c9a14567c056f8ad6876ba5bbd1e3e2c48023eb6807342fc4663adf549f38?s=96&d=mm&r=g\",\"caption\":\"Farn\u00e9sio\"},\"sameAs\":[\"https:\\\/\\\/quersaberpolitica.com.br\"],\"url\":\"https:\\\/\\\/blogdofarnesio.com.br\\\/?author=1\"}]}<\/script>\n<!-- \/ Yoast SEO plugin. -->","yoast_head_json":{"title":"Agrovale vai repassar tecnologia e implantar gotejamento em escola t\u00e9cnica do munic\u00edpio de Barra - BA - Blog do Farn\u00e9sio","robots":{"index":"index","follow":"follow","max-snippet":"max-snippet:-1","max-image-preview":"max-image-preview:large","max-video-preview":"max-video-preview:-1"},"canonical":"https:\/\/blogdofarnesio.com.br\/?p=269425","og_locale":"pt_BR","og_type":"article","og_title":"Agrovale vai repassar tecnologia e implantar gotejamento em escola t\u00e9cnica do munic\u00edpio de Barra - BA - Blog do Farn\u00e9sio","og_description":"A Agrovale firmou uma parceria de responsabilidade social com o Governo do Estado da Bahia para implantar o projeto de Gotejamento Subsuperficial de Cana-de-A\u00e7\u00facar numa \u00e1rea de 10 hectares na Fazenda Escola Modelo CEEP \u00c1guas, que vai funcionar no munic\u00edpio de Barra, oeste baiano. Para dar suporte e potencializar o Polo Agroindustrial e Bioenerg\u00e9tico do M\u00e9dio S\u00e3o Francisco, desenvolvido pela Secretaria do Desenvolvimento Econ\u00f4mico (SDE) em parceria com a Secretaria Estadual de Educa\u00e7\u00e3o (SCE), a empresa sucroalcooleira, que fica em Juazeiro, no norte baiano, recebeu nesta sexta-feira (9) a visita do coordenador da implantac\u00e3o do projeto da fazenda escola, Nelson Minussi. De acordo com o coordenador, a fazenda escola modelo vai desenvolver t\u00e9cnicas agr\u00edcolas dentro do Centro Estadual de Educa\u00e7\u00e3o&hellip;","og_url":"https:\/\/blogdofarnesio.com.br\/?p=269425","og_site_name":"Blog do Farn\u00e9sio","article_publisher":"https:\/\/www.facebook.com\/BlogQuerSaberPolitica\/","article_published_time":"2020-10-12T14:00:01+00:00","og_image":[{"width":560,"height":373,"url":"https:\/\/blogdofarnesio.com.br\/wp-content\/uploads\/2020\/10\/IMG_8417-scaled-e1602453841807.jpg","type":"image\/jpeg"}],"author":"Farn\u00e9sio","twitter_card":"summary_large_image","twitter_misc":{"Escrito por":"Farn\u00e9sio","Est. tempo de leitura":"2 minutos"},"schema":{"@context":"https:\/\/schema.org","@graph":[{"@type":"Article","@id":"https:\/\/blogdofarnesio.com.br\/?p=269425#article","isPartOf":{"@id":"https:\/\/blogdofarnesio.com.br\/?p=269425"},"author":{"name":"Farn\u00e9sio","@id":"https:\/\/blogdofarnesio.com.br\/#\/schema\/person\/301c4acf522bccbfdb45af95b5b906a1"},"headline":"Agrovale vai repassar tecnologia e implantar gotejamento em escola t\u00e9cnica do munic\u00edpio de Barra &#8211; BA","datePublished":"2020-10-12T14:00:01+00:00","mainEntityOfPage":{"@id":"https:\/\/blogdofarnesio.com.br\/?p=269425"},"wordCount":487,"publisher":{"@id":"https:\/\/blogdofarnesio.com.br\/#organization"},"image":{"@id":"https:\/\/blogdofarnesio.com.br\/?p=269425#primaryimage"},"thumbnailUrl":"https:\/\/blogdofarnesio.com.br\/wp-content\/uploads\/2020\/10\/IMG_8417-scaled-e1602453841807.jpg","articleSection":["A\u00e7\u00e3o Social","Educa\u00e7\u00e3o"],"inLanguage":"pt-BR"},{"@type":"WebPage","@id":"https:\/\/blogdofarnesio.com.br\/?p=269425","url":"https:\/\/blogdofarnesio.com.br\/?p=269425","name":"Agrovale vai repassar tecnologia e implantar gotejamento em escola t\u00e9cnica do munic\u00edpio de Barra - BA - Blog do Farn\u00e9sio","isPartOf":{"@id":"https:\/\/blogdofarnesio.com.br\/#website"},"primaryImageOfPage":{"@id":"https:\/\/blogdofarnesio.com.br\/?p=269425#primaryimage"},"image":{"@id":"https:\/\/blogdofarnesio.com.br\/?p=269425#primaryimage"},"thumbnailUrl":"https:\/\/blogdofarnesio.com.br\/wp-content\/uploads\/2020\/10\/IMG_8417-scaled-e1602453841807.jpg","datePublished":"2020-10-12T14:00:01+00:00","breadcrumb":{"@id":"https:\/\/blogdofarnesio.com.br\/?p=269425#breadcrumb"},"inLanguage":"pt-BR","potentialAction":[{"@type":"ReadAction","target":["https:\/\/blogdofarnesio.com.br\/?p=269425"]}]},{"@type":"ImageObject","inLanguage":"pt-BR","@id":"https:\/\/blogdofarnesio.com.br\/?p=269425#primaryimage","url":"https:\/\/blogdofarnesio.com.br\/wp-content\/uploads\/2020\/10\/IMG_8417-scaled-e1602453841807.jpg","contentUrl":"https:\/\/blogdofarnesio.com.br\/wp-content\/uploads\/2020\/10\/IMG_8417-scaled-e1602453841807.jpg","width":560,"height":373},{"@type":"BreadcrumbList","@id":"https:\/\/blogdofarnesio.com.br\/?p=269425#breadcrumb","itemListElement":[{"@type":"ListItem","position":1,"name":"In\u00edcio","item":"https:\/\/blogdofarnesio.com.br\/"},{"@type":"ListItem","position":2,"name":"Agrovale vai repassar tecnologia e implantar gotejamento em escola t\u00e9cnica do munic\u00edpio de Barra &#8211; BA"}]},{"@type":"WebSite","@id":"https:\/\/blogdofarnesio.com.br\/#website","url":"https:\/\/blogdofarnesio.com.br\/","name":"Blog do Farn\u00e9sio","description":"Quer Saber Pol\u00edtica?","publisher":{"@id":"https:\/\/blogdofarnesio.com.br\/#organization"},"potentialAction":[{"@type":"SearchAction","target":{"@type":"EntryPoint","urlTemplate":"https:\/\/blogdofarnesio.com.br\/?s={search_term_string}"},"query-input":{"@type":"PropertyValueSpecification","valueRequired":true,"valueName":"search_term_string"}}],"inLanguage":"pt-BR"},{"@type":"Organization","@id":"https:\/\/blogdofarnesio.com.br\/#organization","name":"Blog do Farn\u00e9sio","url":"https:\/\/blogdofarnesio.com.br\/","logo":{"@type":"ImageObject","inLanguage":"pt-BR","@id":"https:\/\/blogdofarnesio.com.br\/#\/schema\/logo\/image\/","url":"https:\/\/blogdofarnesio.com.br\/wp-content\/uploads\/2026\/03\/cropped-logo_new-1.png","contentUrl":"https:\/\/blogdofarnesio.com.br\/wp-content\/uploads\/2026\/03\/cropped-logo_new-1.png","width":881,"height":685,"caption":"Blog do Farn\u00e9sio"},"image":{"@id":"https:\/\/blogdofarnesio.com.br\/#\/schema\/logo\/image\/"},"sameAs":["https:\/\/www.facebook.com\/BlogQuerSaberPolitica\/"]},{"@type":"Person","@id":"https:\/\/blogdofarnesio.com.br\/#\/schema\/person\/301c4acf522bccbfdb45af95b5b906a1","name":"Farn\u00e9sio","image":{"@type":"ImageObject","inLanguage":"pt-BR","@id":"https:\/\/secure.gravatar.com\/avatar\/df0c9a14567c056f8ad6876ba5bbd1e3e2c48023eb6807342fc4663adf549f38?s=96&d=mm&r=g","url":"https:\/\/secure.gravatar.com\/avatar\/df0c9a14567c056f8ad6876ba5bbd1e3e2c48023eb6807342fc4663adf549f38?s=96&d=mm&r=g","contentUrl":"https:\/\/secure.gravatar.com\/avatar\/df0c9a14567c056f8ad6876ba5bbd1e3e2c48023eb6807342fc4663adf549f38?s=96&d=mm&r=g","caption":"Farn\u00e9sio"},"sameAs":["https:\/\/quersaberpolitica.com.br"],"url":"https:\/\/blogdofarnesio.com.br\/?author=1"}]}},"_links":{"self":[{"href":"https:\/\/blogdofarnesio.com.br\/index.php?rest_route=\/wp\/v2\/posts\/269425","targetHints":{"allow":["GET"]}}],"collection":[{"href":"https:\/\/blogdofarnesio.com.br\/index.php?rest_route=\/wp\/v2\/posts"}],"about":[{"href":"https:\/\/blogdofarnesio.com.br\/index.php?rest_route=\/wp\/v2\/types\/post"}],"author":[{"embeddable":true,"href":"https:\/\/blogdofarnesio.com.br\/index.php?rest_route=\/wp\/v2\/users\/1"}],"replies":[{"embeddable":true,"href":"https:\/\/blogdofarnesio.com.br\/index.php?rest_route=%2Fwp%2Fv2%2Fcomments&post=269425"}],"version-history":[{"count":0,"href":"https:\/\/blogdofarnesio.com.br\/index.php?rest_route=\/wp\/v2\/posts\/269425\/revisions"}],"wp:featuredmedia":[{"embeddable":true,"href":"https:\/\/blogdofarnesio.com.br\/index.php?rest_route=\/wp\/v2\/media\/269426"}],"wp:attachment":[{"href":"https:\/\/blogdofarnesio.com.br\/index.php?rest_route=%2Fwp%2Fv2%2Fmedia&parent=269425"}],"wp:term":[{"taxonomy":"category","embeddable":true,"href":"https:\/\/blogdofarnesio.com.br\/index.php?rest_route=%2Fwp%2Fv2%2Fcategories&post=269425"},{"taxonomy":"post_tag","embeddable":true,"href":"https:\/\/blogdofarnesio.com.br\/index.php?rest_route=%2Fwp%2Fv2%2Ftags&post=269425"}],"curies":[{"name":"wp","href":"https:\/\/api.w.org\/{rel}","templated":true}]}}