{"id":268913,"date":"2020-10-04T19:16:57","date_gmt":"2020-10-04T22:16:57","guid":{"rendered":"http:\/\/quersaberpolitica.com.br\/2016\/?p=268913"},"modified":"2020-10-04T19:16:57","modified_gmt":"2020-10-04T22:16:57","slug":"boletim-deste-domingo-04-com-apenas-01-caso-confirmado-para-covid-19-em-juazeiro-e-3-466-curas-clinicas","status":"publish","type":"post","link":"https:\/\/blogdofarnesio.com.br\/?p=268913","title":{"rendered":"boletim deste domingo (04) com apenas 01 caso confirmado para COVID-19 em Juazeiro e  3.466 curas cl\u00ednicas"},"content":{"rendered":"<div class=\"Ls\">\n<div class=\"As\">\n<div class=\"Cs\">Na divulga\u00e7\u00e3o do boletim deste domingo (04) a Secretaria Municipal da Sa\u00fade registra 01 novo caso confirmado da COVID-19 em Juazeiro, 3.466 pessoas recuperadas do novo coronav\u00edrus, consideradas como curas cl\u00ednicas.<\/div>\n<div><\/div>\n<div class=\"Cs\">O paciente positivado est\u00e1 em isolamento domiciliar, \u00e9 do sexo masculino e tem 37 anos. A coleta foi realizada atrav\u00e9s de exame laboratorial no Lacen de Salvador.<\/div>\n<\/div>\n<\/div>\n<div id=\"cv_\" class=\" Xg  \">\n<div class=\"Zg\">\n<div class=\"Rg\">\n<div class=\"Li\">\n<div class=\"yj\">\n<div class=\"Ph\" data-onclick=\"w\">\n<div id=\"cvcmsg_174f53ae7729310a\" class=\"yh\">\n<div id=\"cvcfullmsg_174f53ae7729310a\" class=\"Vh\">\n<div id=\"cvcmsgbod_174f53ae7729310a\" class=\"aj\">\n<div class=\"Ni\">\n<div class=\"ni pi \" dir=\"ltr\">\n<p>Com estes novos dados, agora s\u00e3o 4.512 pessoas que j\u00e1 contra\u00edram o novo coronav\u00edrus no munic\u00edpio. No total s\u00e3o 16.097 exames realizados com 11.585 resultados negativos, sendo considerados descartados. Dos casos confirmados, 2.442 s\u00e3o do sexo feminino e 2.070 do sexo masculino e, desses, 274 s\u00e3o profissionais de sa\u00fade. Em isolamento domiciliar est\u00e3o 937 pessoas e as interna\u00e7\u00f5es apontam queda. Nas \u00faltimas 24h Juazeiro zerou o n\u00famero de pacientes internados em leitos de UTI e agora s\u00e3o 06 pacientes em leitos intermedi\u00e1rios.<\/p>\n<p>Confira a lista completa dos casos internados:<a href=\"http:\/\/quersaberpolitica.com.br\/2016\/wp-content\/uploads\/2020\/10\/Leitos-Ocupados-04-10.pdf\">Leitos Ocupados 04 10<\/a><\/p>\n<\/div>\n<\/div>\n<\/div>\n<\/div>\n<\/div>\n<\/div>\n<\/div>\n<\/div>\n<\/div>\n<\/div>\n<\/div>\n","protected":false},"excerpt":{"rendered":"<p>Na divulga\u00e7\u00e3o do boletim deste domingo (04) a Secretaria Municipal da Sa\u00fade registra 01 novo caso confirmado da COVID-19 em Juazeiro, 3.466 pessoas recuperadas do novo coronav\u00edrus, consideradas como curas cl\u00ednicas. O paciente positivado est\u00e1 em isolamento domiciliar, \u00e9 do sexo masculino e tem 37 anos. A coleta foi realizada atrav\u00e9s de exame laboratorial no Lacen de Salvador. Com estes novos dados, agora s\u00e3o 4.512 pessoas que j\u00e1 contra\u00edram o novo coronav\u00edrus no munic\u00edpio. No total s\u00e3o 16.097 exames realizados com 11.585 resultados negativos, sendo considerados descartados. Dos casos confirmados, 2.442 s\u00e3o do sexo feminino e 2.070 do sexo masculino e, desses, 274 s\u00e3o profissionais de sa\u00fade. Em isolamento domiciliar est\u00e3o 937 pessoas e as interna\u00e7\u00f5es apontam queda. Nas \u00faltimas&hellip; <\/p>\n","protected":false},"author":1,"featured_media":268915,"comment_status":"closed","ping_status":"closed","sticky":false,"template":"","format":"standard","meta":{"_acf_changed":false,"footnotes":""},"categories":[4],"tags":[],"class_list":["post-268913","post","type-post","status-publish","format-standard","has-post-thumbnail","hentry","category-saude"],"acf":[],"yoast_head":"<!-- This site is optimized with the Yoast SEO plugin v27.4 - https:\/\/yoast.com\/product\/yoast-seo-wordpress\/ -->\n<title>boletim deste domingo (04) com apenas 01 caso confirmado para COVID-19 em Juazeiro e 3.466 curas cl\u00ednicas - Blog do Farn\u00e9sio<\/title>\n<meta name=\"robots\" content=\"index, follow, max-snippet:-1, max-image-preview:large, max-video-preview:-1\" \/>\n<link rel=\"canonical\" href=\"https:\/\/blogdofarnesio.com.br\/?p=268913\" \/>\n<meta property=\"og:locale\" content=\"pt_BR\" \/>\n<meta property=\"og:type\" content=\"article\" \/>\n<meta property=\"og:title\" content=\"boletim deste domingo (04) com apenas 01 caso confirmado para COVID-19 em Juazeiro e 3.466 curas cl\u00ednicas - Blog do Farn\u00e9sio\" \/>\n<meta property=\"og:description\" content=\"Na divulga\u00e7\u00e3o do boletim deste domingo (04) a Secretaria Municipal da Sa\u00fade registra 01 novo caso confirmado da COVID-19 em Juazeiro, 3.466 pessoas recuperadas do novo coronav\u00edrus, consideradas como curas cl\u00ednicas. O paciente positivado est\u00e1 em isolamento domiciliar, \u00e9 do sexo masculino e tem 37 anos. A coleta foi realizada atrav\u00e9s de exame laboratorial no Lacen de Salvador. Com estes novos dados, agora s\u00e3o 4.512 pessoas que j\u00e1 contra\u00edram o novo coronav\u00edrus no munic\u00edpio. No total s\u00e3o 16.097 exames realizados com 11.585 resultados negativos, sendo considerados descartados. Dos casos confirmados, 2.442 s\u00e3o do sexo feminino e 2.070 do sexo masculino e, desses, 274 s\u00e3o profissionais de sa\u00fade. Em isolamento domiciliar est\u00e3o 937 pessoas e as interna\u00e7\u00f5es apontam queda. Nas \u00faltimas&hellip;\" \/>\n<meta property=\"og:url\" content=\"https:\/\/blogdofarnesio.com.br\/?p=268913\" \/>\n<meta property=\"og:site_name\" content=\"Blog do Farn\u00e9sio\" \/>\n<meta property=\"article:publisher\" content=\"https:\/\/www.facebook.com\/BlogQuerSaberPolitica\/\" \/>\n<meta property=\"article:published_time\" content=\"2020-10-04T22:16:57+00:00\" \/>\n<meta property=\"og:image\" content=\"https:\/\/blogdofarnesio.com.br\/wp-content\/uploads\/2020\/10\/Atualizacao-de-dados-04-10.jpg\" \/>\n\t<meta property=\"og:image:width\" content=\"1024\" \/>\n\t<meta property=\"og:image:height\" content=\"1280\" \/>\n\t<meta property=\"og:image:type\" content=\"image\/jpeg\" \/>\n<meta name=\"author\" content=\"Farn\u00e9sio\" \/>\n<meta name=\"twitter:card\" content=\"summary_large_image\" \/>\n<meta name=\"twitter:label1\" content=\"Escrito por\" \/>\n\t<meta name=\"twitter:data1\" content=\"Farn\u00e9sio\" \/>\n\t<meta name=\"twitter:label2\" content=\"Est. tempo de leitura\" \/>\n\t<meta name=\"twitter:data2\" content=\"1 minuto\" \/>\n<script type=\"application\/ld+json\" class=\"yoast-schema-graph\">{\"@context\":\"https:\\\/\\\/schema.org\",\"@graph\":[{\"@type\":\"Article\",\"@id\":\"https:\\\/\\\/blogdofarnesio.com.br\\\/?p=268913#article\",\"isPartOf\":{\"@id\":\"https:\\\/\\\/blogdofarnesio.com.br\\\/?p=268913\"},\"author\":{\"name\":\"Farn\u00e9sio\",\"@id\":\"https:\\\/\\\/blogdofarnesio.com.br\\\/#\\\/schema\\\/person\\\/301c4acf522bccbfdb45af95b5b906a1\"},\"headline\":\"boletim deste domingo (04) com apenas 01 caso confirmado para COVID-19 em Juazeiro e 3.466 curas cl\u00ednicas\",\"datePublished\":\"2020-10-04T22:16:57+00:00\",\"mainEntityOfPage\":{\"@id\":\"https:\\\/\\\/blogdofarnesio.com.br\\\/?p=268913\"},\"wordCount\":169,\"publisher\":{\"@id\":\"https:\\\/\\\/blogdofarnesio.com.br\\\/#organization\"},\"image\":{\"@id\":\"https:\\\/\\\/blogdofarnesio.com.br\\\/?p=268913#primaryimage\"},\"thumbnailUrl\":\"https:\\\/\\\/blogdofarnesio.com.br\\\/wp-content\\\/uploads\\\/2020\\\/10\\\/Atualizacao-de-dados-04-10.jpg\",\"articleSection\":[\"Sa\u00fade\"],\"inLanguage\":\"pt-BR\"},{\"@type\":\"WebPage\",\"@id\":\"https:\\\/\\\/blogdofarnesio.com.br\\\/?p=268913\",\"url\":\"https:\\\/\\\/blogdofarnesio.com.br\\\/?p=268913\",\"name\":\"boletim deste domingo (04) com apenas 01 caso confirmado para COVID-19 em Juazeiro e 3.466 curas cl\u00ednicas - Blog do Farn\u00e9sio\",\"isPartOf\":{\"@id\":\"https:\\\/\\\/blogdofarnesio.com.br\\\/#website\"},\"primaryImageOfPage\":{\"@id\":\"https:\\\/\\\/blogdofarnesio.com.br\\\/?p=268913#primaryimage\"},\"image\":{\"@id\":\"https:\\\/\\\/blogdofarnesio.com.br\\\/?p=268913#primaryimage\"},\"thumbnailUrl\":\"https:\\\/\\\/blogdofarnesio.com.br\\\/wp-content\\\/uploads\\\/2020\\\/10\\\/Atualizacao-de-dados-04-10.jpg\",\"datePublished\":\"2020-10-04T22:16:57+00:00\",\"breadcrumb\":{\"@id\":\"https:\\\/\\\/blogdofarnesio.com.br\\\/?p=268913#breadcrumb\"},\"inLanguage\":\"pt-BR\",\"potentialAction\":[{\"@type\":\"ReadAction\",\"target\":[\"https:\\\/\\\/blogdofarnesio.com.br\\\/?p=268913\"]}]},{\"@type\":\"ImageObject\",\"inLanguage\":\"pt-BR\",\"@id\":\"https:\\\/\\\/blogdofarnesio.com.br\\\/?p=268913#primaryimage\",\"url\":\"https:\\\/\\\/blogdofarnesio.com.br\\\/wp-content\\\/uploads\\\/2020\\\/10\\\/Atualizacao-de-dados-04-10.jpg\",\"contentUrl\":\"https:\\\/\\\/blogdofarnesio.com.br\\\/wp-content\\\/uploads\\\/2020\\\/10\\\/Atualizacao-de-dados-04-10.jpg\",\"width\":1024,\"height\":1280},{\"@type\":\"BreadcrumbList\",\"@id\":\"https:\\\/\\\/blogdofarnesio.com.br\\\/?p=268913#breadcrumb\",\"itemListElement\":[{\"@type\":\"ListItem\",\"position\":1,\"name\":\"In\u00edcio\",\"item\":\"https:\\\/\\\/blogdofarnesio.com.br\\\/\"},{\"@type\":\"ListItem\",\"position\":2,\"name\":\"boletim deste domingo (04) com apenas 01 caso confirmado para COVID-19 em Juazeiro e 3.466 curas cl\u00ednicas\"}]},{\"@type\":\"WebSite\",\"@id\":\"https:\\\/\\\/blogdofarnesio.com.br\\\/#website\",\"url\":\"https:\\\/\\\/blogdofarnesio.com.br\\\/\",\"name\":\"Blog do Farn\u00e9sio\",\"description\":\"Quer Saber Pol\u00edtica?\",\"publisher\":{\"@id\":\"https:\\\/\\\/blogdofarnesio.com.br\\\/#organization\"},\"potentialAction\":[{\"@type\":\"SearchAction\",\"target\":{\"@type\":\"EntryPoint\",\"urlTemplate\":\"https:\\\/\\\/blogdofarnesio.com.br\\\/?s={search_term_string}\"},\"query-input\":{\"@type\":\"PropertyValueSpecification\",\"valueRequired\":true,\"valueName\":\"search_term_string\"}}],\"inLanguage\":\"pt-BR\"},{\"@type\":\"Organization\",\"@id\":\"https:\\\/\\\/blogdofarnesio.com.br\\\/#organization\",\"name\":\"Blog do Farn\u00e9sio\",\"url\":\"https:\\\/\\\/blogdofarnesio.com.br\\\/\",\"logo\":{\"@type\":\"ImageObject\",\"inLanguage\":\"pt-BR\",\"@id\":\"https:\\\/\\\/blogdofarnesio.com.br\\\/#\\\/schema\\\/logo\\\/image\\\/\",\"url\":\"https:\\\/\\\/blogdofarnesio.com.br\\\/wp-content\\\/uploads\\\/2026\\\/03\\\/cropped-logo_new-1.png\",\"contentUrl\":\"https:\\\/\\\/blogdofarnesio.com.br\\\/wp-content\\\/uploads\\\/2026\\\/03\\\/cropped-logo_new-1.png\",\"width\":881,\"height\":685,\"caption\":\"Blog do Farn\u00e9sio\"},\"image\":{\"@id\":\"https:\\\/\\\/blogdofarnesio.com.br\\\/#\\\/schema\\\/logo\\\/image\\\/\"},\"sameAs\":[\"https:\\\/\\\/www.facebook.com\\\/BlogQuerSaberPolitica\\\/\"]},{\"@type\":\"Person\",\"@id\":\"https:\\\/\\\/blogdofarnesio.com.br\\\/#\\\/schema\\\/person\\\/301c4acf522bccbfdb45af95b5b906a1\",\"name\":\"Farn\u00e9sio\",\"image\":{\"@type\":\"ImageObject\",\"inLanguage\":\"pt-BR\",\"@id\":\"https:\\\/\\\/secure.gravatar.com\\\/avatar\\\/df0c9a14567c056f8ad6876ba5bbd1e3e2c48023eb6807342fc4663adf549f38?s=96&d=mm&r=g\",\"url\":\"https:\\\/\\\/secure.gravatar.com\\\/avatar\\\/df0c9a14567c056f8ad6876ba5bbd1e3e2c48023eb6807342fc4663adf549f38?s=96&d=mm&r=g\",\"contentUrl\":\"https:\\\/\\\/secure.gravatar.com\\\/avatar\\\/df0c9a14567c056f8ad6876ba5bbd1e3e2c48023eb6807342fc4663adf549f38?s=96&d=mm&r=g\",\"caption\":\"Farn\u00e9sio\"},\"sameAs\":[\"https:\\\/\\\/quersaberpolitica.com.br\"],\"url\":\"https:\\\/\\\/blogdofarnesio.com.br\\\/?author=1\"}]}<\/script>\n<!-- \/ Yoast SEO plugin. -->","yoast_head_json":{"title":"boletim deste domingo (04) com apenas 01 caso confirmado para COVID-19 em Juazeiro e 3.466 curas cl\u00ednicas - Blog do Farn\u00e9sio","robots":{"index":"index","follow":"follow","max-snippet":"max-snippet:-1","max-image-preview":"max-image-preview:large","max-video-preview":"max-video-preview:-1"},"canonical":"https:\/\/blogdofarnesio.com.br\/?p=268913","og_locale":"pt_BR","og_type":"article","og_title":"boletim deste domingo (04) com apenas 01 caso confirmado para COVID-19 em Juazeiro e 3.466 curas cl\u00ednicas - Blog do Farn\u00e9sio","og_description":"Na divulga\u00e7\u00e3o do boletim deste domingo (04) a Secretaria Municipal da Sa\u00fade registra 01 novo caso confirmado da COVID-19 em Juazeiro, 3.466 pessoas recuperadas do novo coronav\u00edrus, consideradas como curas cl\u00ednicas. O paciente positivado est\u00e1 em isolamento domiciliar, \u00e9 do sexo masculino e tem 37 anos. A coleta foi realizada atrav\u00e9s de exame laboratorial no Lacen de Salvador. Com estes novos dados, agora s\u00e3o 4.512 pessoas que j\u00e1 contra\u00edram o novo coronav\u00edrus no munic\u00edpio. No total s\u00e3o 16.097 exames realizados com 11.585 resultados negativos, sendo considerados descartados. Dos casos confirmados, 2.442 s\u00e3o do sexo feminino e 2.070 do sexo masculino e, desses, 274 s\u00e3o profissionais de sa\u00fade. Em isolamento domiciliar est\u00e3o 937 pessoas e as interna\u00e7\u00f5es apontam queda. Nas \u00faltimas&hellip;","og_url":"https:\/\/blogdofarnesio.com.br\/?p=268913","og_site_name":"Blog do Farn\u00e9sio","article_publisher":"https:\/\/www.facebook.com\/BlogQuerSaberPolitica\/","article_published_time":"2020-10-04T22:16:57+00:00","og_image":[{"width":1024,"height":1280,"url":"https:\/\/blogdofarnesio.com.br\/wp-content\/uploads\/2020\/10\/Atualizacao-de-dados-04-10.jpg","type":"image\/jpeg"}],"author":"Farn\u00e9sio","twitter_card":"summary_large_image","twitter_misc":{"Escrito por":"Farn\u00e9sio","Est. tempo de leitura":"1 minuto"},"schema":{"@context":"https:\/\/schema.org","@graph":[{"@type":"Article","@id":"https:\/\/blogdofarnesio.com.br\/?p=268913#article","isPartOf":{"@id":"https:\/\/blogdofarnesio.com.br\/?p=268913"},"author":{"name":"Farn\u00e9sio","@id":"https:\/\/blogdofarnesio.com.br\/#\/schema\/person\/301c4acf522bccbfdb45af95b5b906a1"},"headline":"boletim deste domingo (04) com apenas 01 caso confirmado para COVID-19 em Juazeiro e 3.466 curas cl\u00ednicas","datePublished":"2020-10-04T22:16:57+00:00","mainEntityOfPage":{"@id":"https:\/\/blogdofarnesio.com.br\/?p=268913"},"wordCount":169,"publisher":{"@id":"https:\/\/blogdofarnesio.com.br\/#organization"},"image":{"@id":"https:\/\/blogdofarnesio.com.br\/?p=268913#primaryimage"},"thumbnailUrl":"https:\/\/blogdofarnesio.com.br\/wp-content\/uploads\/2020\/10\/Atualizacao-de-dados-04-10.jpg","articleSection":["Sa\u00fade"],"inLanguage":"pt-BR"},{"@type":"WebPage","@id":"https:\/\/blogdofarnesio.com.br\/?p=268913","url":"https:\/\/blogdofarnesio.com.br\/?p=268913","name":"boletim deste domingo (04) com apenas 01 caso confirmado para COVID-19 em Juazeiro e 3.466 curas cl\u00ednicas - Blog do Farn\u00e9sio","isPartOf":{"@id":"https:\/\/blogdofarnesio.com.br\/#website"},"primaryImageOfPage":{"@id":"https:\/\/blogdofarnesio.com.br\/?p=268913#primaryimage"},"image":{"@id":"https:\/\/blogdofarnesio.com.br\/?p=268913#primaryimage"},"thumbnailUrl":"https:\/\/blogdofarnesio.com.br\/wp-content\/uploads\/2020\/10\/Atualizacao-de-dados-04-10.jpg","datePublished":"2020-10-04T22:16:57+00:00","breadcrumb":{"@id":"https:\/\/blogdofarnesio.com.br\/?p=268913#breadcrumb"},"inLanguage":"pt-BR","potentialAction":[{"@type":"ReadAction","target":["https:\/\/blogdofarnesio.com.br\/?p=268913"]}]},{"@type":"ImageObject","inLanguage":"pt-BR","@id":"https:\/\/blogdofarnesio.com.br\/?p=268913#primaryimage","url":"https:\/\/blogdofarnesio.com.br\/wp-content\/uploads\/2020\/10\/Atualizacao-de-dados-04-10.jpg","contentUrl":"https:\/\/blogdofarnesio.com.br\/wp-content\/uploads\/2020\/10\/Atualizacao-de-dados-04-10.jpg","width":1024,"height":1280},{"@type":"BreadcrumbList","@id":"https:\/\/blogdofarnesio.com.br\/?p=268913#breadcrumb","itemListElement":[{"@type":"ListItem","position":1,"name":"In\u00edcio","item":"https:\/\/blogdofarnesio.com.br\/"},{"@type":"ListItem","position":2,"name":"boletim deste domingo (04) com apenas 01 caso confirmado para COVID-19 em Juazeiro e 3.466 curas cl\u00ednicas"}]},{"@type":"WebSite","@id":"https:\/\/blogdofarnesio.com.br\/#website","url":"https:\/\/blogdofarnesio.com.br\/","name":"Blog do Farn\u00e9sio","description":"Quer Saber Pol\u00edtica?","publisher":{"@id":"https:\/\/blogdofarnesio.com.br\/#organization"},"potentialAction":[{"@type":"SearchAction","target":{"@type":"EntryPoint","urlTemplate":"https:\/\/blogdofarnesio.com.br\/?s={search_term_string}"},"query-input":{"@type":"PropertyValueSpecification","valueRequired":true,"valueName":"search_term_string"}}],"inLanguage":"pt-BR"},{"@type":"Organization","@id":"https:\/\/blogdofarnesio.com.br\/#organization","name":"Blog do Farn\u00e9sio","url":"https:\/\/blogdofarnesio.com.br\/","logo":{"@type":"ImageObject","inLanguage":"pt-BR","@id":"https:\/\/blogdofarnesio.com.br\/#\/schema\/logo\/image\/","url":"https:\/\/blogdofarnesio.com.br\/wp-content\/uploads\/2026\/03\/cropped-logo_new-1.png","contentUrl":"https:\/\/blogdofarnesio.com.br\/wp-content\/uploads\/2026\/03\/cropped-logo_new-1.png","width":881,"height":685,"caption":"Blog do Farn\u00e9sio"},"image":{"@id":"https:\/\/blogdofarnesio.com.br\/#\/schema\/logo\/image\/"},"sameAs":["https:\/\/www.facebook.com\/BlogQuerSaberPolitica\/"]},{"@type":"Person","@id":"https:\/\/blogdofarnesio.com.br\/#\/schema\/person\/301c4acf522bccbfdb45af95b5b906a1","name":"Farn\u00e9sio","image":{"@type":"ImageObject","inLanguage":"pt-BR","@id":"https:\/\/secure.gravatar.com\/avatar\/df0c9a14567c056f8ad6876ba5bbd1e3e2c48023eb6807342fc4663adf549f38?s=96&d=mm&r=g","url":"https:\/\/secure.gravatar.com\/avatar\/df0c9a14567c056f8ad6876ba5bbd1e3e2c48023eb6807342fc4663adf549f38?s=96&d=mm&r=g","contentUrl":"https:\/\/secure.gravatar.com\/avatar\/df0c9a14567c056f8ad6876ba5bbd1e3e2c48023eb6807342fc4663adf549f38?s=96&d=mm&r=g","caption":"Farn\u00e9sio"},"sameAs":["https:\/\/quersaberpolitica.com.br"],"url":"https:\/\/blogdofarnesio.com.br\/?author=1"}]}},"_links":{"self":[{"href":"https:\/\/blogdofarnesio.com.br\/index.php?rest_route=\/wp\/v2\/posts\/268913","targetHints":{"allow":["GET"]}}],"collection":[{"href":"https:\/\/blogdofarnesio.com.br\/index.php?rest_route=\/wp\/v2\/posts"}],"about":[{"href":"https:\/\/blogdofarnesio.com.br\/index.php?rest_route=\/wp\/v2\/types\/post"}],"author":[{"embeddable":true,"href":"https:\/\/blogdofarnesio.com.br\/index.php?rest_route=\/wp\/v2\/users\/1"}],"replies":[{"embeddable":true,"href":"https:\/\/blogdofarnesio.com.br\/index.php?rest_route=%2Fwp%2Fv2%2Fcomments&post=268913"}],"version-history":[{"count":0,"href":"https:\/\/blogdofarnesio.com.br\/index.php?rest_route=\/wp\/v2\/posts\/268913\/revisions"}],"wp:featuredmedia":[{"embeddable":true,"href":"https:\/\/blogdofarnesio.com.br\/index.php?rest_route=\/wp\/v2\/media\/268915"}],"wp:attachment":[{"href":"https:\/\/blogdofarnesio.com.br\/index.php?rest_route=%2Fwp%2Fv2%2Fmedia&parent=268913"}],"wp:term":[{"taxonomy":"category","embeddable":true,"href":"https:\/\/blogdofarnesio.com.br\/index.php?rest_route=%2Fwp%2Fv2%2Fcategories&post=268913"},{"taxonomy":"post_tag","embeddable":true,"href":"https:\/\/blogdofarnesio.com.br\/index.php?rest_route=%2Fwp%2Fv2%2Ftags&post=268913"}],"curies":[{"name":"wp","href":"https:\/\/api.w.org\/{rel}","templated":true}]}}